{"id":7387,"date":"2019-07-28T08:37:26","date_gmt":"2019-07-28T05:37:26","guid":{"rendered":"https:\/\/super-news.info\/es\/symfonisk-asi-son-los-nuevos-altavoces-inteligentes-de-ikea-que-combinan-tecnologia-y-diseno\/"},"modified":"2019-07-28T08:37:27","modified_gmt":"2019-07-28T05:37:27","slug":"symfonisk-asi-son-los-nuevos-altavoces-inteligentes-de-ikea-que-combinan-tecnologia-y-diseno","status":"publish","type":"post","link":"https:\/\/super-news.info\/es\/symfonisk-asi-son-los-nuevos-altavoces-inteligentes-de-ikea-que-combinan-tecnologia-y-diseno\/","title":{"rendered":"Symfonisk: as\u00ed son los nuevos altavoces inteligentes de IKEA que combinan tecnolog\u00eda y dise\u00f1o"},"content":{"rendered":"<p> [ad_1]<br \/>\n<\/p>\n<div id=\"textoNoticia\">\n<p class=\"excerpt-single\">Creados junto a la marca Sonos, IKEA lanzar\u00e1 dos altavoces, una l\u00e1mpara y un sujetalibros, por un precio de 100 y 180 euros respectivamente. <\/p>\n<p>La marca sueca de muebles <strong>IKEA<\/strong> no quiere quedarse al margen de la nueva gran tecnolog\u00eda, la voz. Por ello, ha apostado por la creaci\u00f3n de un altavoz inteligente en colaboraci\u00f3n con la compa\u00f1\u00eda Sonos.<\/p>\n<p>El resultado es <strong>Symfonisk<\/strong>, una gama de altavoces que combinan lo mejor de la tecnolog\u00eda y el dise\u00f1o en productos que aportan utilidad y est\u00e9tica a los hogares de los consumidores.<img loading=\"lazy\" decoding=\"async\" class=\"aligncenter wp-image-500540\" src=\"https:\/\/super-news.info\/es\/wp-content\/uploads\/sites\/4\/2019\/07\/1564292246_554_Symfonisk-asi-son-los-nuevos-altavoces-inteligentes-de-IKEA-que.jpg\" alt=\"\" width=\"626\" height=\"413\"\/><\/p>\n<p>Los dos dispositivos estar\u00e1n disponibles en las pr\u00f3ximas semanas y tendr\u00e1n<strong> un precio de 100 y 180 euros.<\/strong> Uno de ellos se presenta como una l\u00e1mpara de mesa cuyo pie es el altavoz mientras en su parte superior tiene una mampara y, el otro, es un <strong>sujetalibros.<img loading=\"lazy\" decoding=\"async\" class=\"aligncenter wp-image-500541\" src=\"https:\/\/super-news.info\/es\/wp-content\/uploads\/sites\/4\/2019\/07\/1564292246_930_Symfonisk-asi-son-los-nuevos-altavoces-inteligentes-de-IKEA-que.jpg\" alt=\"\" width=\"626\" height=\"413\"\/><\/strong><\/p>\n<p>Aunque ambos productos tienen una <strong>calidad algo inferior<\/strong> a la habitual en los que comercializa Sonos, lo cierto es que han sido creados para satisfacer las necesidades de los clientes de IKEA un publico que no acude a la marca en busca de productos tecnol\u00f3gicos espec\u00edficos pero que no le hace ascos a los tan de moda altavoces inteligentes.<\/p>\n<p class=\"link-telegram\">\n\t\t\t\t\t\t\t\t\t\t\tNo te pierdas nada de MarketingDirecto.com y \u00fanete a nuestro Telegram t.me\/MarketingDirecto\n\t\t\t\t\t\t\t\t\t\t<\/p>\n<\/p><\/div>\n<p><script>(function(d, s, id) {\n  var js, fjs = d.getElementsByTagName(s)[0];\n  if (d.getElementById(id)) return;\n  js = d.createElement(s); js.id = id;\n  js.src = \"http:\/\/connect.facebook.net\/es_LA\/sdk.js#xfbml=1&appId=408746052611679&version=v2.3\";\n  fjs.parentNode.insertBefore(js, fjs);\n}(document, 'script', 'facebook-jssdk'));<\/script><br \/>\n<br \/>[ad_2]<br \/>\n<br \/><a href=\"https:\/\/www.marketingdirecto.com\/anunciantes-general\/anunciantes\/symfonisk-asi-son-los-nuevos-altavoces-inteligentes-de-ikea-que-combinan-tecnologia-y-diseno\">Source link <\/a><\/p>\n","protected":false},"excerpt":{"rendered":"<p>[ad_1] Creados junto a la marca Sonos, IKEA lanzar\u00e1 dos altavoces, una l\u00e1mpara y un sujetalibros, por un precio de 100 y 180 euros respectivamente. La marca sueca de muebles IKEA no quiere quedarse al margen de la nueva gran tecnolog\u00eda, la voz. Por ello, ha apostado por la creaci\u00f3n de un altavoz inteligente en [&hellip;]<\/p>\n","protected":false},"author":2,"featured_media":7388,"comment_status":"open","ping_status":"open","sticky":false,"template":"","format":"standard","meta":{"footnotes":""},"categories":[2],"tags":[],"class_list":["post-7387","post","type-post","status-publish","format-standard","has-post-thumbnail","hentry","category-noticias-de-marketing-digital"],"yoast_head":"<!-- This site is optimized with the Yoast SEO plugin v27.4 - https:\/\/yoast.com\/product\/yoast-seo-wordpress\/ -->\n<title>Symfonisk: as\u00ed son los nuevos altavoces inteligentes de IKEA que combinan tecnolog\u00eda y dise\u00f1o - Super News<\/title>\n<meta name=\"robots\" content=\"index, follow, max-snippet:-1, max-image-preview:large, max-video-preview:-1\" \/>\n<link rel=\"canonical\" href=\"https:\/\/super-news.info\/es\/symfonisk-asi-son-los-nuevos-altavoces-inteligentes-de-ikea-que-combinan-tecnologia-y-diseno\/\" \/>\n<meta property=\"og:locale\" content=\"en_US\" \/>\n<meta property=\"og:type\" content=\"article\" \/>\n<meta property=\"og:title\" content=\"Symfonisk: as\u00ed son los nuevos altavoces inteligentes de IKEA que combinan tecnolog\u00eda y dise\u00f1o - Super News\" \/>\n<meta property=\"og:description\" content=\"[ad_1] Creados junto a la marca Sonos, IKEA lanzar\u00e1 dos altavoces, una l\u00e1mpara y un sujetalibros, por un precio de 100 y 180 euros respectivamente. La marca sueca de muebles IKEA no quiere quedarse al margen de la nueva gran tecnolog\u00eda, la voz. Por ello, ha apostado por la creaci\u00f3n de un altavoz inteligente en [&hellip;]\" \/>\n<meta property=\"og:url\" content=\"https:\/\/super-news.info\/es\/symfonisk-asi-son-los-nuevos-altavoces-inteligentes-de-ikea-que-combinan-tecnologia-y-diseno\/\" \/>\n<meta property=\"og:site_name\" content=\"Super News\" \/>\n<meta property=\"article:published_time\" content=\"2019-07-28T05:37:26+00:00\" \/>\n<meta property=\"article:modified_time\" content=\"2019-07-28T05:37:27+00:00\" \/>\n<meta property=\"og:image\" content=\"https:\/\/super-news.info\/es\/wp-content\/uploads\/sites\/4\/2019\/07\/Symfonisk-as\u00ed-son-los-nuevos-altavoces-inteligentes-de-IKEA-que.jpg\" \/>\n\t<meta property=\"og:image:width\" content=\"626\" \/>\n\t<meta property=\"og:image:height\" content=\"364\" \/>\n\t<meta property=\"og:image:type\" content=\"image\/jpeg\" \/>\n<meta name=\"author\" content=\"super-news\" \/>\n<meta name=\"twitter:card\" content=\"summary_large_image\" \/>\n<meta name=\"twitter:label1\" content=\"Written by\" \/>\n\t<meta name=\"twitter:data1\" content=\"super-news\" \/>\n\t<meta name=\"twitter:label2\" content=\"Est. reading time\" \/>\n\t<meta name=\"twitter:data2\" content=\"1 minute\" \/>\n<script type=\"application\/ld+json\" class=\"yoast-schema-graph\">{\"@context\":\"https:\\\/\\\/schema.org\",\"@graph\":[{\"@type\":\"Article\",\"@id\":\"https:\\\/\\\/super-news.info\\\/es\\\/symfonisk-asi-son-los-nuevos-altavoces-inteligentes-de-ikea-que-combinan-tecnologia-y-diseno\\\/#article\",\"isPartOf\":{\"@id\":\"https:\\\/\\\/super-news.info\\\/es\\\/symfonisk-asi-son-los-nuevos-altavoces-inteligentes-de-ikea-que-combinan-tecnologia-y-diseno\\\/\"},\"author\":{\"name\":\"super-news\",\"@id\":\"https:\\\/\\\/super-news.info\\\/es\\\/#\\\/schema\\\/person\\\/2d4068cb2f39cd10008c2fce578a7356\"},\"headline\":\"Symfonisk: as\u00ed son los nuevos altavoces inteligentes de IKEA que combinan tecnolog\u00eda y dise\u00f1o\",\"datePublished\":\"2019-07-28T05:37:26+00:00\",\"dateModified\":\"2019-07-28T05:37:27+00:00\",\"mainEntityOfPage\":{\"@id\":\"https:\\\/\\\/super-news.info\\\/es\\\/symfonisk-asi-son-los-nuevos-altavoces-inteligentes-de-ikea-que-combinan-tecnologia-y-diseno\\\/\"},\"wordCount\":241,\"commentCount\":0,\"image\":{\"@id\":\"https:\\\/\\\/super-news.info\\\/es\\\/symfonisk-asi-son-los-nuevos-altavoces-inteligentes-de-ikea-que-combinan-tecnologia-y-diseno\\\/#primaryimage\"},\"thumbnailUrl\":\"https:\\\/\\\/super-news.info\\\/es\\\/wp-content\\\/uploads\\\/sites\\\/4\\\/2019\\\/07\\\/Symfonisk-as\u00ed-son-los-nuevos-altavoces-inteligentes-de-IKEA-que.jpg\",\"articleSection\":[\"NOTICIAS DE MARKETING DIGITAL\"],\"inLanguage\":\"en-US\",\"potentialAction\":[{\"@type\":\"CommentAction\",\"name\":\"Comment\",\"target\":[\"https:\\\/\\\/super-news.info\\\/es\\\/symfonisk-asi-son-los-nuevos-altavoces-inteligentes-de-ikea-que-combinan-tecnologia-y-diseno\\\/#respond\"]}]},{\"@type\":\"WebPage\",\"@id\":\"https:\\\/\\\/super-news.info\\\/es\\\/symfonisk-asi-son-los-nuevos-altavoces-inteligentes-de-ikea-que-combinan-tecnologia-y-diseno\\\/\",\"url\":\"https:\\\/\\\/super-news.info\\\/es\\\/symfonisk-asi-son-los-nuevos-altavoces-inteligentes-de-ikea-que-combinan-tecnologia-y-diseno\\\/\",\"name\":\"Symfonisk: as\u00ed son los nuevos altavoces inteligentes de IKEA que combinan tecnolog\u00eda y dise\u00f1o - Super News\",\"isPartOf\":{\"@id\":\"https:\\\/\\\/super-news.info\\\/es\\\/#website\"},\"primaryImageOfPage\":{\"@id\":\"https:\\\/\\\/super-news.info\\\/es\\\/symfonisk-asi-son-los-nuevos-altavoces-inteligentes-de-ikea-que-combinan-tecnologia-y-diseno\\\/#primaryimage\"},\"image\":{\"@id\":\"https:\\\/\\\/super-news.info\\\/es\\\/symfonisk-asi-son-los-nuevos-altavoces-inteligentes-de-ikea-que-combinan-tecnologia-y-diseno\\\/#primaryimage\"},\"thumbnailUrl\":\"https:\\\/\\\/super-news.info\\\/es\\\/wp-content\\\/uploads\\\/sites\\\/4\\\/2019\\\/07\\\/Symfonisk-as\u00ed-son-los-nuevos-altavoces-inteligentes-de-IKEA-que.jpg\",\"datePublished\":\"2019-07-28T05:37:26+00:00\",\"dateModified\":\"2019-07-28T05:37:27+00:00\",\"author\":{\"@id\":\"https:\\\/\\\/super-news.info\\\/es\\\/#\\\/schema\\\/person\\\/2d4068cb2f39cd10008c2fce578a7356\"},\"breadcrumb\":{\"@id\":\"https:\\\/\\\/super-news.info\\\/es\\\/symfonisk-asi-son-los-nuevos-altavoces-inteligentes-de-ikea-que-combinan-tecnologia-y-diseno\\\/#breadcrumb\"},\"inLanguage\":\"en-US\",\"potentialAction\":[{\"@type\":\"ReadAction\",\"target\":[\"https:\\\/\\\/super-news.info\\\/es\\\/symfonisk-asi-son-los-nuevos-altavoces-inteligentes-de-ikea-que-combinan-tecnologia-y-diseno\\\/\"]}]},{\"@type\":\"ImageObject\",\"inLanguage\":\"en-US\",\"@id\":\"https:\\\/\\\/super-news.info\\\/es\\\/symfonisk-asi-son-los-nuevos-altavoces-inteligentes-de-ikea-que-combinan-tecnologia-y-diseno\\\/#primaryimage\",\"url\":\"https:\\\/\\\/super-news.info\\\/es\\\/wp-content\\\/uploads\\\/sites\\\/4\\\/2019\\\/07\\\/Symfonisk-as\u00ed-son-los-nuevos-altavoces-inteligentes-de-IKEA-que.jpg\",\"contentUrl\":\"https:\\\/\\\/super-news.info\\\/es\\\/wp-content\\\/uploads\\\/sites\\\/4\\\/2019\\\/07\\\/Symfonisk-as\u00ed-son-los-nuevos-altavoces-inteligentes-de-IKEA-que.jpg\",\"width\":626,\"height\":364,\"caption\":\"ikea\"},{\"@type\":\"BreadcrumbList\",\"@id\":\"https:\\\/\\\/super-news.info\\\/es\\\/symfonisk-asi-son-los-nuevos-altavoces-inteligentes-de-ikea-que-combinan-tecnologia-y-diseno\\\/#breadcrumb\",\"itemListElement\":[{\"@type\":\"ListItem\",\"position\":1,\"name\":\"\u0413\u043b\u0430\u0432\u043d\u0430\u044f \u0441\u0442\u0440\u0430\u043d\u0438\u0446\u0430\",\"item\":\"https:\\\/\\\/super-news.info\\\/es\\\/\"},{\"@type\":\"ListItem\",\"position\":2,\"name\":\"Symfonisk: as\u00ed son los nuevos altavoces inteligentes de IKEA que combinan tecnolog\u00eda y dise\u00f1o\"}]},{\"@type\":\"WebSite\",\"@id\":\"https:\\\/\\\/super-news.info\\\/es\\\/#website\",\"url\":\"https:\\\/\\\/super-news.info\\\/es\\\/\",\"name\":\"Super News\",\"description\":\"Super News Espa\u00f1a\",\"potentialAction\":[{\"@type\":\"SearchAction\",\"target\":{\"@type\":\"EntryPoint\",\"urlTemplate\":\"https:\\\/\\\/super-news.info\\\/es\\\/?s={search_term_string}\"},\"query-input\":{\"@type\":\"PropertyValueSpecification\",\"valueRequired\":true,\"valueName\":\"search_term_string\"}}],\"inLanguage\":\"en-US\"},{\"@type\":\"Person\",\"@id\":\"https:\\\/\\\/super-news.info\\\/es\\\/#\\\/schema\\\/person\\\/2d4068cb2f39cd10008c2fce578a7356\",\"name\":\"super-news\",\"image\":{\"@type\":\"ImageObject\",\"inLanguage\":\"en-US\",\"@id\":\"https:\\\/\\\/secure.gravatar.com\\\/avatar\\\/64ebac40b93f26a154f8a9b5b6fdccfc46f442b26b3dd6756dbff3bf9dc76fd7?s=96&d=mm&r=g\",\"url\":\"https:\\\/\\\/secure.gravatar.com\\\/avatar\\\/64ebac40b93f26a154f8a9b5b6fdccfc46f442b26b3dd6756dbff3bf9dc76fd7?s=96&d=mm&r=g\",\"contentUrl\":\"https:\\\/\\\/secure.gravatar.com\\\/avatar\\\/64ebac40b93f26a154f8a9b5b6fdccfc46f442b26b3dd6756dbff3bf9dc76fd7?s=96&d=mm&r=g\",\"caption\":\"super-news\"},\"url\":\"https:\\\/\\\/super-news.info\\\/es\\\/author\\\/pt\\\/\"}]}<\/script>\n<!-- \/ Yoast SEO plugin. -->","yoast_head_json":{"title":"Symfonisk: as\u00ed son los nuevos altavoces inteligentes de IKEA que combinan tecnolog\u00eda y dise\u00f1o - Super News","robots":{"index":"index","follow":"follow","max-snippet":"max-snippet:-1","max-image-preview":"max-image-preview:large","max-video-preview":"max-video-preview:-1"},"canonical":"https:\/\/super-news.info\/es\/symfonisk-asi-son-los-nuevos-altavoces-inteligentes-de-ikea-que-combinan-tecnologia-y-diseno\/","og_locale":"en_US","og_type":"article","og_title":"Symfonisk: as\u00ed son los nuevos altavoces inteligentes de IKEA que combinan tecnolog\u00eda y dise\u00f1o - Super News","og_description":"[ad_1] Creados junto a la marca Sonos, IKEA lanzar\u00e1 dos altavoces, una l\u00e1mpara y un sujetalibros, por un precio de 100 y 180 euros respectivamente. La marca sueca de muebles IKEA no quiere quedarse al margen de la nueva gran tecnolog\u00eda, la voz. Por ello, ha apostado por la creaci\u00f3n de un altavoz inteligente en [&hellip;]","og_url":"https:\/\/super-news.info\/es\/symfonisk-asi-son-los-nuevos-altavoces-inteligentes-de-ikea-que-combinan-tecnologia-y-diseno\/","og_site_name":"Super News","article_published_time":"2019-07-28T05:37:26+00:00","article_modified_time":"2019-07-28T05:37:27+00:00","og_image":[{"width":626,"height":364,"url":"https:\/\/super-news.info\/es\/wp-content\/uploads\/sites\/4\/2019\/07\/Symfonisk-as\u00ed-son-los-nuevos-altavoces-inteligentes-de-IKEA-que.jpg","type":"image\/jpeg"}],"author":"super-news","twitter_card":"summary_large_image","twitter_misc":{"Written by":"super-news","Est. reading time":"1 minute"},"schema":{"@context":"https:\/\/schema.org","@graph":[{"@type":"Article","@id":"https:\/\/super-news.info\/es\/symfonisk-asi-son-los-nuevos-altavoces-inteligentes-de-ikea-que-combinan-tecnologia-y-diseno\/#article","isPartOf":{"@id":"https:\/\/super-news.info\/es\/symfonisk-asi-son-los-nuevos-altavoces-inteligentes-de-ikea-que-combinan-tecnologia-y-diseno\/"},"author":{"name":"super-news","@id":"https:\/\/super-news.info\/es\/#\/schema\/person\/2d4068cb2f39cd10008c2fce578a7356"},"headline":"Symfonisk: as\u00ed son los nuevos altavoces inteligentes de IKEA que combinan tecnolog\u00eda y dise\u00f1o","datePublished":"2019-07-28T05:37:26+00:00","dateModified":"2019-07-28T05:37:27+00:00","mainEntityOfPage":{"@id":"https:\/\/super-news.info\/es\/symfonisk-asi-son-los-nuevos-altavoces-inteligentes-de-ikea-que-combinan-tecnologia-y-diseno\/"},"wordCount":241,"commentCount":0,"image":{"@id":"https:\/\/super-news.info\/es\/symfonisk-asi-son-los-nuevos-altavoces-inteligentes-de-ikea-que-combinan-tecnologia-y-diseno\/#primaryimage"},"thumbnailUrl":"https:\/\/super-news.info\/es\/wp-content\/uploads\/sites\/4\/2019\/07\/Symfonisk-as\u00ed-son-los-nuevos-altavoces-inteligentes-de-IKEA-que.jpg","articleSection":["NOTICIAS DE MARKETING DIGITAL"],"inLanguage":"en-US","potentialAction":[{"@type":"CommentAction","name":"Comment","target":["https:\/\/super-news.info\/es\/symfonisk-asi-son-los-nuevos-altavoces-inteligentes-de-ikea-que-combinan-tecnologia-y-diseno\/#respond"]}]},{"@type":"WebPage","@id":"https:\/\/super-news.info\/es\/symfonisk-asi-son-los-nuevos-altavoces-inteligentes-de-ikea-que-combinan-tecnologia-y-diseno\/","url":"https:\/\/super-news.info\/es\/symfonisk-asi-son-los-nuevos-altavoces-inteligentes-de-ikea-que-combinan-tecnologia-y-diseno\/","name":"Symfonisk: as\u00ed son los nuevos altavoces inteligentes de IKEA que combinan tecnolog\u00eda y dise\u00f1o - Super News","isPartOf":{"@id":"https:\/\/super-news.info\/es\/#website"},"primaryImageOfPage":{"@id":"https:\/\/super-news.info\/es\/symfonisk-asi-son-los-nuevos-altavoces-inteligentes-de-ikea-que-combinan-tecnologia-y-diseno\/#primaryimage"},"image":{"@id":"https:\/\/super-news.info\/es\/symfonisk-asi-son-los-nuevos-altavoces-inteligentes-de-ikea-que-combinan-tecnologia-y-diseno\/#primaryimage"},"thumbnailUrl":"https:\/\/super-news.info\/es\/wp-content\/uploads\/sites\/4\/2019\/07\/Symfonisk-as\u00ed-son-los-nuevos-altavoces-inteligentes-de-IKEA-que.jpg","datePublished":"2019-07-28T05:37:26+00:00","dateModified":"2019-07-28T05:37:27+00:00","author":{"@id":"https:\/\/super-news.info\/es\/#\/schema\/person\/2d4068cb2f39cd10008c2fce578a7356"},"breadcrumb":{"@id":"https:\/\/super-news.info\/es\/symfonisk-asi-son-los-nuevos-altavoces-inteligentes-de-ikea-que-combinan-tecnologia-y-diseno\/#breadcrumb"},"inLanguage":"en-US","potentialAction":[{"@type":"ReadAction","target":["https:\/\/super-news.info\/es\/symfonisk-asi-son-los-nuevos-altavoces-inteligentes-de-ikea-que-combinan-tecnologia-y-diseno\/"]}]},{"@type":"ImageObject","inLanguage":"en-US","@id":"https:\/\/super-news.info\/es\/symfonisk-asi-son-los-nuevos-altavoces-inteligentes-de-ikea-que-combinan-tecnologia-y-diseno\/#primaryimage","url":"https:\/\/super-news.info\/es\/wp-content\/uploads\/sites\/4\/2019\/07\/Symfonisk-as\u00ed-son-los-nuevos-altavoces-inteligentes-de-IKEA-que.jpg","contentUrl":"https:\/\/super-news.info\/es\/wp-content\/uploads\/sites\/4\/2019\/07\/Symfonisk-as\u00ed-son-los-nuevos-altavoces-inteligentes-de-IKEA-que.jpg","width":626,"height":364,"caption":"ikea"},{"@type":"BreadcrumbList","@id":"https:\/\/super-news.info\/es\/symfonisk-asi-son-los-nuevos-altavoces-inteligentes-de-ikea-que-combinan-tecnologia-y-diseno\/#breadcrumb","itemListElement":[{"@type":"ListItem","position":1,"name":"\u0413\u043b\u0430\u0432\u043d\u0430\u044f \u0441\u0442\u0440\u0430\u043d\u0438\u0446\u0430","item":"https:\/\/super-news.info\/es\/"},{"@type":"ListItem","position":2,"name":"Symfonisk: as\u00ed son los nuevos altavoces inteligentes de IKEA que combinan tecnolog\u00eda y dise\u00f1o"}]},{"@type":"WebSite","@id":"https:\/\/super-news.info\/es\/#website","url":"https:\/\/super-news.info\/es\/","name":"Super News","description":"Super News Espa\u00f1a","potentialAction":[{"@type":"SearchAction","target":{"@type":"EntryPoint","urlTemplate":"https:\/\/super-news.info\/es\/?s={search_term_string}"},"query-input":{"@type":"PropertyValueSpecification","valueRequired":true,"valueName":"search_term_string"}}],"inLanguage":"en-US"},{"@type":"Person","@id":"https:\/\/super-news.info\/es\/#\/schema\/person\/2d4068cb2f39cd10008c2fce578a7356","name":"super-news","image":{"@type":"ImageObject","inLanguage":"en-US","@id":"https:\/\/secure.gravatar.com\/avatar\/64ebac40b93f26a154f8a9b5b6fdccfc46f442b26b3dd6756dbff3bf9dc76fd7?s=96&d=mm&r=g","url":"https:\/\/secure.gravatar.com\/avatar\/64ebac40b93f26a154f8a9b5b6fdccfc46f442b26b3dd6756dbff3bf9dc76fd7?s=96&d=mm&r=g","contentUrl":"https:\/\/secure.gravatar.com\/avatar\/64ebac40b93f26a154f8a9b5b6fdccfc46f442b26b3dd6756dbff3bf9dc76fd7?s=96&d=mm&r=g","caption":"super-news"},"url":"https:\/\/super-news.info\/es\/author\/pt\/"}]}},"_links":{"self":[{"href":"https:\/\/super-news.info\/es\/wp-json\/wp\/v2\/posts\/7387","targetHints":{"allow":["GET"]}}],"collection":[{"href":"https:\/\/super-news.info\/es\/wp-json\/wp\/v2\/posts"}],"about":[{"href":"https:\/\/super-news.info\/es\/wp-json\/wp\/v2\/types\/post"}],"author":[{"embeddable":true,"href":"https:\/\/super-news.info\/es\/wp-json\/wp\/v2\/users\/2"}],"replies":[{"embeddable":true,"href":"https:\/\/super-news.info\/es\/wp-json\/wp\/v2\/comments?post=7387"}],"version-history":[{"count":1,"href":"https:\/\/super-news.info\/es\/wp-json\/wp\/v2\/posts\/7387\/revisions"}],"predecessor-version":[{"id":7389,"href":"https:\/\/super-news.info\/es\/wp-json\/wp\/v2\/posts\/7387\/revisions\/7389"}],"wp:featuredmedia":[{"embeddable":true,"href":"https:\/\/super-news.info\/es\/wp-json\/wp\/v2\/media\/7388"}],"wp:attachment":[{"href":"https:\/\/super-news.info\/es\/wp-json\/wp\/v2\/media?parent=7387"}],"wp:term":[{"taxonomy":"category","embeddable":true,"href":"https:\/\/super-news.info\/es\/wp-json\/wp\/v2\/categories?post=7387"},{"taxonomy":"post_tag","embeddable":true,"href":"https:\/\/super-news.info\/es\/wp-json\/wp\/v2\/tags?post=7387"}],"curies":[{"name":"wp","href":"https:\/\/api.w.org\/{rel}","templated":true}]}}