{"id":7339,"date":"2019-07-27T11:25:39","date_gmt":"2019-07-27T08:25:39","guid":{"rendered":"https:\/\/super-news.info\/es\/la-generacion-z-la-mas-preocupada-por-compartir-sus-datos-con-las-empresas\/"},"modified":"2019-07-27T11:25:41","modified_gmt":"2019-07-27T08:25:41","slug":"la-generacion-z-la-mas-preocupada-por-compartir-sus-datos-con-las-empresas","status":"publish","type":"post","link":"https:\/\/super-news.info\/es\/la-generacion-z-la-mas-preocupada-por-compartir-sus-datos-con-las-empresas\/","title":{"rendered":"La Generaci\u00f3n Z, la m\u00e1s preocupada por compartir sus datos con las empresas"},"content":{"rendered":"<p> [ad_1]<br \/>\n<\/p>\n<div id=\"textoNoticia\">\n<p class=\"excerpt-single\">La Generaci\u00f3n Z est\u00e1 en el foco de las empresas. A medida que rozan la vida adulta, sus preferencias se vuelven importantes para las marcas que quieren llegar a ellos. A los j\u00f3venes les preocupa su privacidad, que las empresas sean responsables y, por supuesto, que toda la informaci\u00f3n est\u00e9 en redes sociales. <\/p>\n<\/p>\n<p>Est\u00e1n m\u00e1s concienciados pese a ser la generaci\u00f3n que no ha conocido la vida sin un smartphone. Un 41% de los j\u00f3venes nacidos entre 1995 y 2015 quieren<strong> tener el control de los datos que comparten con las empresas<\/strong>. A\u00fan as\u00ed, la mayor\u00eda de los consumidores de todas las generaciones se sienten c\u00f3modos compartiendo algunos de sus datos con las compa\u00f1\u00edas.<\/p>\n<p>Especialmente en la Uni\u00f3n Europea donde, el pasado a\u00f1o, entr\u00f3 en vigor una de las leyes de privacidad m\u00e1s estrictas del mundo. &#8220;Las normas m\u00e1s estrictas en materia de protecci\u00f3n de datos implican que <strong>las personas tienen m\u00e1s control sobre sus datos personales<\/strong> y que las empresas se benefician en igualdad de condiciones&#8221;, explica la propia Comisi\u00f3n Europea.<\/p>\n<p>Estos son las conclusiones sacadas de un estudio realizado CMO Council y Pitney Bowes. Est\u00e1 centrado en el marketing omnicanal y revela como el 88% de la Generaci\u00f3n Z prefiere que las experiencias con las empresas tengan un mix de canales f\u00edsicos y digitales. Por ello,<strong> la omnicanalidad es una estrategia clave que deber\u00edan seguir las marcas<\/strong> para llegar a estos j\u00f3venes. Eso s\u00ed, el 54% de ellos pone las redes sociales en primer lugar a la hora de se\u00f1alar su canal de mayor influencia y su preferencia para las interacciones. Incluso por delante de las p\u00e1ginas web.<\/p>\n<p>No son los \u00fanicos que muestran una preferencia por la comercializaci\u00f3n omnicanal que <strong>combina canales digitales y f\u00edsicos<\/strong> (correo electr\u00f3nico, web,\u00a0 redes sociales, v\u00eddeo, tel\u00e9fono, compromisos personales y correo impreso), los resultados muestran que el 87% de los Baby Boomers, el 85% de los millennials, el 83% de la Generaci\u00f3n X y el 82% de la Generaci\u00f3n Silenciosa se decantan por ello.<\/p>\n<p>Pero si algo diferencia a la Generaci\u00f3n Z del resto es su forma de entender el v\u00eddeo. Para ellos, <strong>el v\u00eddeo digital es clave para el descubrimiento de las marcas.<\/strong> Eso s\u00ed, prefieren los v\u00eddeos interactivos con experiencias que puedan controlar, algo que s\u00ed comparten con el resto de generaciones: el 43% de los encuestados dijo que les gustar\u00eda que el video sea m\u00e1s interactivo y les permita decidir qu\u00e9 informaci\u00f3n ver y cu\u00e1ndo verla.<\/p>\n<p>La Generaci\u00f3n Z est\u00e1 preocupada por la igualdad y el prop\u00f3sito de las empresas. As\u00ed que, lo tiene claro: las compa\u00f1\u00edas tienen que tener responsabilidad social, algo que se expande al resto de generaciones. De hecho, en Espa\u00f1a, el 86% de los consumidores eligen empresas con conciencia social. Para ellos, &#8221; las empresas deben servir a las comunidades y a la sociedad&#8221;.<\/p>\n<p class=\"link-telegram\">\n\t\t\t\t\t\t\t\t\t\t\tNo te pierdas nada de MarketingDirecto.com y \u00fanete a nuestro Telegram t.me\/MarketingDirecto\n\t\t\t\t\t\t\t\t\t\t<\/p>\n<\/p><\/div>\n<p><script>(function(d, s, id) {\n  var js, fjs = d.getElementsByTagName(s)[0];\n  if (d.getElementById(id)) return;\n  js = d.createElement(s); js.id = id;\n  js.src = \"http:\/\/connect.facebook.net\/es_LA\/sdk.js#xfbml=1&appId=408746052611679&version=v2.3\";\n  fjs.parentNode.insertBefore(js, fjs);\n}(document, 'script', 'facebook-jssdk'));<\/script><br \/>\n<br \/>[ad_2]<br \/>\n<br \/><a href=\"https:\/\/www.marketingdirecto.com\/marketing-general\/agencias\/la-generacion-z-la-mas-preocupada-por-compartir-sus-datos-con-las-empresas\">Source link <\/a><\/p>\n","protected":false},"excerpt":{"rendered":"<p>[ad_1] La Generaci\u00f3n Z est\u00e1 en el foco de las empresas. A medida que rozan la vida adulta, sus preferencias se vuelven importantes para las marcas que quieren llegar a ellos. A los j\u00f3venes les preocupa su privacidad, que las empresas sean responsables y, por supuesto, que toda la informaci\u00f3n est\u00e9 en redes sociales. Est\u00e1n [&hellip;]<\/p>\n","protected":false},"author":2,"featured_media":7340,"comment_status":"open","ping_status":"open","sticky":false,"template":"","format":"standard","meta":{"footnotes":""},"categories":[2],"tags":[],"class_list":["post-7339","post","type-post","status-publish","format-standard","has-post-thumbnail","hentry","category-noticias-de-marketing-digital"],"yoast_head":"<!-- This site is optimized with the Yoast SEO plugin v27.4 - https:\/\/yoast.com\/product\/yoast-seo-wordpress\/ -->\n<title>La Generaci\u00f3n Z, la m\u00e1s preocupada por compartir sus datos con las empresas - Super News<\/title>\n<meta name=\"robots\" content=\"index, follow, max-snippet:-1, max-image-preview:large, max-video-preview:-1\" \/>\n<link rel=\"canonical\" href=\"https:\/\/super-news.info\/es\/la-generacion-z-la-mas-preocupada-por-compartir-sus-datos-con-las-empresas\/\" \/>\n<meta property=\"og:locale\" content=\"en_US\" \/>\n<meta property=\"og:type\" content=\"article\" \/>\n<meta property=\"og:title\" content=\"La Generaci\u00f3n Z, la m\u00e1s preocupada por compartir sus datos con las empresas - Super News\" \/>\n<meta property=\"og:description\" content=\"[ad_1] La Generaci\u00f3n Z est\u00e1 en el foco de las empresas. A medida que rozan la vida adulta, sus preferencias se vuelven importantes para las marcas que quieren llegar a ellos. A los j\u00f3venes les preocupa su privacidad, que las empresas sean responsables y, por supuesto, que toda la informaci\u00f3n est\u00e9 en redes sociales. Est\u00e1n [&hellip;]\" \/>\n<meta property=\"og:url\" content=\"https:\/\/super-news.info\/es\/la-generacion-z-la-mas-preocupada-por-compartir-sus-datos-con-las-empresas\/\" \/>\n<meta property=\"og:site_name\" content=\"Super News\" \/>\n<meta property=\"article:published_time\" content=\"2019-07-27T08:25:39+00:00\" \/>\n<meta property=\"article:modified_time\" content=\"2019-07-27T08:25:41+00:00\" \/>\n<meta property=\"og:image\" content=\"https:\/\/super-news.info\/es\/wp-content\/uploads\/sites\/4\/2019\/07\/La-Generaci\u00f3n-Z-la-m\u00e1s-preocupada-por-compartir-sus-datos.jpg\" \/>\n\t<meta property=\"og:image:width\" content=\"626\" \/>\n\t<meta property=\"og:image:height\" content=\"364\" \/>\n\t<meta property=\"og:image:type\" content=\"image\/jpeg\" \/>\n<meta name=\"author\" content=\"super-news\" \/>\n<meta name=\"twitter:card\" content=\"summary_large_image\" \/>\n<meta name=\"twitter:label1\" content=\"Written by\" \/>\n\t<meta name=\"twitter:data1\" content=\"super-news\" \/>\n\t<meta name=\"twitter:label2\" content=\"Est. reading time\" \/>\n\t<meta name=\"twitter:data2\" content=\"3 minutes\" \/>\n<script type=\"application\/ld+json\" class=\"yoast-schema-graph\">{\"@context\":\"https:\\\/\\\/schema.org\",\"@graph\":[{\"@type\":\"Article\",\"@id\":\"https:\\\/\\\/super-news.info\\\/es\\\/la-generacion-z-la-mas-preocupada-por-compartir-sus-datos-con-las-empresas\\\/#article\",\"isPartOf\":{\"@id\":\"https:\\\/\\\/super-news.info\\\/es\\\/la-generacion-z-la-mas-preocupada-por-compartir-sus-datos-con-las-empresas\\\/\"},\"author\":{\"name\":\"super-news\",\"@id\":\"https:\\\/\\\/super-news.info\\\/es\\\/#\\\/schema\\\/person\\\/2d4068cb2f39cd10008c2fce578a7356\"},\"headline\":\"La Generaci\u00f3n Z, la m\u00e1s preocupada por compartir sus datos con las empresas\",\"datePublished\":\"2019-07-27T08:25:39+00:00\",\"dateModified\":\"2019-07-27T08:25:41+00:00\",\"mainEntityOfPage\":{\"@id\":\"https:\\\/\\\/super-news.info\\\/es\\\/la-generacion-z-la-mas-preocupada-por-compartir-sus-datos-con-las-empresas\\\/\"},\"wordCount\":534,\"commentCount\":0,\"image\":{\"@id\":\"https:\\\/\\\/super-news.info\\\/es\\\/la-generacion-z-la-mas-preocupada-por-compartir-sus-datos-con-las-empresas\\\/#primaryimage\"},\"thumbnailUrl\":\"https:\\\/\\\/super-news.info\\\/es\\\/wp-content\\\/uploads\\\/sites\\\/4\\\/2019\\\/07\\\/La-Generaci\u00f3n-Z-la-m\u00e1s-preocupada-por-compartir-sus-datos.jpg\",\"articleSection\":[\"NOTICIAS DE MARKETING DIGITAL\"],\"inLanguage\":\"en-US\",\"potentialAction\":[{\"@type\":\"CommentAction\",\"name\":\"Comment\",\"target\":[\"https:\\\/\\\/super-news.info\\\/es\\\/la-generacion-z-la-mas-preocupada-por-compartir-sus-datos-con-las-empresas\\\/#respond\"]}]},{\"@type\":\"WebPage\",\"@id\":\"https:\\\/\\\/super-news.info\\\/es\\\/la-generacion-z-la-mas-preocupada-por-compartir-sus-datos-con-las-empresas\\\/\",\"url\":\"https:\\\/\\\/super-news.info\\\/es\\\/la-generacion-z-la-mas-preocupada-por-compartir-sus-datos-con-las-empresas\\\/\",\"name\":\"La Generaci\u00f3n Z, la m\u00e1s preocupada por compartir sus datos con las empresas - Super News\",\"isPartOf\":{\"@id\":\"https:\\\/\\\/super-news.info\\\/es\\\/#website\"},\"primaryImageOfPage\":{\"@id\":\"https:\\\/\\\/super-news.info\\\/es\\\/la-generacion-z-la-mas-preocupada-por-compartir-sus-datos-con-las-empresas\\\/#primaryimage\"},\"image\":{\"@id\":\"https:\\\/\\\/super-news.info\\\/es\\\/la-generacion-z-la-mas-preocupada-por-compartir-sus-datos-con-las-empresas\\\/#primaryimage\"},\"thumbnailUrl\":\"https:\\\/\\\/super-news.info\\\/es\\\/wp-content\\\/uploads\\\/sites\\\/4\\\/2019\\\/07\\\/La-Generaci\u00f3n-Z-la-m\u00e1s-preocupada-por-compartir-sus-datos.jpg\",\"datePublished\":\"2019-07-27T08:25:39+00:00\",\"dateModified\":\"2019-07-27T08:25:41+00:00\",\"author\":{\"@id\":\"https:\\\/\\\/super-news.info\\\/es\\\/#\\\/schema\\\/person\\\/2d4068cb2f39cd10008c2fce578a7356\"},\"breadcrumb\":{\"@id\":\"https:\\\/\\\/super-news.info\\\/es\\\/la-generacion-z-la-mas-preocupada-por-compartir-sus-datos-con-las-empresas\\\/#breadcrumb\"},\"inLanguage\":\"en-US\",\"potentialAction\":[{\"@type\":\"ReadAction\",\"target\":[\"https:\\\/\\\/super-news.info\\\/es\\\/la-generacion-z-la-mas-preocupada-por-compartir-sus-datos-con-las-empresas\\\/\"]}]},{\"@type\":\"ImageObject\",\"inLanguage\":\"en-US\",\"@id\":\"https:\\\/\\\/super-news.info\\\/es\\\/la-generacion-z-la-mas-preocupada-por-compartir-sus-datos-con-las-empresas\\\/#primaryimage\",\"url\":\"https:\\\/\\\/super-news.info\\\/es\\\/wp-content\\\/uploads\\\/sites\\\/4\\\/2019\\\/07\\\/La-Generaci\u00f3n-Z-la-m\u00e1s-preocupada-por-compartir-sus-datos.jpg\",\"contentUrl\":\"https:\\\/\\\/super-news.info\\\/es\\\/wp-content\\\/uploads\\\/sites\\\/4\\\/2019\\\/07\\\/La-Generaci\u00f3n-Z-la-m\u00e1s-preocupada-por-compartir-sus-datos.jpg\",\"width\":626,\"height\":364,\"caption\":\"Generacion Z\"},{\"@type\":\"BreadcrumbList\",\"@id\":\"https:\\\/\\\/super-news.info\\\/es\\\/la-generacion-z-la-mas-preocupada-por-compartir-sus-datos-con-las-empresas\\\/#breadcrumb\",\"itemListElement\":[{\"@type\":\"ListItem\",\"position\":1,\"name\":\"\u0413\u043b\u0430\u0432\u043d\u0430\u044f \u0441\u0442\u0440\u0430\u043d\u0438\u0446\u0430\",\"item\":\"https:\\\/\\\/super-news.info\\\/es\\\/\"},{\"@type\":\"ListItem\",\"position\":2,\"name\":\"La Generaci\u00f3n Z, la m\u00e1s preocupada por compartir sus datos con las empresas\"}]},{\"@type\":\"WebSite\",\"@id\":\"https:\\\/\\\/super-news.info\\\/es\\\/#website\",\"url\":\"https:\\\/\\\/super-news.info\\\/es\\\/\",\"name\":\"Super News\",\"description\":\"Super News Espa\u00f1a\",\"potentialAction\":[{\"@type\":\"SearchAction\",\"target\":{\"@type\":\"EntryPoint\",\"urlTemplate\":\"https:\\\/\\\/super-news.info\\\/es\\\/?s={search_term_string}\"},\"query-input\":{\"@type\":\"PropertyValueSpecification\",\"valueRequired\":true,\"valueName\":\"search_term_string\"}}],\"inLanguage\":\"en-US\"},{\"@type\":\"Person\",\"@id\":\"https:\\\/\\\/super-news.info\\\/es\\\/#\\\/schema\\\/person\\\/2d4068cb2f39cd10008c2fce578a7356\",\"name\":\"super-news\",\"image\":{\"@type\":\"ImageObject\",\"inLanguage\":\"en-US\",\"@id\":\"https:\\\/\\\/secure.gravatar.com\\\/avatar\\\/64ebac40b93f26a154f8a9b5b6fdccfc46f442b26b3dd6756dbff3bf9dc76fd7?s=96&d=mm&r=g\",\"url\":\"https:\\\/\\\/secure.gravatar.com\\\/avatar\\\/64ebac40b93f26a154f8a9b5b6fdccfc46f442b26b3dd6756dbff3bf9dc76fd7?s=96&d=mm&r=g\",\"contentUrl\":\"https:\\\/\\\/secure.gravatar.com\\\/avatar\\\/64ebac40b93f26a154f8a9b5b6fdccfc46f442b26b3dd6756dbff3bf9dc76fd7?s=96&d=mm&r=g\",\"caption\":\"super-news\"},\"url\":\"https:\\\/\\\/super-news.info\\\/es\\\/author\\\/pt\\\/\"}]}<\/script>\n<!-- \/ Yoast SEO plugin. -->","yoast_head_json":{"title":"La Generaci\u00f3n Z, la m\u00e1s preocupada por compartir sus datos con las empresas - Super News","robots":{"index":"index","follow":"follow","max-snippet":"max-snippet:-1","max-image-preview":"max-image-preview:large","max-video-preview":"max-video-preview:-1"},"canonical":"https:\/\/super-news.info\/es\/la-generacion-z-la-mas-preocupada-por-compartir-sus-datos-con-las-empresas\/","og_locale":"en_US","og_type":"article","og_title":"La Generaci\u00f3n Z, la m\u00e1s preocupada por compartir sus datos con las empresas - Super News","og_description":"[ad_1] La Generaci\u00f3n Z est\u00e1 en el foco de las empresas. A medida que rozan la vida adulta, sus preferencias se vuelven importantes para las marcas que quieren llegar a ellos. A los j\u00f3venes les preocupa su privacidad, que las empresas sean responsables y, por supuesto, que toda la informaci\u00f3n est\u00e9 en redes sociales. Est\u00e1n [&hellip;]","og_url":"https:\/\/super-news.info\/es\/la-generacion-z-la-mas-preocupada-por-compartir-sus-datos-con-las-empresas\/","og_site_name":"Super News","article_published_time":"2019-07-27T08:25:39+00:00","article_modified_time":"2019-07-27T08:25:41+00:00","og_image":[{"width":626,"height":364,"url":"https:\/\/super-news.info\/es\/wp-content\/uploads\/sites\/4\/2019\/07\/La-Generaci\u00f3n-Z-la-m\u00e1s-preocupada-por-compartir-sus-datos.jpg","type":"image\/jpeg"}],"author":"super-news","twitter_card":"summary_large_image","twitter_misc":{"Written by":"super-news","Est. reading time":"3 minutes"},"schema":{"@context":"https:\/\/schema.org","@graph":[{"@type":"Article","@id":"https:\/\/super-news.info\/es\/la-generacion-z-la-mas-preocupada-por-compartir-sus-datos-con-las-empresas\/#article","isPartOf":{"@id":"https:\/\/super-news.info\/es\/la-generacion-z-la-mas-preocupada-por-compartir-sus-datos-con-las-empresas\/"},"author":{"name":"super-news","@id":"https:\/\/super-news.info\/es\/#\/schema\/person\/2d4068cb2f39cd10008c2fce578a7356"},"headline":"La Generaci\u00f3n Z, la m\u00e1s preocupada por compartir sus datos con las empresas","datePublished":"2019-07-27T08:25:39+00:00","dateModified":"2019-07-27T08:25:41+00:00","mainEntityOfPage":{"@id":"https:\/\/super-news.info\/es\/la-generacion-z-la-mas-preocupada-por-compartir-sus-datos-con-las-empresas\/"},"wordCount":534,"commentCount":0,"image":{"@id":"https:\/\/super-news.info\/es\/la-generacion-z-la-mas-preocupada-por-compartir-sus-datos-con-las-empresas\/#primaryimage"},"thumbnailUrl":"https:\/\/super-news.info\/es\/wp-content\/uploads\/sites\/4\/2019\/07\/La-Generaci\u00f3n-Z-la-m\u00e1s-preocupada-por-compartir-sus-datos.jpg","articleSection":["NOTICIAS DE MARKETING DIGITAL"],"inLanguage":"en-US","potentialAction":[{"@type":"CommentAction","name":"Comment","target":["https:\/\/super-news.info\/es\/la-generacion-z-la-mas-preocupada-por-compartir-sus-datos-con-las-empresas\/#respond"]}]},{"@type":"WebPage","@id":"https:\/\/super-news.info\/es\/la-generacion-z-la-mas-preocupada-por-compartir-sus-datos-con-las-empresas\/","url":"https:\/\/super-news.info\/es\/la-generacion-z-la-mas-preocupada-por-compartir-sus-datos-con-las-empresas\/","name":"La Generaci\u00f3n Z, la m\u00e1s preocupada por compartir sus datos con las empresas - Super News","isPartOf":{"@id":"https:\/\/super-news.info\/es\/#website"},"primaryImageOfPage":{"@id":"https:\/\/super-news.info\/es\/la-generacion-z-la-mas-preocupada-por-compartir-sus-datos-con-las-empresas\/#primaryimage"},"image":{"@id":"https:\/\/super-news.info\/es\/la-generacion-z-la-mas-preocupada-por-compartir-sus-datos-con-las-empresas\/#primaryimage"},"thumbnailUrl":"https:\/\/super-news.info\/es\/wp-content\/uploads\/sites\/4\/2019\/07\/La-Generaci\u00f3n-Z-la-m\u00e1s-preocupada-por-compartir-sus-datos.jpg","datePublished":"2019-07-27T08:25:39+00:00","dateModified":"2019-07-27T08:25:41+00:00","author":{"@id":"https:\/\/super-news.info\/es\/#\/schema\/person\/2d4068cb2f39cd10008c2fce578a7356"},"breadcrumb":{"@id":"https:\/\/super-news.info\/es\/la-generacion-z-la-mas-preocupada-por-compartir-sus-datos-con-las-empresas\/#breadcrumb"},"inLanguage":"en-US","potentialAction":[{"@type":"ReadAction","target":["https:\/\/super-news.info\/es\/la-generacion-z-la-mas-preocupada-por-compartir-sus-datos-con-las-empresas\/"]}]},{"@type":"ImageObject","inLanguage":"en-US","@id":"https:\/\/super-news.info\/es\/la-generacion-z-la-mas-preocupada-por-compartir-sus-datos-con-las-empresas\/#primaryimage","url":"https:\/\/super-news.info\/es\/wp-content\/uploads\/sites\/4\/2019\/07\/La-Generaci\u00f3n-Z-la-m\u00e1s-preocupada-por-compartir-sus-datos.jpg","contentUrl":"https:\/\/super-news.info\/es\/wp-content\/uploads\/sites\/4\/2019\/07\/La-Generaci\u00f3n-Z-la-m\u00e1s-preocupada-por-compartir-sus-datos.jpg","width":626,"height":364,"caption":"Generacion Z"},{"@type":"BreadcrumbList","@id":"https:\/\/super-news.info\/es\/la-generacion-z-la-mas-preocupada-por-compartir-sus-datos-con-las-empresas\/#breadcrumb","itemListElement":[{"@type":"ListItem","position":1,"name":"\u0413\u043b\u0430\u0432\u043d\u0430\u044f \u0441\u0442\u0440\u0430\u043d\u0438\u0446\u0430","item":"https:\/\/super-news.info\/es\/"},{"@type":"ListItem","position":2,"name":"La Generaci\u00f3n Z, la m\u00e1s preocupada por compartir sus datos con las empresas"}]},{"@type":"WebSite","@id":"https:\/\/super-news.info\/es\/#website","url":"https:\/\/super-news.info\/es\/","name":"Super News","description":"Super News Espa\u00f1a","potentialAction":[{"@type":"SearchAction","target":{"@type":"EntryPoint","urlTemplate":"https:\/\/super-news.info\/es\/?s={search_term_string}"},"query-input":{"@type":"PropertyValueSpecification","valueRequired":true,"valueName":"search_term_string"}}],"inLanguage":"en-US"},{"@type":"Person","@id":"https:\/\/super-news.info\/es\/#\/schema\/person\/2d4068cb2f39cd10008c2fce578a7356","name":"super-news","image":{"@type":"ImageObject","inLanguage":"en-US","@id":"https:\/\/secure.gravatar.com\/avatar\/64ebac40b93f26a154f8a9b5b6fdccfc46f442b26b3dd6756dbff3bf9dc76fd7?s=96&d=mm&r=g","url":"https:\/\/secure.gravatar.com\/avatar\/64ebac40b93f26a154f8a9b5b6fdccfc46f442b26b3dd6756dbff3bf9dc76fd7?s=96&d=mm&r=g","contentUrl":"https:\/\/secure.gravatar.com\/avatar\/64ebac40b93f26a154f8a9b5b6fdccfc46f442b26b3dd6756dbff3bf9dc76fd7?s=96&d=mm&r=g","caption":"super-news"},"url":"https:\/\/super-news.info\/es\/author\/pt\/"}]}},"_links":{"self":[{"href":"https:\/\/super-news.info\/es\/wp-json\/wp\/v2\/posts\/7339","targetHints":{"allow":["GET"]}}],"collection":[{"href":"https:\/\/super-news.info\/es\/wp-json\/wp\/v2\/posts"}],"about":[{"href":"https:\/\/super-news.info\/es\/wp-json\/wp\/v2\/types\/post"}],"author":[{"embeddable":true,"href":"https:\/\/super-news.info\/es\/wp-json\/wp\/v2\/users\/2"}],"replies":[{"embeddable":true,"href":"https:\/\/super-news.info\/es\/wp-json\/wp\/v2\/comments?post=7339"}],"version-history":[{"count":1,"href":"https:\/\/super-news.info\/es\/wp-json\/wp\/v2\/posts\/7339\/revisions"}],"predecessor-version":[{"id":7341,"href":"https:\/\/super-news.info\/es\/wp-json\/wp\/v2\/posts\/7339\/revisions\/7341"}],"wp:featuredmedia":[{"embeddable":true,"href":"https:\/\/super-news.info\/es\/wp-json\/wp\/v2\/media\/7340"}],"wp:attachment":[{"href":"https:\/\/super-news.info\/es\/wp-json\/wp\/v2\/media?parent=7339"}],"wp:term":[{"taxonomy":"category","embeddable":true,"href":"https:\/\/super-news.info\/es\/wp-json\/wp\/v2\/categories?post=7339"},{"taxonomy":"post_tag","embeddable":true,"href":"https:\/\/super-news.info\/es\/wp-json\/wp\/v2\/tags?post=7339"}],"curies":[{"name":"wp","href":"https:\/\/api.w.org\/{rel}","templated":true}]}}