{"id":7264,"date":"2019-07-26T14:11:36","date_gmt":"2019-07-26T11:11:36","guid":{"rendered":"https:\/\/super-news.info\/es\/la-mitad-de-los-menores-de-entre-12-y-14-anos-utiliza-instagram-en-espana\/"},"modified":"2019-07-26T14:11:37","modified_gmt":"2019-07-26T11:11:37","slug":"la-mitad-de-los-menores-de-entre-12-y-14-anos-utiliza-instagram-en-espana","status":"publish","type":"post","link":"https:\/\/super-news.info\/es\/la-mitad-de-los-menores-de-entre-12-y-14-anos-utiliza-instagram-en-espana\/","title":{"rendered":"La mitad de los menores de entre 12 y 14 a\u00f1os utiliza Instagram en Espa\u00f1a"},"content":{"rendered":"<p> [ad_1]<br \/>\n<\/p>\n<div id=\"textoNoticia\">\n<p class=\"excerpt-single\">A pesar de estar prohibido, este fen\u00f3meno se ha convertido en un verdadero problema que la propia aplicaci\u00f3n est\u00e1 intentando solucionar con la complicidad y la ayuda de los padres<\/p>\n<\/p>\n<p><strong>Instagram <\/strong>sigue reinando entre los usuarios espa\u00f1oles como la <strong>red social m\u00e1s usada<\/strong>. De hecho, a pesar de la aparici\u00f3n de nuevas aplicaciones como <strong>TikTok<\/strong>, tambi\u00e9n predomina entre ni\u00f1os y j\u00f3venes. Esta es una de las principales conclusiones que aporta el estudio <strong>&#8216;Menores e Internet: la asignatura pendiente de los padres espa\u00f1oles&#8217;<\/strong>\u00a0elaborado por Qustodio.<\/p>\n<p>En este estudio destaca, por ejemplo, que <strong>2 de cada 3 espa\u00f1oles entre 15 y 17 a\u00f1os utiliza Instagram<\/strong>, cifra superior incluso al 44% de Estados Unidos. Adem\u00e1s, <strong>la mitad de los ni\u00f1os entre 12 y 14 a\u00f1os<\/strong> utiliza esta aplicaci\u00f3n en nuestro pa\u00eds. La gravedad de este hecho reside en que<strong> incumple la ley espa\u00f1ola<\/strong> y la normativa de la red social, que supuestamente proh\u00edbe su uso a menores de 14 a\u00f1os en Espa\u00f1a. Incluso un 4% de los menores de 8 a\u00f1os tiene perfil en esta red social pese a las restricciones de edad.<\/p>\n<p><img loading=\"lazy\" decoding=\"async\" class=\"aligncenter size-full wp-image-500428\" src=\"https:\/\/super-news.info\/es\/wp-content\/uploads\/sites\/4\/2019\/07\/1564139496_473_La-mitad-de-los-menores-de-entre-12-y-14.jpg\" alt=\"Padre-Instagram\" width=\"626\" height=\"418\"\/><\/p>\n<p>Teniendo en cuenta toda esta informaci\u00f3n, Qustodio ha hecho un profundo an\u00e1lisis enfocado en ense\u00f1ar a los padres a educar a sus hijos sobre c\u00f3mo usar responsablemente esta aplicaci\u00f3n:<\/p>\n<p>\u2022 <strong>Protecci\u00f3n frente al acoso<\/strong>. El <strong>40%<\/strong> <strong>de los ni\u00f1os ha sufrido ciberbullying<\/strong> en alguna ocasi\u00f3n, como apunta un informe de Save the Children. Adem\u00e1s, en muchos casos el acoso no queda en simple acoso virtual. Para hacer frente a esta situaci\u00f3n, <strong>Instagram<\/strong> ha habilitado una <strong>herramienta de bloqueo<\/strong> para las v\u00edctimas m\u00e1s sutil que las anteriores. As\u00ed, la v\u00edctima deja de visualizar los comentarios del acosador, pero \u00e9ste sigue pudiendo verlos. De esta forma pretenden <strong>evitar que el conflicto crezca<\/strong> si los implicados interact\u00faan en la vida real.<\/p>\n<p>\u2022 <strong>Concienciar a los ciberacosadores<\/strong>. Para complementar la medida anterior, esta red social est\u00e1 probando otra soluci\u00f3n de <strong>Inteligencia Artificial<\/strong> nueva. La idea es que sea capaz de detectar comentarios ofensivos en el mismo momento que est\u00e1n siendo redactados para cuestionar al usuario si realmente desea publicarlos.<\/p>\n<p>\u2022 <strong>Combatir la adicci\u00f3n por los likes<\/strong>. De un tiempo a esta parte Instagram ha decidido ocultar el n\u00famero de likes y reproducciones de las publicaciones. Dicha medida ha sido concebida para <strong>disminuir la obsesi\u00f3n por los \u2018me gusta\u2019 <\/strong>que sufren algunos usuarios cuando <strong>comparan su feedback<\/strong> con el de amigos con mayor seguimiento. Sin embargo, por el momento el usuario s\u00ed que puede seguir consultando su propio n\u00famero de interacciones.<\/p>\n<p>\u2022 <strong>Reducir el tiempo de uso<\/strong>. Las nuevas generaciones de ni\u00f1os ya <strong>han crecido junto a estas redes sociales<\/strong> y las nuevas tecnolog\u00edas. Por ello, es usual que cada d\u00eda pasen m\u00e1s tiempo utiliz\u00e1ndolas. Sin embargo, un estudio de Kelisto.es avisa de que <strong>pasar m\u00e1s de dos horas al d\u00eda conectado<\/strong> a Internet puede ser un s\u00edntoma de <strong>adicci\u00f3n<\/strong>. Para ayudar a limitar el tiempo de conexi\u00f3n de los ni\u00f1os, Instagram cuenta con utilidades que pueden ser pr\u00e1cticas para los padres. Por un lado, el panel &#8216;<strong>Tu actividad<\/strong>&#8216; en el perfil del usuario ofrece informaci\u00f3n como la <strong>media diaria y semanal de tiempo de uso<\/strong>. Por otro lado, es posible establecer un <strong>tiempo l\u00edmite diario<\/strong> de uso con avisos por si es sobrepasado. Adem\u00e1s, tambi\u00e9n pueden ser silenciadas las notificaciones para evitar que el ni\u00f1o acceda cuando no le toca.<\/p>\n<p>\u2022 <strong>La mejor herramienta es hablar con ellos<\/strong>. Todas estas herramientas son realmente \u00fatiles para dosificar el uso de la app y combatir su adicci\u00f3n en ni\u00f1os. Sin embargo, de poco sirve si los padres desconocen ellos mismos c\u00f3mo utilizar la aplicaci\u00f3n. Ante esta situaci\u00f3n, lo recomendado es conversar con el ni\u00f1o sobre qu\u00e9 funcionalidades de Instagram le atraen m\u00e1s.<\/p>\n<p>&#8220;Instagram es como cualquier otra aplicaci\u00f3n o servicio de Internet, si se usa <strong>sin ning\u00fan control<\/strong> puede derivar en problemas de autoestima por la falta de likes, desconexi\u00f3n con la familia y adicci\u00f3n&#8221;, destaca <strong>Mar\u00eda Guerrero<\/strong>, psic\u00f3loga experta de Qustodio. Adem\u00e1s, a\u00f1ade que &#8220;<strong>la prohibici\u00f3n no es la soluci\u00f3n<\/strong>, ya que es mucho m\u00e1s efectivo seguir las recomendaciones de uso de la app, <strong>hablar con los hijos y contar con herramientas de gesti\u00f3n<\/strong> y control como Qustodio para asegurarse que los ni\u00f1os hagan un buen uso de sus redes sociales&#8221;.<\/p>\n<p class=\"link-telegram\">\n\t\t\t\t\t\t\t\t\t\t\tNo te pierdas nada de MarketingDirecto.com y \u00fanete a nuestro Telegram t.me\/MarketingDirecto\n\t\t\t\t\t\t\t\t\t\t<\/p>\n<\/p><\/div>\n<p><script>(function(d, s, id) {\n  var js, fjs = d.getElementsByTagName(s)[0];\n  if (d.getElementById(id)) return;\n  js = d.createElement(s); js.id = id;\n  js.src = \"http:\/\/connect.facebook.net\/es_LA\/sdk.js#xfbml=1&appId=408746052611679&version=v2.3\";\n  fjs.parentNode.insertBefore(js, fjs);\n}(document, 'script', 'facebook-jssdk'));<\/script><script async defer src=\"https:\/\/platform.instagram.com\/en_US\/embeds.js\"><\/script><br \/>\n<br \/>[ad_2]<br \/>\n<br \/><a href=\"https:\/\/www.marketingdirecto.com\/marketing-general\/tendencias\/la-mitad-de-los-menores-de-entre-12-y-14-anos-utiliza-instagram-en-espana\">Source link <\/a><\/p>\n","protected":false},"excerpt":{"rendered":"<p>[ad_1] A pesar de estar prohibido, este fen\u00f3meno se ha convertido en un verdadero problema que la propia aplicaci\u00f3n est\u00e1 intentando solucionar con la complicidad y la ayuda de los padres Instagram sigue reinando entre los usuarios espa\u00f1oles como la red social m\u00e1s usada. De hecho, a pesar de la aparici\u00f3n de nuevas aplicaciones como [&hellip;]<\/p>\n","protected":false},"author":2,"featured_media":7265,"comment_status":"open","ping_status":"open","sticky":false,"template":"","format":"standard","meta":{"footnotes":""},"categories":[2],"tags":[],"class_list":["post-7264","post","type-post","status-publish","format-standard","has-post-thumbnail","hentry","category-noticias-de-marketing-digital"],"yoast_head":"<!-- This site is optimized with the Yoast SEO plugin v27.4 - https:\/\/yoast.com\/product\/yoast-seo-wordpress\/ -->\n<title>La mitad de los menores de entre 12 y 14 a\u00f1os utiliza Instagram en Espa\u00f1a - Super News<\/title>\n<meta name=\"robots\" content=\"index, follow, max-snippet:-1, max-image-preview:large, max-video-preview:-1\" \/>\n<link rel=\"canonical\" href=\"https:\/\/super-news.info\/es\/la-mitad-de-los-menores-de-entre-12-y-14-anos-utiliza-instagram-en-espana\/\" \/>\n<meta property=\"og:locale\" content=\"en_US\" \/>\n<meta property=\"og:type\" content=\"article\" \/>\n<meta property=\"og:title\" content=\"La mitad de los menores de entre 12 y 14 a\u00f1os utiliza Instagram en Espa\u00f1a - Super News\" \/>\n<meta property=\"og:description\" content=\"[ad_1] A pesar de estar prohibido, este fen\u00f3meno se ha convertido en un verdadero problema que la propia aplicaci\u00f3n est\u00e1 intentando solucionar con la complicidad y la ayuda de los padres Instagram sigue reinando entre los usuarios espa\u00f1oles como la red social m\u00e1s usada. De hecho, a pesar de la aparici\u00f3n de nuevas aplicaciones como [&hellip;]\" \/>\n<meta property=\"og:url\" content=\"https:\/\/super-news.info\/es\/la-mitad-de-los-menores-de-entre-12-y-14-anos-utiliza-instagram-en-espana\/\" \/>\n<meta property=\"og:site_name\" content=\"Super News\" \/>\n<meta property=\"article:published_time\" content=\"2019-07-26T11:11:36+00:00\" \/>\n<meta property=\"article:modified_time\" content=\"2019-07-26T11:11:37+00:00\" \/>\n<meta property=\"og:image\" content=\"https:\/\/super-news.info\/es\/wp-content\/uploads\/sites\/4\/2019\/07\/La-mitad-de-los-menores-de-entre-12-y-14.jpg\" \/>\n\t<meta property=\"og:image:width\" content=\"626\" \/>\n\t<meta property=\"og:image:height\" content=\"364\" \/>\n\t<meta property=\"og:image:type\" content=\"image\/jpeg\" \/>\n<meta name=\"author\" content=\"super-news\" \/>\n<meta name=\"twitter:card\" content=\"summary_large_image\" \/>\n<meta name=\"twitter:label1\" content=\"Written by\" \/>\n\t<meta name=\"twitter:data1\" content=\"super-news\" \/>\n\t<meta name=\"twitter:label2\" content=\"Est. reading time\" \/>\n\t<meta name=\"twitter:data2\" content=\"4 minutes\" \/>\n<script type=\"application\/ld+json\" class=\"yoast-schema-graph\">{\"@context\":\"https:\\\/\\\/schema.org\",\"@graph\":[{\"@type\":\"Article\",\"@id\":\"https:\\\/\\\/super-news.info\\\/es\\\/la-mitad-de-los-menores-de-entre-12-y-14-anos-utiliza-instagram-en-espana\\\/#article\",\"isPartOf\":{\"@id\":\"https:\\\/\\\/super-news.info\\\/es\\\/la-mitad-de-los-menores-de-entre-12-y-14-anos-utiliza-instagram-en-espana\\\/\"},\"author\":{\"name\":\"super-news\",\"@id\":\"https:\\\/\\\/super-news.info\\\/es\\\/#\\\/schema\\\/person\\\/2d4068cb2f39cd10008c2fce578a7356\"},\"headline\":\"La mitad de los menores de entre 12 y 14 a\u00f1os utiliza Instagram en Espa\u00f1a\",\"datePublished\":\"2019-07-26T11:11:36+00:00\",\"dateModified\":\"2019-07-26T11:11:37+00:00\",\"mainEntityOfPage\":{\"@id\":\"https:\\\/\\\/super-news.info\\\/es\\\/la-mitad-de-los-menores-de-entre-12-y-14-anos-utiliza-instagram-en-espana\\\/\"},\"wordCount\":804,\"commentCount\":0,\"image\":{\"@id\":\"https:\\\/\\\/super-news.info\\\/es\\\/la-mitad-de-los-menores-de-entre-12-y-14-anos-utiliza-instagram-en-espana\\\/#primaryimage\"},\"thumbnailUrl\":\"https:\\\/\\\/super-news.info\\\/es\\\/wp-content\\\/uploads\\\/sites\\\/4\\\/2019\\\/07\\\/La-mitad-de-los-menores-de-entre-12-y-14.jpg\",\"articleSection\":[\"NOTICIAS DE MARKETING DIGITAL\"],\"inLanguage\":\"en-US\",\"potentialAction\":[{\"@type\":\"CommentAction\",\"name\":\"Comment\",\"target\":[\"https:\\\/\\\/super-news.info\\\/es\\\/la-mitad-de-los-menores-de-entre-12-y-14-anos-utiliza-instagram-en-espana\\\/#respond\"]}]},{\"@type\":\"WebPage\",\"@id\":\"https:\\\/\\\/super-news.info\\\/es\\\/la-mitad-de-los-menores-de-entre-12-y-14-anos-utiliza-instagram-en-espana\\\/\",\"url\":\"https:\\\/\\\/super-news.info\\\/es\\\/la-mitad-de-los-menores-de-entre-12-y-14-anos-utiliza-instagram-en-espana\\\/\",\"name\":\"La mitad de los menores de entre 12 y 14 a\u00f1os utiliza Instagram en Espa\u00f1a - Super News\",\"isPartOf\":{\"@id\":\"https:\\\/\\\/super-news.info\\\/es\\\/#website\"},\"primaryImageOfPage\":{\"@id\":\"https:\\\/\\\/super-news.info\\\/es\\\/la-mitad-de-los-menores-de-entre-12-y-14-anos-utiliza-instagram-en-espana\\\/#primaryimage\"},\"image\":{\"@id\":\"https:\\\/\\\/super-news.info\\\/es\\\/la-mitad-de-los-menores-de-entre-12-y-14-anos-utiliza-instagram-en-espana\\\/#primaryimage\"},\"thumbnailUrl\":\"https:\\\/\\\/super-news.info\\\/es\\\/wp-content\\\/uploads\\\/sites\\\/4\\\/2019\\\/07\\\/La-mitad-de-los-menores-de-entre-12-y-14.jpg\",\"datePublished\":\"2019-07-26T11:11:36+00:00\",\"dateModified\":\"2019-07-26T11:11:37+00:00\",\"author\":{\"@id\":\"https:\\\/\\\/super-news.info\\\/es\\\/#\\\/schema\\\/person\\\/2d4068cb2f39cd10008c2fce578a7356\"},\"breadcrumb\":{\"@id\":\"https:\\\/\\\/super-news.info\\\/es\\\/la-mitad-de-los-menores-de-entre-12-y-14-anos-utiliza-instagram-en-espana\\\/#breadcrumb\"},\"inLanguage\":\"en-US\",\"potentialAction\":[{\"@type\":\"ReadAction\",\"target\":[\"https:\\\/\\\/super-news.info\\\/es\\\/la-mitad-de-los-menores-de-entre-12-y-14-anos-utiliza-instagram-en-espana\\\/\"]}]},{\"@type\":\"ImageObject\",\"inLanguage\":\"en-US\",\"@id\":\"https:\\\/\\\/super-news.info\\\/es\\\/la-mitad-de-los-menores-de-entre-12-y-14-anos-utiliza-instagram-en-espana\\\/#primaryimage\",\"url\":\"https:\\\/\\\/super-news.info\\\/es\\\/wp-content\\\/uploads\\\/sites\\\/4\\\/2019\\\/07\\\/La-mitad-de-los-menores-de-entre-12-y-14.jpg\",\"contentUrl\":\"https:\\\/\\\/super-news.info\\\/es\\\/wp-content\\\/uploads\\\/sites\\\/4\\\/2019\\\/07\\\/La-mitad-de-los-menores-de-entre-12-y-14.jpg\",\"width\":626,\"height\":364,\"caption\":\"Qustodio-menores-Instagram\"},{\"@type\":\"BreadcrumbList\",\"@id\":\"https:\\\/\\\/super-news.info\\\/es\\\/la-mitad-de-los-menores-de-entre-12-y-14-anos-utiliza-instagram-en-espana\\\/#breadcrumb\",\"itemListElement\":[{\"@type\":\"ListItem\",\"position\":1,\"name\":\"\u0413\u043b\u0430\u0432\u043d\u0430\u044f \u0441\u0442\u0440\u0430\u043d\u0438\u0446\u0430\",\"item\":\"https:\\\/\\\/super-news.info\\\/es\\\/\"},{\"@type\":\"ListItem\",\"position\":2,\"name\":\"La mitad de los menores de entre 12 y 14 a\u00f1os utiliza Instagram en Espa\u00f1a\"}]},{\"@type\":\"WebSite\",\"@id\":\"https:\\\/\\\/super-news.info\\\/es\\\/#website\",\"url\":\"https:\\\/\\\/super-news.info\\\/es\\\/\",\"name\":\"Super News\",\"description\":\"Super News Espa\u00f1a\",\"potentialAction\":[{\"@type\":\"SearchAction\",\"target\":{\"@type\":\"EntryPoint\",\"urlTemplate\":\"https:\\\/\\\/super-news.info\\\/es\\\/?s={search_term_string}\"},\"query-input\":{\"@type\":\"PropertyValueSpecification\",\"valueRequired\":true,\"valueName\":\"search_term_string\"}}],\"inLanguage\":\"en-US\"},{\"@type\":\"Person\",\"@id\":\"https:\\\/\\\/super-news.info\\\/es\\\/#\\\/schema\\\/person\\\/2d4068cb2f39cd10008c2fce578a7356\",\"name\":\"super-news\",\"image\":{\"@type\":\"ImageObject\",\"inLanguage\":\"en-US\",\"@id\":\"https:\\\/\\\/secure.gravatar.com\\\/avatar\\\/64ebac40b93f26a154f8a9b5b6fdccfc46f442b26b3dd6756dbff3bf9dc76fd7?s=96&d=mm&r=g\",\"url\":\"https:\\\/\\\/secure.gravatar.com\\\/avatar\\\/64ebac40b93f26a154f8a9b5b6fdccfc46f442b26b3dd6756dbff3bf9dc76fd7?s=96&d=mm&r=g\",\"contentUrl\":\"https:\\\/\\\/secure.gravatar.com\\\/avatar\\\/64ebac40b93f26a154f8a9b5b6fdccfc46f442b26b3dd6756dbff3bf9dc76fd7?s=96&d=mm&r=g\",\"caption\":\"super-news\"},\"url\":\"https:\\\/\\\/super-news.info\\\/es\\\/author\\\/pt\\\/\"}]}<\/script>\n<!-- \/ Yoast SEO plugin. -->","yoast_head_json":{"title":"La mitad de los menores de entre 12 y 14 a\u00f1os utiliza Instagram en Espa\u00f1a - Super News","robots":{"index":"index","follow":"follow","max-snippet":"max-snippet:-1","max-image-preview":"max-image-preview:large","max-video-preview":"max-video-preview:-1"},"canonical":"https:\/\/super-news.info\/es\/la-mitad-de-los-menores-de-entre-12-y-14-anos-utiliza-instagram-en-espana\/","og_locale":"en_US","og_type":"article","og_title":"La mitad de los menores de entre 12 y 14 a\u00f1os utiliza Instagram en Espa\u00f1a - Super News","og_description":"[ad_1] A pesar de estar prohibido, este fen\u00f3meno se ha convertido en un verdadero problema que la propia aplicaci\u00f3n est\u00e1 intentando solucionar con la complicidad y la ayuda de los padres Instagram sigue reinando entre los usuarios espa\u00f1oles como la red social m\u00e1s usada. De hecho, a pesar de la aparici\u00f3n de nuevas aplicaciones como [&hellip;]","og_url":"https:\/\/super-news.info\/es\/la-mitad-de-los-menores-de-entre-12-y-14-anos-utiliza-instagram-en-espana\/","og_site_name":"Super News","article_published_time":"2019-07-26T11:11:36+00:00","article_modified_time":"2019-07-26T11:11:37+00:00","og_image":[{"width":626,"height":364,"url":"https:\/\/super-news.info\/es\/wp-content\/uploads\/sites\/4\/2019\/07\/La-mitad-de-los-menores-de-entre-12-y-14.jpg","type":"image\/jpeg"}],"author":"super-news","twitter_card":"summary_large_image","twitter_misc":{"Written by":"super-news","Est. reading time":"4 minutes"},"schema":{"@context":"https:\/\/schema.org","@graph":[{"@type":"Article","@id":"https:\/\/super-news.info\/es\/la-mitad-de-los-menores-de-entre-12-y-14-anos-utiliza-instagram-en-espana\/#article","isPartOf":{"@id":"https:\/\/super-news.info\/es\/la-mitad-de-los-menores-de-entre-12-y-14-anos-utiliza-instagram-en-espana\/"},"author":{"name":"super-news","@id":"https:\/\/super-news.info\/es\/#\/schema\/person\/2d4068cb2f39cd10008c2fce578a7356"},"headline":"La mitad de los menores de entre 12 y 14 a\u00f1os utiliza Instagram en Espa\u00f1a","datePublished":"2019-07-26T11:11:36+00:00","dateModified":"2019-07-26T11:11:37+00:00","mainEntityOfPage":{"@id":"https:\/\/super-news.info\/es\/la-mitad-de-los-menores-de-entre-12-y-14-anos-utiliza-instagram-en-espana\/"},"wordCount":804,"commentCount":0,"image":{"@id":"https:\/\/super-news.info\/es\/la-mitad-de-los-menores-de-entre-12-y-14-anos-utiliza-instagram-en-espana\/#primaryimage"},"thumbnailUrl":"https:\/\/super-news.info\/es\/wp-content\/uploads\/sites\/4\/2019\/07\/La-mitad-de-los-menores-de-entre-12-y-14.jpg","articleSection":["NOTICIAS DE MARKETING DIGITAL"],"inLanguage":"en-US","potentialAction":[{"@type":"CommentAction","name":"Comment","target":["https:\/\/super-news.info\/es\/la-mitad-de-los-menores-de-entre-12-y-14-anos-utiliza-instagram-en-espana\/#respond"]}]},{"@type":"WebPage","@id":"https:\/\/super-news.info\/es\/la-mitad-de-los-menores-de-entre-12-y-14-anos-utiliza-instagram-en-espana\/","url":"https:\/\/super-news.info\/es\/la-mitad-de-los-menores-de-entre-12-y-14-anos-utiliza-instagram-en-espana\/","name":"La mitad de los menores de entre 12 y 14 a\u00f1os utiliza Instagram en Espa\u00f1a - Super News","isPartOf":{"@id":"https:\/\/super-news.info\/es\/#website"},"primaryImageOfPage":{"@id":"https:\/\/super-news.info\/es\/la-mitad-de-los-menores-de-entre-12-y-14-anos-utiliza-instagram-en-espana\/#primaryimage"},"image":{"@id":"https:\/\/super-news.info\/es\/la-mitad-de-los-menores-de-entre-12-y-14-anos-utiliza-instagram-en-espana\/#primaryimage"},"thumbnailUrl":"https:\/\/super-news.info\/es\/wp-content\/uploads\/sites\/4\/2019\/07\/La-mitad-de-los-menores-de-entre-12-y-14.jpg","datePublished":"2019-07-26T11:11:36+00:00","dateModified":"2019-07-26T11:11:37+00:00","author":{"@id":"https:\/\/super-news.info\/es\/#\/schema\/person\/2d4068cb2f39cd10008c2fce578a7356"},"breadcrumb":{"@id":"https:\/\/super-news.info\/es\/la-mitad-de-los-menores-de-entre-12-y-14-anos-utiliza-instagram-en-espana\/#breadcrumb"},"inLanguage":"en-US","potentialAction":[{"@type":"ReadAction","target":["https:\/\/super-news.info\/es\/la-mitad-de-los-menores-de-entre-12-y-14-anos-utiliza-instagram-en-espana\/"]}]},{"@type":"ImageObject","inLanguage":"en-US","@id":"https:\/\/super-news.info\/es\/la-mitad-de-los-menores-de-entre-12-y-14-anos-utiliza-instagram-en-espana\/#primaryimage","url":"https:\/\/super-news.info\/es\/wp-content\/uploads\/sites\/4\/2019\/07\/La-mitad-de-los-menores-de-entre-12-y-14.jpg","contentUrl":"https:\/\/super-news.info\/es\/wp-content\/uploads\/sites\/4\/2019\/07\/La-mitad-de-los-menores-de-entre-12-y-14.jpg","width":626,"height":364,"caption":"Qustodio-menores-Instagram"},{"@type":"BreadcrumbList","@id":"https:\/\/super-news.info\/es\/la-mitad-de-los-menores-de-entre-12-y-14-anos-utiliza-instagram-en-espana\/#breadcrumb","itemListElement":[{"@type":"ListItem","position":1,"name":"\u0413\u043b\u0430\u0432\u043d\u0430\u044f \u0441\u0442\u0440\u0430\u043d\u0438\u0446\u0430","item":"https:\/\/super-news.info\/es\/"},{"@type":"ListItem","position":2,"name":"La mitad de los menores de entre 12 y 14 a\u00f1os utiliza Instagram en Espa\u00f1a"}]},{"@type":"WebSite","@id":"https:\/\/super-news.info\/es\/#website","url":"https:\/\/super-news.info\/es\/","name":"Super News","description":"Super News Espa\u00f1a","potentialAction":[{"@type":"SearchAction","target":{"@type":"EntryPoint","urlTemplate":"https:\/\/super-news.info\/es\/?s={search_term_string}"},"query-input":{"@type":"PropertyValueSpecification","valueRequired":true,"valueName":"search_term_string"}}],"inLanguage":"en-US"},{"@type":"Person","@id":"https:\/\/super-news.info\/es\/#\/schema\/person\/2d4068cb2f39cd10008c2fce578a7356","name":"super-news","image":{"@type":"ImageObject","inLanguage":"en-US","@id":"https:\/\/secure.gravatar.com\/avatar\/64ebac40b93f26a154f8a9b5b6fdccfc46f442b26b3dd6756dbff3bf9dc76fd7?s=96&d=mm&r=g","url":"https:\/\/secure.gravatar.com\/avatar\/64ebac40b93f26a154f8a9b5b6fdccfc46f442b26b3dd6756dbff3bf9dc76fd7?s=96&d=mm&r=g","contentUrl":"https:\/\/secure.gravatar.com\/avatar\/64ebac40b93f26a154f8a9b5b6fdccfc46f442b26b3dd6756dbff3bf9dc76fd7?s=96&d=mm&r=g","caption":"super-news"},"url":"https:\/\/super-news.info\/es\/author\/pt\/"}]}},"_links":{"self":[{"href":"https:\/\/super-news.info\/es\/wp-json\/wp\/v2\/posts\/7264","targetHints":{"allow":["GET"]}}],"collection":[{"href":"https:\/\/super-news.info\/es\/wp-json\/wp\/v2\/posts"}],"about":[{"href":"https:\/\/super-news.info\/es\/wp-json\/wp\/v2\/types\/post"}],"author":[{"embeddable":true,"href":"https:\/\/super-news.info\/es\/wp-json\/wp\/v2\/users\/2"}],"replies":[{"embeddable":true,"href":"https:\/\/super-news.info\/es\/wp-json\/wp\/v2\/comments?post=7264"}],"version-history":[{"count":1,"href":"https:\/\/super-news.info\/es\/wp-json\/wp\/v2\/posts\/7264\/revisions"}],"predecessor-version":[{"id":7266,"href":"https:\/\/super-news.info\/es\/wp-json\/wp\/v2\/posts\/7264\/revisions\/7266"}],"wp:featuredmedia":[{"embeddable":true,"href":"https:\/\/super-news.info\/es\/wp-json\/wp\/v2\/media\/7265"}],"wp:attachment":[{"href":"https:\/\/super-news.info\/es\/wp-json\/wp\/v2\/media?parent=7264"}],"wp:term":[{"taxonomy":"category","embeddable":true,"href":"https:\/\/super-news.info\/es\/wp-json\/wp\/v2\/categories?post=7264"},{"taxonomy":"post_tag","embeddable":true,"href":"https:\/\/super-news.info\/es\/wp-json\/wp\/v2\/tags?post=7264"}],"curies":[{"name":"wp","href":"https:\/\/api.w.org\/{rel}","templated":true}]}}