{"id":7258,"date":"2019-07-26T12:37:48","date_gmt":"2019-07-26T09:37:48","guid":{"rendered":"https:\/\/super-news.info\/es\/el-fin-de-los-centros-comerciales-tradicionales\/"},"modified":"2019-07-26T12:37:49","modified_gmt":"2019-07-26T09:37:49","slug":"el-fin-de-los-centros-comerciales-tradicionales","status":"publish","type":"post","link":"https:\/\/super-news.info\/es\/el-fin-de-los-centros-comerciales-tradicionales\/","title":{"rendered":"El fin de los centros comerciales tradicionales"},"content":{"rendered":"<p> [ad_1]<br \/>\n<\/p>\n<div id=\"textoNoticia\">\n<p class=\"excerpt-single\">Los centros comerciales tradicionales est\u00e1n poniendo en marcha distintas iniciativas con las que ofrecer nuevas experiencias a sus clientes<\/p>\n<\/p>\n<p>Los centros comerciales son uno de los espacios que m\u00e1s gente acoge d\u00eda a d\u00eda. La amplia oferta que ofrecen, aunando tiendas, restauraci\u00f3n y ocio, con cines o zonas recreativas en muchos casos, hacen de ellos <strong>un vergel de marcas<\/strong> en el que anunciarse se convierte en una apuesta segura.<\/p>\n<p>Pero cada d\u00eda el n\u00famero de centros comerciales y la calidad de los mismos aumenta, lo que ha generado un gran entorno competitivo en el que <strong>hace falta renovarse y ofrecer un valor a\u00f1adido<\/strong> que les diferencie del resto.<\/p>\n<p>Y este es precisamente el camino que han seguido dos de los centros comerciales m\u00e1s reconocidos de Madrid: La Vaguada e Islazul, que est\u00e1n incorporando el <strong>branded content a sus estrategias de comunicaci\u00f3n y marketing<\/strong>.<\/p>\n<blockquote>\n<p>El centro comercial La Vaguada ha puesto en marcha una nueva estrategia de marketing y posicionamiento<\/p>\n<\/blockquote>\n<p><strong>La Vaguada<\/strong>, el centro comercial m\u00e1s antiguo de la capital, inaugurado en 1983, ha iniciado una nueva estrategia de marketing y posicionamiento de la mano de la agencia <strong>Cutter Publicidad.<\/strong><\/p>\n<p>Esta estrategia se ha centrado en la producci\u00f3n de una <strong>webserie original<\/strong> llamada &#8220;<strong>Stories&#8221;<\/strong>\u00a0en la que, a trav\u00e9s de cinco amigos que comparten su tiempo en una de las cafeter\u00edas del centro comercial, La Vaguada busca representar las diferentes historias que sus miles de visitantes viven a diario en sus 85.000 metros cuadrados.<\/p>\n<p>\n\t\t\t\t<iframe loading=\"lazy\" src=\"http:\/\/www.youtube.com\/embed\/7q8KR6t2H1c?enablejsapi=1&amp;version=3&amp;rel=0&amp;showinfo=0&amp;controls=0\" id=\"iframePlayer\" width=\"940\" height=\"529\" frameborder=\"0\" webkitallowfullscreen=\"\" mozallowfullscreen=\"\" allowfullscreen=\"\"><\/iframe>\n\t\t\t<\/p>\n<p>Si no visualiza correctamente el v\u00eddeo embedded, haga clic aqu\u00ed.<\/p>\n<p>Con esta idea tan novedosa, el Centro Comercial ha sabido aprovechar, adem\u00e1s, la <strong>tendencia al alza que est\u00e1 viviendo el v\u00eddeo<\/strong>, que se ha consolidado como el formato preferido para consumir informaci\u00f3n.<\/p>\n<p>Para <strong>Lola Fern\u00e1ndez<\/strong>, responsable de marketing de La Vaguada, &#8220;la idea de crear una webserie en el Centro Comercial nace de la percepci\u00f3n de que nuestro espacio es mucho m\u00e1s que un lugar al que ir hacer compras o disfrutar del tiempo de ocio. <strong>La Vaguada es el lugar donde nacen las historias&#8221;<\/strong>.<\/p>\n<p><img loading=\"lazy\" decoding=\"async\" class=\"size-full wp-image-500636 aligncenter\" src=\"https:\/\/super-news.info\/es\/wp-content\/uploads\/sites\/4\/2019\/07\/1564133868_793_El-fin-de-los-centros-comerciales-tradicionales.jpg\" alt=\"La Vaguada\" width=\"626\" height=\"364\"\/><\/p>\n<p>La Vaguada ha sido <strong>pionera<\/strong> con muchas de sus propuestas de ocio, en las que encontramos algunas de car\u00e1cter permanente, como la <strong>ludoteca<\/strong> gratuita o &#8220;<strong>La Arena&#8221;,<\/strong>\u00a0el <strong>primer espacio de competici\u00f3n de eSports<\/strong> en un centro comercial de Espa\u00f1a, que cuenta ya con m\u00e1s de 7.000 personas inscritas.<\/p>\n<p>Adem\u00e1s, en verano, La Vaguada ha ampliado su oferta de actividades con <strong>campamentos urbanos gratuitos y solidarios<\/strong>, cuya aportaci\u00f3n econ\u00f3mica de 20 euros va destinada a la <strong>Fundaci\u00f3n Juegaterapia<\/strong>, y con <strong>La Vaguada Show Festival<\/strong>, una propuesta cultural con magia y artes esc\u00e9nicas los jueves, shows infantiles los viernes y m\u00fasica en directo los s\u00e1bados.<\/p>\n<p><img loading=\"lazy\" decoding=\"async\" class=\"size-full wp-image-500638 aligncenter\" src=\"https:\/\/super-news.info\/es\/wp-content\/uploads\/sites\/4\/2019\/07\/1564133868_285_El-fin-de-los-centros-comerciales-tradicionales.jpg\" alt=\"Centro Comercial\" width=\"626\" height=\"364\"\/><\/p>\n<p>Por su parte, <strong>Islazul<\/strong> aprovech\u00f3 su d\u00e9cimo aniversario para embarcarse en una reforma y <strong>estrategia de rebranding liderada por Andy Stalman<\/strong>, quien ha logrado posicionar este centro comercial como un espacio moderno, original, confortable, luminoso y relajado.<\/p>\n<p>En esta estrategia, Stalman ha aunado <strong>conceptos asociados con las islas<\/strong>, como la diversi\u00f3n, la naturaleza, el relax, el contraste y la desconexi\u00f3n a trav\u00e9s de un <strong>c\u00f3digo visual lleno de color<\/strong>, que apuesta por la decoraci\u00f3n ornamental y vegetal, como el <strong>jard\u00edn vertical de 250 metros<\/strong> <strong>cuadrados<\/strong> con el que cuenta.<\/p>\n<p>Pero adem\u00e1s de en su est\u00e9tica, Islazul es un <strong>referente en sostenibilidad a nivel mundial<\/strong> desde el a\u00f1o 2012, cuando se convirti\u00f3 en el primer centro comercial espa\u00f1ol en obtener la certificaci\u00f3n BREEAM. Islazul mejor\u00f3 a &#8220;Excelente&#8221; en 2016 y ha alcanzado la m\u00e1xima calificaci\u00f3n de este certificado de construcci\u00f3n sostenible en 2019.<\/p>\n<blockquote>\n<p>Dentro de las acciones de marketing de Islazul se enmarca el proyecto cultural Islazultura<\/p>\n<\/blockquote>\n<p>Como parte de su estrategia de posicionamiento, el departamento de marketing tambi\u00e9n apuesta por las <strong>actividades culturales con el proyecto Islazultura<\/strong>, como los concursos de cortometrajes y microteatro celebrados a\u00f1os anteriores u otras iniciativas art\u00edsticas como <strong>&#8220;Suena Madrid&#8221;,<\/strong> realizada junto a la <strong>Cadena SER<\/strong> y que busca dar reconocimiento a artistas y grupos callejeros desconocidos.<\/p>\n<p>Como <strong>veh\u00edculo de comunicaci\u00f3n <\/strong>con los clientes, Islazul apuesta por las <strong>nuevas tecnolog\u00edas y las redes sociales como Instagram<\/strong>, donde a trav\u00e9s de su perfil @ccislazul, el centro comercial interact\u00faa con sus clientes y los anima a participar en concursos como el sorteo de una tarjeta regalo de 100\u20ac, en el que para participar deben subir un storie con algunas de las actuaciones de &#8220;Suena Madrid&#8221; bajo el hastag #IslazulturaPlay.<\/p>\n<p>Para los peque\u00f1os, Islazul dispone de una completa oferta l\u00fadica, a trav\u00e9s de su Ludoteca Chef Pepo y su espacio La Caracola \u00a0(un playground \u00fanico, abierto, y gratuito que, incluye zona de primera infancia), que es completada peri\u00f3dicamente con diversas actividades culturales: t\u00edteres, cuentacuentos, trucos de magia, obras de teatro infantiles o actuaciones de payasos, entre otras.<\/p>\n<p class=\"link-telegram\">\n\t\t\t\t\t\t\t\t\t\t\tNo te pierdas nada de MarketingDirecto.com y \u00fanete a nuestro Telegram t.me\/MarketingDirecto\n\t\t\t\t\t\t\t\t\t\t<\/p>\n<\/p><\/div>\n<p><script>(function(d, s, id) {\n  var js, fjs = d.getElementsByTagName(s)[0];\n  if (d.getElementById(id)) return;\n  js = d.createElement(s); js.id = id;\n  js.src = \"http:\/\/connect.facebook.net\/es_LA\/sdk.js#xfbml=1&appId=408746052611679&version=v2.3\";\n  fjs.parentNode.insertBefore(js, fjs);\n}(document, 'script', 'facebook-jssdk'));<\/script><br \/>\n<br \/>[ad_2]<br \/>\n<br \/><a href=\"https:\/\/www.marketingdirecto.com\/marketing-general\/tendencias\/el-fin-de-los-centros-comerciales-tradicionales\">Source link <\/a><\/p>\n","protected":false},"excerpt":{"rendered":"<p>[ad_1] Los centros comerciales tradicionales est\u00e1n poniendo en marcha distintas iniciativas con las que ofrecer nuevas experiencias a sus clientes Los centros comerciales son uno de los espacios que m\u00e1s gente acoge d\u00eda a d\u00eda. La amplia oferta que ofrecen, aunando tiendas, restauraci\u00f3n y ocio, con cines o zonas recreativas en muchos casos, hacen de [&hellip;]<\/p>\n","protected":false},"author":2,"featured_media":7259,"comment_status":"open","ping_status":"open","sticky":false,"template":"","format":"standard","meta":{"footnotes":""},"categories":[2],"tags":[],"class_list":["post-7258","post","type-post","status-publish","format-standard","has-post-thumbnail","hentry","category-noticias-de-marketing-digital"],"yoast_head":"<!-- This site is optimized with the Yoast SEO plugin v27.4 - https:\/\/yoast.com\/product\/yoast-seo-wordpress\/ -->\n<title>El fin de los centros comerciales tradicionales - Super News<\/title>\n<meta name=\"robots\" content=\"index, follow, max-snippet:-1, max-image-preview:large, max-video-preview:-1\" \/>\n<link rel=\"canonical\" href=\"https:\/\/super-news.info\/es\/el-fin-de-los-centros-comerciales-tradicionales\/\" \/>\n<meta property=\"og:locale\" content=\"en_US\" \/>\n<meta property=\"og:type\" content=\"article\" \/>\n<meta property=\"og:title\" content=\"El fin de los centros comerciales tradicionales - Super News\" \/>\n<meta property=\"og:description\" content=\"[ad_1] Los centros comerciales tradicionales est\u00e1n poniendo en marcha distintas iniciativas con las que ofrecer nuevas experiencias a sus clientes Los centros comerciales son uno de los espacios que m\u00e1s gente acoge d\u00eda a d\u00eda. La amplia oferta que ofrecen, aunando tiendas, restauraci\u00f3n y ocio, con cines o zonas recreativas en muchos casos, hacen de [&hellip;]\" \/>\n<meta property=\"og:url\" content=\"https:\/\/super-news.info\/es\/el-fin-de-los-centros-comerciales-tradicionales\/\" \/>\n<meta property=\"og:site_name\" content=\"Super News\" \/>\n<meta property=\"article:published_time\" content=\"2019-07-26T09:37:48+00:00\" \/>\n<meta property=\"article:modified_time\" content=\"2019-07-26T09:37:49+00:00\" \/>\n<meta property=\"og:image\" content=\"https:\/\/super-news.info\/es\/wp-content\/uploads\/sites\/4\/2019\/07\/El-fin-de-los-centros-comerciales-tradicionales.jpg\" \/>\n\t<meta property=\"og:image:width\" content=\"626\" \/>\n\t<meta property=\"og:image:height\" content=\"364\" \/>\n\t<meta property=\"og:image:type\" content=\"image\/jpeg\" \/>\n<meta name=\"author\" content=\"super-news\" \/>\n<meta name=\"twitter:card\" content=\"summary_large_image\" \/>\n<meta name=\"twitter:label1\" content=\"Written by\" \/>\n\t<meta name=\"twitter:data1\" content=\"super-news\" \/>\n\t<meta name=\"twitter:label2\" content=\"Est. reading time\" \/>\n\t<meta name=\"twitter:data2\" content=\"4 minutes\" \/>\n<script type=\"application\/ld+json\" class=\"yoast-schema-graph\">{\"@context\":\"https:\\\/\\\/schema.org\",\"@graph\":[{\"@type\":\"Article\",\"@id\":\"https:\\\/\\\/super-news.info\\\/es\\\/el-fin-de-los-centros-comerciales-tradicionales\\\/#article\",\"isPartOf\":{\"@id\":\"https:\\\/\\\/super-news.info\\\/es\\\/el-fin-de-los-centros-comerciales-tradicionales\\\/\"},\"author\":{\"name\":\"super-news\",\"@id\":\"https:\\\/\\\/super-news.info\\\/es\\\/#\\\/schema\\\/person\\\/2d4068cb2f39cd10008c2fce578a7356\"},\"headline\":\"El fin de los centros comerciales tradicionales\",\"datePublished\":\"2019-07-26T09:37:48+00:00\",\"dateModified\":\"2019-07-26T09:37:49+00:00\",\"mainEntityOfPage\":{\"@id\":\"https:\\\/\\\/super-news.info\\\/es\\\/el-fin-de-los-centros-comerciales-tradicionales\\\/\"},\"wordCount\":858,\"commentCount\":0,\"image\":{\"@id\":\"https:\\\/\\\/super-news.info\\\/es\\\/el-fin-de-los-centros-comerciales-tradicionales\\\/#primaryimage\"},\"thumbnailUrl\":\"https:\\\/\\\/super-news.info\\\/es\\\/wp-content\\\/uploads\\\/sites\\\/4\\\/2019\\\/07\\\/El-fin-de-los-centros-comerciales-tradicionales.jpg\",\"articleSection\":[\"NOTICIAS DE MARKETING DIGITAL\"],\"inLanguage\":\"en-US\",\"potentialAction\":[{\"@type\":\"CommentAction\",\"name\":\"Comment\",\"target\":[\"https:\\\/\\\/super-news.info\\\/es\\\/el-fin-de-los-centros-comerciales-tradicionales\\\/#respond\"]}]},{\"@type\":\"WebPage\",\"@id\":\"https:\\\/\\\/super-news.info\\\/es\\\/el-fin-de-los-centros-comerciales-tradicionales\\\/\",\"url\":\"https:\\\/\\\/super-news.info\\\/es\\\/el-fin-de-los-centros-comerciales-tradicionales\\\/\",\"name\":\"El fin de los centros comerciales tradicionales - Super News\",\"isPartOf\":{\"@id\":\"https:\\\/\\\/super-news.info\\\/es\\\/#website\"},\"primaryImageOfPage\":{\"@id\":\"https:\\\/\\\/super-news.info\\\/es\\\/el-fin-de-los-centros-comerciales-tradicionales\\\/#primaryimage\"},\"image\":{\"@id\":\"https:\\\/\\\/super-news.info\\\/es\\\/el-fin-de-los-centros-comerciales-tradicionales\\\/#primaryimage\"},\"thumbnailUrl\":\"https:\\\/\\\/super-news.info\\\/es\\\/wp-content\\\/uploads\\\/sites\\\/4\\\/2019\\\/07\\\/El-fin-de-los-centros-comerciales-tradicionales.jpg\",\"datePublished\":\"2019-07-26T09:37:48+00:00\",\"dateModified\":\"2019-07-26T09:37:49+00:00\",\"author\":{\"@id\":\"https:\\\/\\\/super-news.info\\\/es\\\/#\\\/schema\\\/person\\\/2d4068cb2f39cd10008c2fce578a7356\"},\"breadcrumb\":{\"@id\":\"https:\\\/\\\/super-news.info\\\/es\\\/el-fin-de-los-centros-comerciales-tradicionales\\\/#breadcrumb\"},\"inLanguage\":\"en-US\",\"potentialAction\":[{\"@type\":\"ReadAction\",\"target\":[\"https:\\\/\\\/super-news.info\\\/es\\\/el-fin-de-los-centros-comerciales-tradicionales\\\/\"]}]},{\"@type\":\"ImageObject\",\"inLanguage\":\"en-US\",\"@id\":\"https:\\\/\\\/super-news.info\\\/es\\\/el-fin-de-los-centros-comerciales-tradicionales\\\/#primaryimage\",\"url\":\"https:\\\/\\\/super-news.info\\\/es\\\/wp-content\\\/uploads\\\/sites\\\/4\\\/2019\\\/07\\\/El-fin-de-los-centros-comerciales-tradicionales.jpg\",\"contentUrl\":\"https:\\\/\\\/super-news.info\\\/es\\\/wp-content\\\/uploads\\\/sites\\\/4\\\/2019\\\/07\\\/El-fin-de-los-centros-comerciales-tradicionales.jpg\",\"width\":626,\"height\":364,\"caption\":\"La Vaguada\"},{\"@type\":\"BreadcrumbList\",\"@id\":\"https:\\\/\\\/super-news.info\\\/es\\\/el-fin-de-los-centros-comerciales-tradicionales\\\/#breadcrumb\",\"itemListElement\":[{\"@type\":\"ListItem\",\"position\":1,\"name\":\"\u0413\u043b\u0430\u0432\u043d\u0430\u044f \u0441\u0442\u0440\u0430\u043d\u0438\u0446\u0430\",\"item\":\"https:\\\/\\\/super-news.info\\\/es\\\/\"},{\"@type\":\"ListItem\",\"position\":2,\"name\":\"El fin de los centros comerciales tradicionales\"}]},{\"@type\":\"WebSite\",\"@id\":\"https:\\\/\\\/super-news.info\\\/es\\\/#website\",\"url\":\"https:\\\/\\\/super-news.info\\\/es\\\/\",\"name\":\"Super News\",\"description\":\"Super News Espa\u00f1a\",\"potentialAction\":[{\"@type\":\"SearchAction\",\"target\":{\"@type\":\"EntryPoint\",\"urlTemplate\":\"https:\\\/\\\/super-news.info\\\/es\\\/?s={search_term_string}\"},\"query-input\":{\"@type\":\"PropertyValueSpecification\",\"valueRequired\":true,\"valueName\":\"search_term_string\"}}],\"inLanguage\":\"en-US\"},{\"@type\":\"Person\",\"@id\":\"https:\\\/\\\/super-news.info\\\/es\\\/#\\\/schema\\\/person\\\/2d4068cb2f39cd10008c2fce578a7356\",\"name\":\"super-news\",\"image\":{\"@type\":\"ImageObject\",\"inLanguage\":\"en-US\",\"@id\":\"https:\\\/\\\/secure.gravatar.com\\\/avatar\\\/64ebac40b93f26a154f8a9b5b6fdccfc46f442b26b3dd6756dbff3bf9dc76fd7?s=96&d=mm&r=g\",\"url\":\"https:\\\/\\\/secure.gravatar.com\\\/avatar\\\/64ebac40b93f26a154f8a9b5b6fdccfc46f442b26b3dd6756dbff3bf9dc76fd7?s=96&d=mm&r=g\",\"contentUrl\":\"https:\\\/\\\/secure.gravatar.com\\\/avatar\\\/64ebac40b93f26a154f8a9b5b6fdccfc46f442b26b3dd6756dbff3bf9dc76fd7?s=96&d=mm&r=g\",\"caption\":\"super-news\"},\"url\":\"https:\\\/\\\/super-news.info\\\/es\\\/author\\\/pt\\\/\"}]}<\/script>\n<!-- \/ Yoast SEO plugin. -->","yoast_head_json":{"title":"El fin de los centros comerciales tradicionales - Super News","robots":{"index":"index","follow":"follow","max-snippet":"max-snippet:-1","max-image-preview":"max-image-preview:large","max-video-preview":"max-video-preview:-1"},"canonical":"https:\/\/super-news.info\/es\/el-fin-de-los-centros-comerciales-tradicionales\/","og_locale":"en_US","og_type":"article","og_title":"El fin de los centros comerciales tradicionales - Super News","og_description":"[ad_1] Los centros comerciales tradicionales est\u00e1n poniendo en marcha distintas iniciativas con las que ofrecer nuevas experiencias a sus clientes Los centros comerciales son uno de los espacios que m\u00e1s gente acoge d\u00eda a d\u00eda. La amplia oferta que ofrecen, aunando tiendas, restauraci\u00f3n y ocio, con cines o zonas recreativas en muchos casos, hacen de [&hellip;]","og_url":"https:\/\/super-news.info\/es\/el-fin-de-los-centros-comerciales-tradicionales\/","og_site_name":"Super News","article_published_time":"2019-07-26T09:37:48+00:00","article_modified_time":"2019-07-26T09:37:49+00:00","og_image":[{"width":626,"height":364,"url":"https:\/\/super-news.info\/es\/wp-content\/uploads\/sites\/4\/2019\/07\/El-fin-de-los-centros-comerciales-tradicionales.jpg","type":"image\/jpeg"}],"author":"super-news","twitter_card":"summary_large_image","twitter_misc":{"Written by":"super-news","Est. reading time":"4 minutes"},"schema":{"@context":"https:\/\/schema.org","@graph":[{"@type":"Article","@id":"https:\/\/super-news.info\/es\/el-fin-de-los-centros-comerciales-tradicionales\/#article","isPartOf":{"@id":"https:\/\/super-news.info\/es\/el-fin-de-los-centros-comerciales-tradicionales\/"},"author":{"name":"super-news","@id":"https:\/\/super-news.info\/es\/#\/schema\/person\/2d4068cb2f39cd10008c2fce578a7356"},"headline":"El fin de los centros comerciales tradicionales","datePublished":"2019-07-26T09:37:48+00:00","dateModified":"2019-07-26T09:37:49+00:00","mainEntityOfPage":{"@id":"https:\/\/super-news.info\/es\/el-fin-de-los-centros-comerciales-tradicionales\/"},"wordCount":858,"commentCount":0,"image":{"@id":"https:\/\/super-news.info\/es\/el-fin-de-los-centros-comerciales-tradicionales\/#primaryimage"},"thumbnailUrl":"https:\/\/super-news.info\/es\/wp-content\/uploads\/sites\/4\/2019\/07\/El-fin-de-los-centros-comerciales-tradicionales.jpg","articleSection":["NOTICIAS DE MARKETING DIGITAL"],"inLanguage":"en-US","potentialAction":[{"@type":"CommentAction","name":"Comment","target":["https:\/\/super-news.info\/es\/el-fin-de-los-centros-comerciales-tradicionales\/#respond"]}]},{"@type":"WebPage","@id":"https:\/\/super-news.info\/es\/el-fin-de-los-centros-comerciales-tradicionales\/","url":"https:\/\/super-news.info\/es\/el-fin-de-los-centros-comerciales-tradicionales\/","name":"El fin de los centros comerciales tradicionales - Super News","isPartOf":{"@id":"https:\/\/super-news.info\/es\/#website"},"primaryImageOfPage":{"@id":"https:\/\/super-news.info\/es\/el-fin-de-los-centros-comerciales-tradicionales\/#primaryimage"},"image":{"@id":"https:\/\/super-news.info\/es\/el-fin-de-los-centros-comerciales-tradicionales\/#primaryimage"},"thumbnailUrl":"https:\/\/super-news.info\/es\/wp-content\/uploads\/sites\/4\/2019\/07\/El-fin-de-los-centros-comerciales-tradicionales.jpg","datePublished":"2019-07-26T09:37:48+00:00","dateModified":"2019-07-26T09:37:49+00:00","author":{"@id":"https:\/\/super-news.info\/es\/#\/schema\/person\/2d4068cb2f39cd10008c2fce578a7356"},"breadcrumb":{"@id":"https:\/\/super-news.info\/es\/el-fin-de-los-centros-comerciales-tradicionales\/#breadcrumb"},"inLanguage":"en-US","potentialAction":[{"@type":"ReadAction","target":["https:\/\/super-news.info\/es\/el-fin-de-los-centros-comerciales-tradicionales\/"]}]},{"@type":"ImageObject","inLanguage":"en-US","@id":"https:\/\/super-news.info\/es\/el-fin-de-los-centros-comerciales-tradicionales\/#primaryimage","url":"https:\/\/super-news.info\/es\/wp-content\/uploads\/sites\/4\/2019\/07\/El-fin-de-los-centros-comerciales-tradicionales.jpg","contentUrl":"https:\/\/super-news.info\/es\/wp-content\/uploads\/sites\/4\/2019\/07\/El-fin-de-los-centros-comerciales-tradicionales.jpg","width":626,"height":364,"caption":"La Vaguada"},{"@type":"BreadcrumbList","@id":"https:\/\/super-news.info\/es\/el-fin-de-los-centros-comerciales-tradicionales\/#breadcrumb","itemListElement":[{"@type":"ListItem","position":1,"name":"\u0413\u043b\u0430\u0432\u043d\u0430\u044f \u0441\u0442\u0440\u0430\u043d\u0438\u0446\u0430","item":"https:\/\/super-news.info\/es\/"},{"@type":"ListItem","position":2,"name":"El fin de los centros comerciales tradicionales"}]},{"@type":"WebSite","@id":"https:\/\/super-news.info\/es\/#website","url":"https:\/\/super-news.info\/es\/","name":"Super News","description":"Super News Espa\u00f1a","potentialAction":[{"@type":"SearchAction","target":{"@type":"EntryPoint","urlTemplate":"https:\/\/super-news.info\/es\/?s={search_term_string}"},"query-input":{"@type":"PropertyValueSpecification","valueRequired":true,"valueName":"search_term_string"}}],"inLanguage":"en-US"},{"@type":"Person","@id":"https:\/\/super-news.info\/es\/#\/schema\/person\/2d4068cb2f39cd10008c2fce578a7356","name":"super-news","image":{"@type":"ImageObject","inLanguage":"en-US","@id":"https:\/\/secure.gravatar.com\/avatar\/64ebac40b93f26a154f8a9b5b6fdccfc46f442b26b3dd6756dbff3bf9dc76fd7?s=96&d=mm&r=g","url":"https:\/\/secure.gravatar.com\/avatar\/64ebac40b93f26a154f8a9b5b6fdccfc46f442b26b3dd6756dbff3bf9dc76fd7?s=96&d=mm&r=g","contentUrl":"https:\/\/secure.gravatar.com\/avatar\/64ebac40b93f26a154f8a9b5b6fdccfc46f442b26b3dd6756dbff3bf9dc76fd7?s=96&d=mm&r=g","caption":"super-news"},"url":"https:\/\/super-news.info\/es\/author\/pt\/"}]}},"_links":{"self":[{"href":"https:\/\/super-news.info\/es\/wp-json\/wp\/v2\/posts\/7258","targetHints":{"allow":["GET"]}}],"collection":[{"href":"https:\/\/super-news.info\/es\/wp-json\/wp\/v2\/posts"}],"about":[{"href":"https:\/\/super-news.info\/es\/wp-json\/wp\/v2\/types\/post"}],"author":[{"embeddable":true,"href":"https:\/\/super-news.info\/es\/wp-json\/wp\/v2\/users\/2"}],"replies":[{"embeddable":true,"href":"https:\/\/super-news.info\/es\/wp-json\/wp\/v2\/comments?post=7258"}],"version-history":[{"count":1,"href":"https:\/\/super-news.info\/es\/wp-json\/wp\/v2\/posts\/7258\/revisions"}],"predecessor-version":[{"id":7260,"href":"https:\/\/super-news.info\/es\/wp-json\/wp\/v2\/posts\/7258\/revisions\/7260"}],"wp:featuredmedia":[{"embeddable":true,"href":"https:\/\/super-news.info\/es\/wp-json\/wp\/v2\/media\/7259"}],"wp:attachment":[{"href":"https:\/\/super-news.info\/es\/wp-json\/wp\/v2\/media?parent=7258"}],"wp:term":[{"taxonomy":"category","embeddable":true,"href":"https:\/\/super-news.info\/es\/wp-json\/wp\/v2\/categories?post=7258"},{"taxonomy":"post_tag","embeddable":true,"href":"https:\/\/super-news.info\/es\/wp-json\/wp\/v2\/tags?post=7258"}],"curies":[{"name":"wp","href":"https:\/\/api.w.org\/{rel}","templated":true}]}}