{"id":6989,"date":"2019-07-23T11:30:55","date_gmt":"2019-07-23T08:30:55","guid":{"rendered":"https:\/\/super-news.info\/es\/la-ocupacion-sumara-mas-de-300-000-empleos-en-el-segundo-trimestre-y-el-paro-bajara-del-14-segun-expertos\/"},"modified":"2019-07-23T11:30:56","modified_gmt":"2019-07-23T08:30:56","slug":"la-ocupacion-sumara-mas-de-300-000-empleos-en-el-segundo-trimestre-y-el-paro-bajara-del-14-segun-expertos","status":"publish","type":"post","link":"https:\/\/super-news.info\/es\/la-ocupacion-sumara-mas-de-300-000-empleos-en-el-segundo-trimestre-y-el-paro-bajara-del-14-segun-expertos\/","title":{"rendered":"La ocupaci\u00f3n sumar\u00e1 m\u00e1s de 300.000 empleos en el segundo trimestre y el paro bajar\u00e1 del 14%, seg\u00fan expertos"},"content":{"rendered":"<p> [ad_1]<\/p>\n<div id=\"CuerpoNoticiav2\" itemprop=\"articleBody\">\n<p>MADRID, 23 Jul. (EUROPA PRESS) &#8211; <\/p>\n<p itemprop=\"description\">   La ocupaci\u00f3n superar\u00e1 los 300.000 empleos en la Encuesta de Poblaci\u00f3n Activa (EPA) del segundo trimestre y el paro bajar\u00e1 por primera vez en los \u00faltimos once a\u00f1os del 14%, seg\u00fan expertos consultados por Europa Press.<\/p>\n<p>   Desde Randstad Research se espera que la EPA del segundo trimestre, que publicar\u00e1 el Instituto Nacional de Estad\u00edstica (INE) el pr\u00f3ximo jueves 25 de julio, sea &#8220;sin\u00f3nimo de buenas noticias&#8221;.<\/p>\n<p>   Seg\u00fan ha remarcado a Europa Press el director de Randstad Research, Valent\u00edn Bote, el segundo trimestre es siempre uno de los mejores trimestres del a\u00f1o. Por ello, considera que cabr\u00eda esperar una &#8220;fuerte&#8221; creaci\u00f3n de empleo que superar\u00e1 los 300.000 ocupados.<\/p>\n<p>   Respecto a la tasa de paro, Randstad Research espera que haya una reducci\u00f3n que oscile entre un punto y un punto y medio, por la que esta podr\u00eda quedar cerca del 13%.<\/p>\n<p>   Bote ha se\u00f1alado que si esto ocurre, se alcanzar\u00eda una tasa de paro que &#8220;no se ve\u00eda desde 2013&#8221;. En la actualidad, la tasa de paro se encuentra en el 14,7%.<\/p>\n<h2 class=\"ladillo\">ASEMPLEO: &#8220;LOS PEORES DATOS PARA UN SEGUNDO TRIMESTRE&#8221;<\/h2>\n<p>   Por su parte, la patronal de las empresas de trabajo temporal Asempleo cree que la EPA reflejar\u00e1 un aumento del empleo de 339.000 personas, hasta los 19,8 millones de ocupados, y un descenso del paro de 243.000 desempleados. No obstante, ha dejado claro que si se cumplen sus previsiones, ser\u00edan &#8220;los peores datos para un segundo trimestre desde el ejercicio 2016&#8221;.<\/p>\n<p>   Asempleo ha explicado que el a\u00f1o pasado se alcanz\u00f3 un r\u00e9cord hist\u00f3rico de creaci\u00f3n de empleo en el segundo trimestre, con 469.900 nuevos ocupados, mientras que en 2017 se generaron 375.000 puestos de trabajo.<\/p>\n<p>   As\u00ed, ha se\u00f1alado que sus previsiones apuntan a que estas cifras no se superar\u00e1n debido a que el dinamismo en la creaci\u00f3n de empleo observado en el primer trimestre se moder\u00f3 en el segundo, una tendencia que prev\u00e9 que se mantenga tambi\u00e9n en el tercer trimestre, con un aumento medio del empleo del 2,2% interanual, que llevar\u00e1 el n\u00famero de ocupados hasta los 19,95 millones de trabajadores.<\/p>\n<p>   En cuanto al desempleo, la patronal de agencias privadas de empleo calcula que \u00e9ste se reducir\u00e1 en 243.000 personas entre abril y junio, frente a los descensos de 306.000 y 340.700 parados logrados en los segundos trimestres de 2018 y 2017, respectivamente.<\/p>\n<p>   No obstante, ha dejado claro que ello no impedir\u00e1 que la tasa de paro cierre junio en el 13,6%, frente al 14,7% del primer trimestre, bajando as\u00ed del 14% por primera vez desde 2008. En concreto, de cumplirse estas estimaciones, la tasa de desempleo del segundo trimestre ser\u00e1 la m\u00e1s baja que registre la econom\u00eda espa\u00f1ola desde el tercer trimestre de 2008, cuando se situ\u00f3 en el 11,2%.<\/p>\n<p>   &#8220;Tras varias sorpresas positivas desde principios de a\u00f1o, los datos de junio nos han devuelto a la senda de desaceleraci\u00f3n en el ritmo de creaci\u00f3n de empleo y de reducci\u00f3n del paro que es consistente con la evoluci\u00f3n macroecon\u00f3mica&#8221;, ha se\u00f1alado el presidente de Asempleo, Andreu Crua\u00f1as.<\/p>\n<\/div>\n<p>[ad_2]<br \/>\n<br \/><a href=\"https:\/\/www.europapress.es\/economia\/laboral-00346\/noticia-ocupacion-sumara-mas-300000-empleos-segundo-trimestre-paro-bajara-14-expertos-20190723095939.html\">Source link <\/a><\/p>\n","protected":false},"excerpt":{"rendered":"<p>[ad_1] MADRID, 23 Jul. (EUROPA PRESS) &#8211; La ocupaci\u00f3n superar\u00e1 los 300.000 empleos en la Encuesta de Poblaci\u00f3n Activa (EPA) del segundo trimestre y el paro bajar\u00e1 por primera vez en los \u00faltimos once a\u00f1os del 14%, seg\u00fan expertos consultados por Europa Press. Desde Randstad Research se espera que la EPA del segundo trimestre, que [&hellip;]<\/p>\n","protected":false},"author":2,"featured_media":6990,"comment_status":"open","ping_status":"open","sticky":false,"template":"","format":"standard","meta":{"footnotes":""},"categories":[1],"tags":[],"class_list":["post-6989","post","type-post","status-publish","format-standard","has-post-thumbnail","hentry","category-noticias-financieras"],"yoast_head":"<!-- This site is optimized with the Yoast SEO plugin v27.4 - https:\/\/yoast.com\/product\/yoast-seo-wordpress\/ -->\n<title>La ocupaci\u00f3n sumar\u00e1 m\u00e1s de 300.000 empleos en el segundo trimestre y el paro bajar\u00e1 del 14%, seg\u00fan expertos - Super News<\/title>\n<meta name=\"robots\" content=\"index, follow, max-snippet:-1, max-image-preview:large, max-video-preview:-1\" \/>\n<link rel=\"canonical\" href=\"https:\/\/super-news.info\/es\/la-ocupacion-sumara-mas-de-300-000-empleos-en-el-segundo-trimestre-y-el-paro-bajara-del-14-segun-expertos\/\" \/>\n<meta property=\"og:locale\" content=\"en_US\" \/>\n<meta property=\"og:type\" content=\"article\" \/>\n<meta property=\"og:title\" content=\"La ocupaci\u00f3n sumar\u00e1 m\u00e1s de 300.000 empleos en el segundo trimestre y el paro bajar\u00e1 del 14%, seg\u00fan expertos - Super News\" \/>\n<meta property=\"og:description\" content=\"[ad_1] MADRID, 23 Jul. (EUROPA PRESS) &#8211; La ocupaci\u00f3n superar\u00e1 los 300.000 empleos en la Encuesta de Poblaci\u00f3n Activa (EPA) del segundo trimestre y el paro bajar\u00e1 por primera vez en los \u00faltimos once a\u00f1os del 14%, seg\u00fan expertos consultados por Europa Press. Desde Randstad Research se espera que la EPA del segundo trimestre, que [&hellip;]\" \/>\n<meta property=\"og:url\" content=\"https:\/\/super-news.info\/es\/la-ocupacion-sumara-mas-de-300-000-empleos-en-el-segundo-trimestre-y-el-paro-bajara-del-14-segun-expertos\/\" \/>\n<meta property=\"og:site_name\" content=\"Super News\" \/>\n<meta property=\"article:published_time\" content=\"2019-07-23T08:30:55+00:00\" \/>\n<meta property=\"article:modified_time\" content=\"2019-07-23T08:30:56+00:00\" \/>\n<meta property=\"og:image\" content=\"https:\/\/super-news.info\/es\/wp-content\/uploads\/sites\/4\/2019\/07\/La-ocupaci\u00f3n-sumar\u00e1-m\u00e1s-de-300.000-empleos-en-el-segundo.jpg\" \/>\n\t<meta property=\"og:image:width\" content=\"120\" \/>\n\t<meta property=\"og:image:height\" content=\"80\" \/>\n\t<meta property=\"og:image:type\" content=\"image\/jpeg\" \/>\n<meta name=\"author\" content=\"super-news\" \/>\n<meta name=\"twitter:card\" content=\"summary_large_image\" \/>\n<meta name=\"twitter:label1\" content=\"Written by\" \/>\n\t<meta name=\"twitter:data1\" content=\"super-news\" \/>\n\t<meta name=\"twitter:label2\" content=\"Est. reading time\" \/>\n\t<meta name=\"twitter:data2\" content=\"3 minutes\" \/>\n<script type=\"application\/ld+json\" class=\"yoast-schema-graph\">{\"@context\":\"https:\\\/\\\/schema.org\",\"@graph\":[{\"@type\":\"Article\",\"@id\":\"https:\\\/\\\/super-news.info\\\/es\\\/la-ocupacion-sumara-mas-de-300-000-empleos-en-el-segundo-trimestre-y-el-paro-bajara-del-14-segun-expertos\\\/#article\",\"isPartOf\":{\"@id\":\"https:\\\/\\\/super-news.info\\\/es\\\/la-ocupacion-sumara-mas-de-300-000-empleos-en-el-segundo-trimestre-y-el-paro-bajara-del-14-segun-expertos\\\/\"},\"author\":{\"name\":\"super-news\",\"@id\":\"https:\\\/\\\/super-news.info\\\/es\\\/#\\\/schema\\\/person\\\/2d4068cb2f39cd10008c2fce578a7356\"},\"headline\":\"La ocupaci\u00f3n sumar\u00e1 m\u00e1s de 300.000 empleos en el segundo trimestre y el paro bajar\u00e1 del 14%, seg\u00fan expertos\",\"datePublished\":\"2019-07-23T08:30:55+00:00\",\"dateModified\":\"2019-07-23T08:30:56+00:00\",\"mainEntityOfPage\":{\"@id\":\"https:\\\/\\\/super-news.info\\\/es\\\/la-ocupacion-sumara-mas-de-300-000-empleos-en-el-segundo-trimestre-y-el-paro-bajara-del-14-segun-expertos\\\/\"},\"wordCount\":537,\"commentCount\":0,\"image\":{\"@id\":\"https:\\\/\\\/super-news.info\\\/es\\\/la-ocupacion-sumara-mas-de-300-000-empleos-en-el-segundo-trimestre-y-el-paro-bajara-del-14-segun-expertos\\\/#primaryimage\"},\"thumbnailUrl\":\"https:\\\/\\\/super-news.info\\\/es\\\/wp-content\\\/uploads\\\/sites\\\/4\\\/2019\\\/07\\\/La-ocupaci\u00f3n-sumar\u00e1-m\u00e1s-de-300.000-empleos-en-el-segundo.jpg\",\"articleSection\":[\"NOTICIAS FINANCIERAS\"],\"inLanguage\":\"en-US\",\"potentialAction\":[{\"@type\":\"CommentAction\",\"name\":\"Comment\",\"target\":[\"https:\\\/\\\/super-news.info\\\/es\\\/la-ocupacion-sumara-mas-de-300-000-empleos-en-el-segundo-trimestre-y-el-paro-bajara-del-14-segun-expertos\\\/#respond\"]}]},{\"@type\":\"WebPage\",\"@id\":\"https:\\\/\\\/super-news.info\\\/es\\\/la-ocupacion-sumara-mas-de-300-000-empleos-en-el-segundo-trimestre-y-el-paro-bajara-del-14-segun-expertos\\\/\",\"url\":\"https:\\\/\\\/super-news.info\\\/es\\\/la-ocupacion-sumara-mas-de-300-000-empleos-en-el-segundo-trimestre-y-el-paro-bajara-del-14-segun-expertos\\\/\",\"name\":\"La ocupaci\u00f3n sumar\u00e1 m\u00e1s de 300.000 empleos en el segundo trimestre y el paro bajar\u00e1 del 14%, seg\u00fan expertos - Super News\",\"isPartOf\":{\"@id\":\"https:\\\/\\\/super-news.info\\\/es\\\/#website\"},\"primaryImageOfPage\":{\"@id\":\"https:\\\/\\\/super-news.info\\\/es\\\/la-ocupacion-sumara-mas-de-300-000-empleos-en-el-segundo-trimestre-y-el-paro-bajara-del-14-segun-expertos\\\/#primaryimage\"},\"image\":{\"@id\":\"https:\\\/\\\/super-news.info\\\/es\\\/la-ocupacion-sumara-mas-de-300-000-empleos-en-el-segundo-trimestre-y-el-paro-bajara-del-14-segun-expertos\\\/#primaryimage\"},\"thumbnailUrl\":\"https:\\\/\\\/super-news.info\\\/es\\\/wp-content\\\/uploads\\\/sites\\\/4\\\/2019\\\/07\\\/La-ocupaci\u00f3n-sumar\u00e1-m\u00e1s-de-300.000-empleos-en-el-segundo.jpg\",\"datePublished\":\"2019-07-23T08:30:55+00:00\",\"dateModified\":\"2019-07-23T08:30:56+00:00\",\"author\":{\"@id\":\"https:\\\/\\\/super-news.info\\\/es\\\/#\\\/schema\\\/person\\\/2d4068cb2f39cd10008c2fce578a7356\"},\"breadcrumb\":{\"@id\":\"https:\\\/\\\/super-news.info\\\/es\\\/la-ocupacion-sumara-mas-de-300-000-empleos-en-el-segundo-trimestre-y-el-paro-bajara-del-14-segun-expertos\\\/#breadcrumb\"},\"inLanguage\":\"en-US\",\"potentialAction\":[{\"@type\":\"ReadAction\",\"target\":[\"https:\\\/\\\/super-news.info\\\/es\\\/la-ocupacion-sumara-mas-de-300-000-empleos-en-el-segundo-trimestre-y-el-paro-bajara-del-14-segun-expertos\\\/\"]}]},{\"@type\":\"ImageObject\",\"inLanguage\":\"en-US\",\"@id\":\"https:\\\/\\\/super-news.info\\\/es\\\/la-ocupacion-sumara-mas-de-300-000-empleos-en-el-segundo-trimestre-y-el-paro-bajara-del-14-segun-expertos\\\/#primaryimage\",\"url\":\"https:\\\/\\\/super-news.info\\\/es\\\/wp-content\\\/uploads\\\/sites\\\/4\\\/2019\\\/07\\\/La-ocupaci\u00f3n-sumar\u00e1-m\u00e1s-de-300.000-empleos-en-el-segundo.jpg\",\"contentUrl\":\"https:\\\/\\\/super-news.info\\\/es\\\/wp-content\\\/uploads\\\/sites\\\/4\\\/2019\\\/07\\\/La-ocupaci\u00f3n-sumar\u00e1-m\u00e1s-de-300.000-empleos-en-el-segundo.jpg\",\"width\":120,\"height\":80,\"caption\":\"La ocupaci\u00f3n sumar\u00e1 m\u00e1s de 300.000 empleos en el segundo trimestre y el paro bajar\u00e1 del 14%, seg\u00fan expertos\"},{\"@type\":\"BreadcrumbList\",\"@id\":\"https:\\\/\\\/super-news.info\\\/es\\\/la-ocupacion-sumara-mas-de-300-000-empleos-en-el-segundo-trimestre-y-el-paro-bajara-del-14-segun-expertos\\\/#breadcrumb\",\"itemListElement\":[{\"@type\":\"ListItem\",\"position\":1,\"name\":\"\u0413\u043b\u0430\u0432\u043d\u0430\u044f \u0441\u0442\u0440\u0430\u043d\u0438\u0446\u0430\",\"item\":\"https:\\\/\\\/super-news.info\\\/es\\\/\"},{\"@type\":\"ListItem\",\"position\":2,\"name\":\"La ocupaci\u00f3n sumar\u00e1 m\u00e1s de 300.000 empleos en el segundo trimestre y el paro bajar\u00e1 del 14%, seg\u00fan expertos\"}]},{\"@type\":\"WebSite\",\"@id\":\"https:\\\/\\\/super-news.info\\\/es\\\/#website\",\"url\":\"https:\\\/\\\/super-news.info\\\/es\\\/\",\"name\":\"Super News\",\"description\":\"Super News Espa\u00f1a\",\"potentialAction\":[{\"@type\":\"SearchAction\",\"target\":{\"@type\":\"EntryPoint\",\"urlTemplate\":\"https:\\\/\\\/super-news.info\\\/es\\\/?s={search_term_string}\"},\"query-input\":{\"@type\":\"PropertyValueSpecification\",\"valueRequired\":true,\"valueName\":\"search_term_string\"}}],\"inLanguage\":\"en-US\"},{\"@type\":\"Person\",\"@id\":\"https:\\\/\\\/super-news.info\\\/es\\\/#\\\/schema\\\/person\\\/2d4068cb2f39cd10008c2fce578a7356\",\"name\":\"super-news\",\"image\":{\"@type\":\"ImageObject\",\"inLanguage\":\"en-US\",\"@id\":\"https:\\\/\\\/secure.gravatar.com\\\/avatar\\\/64ebac40b93f26a154f8a9b5b6fdccfc46f442b26b3dd6756dbff3bf9dc76fd7?s=96&d=mm&r=g\",\"url\":\"https:\\\/\\\/secure.gravatar.com\\\/avatar\\\/64ebac40b93f26a154f8a9b5b6fdccfc46f442b26b3dd6756dbff3bf9dc76fd7?s=96&d=mm&r=g\",\"contentUrl\":\"https:\\\/\\\/secure.gravatar.com\\\/avatar\\\/64ebac40b93f26a154f8a9b5b6fdccfc46f442b26b3dd6756dbff3bf9dc76fd7?s=96&d=mm&r=g\",\"caption\":\"super-news\"},\"url\":\"https:\\\/\\\/super-news.info\\\/es\\\/author\\\/pt\\\/\"}]}<\/script>\n<!-- \/ Yoast SEO plugin. -->","yoast_head_json":{"title":"La ocupaci\u00f3n sumar\u00e1 m\u00e1s de 300.000 empleos en el segundo trimestre y el paro bajar\u00e1 del 14%, seg\u00fan expertos - Super News","robots":{"index":"index","follow":"follow","max-snippet":"max-snippet:-1","max-image-preview":"max-image-preview:large","max-video-preview":"max-video-preview:-1"},"canonical":"https:\/\/super-news.info\/es\/la-ocupacion-sumara-mas-de-300-000-empleos-en-el-segundo-trimestre-y-el-paro-bajara-del-14-segun-expertos\/","og_locale":"en_US","og_type":"article","og_title":"La ocupaci\u00f3n sumar\u00e1 m\u00e1s de 300.000 empleos en el segundo trimestre y el paro bajar\u00e1 del 14%, seg\u00fan expertos - Super News","og_description":"[ad_1] MADRID, 23 Jul. (EUROPA PRESS) &#8211; La ocupaci\u00f3n superar\u00e1 los 300.000 empleos en la Encuesta de Poblaci\u00f3n Activa (EPA) del segundo trimestre y el paro bajar\u00e1 por primera vez en los \u00faltimos once a\u00f1os del 14%, seg\u00fan expertos consultados por Europa Press. Desde Randstad Research se espera que la EPA del segundo trimestre, que [&hellip;]","og_url":"https:\/\/super-news.info\/es\/la-ocupacion-sumara-mas-de-300-000-empleos-en-el-segundo-trimestre-y-el-paro-bajara-del-14-segun-expertos\/","og_site_name":"Super News","article_published_time":"2019-07-23T08:30:55+00:00","article_modified_time":"2019-07-23T08:30:56+00:00","og_image":[{"width":120,"height":80,"url":"https:\/\/super-news.info\/es\/wp-content\/uploads\/sites\/4\/2019\/07\/La-ocupaci\u00f3n-sumar\u00e1-m\u00e1s-de-300.000-empleos-en-el-segundo.jpg","type":"image\/jpeg"}],"author":"super-news","twitter_card":"summary_large_image","twitter_misc":{"Written by":"super-news","Est. reading time":"3 minutes"},"schema":{"@context":"https:\/\/schema.org","@graph":[{"@type":"Article","@id":"https:\/\/super-news.info\/es\/la-ocupacion-sumara-mas-de-300-000-empleos-en-el-segundo-trimestre-y-el-paro-bajara-del-14-segun-expertos\/#article","isPartOf":{"@id":"https:\/\/super-news.info\/es\/la-ocupacion-sumara-mas-de-300-000-empleos-en-el-segundo-trimestre-y-el-paro-bajara-del-14-segun-expertos\/"},"author":{"name":"super-news","@id":"https:\/\/super-news.info\/es\/#\/schema\/person\/2d4068cb2f39cd10008c2fce578a7356"},"headline":"La ocupaci\u00f3n sumar\u00e1 m\u00e1s de 300.000 empleos en el segundo trimestre y el paro bajar\u00e1 del 14%, seg\u00fan expertos","datePublished":"2019-07-23T08:30:55+00:00","dateModified":"2019-07-23T08:30:56+00:00","mainEntityOfPage":{"@id":"https:\/\/super-news.info\/es\/la-ocupacion-sumara-mas-de-300-000-empleos-en-el-segundo-trimestre-y-el-paro-bajara-del-14-segun-expertos\/"},"wordCount":537,"commentCount":0,"image":{"@id":"https:\/\/super-news.info\/es\/la-ocupacion-sumara-mas-de-300-000-empleos-en-el-segundo-trimestre-y-el-paro-bajara-del-14-segun-expertos\/#primaryimage"},"thumbnailUrl":"https:\/\/super-news.info\/es\/wp-content\/uploads\/sites\/4\/2019\/07\/La-ocupaci\u00f3n-sumar\u00e1-m\u00e1s-de-300.000-empleos-en-el-segundo.jpg","articleSection":["NOTICIAS FINANCIERAS"],"inLanguage":"en-US","potentialAction":[{"@type":"CommentAction","name":"Comment","target":["https:\/\/super-news.info\/es\/la-ocupacion-sumara-mas-de-300-000-empleos-en-el-segundo-trimestre-y-el-paro-bajara-del-14-segun-expertos\/#respond"]}]},{"@type":"WebPage","@id":"https:\/\/super-news.info\/es\/la-ocupacion-sumara-mas-de-300-000-empleos-en-el-segundo-trimestre-y-el-paro-bajara-del-14-segun-expertos\/","url":"https:\/\/super-news.info\/es\/la-ocupacion-sumara-mas-de-300-000-empleos-en-el-segundo-trimestre-y-el-paro-bajara-del-14-segun-expertos\/","name":"La ocupaci\u00f3n sumar\u00e1 m\u00e1s de 300.000 empleos en el segundo trimestre y el paro bajar\u00e1 del 14%, seg\u00fan expertos - Super News","isPartOf":{"@id":"https:\/\/super-news.info\/es\/#website"},"primaryImageOfPage":{"@id":"https:\/\/super-news.info\/es\/la-ocupacion-sumara-mas-de-300-000-empleos-en-el-segundo-trimestre-y-el-paro-bajara-del-14-segun-expertos\/#primaryimage"},"image":{"@id":"https:\/\/super-news.info\/es\/la-ocupacion-sumara-mas-de-300-000-empleos-en-el-segundo-trimestre-y-el-paro-bajara-del-14-segun-expertos\/#primaryimage"},"thumbnailUrl":"https:\/\/super-news.info\/es\/wp-content\/uploads\/sites\/4\/2019\/07\/La-ocupaci\u00f3n-sumar\u00e1-m\u00e1s-de-300.000-empleos-en-el-segundo.jpg","datePublished":"2019-07-23T08:30:55+00:00","dateModified":"2019-07-23T08:30:56+00:00","author":{"@id":"https:\/\/super-news.info\/es\/#\/schema\/person\/2d4068cb2f39cd10008c2fce578a7356"},"breadcrumb":{"@id":"https:\/\/super-news.info\/es\/la-ocupacion-sumara-mas-de-300-000-empleos-en-el-segundo-trimestre-y-el-paro-bajara-del-14-segun-expertos\/#breadcrumb"},"inLanguage":"en-US","potentialAction":[{"@type":"ReadAction","target":["https:\/\/super-news.info\/es\/la-ocupacion-sumara-mas-de-300-000-empleos-en-el-segundo-trimestre-y-el-paro-bajara-del-14-segun-expertos\/"]}]},{"@type":"ImageObject","inLanguage":"en-US","@id":"https:\/\/super-news.info\/es\/la-ocupacion-sumara-mas-de-300-000-empleos-en-el-segundo-trimestre-y-el-paro-bajara-del-14-segun-expertos\/#primaryimage","url":"https:\/\/super-news.info\/es\/wp-content\/uploads\/sites\/4\/2019\/07\/La-ocupaci\u00f3n-sumar\u00e1-m\u00e1s-de-300.000-empleos-en-el-segundo.jpg","contentUrl":"https:\/\/super-news.info\/es\/wp-content\/uploads\/sites\/4\/2019\/07\/La-ocupaci\u00f3n-sumar\u00e1-m\u00e1s-de-300.000-empleos-en-el-segundo.jpg","width":120,"height":80,"caption":"La ocupaci\u00f3n sumar\u00e1 m\u00e1s de 300.000 empleos en el segundo trimestre y el paro bajar\u00e1 del 14%, seg\u00fan expertos"},{"@type":"BreadcrumbList","@id":"https:\/\/super-news.info\/es\/la-ocupacion-sumara-mas-de-300-000-empleos-en-el-segundo-trimestre-y-el-paro-bajara-del-14-segun-expertos\/#breadcrumb","itemListElement":[{"@type":"ListItem","position":1,"name":"\u0413\u043b\u0430\u0432\u043d\u0430\u044f \u0441\u0442\u0440\u0430\u043d\u0438\u0446\u0430","item":"https:\/\/super-news.info\/es\/"},{"@type":"ListItem","position":2,"name":"La ocupaci\u00f3n sumar\u00e1 m\u00e1s de 300.000 empleos en el segundo trimestre y el paro bajar\u00e1 del 14%, seg\u00fan expertos"}]},{"@type":"WebSite","@id":"https:\/\/super-news.info\/es\/#website","url":"https:\/\/super-news.info\/es\/","name":"Super News","description":"Super News Espa\u00f1a","potentialAction":[{"@type":"SearchAction","target":{"@type":"EntryPoint","urlTemplate":"https:\/\/super-news.info\/es\/?s={search_term_string}"},"query-input":{"@type":"PropertyValueSpecification","valueRequired":true,"valueName":"search_term_string"}}],"inLanguage":"en-US"},{"@type":"Person","@id":"https:\/\/super-news.info\/es\/#\/schema\/person\/2d4068cb2f39cd10008c2fce578a7356","name":"super-news","image":{"@type":"ImageObject","inLanguage":"en-US","@id":"https:\/\/secure.gravatar.com\/avatar\/64ebac40b93f26a154f8a9b5b6fdccfc46f442b26b3dd6756dbff3bf9dc76fd7?s=96&d=mm&r=g","url":"https:\/\/secure.gravatar.com\/avatar\/64ebac40b93f26a154f8a9b5b6fdccfc46f442b26b3dd6756dbff3bf9dc76fd7?s=96&d=mm&r=g","contentUrl":"https:\/\/secure.gravatar.com\/avatar\/64ebac40b93f26a154f8a9b5b6fdccfc46f442b26b3dd6756dbff3bf9dc76fd7?s=96&d=mm&r=g","caption":"super-news"},"url":"https:\/\/super-news.info\/es\/author\/pt\/"}]}},"_links":{"self":[{"href":"https:\/\/super-news.info\/es\/wp-json\/wp\/v2\/posts\/6989","targetHints":{"allow":["GET"]}}],"collection":[{"href":"https:\/\/super-news.info\/es\/wp-json\/wp\/v2\/posts"}],"about":[{"href":"https:\/\/super-news.info\/es\/wp-json\/wp\/v2\/types\/post"}],"author":[{"embeddable":true,"href":"https:\/\/super-news.info\/es\/wp-json\/wp\/v2\/users\/2"}],"replies":[{"embeddable":true,"href":"https:\/\/super-news.info\/es\/wp-json\/wp\/v2\/comments?post=6989"}],"version-history":[{"count":1,"href":"https:\/\/super-news.info\/es\/wp-json\/wp\/v2\/posts\/6989\/revisions"}],"predecessor-version":[{"id":6991,"href":"https:\/\/super-news.info\/es\/wp-json\/wp\/v2\/posts\/6989\/revisions\/6991"}],"wp:featuredmedia":[{"embeddable":true,"href":"https:\/\/super-news.info\/es\/wp-json\/wp\/v2\/media\/6990"}],"wp:attachment":[{"href":"https:\/\/super-news.info\/es\/wp-json\/wp\/v2\/media?parent=6989"}],"wp:term":[{"taxonomy":"category","embeddable":true,"href":"https:\/\/super-news.info\/es\/wp-json\/wp\/v2\/categories?post=6989"},{"taxonomy":"post_tag","embeddable":true,"href":"https:\/\/super-news.info\/es\/wp-json\/wp\/v2\/tags?post=6989"}],"curies":[{"name":"wp","href":"https:\/\/api.w.org\/{rel}","templated":true}]}}