{"id":6942,"date":"2019-07-22T19:23:32","date_gmt":"2019-07-22T16:23:32","guid":{"rendered":"https:\/\/super-news.info\/es\/el-periodo-medio-de-pago-a-proveedores-baja-en-el-estado-y-en-las-cc-aa-en-mayo\/"},"modified":"2019-07-22T19:23:33","modified_gmt":"2019-07-22T16:23:33","slug":"el-periodo-medio-de-pago-a-proveedores-baja-en-el-estado-y-en-las-cc-aa-en-mayo","status":"publish","type":"post","link":"https:\/\/super-news.info\/es\/el-periodo-medio-de-pago-a-proveedores-baja-en-el-estado-y-en-las-cc-aa-en-mayo\/","title":{"rendered":"El periodo medio de pago a proveedores baja en el Estado y en las CC.AA. en mayo"},"content":{"rendered":"<p> [ad_1]<br \/>\n<\/p>\n<div id=\"CuerpoNoticiav2\" itemprop=\"articleBody\">\n<p>MADRID, 22 Jul. (EUROPA PRESS) &#8211; <\/p>\n<p itemprop=\"description\">   El periodo medio de pago a proveedores (PMP) descendi\u00f3 3,77 d\u00edas en la Administraci\u00f3n Central en mayo, hasta los 31,84 d\u00edas, al tiempo que se redujo 1,37 d\u00edas en las comunidades aut\u00f3nomas, hasta 33,51 d\u00edas, seg\u00fan los datos publicados este lunes por el Ministerio de Hacienda.<\/p>\n<p>   Asimismo, el conjunto de las entidades locales registr\u00f3 un periodo medio de pago de 61,04 d\u00edas, lo que implica 8,42 d\u00edas menos que en abril, en tanto que el PMP registrado en los Fondos de la Seguridad Social se situ\u00f3 en 13,11 d\u00edas, lo que supone un aumento de 0,86 d\u00edas.<\/p>\n<p>   En el caso de la Administraci\u00f3n Central, la ratio de operaciones pagadas se situ\u00f3 en 33,74 d\u00edas, mientras que la de operaciones pendientes de pago alcanz\u00f3 los 29,7 d\u00edas.<\/p>\n<p>   Respecto a la composici\u00f3n del PMP de las comunidades aut\u00f3nomas en mayo (33,1 d\u00edas), la ratio de operaciones pagadas se situ\u00f3 en 27,61 d\u00edas (3,7 d\u00edas menos) y la de operaciones pendientes de pago en 39,67 d\u00edas (1,04 d\u00edas menos).<\/p>\n<h2 class=\"ladillo\">BALEARES TARDA M\u00c1S DE 51 D\u00cdAS<\/h2>\n<p>   Por comunidades aut\u00f3nomas, la que m\u00e1s tard\u00f3 en pagar a los proveedores en mayo fue Islas Baleares, con un total de 51,26 d\u00edas, lo que supone 21,26 d\u00edas m\u00e1s que el l\u00edmite establecido. Tambi\u00e9n se demoraron Comunidad Valenciana (49,43 d\u00edas), Catalu\u00f1a (43,22 d\u00edas), La Rioja (42,95 d\u00edas), Murcia (42,84 d\u00edas) y Cantabria (41,32 d\u00edas).<\/p>\n<p>   Por debajo del l\u00edmite de 30 d\u00edas quedaron el resto: Andaluc\u00eda (17,37 d\u00edas), Arag\u00f3n (28,9 d\u00edas), Asturias (22,14 d\u00edas), Canarias (18,74 d\u00edas), Castilla y Le\u00f3n (23,75 d\u00edas), Castilla-La Mancha (26,68 d\u00edas), Extremadura (21,83 d\u00edas), Galicia (14,99 d\u00edas), Madrid (25,97 d\u00edas), Navarra (24,53 d\u00edas) y Pa\u00eds Vasco (20,24 d\u00edas).<\/p>\n<p>   Asimismo, el importe de la deuda comercial de las comunidades aut\u00f3nomas ascendi\u00f3 en mayo a 4.468,79 millones de euros, equivalente al 0,36% del PIB nacional. En relaci\u00f3n con la deuda comercial del mes anterior, se registr\u00f3 un incremento del 9,53%, equivalente a 388,93 millones de euros.<\/p>\n<p>   De las principales ciudades, una presenta un PMP superior a 60 d\u00edas y tres m\u00e1s de 30 d\u00edas en mayo. As\u00ed, Las Palmas de Gran Canaria (70,53 d\u00edas), Coru\u00f1a (44,31 d\u00edas) y Sevilla (36,15 d\u00edas)  son las que registraron un PMP superior al l\u00edmite legal, mientras que por debajo quedaron M\u00e1laga (29,65 d\u00edas), Palma (28,76 d\u00edas), Valencia (26,71 d\u00edas), Murcia (24,87 d\u00edas), Zaragoza (21,99 d\u00edas), Madrid (20 d\u00edas) y  Barcelona (12,87 d\u00edas).<\/p>\n<p>   Por \u00faltimo, en el caso de los Fondos de la Seguridad Social, el PMP fue de 13,11 d\u00edas, 0,86 d\u00edas m\u00e1s. La ratio de operaciones pagadas se cifr\u00f3 en 10,83 d\u00edas, mientras que la ratio de operaciones pendientes de pago se situ\u00f3 en 24,08 d\u00edas.<\/p>\n<\/div>\n<p>[ad_2]<br \/>\n<br \/><a href=\"https:\/\/www.europapress.es\/economia\/macroeconomia-00338\/noticia-periodo-medio-pago-proveedores-baja-estado-ccaa-mayo-20190722180120.html\">Source link <\/a><\/p>\n","protected":false},"excerpt":{"rendered":"<p>[ad_1] MADRID, 22 Jul. (EUROPA PRESS) &#8211; El periodo medio de pago a proveedores (PMP) descendi\u00f3 3,77 d\u00edas en la Administraci\u00f3n Central en mayo, hasta los 31,84 d\u00edas, al tiempo que se redujo 1,37 d\u00edas en las comunidades aut\u00f3nomas, hasta 33,51 d\u00edas, seg\u00fan los datos publicados este lunes por el Ministerio de Hacienda. Asimismo, el [&hellip;]<\/p>\n","protected":false},"author":2,"featured_media":180,"comment_status":"open","ping_status":"open","sticky":false,"template":"","format":"standard","meta":{"footnotes":""},"categories":[1],"tags":[],"class_list":["post-6942","post","type-post","status-publish","format-standard","has-post-thumbnail","hentry","category-noticias-financieras"],"yoast_head":"<!-- This site is optimized with the Yoast SEO plugin v27.4 - https:\/\/yoast.com\/product\/yoast-seo-wordpress\/ -->\n<title>El periodo medio de pago a proveedores baja en el Estado y en las CC.AA. en mayo - Super News<\/title>\n<meta name=\"robots\" content=\"index, follow, max-snippet:-1, max-image-preview:large, max-video-preview:-1\" \/>\n<link rel=\"canonical\" href=\"https:\/\/super-news.info\/es\/el-periodo-medio-de-pago-a-proveedores-baja-en-el-estado-y-en-las-cc-aa-en-mayo\/\" \/>\n<meta property=\"og:locale\" content=\"en_US\" \/>\n<meta property=\"og:type\" content=\"article\" \/>\n<meta property=\"og:title\" content=\"El periodo medio de pago a proveedores baja en el Estado y en las CC.AA. en mayo - Super News\" \/>\n<meta property=\"og:description\" content=\"[ad_1] MADRID, 22 Jul. (EUROPA PRESS) &#8211; El periodo medio de pago a proveedores (PMP) descendi\u00f3 3,77 d\u00edas en la Administraci\u00f3n Central en mayo, hasta los 31,84 d\u00edas, al tiempo que se redujo 1,37 d\u00edas en las comunidades aut\u00f3nomas, hasta 33,51 d\u00edas, seg\u00fan los datos publicados este lunes por el Ministerio de Hacienda. Asimismo, el [&hellip;]\" \/>\n<meta property=\"og:url\" content=\"https:\/\/super-news.info\/es\/el-periodo-medio-de-pago-a-proveedores-baja-en-el-estado-y-en-las-cc-aa-en-mayo\/\" \/>\n<meta property=\"og:site_name\" content=\"Super News\" \/>\n<meta property=\"article:published_time\" content=\"2019-07-22T16:23:32+00:00\" \/>\n<meta property=\"article:modified_time\" content=\"2019-07-22T16:23:33+00:00\" \/>\n<meta property=\"og:image\" content=\"https:\/\/super-news.info\/es\/wp-content\/uploads\/sites\/4\/2019\/04\/La-tasa-de-empleo-de-la-OCDE-registr\u00f3-un-r\u00e9cord.jpg\" \/>\n\t<meta property=\"og:image:width\" content=\"1024\" \/>\n\t<meta property=\"og:image:height\" content=\"512\" \/>\n\t<meta property=\"og:image:type\" content=\"image\/jpeg\" \/>\n<meta name=\"author\" content=\"super-news\" \/>\n<meta name=\"twitter:card\" content=\"summary_large_image\" \/>\n<meta name=\"twitter:label1\" content=\"Written by\" \/>\n\t<meta name=\"twitter:data1\" content=\"super-news\" \/>\n\t<meta name=\"twitter:label2\" content=\"Est. reading time\" \/>\n\t<meta name=\"twitter:data2\" content=\"2 minutes\" \/>\n<script type=\"application\/ld+json\" class=\"yoast-schema-graph\">{\"@context\":\"https:\\\/\\\/schema.org\",\"@graph\":[{\"@type\":\"Article\",\"@id\":\"https:\\\/\\\/super-news.info\\\/es\\\/el-periodo-medio-de-pago-a-proveedores-baja-en-el-estado-y-en-las-cc-aa-en-mayo\\\/#article\",\"isPartOf\":{\"@id\":\"https:\\\/\\\/super-news.info\\\/es\\\/el-periodo-medio-de-pago-a-proveedores-baja-en-el-estado-y-en-las-cc-aa-en-mayo\\\/\"},\"author\":{\"name\":\"super-news\",\"@id\":\"https:\\\/\\\/super-news.info\\\/es\\\/#\\\/schema\\\/person\\\/2d4068cb2f39cd10008c2fce578a7356\"},\"headline\":\"El periodo medio de pago a proveedores baja en el Estado y en las CC.AA. en mayo\",\"datePublished\":\"2019-07-22T16:23:32+00:00\",\"dateModified\":\"2019-07-22T16:23:33+00:00\",\"mainEntityOfPage\":{\"@id\":\"https:\\\/\\\/super-news.info\\\/es\\\/el-periodo-medio-de-pago-a-proveedores-baja-en-el-estado-y-en-las-cc-aa-en-mayo\\\/\"},\"wordCount\":485,\"commentCount\":0,\"image\":{\"@id\":\"https:\\\/\\\/super-news.info\\\/es\\\/el-periodo-medio-de-pago-a-proveedores-baja-en-el-estado-y-en-las-cc-aa-en-mayo\\\/#primaryimage\"},\"thumbnailUrl\":\"https:\\\/\\\/super-news.info\\\/es\\\/wp-content\\\/uploads\\\/sites\\\/4\\\/2019\\\/04\\\/La-tasa-de-empleo-de-la-OCDE-registr\u00f3-un-r\u00e9cord.jpg\",\"articleSection\":[\"NOTICIAS FINANCIERAS\"],\"inLanguage\":\"en-US\",\"potentialAction\":[{\"@type\":\"CommentAction\",\"name\":\"Comment\",\"target\":[\"https:\\\/\\\/super-news.info\\\/es\\\/el-periodo-medio-de-pago-a-proveedores-baja-en-el-estado-y-en-las-cc-aa-en-mayo\\\/#respond\"]}]},{\"@type\":\"WebPage\",\"@id\":\"https:\\\/\\\/super-news.info\\\/es\\\/el-periodo-medio-de-pago-a-proveedores-baja-en-el-estado-y-en-las-cc-aa-en-mayo\\\/\",\"url\":\"https:\\\/\\\/super-news.info\\\/es\\\/el-periodo-medio-de-pago-a-proveedores-baja-en-el-estado-y-en-las-cc-aa-en-mayo\\\/\",\"name\":\"El periodo medio de pago a proveedores baja en el Estado y en las CC.AA. en mayo - Super News\",\"isPartOf\":{\"@id\":\"https:\\\/\\\/super-news.info\\\/es\\\/#website\"},\"primaryImageOfPage\":{\"@id\":\"https:\\\/\\\/super-news.info\\\/es\\\/el-periodo-medio-de-pago-a-proveedores-baja-en-el-estado-y-en-las-cc-aa-en-mayo\\\/#primaryimage\"},\"image\":{\"@id\":\"https:\\\/\\\/super-news.info\\\/es\\\/el-periodo-medio-de-pago-a-proveedores-baja-en-el-estado-y-en-las-cc-aa-en-mayo\\\/#primaryimage\"},\"thumbnailUrl\":\"https:\\\/\\\/super-news.info\\\/es\\\/wp-content\\\/uploads\\\/sites\\\/4\\\/2019\\\/04\\\/La-tasa-de-empleo-de-la-OCDE-registr\u00f3-un-r\u00e9cord.jpg\",\"datePublished\":\"2019-07-22T16:23:32+00:00\",\"dateModified\":\"2019-07-22T16:23:33+00:00\",\"author\":{\"@id\":\"https:\\\/\\\/super-news.info\\\/es\\\/#\\\/schema\\\/person\\\/2d4068cb2f39cd10008c2fce578a7356\"},\"breadcrumb\":{\"@id\":\"https:\\\/\\\/super-news.info\\\/es\\\/el-periodo-medio-de-pago-a-proveedores-baja-en-el-estado-y-en-las-cc-aa-en-mayo\\\/#breadcrumb\"},\"inLanguage\":\"en-US\",\"potentialAction\":[{\"@type\":\"ReadAction\",\"target\":[\"https:\\\/\\\/super-news.info\\\/es\\\/el-periodo-medio-de-pago-a-proveedores-baja-en-el-estado-y-en-las-cc-aa-en-mayo\\\/\"]}]},{\"@type\":\"ImageObject\",\"inLanguage\":\"en-US\",\"@id\":\"https:\\\/\\\/super-news.info\\\/es\\\/el-periodo-medio-de-pago-a-proveedores-baja-en-el-estado-y-en-las-cc-aa-en-mayo\\\/#primaryimage\",\"url\":\"https:\\\/\\\/super-news.info\\\/es\\\/wp-content\\\/uploads\\\/sites\\\/4\\\/2019\\\/04\\\/La-tasa-de-empleo-de-la-OCDE-registr\u00f3-un-r\u00e9cord.jpg\",\"contentUrl\":\"https:\\\/\\\/super-news.info\\\/es\\\/wp-content\\\/uploads\\\/sites\\\/4\\\/2019\\\/04\\\/La-tasa-de-empleo-de-la-OCDE-registr\u00f3-un-r\u00e9cord.jpg\",\"width\":1024,\"height\":512,\"caption\":\"La tasa de empleo de la OCDE registr\u00f3 un r\u00e9cord del 68,6% al cierre de 2018\"},{\"@type\":\"BreadcrumbList\",\"@id\":\"https:\\\/\\\/super-news.info\\\/es\\\/el-periodo-medio-de-pago-a-proveedores-baja-en-el-estado-y-en-las-cc-aa-en-mayo\\\/#breadcrumb\",\"itemListElement\":[{\"@type\":\"ListItem\",\"position\":1,\"name\":\"\u0413\u043b\u0430\u0432\u043d\u0430\u044f \u0441\u0442\u0440\u0430\u043d\u0438\u0446\u0430\",\"item\":\"https:\\\/\\\/super-news.info\\\/es\\\/\"},{\"@type\":\"ListItem\",\"position\":2,\"name\":\"El periodo medio de pago a proveedores baja en el Estado y en las CC.AA. en mayo\"}]},{\"@type\":\"WebSite\",\"@id\":\"https:\\\/\\\/super-news.info\\\/es\\\/#website\",\"url\":\"https:\\\/\\\/super-news.info\\\/es\\\/\",\"name\":\"Super News\",\"description\":\"Super News Espa\u00f1a\",\"potentialAction\":[{\"@type\":\"SearchAction\",\"target\":{\"@type\":\"EntryPoint\",\"urlTemplate\":\"https:\\\/\\\/super-news.info\\\/es\\\/?s={search_term_string}\"},\"query-input\":{\"@type\":\"PropertyValueSpecification\",\"valueRequired\":true,\"valueName\":\"search_term_string\"}}],\"inLanguage\":\"en-US\"},{\"@type\":\"Person\",\"@id\":\"https:\\\/\\\/super-news.info\\\/es\\\/#\\\/schema\\\/person\\\/2d4068cb2f39cd10008c2fce578a7356\",\"name\":\"super-news\",\"image\":{\"@type\":\"ImageObject\",\"inLanguage\":\"en-US\",\"@id\":\"https:\\\/\\\/secure.gravatar.com\\\/avatar\\\/64ebac40b93f26a154f8a9b5b6fdccfc46f442b26b3dd6756dbff3bf9dc76fd7?s=96&d=mm&r=g\",\"url\":\"https:\\\/\\\/secure.gravatar.com\\\/avatar\\\/64ebac40b93f26a154f8a9b5b6fdccfc46f442b26b3dd6756dbff3bf9dc76fd7?s=96&d=mm&r=g\",\"contentUrl\":\"https:\\\/\\\/secure.gravatar.com\\\/avatar\\\/64ebac40b93f26a154f8a9b5b6fdccfc46f442b26b3dd6756dbff3bf9dc76fd7?s=96&d=mm&r=g\",\"caption\":\"super-news\"},\"url\":\"https:\\\/\\\/super-news.info\\\/es\\\/author\\\/pt\\\/\"}]}<\/script>\n<!-- \/ Yoast SEO plugin. -->","yoast_head_json":{"title":"El periodo medio de pago a proveedores baja en el Estado y en las CC.AA. en mayo - Super News","robots":{"index":"index","follow":"follow","max-snippet":"max-snippet:-1","max-image-preview":"max-image-preview:large","max-video-preview":"max-video-preview:-1"},"canonical":"https:\/\/super-news.info\/es\/el-periodo-medio-de-pago-a-proveedores-baja-en-el-estado-y-en-las-cc-aa-en-mayo\/","og_locale":"en_US","og_type":"article","og_title":"El periodo medio de pago a proveedores baja en el Estado y en las CC.AA. en mayo - Super News","og_description":"[ad_1] MADRID, 22 Jul. (EUROPA PRESS) &#8211; El periodo medio de pago a proveedores (PMP) descendi\u00f3 3,77 d\u00edas en la Administraci\u00f3n Central en mayo, hasta los 31,84 d\u00edas, al tiempo que se redujo 1,37 d\u00edas en las comunidades aut\u00f3nomas, hasta 33,51 d\u00edas, seg\u00fan los datos publicados este lunes por el Ministerio de Hacienda. Asimismo, el [&hellip;]","og_url":"https:\/\/super-news.info\/es\/el-periodo-medio-de-pago-a-proveedores-baja-en-el-estado-y-en-las-cc-aa-en-mayo\/","og_site_name":"Super News","article_published_time":"2019-07-22T16:23:32+00:00","article_modified_time":"2019-07-22T16:23:33+00:00","og_image":[{"width":1024,"height":512,"url":"https:\/\/super-news.info\/es\/wp-content\/uploads\/sites\/4\/2019\/04\/La-tasa-de-empleo-de-la-OCDE-registr\u00f3-un-r\u00e9cord.jpg","type":"image\/jpeg"}],"author":"super-news","twitter_card":"summary_large_image","twitter_misc":{"Written by":"super-news","Est. reading time":"2 minutes"},"schema":{"@context":"https:\/\/schema.org","@graph":[{"@type":"Article","@id":"https:\/\/super-news.info\/es\/el-periodo-medio-de-pago-a-proveedores-baja-en-el-estado-y-en-las-cc-aa-en-mayo\/#article","isPartOf":{"@id":"https:\/\/super-news.info\/es\/el-periodo-medio-de-pago-a-proveedores-baja-en-el-estado-y-en-las-cc-aa-en-mayo\/"},"author":{"name":"super-news","@id":"https:\/\/super-news.info\/es\/#\/schema\/person\/2d4068cb2f39cd10008c2fce578a7356"},"headline":"El periodo medio de pago a proveedores baja en el Estado y en las CC.AA. en mayo","datePublished":"2019-07-22T16:23:32+00:00","dateModified":"2019-07-22T16:23:33+00:00","mainEntityOfPage":{"@id":"https:\/\/super-news.info\/es\/el-periodo-medio-de-pago-a-proveedores-baja-en-el-estado-y-en-las-cc-aa-en-mayo\/"},"wordCount":485,"commentCount":0,"image":{"@id":"https:\/\/super-news.info\/es\/el-periodo-medio-de-pago-a-proveedores-baja-en-el-estado-y-en-las-cc-aa-en-mayo\/#primaryimage"},"thumbnailUrl":"https:\/\/super-news.info\/es\/wp-content\/uploads\/sites\/4\/2019\/04\/La-tasa-de-empleo-de-la-OCDE-registr\u00f3-un-r\u00e9cord.jpg","articleSection":["NOTICIAS FINANCIERAS"],"inLanguage":"en-US","potentialAction":[{"@type":"CommentAction","name":"Comment","target":["https:\/\/super-news.info\/es\/el-periodo-medio-de-pago-a-proveedores-baja-en-el-estado-y-en-las-cc-aa-en-mayo\/#respond"]}]},{"@type":"WebPage","@id":"https:\/\/super-news.info\/es\/el-periodo-medio-de-pago-a-proveedores-baja-en-el-estado-y-en-las-cc-aa-en-mayo\/","url":"https:\/\/super-news.info\/es\/el-periodo-medio-de-pago-a-proveedores-baja-en-el-estado-y-en-las-cc-aa-en-mayo\/","name":"El periodo medio de pago a proveedores baja en el Estado y en las CC.AA. en mayo - Super News","isPartOf":{"@id":"https:\/\/super-news.info\/es\/#website"},"primaryImageOfPage":{"@id":"https:\/\/super-news.info\/es\/el-periodo-medio-de-pago-a-proveedores-baja-en-el-estado-y-en-las-cc-aa-en-mayo\/#primaryimage"},"image":{"@id":"https:\/\/super-news.info\/es\/el-periodo-medio-de-pago-a-proveedores-baja-en-el-estado-y-en-las-cc-aa-en-mayo\/#primaryimage"},"thumbnailUrl":"https:\/\/super-news.info\/es\/wp-content\/uploads\/sites\/4\/2019\/04\/La-tasa-de-empleo-de-la-OCDE-registr\u00f3-un-r\u00e9cord.jpg","datePublished":"2019-07-22T16:23:32+00:00","dateModified":"2019-07-22T16:23:33+00:00","author":{"@id":"https:\/\/super-news.info\/es\/#\/schema\/person\/2d4068cb2f39cd10008c2fce578a7356"},"breadcrumb":{"@id":"https:\/\/super-news.info\/es\/el-periodo-medio-de-pago-a-proveedores-baja-en-el-estado-y-en-las-cc-aa-en-mayo\/#breadcrumb"},"inLanguage":"en-US","potentialAction":[{"@type":"ReadAction","target":["https:\/\/super-news.info\/es\/el-periodo-medio-de-pago-a-proveedores-baja-en-el-estado-y-en-las-cc-aa-en-mayo\/"]}]},{"@type":"ImageObject","inLanguage":"en-US","@id":"https:\/\/super-news.info\/es\/el-periodo-medio-de-pago-a-proveedores-baja-en-el-estado-y-en-las-cc-aa-en-mayo\/#primaryimage","url":"https:\/\/super-news.info\/es\/wp-content\/uploads\/sites\/4\/2019\/04\/La-tasa-de-empleo-de-la-OCDE-registr\u00f3-un-r\u00e9cord.jpg","contentUrl":"https:\/\/super-news.info\/es\/wp-content\/uploads\/sites\/4\/2019\/04\/La-tasa-de-empleo-de-la-OCDE-registr\u00f3-un-r\u00e9cord.jpg","width":1024,"height":512,"caption":"La tasa de empleo de la OCDE registr\u00f3 un r\u00e9cord del 68,6% al cierre de 2018"},{"@type":"BreadcrumbList","@id":"https:\/\/super-news.info\/es\/el-periodo-medio-de-pago-a-proveedores-baja-en-el-estado-y-en-las-cc-aa-en-mayo\/#breadcrumb","itemListElement":[{"@type":"ListItem","position":1,"name":"\u0413\u043b\u0430\u0432\u043d\u0430\u044f \u0441\u0442\u0440\u0430\u043d\u0438\u0446\u0430","item":"https:\/\/super-news.info\/es\/"},{"@type":"ListItem","position":2,"name":"El periodo medio de pago a proveedores baja en el Estado y en las CC.AA. en mayo"}]},{"@type":"WebSite","@id":"https:\/\/super-news.info\/es\/#website","url":"https:\/\/super-news.info\/es\/","name":"Super News","description":"Super News Espa\u00f1a","potentialAction":[{"@type":"SearchAction","target":{"@type":"EntryPoint","urlTemplate":"https:\/\/super-news.info\/es\/?s={search_term_string}"},"query-input":{"@type":"PropertyValueSpecification","valueRequired":true,"valueName":"search_term_string"}}],"inLanguage":"en-US"},{"@type":"Person","@id":"https:\/\/super-news.info\/es\/#\/schema\/person\/2d4068cb2f39cd10008c2fce578a7356","name":"super-news","image":{"@type":"ImageObject","inLanguage":"en-US","@id":"https:\/\/secure.gravatar.com\/avatar\/64ebac40b93f26a154f8a9b5b6fdccfc46f442b26b3dd6756dbff3bf9dc76fd7?s=96&d=mm&r=g","url":"https:\/\/secure.gravatar.com\/avatar\/64ebac40b93f26a154f8a9b5b6fdccfc46f442b26b3dd6756dbff3bf9dc76fd7?s=96&d=mm&r=g","contentUrl":"https:\/\/secure.gravatar.com\/avatar\/64ebac40b93f26a154f8a9b5b6fdccfc46f442b26b3dd6756dbff3bf9dc76fd7?s=96&d=mm&r=g","caption":"super-news"},"url":"https:\/\/super-news.info\/es\/author\/pt\/"}]}},"_links":{"self":[{"href":"https:\/\/super-news.info\/es\/wp-json\/wp\/v2\/posts\/6942","targetHints":{"allow":["GET"]}}],"collection":[{"href":"https:\/\/super-news.info\/es\/wp-json\/wp\/v2\/posts"}],"about":[{"href":"https:\/\/super-news.info\/es\/wp-json\/wp\/v2\/types\/post"}],"author":[{"embeddable":true,"href":"https:\/\/super-news.info\/es\/wp-json\/wp\/v2\/users\/2"}],"replies":[{"embeddable":true,"href":"https:\/\/super-news.info\/es\/wp-json\/wp\/v2\/comments?post=6942"}],"version-history":[{"count":1,"href":"https:\/\/super-news.info\/es\/wp-json\/wp\/v2\/posts\/6942\/revisions"}],"predecessor-version":[{"id":6943,"href":"https:\/\/super-news.info\/es\/wp-json\/wp\/v2\/posts\/6942\/revisions\/6943"}],"wp:featuredmedia":[{"embeddable":true,"href":"https:\/\/super-news.info\/es\/wp-json\/wp\/v2\/media\/180"}],"wp:attachment":[{"href":"https:\/\/super-news.info\/es\/wp-json\/wp\/v2\/media?parent=6942"}],"wp:term":[{"taxonomy":"category","embeddable":true,"href":"https:\/\/super-news.info\/es\/wp-json\/wp\/v2\/categories?post=6942"},{"taxonomy":"post_tag","embeddable":true,"href":"https:\/\/super-news.info\/es\/wp-json\/wp\/v2\/tags?post=6942"}],"curies":[{"name":"wp","href":"https:\/\/api.w.org\/{rel}","templated":true}]}}