{"id":6939,"date":"2019-07-22T18:14:22","date_gmt":"2019-07-22T15:14:22","guid":{"rendered":"https:\/\/super-news.info\/es\/las-gasistas-trasladan-a-la-cnmc-que-sus-drasticos-recortes-para-el-sector-no-son-coherentes\/"},"modified":"2019-07-22T18:14:23","modified_gmt":"2019-07-22T15:14:23","slug":"las-gasistas-trasladan-a-la-cnmc-que-sus-drasticos-recortes-para-el-sector-no-son-coherentes","status":"publish","type":"post","link":"https:\/\/super-news.info\/es\/las-gasistas-trasladan-a-la-cnmc-que-sus-drasticos-recortes-para-el-sector-no-son-coherentes\/","title":{"rendered":"Las gasistas trasladan a la CNMC que sus &#8220;dr\u00e1sticos&#8221; recortes para el sector no son &#8220;coherentes&#8221;"},"content":{"rendered":"<p> [ad_1]<\/p>\n<div id=\"CuerpoNoticiav2\" itemprop=\"articleBody\">\n<h3 class=\"subsubhead\">Lamentan la &#8220;poca o nula interacci\u00f3n&#8221; del regulador con los agentes involucrados<\/h3>\n<p>   MADRID, 22 Jul. (EUROPA PRESS) &#8211; <\/p>\n<p itemprop=\"description\">   La Asociaci\u00f3n Espa\u00f1ola del Gas (Sedig\u00e1s) ha trasladado a la Comisi\u00f3n Nacional de los Mercados y la Competencia (CNMC) que su propuesta de recortes a la retribuci\u00f3n del sector no es &#8220;coherente&#8221; y que el impacto del recorte que prev\u00e9 en la factura &#8220;dista mucho de ser aplicable&#8221;, por lo que ha pedido que la revisi\u00f3n regulatoria se base en &#8220;un proceso pausado, ordenado y de escucha activa&#8221;.<\/p>\n<p>   La patronal gasista se ha reunido este lunes con la Sala de Regulaci\u00f3n de la CNMC, presidida por la vicepresidenta del organismo regulador, Mar\u00eda Fern\u00e1ndez P\u00e9rez, y los cuatro consejeros que la componen.<\/p>\n<p>   Esta reuni\u00f3n se produce despu\u00e9s de la que Sedig\u00e1s ya mantuvo la pasada semana con el Ministerio para la Transici\u00f3n Ecol\u00f3gica para abordar la propuesta de circulares de la CNMC, en las que se plantea un recorte en el siguiente periodo del 17,8% a la distribuci\u00f3n de gas y del 21,8% a la de transporte de gas y regasificaci\u00f3n.<\/p>\n<p>   En un comunicado, Sedig\u00e1s indic\u00f3 que en este encuentro con el regulador ha trasladado &#8220;la falta de an\u00e1lisis de detalle&#8221; de las circulares, as\u00ed como del &#8220;impacto y de las consecuencias econ\u00f3micas del recorte en retribuci\u00f3n y transporte de gas&#8221;.<\/p>\n<p>   El sector gasista ha se\u00f1alado a la CNMC que el cambio regulatorio que  se propone es &#8220;dr\u00e1stico y no continuista&#8221;. &#8220;No hay evidencias en la propuesta metodol\u00f3gica que se mantenga para los futuros periodos regulatorios o que de nuevo se opte por otro cambio de rumbo. Esto provoca una absoluta falta de previsibilidad que complica la gesti\u00f3n de inversiones que tiene periodos de maduraci\u00f3n, que superan con mucho el \u00e1mbito temporal de las circulares&#8221;, a\u00f1ade.<\/p>\n<h2 class=\"ladillo\">PARALIZAR\u00c1N EL RITMO DE CRECIMIENTO DEL SECTOR.<\/h2>\n<p>   Asimismo, la asociaci\u00f3n ha aprovechado para poner de relieve que estos recortes paralizar\u00edan el ritmo de crecimiento que ven\u00eda experimentando el sector, &#8220;causando una disminuci\u00f3n en la inversi\u00f3n&#8221;.<\/p>\n<p>   Uno de los puntos abordados ha sido el procedimiento de elaboraci\u00f3n de las circulares, cuya revisi\u00f3n regulatoria hubiese requerido, seg\u00fan Sedig\u00e1s, de &#8220;un proceso pausado, ordenado y de escucha activa por parte de la CNMC para con los sectores implicados&#8221;.<\/p>\n<p>   La patronal tambi\u00e9n ha lamentado la &#8220;poca o nula interacci\u00f3n&#8221; con los agentes involucrados, tanto antes como despu\u00e9s de la publicaci\u00f3n de los borradores; as\u00ed como la urgencia de la tramitaci\u00f3n para un proceso que se inicia dentro de dos a\u00f1os; y que &#8220;la escasez de plazos para recibir comentarios son dif\u00edcilmente justificables&#8221;.<\/p>\n<p>   De esta manera, subraya que el cambio retributivo &#8220;no previsible&#8221; tambi\u00e9n ha sido uno de los temas tratados, ya que el informe elaborado en 2017 por el regulador &#8220;no es justificativo ni de la falta de transparencia ni de la cuant\u00eda y justificaci\u00f3n del recorte&#8221;.<\/p>\n<h2 class=\"ladillo\">EL PROCEDER DE LA CNMC &#8220;NO ES HABITUAL&#8221;.<\/h2>\n<p>   As\u00ed, Sedig\u00e1s considera que el proceder seguido esta vez por la CNMC no es habitual dentro del ejercicio de transparencia que realizan otros reguladores, ya que se debe medir los impactos de la regulaci\u00f3n que dicta en funci\u00f3n de los objetivos de la metodolog\u00eda de la regulaci\u00f3n dictada, que ser\u00edan la eficiencia de las empresas y la evoluci\u00f3n de costes en el sistema.<\/p>\n<p>   A este respecto, el sector gasista estima que el impacto a las empresas gestoras de las infraestructuras de red de gas &#8220;no est\u00e1 adecuadamente valorado en las memorias econ\u00f3micas que acompa\u00f1an a los borradores de circulares&#8221;.<\/p>\n<p>   &#8220;Esta minusvaloraci\u00f3n en el impacto en las empresas, distorsiona el diagn\u00f3stico de los efectos de la circulares en t\u00e9rminos de empleo, inversi\u00f3n y crecimiento de la evoluci\u00f3n de la demanda&#8221;, a\u00f1ade.<\/p>\n<p>   Asimismo, y m\u00e1s all\u00e1 del impacto sobre las empresas, Sedig\u00e1s afirma que la metodolog\u00eda restringir\u00e1 la demanda, limitar\u00e1 las alternativas de sustituci\u00f3n de los combustibles m\u00e1s contaminantes y podr\u00eda llegar &#8220;a provocar que el gas sea desplazado por alternativas m\u00e1s contaminantes.<\/p>\n<p>   Por ello, denuncia la necesidad de iniciar el proceso de propuesta de circulares tras realizar una contabilidad regulatoria que justifique las valoraciones que se presenta en las propuestas de circulares.<\/p>\n<p>   En lo que se refiere al impacto en la factura del gas, tampoco comparte la opini\u00f3n de la CNMC y cree que el recorte en retribuci\u00f3n solo se podr\u00eda llegar a traducir en recorte de coste para el consumidor en el caso de recuperaci\u00f3n completa del d\u00e9ficit acumulado del sistema, algo que, con la situaci\u00f3n actual, se prev\u00e9 que suceder\u00eda en 2022, pero que corre peligro con el cambio regulatorio. &#8220;En el nuevo escenario, la tendencia de la demanda se revertir\u00e1, con lo que el d\u00e9ficit acumulado podr\u00eda alargarse m\u00e1s all\u00e1 del 2023&#8221;, advierte.<\/p>\n<\/div>\n<p>[ad_2]<br \/>\n<br \/><a href=\"https:\/\/www.europapress.es\/economia\/energia-00341\/noticia-gasistas-trasladan-cnmc-drasticos-recortes-sector-no-son-coherentes-20190722162505.html\">Source link <\/a><\/p>\n","protected":false},"excerpt":{"rendered":"<p>[ad_1] Lamentan la &#8220;poca o nula interacci\u00f3n&#8221; del regulador con los agentes involucrados MADRID, 22 Jul. (EUROPA PRESS) &#8211; La Asociaci\u00f3n Espa\u00f1ola del Gas (Sedig\u00e1s) ha trasladado a la Comisi\u00f3n Nacional de los Mercados y la Competencia (CNMC) que su propuesta de recortes a la retribuci\u00f3n del sector no es &#8220;coherente&#8221; y que el impacto [&hellip;]<\/p>\n","protected":false},"author":2,"featured_media":6940,"comment_status":"open","ping_status":"open","sticky":false,"template":"","format":"standard","meta":{"footnotes":""},"categories":[1],"tags":[],"class_list":["post-6939","post","type-post","status-publish","format-standard","has-post-thumbnail","hentry","category-noticias-financieras"],"yoast_head":"<!-- This site is optimized with the Yoast SEO plugin v27.4 - https:\/\/yoast.com\/product\/yoast-seo-wordpress\/ -->\n<title>Las gasistas trasladan a la CNMC que sus &quot;dr\u00e1sticos&quot; recortes para el sector no son &quot;coherentes&quot; - Super News<\/title>\n<meta name=\"robots\" content=\"index, follow, max-snippet:-1, max-image-preview:large, max-video-preview:-1\" \/>\n<link rel=\"canonical\" href=\"https:\/\/super-news.info\/es\/las-gasistas-trasladan-a-la-cnmc-que-sus-drasticos-recortes-para-el-sector-no-son-coherentes\/\" \/>\n<meta property=\"og:locale\" content=\"en_US\" \/>\n<meta property=\"og:type\" content=\"article\" \/>\n<meta property=\"og:title\" content=\"Las gasistas trasladan a la CNMC que sus &quot;dr\u00e1sticos&quot; recortes para el sector no son &quot;coherentes&quot; - Super News\" \/>\n<meta property=\"og:description\" content=\"[ad_1] Lamentan la &#8220;poca o nula interacci\u00f3n&#8221; del regulador con los agentes involucrados MADRID, 22 Jul. (EUROPA PRESS) &#8211; La Asociaci\u00f3n Espa\u00f1ola del Gas (Sedig\u00e1s) ha trasladado a la Comisi\u00f3n Nacional de los Mercados y la Competencia (CNMC) que su propuesta de recortes a la retribuci\u00f3n del sector no es &#8220;coherente&#8221; y que el impacto [&hellip;]\" \/>\n<meta property=\"og:url\" content=\"https:\/\/super-news.info\/es\/las-gasistas-trasladan-a-la-cnmc-que-sus-drasticos-recortes-para-el-sector-no-son-coherentes\/\" \/>\n<meta property=\"og:site_name\" content=\"Super News\" \/>\n<meta property=\"article:published_time\" content=\"2019-07-22T15:14:22+00:00\" \/>\n<meta property=\"article:modified_time\" content=\"2019-07-22T15:14:23+00:00\" \/>\n<meta property=\"og:image\" content=\"https:\/\/super-news.info\/es\/wp-content\/uploads\/sites\/4\/2019\/07\/Las-gasistas-trasladan-a-la-CNMC-que-sus-dr\u00e1sticos-recortes.jpg\" \/>\n\t<meta property=\"og:image:width\" content=\"120\" \/>\n\t<meta property=\"og:image:height\" content=\"162\" \/>\n\t<meta property=\"og:image:type\" content=\"image\/jpeg\" \/>\n<meta name=\"author\" content=\"super-news\" \/>\n<meta name=\"twitter:card\" content=\"summary_large_image\" \/>\n<meta name=\"twitter:label1\" content=\"Written by\" \/>\n\t<meta name=\"twitter:data1\" content=\"super-news\" \/>\n\t<meta name=\"twitter:label2\" content=\"Est. reading time\" \/>\n\t<meta name=\"twitter:data2\" content=\"4 minutes\" \/>\n<script type=\"application\/ld+json\" class=\"yoast-schema-graph\">{\"@context\":\"https:\\\/\\\/schema.org\",\"@graph\":[{\"@type\":\"Article\",\"@id\":\"https:\\\/\\\/super-news.info\\\/es\\\/las-gasistas-trasladan-a-la-cnmc-que-sus-drasticos-recortes-para-el-sector-no-son-coherentes\\\/#article\",\"isPartOf\":{\"@id\":\"https:\\\/\\\/super-news.info\\\/es\\\/las-gasistas-trasladan-a-la-cnmc-que-sus-drasticos-recortes-para-el-sector-no-son-coherentes\\\/\"},\"author\":{\"name\":\"super-news\",\"@id\":\"https:\\\/\\\/super-news.info\\\/es\\\/#\\\/schema\\\/person\\\/2d4068cb2f39cd10008c2fce578a7356\"},\"headline\":\"Las gasistas trasladan a la CNMC que sus &#8220;dr\u00e1sticos&#8221; recortes para el sector no son &#8220;coherentes&#8221;\",\"datePublished\":\"2019-07-22T15:14:22+00:00\",\"dateModified\":\"2019-07-22T15:14:23+00:00\",\"mainEntityOfPage\":{\"@id\":\"https:\\\/\\\/super-news.info\\\/es\\\/las-gasistas-trasladan-a-la-cnmc-que-sus-drasticos-recortes-para-el-sector-no-son-coherentes\\\/\"},\"wordCount\":864,\"commentCount\":0,\"image\":{\"@id\":\"https:\\\/\\\/super-news.info\\\/es\\\/las-gasistas-trasladan-a-la-cnmc-que-sus-drasticos-recortes-para-el-sector-no-son-coherentes\\\/#primaryimage\"},\"thumbnailUrl\":\"https:\\\/\\\/super-news.info\\\/es\\\/wp-content\\\/uploads\\\/sites\\\/4\\\/2019\\\/07\\\/Las-gasistas-trasladan-a-la-CNMC-que-sus-dr\u00e1sticos-recortes.jpg\",\"articleSection\":[\"NOTICIAS FINANCIERAS\"],\"inLanguage\":\"en-US\",\"potentialAction\":[{\"@type\":\"CommentAction\",\"name\":\"Comment\",\"target\":[\"https:\\\/\\\/super-news.info\\\/es\\\/las-gasistas-trasladan-a-la-cnmc-que-sus-drasticos-recortes-para-el-sector-no-son-coherentes\\\/#respond\"]}]},{\"@type\":\"WebPage\",\"@id\":\"https:\\\/\\\/super-news.info\\\/es\\\/las-gasistas-trasladan-a-la-cnmc-que-sus-drasticos-recortes-para-el-sector-no-son-coherentes\\\/\",\"url\":\"https:\\\/\\\/super-news.info\\\/es\\\/las-gasistas-trasladan-a-la-cnmc-que-sus-drasticos-recortes-para-el-sector-no-son-coherentes\\\/\",\"name\":\"Las gasistas trasladan a la CNMC que sus \\\"dr\u00e1sticos\\\" recortes para el sector no son \\\"coherentes\\\" - Super News\",\"isPartOf\":{\"@id\":\"https:\\\/\\\/super-news.info\\\/es\\\/#website\"},\"primaryImageOfPage\":{\"@id\":\"https:\\\/\\\/super-news.info\\\/es\\\/las-gasistas-trasladan-a-la-cnmc-que-sus-drasticos-recortes-para-el-sector-no-son-coherentes\\\/#primaryimage\"},\"image\":{\"@id\":\"https:\\\/\\\/super-news.info\\\/es\\\/las-gasistas-trasladan-a-la-cnmc-que-sus-drasticos-recortes-para-el-sector-no-son-coherentes\\\/#primaryimage\"},\"thumbnailUrl\":\"https:\\\/\\\/super-news.info\\\/es\\\/wp-content\\\/uploads\\\/sites\\\/4\\\/2019\\\/07\\\/Las-gasistas-trasladan-a-la-CNMC-que-sus-dr\u00e1sticos-recortes.jpg\",\"datePublished\":\"2019-07-22T15:14:22+00:00\",\"dateModified\":\"2019-07-22T15:14:23+00:00\",\"author\":{\"@id\":\"https:\\\/\\\/super-news.info\\\/es\\\/#\\\/schema\\\/person\\\/2d4068cb2f39cd10008c2fce578a7356\"},\"breadcrumb\":{\"@id\":\"https:\\\/\\\/super-news.info\\\/es\\\/las-gasistas-trasladan-a-la-cnmc-que-sus-drasticos-recortes-para-el-sector-no-son-coherentes\\\/#breadcrumb\"},\"inLanguage\":\"en-US\",\"potentialAction\":[{\"@type\":\"ReadAction\",\"target\":[\"https:\\\/\\\/super-news.info\\\/es\\\/las-gasistas-trasladan-a-la-cnmc-que-sus-drasticos-recortes-para-el-sector-no-son-coherentes\\\/\"]}]},{\"@type\":\"ImageObject\",\"inLanguage\":\"en-US\",\"@id\":\"https:\\\/\\\/super-news.info\\\/es\\\/las-gasistas-trasladan-a-la-cnmc-que-sus-drasticos-recortes-para-el-sector-no-son-coherentes\\\/#primaryimage\",\"url\":\"https:\\\/\\\/super-news.info\\\/es\\\/wp-content\\\/uploads\\\/sites\\\/4\\\/2019\\\/07\\\/Las-gasistas-trasladan-a-la-CNMC-que-sus-dr\u00e1sticos-recortes.jpg\",\"contentUrl\":\"https:\\\/\\\/super-news.info\\\/es\\\/wp-content\\\/uploads\\\/sites\\\/4\\\/2019\\\/07\\\/Las-gasistas-trasladan-a-la-CNMC-que-sus-dr\u00e1sticos-recortes.jpg\",\"width\":120,\"height\":162,\"caption\":\"Las gasistas trasladan a la CNMC que sus \\\"dr\u00e1sticos\\\" recortes para el sector no son \\\"coherentes\\\"\"},{\"@type\":\"BreadcrumbList\",\"@id\":\"https:\\\/\\\/super-news.info\\\/es\\\/las-gasistas-trasladan-a-la-cnmc-que-sus-drasticos-recortes-para-el-sector-no-son-coherentes\\\/#breadcrumb\",\"itemListElement\":[{\"@type\":\"ListItem\",\"position\":1,\"name\":\"\u0413\u043b\u0430\u0432\u043d\u0430\u044f \u0441\u0442\u0440\u0430\u043d\u0438\u0446\u0430\",\"item\":\"https:\\\/\\\/super-news.info\\\/es\\\/\"},{\"@type\":\"ListItem\",\"position\":2,\"name\":\"Las gasistas trasladan a la CNMC que sus &#8220;dr\u00e1sticos&#8221; recortes para el sector no son &#8220;coherentes&#8221;\"}]},{\"@type\":\"WebSite\",\"@id\":\"https:\\\/\\\/super-news.info\\\/es\\\/#website\",\"url\":\"https:\\\/\\\/super-news.info\\\/es\\\/\",\"name\":\"Super News\",\"description\":\"Super News Espa\u00f1a\",\"potentialAction\":[{\"@type\":\"SearchAction\",\"target\":{\"@type\":\"EntryPoint\",\"urlTemplate\":\"https:\\\/\\\/super-news.info\\\/es\\\/?s={search_term_string}\"},\"query-input\":{\"@type\":\"PropertyValueSpecification\",\"valueRequired\":true,\"valueName\":\"search_term_string\"}}],\"inLanguage\":\"en-US\"},{\"@type\":\"Person\",\"@id\":\"https:\\\/\\\/super-news.info\\\/es\\\/#\\\/schema\\\/person\\\/2d4068cb2f39cd10008c2fce578a7356\",\"name\":\"super-news\",\"image\":{\"@type\":\"ImageObject\",\"inLanguage\":\"en-US\",\"@id\":\"https:\\\/\\\/secure.gravatar.com\\\/avatar\\\/64ebac40b93f26a154f8a9b5b6fdccfc46f442b26b3dd6756dbff3bf9dc76fd7?s=96&d=mm&r=g\",\"url\":\"https:\\\/\\\/secure.gravatar.com\\\/avatar\\\/64ebac40b93f26a154f8a9b5b6fdccfc46f442b26b3dd6756dbff3bf9dc76fd7?s=96&d=mm&r=g\",\"contentUrl\":\"https:\\\/\\\/secure.gravatar.com\\\/avatar\\\/64ebac40b93f26a154f8a9b5b6fdccfc46f442b26b3dd6756dbff3bf9dc76fd7?s=96&d=mm&r=g\",\"caption\":\"super-news\"},\"url\":\"https:\\\/\\\/super-news.info\\\/es\\\/author\\\/pt\\\/\"}]}<\/script>\n<!-- \/ Yoast SEO plugin. -->","yoast_head_json":{"title":"Las gasistas trasladan a la CNMC que sus \"dr\u00e1sticos\" recortes para el sector no son \"coherentes\" - Super News","robots":{"index":"index","follow":"follow","max-snippet":"max-snippet:-1","max-image-preview":"max-image-preview:large","max-video-preview":"max-video-preview:-1"},"canonical":"https:\/\/super-news.info\/es\/las-gasistas-trasladan-a-la-cnmc-que-sus-drasticos-recortes-para-el-sector-no-son-coherentes\/","og_locale":"en_US","og_type":"article","og_title":"Las gasistas trasladan a la CNMC que sus \"dr\u00e1sticos\" recortes para el sector no son \"coherentes\" - Super News","og_description":"[ad_1] Lamentan la &#8220;poca o nula interacci\u00f3n&#8221; del regulador con los agentes involucrados MADRID, 22 Jul. (EUROPA PRESS) &#8211; La Asociaci\u00f3n Espa\u00f1ola del Gas (Sedig\u00e1s) ha trasladado a la Comisi\u00f3n Nacional de los Mercados y la Competencia (CNMC) que su propuesta de recortes a la retribuci\u00f3n del sector no es &#8220;coherente&#8221; y que el impacto [&hellip;]","og_url":"https:\/\/super-news.info\/es\/las-gasistas-trasladan-a-la-cnmc-que-sus-drasticos-recortes-para-el-sector-no-son-coherentes\/","og_site_name":"Super News","article_published_time":"2019-07-22T15:14:22+00:00","article_modified_time":"2019-07-22T15:14:23+00:00","og_image":[{"width":120,"height":162,"url":"https:\/\/super-news.info\/es\/wp-content\/uploads\/sites\/4\/2019\/07\/Las-gasistas-trasladan-a-la-CNMC-que-sus-dr\u00e1sticos-recortes.jpg","type":"image\/jpeg"}],"author":"super-news","twitter_card":"summary_large_image","twitter_misc":{"Written by":"super-news","Est. reading time":"4 minutes"},"schema":{"@context":"https:\/\/schema.org","@graph":[{"@type":"Article","@id":"https:\/\/super-news.info\/es\/las-gasistas-trasladan-a-la-cnmc-que-sus-drasticos-recortes-para-el-sector-no-son-coherentes\/#article","isPartOf":{"@id":"https:\/\/super-news.info\/es\/las-gasistas-trasladan-a-la-cnmc-que-sus-drasticos-recortes-para-el-sector-no-son-coherentes\/"},"author":{"name":"super-news","@id":"https:\/\/super-news.info\/es\/#\/schema\/person\/2d4068cb2f39cd10008c2fce578a7356"},"headline":"Las gasistas trasladan a la CNMC que sus &#8220;dr\u00e1sticos&#8221; recortes para el sector no son &#8220;coherentes&#8221;","datePublished":"2019-07-22T15:14:22+00:00","dateModified":"2019-07-22T15:14:23+00:00","mainEntityOfPage":{"@id":"https:\/\/super-news.info\/es\/las-gasistas-trasladan-a-la-cnmc-que-sus-drasticos-recortes-para-el-sector-no-son-coherentes\/"},"wordCount":864,"commentCount":0,"image":{"@id":"https:\/\/super-news.info\/es\/las-gasistas-trasladan-a-la-cnmc-que-sus-drasticos-recortes-para-el-sector-no-son-coherentes\/#primaryimage"},"thumbnailUrl":"https:\/\/super-news.info\/es\/wp-content\/uploads\/sites\/4\/2019\/07\/Las-gasistas-trasladan-a-la-CNMC-que-sus-dr\u00e1sticos-recortes.jpg","articleSection":["NOTICIAS FINANCIERAS"],"inLanguage":"en-US","potentialAction":[{"@type":"CommentAction","name":"Comment","target":["https:\/\/super-news.info\/es\/las-gasistas-trasladan-a-la-cnmc-que-sus-drasticos-recortes-para-el-sector-no-son-coherentes\/#respond"]}]},{"@type":"WebPage","@id":"https:\/\/super-news.info\/es\/las-gasistas-trasladan-a-la-cnmc-que-sus-drasticos-recortes-para-el-sector-no-son-coherentes\/","url":"https:\/\/super-news.info\/es\/las-gasistas-trasladan-a-la-cnmc-que-sus-drasticos-recortes-para-el-sector-no-son-coherentes\/","name":"Las gasistas trasladan a la CNMC que sus \"dr\u00e1sticos\" recortes para el sector no son \"coherentes\" - Super News","isPartOf":{"@id":"https:\/\/super-news.info\/es\/#website"},"primaryImageOfPage":{"@id":"https:\/\/super-news.info\/es\/las-gasistas-trasladan-a-la-cnmc-que-sus-drasticos-recortes-para-el-sector-no-son-coherentes\/#primaryimage"},"image":{"@id":"https:\/\/super-news.info\/es\/las-gasistas-trasladan-a-la-cnmc-que-sus-drasticos-recortes-para-el-sector-no-son-coherentes\/#primaryimage"},"thumbnailUrl":"https:\/\/super-news.info\/es\/wp-content\/uploads\/sites\/4\/2019\/07\/Las-gasistas-trasladan-a-la-CNMC-que-sus-dr\u00e1sticos-recortes.jpg","datePublished":"2019-07-22T15:14:22+00:00","dateModified":"2019-07-22T15:14:23+00:00","author":{"@id":"https:\/\/super-news.info\/es\/#\/schema\/person\/2d4068cb2f39cd10008c2fce578a7356"},"breadcrumb":{"@id":"https:\/\/super-news.info\/es\/las-gasistas-trasladan-a-la-cnmc-que-sus-drasticos-recortes-para-el-sector-no-son-coherentes\/#breadcrumb"},"inLanguage":"en-US","potentialAction":[{"@type":"ReadAction","target":["https:\/\/super-news.info\/es\/las-gasistas-trasladan-a-la-cnmc-que-sus-drasticos-recortes-para-el-sector-no-son-coherentes\/"]}]},{"@type":"ImageObject","inLanguage":"en-US","@id":"https:\/\/super-news.info\/es\/las-gasistas-trasladan-a-la-cnmc-que-sus-drasticos-recortes-para-el-sector-no-son-coherentes\/#primaryimage","url":"https:\/\/super-news.info\/es\/wp-content\/uploads\/sites\/4\/2019\/07\/Las-gasistas-trasladan-a-la-CNMC-que-sus-dr\u00e1sticos-recortes.jpg","contentUrl":"https:\/\/super-news.info\/es\/wp-content\/uploads\/sites\/4\/2019\/07\/Las-gasistas-trasladan-a-la-CNMC-que-sus-dr\u00e1sticos-recortes.jpg","width":120,"height":162,"caption":"Las gasistas trasladan a la CNMC que sus \"dr\u00e1sticos\" recortes para el sector no son \"coherentes\""},{"@type":"BreadcrumbList","@id":"https:\/\/super-news.info\/es\/las-gasistas-trasladan-a-la-cnmc-que-sus-drasticos-recortes-para-el-sector-no-son-coherentes\/#breadcrumb","itemListElement":[{"@type":"ListItem","position":1,"name":"\u0413\u043b\u0430\u0432\u043d\u0430\u044f \u0441\u0442\u0440\u0430\u043d\u0438\u0446\u0430","item":"https:\/\/super-news.info\/es\/"},{"@type":"ListItem","position":2,"name":"Las gasistas trasladan a la CNMC que sus &#8220;dr\u00e1sticos&#8221; recortes para el sector no son &#8220;coherentes&#8221;"}]},{"@type":"WebSite","@id":"https:\/\/super-news.info\/es\/#website","url":"https:\/\/super-news.info\/es\/","name":"Super News","description":"Super News Espa\u00f1a","potentialAction":[{"@type":"SearchAction","target":{"@type":"EntryPoint","urlTemplate":"https:\/\/super-news.info\/es\/?s={search_term_string}"},"query-input":{"@type":"PropertyValueSpecification","valueRequired":true,"valueName":"search_term_string"}}],"inLanguage":"en-US"},{"@type":"Person","@id":"https:\/\/super-news.info\/es\/#\/schema\/person\/2d4068cb2f39cd10008c2fce578a7356","name":"super-news","image":{"@type":"ImageObject","inLanguage":"en-US","@id":"https:\/\/secure.gravatar.com\/avatar\/64ebac40b93f26a154f8a9b5b6fdccfc46f442b26b3dd6756dbff3bf9dc76fd7?s=96&d=mm&r=g","url":"https:\/\/secure.gravatar.com\/avatar\/64ebac40b93f26a154f8a9b5b6fdccfc46f442b26b3dd6756dbff3bf9dc76fd7?s=96&d=mm&r=g","contentUrl":"https:\/\/secure.gravatar.com\/avatar\/64ebac40b93f26a154f8a9b5b6fdccfc46f442b26b3dd6756dbff3bf9dc76fd7?s=96&d=mm&r=g","caption":"super-news"},"url":"https:\/\/super-news.info\/es\/author\/pt\/"}]}},"_links":{"self":[{"href":"https:\/\/super-news.info\/es\/wp-json\/wp\/v2\/posts\/6939","targetHints":{"allow":["GET"]}}],"collection":[{"href":"https:\/\/super-news.info\/es\/wp-json\/wp\/v2\/posts"}],"about":[{"href":"https:\/\/super-news.info\/es\/wp-json\/wp\/v2\/types\/post"}],"author":[{"embeddable":true,"href":"https:\/\/super-news.info\/es\/wp-json\/wp\/v2\/users\/2"}],"replies":[{"embeddable":true,"href":"https:\/\/super-news.info\/es\/wp-json\/wp\/v2\/comments?post=6939"}],"version-history":[{"count":1,"href":"https:\/\/super-news.info\/es\/wp-json\/wp\/v2\/posts\/6939\/revisions"}],"predecessor-version":[{"id":6941,"href":"https:\/\/super-news.info\/es\/wp-json\/wp\/v2\/posts\/6939\/revisions\/6941"}],"wp:featuredmedia":[{"embeddable":true,"href":"https:\/\/super-news.info\/es\/wp-json\/wp\/v2\/media\/6940"}],"wp:attachment":[{"href":"https:\/\/super-news.info\/es\/wp-json\/wp\/v2\/media?parent=6939"}],"wp:term":[{"taxonomy":"category","embeddable":true,"href":"https:\/\/super-news.info\/es\/wp-json\/wp\/v2\/categories?post=6939"},{"taxonomy":"post_tag","embeddable":true,"href":"https:\/\/super-news.info\/es\/wp-json\/wp\/v2\/tags?post=6939"}],"curies":[{"name":"wp","href":"https:\/\/api.w.org\/{rel}","templated":true}]}}