{"id":6933,"date":"2019-07-22T17:08:33","date_gmt":"2019-07-22T14:08:33","guid":{"rendered":"https:\/\/super-news.info\/es\/mapfre-eleva-su-prevision-de-crecimiento-al-24-este-ano-pero-alerta-sobre-el-deficit\/"},"modified":"2019-07-22T17:08:34","modified_gmt":"2019-07-22T14:08:34","slug":"mapfre-eleva-su-prevision-de-crecimiento-al-24-este-ano-pero-alerta-sobre-el-deficit","status":"publish","type":"post","link":"https:\/\/super-news.info\/es\/mapfre-eleva-su-prevision-de-crecimiento-al-24-este-ano-pero-alerta-sobre-el-deficit\/","title":{"rendered":"Mapfre eleva su previsi\u00f3n de crecimiento al 2,4% este a\u00f1o pero alerta sobre el d\u00e9ficit"},"content":{"rendered":"<p> [ad_1]<\/p>\n<div id=\"CuerpoNoticiav2\" itemprop=\"articleBody\">\n<p>MADRID, 22 Jul. (EUROPA PRESS) &#8211;  <\/p>\n<p itemprop=\"description\">   El servicio de estudios de Mapfre ha revisado en una d\u00e9cima al alza su previsi\u00f3n de crecimiento para Espa\u00f1a este a\u00f1o, hasta el 2,4%, y en dos d\u00e9cimas la de 2010, hasta el 2,1%, en ambos casos dos d\u00e9cimas por encima de las previsiones oficiales del Gobierno, si bien alerta de que el d\u00e9ficit primario actual parece &#8220;insostenible&#8221;.<\/p>\n<p>   As\u00ed se desprende de la actualizaci\u00f3n trimestral del informe &#8216;Panorama econ\u00f3mico y sectorial 2019&#8217;, publicado por Fundaci\u00f3n Mapfre, en el que espera que la econom\u00eda espa\u00f1ola siga creciendo m\u00e1s que la eurozona, aunque advierte de que la expansi\u00f3n fiscal, como el recurso al ahorro y a la renta, encontrar\u00e1n sus l\u00edmites en 2020.<\/p>\n<p>   En este sentido, se\u00f1ala que el d\u00e9ficit primario actual parece &#8220;insostenible&#8221; cuando el gasto p\u00fablico ha sido uno de los motores del crecimiento en el primer trimestre del a\u00f1o (2,4%), por lo que detecta indicios, como el enfriamiento de las exportaciones, de que la actividad en los siguientes trimestres se ralentizar\u00e1.<\/p>\n<p>   A nivel global, ha mejorado las previsiones de crecimiento de los pa\u00edses desarrollados a corto plazo, en un contexto en el que la econom\u00eda se ha visto favorecida por el nuevo giro hacia una pol\u00edtica monetaria m\u00e1s &#8220;laxa&#8221; por parte de los bancos centrales.<\/p>\n<p>   Sin embargo, mantiene la prudencia para el largo plazo porque considera que la econom\u00eda se adentra de lleno en el cambio de ciclo y, por tanto, el crecimiento ser\u00e1 m\u00e1s suave. De esta forma, prev\u00e9 que el crecimiento global se sit\u00fae cerca de su potencial, en el entorno del 3,3% para 2019 y 2020.<\/p>\n<p>   Para la eurozona, el servicio de estudios de Mapfre mejora las perspectivas para este a\u00f1o en una d\u00e9cima, hasta el 1,3%, lo mismo que para 2020, hasta el 1,5%, anticipando el efecto positivo de las medidas de est\u00edmulo del Banco Central Europeo (BCE), a lo que se suma la buena situaci\u00f3n del empleo (7,6% en abril) y el crecimiento de los salarios reales (cerca del 2%).<\/p>\n<h2 class=\"ladillo\">RIESGOS Y POL\u00cdTICA MONETARIA <\/h2>\n<p>   Entre los principales riesgos globales, mantiene a la gobernanza de la Eurozona, con las situaciones en Italia, Grecia y Reino Unido en el foco de las mayores vulnerabilidades.<\/p>\n<p>   A su vez, el informe destaca el riesgo derivado de la pol\u00edtica econ\u00f3mica en Estados Unidos; el ajuste macroecon\u00f3mico y financiero en China; el elevado nivel de apalancamiento global; y el riesgo asociado a la geopol\u00edtica, tras la &#8220;elevaci\u00f3n del tono&#8221; de la Administraci\u00f3n Trump.<\/p>\n<p>   Tras el anuncio en junio por parte del BCE de que los tipos de inter\u00e9s se mantendr\u00e1n sin cambios hasta la primera mitad del 2020, posponiendo un a\u00f1o la normalizaci\u00f3n, el servicio de estudios advierte que, con esta postura, el BCE podr\u00eda pecar de ser &#8220;demasiado punitivo&#8221; sobre el margen de intermediaci\u00f3n de la banca.<\/p>\n<p>   Adem\u00e1s, opina que &#8220;no puede olvidarse que la estabilidad del balance del sistema financiero se ve ante el reto que suponen los bajos tipos de la deuda de largo plazo&#8221;.<\/p>\n<\/div>\n<p>[ad_2]<br \/>\n<br \/><a href=\"https:\/\/www.europapress.es\/economia\/macroeconomia-00338\/noticia-mapfre-eleva-prevision-crecimiento-24-ano-alerta-deficit-20190722104143.html\">Source link <\/a><\/p>\n","protected":false},"excerpt":{"rendered":"<p>[ad_1] MADRID, 22 Jul. (EUROPA PRESS) &#8211; El servicio de estudios de Mapfre ha revisado en una d\u00e9cima al alza su previsi\u00f3n de crecimiento para Espa\u00f1a este a\u00f1o, hasta el 2,4%, y en dos d\u00e9cimas la de 2010, hasta el 2,1%, en ambos casos dos d\u00e9cimas por encima de las previsiones oficiales del Gobierno, si [&hellip;]<\/p>\n","protected":false},"author":2,"featured_media":6934,"comment_status":"open","ping_status":"open","sticky":false,"template":"","format":"standard","meta":{"footnotes":""},"categories":[1],"tags":[],"class_list":["post-6933","post","type-post","status-publish","format-standard","has-post-thumbnail","hentry","category-noticias-financieras"],"yoast_head":"<!-- This site is optimized with the Yoast SEO plugin v27.4 - https:\/\/yoast.com\/product\/yoast-seo-wordpress\/ -->\n<title>Mapfre eleva su previsi\u00f3n de crecimiento al 2,4% este a\u00f1o pero alerta sobre el d\u00e9ficit - Super News<\/title>\n<meta name=\"robots\" content=\"index, follow, max-snippet:-1, max-image-preview:large, max-video-preview:-1\" \/>\n<link rel=\"canonical\" href=\"https:\/\/super-news.info\/es\/mapfre-eleva-su-prevision-de-crecimiento-al-24-este-ano-pero-alerta-sobre-el-deficit\/\" \/>\n<meta property=\"og:locale\" content=\"en_US\" \/>\n<meta property=\"og:type\" content=\"article\" \/>\n<meta property=\"og:title\" content=\"Mapfre eleva su previsi\u00f3n de crecimiento al 2,4% este a\u00f1o pero alerta sobre el d\u00e9ficit - Super News\" \/>\n<meta property=\"og:description\" content=\"[ad_1] MADRID, 22 Jul. (EUROPA PRESS) &#8211; El servicio de estudios de Mapfre ha revisado en una d\u00e9cima al alza su previsi\u00f3n de crecimiento para Espa\u00f1a este a\u00f1o, hasta el 2,4%, y en dos d\u00e9cimas la de 2010, hasta el 2,1%, en ambos casos dos d\u00e9cimas por encima de las previsiones oficiales del Gobierno, si [&hellip;]\" \/>\n<meta property=\"og:url\" content=\"https:\/\/super-news.info\/es\/mapfre-eleva-su-prevision-de-crecimiento-al-24-este-ano-pero-alerta-sobre-el-deficit\/\" \/>\n<meta property=\"og:site_name\" content=\"Super News\" \/>\n<meta property=\"article:published_time\" content=\"2019-07-22T14:08:33+00:00\" \/>\n<meta property=\"article:modified_time\" content=\"2019-07-22T14:08:34+00:00\" \/>\n<meta property=\"og:image\" content=\"https:\/\/super-news.info\/es\/wp-content\/uploads\/sites\/4\/2019\/07\/Mapfre-eleva-su-previsi\u00f3n-de-crecimiento-al-24-este-a\u00f1o.jpg\" \/>\n\t<meta property=\"og:image:width\" content=\"120\" \/>\n\t<meta property=\"og:image:height\" content=\"66\" \/>\n\t<meta property=\"og:image:type\" content=\"image\/jpeg\" \/>\n<meta name=\"author\" content=\"super-news\" \/>\n<meta name=\"twitter:card\" content=\"summary_large_image\" \/>\n<meta name=\"twitter:label1\" content=\"Written by\" \/>\n\t<meta name=\"twitter:data1\" content=\"super-news\" \/>\n\t<meta name=\"twitter:label2\" content=\"Est. reading time\" \/>\n\t<meta name=\"twitter:data2\" content=\"3 minutes\" \/>\n<script type=\"application\/ld+json\" class=\"yoast-schema-graph\">{\"@context\":\"https:\\\/\\\/schema.org\",\"@graph\":[{\"@type\":\"Article\",\"@id\":\"https:\\\/\\\/super-news.info\\\/es\\\/mapfre-eleva-su-prevision-de-crecimiento-al-24-este-ano-pero-alerta-sobre-el-deficit\\\/#article\",\"isPartOf\":{\"@id\":\"https:\\\/\\\/super-news.info\\\/es\\\/mapfre-eleva-su-prevision-de-crecimiento-al-24-este-ano-pero-alerta-sobre-el-deficit\\\/\"},\"author\":{\"name\":\"super-news\",\"@id\":\"https:\\\/\\\/super-news.info\\\/es\\\/#\\\/schema\\\/person\\\/2d4068cb2f39cd10008c2fce578a7356\"},\"headline\":\"Mapfre eleva su previsi\u00f3n de crecimiento al 2,4% este a\u00f1o pero alerta sobre el d\u00e9ficit\",\"datePublished\":\"2019-07-22T14:08:33+00:00\",\"dateModified\":\"2019-07-22T14:08:34+00:00\",\"mainEntityOfPage\":{\"@id\":\"https:\\\/\\\/super-news.info\\\/es\\\/mapfre-eleva-su-prevision-de-crecimiento-al-24-este-ano-pero-alerta-sobre-el-deficit\\\/\"},\"wordCount\":544,\"commentCount\":0,\"image\":{\"@id\":\"https:\\\/\\\/super-news.info\\\/es\\\/mapfre-eleva-su-prevision-de-crecimiento-al-24-este-ano-pero-alerta-sobre-el-deficit\\\/#primaryimage\"},\"thumbnailUrl\":\"https:\\\/\\\/super-news.info\\\/es\\\/wp-content\\\/uploads\\\/sites\\\/4\\\/2019\\\/07\\\/Mapfre-eleva-su-previsi\u00f3n-de-crecimiento-al-24-este-a\u00f1o.jpg\",\"articleSection\":[\"NOTICIAS FINANCIERAS\"],\"inLanguage\":\"en-US\",\"potentialAction\":[{\"@type\":\"CommentAction\",\"name\":\"Comment\",\"target\":[\"https:\\\/\\\/super-news.info\\\/es\\\/mapfre-eleva-su-prevision-de-crecimiento-al-24-este-ano-pero-alerta-sobre-el-deficit\\\/#respond\"]}]},{\"@type\":\"WebPage\",\"@id\":\"https:\\\/\\\/super-news.info\\\/es\\\/mapfre-eleva-su-prevision-de-crecimiento-al-24-este-ano-pero-alerta-sobre-el-deficit\\\/\",\"url\":\"https:\\\/\\\/super-news.info\\\/es\\\/mapfre-eleva-su-prevision-de-crecimiento-al-24-este-ano-pero-alerta-sobre-el-deficit\\\/\",\"name\":\"Mapfre eleva su previsi\u00f3n de crecimiento al 2,4% este a\u00f1o pero alerta sobre el d\u00e9ficit - Super News\",\"isPartOf\":{\"@id\":\"https:\\\/\\\/super-news.info\\\/es\\\/#website\"},\"primaryImageOfPage\":{\"@id\":\"https:\\\/\\\/super-news.info\\\/es\\\/mapfre-eleva-su-prevision-de-crecimiento-al-24-este-ano-pero-alerta-sobre-el-deficit\\\/#primaryimage\"},\"image\":{\"@id\":\"https:\\\/\\\/super-news.info\\\/es\\\/mapfre-eleva-su-prevision-de-crecimiento-al-24-este-ano-pero-alerta-sobre-el-deficit\\\/#primaryimage\"},\"thumbnailUrl\":\"https:\\\/\\\/super-news.info\\\/es\\\/wp-content\\\/uploads\\\/sites\\\/4\\\/2019\\\/07\\\/Mapfre-eleva-su-previsi\u00f3n-de-crecimiento-al-24-este-a\u00f1o.jpg\",\"datePublished\":\"2019-07-22T14:08:33+00:00\",\"dateModified\":\"2019-07-22T14:08:34+00:00\",\"author\":{\"@id\":\"https:\\\/\\\/super-news.info\\\/es\\\/#\\\/schema\\\/person\\\/2d4068cb2f39cd10008c2fce578a7356\"},\"breadcrumb\":{\"@id\":\"https:\\\/\\\/super-news.info\\\/es\\\/mapfre-eleva-su-prevision-de-crecimiento-al-24-este-ano-pero-alerta-sobre-el-deficit\\\/#breadcrumb\"},\"inLanguage\":\"en-US\",\"potentialAction\":[{\"@type\":\"ReadAction\",\"target\":[\"https:\\\/\\\/super-news.info\\\/es\\\/mapfre-eleva-su-prevision-de-crecimiento-al-24-este-ano-pero-alerta-sobre-el-deficit\\\/\"]}]},{\"@type\":\"ImageObject\",\"inLanguage\":\"en-US\",\"@id\":\"https:\\\/\\\/super-news.info\\\/es\\\/mapfre-eleva-su-prevision-de-crecimiento-al-24-este-ano-pero-alerta-sobre-el-deficit\\\/#primaryimage\",\"url\":\"https:\\\/\\\/super-news.info\\\/es\\\/wp-content\\\/uploads\\\/sites\\\/4\\\/2019\\\/07\\\/Mapfre-eleva-su-previsi\u00f3n-de-crecimiento-al-24-este-a\u00f1o.jpg\",\"contentUrl\":\"https:\\\/\\\/super-news.info\\\/es\\\/wp-content\\\/uploads\\\/sites\\\/4\\\/2019\\\/07\\\/Mapfre-eleva-su-previsi\u00f3n-de-crecimiento-al-24-este-a\u00f1o.jpg\",\"width\":120,\"height\":66,\"caption\":\"Mapfre eleva su previsi\u00f3n de crecimiento al 2,4% este a\u00f1o pero alerta sobre el d\u00e9ficit\"},{\"@type\":\"BreadcrumbList\",\"@id\":\"https:\\\/\\\/super-news.info\\\/es\\\/mapfre-eleva-su-prevision-de-crecimiento-al-24-este-ano-pero-alerta-sobre-el-deficit\\\/#breadcrumb\",\"itemListElement\":[{\"@type\":\"ListItem\",\"position\":1,\"name\":\"\u0413\u043b\u0430\u0432\u043d\u0430\u044f \u0441\u0442\u0440\u0430\u043d\u0438\u0446\u0430\",\"item\":\"https:\\\/\\\/super-news.info\\\/es\\\/\"},{\"@type\":\"ListItem\",\"position\":2,\"name\":\"Mapfre eleva su previsi\u00f3n de crecimiento al 2,4% este a\u00f1o pero alerta sobre el d\u00e9ficit\"}]},{\"@type\":\"WebSite\",\"@id\":\"https:\\\/\\\/super-news.info\\\/es\\\/#website\",\"url\":\"https:\\\/\\\/super-news.info\\\/es\\\/\",\"name\":\"Super News\",\"description\":\"Super News Espa\u00f1a\",\"potentialAction\":[{\"@type\":\"SearchAction\",\"target\":{\"@type\":\"EntryPoint\",\"urlTemplate\":\"https:\\\/\\\/super-news.info\\\/es\\\/?s={search_term_string}\"},\"query-input\":{\"@type\":\"PropertyValueSpecification\",\"valueRequired\":true,\"valueName\":\"search_term_string\"}}],\"inLanguage\":\"en-US\"},{\"@type\":\"Person\",\"@id\":\"https:\\\/\\\/super-news.info\\\/es\\\/#\\\/schema\\\/person\\\/2d4068cb2f39cd10008c2fce578a7356\",\"name\":\"super-news\",\"image\":{\"@type\":\"ImageObject\",\"inLanguage\":\"en-US\",\"@id\":\"https:\\\/\\\/secure.gravatar.com\\\/avatar\\\/64ebac40b93f26a154f8a9b5b6fdccfc46f442b26b3dd6756dbff3bf9dc76fd7?s=96&d=mm&r=g\",\"url\":\"https:\\\/\\\/secure.gravatar.com\\\/avatar\\\/64ebac40b93f26a154f8a9b5b6fdccfc46f442b26b3dd6756dbff3bf9dc76fd7?s=96&d=mm&r=g\",\"contentUrl\":\"https:\\\/\\\/secure.gravatar.com\\\/avatar\\\/64ebac40b93f26a154f8a9b5b6fdccfc46f442b26b3dd6756dbff3bf9dc76fd7?s=96&d=mm&r=g\",\"caption\":\"super-news\"},\"url\":\"https:\\\/\\\/super-news.info\\\/es\\\/author\\\/pt\\\/\"}]}<\/script>\n<!-- \/ Yoast SEO plugin. -->","yoast_head_json":{"title":"Mapfre eleva su previsi\u00f3n de crecimiento al 2,4% este a\u00f1o pero alerta sobre el d\u00e9ficit - Super News","robots":{"index":"index","follow":"follow","max-snippet":"max-snippet:-1","max-image-preview":"max-image-preview:large","max-video-preview":"max-video-preview:-1"},"canonical":"https:\/\/super-news.info\/es\/mapfre-eleva-su-prevision-de-crecimiento-al-24-este-ano-pero-alerta-sobre-el-deficit\/","og_locale":"en_US","og_type":"article","og_title":"Mapfre eleva su previsi\u00f3n de crecimiento al 2,4% este a\u00f1o pero alerta sobre el d\u00e9ficit - Super News","og_description":"[ad_1] MADRID, 22 Jul. (EUROPA PRESS) &#8211; El servicio de estudios de Mapfre ha revisado en una d\u00e9cima al alza su previsi\u00f3n de crecimiento para Espa\u00f1a este a\u00f1o, hasta el 2,4%, y en dos d\u00e9cimas la de 2010, hasta el 2,1%, en ambos casos dos d\u00e9cimas por encima de las previsiones oficiales del Gobierno, si [&hellip;]","og_url":"https:\/\/super-news.info\/es\/mapfre-eleva-su-prevision-de-crecimiento-al-24-este-ano-pero-alerta-sobre-el-deficit\/","og_site_name":"Super News","article_published_time":"2019-07-22T14:08:33+00:00","article_modified_time":"2019-07-22T14:08:34+00:00","og_image":[{"width":120,"height":66,"url":"https:\/\/super-news.info\/es\/wp-content\/uploads\/sites\/4\/2019\/07\/Mapfre-eleva-su-previsi\u00f3n-de-crecimiento-al-24-este-a\u00f1o.jpg","type":"image\/jpeg"}],"author":"super-news","twitter_card":"summary_large_image","twitter_misc":{"Written by":"super-news","Est. reading time":"3 minutes"},"schema":{"@context":"https:\/\/schema.org","@graph":[{"@type":"Article","@id":"https:\/\/super-news.info\/es\/mapfre-eleva-su-prevision-de-crecimiento-al-24-este-ano-pero-alerta-sobre-el-deficit\/#article","isPartOf":{"@id":"https:\/\/super-news.info\/es\/mapfre-eleva-su-prevision-de-crecimiento-al-24-este-ano-pero-alerta-sobre-el-deficit\/"},"author":{"name":"super-news","@id":"https:\/\/super-news.info\/es\/#\/schema\/person\/2d4068cb2f39cd10008c2fce578a7356"},"headline":"Mapfre eleva su previsi\u00f3n de crecimiento al 2,4% este a\u00f1o pero alerta sobre el d\u00e9ficit","datePublished":"2019-07-22T14:08:33+00:00","dateModified":"2019-07-22T14:08:34+00:00","mainEntityOfPage":{"@id":"https:\/\/super-news.info\/es\/mapfre-eleva-su-prevision-de-crecimiento-al-24-este-ano-pero-alerta-sobre-el-deficit\/"},"wordCount":544,"commentCount":0,"image":{"@id":"https:\/\/super-news.info\/es\/mapfre-eleva-su-prevision-de-crecimiento-al-24-este-ano-pero-alerta-sobre-el-deficit\/#primaryimage"},"thumbnailUrl":"https:\/\/super-news.info\/es\/wp-content\/uploads\/sites\/4\/2019\/07\/Mapfre-eleva-su-previsi\u00f3n-de-crecimiento-al-24-este-a\u00f1o.jpg","articleSection":["NOTICIAS FINANCIERAS"],"inLanguage":"en-US","potentialAction":[{"@type":"CommentAction","name":"Comment","target":["https:\/\/super-news.info\/es\/mapfre-eleva-su-prevision-de-crecimiento-al-24-este-ano-pero-alerta-sobre-el-deficit\/#respond"]}]},{"@type":"WebPage","@id":"https:\/\/super-news.info\/es\/mapfre-eleva-su-prevision-de-crecimiento-al-24-este-ano-pero-alerta-sobre-el-deficit\/","url":"https:\/\/super-news.info\/es\/mapfre-eleva-su-prevision-de-crecimiento-al-24-este-ano-pero-alerta-sobre-el-deficit\/","name":"Mapfre eleva su previsi\u00f3n de crecimiento al 2,4% este a\u00f1o pero alerta sobre el d\u00e9ficit - Super News","isPartOf":{"@id":"https:\/\/super-news.info\/es\/#website"},"primaryImageOfPage":{"@id":"https:\/\/super-news.info\/es\/mapfre-eleva-su-prevision-de-crecimiento-al-24-este-ano-pero-alerta-sobre-el-deficit\/#primaryimage"},"image":{"@id":"https:\/\/super-news.info\/es\/mapfre-eleva-su-prevision-de-crecimiento-al-24-este-ano-pero-alerta-sobre-el-deficit\/#primaryimage"},"thumbnailUrl":"https:\/\/super-news.info\/es\/wp-content\/uploads\/sites\/4\/2019\/07\/Mapfre-eleva-su-previsi\u00f3n-de-crecimiento-al-24-este-a\u00f1o.jpg","datePublished":"2019-07-22T14:08:33+00:00","dateModified":"2019-07-22T14:08:34+00:00","author":{"@id":"https:\/\/super-news.info\/es\/#\/schema\/person\/2d4068cb2f39cd10008c2fce578a7356"},"breadcrumb":{"@id":"https:\/\/super-news.info\/es\/mapfre-eleva-su-prevision-de-crecimiento-al-24-este-ano-pero-alerta-sobre-el-deficit\/#breadcrumb"},"inLanguage":"en-US","potentialAction":[{"@type":"ReadAction","target":["https:\/\/super-news.info\/es\/mapfre-eleva-su-prevision-de-crecimiento-al-24-este-ano-pero-alerta-sobre-el-deficit\/"]}]},{"@type":"ImageObject","inLanguage":"en-US","@id":"https:\/\/super-news.info\/es\/mapfre-eleva-su-prevision-de-crecimiento-al-24-este-ano-pero-alerta-sobre-el-deficit\/#primaryimage","url":"https:\/\/super-news.info\/es\/wp-content\/uploads\/sites\/4\/2019\/07\/Mapfre-eleva-su-previsi\u00f3n-de-crecimiento-al-24-este-a\u00f1o.jpg","contentUrl":"https:\/\/super-news.info\/es\/wp-content\/uploads\/sites\/4\/2019\/07\/Mapfre-eleva-su-previsi\u00f3n-de-crecimiento-al-24-este-a\u00f1o.jpg","width":120,"height":66,"caption":"Mapfre eleva su previsi\u00f3n de crecimiento al 2,4% este a\u00f1o pero alerta sobre el d\u00e9ficit"},{"@type":"BreadcrumbList","@id":"https:\/\/super-news.info\/es\/mapfre-eleva-su-prevision-de-crecimiento-al-24-este-ano-pero-alerta-sobre-el-deficit\/#breadcrumb","itemListElement":[{"@type":"ListItem","position":1,"name":"\u0413\u043b\u0430\u0432\u043d\u0430\u044f \u0441\u0442\u0440\u0430\u043d\u0438\u0446\u0430","item":"https:\/\/super-news.info\/es\/"},{"@type":"ListItem","position":2,"name":"Mapfre eleva su previsi\u00f3n de crecimiento al 2,4% este a\u00f1o pero alerta sobre el d\u00e9ficit"}]},{"@type":"WebSite","@id":"https:\/\/super-news.info\/es\/#website","url":"https:\/\/super-news.info\/es\/","name":"Super News","description":"Super News Espa\u00f1a","potentialAction":[{"@type":"SearchAction","target":{"@type":"EntryPoint","urlTemplate":"https:\/\/super-news.info\/es\/?s={search_term_string}"},"query-input":{"@type":"PropertyValueSpecification","valueRequired":true,"valueName":"search_term_string"}}],"inLanguage":"en-US"},{"@type":"Person","@id":"https:\/\/super-news.info\/es\/#\/schema\/person\/2d4068cb2f39cd10008c2fce578a7356","name":"super-news","image":{"@type":"ImageObject","inLanguage":"en-US","@id":"https:\/\/secure.gravatar.com\/avatar\/64ebac40b93f26a154f8a9b5b6fdccfc46f442b26b3dd6756dbff3bf9dc76fd7?s=96&d=mm&r=g","url":"https:\/\/secure.gravatar.com\/avatar\/64ebac40b93f26a154f8a9b5b6fdccfc46f442b26b3dd6756dbff3bf9dc76fd7?s=96&d=mm&r=g","contentUrl":"https:\/\/secure.gravatar.com\/avatar\/64ebac40b93f26a154f8a9b5b6fdccfc46f442b26b3dd6756dbff3bf9dc76fd7?s=96&d=mm&r=g","caption":"super-news"},"url":"https:\/\/super-news.info\/es\/author\/pt\/"}]}},"_links":{"self":[{"href":"https:\/\/super-news.info\/es\/wp-json\/wp\/v2\/posts\/6933","targetHints":{"allow":["GET"]}}],"collection":[{"href":"https:\/\/super-news.info\/es\/wp-json\/wp\/v2\/posts"}],"about":[{"href":"https:\/\/super-news.info\/es\/wp-json\/wp\/v2\/types\/post"}],"author":[{"embeddable":true,"href":"https:\/\/super-news.info\/es\/wp-json\/wp\/v2\/users\/2"}],"replies":[{"embeddable":true,"href":"https:\/\/super-news.info\/es\/wp-json\/wp\/v2\/comments?post=6933"}],"version-history":[{"count":1,"href":"https:\/\/super-news.info\/es\/wp-json\/wp\/v2\/posts\/6933\/revisions"}],"predecessor-version":[{"id":6935,"href":"https:\/\/super-news.info\/es\/wp-json\/wp\/v2\/posts\/6933\/revisions\/6935"}],"wp:featuredmedia":[{"embeddable":true,"href":"https:\/\/super-news.info\/es\/wp-json\/wp\/v2\/media\/6934"}],"wp:attachment":[{"href":"https:\/\/super-news.info\/es\/wp-json\/wp\/v2\/media?parent=6933"}],"wp:term":[{"taxonomy":"category","embeddable":true,"href":"https:\/\/super-news.info\/es\/wp-json\/wp\/v2\/categories?post=6933"},{"taxonomy":"post_tag","embeddable":true,"href":"https:\/\/super-news.info\/es\/wp-json\/wp\/v2\/tags?post=6933"}],"curies":[{"name":"wp","href":"https:\/\/api.w.org\/{rel}","templated":true}]}}