{"id":6927,"date":"2019-07-22T16:02:49","date_gmt":"2019-07-22T13:02:49","guid":{"rendered":"https:\/\/super-news.info\/es\/huawei-celebra-que-la-ue-separe-los-asuntos-de-seguridad-de-los-comerciales-en-el-despliegue-del-5g\/"},"modified":"2019-07-22T16:02:50","modified_gmt":"2019-07-22T13:02:50","slug":"huawei-celebra-que-la-ue-separe-los-asuntos-de-seguridad-de-los-comerciales-en-el-despliegue-del-5g","status":"publish","type":"post","link":"https:\/\/super-news.info\/es\/huawei-celebra-que-la-ue-separe-los-asuntos-de-seguridad-de-los-comerciales-en-el-despliegue-del-5g\/","title":{"rendered":"Huawei celebra que la UE separe los asuntos de seguridad de los comerciales en el despliegue del 5G"},"content":{"rendered":"<p> [ad_1]<\/p>\n<div id=\"CuerpoNoticiav2\" itemprop=\"articleBody\">\n<p>MADRID, 22 Jul. (EUROPA PRESS) &#8211; <\/p>\n<p itemprop=\"description\">   Huawei ha acogido con satisfacci\u00f3n el enfoque basado en hechos que la Uni\u00f3n Europa (UE) planea adoptar para evaluar los riesgos nacionales de la infraestructura de red 5G y ha celebrado especialmente la voluntad de separar los asuntos relacionados con la seguridad de las nuevas redes m\u00f3viles de los aspectos comerciales.<\/p>\n<p>  &#8220;Estamos totalmente de acuerdo en que haya unos est\u00e1ndares de seguridad comunes en toda la UE para las redes 5G y nos alegra saber que esas medidas no estar\u00e1n dirigidas a servicios o proveedores en particular. Estamos encantados de ver que la Comisi\u00f3n Europea (CE) mantiene separados los asuntos de seguridad y los comerciales&#8221;, ha remarcado la empresa china en un comunicado.<\/p>\n<p>   En este sentido, ha incidido en que es &#8220;m\u00e1s importante que nunca&#8221; desarrollar un enfoque com\u00fan para la ciberseguridad, por lo que ha mostrado su &#8220;firme&#8221; apoyo a la petici\u00f3n de la Comisi\u00f3n de que todos los actores clave construyan en conjunto ese enfoque para la gesti\u00f3n de riesgos de seguridad 5G.<\/p>\n<p>   &#8220;Estamos listos para colaborar a\u00fan m\u00e1s con la UE para ofrecer nuestra experiencia en esta \u00e1rea, ya que los responsables de la creaci\u00f3n de pol\u00edticas est\u00e1n preparando una serie de medidas efectivas para la mitigaci\u00f3n del riesgo de seguridad 5G que se presentar\u00e1 en octubre&#8221;, ha asegurado.<\/p>\n<p>   El comisario europeo de Seguridad, Julian King, destac\u00f3 el pasado viernes la importancia de &#8220;desarrollar un enfoque compartido&#8221; y &#8220;medidas compartidas&#8221; a la hora de decidir la exclusi\u00f3n eventual de una determinada compa\u00f1\u00eda del mercado, aunque tambi\u00e9n se\u00f1al\u00f3 que la decisi\u00f3n de &#8220;excluir&#8221; a un producto, servicio o proveedor particular si se considera que representa &#8220;un riesgo dif\u00edcil de mitigar&#8221; constituye &#8220;una prerrogativa nacional&#8221; de los gobiernos.<\/p>\n<p>   A este respecto, dej\u00f3 claro que en Europa est\u00e1n &#8220;a favor del mercado abierto&#8221; y no vetan a nadie de entrada y afirm\u00f3 que &#8220;los grandes proveedores van a estar incluidos en la discusi\u00f3n&#8221; en alusi\u00f3n a Huawei, pero no porque &#8220;Estados Unidos tenga una posici\u00f3n clara sobre este tema&#8221; sino porque est\u00e1 en el &#8220;inter\u00e9s europeo&#8221; evaluar los riesgos.<\/p>\n<p>   As\u00ed, subray\u00f3 la necesidad de que al final los gobiernos tomen decisiones comunes sobre si hay que excluir a determinadas compa\u00f1\u00edas como Huawei o no del desarrollo de las redes 5G una vez se concluya la evaluaci\u00f3n de riesgos a escala europea, que har\u00e1n conjuntamente con los gobiernos de aqu\u00ed a principios de octubre.<\/p>\n<\/div>\n<p>[ad_2]<br \/>\n<br \/><a href=\"https:\/\/www.europapress.es\/economia\/noticia-huawei-celebra-ue-separe-asuntos-seguridad-comerciales-despliegue-5g-20190722143658.html\">Source link <\/a><\/p>\n","protected":false},"excerpt":{"rendered":"<p>[ad_1] MADRID, 22 Jul. (EUROPA PRESS) &#8211; Huawei ha acogido con satisfacci\u00f3n el enfoque basado en hechos que la Uni\u00f3n Europa (UE) planea adoptar para evaluar los riesgos nacionales de la infraestructura de red 5G y ha celebrado especialmente la voluntad de separar los asuntos relacionados con la seguridad de las nuevas redes m\u00f3viles de [&hellip;]<\/p>\n","protected":false},"author":2,"featured_media":6928,"comment_status":"open","ping_status":"open","sticky":false,"template":"","format":"standard","meta":{"footnotes":""},"categories":[1],"tags":[],"class_list":["post-6927","post","type-post","status-publish","format-standard","has-post-thumbnail","hentry","category-noticias-financieras"],"yoast_head":"<!-- This site is optimized with the Yoast SEO plugin v27.4 - https:\/\/yoast.com\/product\/yoast-seo-wordpress\/ -->\n<title>Huawei celebra que la UE separe los asuntos de seguridad de los comerciales en el despliegue del 5G - Super News<\/title>\n<meta name=\"robots\" content=\"index, follow, max-snippet:-1, max-image-preview:large, max-video-preview:-1\" \/>\n<link rel=\"canonical\" href=\"https:\/\/super-news.info\/es\/huawei-celebra-que-la-ue-separe-los-asuntos-de-seguridad-de-los-comerciales-en-el-despliegue-del-5g\/\" \/>\n<meta property=\"og:locale\" content=\"en_US\" \/>\n<meta property=\"og:type\" content=\"article\" \/>\n<meta property=\"og:title\" content=\"Huawei celebra que la UE separe los asuntos de seguridad de los comerciales en el despliegue del 5G - Super News\" \/>\n<meta property=\"og:description\" content=\"[ad_1] MADRID, 22 Jul. (EUROPA PRESS) &#8211; Huawei ha acogido con satisfacci\u00f3n el enfoque basado en hechos que la Uni\u00f3n Europa (UE) planea adoptar para evaluar los riesgos nacionales de la infraestructura de red 5G y ha celebrado especialmente la voluntad de separar los asuntos relacionados con la seguridad de las nuevas redes m\u00f3viles de [&hellip;]\" \/>\n<meta property=\"og:url\" content=\"https:\/\/super-news.info\/es\/huawei-celebra-que-la-ue-separe-los-asuntos-de-seguridad-de-los-comerciales-en-el-despliegue-del-5g\/\" \/>\n<meta property=\"og:site_name\" content=\"Super News\" \/>\n<meta property=\"article:published_time\" content=\"2019-07-22T13:02:49+00:00\" \/>\n<meta property=\"article:modified_time\" content=\"2019-07-22T13:02:50+00:00\" \/>\n<meta property=\"og:image\" content=\"https:\/\/super-news.info\/es\/wp-content\/uploads\/sites\/4\/2019\/07\/Huawei-celebra-que-la-UE-separe-los-asuntos-de-seguridad.jpg\" \/>\n\t<meta property=\"og:image:width\" content=\"120\" \/>\n\t<meta property=\"og:image:height\" content=\"80\" \/>\n\t<meta property=\"og:image:type\" content=\"image\/jpeg\" \/>\n<meta name=\"author\" content=\"super-news\" \/>\n<meta name=\"twitter:card\" content=\"summary_large_image\" \/>\n<meta name=\"twitter:label1\" content=\"Written by\" \/>\n\t<meta name=\"twitter:data1\" content=\"super-news\" \/>\n\t<meta name=\"twitter:label2\" content=\"Est. reading time\" \/>\n\t<meta name=\"twitter:data2\" content=\"2 minutes\" \/>\n<script type=\"application\/ld+json\" class=\"yoast-schema-graph\">{\"@context\":\"https:\\\/\\\/schema.org\",\"@graph\":[{\"@type\":\"Article\",\"@id\":\"https:\\\/\\\/super-news.info\\\/es\\\/huawei-celebra-que-la-ue-separe-los-asuntos-de-seguridad-de-los-comerciales-en-el-despliegue-del-5g\\\/#article\",\"isPartOf\":{\"@id\":\"https:\\\/\\\/super-news.info\\\/es\\\/huawei-celebra-que-la-ue-separe-los-asuntos-de-seguridad-de-los-comerciales-en-el-despliegue-del-5g\\\/\"},\"author\":{\"name\":\"super-news\",\"@id\":\"https:\\\/\\\/super-news.info\\\/es\\\/#\\\/schema\\\/person\\\/2d4068cb2f39cd10008c2fce578a7356\"},\"headline\":\"Huawei celebra que la UE separe los asuntos de seguridad de los comerciales en el despliegue del 5G\",\"datePublished\":\"2019-07-22T13:02:49+00:00\",\"dateModified\":\"2019-07-22T13:02:50+00:00\",\"mainEntityOfPage\":{\"@id\":\"https:\\\/\\\/super-news.info\\\/es\\\/huawei-celebra-que-la-ue-separe-los-asuntos-de-seguridad-de-los-comerciales-en-el-despliegue-del-5g\\\/\"},\"wordCount\":451,\"commentCount\":0,\"image\":{\"@id\":\"https:\\\/\\\/super-news.info\\\/es\\\/huawei-celebra-que-la-ue-separe-los-asuntos-de-seguridad-de-los-comerciales-en-el-despliegue-del-5g\\\/#primaryimage\"},\"thumbnailUrl\":\"https:\\\/\\\/super-news.info\\\/es\\\/wp-content\\\/uploads\\\/sites\\\/4\\\/2019\\\/07\\\/Huawei-celebra-que-la-UE-separe-los-asuntos-de-seguridad.jpg\",\"articleSection\":[\"NOTICIAS FINANCIERAS\"],\"inLanguage\":\"en-US\",\"potentialAction\":[{\"@type\":\"CommentAction\",\"name\":\"Comment\",\"target\":[\"https:\\\/\\\/super-news.info\\\/es\\\/huawei-celebra-que-la-ue-separe-los-asuntos-de-seguridad-de-los-comerciales-en-el-despliegue-del-5g\\\/#respond\"]}]},{\"@type\":\"WebPage\",\"@id\":\"https:\\\/\\\/super-news.info\\\/es\\\/huawei-celebra-que-la-ue-separe-los-asuntos-de-seguridad-de-los-comerciales-en-el-despliegue-del-5g\\\/\",\"url\":\"https:\\\/\\\/super-news.info\\\/es\\\/huawei-celebra-que-la-ue-separe-los-asuntos-de-seguridad-de-los-comerciales-en-el-despliegue-del-5g\\\/\",\"name\":\"Huawei celebra que la UE separe los asuntos de seguridad de los comerciales en el despliegue del 5G - Super News\",\"isPartOf\":{\"@id\":\"https:\\\/\\\/super-news.info\\\/es\\\/#website\"},\"primaryImageOfPage\":{\"@id\":\"https:\\\/\\\/super-news.info\\\/es\\\/huawei-celebra-que-la-ue-separe-los-asuntos-de-seguridad-de-los-comerciales-en-el-despliegue-del-5g\\\/#primaryimage\"},\"image\":{\"@id\":\"https:\\\/\\\/super-news.info\\\/es\\\/huawei-celebra-que-la-ue-separe-los-asuntos-de-seguridad-de-los-comerciales-en-el-despliegue-del-5g\\\/#primaryimage\"},\"thumbnailUrl\":\"https:\\\/\\\/super-news.info\\\/es\\\/wp-content\\\/uploads\\\/sites\\\/4\\\/2019\\\/07\\\/Huawei-celebra-que-la-UE-separe-los-asuntos-de-seguridad.jpg\",\"datePublished\":\"2019-07-22T13:02:49+00:00\",\"dateModified\":\"2019-07-22T13:02:50+00:00\",\"author\":{\"@id\":\"https:\\\/\\\/super-news.info\\\/es\\\/#\\\/schema\\\/person\\\/2d4068cb2f39cd10008c2fce578a7356\"},\"breadcrumb\":{\"@id\":\"https:\\\/\\\/super-news.info\\\/es\\\/huawei-celebra-que-la-ue-separe-los-asuntos-de-seguridad-de-los-comerciales-en-el-despliegue-del-5g\\\/#breadcrumb\"},\"inLanguage\":\"en-US\",\"potentialAction\":[{\"@type\":\"ReadAction\",\"target\":[\"https:\\\/\\\/super-news.info\\\/es\\\/huawei-celebra-que-la-ue-separe-los-asuntos-de-seguridad-de-los-comerciales-en-el-despliegue-del-5g\\\/\"]}]},{\"@type\":\"ImageObject\",\"inLanguage\":\"en-US\",\"@id\":\"https:\\\/\\\/super-news.info\\\/es\\\/huawei-celebra-que-la-ue-separe-los-asuntos-de-seguridad-de-los-comerciales-en-el-despliegue-del-5g\\\/#primaryimage\",\"url\":\"https:\\\/\\\/super-news.info\\\/es\\\/wp-content\\\/uploads\\\/sites\\\/4\\\/2019\\\/07\\\/Huawei-celebra-que-la-UE-separe-los-asuntos-de-seguridad.jpg\",\"contentUrl\":\"https:\\\/\\\/super-news.info\\\/es\\\/wp-content\\\/uploads\\\/sites\\\/4\\\/2019\\\/07\\\/Huawei-celebra-que-la-UE-separe-los-asuntos-de-seguridad.jpg\",\"width\":120,\"height\":80,\"caption\":\"Huawei celebra que la UE separe los asuntos de seguridad de los comerciales en el despliegue del 5G\"},{\"@type\":\"BreadcrumbList\",\"@id\":\"https:\\\/\\\/super-news.info\\\/es\\\/huawei-celebra-que-la-ue-separe-los-asuntos-de-seguridad-de-los-comerciales-en-el-despliegue-del-5g\\\/#breadcrumb\",\"itemListElement\":[{\"@type\":\"ListItem\",\"position\":1,\"name\":\"\u0413\u043b\u0430\u0432\u043d\u0430\u044f \u0441\u0442\u0440\u0430\u043d\u0438\u0446\u0430\",\"item\":\"https:\\\/\\\/super-news.info\\\/es\\\/\"},{\"@type\":\"ListItem\",\"position\":2,\"name\":\"Huawei celebra que la UE separe los asuntos de seguridad de los comerciales en el despliegue del 5G\"}]},{\"@type\":\"WebSite\",\"@id\":\"https:\\\/\\\/super-news.info\\\/es\\\/#website\",\"url\":\"https:\\\/\\\/super-news.info\\\/es\\\/\",\"name\":\"Super News\",\"description\":\"Super News Espa\u00f1a\",\"potentialAction\":[{\"@type\":\"SearchAction\",\"target\":{\"@type\":\"EntryPoint\",\"urlTemplate\":\"https:\\\/\\\/super-news.info\\\/es\\\/?s={search_term_string}\"},\"query-input\":{\"@type\":\"PropertyValueSpecification\",\"valueRequired\":true,\"valueName\":\"search_term_string\"}}],\"inLanguage\":\"en-US\"},{\"@type\":\"Person\",\"@id\":\"https:\\\/\\\/super-news.info\\\/es\\\/#\\\/schema\\\/person\\\/2d4068cb2f39cd10008c2fce578a7356\",\"name\":\"super-news\",\"image\":{\"@type\":\"ImageObject\",\"inLanguage\":\"en-US\",\"@id\":\"https:\\\/\\\/secure.gravatar.com\\\/avatar\\\/64ebac40b93f26a154f8a9b5b6fdccfc46f442b26b3dd6756dbff3bf9dc76fd7?s=96&d=mm&r=g\",\"url\":\"https:\\\/\\\/secure.gravatar.com\\\/avatar\\\/64ebac40b93f26a154f8a9b5b6fdccfc46f442b26b3dd6756dbff3bf9dc76fd7?s=96&d=mm&r=g\",\"contentUrl\":\"https:\\\/\\\/secure.gravatar.com\\\/avatar\\\/64ebac40b93f26a154f8a9b5b6fdccfc46f442b26b3dd6756dbff3bf9dc76fd7?s=96&d=mm&r=g\",\"caption\":\"super-news\"},\"url\":\"https:\\\/\\\/super-news.info\\\/es\\\/author\\\/pt\\\/\"}]}<\/script>\n<!-- \/ Yoast SEO plugin. -->","yoast_head_json":{"title":"Huawei celebra que la UE separe los asuntos de seguridad de los comerciales en el despliegue del 5G - Super News","robots":{"index":"index","follow":"follow","max-snippet":"max-snippet:-1","max-image-preview":"max-image-preview:large","max-video-preview":"max-video-preview:-1"},"canonical":"https:\/\/super-news.info\/es\/huawei-celebra-que-la-ue-separe-los-asuntos-de-seguridad-de-los-comerciales-en-el-despliegue-del-5g\/","og_locale":"en_US","og_type":"article","og_title":"Huawei celebra que la UE separe los asuntos de seguridad de los comerciales en el despliegue del 5G - Super News","og_description":"[ad_1] MADRID, 22 Jul. (EUROPA PRESS) &#8211; Huawei ha acogido con satisfacci\u00f3n el enfoque basado en hechos que la Uni\u00f3n Europa (UE) planea adoptar para evaluar los riesgos nacionales de la infraestructura de red 5G y ha celebrado especialmente la voluntad de separar los asuntos relacionados con la seguridad de las nuevas redes m\u00f3viles de [&hellip;]","og_url":"https:\/\/super-news.info\/es\/huawei-celebra-que-la-ue-separe-los-asuntos-de-seguridad-de-los-comerciales-en-el-despliegue-del-5g\/","og_site_name":"Super News","article_published_time":"2019-07-22T13:02:49+00:00","article_modified_time":"2019-07-22T13:02:50+00:00","og_image":[{"width":120,"height":80,"url":"https:\/\/super-news.info\/es\/wp-content\/uploads\/sites\/4\/2019\/07\/Huawei-celebra-que-la-UE-separe-los-asuntos-de-seguridad.jpg","type":"image\/jpeg"}],"author":"super-news","twitter_card":"summary_large_image","twitter_misc":{"Written by":"super-news","Est. reading time":"2 minutes"},"schema":{"@context":"https:\/\/schema.org","@graph":[{"@type":"Article","@id":"https:\/\/super-news.info\/es\/huawei-celebra-que-la-ue-separe-los-asuntos-de-seguridad-de-los-comerciales-en-el-despliegue-del-5g\/#article","isPartOf":{"@id":"https:\/\/super-news.info\/es\/huawei-celebra-que-la-ue-separe-los-asuntos-de-seguridad-de-los-comerciales-en-el-despliegue-del-5g\/"},"author":{"name":"super-news","@id":"https:\/\/super-news.info\/es\/#\/schema\/person\/2d4068cb2f39cd10008c2fce578a7356"},"headline":"Huawei celebra que la UE separe los asuntos de seguridad de los comerciales en el despliegue del 5G","datePublished":"2019-07-22T13:02:49+00:00","dateModified":"2019-07-22T13:02:50+00:00","mainEntityOfPage":{"@id":"https:\/\/super-news.info\/es\/huawei-celebra-que-la-ue-separe-los-asuntos-de-seguridad-de-los-comerciales-en-el-despliegue-del-5g\/"},"wordCount":451,"commentCount":0,"image":{"@id":"https:\/\/super-news.info\/es\/huawei-celebra-que-la-ue-separe-los-asuntos-de-seguridad-de-los-comerciales-en-el-despliegue-del-5g\/#primaryimage"},"thumbnailUrl":"https:\/\/super-news.info\/es\/wp-content\/uploads\/sites\/4\/2019\/07\/Huawei-celebra-que-la-UE-separe-los-asuntos-de-seguridad.jpg","articleSection":["NOTICIAS FINANCIERAS"],"inLanguage":"en-US","potentialAction":[{"@type":"CommentAction","name":"Comment","target":["https:\/\/super-news.info\/es\/huawei-celebra-que-la-ue-separe-los-asuntos-de-seguridad-de-los-comerciales-en-el-despliegue-del-5g\/#respond"]}]},{"@type":"WebPage","@id":"https:\/\/super-news.info\/es\/huawei-celebra-que-la-ue-separe-los-asuntos-de-seguridad-de-los-comerciales-en-el-despliegue-del-5g\/","url":"https:\/\/super-news.info\/es\/huawei-celebra-que-la-ue-separe-los-asuntos-de-seguridad-de-los-comerciales-en-el-despliegue-del-5g\/","name":"Huawei celebra que la UE separe los asuntos de seguridad de los comerciales en el despliegue del 5G - Super News","isPartOf":{"@id":"https:\/\/super-news.info\/es\/#website"},"primaryImageOfPage":{"@id":"https:\/\/super-news.info\/es\/huawei-celebra-que-la-ue-separe-los-asuntos-de-seguridad-de-los-comerciales-en-el-despliegue-del-5g\/#primaryimage"},"image":{"@id":"https:\/\/super-news.info\/es\/huawei-celebra-que-la-ue-separe-los-asuntos-de-seguridad-de-los-comerciales-en-el-despliegue-del-5g\/#primaryimage"},"thumbnailUrl":"https:\/\/super-news.info\/es\/wp-content\/uploads\/sites\/4\/2019\/07\/Huawei-celebra-que-la-UE-separe-los-asuntos-de-seguridad.jpg","datePublished":"2019-07-22T13:02:49+00:00","dateModified":"2019-07-22T13:02:50+00:00","author":{"@id":"https:\/\/super-news.info\/es\/#\/schema\/person\/2d4068cb2f39cd10008c2fce578a7356"},"breadcrumb":{"@id":"https:\/\/super-news.info\/es\/huawei-celebra-que-la-ue-separe-los-asuntos-de-seguridad-de-los-comerciales-en-el-despliegue-del-5g\/#breadcrumb"},"inLanguage":"en-US","potentialAction":[{"@type":"ReadAction","target":["https:\/\/super-news.info\/es\/huawei-celebra-que-la-ue-separe-los-asuntos-de-seguridad-de-los-comerciales-en-el-despliegue-del-5g\/"]}]},{"@type":"ImageObject","inLanguage":"en-US","@id":"https:\/\/super-news.info\/es\/huawei-celebra-que-la-ue-separe-los-asuntos-de-seguridad-de-los-comerciales-en-el-despliegue-del-5g\/#primaryimage","url":"https:\/\/super-news.info\/es\/wp-content\/uploads\/sites\/4\/2019\/07\/Huawei-celebra-que-la-UE-separe-los-asuntos-de-seguridad.jpg","contentUrl":"https:\/\/super-news.info\/es\/wp-content\/uploads\/sites\/4\/2019\/07\/Huawei-celebra-que-la-UE-separe-los-asuntos-de-seguridad.jpg","width":120,"height":80,"caption":"Huawei celebra que la UE separe los asuntos de seguridad de los comerciales en el despliegue del 5G"},{"@type":"BreadcrumbList","@id":"https:\/\/super-news.info\/es\/huawei-celebra-que-la-ue-separe-los-asuntos-de-seguridad-de-los-comerciales-en-el-despliegue-del-5g\/#breadcrumb","itemListElement":[{"@type":"ListItem","position":1,"name":"\u0413\u043b\u0430\u0432\u043d\u0430\u044f \u0441\u0442\u0440\u0430\u043d\u0438\u0446\u0430","item":"https:\/\/super-news.info\/es\/"},{"@type":"ListItem","position":2,"name":"Huawei celebra que la UE separe los asuntos de seguridad de los comerciales en el despliegue del 5G"}]},{"@type":"WebSite","@id":"https:\/\/super-news.info\/es\/#website","url":"https:\/\/super-news.info\/es\/","name":"Super News","description":"Super News Espa\u00f1a","potentialAction":[{"@type":"SearchAction","target":{"@type":"EntryPoint","urlTemplate":"https:\/\/super-news.info\/es\/?s={search_term_string}"},"query-input":{"@type":"PropertyValueSpecification","valueRequired":true,"valueName":"search_term_string"}}],"inLanguage":"en-US"},{"@type":"Person","@id":"https:\/\/super-news.info\/es\/#\/schema\/person\/2d4068cb2f39cd10008c2fce578a7356","name":"super-news","image":{"@type":"ImageObject","inLanguage":"en-US","@id":"https:\/\/secure.gravatar.com\/avatar\/64ebac40b93f26a154f8a9b5b6fdccfc46f442b26b3dd6756dbff3bf9dc76fd7?s=96&d=mm&r=g","url":"https:\/\/secure.gravatar.com\/avatar\/64ebac40b93f26a154f8a9b5b6fdccfc46f442b26b3dd6756dbff3bf9dc76fd7?s=96&d=mm&r=g","contentUrl":"https:\/\/secure.gravatar.com\/avatar\/64ebac40b93f26a154f8a9b5b6fdccfc46f442b26b3dd6756dbff3bf9dc76fd7?s=96&d=mm&r=g","caption":"super-news"},"url":"https:\/\/super-news.info\/es\/author\/pt\/"}]}},"_links":{"self":[{"href":"https:\/\/super-news.info\/es\/wp-json\/wp\/v2\/posts\/6927","targetHints":{"allow":["GET"]}}],"collection":[{"href":"https:\/\/super-news.info\/es\/wp-json\/wp\/v2\/posts"}],"about":[{"href":"https:\/\/super-news.info\/es\/wp-json\/wp\/v2\/types\/post"}],"author":[{"embeddable":true,"href":"https:\/\/super-news.info\/es\/wp-json\/wp\/v2\/users\/2"}],"replies":[{"embeddable":true,"href":"https:\/\/super-news.info\/es\/wp-json\/wp\/v2\/comments?post=6927"}],"version-history":[{"count":1,"href":"https:\/\/super-news.info\/es\/wp-json\/wp\/v2\/posts\/6927\/revisions"}],"predecessor-version":[{"id":6929,"href":"https:\/\/super-news.info\/es\/wp-json\/wp\/v2\/posts\/6927\/revisions\/6929"}],"wp:featuredmedia":[{"embeddable":true,"href":"https:\/\/super-news.info\/es\/wp-json\/wp\/v2\/media\/6928"}],"wp:attachment":[{"href":"https:\/\/super-news.info\/es\/wp-json\/wp\/v2\/media?parent=6927"}],"wp:term":[{"taxonomy":"category","embeddable":true,"href":"https:\/\/super-news.info\/es\/wp-json\/wp\/v2\/categories?post=6927"},{"taxonomy":"post_tag","embeddable":true,"href":"https:\/\/super-news.info\/es\/wp-json\/wp\/v2\/tags?post=6927"}],"curies":[{"name":"wp","href":"https:\/\/api.w.org\/{rel}","templated":true}]}}