{"id":6921,"date":"2019-07-22T14:57:01","date_gmt":"2019-07-22T11:57:01","guid":{"rendered":"https:\/\/super-news.info\/es\/sanchez-reclama-alumbrar-un-nuevo-pacto-de-toledo-que-salvaguarde-el-sistema\/"},"modified":"2019-07-22T14:57:03","modified_gmt":"2019-07-22T11:57:03","slug":"sanchez-reclama-alumbrar-un-nuevo-pacto-de-toledo-que-salvaguarde-el-sistema","status":"publish","type":"post","link":"https:\/\/super-news.info\/es\/sanchez-reclama-alumbrar-un-nuevo-pacto-de-toledo-que-salvaguarde-el-sistema\/","title":{"rendered":"S\u00e1nchez reclama &#8220;alumbrar un nuevo Pacto de Toledo&#8221; que &#8220;salvaguarde&#8221; el sistema"},"content":{"rendered":"<p> [ad_1]<\/p>\n<p><span class=\"fotoPie\">El presidente del Gobierno en funciones y candidato del PSOE a la reelecci\u00f3n, Pedro S\u00e1nchez, se dirige a intervenir desde la tribuna del Congreso de los Diputados en la primera sesi\u00f3n del debate de investidura a la Presidencia del Gobierno.<\/span> &#8211; Eduardo Parra &#8211; Europa Press<\/p>\n<p><em><strong>Aboga por ligar pensiones al IPC real, eliminar el d\u00e9ficit de la Seguridad Social en cinco a\u00f1os y por estudiar nuevas f\u00f3rmulas de financiaci\u00f3n <\/strong><\/em><\/p>\n<div id=\"CuerpoNoticiav2\" itemprop=\"articleBody\">\n<p>MADRID, 22 Jul. (EUROPA PRESS) &#8211;<\/p>\n<p itemprop=\"description\"><strong>Sigue aqu\u00ed en directo el debate de investidura de S\u00e1nchez<\/strong><\/p>\n<p>El presidente del Gobierno en funciones, Pedro S\u00e1nchez, ha reclamado este lunes en el Congreso durante su intervenci\u00f3n como candidato a la investidura &#8220;alumbrar un nuevo Pacto de Toledo&#8221; que &#8220;salvaguarde&#8221; el sistema p\u00fablico de pensiones, de forma que se liguen las pensiones al IPC, se elimine el d\u00e9ficit de la Seguridad Social en cinco a\u00f1os, se reformule el factor de sostenibilidad conforme al acuerdo de 2011 y se estudien nuevas f\u00f3rmulas de financiaci\u00f3n para garantizar el sistema.<\/p>\n<p>S\u00e1nchez ha instado en su intervenci\u00f3n a &#8220;garantizar la dignidad en la cuant\u00eda, la sostenibilidad y la naturaleza p\u00fablica&#8221; del sistema de pensiones. &#8220;Y subrayo lo de p\u00fablico&#8221;, ha incidido el presidente del Gobierno en funciones.<\/p>\n<p>&#8220;Esta legislatura debe alumbrar un nuevo Pacto de Toledo que salvaguarde la clave de b\u00f3veda del Estado de Bienestar en un contexto evidentemente exigente&#8221;, ha manifestado S\u00e1nchez, quien ha llamado la atenci\u00f3n sobre la ca\u00edda en la tasa de natalidad, el aumento de la esperanza de vida y el mayor ratio de pensionistas por trabajadores en activo.<\/p>\n<p>&#8220;La pregunta es d\u00f3nde queremos situar a Espa\u00f1a&#8221;, ha enfatizado y, para ello, ha propuesto promover &#8220;empleo digno&#8221;, en una econom\u00eda, competitiva y sostenible que garantice &#8220;pensiones dignas&#8221; y salvaguarde el sistema p\u00fablico.<\/p>\n<h2 class=\"ladillo\">PENSIONES LIGADAS AL IPC CON NUEVAS F\u00d3RMULAS DE FINANCIACI\u00d3N<\/h2>\n<p>En su discurso en el debate de investidura, ha afirmado que hay unas bases &#8220;muy s\u00f3lidas&#8221; con las que se podr\u00e1 reforzar el sistema p\u00fablico de pensiones en la nueva legislatura, ya que en la C\u00e1mara Baja hay una &#8220;clara voluntad pol\u00edtica&#8221; de evitar la merma del poder adquisitivo de las pensiones.<\/p>\n<p>Por ello, ha marcado la necesidad de consolidar la actualizaci\u00f3n de las pensiones &#8220;conforme al IPC real&#8221;, reducir la brecha de g\u00e9nero en lo referido a pensiones m\u00ednimas y no contributivas y reformular el factor de sostenibilidad conforme al acuerdo social alcanzado en el a\u00f1o 2011.<\/p>\n<p>Como medidas espec\u00edficas plantea conciliar estos objetivos con la eliminaci\u00f3n, en un horizonte de cinco a\u00f1os, del d\u00e9ficit del sistema de la Seguridad Social, para lo que el Gobierno estudiar\u00e1 &#8220;nuevas f\u00f3rmulas de financiaci\u00f3n&#8221; que garanticen el sistema p\u00fablico de pensiones.<\/p>\n<p>Adem\u00e1s, se aprobar\u00e1n medidas de &#8220;reordenaci\u00f3n&#8221; de bonificaciones, algo sobre lo que hay acuerdo en el seno del Pacto de Toledo, y se avanzar\u00e1 con &#8220;justicia social&#8221; con el nuevo Estatuto de Trabajadores, con medidas de choque contra el desempleo.<\/p>\n<\/div>\n<p>[ad_2]<br \/>\n<br \/><a href=\"https:\/\/www.europapress.es\/economia\/noticia-sanchez-reclama-alumbrar-nuevo-pacto-toledo-salvaguarde-sistema-20190722123856.html\">Source link <\/a><\/p>\n","protected":false},"excerpt":{"rendered":"<p>[ad_1] El presidente del Gobierno en funciones y candidato del PSOE a la reelecci\u00f3n, Pedro S\u00e1nchez, se dirige a intervenir desde la tribuna del Congreso de los Diputados en la primera sesi\u00f3n del debate de investidura a la Presidencia del Gobierno. &#8211; Eduardo Parra &#8211; Europa Press Aboga por ligar pensiones al IPC real, eliminar [&hellip;]<\/p>\n","protected":false},"author":2,"featured_media":6922,"comment_status":"open","ping_status":"open","sticky":false,"template":"","format":"standard","meta":{"footnotes":""},"categories":[1],"tags":[],"class_list":["post-6921","post","type-post","status-publish","format-standard","has-post-thumbnail","hentry","category-noticias-financieras"],"yoast_head":"<!-- This site is optimized with the Yoast SEO plugin v27.4 - https:\/\/yoast.com\/product\/yoast-seo-wordpress\/ -->\n<title>S\u00e1nchez reclama &quot;alumbrar un nuevo Pacto de Toledo&quot; que &quot;salvaguarde&quot; el sistema - Super News<\/title>\n<meta name=\"robots\" content=\"index, follow, max-snippet:-1, max-image-preview:large, max-video-preview:-1\" \/>\n<link rel=\"canonical\" href=\"https:\/\/super-news.info\/es\/sanchez-reclama-alumbrar-un-nuevo-pacto-de-toledo-que-salvaguarde-el-sistema\/\" \/>\n<meta property=\"og:locale\" content=\"en_US\" \/>\n<meta property=\"og:type\" content=\"article\" \/>\n<meta property=\"og:title\" content=\"S\u00e1nchez reclama &quot;alumbrar un nuevo Pacto de Toledo&quot; que &quot;salvaguarde&quot; el sistema - Super News\" \/>\n<meta property=\"og:description\" content=\"[ad_1] El presidente del Gobierno en funciones y candidato del PSOE a la reelecci\u00f3n, Pedro S\u00e1nchez, se dirige a intervenir desde la tribuna del Congreso de los Diputados en la primera sesi\u00f3n del debate de investidura a la Presidencia del Gobierno. &#8211; Eduardo Parra &#8211; Europa Press Aboga por ligar pensiones al IPC real, eliminar [&hellip;]\" \/>\n<meta property=\"og:url\" content=\"https:\/\/super-news.info\/es\/sanchez-reclama-alumbrar-un-nuevo-pacto-de-toledo-que-salvaguarde-el-sistema\/\" \/>\n<meta property=\"og:site_name\" content=\"Super News\" \/>\n<meta property=\"article:published_time\" content=\"2019-07-22T11:57:01+00:00\" \/>\n<meta property=\"article:modified_time\" content=\"2019-07-22T11:57:03+00:00\" \/>\n<meta property=\"og:image\" content=\"https:\/\/super-news.info\/es\/wp-content\/uploads\/sites\/4\/2019\/07\/S\u00e1nchez-reclama-alumbrar-un-nuevo-Pacto-de-Toledo-que-salvaguarde.jpg\" \/>\n\t<meta property=\"og:image:width\" content=\"120\" \/>\n\t<meta property=\"og:image:height\" content=\"87\" \/>\n\t<meta property=\"og:image:type\" content=\"image\/jpeg\" \/>\n<meta name=\"author\" content=\"super-news\" \/>\n<meta name=\"twitter:card\" content=\"summary_large_image\" \/>\n<meta name=\"twitter:label1\" content=\"Written by\" \/>\n\t<meta name=\"twitter:data1\" content=\"super-news\" \/>\n\t<meta name=\"twitter:label2\" content=\"Est. reading time\" \/>\n\t<meta name=\"twitter:data2\" content=\"3 minutes\" \/>\n<script type=\"application\/ld+json\" class=\"yoast-schema-graph\">{\"@context\":\"https:\\\/\\\/schema.org\",\"@graph\":[{\"@type\":\"Article\",\"@id\":\"https:\\\/\\\/super-news.info\\\/es\\\/sanchez-reclama-alumbrar-un-nuevo-pacto-de-toledo-que-salvaguarde-el-sistema\\\/#article\",\"isPartOf\":{\"@id\":\"https:\\\/\\\/super-news.info\\\/es\\\/sanchez-reclama-alumbrar-un-nuevo-pacto-de-toledo-que-salvaguarde-el-sistema\\\/\"},\"author\":{\"name\":\"super-news\",\"@id\":\"https:\\\/\\\/super-news.info\\\/es\\\/#\\\/schema\\\/person\\\/2d4068cb2f39cd10008c2fce578a7356\"},\"headline\":\"S\u00e1nchez reclama &#8220;alumbrar un nuevo Pacto de Toledo&#8221; que &#8220;salvaguarde&#8221; el sistema\",\"datePublished\":\"2019-07-22T11:57:01+00:00\",\"dateModified\":\"2019-07-22T11:57:03+00:00\",\"mainEntityOfPage\":{\"@id\":\"https:\\\/\\\/super-news.info\\\/es\\\/sanchez-reclama-alumbrar-un-nuevo-pacto-de-toledo-que-salvaguarde-el-sistema\\\/\"},\"wordCount\":540,\"commentCount\":0,\"image\":{\"@id\":\"https:\\\/\\\/super-news.info\\\/es\\\/sanchez-reclama-alumbrar-un-nuevo-pacto-de-toledo-que-salvaguarde-el-sistema\\\/#primaryimage\"},\"thumbnailUrl\":\"https:\\\/\\\/super-news.info\\\/es\\\/wp-content\\\/uploads\\\/sites\\\/4\\\/2019\\\/07\\\/S\u00e1nchez-reclama-alumbrar-un-nuevo-Pacto-de-Toledo-que-salvaguarde.jpg\",\"articleSection\":[\"NOTICIAS FINANCIERAS\"],\"inLanguage\":\"en-US\",\"potentialAction\":[{\"@type\":\"CommentAction\",\"name\":\"Comment\",\"target\":[\"https:\\\/\\\/super-news.info\\\/es\\\/sanchez-reclama-alumbrar-un-nuevo-pacto-de-toledo-que-salvaguarde-el-sistema\\\/#respond\"]}]},{\"@type\":\"WebPage\",\"@id\":\"https:\\\/\\\/super-news.info\\\/es\\\/sanchez-reclama-alumbrar-un-nuevo-pacto-de-toledo-que-salvaguarde-el-sistema\\\/\",\"url\":\"https:\\\/\\\/super-news.info\\\/es\\\/sanchez-reclama-alumbrar-un-nuevo-pacto-de-toledo-que-salvaguarde-el-sistema\\\/\",\"name\":\"S\u00e1nchez reclama \\\"alumbrar un nuevo Pacto de Toledo\\\" que \\\"salvaguarde\\\" el sistema - Super News\",\"isPartOf\":{\"@id\":\"https:\\\/\\\/super-news.info\\\/es\\\/#website\"},\"primaryImageOfPage\":{\"@id\":\"https:\\\/\\\/super-news.info\\\/es\\\/sanchez-reclama-alumbrar-un-nuevo-pacto-de-toledo-que-salvaguarde-el-sistema\\\/#primaryimage\"},\"image\":{\"@id\":\"https:\\\/\\\/super-news.info\\\/es\\\/sanchez-reclama-alumbrar-un-nuevo-pacto-de-toledo-que-salvaguarde-el-sistema\\\/#primaryimage\"},\"thumbnailUrl\":\"https:\\\/\\\/super-news.info\\\/es\\\/wp-content\\\/uploads\\\/sites\\\/4\\\/2019\\\/07\\\/S\u00e1nchez-reclama-alumbrar-un-nuevo-Pacto-de-Toledo-que-salvaguarde.jpg\",\"datePublished\":\"2019-07-22T11:57:01+00:00\",\"dateModified\":\"2019-07-22T11:57:03+00:00\",\"author\":{\"@id\":\"https:\\\/\\\/super-news.info\\\/es\\\/#\\\/schema\\\/person\\\/2d4068cb2f39cd10008c2fce578a7356\"},\"breadcrumb\":{\"@id\":\"https:\\\/\\\/super-news.info\\\/es\\\/sanchez-reclama-alumbrar-un-nuevo-pacto-de-toledo-que-salvaguarde-el-sistema\\\/#breadcrumb\"},\"inLanguage\":\"en-US\",\"potentialAction\":[{\"@type\":\"ReadAction\",\"target\":[\"https:\\\/\\\/super-news.info\\\/es\\\/sanchez-reclama-alumbrar-un-nuevo-pacto-de-toledo-que-salvaguarde-el-sistema\\\/\"]}]},{\"@type\":\"ImageObject\",\"inLanguage\":\"en-US\",\"@id\":\"https:\\\/\\\/super-news.info\\\/es\\\/sanchez-reclama-alumbrar-un-nuevo-pacto-de-toledo-que-salvaguarde-el-sistema\\\/#primaryimage\",\"url\":\"https:\\\/\\\/super-news.info\\\/es\\\/wp-content\\\/uploads\\\/sites\\\/4\\\/2019\\\/07\\\/S\u00e1nchez-reclama-alumbrar-un-nuevo-Pacto-de-Toledo-que-salvaguarde.jpg\",\"contentUrl\":\"https:\\\/\\\/super-news.info\\\/es\\\/wp-content\\\/uploads\\\/sites\\\/4\\\/2019\\\/07\\\/S\u00e1nchez-reclama-alumbrar-un-nuevo-Pacto-de-Toledo-que-salvaguarde.jpg\",\"width\":120,\"height\":87,\"caption\":\"S\u00e1nchez reclama \\\"alumbrar un nuevo Pacto de Toledo\\\" que \\\"salvaguarde\\\" el sistema\"},{\"@type\":\"BreadcrumbList\",\"@id\":\"https:\\\/\\\/super-news.info\\\/es\\\/sanchez-reclama-alumbrar-un-nuevo-pacto-de-toledo-que-salvaguarde-el-sistema\\\/#breadcrumb\",\"itemListElement\":[{\"@type\":\"ListItem\",\"position\":1,\"name\":\"\u0413\u043b\u0430\u0432\u043d\u0430\u044f \u0441\u0442\u0440\u0430\u043d\u0438\u0446\u0430\",\"item\":\"https:\\\/\\\/super-news.info\\\/es\\\/\"},{\"@type\":\"ListItem\",\"position\":2,\"name\":\"S\u00e1nchez reclama &#8220;alumbrar un nuevo Pacto de Toledo&#8221; que &#8220;salvaguarde&#8221; el sistema\"}]},{\"@type\":\"WebSite\",\"@id\":\"https:\\\/\\\/super-news.info\\\/es\\\/#website\",\"url\":\"https:\\\/\\\/super-news.info\\\/es\\\/\",\"name\":\"Super News\",\"description\":\"Super News Espa\u00f1a\",\"potentialAction\":[{\"@type\":\"SearchAction\",\"target\":{\"@type\":\"EntryPoint\",\"urlTemplate\":\"https:\\\/\\\/super-news.info\\\/es\\\/?s={search_term_string}\"},\"query-input\":{\"@type\":\"PropertyValueSpecification\",\"valueRequired\":true,\"valueName\":\"search_term_string\"}}],\"inLanguage\":\"en-US\"},{\"@type\":\"Person\",\"@id\":\"https:\\\/\\\/super-news.info\\\/es\\\/#\\\/schema\\\/person\\\/2d4068cb2f39cd10008c2fce578a7356\",\"name\":\"super-news\",\"image\":{\"@type\":\"ImageObject\",\"inLanguage\":\"en-US\",\"@id\":\"https:\\\/\\\/secure.gravatar.com\\\/avatar\\\/64ebac40b93f26a154f8a9b5b6fdccfc46f442b26b3dd6756dbff3bf9dc76fd7?s=96&d=mm&r=g\",\"url\":\"https:\\\/\\\/secure.gravatar.com\\\/avatar\\\/64ebac40b93f26a154f8a9b5b6fdccfc46f442b26b3dd6756dbff3bf9dc76fd7?s=96&d=mm&r=g\",\"contentUrl\":\"https:\\\/\\\/secure.gravatar.com\\\/avatar\\\/64ebac40b93f26a154f8a9b5b6fdccfc46f442b26b3dd6756dbff3bf9dc76fd7?s=96&d=mm&r=g\",\"caption\":\"super-news\"},\"url\":\"https:\\\/\\\/super-news.info\\\/es\\\/author\\\/pt\\\/\"}]}<\/script>\n<!-- \/ Yoast SEO plugin. -->","yoast_head_json":{"title":"S\u00e1nchez reclama \"alumbrar un nuevo Pacto de Toledo\" que \"salvaguarde\" el sistema - Super News","robots":{"index":"index","follow":"follow","max-snippet":"max-snippet:-1","max-image-preview":"max-image-preview:large","max-video-preview":"max-video-preview:-1"},"canonical":"https:\/\/super-news.info\/es\/sanchez-reclama-alumbrar-un-nuevo-pacto-de-toledo-que-salvaguarde-el-sistema\/","og_locale":"en_US","og_type":"article","og_title":"S\u00e1nchez reclama \"alumbrar un nuevo Pacto de Toledo\" que \"salvaguarde\" el sistema - Super News","og_description":"[ad_1] El presidente del Gobierno en funciones y candidato del PSOE a la reelecci\u00f3n, Pedro S\u00e1nchez, se dirige a intervenir desde la tribuna del Congreso de los Diputados en la primera sesi\u00f3n del debate de investidura a la Presidencia del Gobierno. &#8211; Eduardo Parra &#8211; Europa Press Aboga por ligar pensiones al IPC real, eliminar [&hellip;]","og_url":"https:\/\/super-news.info\/es\/sanchez-reclama-alumbrar-un-nuevo-pacto-de-toledo-que-salvaguarde-el-sistema\/","og_site_name":"Super News","article_published_time":"2019-07-22T11:57:01+00:00","article_modified_time":"2019-07-22T11:57:03+00:00","og_image":[{"width":120,"height":87,"url":"https:\/\/super-news.info\/es\/wp-content\/uploads\/sites\/4\/2019\/07\/S\u00e1nchez-reclama-alumbrar-un-nuevo-Pacto-de-Toledo-que-salvaguarde.jpg","type":"image\/jpeg"}],"author":"super-news","twitter_card":"summary_large_image","twitter_misc":{"Written by":"super-news","Est. reading time":"3 minutes"},"schema":{"@context":"https:\/\/schema.org","@graph":[{"@type":"Article","@id":"https:\/\/super-news.info\/es\/sanchez-reclama-alumbrar-un-nuevo-pacto-de-toledo-que-salvaguarde-el-sistema\/#article","isPartOf":{"@id":"https:\/\/super-news.info\/es\/sanchez-reclama-alumbrar-un-nuevo-pacto-de-toledo-que-salvaguarde-el-sistema\/"},"author":{"name":"super-news","@id":"https:\/\/super-news.info\/es\/#\/schema\/person\/2d4068cb2f39cd10008c2fce578a7356"},"headline":"S\u00e1nchez reclama &#8220;alumbrar un nuevo Pacto de Toledo&#8221; que &#8220;salvaguarde&#8221; el sistema","datePublished":"2019-07-22T11:57:01+00:00","dateModified":"2019-07-22T11:57:03+00:00","mainEntityOfPage":{"@id":"https:\/\/super-news.info\/es\/sanchez-reclama-alumbrar-un-nuevo-pacto-de-toledo-que-salvaguarde-el-sistema\/"},"wordCount":540,"commentCount":0,"image":{"@id":"https:\/\/super-news.info\/es\/sanchez-reclama-alumbrar-un-nuevo-pacto-de-toledo-que-salvaguarde-el-sistema\/#primaryimage"},"thumbnailUrl":"https:\/\/super-news.info\/es\/wp-content\/uploads\/sites\/4\/2019\/07\/S\u00e1nchez-reclama-alumbrar-un-nuevo-Pacto-de-Toledo-que-salvaguarde.jpg","articleSection":["NOTICIAS FINANCIERAS"],"inLanguage":"en-US","potentialAction":[{"@type":"CommentAction","name":"Comment","target":["https:\/\/super-news.info\/es\/sanchez-reclama-alumbrar-un-nuevo-pacto-de-toledo-que-salvaguarde-el-sistema\/#respond"]}]},{"@type":"WebPage","@id":"https:\/\/super-news.info\/es\/sanchez-reclama-alumbrar-un-nuevo-pacto-de-toledo-que-salvaguarde-el-sistema\/","url":"https:\/\/super-news.info\/es\/sanchez-reclama-alumbrar-un-nuevo-pacto-de-toledo-que-salvaguarde-el-sistema\/","name":"S\u00e1nchez reclama \"alumbrar un nuevo Pacto de Toledo\" que \"salvaguarde\" el sistema - Super News","isPartOf":{"@id":"https:\/\/super-news.info\/es\/#website"},"primaryImageOfPage":{"@id":"https:\/\/super-news.info\/es\/sanchez-reclama-alumbrar-un-nuevo-pacto-de-toledo-que-salvaguarde-el-sistema\/#primaryimage"},"image":{"@id":"https:\/\/super-news.info\/es\/sanchez-reclama-alumbrar-un-nuevo-pacto-de-toledo-que-salvaguarde-el-sistema\/#primaryimage"},"thumbnailUrl":"https:\/\/super-news.info\/es\/wp-content\/uploads\/sites\/4\/2019\/07\/S\u00e1nchez-reclama-alumbrar-un-nuevo-Pacto-de-Toledo-que-salvaguarde.jpg","datePublished":"2019-07-22T11:57:01+00:00","dateModified":"2019-07-22T11:57:03+00:00","author":{"@id":"https:\/\/super-news.info\/es\/#\/schema\/person\/2d4068cb2f39cd10008c2fce578a7356"},"breadcrumb":{"@id":"https:\/\/super-news.info\/es\/sanchez-reclama-alumbrar-un-nuevo-pacto-de-toledo-que-salvaguarde-el-sistema\/#breadcrumb"},"inLanguage":"en-US","potentialAction":[{"@type":"ReadAction","target":["https:\/\/super-news.info\/es\/sanchez-reclama-alumbrar-un-nuevo-pacto-de-toledo-que-salvaguarde-el-sistema\/"]}]},{"@type":"ImageObject","inLanguage":"en-US","@id":"https:\/\/super-news.info\/es\/sanchez-reclama-alumbrar-un-nuevo-pacto-de-toledo-que-salvaguarde-el-sistema\/#primaryimage","url":"https:\/\/super-news.info\/es\/wp-content\/uploads\/sites\/4\/2019\/07\/S\u00e1nchez-reclama-alumbrar-un-nuevo-Pacto-de-Toledo-que-salvaguarde.jpg","contentUrl":"https:\/\/super-news.info\/es\/wp-content\/uploads\/sites\/4\/2019\/07\/S\u00e1nchez-reclama-alumbrar-un-nuevo-Pacto-de-Toledo-que-salvaguarde.jpg","width":120,"height":87,"caption":"S\u00e1nchez reclama \"alumbrar un nuevo Pacto de Toledo\" que \"salvaguarde\" el sistema"},{"@type":"BreadcrumbList","@id":"https:\/\/super-news.info\/es\/sanchez-reclama-alumbrar-un-nuevo-pacto-de-toledo-que-salvaguarde-el-sistema\/#breadcrumb","itemListElement":[{"@type":"ListItem","position":1,"name":"\u0413\u043b\u0430\u0432\u043d\u0430\u044f \u0441\u0442\u0440\u0430\u043d\u0438\u0446\u0430","item":"https:\/\/super-news.info\/es\/"},{"@type":"ListItem","position":2,"name":"S\u00e1nchez reclama &#8220;alumbrar un nuevo Pacto de Toledo&#8221; que &#8220;salvaguarde&#8221; el sistema"}]},{"@type":"WebSite","@id":"https:\/\/super-news.info\/es\/#website","url":"https:\/\/super-news.info\/es\/","name":"Super News","description":"Super News Espa\u00f1a","potentialAction":[{"@type":"SearchAction","target":{"@type":"EntryPoint","urlTemplate":"https:\/\/super-news.info\/es\/?s={search_term_string}"},"query-input":{"@type":"PropertyValueSpecification","valueRequired":true,"valueName":"search_term_string"}}],"inLanguage":"en-US"},{"@type":"Person","@id":"https:\/\/super-news.info\/es\/#\/schema\/person\/2d4068cb2f39cd10008c2fce578a7356","name":"super-news","image":{"@type":"ImageObject","inLanguage":"en-US","@id":"https:\/\/secure.gravatar.com\/avatar\/64ebac40b93f26a154f8a9b5b6fdccfc46f442b26b3dd6756dbff3bf9dc76fd7?s=96&d=mm&r=g","url":"https:\/\/secure.gravatar.com\/avatar\/64ebac40b93f26a154f8a9b5b6fdccfc46f442b26b3dd6756dbff3bf9dc76fd7?s=96&d=mm&r=g","contentUrl":"https:\/\/secure.gravatar.com\/avatar\/64ebac40b93f26a154f8a9b5b6fdccfc46f442b26b3dd6756dbff3bf9dc76fd7?s=96&d=mm&r=g","caption":"super-news"},"url":"https:\/\/super-news.info\/es\/author\/pt\/"}]}},"_links":{"self":[{"href":"https:\/\/super-news.info\/es\/wp-json\/wp\/v2\/posts\/6921","targetHints":{"allow":["GET"]}}],"collection":[{"href":"https:\/\/super-news.info\/es\/wp-json\/wp\/v2\/posts"}],"about":[{"href":"https:\/\/super-news.info\/es\/wp-json\/wp\/v2\/types\/post"}],"author":[{"embeddable":true,"href":"https:\/\/super-news.info\/es\/wp-json\/wp\/v2\/users\/2"}],"replies":[{"embeddable":true,"href":"https:\/\/super-news.info\/es\/wp-json\/wp\/v2\/comments?post=6921"}],"version-history":[{"count":1,"href":"https:\/\/super-news.info\/es\/wp-json\/wp\/v2\/posts\/6921\/revisions"}],"predecessor-version":[{"id":6923,"href":"https:\/\/super-news.info\/es\/wp-json\/wp\/v2\/posts\/6921\/revisions\/6923"}],"wp:featuredmedia":[{"embeddable":true,"href":"https:\/\/super-news.info\/es\/wp-json\/wp\/v2\/media\/6922"}],"wp:attachment":[{"href":"https:\/\/super-news.info\/es\/wp-json\/wp\/v2\/media?parent=6921"}],"wp:term":[{"taxonomy":"category","embeddable":true,"href":"https:\/\/super-news.info\/es\/wp-json\/wp\/v2\/categories?post=6921"},{"taxonomy":"post_tag","embeddable":true,"href":"https:\/\/super-news.info\/es\/wp-json\/wp\/v2\/tags?post=6921"}],"curies":[{"name":"wp","href":"https:\/\/api.w.org\/{rel}","templated":true}]}}