{"id":6912,"date":"2019-07-22T12:44:21","date_gmt":"2019-07-22T09:44:21","guid":{"rendered":"https:\/\/super-news.info\/es\/la-fiscalia-eleva-a-8-anos-la-pena-para-rato-en-el-caso-bankia-al-anadir-falsedad-contable-a-su-acusacion\/"},"modified":"2019-07-22T12:44:22","modified_gmt":"2019-07-22T09:44:22","slug":"la-fiscalia-eleva-a-8-anos-la-pena-para-rato-en-el-caso-bankia-al-anadir-falsedad-contable-a-su-acusacion","status":"publish","type":"post","link":"https:\/\/super-news.info\/es\/la-fiscalia-eleva-a-8-anos-la-pena-para-rato-en-el-caso-bankia-al-anadir-falsedad-contable-a-su-acusacion\/","title":{"rendered":"La Fiscal\u00eda eleva a 8 a\u00f1os la pena para Rato en el caso Bankia al a\u00f1adir falsedad contable a su acusaci\u00f3n"},"content":{"rendered":"<p> [ad_1]<\/p>\n<div id=\"CuerpoNoticiav2\" itemprop=\"articleBody\">\n<p>MADRID, 22 Jul. (EUROPA PRESS) &#8211; <\/p>\n<p itemprop=\"description\">   La Fiscal\u00eda Anticorrupci\u00f3n ha ampliado su acusaci\u00f3n en el juicio por la salida a Bolsa de Bankia que se celebra en la Audiencia Nacional de San Fernando de Henares (Madrid) al considerar que hubo delito de falsedad contable, por lo que la pena para el expresidente Rodrigo Rato ha ascendido a ocho a\u00f1os.<\/p>\n<p>   As\u00ed lo ha anunciado la fiscal Carmen Launa al inicio de la sesi\u00f3n de este lunes, en la que ha dado comienzo a la fase de conclusiones finales.<\/p>\n<p>   La Fiscal\u00eda ha elevado las penas para el expresidente de Bankia Rodrigo Rato, el exvicepresidente Jos\u00e9 Luis Olivas y el exconsejero de Bankia Jos\u00e9 Manuel Fernandez Norniella, mientras que al exconsejero delegado Francisco Verd\u00fa Pons le ha absuelto del delito de estafa a inversores que le imput\u00f3 en un primer momento, pero le ha acusado de falsedad contable.<\/p>\n<p>   De esta manera, solicita para Rato ocho a\u00f1os de prisi\u00f3n, frente a los cinco a\u00f1os y seis meses que ped\u00eda por estafa a inversores, a los que ha sumado tres a\u00f1os por falsedad contable.<\/p>\n<p>   Asimismo, pide cinco a\u00f1os de prisi\u00f3n para Olivas (frente a cuatro antriores), entre cinco y seis para Norniella (frente a tres anteriores) y entre nueve meses y un a\u00f1o y medio para Verd\u00fa Pons (frente a dos a\u00f1os y siete meses anteriores).<\/p>\n<p>   La Fiscal\u00eda \u00fanicamente acusaba a estas cuatro personas en un principio, de las 34 que se sientan en el banquillo, pero finalmente ha ampliado su escrito final y ha acusado tambi\u00e9n al exdirector general financiero y de riesgos de Caja Madrid y de Bankia Ildefonso S\u00e1nchez Barcoj, para el que pide dos a\u00f1os y medio; al socio auditor de Deloitte Francisco Celma (solicita dos a\u00f1os de prisi\u00f3n); al exinterventor de Bankia Sergio Dur\u00e1 (entre uno y dos a\u00f1os), y al exdirector de auditor\u00eda interna de Bankia Miguel \u00c1ngel Soria Navarro (entre uno y dos a\u00f1os).<\/p>\n<p>   Asimismo, ha acusado a los exconsejeros Alberto Ib\u00e1\u00f1ez (pide para \u00e9l entre nueve meses y un a\u00f1o y medio de prisi\u00f3n), Araceli Mora (un a\u00f1o sustituible por multa), Miguel \u00c1ngel Acebes (entre nueve meses y un a\u00f1os y medio), Pedro Bed\u00eda (un a\u00f1o de prisi\u00f3n sustituible por multa), Remigio Pellicer (un a\u00f1o sustituible por multa) y Jos\u00e9 Rafael Garc\u00eda Fuster (un a\u00f1o sustituible por multa).<\/p>\n<p>   Launa ya advirti\u00f3 durante el periodo de cuestiones previas de la posibilidad de endurecer su acusaci\u00f3n definitiva e incluir el delito de falsedad contable en el tramo final del procedimiento, y as\u00ed lo ha hecho finalmente.<\/p>\n<\/div>\n<p>[ad_2]<br \/>\n<br \/><a href=\"https:\/\/www.europapress.es\/economia\/finanzas-00340\/noticia-fiscalia-eleva-anos-pena-rato-caso-bankia-anadir-falsedad-contable-acusacion-20190722111837.html\">Source link <\/a><\/p>\n","protected":false},"excerpt":{"rendered":"<p>[ad_1] MADRID, 22 Jul. (EUROPA PRESS) &#8211; La Fiscal\u00eda Anticorrupci\u00f3n ha ampliado su acusaci\u00f3n en el juicio por la salida a Bolsa de Bankia que se celebra en la Audiencia Nacional de San Fernando de Henares (Madrid) al considerar que hubo delito de falsedad contable, por lo que la pena para el expresidente Rodrigo Rato [&hellip;]<\/p>\n","protected":false},"author":2,"featured_media":6913,"comment_status":"open","ping_status":"open","sticky":false,"template":"","format":"standard","meta":{"footnotes":""},"categories":[1],"tags":[],"class_list":["post-6912","post","type-post","status-publish","format-standard","has-post-thumbnail","hentry","category-noticias-financieras"],"yoast_head":"<!-- This site is optimized with the Yoast SEO plugin v27.4 - https:\/\/yoast.com\/product\/yoast-seo-wordpress\/ -->\n<title>La Fiscal\u00eda eleva a 8 a\u00f1os la pena para Rato en el caso Bankia al a\u00f1adir falsedad contable a su acusaci\u00f3n - Super News<\/title>\n<meta name=\"robots\" content=\"index, follow, max-snippet:-1, max-image-preview:large, max-video-preview:-1\" \/>\n<link rel=\"canonical\" href=\"https:\/\/super-news.info\/es\/la-fiscalia-eleva-a-8-anos-la-pena-para-rato-en-el-caso-bankia-al-anadir-falsedad-contable-a-su-acusacion\/\" \/>\n<meta property=\"og:locale\" content=\"en_US\" \/>\n<meta property=\"og:type\" content=\"article\" \/>\n<meta property=\"og:title\" content=\"La Fiscal\u00eda eleva a 8 a\u00f1os la pena para Rato en el caso Bankia al a\u00f1adir falsedad contable a su acusaci\u00f3n - Super News\" \/>\n<meta property=\"og:description\" content=\"[ad_1] MADRID, 22 Jul. (EUROPA PRESS) &#8211; La Fiscal\u00eda Anticorrupci\u00f3n ha ampliado su acusaci\u00f3n en el juicio por la salida a Bolsa de Bankia que se celebra en la Audiencia Nacional de San Fernando de Henares (Madrid) al considerar que hubo delito de falsedad contable, por lo que la pena para el expresidente Rodrigo Rato [&hellip;]\" \/>\n<meta property=\"og:url\" content=\"https:\/\/super-news.info\/es\/la-fiscalia-eleva-a-8-anos-la-pena-para-rato-en-el-caso-bankia-al-anadir-falsedad-contable-a-su-acusacion\/\" \/>\n<meta property=\"og:site_name\" content=\"Super News\" \/>\n<meta property=\"article:published_time\" content=\"2019-07-22T09:44:21+00:00\" \/>\n<meta property=\"article:modified_time\" content=\"2019-07-22T09:44:22+00:00\" \/>\n<meta property=\"og:image\" content=\"https:\/\/super-news.info\/es\/wp-content\/uploads\/sites\/4\/2019\/07\/La-Fiscal\u00eda-eleva-a-8-a\u00f1os-la-pena-para-Rato.jpg\" \/>\n\t<meta property=\"og:image:width\" content=\"120\" \/>\n\t<meta property=\"og:image:height\" content=\"85\" \/>\n\t<meta property=\"og:image:type\" content=\"image\/jpeg\" \/>\n<meta name=\"author\" content=\"super-news\" \/>\n<meta name=\"twitter:card\" content=\"summary_large_image\" \/>\n<meta name=\"twitter:label1\" content=\"Written by\" \/>\n\t<meta name=\"twitter:data1\" content=\"super-news\" \/>\n\t<meta name=\"twitter:label2\" content=\"Est. reading time\" \/>\n\t<meta name=\"twitter:data2\" content=\"2 minutes\" \/>\n<script type=\"application\/ld+json\" class=\"yoast-schema-graph\">{\"@context\":\"https:\\\/\\\/schema.org\",\"@graph\":[{\"@type\":\"Article\",\"@id\":\"https:\\\/\\\/super-news.info\\\/es\\\/la-fiscalia-eleva-a-8-anos-la-pena-para-rato-en-el-caso-bankia-al-anadir-falsedad-contable-a-su-acusacion\\\/#article\",\"isPartOf\":{\"@id\":\"https:\\\/\\\/super-news.info\\\/es\\\/la-fiscalia-eleva-a-8-anos-la-pena-para-rato-en-el-caso-bankia-al-anadir-falsedad-contable-a-su-acusacion\\\/\"},\"author\":{\"name\":\"super-news\",\"@id\":\"https:\\\/\\\/super-news.info\\\/es\\\/#\\\/schema\\\/person\\\/2d4068cb2f39cd10008c2fce578a7356\"},\"headline\":\"La Fiscal\u00eda eleva a 8 a\u00f1os la pena para Rato en el caso Bankia al a\u00f1adir falsedad contable a su acusaci\u00f3n\",\"datePublished\":\"2019-07-22T09:44:21+00:00\",\"dateModified\":\"2019-07-22T09:44:22+00:00\",\"mainEntityOfPage\":{\"@id\":\"https:\\\/\\\/super-news.info\\\/es\\\/la-fiscalia-eleva-a-8-anos-la-pena-para-rato-en-el-caso-bankia-al-anadir-falsedad-contable-a-su-acusacion\\\/\"},\"wordCount\":479,\"commentCount\":0,\"image\":{\"@id\":\"https:\\\/\\\/super-news.info\\\/es\\\/la-fiscalia-eleva-a-8-anos-la-pena-para-rato-en-el-caso-bankia-al-anadir-falsedad-contable-a-su-acusacion\\\/#primaryimage\"},\"thumbnailUrl\":\"https:\\\/\\\/super-news.info\\\/es\\\/wp-content\\\/uploads\\\/sites\\\/4\\\/2019\\\/07\\\/La-Fiscal\u00eda-eleva-a-8-a\u00f1os-la-pena-para-Rato.jpg\",\"articleSection\":[\"NOTICIAS FINANCIERAS\"],\"inLanguage\":\"en-US\",\"potentialAction\":[{\"@type\":\"CommentAction\",\"name\":\"Comment\",\"target\":[\"https:\\\/\\\/super-news.info\\\/es\\\/la-fiscalia-eleva-a-8-anos-la-pena-para-rato-en-el-caso-bankia-al-anadir-falsedad-contable-a-su-acusacion\\\/#respond\"]}]},{\"@type\":\"WebPage\",\"@id\":\"https:\\\/\\\/super-news.info\\\/es\\\/la-fiscalia-eleva-a-8-anos-la-pena-para-rato-en-el-caso-bankia-al-anadir-falsedad-contable-a-su-acusacion\\\/\",\"url\":\"https:\\\/\\\/super-news.info\\\/es\\\/la-fiscalia-eleva-a-8-anos-la-pena-para-rato-en-el-caso-bankia-al-anadir-falsedad-contable-a-su-acusacion\\\/\",\"name\":\"La Fiscal\u00eda eleva a 8 a\u00f1os la pena para Rato en el caso Bankia al a\u00f1adir falsedad contable a su acusaci\u00f3n - Super News\",\"isPartOf\":{\"@id\":\"https:\\\/\\\/super-news.info\\\/es\\\/#website\"},\"primaryImageOfPage\":{\"@id\":\"https:\\\/\\\/super-news.info\\\/es\\\/la-fiscalia-eleva-a-8-anos-la-pena-para-rato-en-el-caso-bankia-al-anadir-falsedad-contable-a-su-acusacion\\\/#primaryimage\"},\"image\":{\"@id\":\"https:\\\/\\\/super-news.info\\\/es\\\/la-fiscalia-eleva-a-8-anos-la-pena-para-rato-en-el-caso-bankia-al-anadir-falsedad-contable-a-su-acusacion\\\/#primaryimage\"},\"thumbnailUrl\":\"https:\\\/\\\/super-news.info\\\/es\\\/wp-content\\\/uploads\\\/sites\\\/4\\\/2019\\\/07\\\/La-Fiscal\u00eda-eleva-a-8-a\u00f1os-la-pena-para-Rato.jpg\",\"datePublished\":\"2019-07-22T09:44:21+00:00\",\"dateModified\":\"2019-07-22T09:44:22+00:00\",\"author\":{\"@id\":\"https:\\\/\\\/super-news.info\\\/es\\\/#\\\/schema\\\/person\\\/2d4068cb2f39cd10008c2fce578a7356\"},\"breadcrumb\":{\"@id\":\"https:\\\/\\\/super-news.info\\\/es\\\/la-fiscalia-eleva-a-8-anos-la-pena-para-rato-en-el-caso-bankia-al-anadir-falsedad-contable-a-su-acusacion\\\/#breadcrumb\"},\"inLanguage\":\"en-US\",\"potentialAction\":[{\"@type\":\"ReadAction\",\"target\":[\"https:\\\/\\\/super-news.info\\\/es\\\/la-fiscalia-eleva-a-8-anos-la-pena-para-rato-en-el-caso-bankia-al-anadir-falsedad-contable-a-su-acusacion\\\/\"]}]},{\"@type\":\"ImageObject\",\"inLanguage\":\"en-US\",\"@id\":\"https:\\\/\\\/super-news.info\\\/es\\\/la-fiscalia-eleva-a-8-anos-la-pena-para-rato-en-el-caso-bankia-al-anadir-falsedad-contable-a-su-acusacion\\\/#primaryimage\",\"url\":\"https:\\\/\\\/super-news.info\\\/es\\\/wp-content\\\/uploads\\\/sites\\\/4\\\/2019\\\/07\\\/La-Fiscal\u00eda-eleva-a-8-a\u00f1os-la-pena-para-Rato.jpg\",\"contentUrl\":\"https:\\\/\\\/super-news.info\\\/es\\\/wp-content\\\/uploads\\\/sites\\\/4\\\/2019\\\/07\\\/La-Fiscal\u00eda-eleva-a-8-a\u00f1os-la-pena-para-Rato.jpg\",\"width\":120,\"height\":85,\"caption\":\"La Fiscal\u00eda eleva a 8 a\u00f1os la pena para Rato en el caso Bankia al a\u00f1adir falsedad contable a su acusaci\u00f3n\"},{\"@type\":\"BreadcrumbList\",\"@id\":\"https:\\\/\\\/super-news.info\\\/es\\\/la-fiscalia-eleva-a-8-anos-la-pena-para-rato-en-el-caso-bankia-al-anadir-falsedad-contable-a-su-acusacion\\\/#breadcrumb\",\"itemListElement\":[{\"@type\":\"ListItem\",\"position\":1,\"name\":\"\u0413\u043b\u0430\u0432\u043d\u0430\u044f \u0441\u0442\u0440\u0430\u043d\u0438\u0446\u0430\",\"item\":\"https:\\\/\\\/super-news.info\\\/es\\\/\"},{\"@type\":\"ListItem\",\"position\":2,\"name\":\"La Fiscal\u00eda eleva a 8 a\u00f1os la pena para Rato en el caso Bankia al a\u00f1adir falsedad contable a su acusaci\u00f3n\"}]},{\"@type\":\"WebSite\",\"@id\":\"https:\\\/\\\/super-news.info\\\/es\\\/#website\",\"url\":\"https:\\\/\\\/super-news.info\\\/es\\\/\",\"name\":\"Super News\",\"description\":\"Super News Espa\u00f1a\",\"potentialAction\":[{\"@type\":\"SearchAction\",\"target\":{\"@type\":\"EntryPoint\",\"urlTemplate\":\"https:\\\/\\\/super-news.info\\\/es\\\/?s={search_term_string}\"},\"query-input\":{\"@type\":\"PropertyValueSpecification\",\"valueRequired\":true,\"valueName\":\"search_term_string\"}}],\"inLanguage\":\"en-US\"},{\"@type\":\"Person\",\"@id\":\"https:\\\/\\\/super-news.info\\\/es\\\/#\\\/schema\\\/person\\\/2d4068cb2f39cd10008c2fce578a7356\",\"name\":\"super-news\",\"image\":{\"@type\":\"ImageObject\",\"inLanguage\":\"en-US\",\"@id\":\"https:\\\/\\\/secure.gravatar.com\\\/avatar\\\/64ebac40b93f26a154f8a9b5b6fdccfc46f442b26b3dd6756dbff3bf9dc76fd7?s=96&d=mm&r=g\",\"url\":\"https:\\\/\\\/secure.gravatar.com\\\/avatar\\\/64ebac40b93f26a154f8a9b5b6fdccfc46f442b26b3dd6756dbff3bf9dc76fd7?s=96&d=mm&r=g\",\"contentUrl\":\"https:\\\/\\\/secure.gravatar.com\\\/avatar\\\/64ebac40b93f26a154f8a9b5b6fdccfc46f442b26b3dd6756dbff3bf9dc76fd7?s=96&d=mm&r=g\",\"caption\":\"super-news\"},\"url\":\"https:\\\/\\\/super-news.info\\\/es\\\/author\\\/pt\\\/\"}]}<\/script>\n<!-- \/ Yoast SEO plugin. -->","yoast_head_json":{"title":"La Fiscal\u00eda eleva a 8 a\u00f1os la pena para Rato en el caso Bankia al a\u00f1adir falsedad contable a su acusaci\u00f3n - Super News","robots":{"index":"index","follow":"follow","max-snippet":"max-snippet:-1","max-image-preview":"max-image-preview:large","max-video-preview":"max-video-preview:-1"},"canonical":"https:\/\/super-news.info\/es\/la-fiscalia-eleva-a-8-anos-la-pena-para-rato-en-el-caso-bankia-al-anadir-falsedad-contable-a-su-acusacion\/","og_locale":"en_US","og_type":"article","og_title":"La Fiscal\u00eda eleva a 8 a\u00f1os la pena para Rato en el caso Bankia al a\u00f1adir falsedad contable a su acusaci\u00f3n - Super News","og_description":"[ad_1] MADRID, 22 Jul. (EUROPA PRESS) &#8211; La Fiscal\u00eda Anticorrupci\u00f3n ha ampliado su acusaci\u00f3n en el juicio por la salida a Bolsa de Bankia que se celebra en la Audiencia Nacional de San Fernando de Henares (Madrid) al considerar que hubo delito de falsedad contable, por lo que la pena para el expresidente Rodrigo Rato [&hellip;]","og_url":"https:\/\/super-news.info\/es\/la-fiscalia-eleva-a-8-anos-la-pena-para-rato-en-el-caso-bankia-al-anadir-falsedad-contable-a-su-acusacion\/","og_site_name":"Super News","article_published_time":"2019-07-22T09:44:21+00:00","article_modified_time":"2019-07-22T09:44:22+00:00","og_image":[{"width":120,"height":85,"url":"https:\/\/super-news.info\/es\/wp-content\/uploads\/sites\/4\/2019\/07\/La-Fiscal\u00eda-eleva-a-8-a\u00f1os-la-pena-para-Rato.jpg","type":"image\/jpeg"}],"author":"super-news","twitter_card":"summary_large_image","twitter_misc":{"Written by":"super-news","Est. reading time":"2 minutes"},"schema":{"@context":"https:\/\/schema.org","@graph":[{"@type":"Article","@id":"https:\/\/super-news.info\/es\/la-fiscalia-eleva-a-8-anos-la-pena-para-rato-en-el-caso-bankia-al-anadir-falsedad-contable-a-su-acusacion\/#article","isPartOf":{"@id":"https:\/\/super-news.info\/es\/la-fiscalia-eleva-a-8-anos-la-pena-para-rato-en-el-caso-bankia-al-anadir-falsedad-contable-a-su-acusacion\/"},"author":{"name":"super-news","@id":"https:\/\/super-news.info\/es\/#\/schema\/person\/2d4068cb2f39cd10008c2fce578a7356"},"headline":"La Fiscal\u00eda eleva a 8 a\u00f1os la pena para Rato en el caso Bankia al a\u00f1adir falsedad contable a su acusaci\u00f3n","datePublished":"2019-07-22T09:44:21+00:00","dateModified":"2019-07-22T09:44:22+00:00","mainEntityOfPage":{"@id":"https:\/\/super-news.info\/es\/la-fiscalia-eleva-a-8-anos-la-pena-para-rato-en-el-caso-bankia-al-anadir-falsedad-contable-a-su-acusacion\/"},"wordCount":479,"commentCount":0,"image":{"@id":"https:\/\/super-news.info\/es\/la-fiscalia-eleva-a-8-anos-la-pena-para-rato-en-el-caso-bankia-al-anadir-falsedad-contable-a-su-acusacion\/#primaryimage"},"thumbnailUrl":"https:\/\/super-news.info\/es\/wp-content\/uploads\/sites\/4\/2019\/07\/La-Fiscal\u00eda-eleva-a-8-a\u00f1os-la-pena-para-Rato.jpg","articleSection":["NOTICIAS FINANCIERAS"],"inLanguage":"en-US","potentialAction":[{"@type":"CommentAction","name":"Comment","target":["https:\/\/super-news.info\/es\/la-fiscalia-eleva-a-8-anos-la-pena-para-rato-en-el-caso-bankia-al-anadir-falsedad-contable-a-su-acusacion\/#respond"]}]},{"@type":"WebPage","@id":"https:\/\/super-news.info\/es\/la-fiscalia-eleva-a-8-anos-la-pena-para-rato-en-el-caso-bankia-al-anadir-falsedad-contable-a-su-acusacion\/","url":"https:\/\/super-news.info\/es\/la-fiscalia-eleva-a-8-anos-la-pena-para-rato-en-el-caso-bankia-al-anadir-falsedad-contable-a-su-acusacion\/","name":"La Fiscal\u00eda eleva a 8 a\u00f1os la pena para Rato en el caso Bankia al a\u00f1adir falsedad contable a su acusaci\u00f3n - Super News","isPartOf":{"@id":"https:\/\/super-news.info\/es\/#website"},"primaryImageOfPage":{"@id":"https:\/\/super-news.info\/es\/la-fiscalia-eleva-a-8-anos-la-pena-para-rato-en-el-caso-bankia-al-anadir-falsedad-contable-a-su-acusacion\/#primaryimage"},"image":{"@id":"https:\/\/super-news.info\/es\/la-fiscalia-eleva-a-8-anos-la-pena-para-rato-en-el-caso-bankia-al-anadir-falsedad-contable-a-su-acusacion\/#primaryimage"},"thumbnailUrl":"https:\/\/super-news.info\/es\/wp-content\/uploads\/sites\/4\/2019\/07\/La-Fiscal\u00eda-eleva-a-8-a\u00f1os-la-pena-para-Rato.jpg","datePublished":"2019-07-22T09:44:21+00:00","dateModified":"2019-07-22T09:44:22+00:00","author":{"@id":"https:\/\/super-news.info\/es\/#\/schema\/person\/2d4068cb2f39cd10008c2fce578a7356"},"breadcrumb":{"@id":"https:\/\/super-news.info\/es\/la-fiscalia-eleva-a-8-anos-la-pena-para-rato-en-el-caso-bankia-al-anadir-falsedad-contable-a-su-acusacion\/#breadcrumb"},"inLanguage":"en-US","potentialAction":[{"@type":"ReadAction","target":["https:\/\/super-news.info\/es\/la-fiscalia-eleva-a-8-anos-la-pena-para-rato-en-el-caso-bankia-al-anadir-falsedad-contable-a-su-acusacion\/"]}]},{"@type":"ImageObject","inLanguage":"en-US","@id":"https:\/\/super-news.info\/es\/la-fiscalia-eleva-a-8-anos-la-pena-para-rato-en-el-caso-bankia-al-anadir-falsedad-contable-a-su-acusacion\/#primaryimage","url":"https:\/\/super-news.info\/es\/wp-content\/uploads\/sites\/4\/2019\/07\/La-Fiscal\u00eda-eleva-a-8-a\u00f1os-la-pena-para-Rato.jpg","contentUrl":"https:\/\/super-news.info\/es\/wp-content\/uploads\/sites\/4\/2019\/07\/La-Fiscal\u00eda-eleva-a-8-a\u00f1os-la-pena-para-Rato.jpg","width":120,"height":85,"caption":"La Fiscal\u00eda eleva a 8 a\u00f1os la pena para Rato en el caso Bankia al a\u00f1adir falsedad contable a su acusaci\u00f3n"},{"@type":"BreadcrumbList","@id":"https:\/\/super-news.info\/es\/la-fiscalia-eleva-a-8-anos-la-pena-para-rato-en-el-caso-bankia-al-anadir-falsedad-contable-a-su-acusacion\/#breadcrumb","itemListElement":[{"@type":"ListItem","position":1,"name":"\u0413\u043b\u0430\u0432\u043d\u0430\u044f \u0441\u0442\u0440\u0430\u043d\u0438\u0446\u0430","item":"https:\/\/super-news.info\/es\/"},{"@type":"ListItem","position":2,"name":"La Fiscal\u00eda eleva a 8 a\u00f1os la pena para Rato en el caso Bankia al a\u00f1adir falsedad contable a su acusaci\u00f3n"}]},{"@type":"WebSite","@id":"https:\/\/super-news.info\/es\/#website","url":"https:\/\/super-news.info\/es\/","name":"Super News","description":"Super News Espa\u00f1a","potentialAction":[{"@type":"SearchAction","target":{"@type":"EntryPoint","urlTemplate":"https:\/\/super-news.info\/es\/?s={search_term_string}"},"query-input":{"@type":"PropertyValueSpecification","valueRequired":true,"valueName":"search_term_string"}}],"inLanguage":"en-US"},{"@type":"Person","@id":"https:\/\/super-news.info\/es\/#\/schema\/person\/2d4068cb2f39cd10008c2fce578a7356","name":"super-news","image":{"@type":"ImageObject","inLanguage":"en-US","@id":"https:\/\/secure.gravatar.com\/avatar\/64ebac40b93f26a154f8a9b5b6fdccfc46f442b26b3dd6756dbff3bf9dc76fd7?s=96&d=mm&r=g","url":"https:\/\/secure.gravatar.com\/avatar\/64ebac40b93f26a154f8a9b5b6fdccfc46f442b26b3dd6756dbff3bf9dc76fd7?s=96&d=mm&r=g","contentUrl":"https:\/\/secure.gravatar.com\/avatar\/64ebac40b93f26a154f8a9b5b6fdccfc46f442b26b3dd6756dbff3bf9dc76fd7?s=96&d=mm&r=g","caption":"super-news"},"url":"https:\/\/super-news.info\/es\/author\/pt\/"}]}},"_links":{"self":[{"href":"https:\/\/super-news.info\/es\/wp-json\/wp\/v2\/posts\/6912","targetHints":{"allow":["GET"]}}],"collection":[{"href":"https:\/\/super-news.info\/es\/wp-json\/wp\/v2\/posts"}],"about":[{"href":"https:\/\/super-news.info\/es\/wp-json\/wp\/v2\/types\/post"}],"author":[{"embeddable":true,"href":"https:\/\/super-news.info\/es\/wp-json\/wp\/v2\/users\/2"}],"replies":[{"embeddable":true,"href":"https:\/\/super-news.info\/es\/wp-json\/wp\/v2\/comments?post=6912"}],"version-history":[{"count":1,"href":"https:\/\/super-news.info\/es\/wp-json\/wp\/v2\/posts\/6912\/revisions"}],"predecessor-version":[{"id":6914,"href":"https:\/\/super-news.info\/es\/wp-json\/wp\/v2\/posts\/6912\/revisions\/6914"}],"wp:featuredmedia":[{"embeddable":true,"href":"https:\/\/super-news.info\/es\/wp-json\/wp\/v2\/media\/6913"}],"wp:attachment":[{"href":"https:\/\/super-news.info\/es\/wp-json\/wp\/v2\/media?parent=6912"}],"wp:term":[{"taxonomy":"category","embeddable":true,"href":"https:\/\/super-news.info\/es\/wp-json\/wp\/v2\/categories?post=6912"},{"taxonomy":"post_tag","embeddable":true,"href":"https:\/\/super-news.info\/es\/wp-json\/wp\/v2\/tags?post=6912"}],"curies":[{"name":"wp","href":"https:\/\/api.w.org\/{rel}","templated":true}]}}