{"id":6852,"date":"2019-07-21T11:52:11","date_gmt":"2019-07-21T08:52:11","guid":{"rendered":"https:\/\/super-news.info\/es\/adif-da-el-pistoletazo-de-salida-a-la-carrera-por-entrar-a-competir-con-renfe-en-el-ave\/"},"modified":"2019-07-21T11:52:12","modified_gmt":"2019-07-21T08:52:12","slug":"adif-da-el-pistoletazo-de-salida-a-la-carrera-por-entrar-a-competir-con-renfe-en-el-ave","status":"publish","type":"post","link":"https:\/\/super-news.info\/es\/adif-da-el-pistoletazo-de-salida-a-la-carrera-por-entrar-a-competir-con-renfe-en-el-ave\/","title":{"rendered":"Adif da el &#8216;pistoletazo de salida&#8217; a la carrera por entrar a competir con Renfe en el AVE"},"content":{"rendered":"<p> [ad_1]<\/p>\n<div id=\"CuerpoNoticia\" itemprop=\"articleBody\">\n<h3 class=\"subsubhead\">SNCF, Acciona, Globalia, Virgin y el resto de empresas interesas deben presentar su demanda de &#8216;slots&#8217; antes del 31 de octubre<\/h3>\n<p>   MADRID, 21 Jul. (EUROPA PRESS) &#8211; <\/p>\n<p itemprop=\"description\">   Adif, sociedad p\u00fablica titular de la red ferroviaria, da inicio este lunes a la carrera para que nuevas empresas entren a prestar servicio de transporte de viajeros en tren AVE en competencia con Renfe a partir de diciembre de 2020.<\/p>\n<p>   La compa\u00f1\u00eda que preside Isabel Pardo aprueba ma\u00f1ana el documento a partir del cual las empresas interesadas en este negocio deber\u00e1n dise\u00f1ar y remitir antes del 31 de octubre sus respectivas solicitudes para entrar en este negocio.<\/p>\n<p>   La compa\u00f1\u00eda ferroviaria p\u00fablica francesa SNCF, Acciona, Globalia y la brit\u00e1nica Virgin son la firmas que, por el momento, han mostrado p\u00fablicamente inter\u00e9s por desembarcar en el AVE, mientras que otras, como Alsa, lo est\u00e1n sopesando.<\/p>\n<p>   El documento que Adif aprueba este lunes en un consejo de administraci\u00f3n extraordinario y que da inicio al proceso de liberalizaci\u00f3n es la denominada Declaraci\u00f3n de Red definitiva.<\/p>\n<p>   Se trata de una detallada relaci\u00f3n de todas las infraestructuras ferroviarias para que los operadores interesados soliciten &#8216;slot&#8217; o capacidad en las v\u00edas, estaciones y dem\u00e1s instalaciones en funci\u00f3n a sus planes de negocio.<\/p>\n<p>   El documento ser\u00e1 resultado de la eventual incorporaci\u00f3n a la Declaraci\u00f3n de Red provisional que public\u00f3 en abril de las alegaciones y aportaciones a la misma que eventualmente hayan realizado las empresas interesadas, otros agentes del sector y la Comisi\u00f3n Nacional de los Mercados y la Competencia (CNMC).<\/p>\n<p>   En la primera Declaraci\u00f3n de Red provisional, Adif lanz\u00f3 tres posibles ofertas ferroviarias, con distinto n\u00famero de frecuencias cada uno, para dar servicio diez a\u00f1os en los tres principales Corredores AVE, el Madrid-Barcelona, el Madrid-Levante y el Madrid-Sevilla-M\u00e1laga.<\/p>\n<p>   Esta oferta de trenes supone la entrada de dos nuevas empresas, dado que el primero de los paquetes, por su n\u00famero de circulaciones, se da por descontado que corresponder\u00e1 a Renfe.<\/p>\n<p>   Adem\u00e1s, implica elevar un 60% la actual oferta de trenes AVE por estos corredores, hasta 189 trenes diarios, frente a los 119 actuales, seg\u00fan detall\u00f3 entonces Adif.<\/p>\n<h2 class=\"ladillo\">EL 35% DEL NEGOCIO, PARA LOS NUEVOS OPERADORES.<\/h2>\n<p>   De su lado, la CNMC calcula que los dos nuevos operadores que entren en el AVE a partir de este esquema copar\u00e1n m\u00e1s de la tercera parte (el 35%) del mercado, que adem\u00e1s ser\u00e1 mayor al que actualmente presta en monopolio Renfe, con la consiguiente &#8220;mejora de los servicios para los ciudadanos&#8221;.<\/p>\n<p>   No obstante, en sus alegaciones a la Declaraci\u00f3n de Red, el &#8216;superregulador&#8217;, recomend\u00f3 a Adif que la oferta de dichos paquetes de servicios &#8220;no sea vinculante&#8221; y se atienda a todas las empresas que pidan capacidad.<\/p>\n<p>   Tambi\u00e9n inst\u00f3 a cambiar los peajes que cobra por el uso de las v\u00edas y las estaciones para abaratar los billetes y recomend\u00f3 &#8220;facilitar la adaptaci\u00f3n de Renfe&#8221; fijando en cinco a\u00f1os, en vez de en diez, su contrato de servicios.<\/p>\n<p>   Una vez que ma\u00f1ana se apruebe la nueva Declaraci\u00f3n de Red, Renfe y el resto de empresas interesadas cuentan hasta el 31 de octubre para pedir capacidad. Posteriormente, Adif prev\u00e9 seleccionar en diciembre a los operadores que romper\u00e1n el monopolio de Renfe.<\/p>\n<\/div>\n<p>[ad_2]<br \/>\n<br \/><a href=\"https:\/\/www.europapress.es\/economia\/noticia-adif-da-pistoletazo-salida-carrera-entrar-competir-renfe-ave-20190721100753.html\">Source link <\/a><\/p>\n","protected":false},"excerpt":{"rendered":"<p>[ad_1] SNCF, Acciona, Globalia, Virgin y el resto de empresas interesas deben presentar su demanda de &#8216;slots&#8217; antes del 31 de octubre MADRID, 21 Jul. (EUROPA PRESS) &#8211; Adif, sociedad p\u00fablica titular de la red ferroviaria, da inicio este lunes a la carrera para que nuevas empresas entren a prestar servicio de transporte de viajeros [&hellip;]<\/p>\n","protected":false},"author":2,"featured_media":6853,"comment_status":"open","ping_status":"open","sticky":false,"template":"","format":"standard","meta":{"footnotes":""},"categories":[1],"tags":[],"class_list":["post-6852","post","type-post","status-publish","format-standard","has-post-thumbnail","hentry","category-noticias-financieras"],"yoast_head":"<!-- This site is optimized with the Yoast SEO plugin v27.4 - https:\/\/yoast.com\/product\/yoast-seo-wordpress\/ -->\n<title>Adif da el &#039;pistoletazo de salida&#039; a la carrera por entrar a competir con Renfe en el AVE - Super News<\/title>\n<meta name=\"robots\" content=\"index, follow, max-snippet:-1, max-image-preview:large, max-video-preview:-1\" \/>\n<link rel=\"canonical\" href=\"https:\/\/super-news.info\/es\/adif-da-el-pistoletazo-de-salida-a-la-carrera-por-entrar-a-competir-con-renfe-en-el-ave\/\" \/>\n<meta property=\"og:locale\" content=\"en_US\" \/>\n<meta property=\"og:type\" content=\"article\" \/>\n<meta property=\"og:title\" content=\"Adif da el &#039;pistoletazo de salida&#039; a la carrera por entrar a competir con Renfe en el AVE - Super News\" \/>\n<meta property=\"og:description\" content=\"[ad_1] SNCF, Acciona, Globalia, Virgin y el resto de empresas interesas deben presentar su demanda de &#8216;slots&#8217; antes del 31 de octubre MADRID, 21 Jul. (EUROPA PRESS) &#8211; Adif, sociedad p\u00fablica titular de la red ferroviaria, da inicio este lunes a la carrera para que nuevas empresas entren a prestar servicio de transporte de viajeros [&hellip;]\" \/>\n<meta property=\"og:url\" content=\"https:\/\/super-news.info\/es\/adif-da-el-pistoletazo-de-salida-a-la-carrera-por-entrar-a-competir-con-renfe-en-el-ave\/\" \/>\n<meta property=\"og:site_name\" content=\"Super News\" \/>\n<meta property=\"article:published_time\" content=\"2019-07-21T08:52:11+00:00\" \/>\n<meta property=\"article:modified_time\" content=\"2019-07-21T08:52:12+00:00\" \/>\n<meta property=\"og:image\" content=\"https:\/\/super-news.info\/es\/wp-content\/uploads\/sites\/4\/2019\/07\/Adif-da-el-pistoletazo-de-salida-a-la-carrera-por.jpg\" \/>\n\t<meta property=\"og:image:width\" content=\"120\" \/>\n\t<meta property=\"og:image:height\" content=\"81\" \/>\n\t<meta property=\"og:image:type\" content=\"image\/jpeg\" \/>\n<meta name=\"author\" content=\"super-news\" \/>\n<meta name=\"twitter:card\" content=\"summary_large_image\" \/>\n<meta name=\"twitter:label1\" content=\"Written by\" \/>\n\t<meta name=\"twitter:data1\" content=\"super-news\" \/>\n\t<meta name=\"twitter:label2\" content=\"Est. reading time\" \/>\n\t<meta name=\"twitter:data2\" content=\"3 minutes\" \/>\n<script type=\"application\/ld+json\" class=\"yoast-schema-graph\">{\"@context\":\"https:\\\/\\\/schema.org\",\"@graph\":[{\"@type\":\"Article\",\"@id\":\"https:\\\/\\\/super-news.info\\\/es\\\/adif-da-el-pistoletazo-de-salida-a-la-carrera-por-entrar-a-competir-con-renfe-en-el-ave\\\/#article\",\"isPartOf\":{\"@id\":\"https:\\\/\\\/super-news.info\\\/es\\\/adif-da-el-pistoletazo-de-salida-a-la-carrera-por-entrar-a-competir-con-renfe-en-el-ave\\\/\"},\"author\":{\"name\":\"super-news\",\"@id\":\"https:\\\/\\\/super-news.info\\\/es\\\/#\\\/schema\\\/person\\\/2d4068cb2f39cd10008c2fce578a7356\"},\"headline\":\"Adif da el &#8216;pistoletazo de salida&#8217; a la carrera por entrar a competir con Renfe en el AVE\",\"datePublished\":\"2019-07-21T08:52:11+00:00\",\"dateModified\":\"2019-07-21T08:52:12+00:00\",\"mainEntityOfPage\":{\"@id\":\"https:\\\/\\\/super-news.info\\\/es\\\/adif-da-el-pistoletazo-de-salida-a-la-carrera-por-entrar-a-competir-con-renfe-en-el-ave\\\/\"},\"wordCount\":576,\"commentCount\":0,\"image\":{\"@id\":\"https:\\\/\\\/super-news.info\\\/es\\\/adif-da-el-pistoletazo-de-salida-a-la-carrera-por-entrar-a-competir-con-renfe-en-el-ave\\\/#primaryimage\"},\"thumbnailUrl\":\"https:\\\/\\\/super-news.info\\\/es\\\/wp-content\\\/uploads\\\/sites\\\/4\\\/2019\\\/07\\\/Adif-da-el-pistoletazo-de-salida-a-la-carrera-por.jpg\",\"articleSection\":[\"NOTICIAS FINANCIERAS\"],\"inLanguage\":\"en-US\",\"potentialAction\":[{\"@type\":\"CommentAction\",\"name\":\"Comment\",\"target\":[\"https:\\\/\\\/super-news.info\\\/es\\\/adif-da-el-pistoletazo-de-salida-a-la-carrera-por-entrar-a-competir-con-renfe-en-el-ave\\\/#respond\"]}]},{\"@type\":\"WebPage\",\"@id\":\"https:\\\/\\\/super-news.info\\\/es\\\/adif-da-el-pistoletazo-de-salida-a-la-carrera-por-entrar-a-competir-con-renfe-en-el-ave\\\/\",\"url\":\"https:\\\/\\\/super-news.info\\\/es\\\/adif-da-el-pistoletazo-de-salida-a-la-carrera-por-entrar-a-competir-con-renfe-en-el-ave\\\/\",\"name\":\"Adif da el 'pistoletazo de salida' a la carrera por entrar a competir con Renfe en el AVE - Super News\",\"isPartOf\":{\"@id\":\"https:\\\/\\\/super-news.info\\\/es\\\/#website\"},\"primaryImageOfPage\":{\"@id\":\"https:\\\/\\\/super-news.info\\\/es\\\/adif-da-el-pistoletazo-de-salida-a-la-carrera-por-entrar-a-competir-con-renfe-en-el-ave\\\/#primaryimage\"},\"image\":{\"@id\":\"https:\\\/\\\/super-news.info\\\/es\\\/adif-da-el-pistoletazo-de-salida-a-la-carrera-por-entrar-a-competir-con-renfe-en-el-ave\\\/#primaryimage\"},\"thumbnailUrl\":\"https:\\\/\\\/super-news.info\\\/es\\\/wp-content\\\/uploads\\\/sites\\\/4\\\/2019\\\/07\\\/Adif-da-el-pistoletazo-de-salida-a-la-carrera-por.jpg\",\"datePublished\":\"2019-07-21T08:52:11+00:00\",\"dateModified\":\"2019-07-21T08:52:12+00:00\",\"author\":{\"@id\":\"https:\\\/\\\/super-news.info\\\/es\\\/#\\\/schema\\\/person\\\/2d4068cb2f39cd10008c2fce578a7356\"},\"breadcrumb\":{\"@id\":\"https:\\\/\\\/super-news.info\\\/es\\\/adif-da-el-pistoletazo-de-salida-a-la-carrera-por-entrar-a-competir-con-renfe-en-el-ave\\\/#breadcrumb\"},\"inLanguage\":\"en-US\",\"potentialAction\":[{\"@type\":\"ReadAction\",\"target\":[\"https:\\\/\\\/super-news.info\\\/es\\\/adif-da-el-pistoletazo-de-salida-a-la-carrera-por-entrar-a-competir-con-renfe-en-el-ave\\\/\"]}]},{\"@type\":\"ImageObject\",\"inLanguage\":\"en-US\",\"@id\":\"https:\\\/\\\/super-news.info\\\/es\\\/adif-da-el-pistoletazo-de-salida-a-la-carrera-por-entrar-a-competir-con-renfe-en-el-ave\\\/#primaryimage\",\"url\":\"https:\\\/\\\/super-news.info\\\/es\\\/wp-content\\\/uploads\\\/sites\\\/4\\\/2019\\\/07\\\/Adif-da-el-pistoletazo-de-salida-a-la-carrera-por.jpg\",\"contentUrl\":\"https:\\\/\\\/super-news.info\\\/es\\\/wp-content\\\/uploads\\\/sites\\\/4\\\/2019\\\/07\\\/Adif-da-el-pistoletazo-de-salida-a-la-carrera-por.jpg\",\"width\":120,\"height\":81,\"caption\":\"Adif da el 'pistoletazo de salida' a la carrera por entrar a competir con Renfe en el AVE\"},{\"@type\":\"BreadcrumbList\",\"@id\":\"https:\\\/\\\/super-news.info\\\/es\\\/adif-da-el-pistoletazo-de-salida-a-la-carrera-por-entrar-a-competir-con-renfe-en-el-ave\\\/#breadcrumb\",\"itemListElement\":[{\"@type\":\"ListItem\",\"position\":1,\"name\":\"\u0413\u043b\u0430\u0432\u043d\u0430\u044f \u0441\u0442\u0440\u0430\u043d\u0438\u0446\u0430\",\"item\":\"https:\\\/\\\/super-news.info\\\/es\\\/\"},{\"@type\":\"ListItem\",\"position\":2,\"name\":\"Adif da el &#8216;pistoletazo de salida&#8217; a la carrera por entrar a competir con Renfe en el AVE\"}]},{\"@type\":\"WebSite\",\"@id\":\"https:\\\/\\\/super-news.info\\\/es\\\/#website\",\"url\":\"https:\\\/\\\/super-news.info\\\/es\\\/\",\"name\":\"Super News\",\"description\":\"Super News Espa\u00f1a\",\"potentialAction\":[{\"@type\":\"SearchAction\",\"target\":{\"@type\":\"EntryPoint\",\"urlTemplate\":\"https:\\\/\\\/super-news.info\\\/es\\\/?s={search_term_string}\"},\"query-input\":{\"@type\":\"PropertyValueSpecification\",\"valueRequired\":true,\"valueName\":\"search_term_string\"}}],\"inLanguage\":\"en-US\"},{\"@type\":\"Person\",\"@id\":\"https:\\\/\\\/super-news.info\\\/es\\\/#\\\/schema\\\/person\\\/2d4068cb2f39cd10008c2fce578a7356\",\"name\":\"super-news\",\"image\":{\"@type\":\"ImageObject\",\"inLanguage\":\"en-US\",\"@id\":\"https:\\\/\\\/secure.gravatar.com\\\/avatar\\\/64ebac40b93f26a154f8a9b5b6fdccfc46f442b26b3dd6756dbff3bf9dc76fd7?s=96&d=mm&r=g\",\"url\":\"https:\\\/\\\/secure.gravatar.com\\\/avatar\\\/64ebac40b93f26a154f8a9b5b6fdccfc46f442b26b3dd6756dbff3bf9dc76fd7?s=96&d=mm&r=g\",\"contentUrl\":\"https:\\\/\\\/secure.gravatar.com\\\/avatar\\\/64ebac40b93f26a154f8a9b5b6fdccfc46f442b26b3dd6756dbff3bf9dc76fd7?s=96&d=mm&r=g\",\"caption\":\"super-news\"},\"url\":\"https:\\\/\\\/super-news.info\\\/es\\\/author\\\/pt\\\/\"}]}<\/script>\n<!-- \/ Yoast SEO plugin. -->","yoast_head_json":{"title":"Adif da el 'pistoletazo de salida' a la carrera por entrar a competir con Renfe en el AVE - Super News","robots":{"index":"index","follow":"follow","max-snippet":"max-snippet:-1","max-image-preview":"max-image-preview:large","max-video-preview":"max-video-preview:-1"},"canonical":"https:\/\/super-news.info\/es\/adif-da-el-pistoletazo-de-salida-a-la-carrera-por-entrar-a-competir-con-renfe-en-el-ave\/","og_locale":"en_US","og_type":"article","og_title":"Adif da el 'pistoletazo de salida' a la carrera por entrar a competir con Renfe en el AVE - Super News","og_description":"[ad_1] SNCF, Acciona, Globalia, Virgin y el resto de empresas interesas deben presentar su demanda de &#8216;slots&#8217; antes del 31 de octubre MADRID, 21 Jul. (EUROPA PRESS) &#8211; Adif, sociedad p\u00fablica titular de la red ferroviaria, da inicio este lunes a la carrera para que nuevas empresas entren a prestar servicio de transporte de viajeros [&hellip;]","og_url":"https:\/\/super-news.info\/es\/adif-da-el-pistoletazo-de-salida-a-la-carrera-por-entrar-a-competir-con-renfe-en-el-ave\/","og_site_name":"Super News","article_published_time":"2019-07-21T08:52:11+00:00","article_modified_time":"2019-07-21T08:52:12+00:00","og_image":[{"width":120,"height":81,"url":"https:\/\/super-news.info\/es\/wp-content\/uploads\/sites\/4\/2019\/07\/Adif-da-el-pistoletazo-de-salida-a-la-carrera-por.jpg","type":"image\/jpeg"}],"author":"super-news","twitter_card":"summary_large_image","twitter_misc":{"Written by":"super-news","Est. reading time":"3 minutes"},"schema":{"@context":"https:\/\/schema.org","@graph":[{"@type":"Article","@id":"https:\/\/super-news.info\/es\/adif-da-el-pistoletazo-de-salida-a-la-carrera-por-entrar-a-competir-con-renfe-en-el-ave\/#article","isPartOf":{"@id":"https:\/\/super-news.info\/es\/adif-da-el-pistoletazo-de-salida-a-la-carrera-por-entrar-a-competir-con-renfe-en-el-ave\/"},"author":{"name":"super-news","@id":"https:\/\/super-news.info\/es\/#\/schema\/person\/2d4068cb2f39cd10008c2fce578a7356"},"headline":"Adif da el &#8216;pistoletazo de salida&#8217; a la carrera por entrar a competir con Renfe en el AVE","datePublished":"2019-07-21T08:52:11+00:00","dateModified":"2019-07-21T08:52:12+00:00","mainEntityOfPage":{"@id":"https:\/\/super-news.info\/es\/adif-da-el-pistoletazo-de-salida-a-la-carrera-por-entrar-a-competir-con-renfe-en-el-ave\/"},"wordCount":576,"commentCount":0,"image":{"@id":"https:\/\/super-news.info\/es\/adif-da-el-pistoletazo-de-salida-a-la-carrera-por-entrar-a-competir-con-renfe-en-el-ave\/#primaryimage"},"thumbnailUrl":"https:\/\/super-news.info\/es\/wp-content\/uploads\/sites\/4\/2019\/07\/Adif-da-el-pistoletazo-de-salida-a-la-carrera-por.jpg","articleSection":["NOTICIAS FINANCIERAS"],"inLanguage":"en-US","potentialAction":[{"@type":"CommentAction","name":"Comment","target":["https:\/\/super-news.info\/es\/adif-da-el-pistoletazo-de-salida-a-la-carrera-por-entrar-a-competir-con-renfe-en-el-ave\/#respond"]}]},{"@type":"WebPage","@id":"https:\/\/super-news.info\/es\/adif-da-el-pistoletazo-de-salida-a-la-carrera-por-entrar-a-competir-con-renfe-en-el-ave\/","url":"https:\/\/super-news.info\/es\/adif-da-el-pistoletazo-de-salida-a-la-carrera-por-entrar-a-competir-con-renfe-en-el-ave\/","name":"Adif da el 'pistoletazo de salida' a la carrera por entrar a competir con Renfe en el AVE - Super News","isPartOf":{"@id":"https:\/\/super-news.info\/es\/#website"},"primaryImageOfPage":{"@id":"https:\/\/super-news.info\/es\/adif-da-el-pistoletazo-de-salida-a-la-carrera-por-entrar-a-competir-con-renfe-en-el-ave\/#primaryimage"},"image":{"@id":"https:\/\/super-news.info\/es\/adif-da-el-pistoletazo-de-salida-a-la-carrera-por-entrar-a-competir-con-renfe-en-el-ave\/#primaryimage"},"thumbnailUrl":"https:\/\/super-news.info\/es\/wp-content\/uploads\/sites\/4\/2019\/07\/Adif-da-el-pistoletazo-de-salida-a-la-carrera-por.jpg","datePublished":"2019-07-21T08:52:11+00:00","dateModified":"2019-07-21T08:52:12+00:00","author":{"@id":"https:\/\/super-news.info\/es\/#\/schema\/person\/2d4068cb2f39cd10008c2fce578a7356"},"breadcrumb":{"@id":"https:\/\/super-news.info\/es\/adif-da-el-pistoletazo-de-salida-a-la-carrera-por-entrar-a-competir-con-renfe-en-el-ave\/#breadcrumb"},"inLanguage":"en-US","potentialAction":[{"@type":"ReadAction","target":["https:\/\/super-news.info\/es\/adif-da-el-pistoletazo-de-salida-a-la-carrera-por-entrar-a-competir-con-renfe-en-el-ave\/"]}]},{"@type":"ImageObject","inLanguage":"en-US","@id":"https:\/\/super-news.info\/es\/adif-da-el-pistoletazo-de-salida-a-la-carrera-por-entrar-a-competir-con-renfe-en-el-ave\/#primaryimage","url":"https:\/\/super-news.info\/es\/wp-content\/uploads\/sites\/4\/2019\/07\/Adif-da-el-pistoletazo-de-salida-a-la-carrera-por.jpg","contentUrl":"https:\/\/super-news.info\/es\/wp-content\/uploads\/sites\/4\/2019\/07\/Adif-da-el-pistoletazo-de-salida-a-la-carrera-por.jpg","width":120,"height":81,"caption":"Adif da el 'pistoletazo de salida' a la carrera por entrar a competir con Renfe en el AVE"},{"@type":"BreadcrumbList","@id":"https:\/\/super-news.info\/es\/adif-da-el-pistoletazo-de-salida-a-la-carrera-por-entrar-a-competir-con-renfe-en-el-ave\/#breadcrumb","itemListElement":[{"@type":"ListItem","position":1,"name":"\u0413\u043b\u0430\u0432\u043d\u0430\u044f \u0441\u0442\u0440\u0430\u043d\u0438\u0446\u0430","item":"https:\/\/super-news.info\/es\/"},{"@type":"ListItem","position":2,"name":"Adif da el &#8216;pistoletazo de salida&#8217; a la carrera por entrar a competir con Renfe en el AVE"}]},{"@type":"WebSite","@id":"https:\/\/super-news.info\/es\/#website","url":"https:\/\/super-news.info\/es\/","name":"Super News","description":"Super News Espa\u00f1a","potentialAction":[{"@type":"SearchAction","target":{"@type":"EntryPoint","urlTemplate":"https:\/\/super-news.info\/es\/?s={search_term_string}"},"query-input":{"@type":"PropertyValueSpecification","valueRequired":true,"valueName":"search_term_string"}}],"inLanguage":"en-US"},{"@type":"Person","@id":"https:\/\/super-news.info\/es\/#\/schema\/person\/2d4068cb2f39cd10008c2fce578a7356","name":"super-news","image":{"@type":"ImageObject","inLanguage":"en-US","@id":"https:\/\/secure.gravatar.com\/avatar\/64ebac40b93f26a154f8a9b5b6fdccfc46f442b26b3dd6756dbff3bf9dc76fd7?s=96&d=mm&r=g","url":"https:\/\/secure.gravatar.com\/avatar\/64ebac40b93f26a154f8a9b5b6fdccfc46f442b26b3dd6756dbff3bf9dc76fd7?s=96&d=mm&r=g","contentUrl":"https:\/\/secure.gravatar.com\/avatar\/64ebac40b93f26a154f8a9b5b6fdccfc46f442b26b3dd6756dbff3bf9dc76fd7?s=96&d=mm&r=g","caption":"super-news"},"url":"https:\/\/super-news.info\/es\/author\/pt\/"}]}},"_links":{"self":[{"href":"https:\/\/super-news.info\/es\/wp-json\/wp\/v2\/posts\/6852","targetHints":{"allow":["GET"]}}],"collection":[{"href":"https:\/\/super-news.info\/es\/wp-json\/wp\/v2\/posts"}],"about":[{"href":"https:\/\/super-news.info\/es\/wp-json\/wp\/v2\/types\/post"}],"author":[{"embeddable":true,"href":"https:\/\/super-news.info\/es\/wp-json\/wp\/v2\/users\/2"}],"replies":[{"embeddable":true,"href":"https:\/\/super-news.info\/es\/wp-json\/wp\/v2\/comments?post=6852"}],"version-history":[{"count":1,"href":"https:\/\/super-news.info\/es\/wp-json\/wp\/v2\/posts\/6852\/revisions"}],"predecessor-version":[{"id":6854,"href":"https:\/\/super-news.info\/es\/wp-json\/wp\/v2\/posts\/6852\/revisions\/6854"}],"wp:featuredmedia":[{"embeddable":true,"href":"https:\/\/super-news.info\/es\/wp-json\/wp\/v2\/media\/6853"}],"wp:attachment":[{"href":"https:\/\/super-news.info\/es\/wp-json\/wp\/v2\/media?parent=6852"}],"wp:term":[{"taxonomy":"category","embeddable":true,"href":"https:\/\/super-news.info\/es\/wp-json\/wp\/v2\/categories?post=6852"},{"taxonomy":"post_tag","embeddable":true,"href":"https:\/\/super-news.info\/es\/wp-json\/wp\/v2\/tags?post=6852"}],"curies":[{"name":"wp","href":"https:\/\/api.w.org\/{rel}","templated":true}]}}