{"id":6774,"date":"2019-07-19T23:41:18","date_gmt":"2019-07-19T20:41:18","guid":{"rendered":"https:\/\/super-news.info\/es\/la-facturacion-de-las-empresas-modera-su-avance-en-mayo-al-33-y-suma-34-meses-de-ascensos\/"},"modified":"2019-07-19T23:41:19","modified_gmt":"2019-07-19T20:41:19","slug":"la-facturacion-de-las-empresas-modera-su-avance-en-mayo-al-33-y-suma-34-meses-de-ascensos","status":"publish","type":"post","link":"https:\/\/super-news.info\/es\/la-facturacion-de-las-empresas-modera-su-avance-en-mayo-al-33-y-suma-34-meses-de-ascensos\/","title":{"rendered":"La facturaci\u00f3n de las empresas modera su avance en mayo al 3,3% y suma 34 meses de ascensos"},"content":{"rendered":"<p> [ad_1]<\/p>\n<div id=\"CuerpoNoticiav2\" itemprop=\"articleBody\">\n<p>MADRID, 19 Jul. (EUROPA PRESS) &#8211;<\/p>\n<p itemprop=\"description\">La cifra de negocios de las empresas aument\u00f3 un 3,3% el pasado mes de mayo respecto al mismo mes de 2018, cinco d\u00e9cimas menos que en abril, seg\u00fan el \u00cdndice de Cifra de Negocios Empresarial (ICNE) publicado este viernes por el Instituto Nacional de Estad\u00edstica (INE).<\/p>\n<p>Con el ascenso registrado en el quinto mes del a\u00f1o, la cifra de negocios de las empresas encadena 34 meses consecutivos de incrementos interanuales.<\/p>\n<p><iframe id=\"ep-chart-35524ff3-70db-45de-ada1-b236f0bfd0a3\" src=\"https:\/\/www.epdata.es\/embed\/35524ff3-70db-45de-ada1-b236f0bfd0a3\/450\" style=\"width: 100%; min-height: 450px; overflow: hidden;\" frameborder=\"0\" scrolling=\"no\" height=\"450\"><\/iframe><\/p>\n<p>El avance interanual de la facturaci\u00f3n de las empresas experimentado en mayo se debi\u00f3 al repunte de los servicios no financieros de mercado (+5,1%), del suministro de energ\u00eda el\u00e9ctrica y agua, saneamiento y gesti\u00f3n de residuos (+4,1%), del comercio (+3,9%) y de las industrias extractivas y manufacturera (+0,8%).<\/p>\n<p>Corregido el efecto calendario y la estacionalidad, la cifra de negocios empresarial subi\u00f3 tambi\u00e9n un 3,3% en mayo en tasa interanual, tasa 1,8 puntos inferior a la de abril.<\/p>\n<p><iframe id=\"ep-chart-ab5feaae-1aa6-4b6e-9b8f-20d900a98e77-106\" src=\"https:\/\/www.epdata.es\/embed\/ab5feaae-1aa6-4b6e-9b8f-20d900a98e77-106\/450\" style=\"width: 100%; min-height: 450px; overflow: hidden;\" frameborder=\"0\" scrolling=\"no\" height=\"450\"><\/iframe><\/p>\n<h2 class=\"ladillo\">LAS VENTAS MENSUALES CAEN UN 0,1%<\/h2>\n<p>En tasa mensual (mayo sobre abril) y eliminado el efecto estacional y de calendario, la cifra de negocios de las empresas descendi\u00f3 un 0,1%, frente al aumento del 0,9% que registraron en abril y del 1,6% experimentado un a\u00f1o antes.<\/p>\n<p>De los cuatro sectores analizados, s\u00f3lo suministro de energ\u00eda el\u00e9ctrica y agua, saneamiento y gesti\u00f3n de residuos present\u00f3 tasas mensuales positivas (+1,4%), mientras que industrias extractivas y manufacturera y comercio registron los mayores descensos, con una ca\u00edda del 0,4% en ambos casos.<\/p>\n<\/div>\n<p>[ad_2]<br \/>\n<br \/><a href=\"https:\/\/www.europapress.es\/economia\/noticia-facturacion-empresas-modera-avance-mayo-33-suma-34-meses-ascensos-20190719091635.html\">Source link <\/a><\/p>\n","protected":false},"excerpt":{"rendered":"<p>[ad_1] MADRID, 19 Jul. (EUROPA PRESS) &#8211; La cifra de negocios de las empresas aument\u00f3 un 3,3% el pasado mes de mayo respecto al mismo mes de 2018, cinco d\u00e9cimas menos que en abril, seg\u00fan el \u00cdndice de Cifra de Negocios Empresarial (ICNE) publicado este viernes por el Instituto Nacional de Estad\u00edstica (INE). Con el [&hellip;]<\/p>\n","protected":false},"author":2,"featured_media":6775,"comment_status":"open","ping_status":"open","sticky":false,"template":"","format":"standard","meta":{"footnotes":""},"categories":[1],"tags":[],"class_list":["post-6774","post","type-post","status-publish","format-standard","has-post-thumbnail","hentry","category-noticias-financieras"],"yoast_head":"<!-- This site is optimized with the Yoast SEO plugin v27.4 - https:\/\/yoast.com\/product\/yoast-seo-wordpress\/ -->\n<title>La facturaci\u00f3n de las empresas modera su avance en mayo al 3,3% y suma 34 meses de ascensos - Super News<\/title>\n<meta name=\"robots\" content=\"index, follow, max-snippet:-1, max-image-preview:large, max-video-preview:-1\" \/>\n<link rel=\"canonical\" href=\"https:\/\/super-news.info\/es\/la-facturacion-de-las-empresas-modera-su-avance-en-mayo-al-33-y-suma-34-meses-de-ascensos\/\" \/>\n<meta property=\"og:locale\" content=\"en_US\" \/>\n<meta property=\"og:type\" content=\"article\" \/>\n<meta property=\"og:title\" content=\"La facturaci\u00f3n de las empresas modera su avance en mayo al 3,3% y suma 34 meses de ascensos - Super News\" \/>\n<meta property=\"og:description\" content=\"[ad_1] MADRID, 19 Jul. (EUROPA PRESS) &#8211; La cifra de negocios de las empresas aument\u00f3 un 3,3% el pasado mes de mayo respecto al mismo mes de 2018, cinco d\u00e9cimas menos que en abril, seg\u00fan el \u00cdndice de Cifra de Negocios Empresarial (ICNE) publicado este viernes por el Instituto Nacional de Estad\u00edstica (INE). Con el [&hellip;]\" \/>\n<meta property=\"og:url\" content=\"https:\/\/super-news.info\/es\/la-facturacion-de-las-empresas-modera-su-avance-en-mayo-al-33-y-suma-34-meses-de-ascensos\/\" \/>\n<meta property=\"og:site_name\" content=\"Super News\" \/>\n<meta property=\"article:published_time\" content=\"2019-07-19T20:41:18+00:00\" \/>\n<meta property=\"article:modified_time\" content=\"2019-07-19T20:41:19+00:00\" \/>\n<meta property=\"og:image\" content=\"https:\/\/super-news.info\/es\/wp-content\/uploads\/sites\/4\/2019\/07\/La-facturaci\u00f3n-de-las-empresas-modera-su-avance-en-mayo.jpg\" \/>\n\t<meta property=\"og:image:width\" content=\"120\" \/>\n\t<meta property=\"og:image:height\" content=\"81\" \/>\n\t<meta property=\"og:image:type\" content=\"image\/jpeg\" \/>\n<meta name=\"author\" content=\"super-news\" \/>\n<meta name=\"twitter:card\" content=\"summary_large_image\" \/>\n<meta name=\"twitter:label1\" content=\"Written by\" \/>\n\t<meta name=\"twitter:data1\" content=\"super-news\" \/>\n\t<meta name=\"twitter:label2\" content=\"Est. reading time\" \/>\n\t<meta name=\"twitter:data2\" content=\"1 minute\" \/>\n<script type=\"application\/ld+json\" class=\"yoast-schema-graph\">{\"@context\":\"https:\\\/\\\/schema.org\",\"@graph\":[{\"@type\":\"Article\",\"@id\":\"https:\\\/\\\/super-news.info\\\/es\\\/la-facturacion-de-las-empresas-modera-su-avance-en-mayo-al-33-y-suma-34-meses-de-ascensos\\\/#article\",\"isPartOf\":{\"@id\":\"https:\\\/\\\/super-news.info\\\/es\\\/la-facturacion-de-las-empresas-modera-su-avance-en-mayo-al-33-y-suma-34-meses-de-ascensos\\\/\"},\"author\":{\"name\":\"super-news\",\"@id\":\"https:\\\/\\\/super-news.info\\\/es\\\/#\\\/schema\\\/person\\\/2d4068cb2f39cd10008c2fce578a7356\"},\"headline\":\"La facturaci\u00f3n de las empresas modera su avance en mayo al 3,3% y suma 34 meses de ascensos\",\"datePublished\":\"2019-07-19T20:41:18+00:00\",\"dateModified\":\"2019-07-19T20:41:19+00:00\",\"mainEntityOfPage\":{\"@id\":\"https:\\\/\\\/super-news.info\\\/es\\\/la-facturacion-de-las-empresas-modera-su-avance-en-mayo-al-33-y-suma-34-meses-de-ascensos\\\/\"},\"wordCount\":261,\"commentCount\":0,\"image\":{\"@id\":\"https:\\\/\\\/super-news.info\\\/es\\\/la-facturacion-de-las-empresas-modera-su-avance-en-mayo-al-33-y-suma-34-meses-de-ascensos\\\/#primaryimage\"},\"thumbnailUrl\":\"https:\\\/\\\/super-news.info\\\/es\\\/wp-content\\\/uploads\\\/sites\\\/4\\\/2019\\\/07\\\/La-facturaci\u00f3n-de-las-empresas-modera-su-avance-en-mayo.jpg\",\"articleSection\":[\"NOTICIAS FINANCIERAS\"],\"inLanguage\":\"en-US\",\"potentialAction\":[{\"@type\":\"CommentAction\",\"name\":\"Comment\",\"target\":[\"https:\\\/\\\/super-news.info\\\/es\\\/la-facturacion-de-las-empresas-modera-su-avance-en-mayo-al-33-y-suma-34-meses-de-ascensos\\\/#respond\"]}]},{\"@type\":\"WebPage\",\"@id\":\"https:\\\/\\\/super-news.info\\\/es\\\/la-facturacion-de-las-empresas-modera-su-avance-en-mayo-al-33-y-suma-34-meses-de-ascensos\\\/\",\"url\":\"https:\\\/\\\/super-news.info\\\/es\\\/la-facturacion-de-las-empresas-modera-su-avance-en-mayo-al-33-y-suma-34-meses-de-ascensos\\\/\",\"name\":\"La facturaci\u00f3n de las empresas modera su avance en mayo al 3,3% y suma 34 meses de ascensos - Super News\",\"isPartOf\":{\"@id\":\"https:\\\/\\\/super-news.info\\\/es\\\/#website\"},\"primaryImageOfPage\":{\"@id\":\"https:\\\/\\\/super-news.info\\\/es\\\/la-facturacion-de-las-empresas-modera-su-avance-en-mayo-al-33-y-suma-34-meses-de-ascensos\\\/#primaryimage\"},\"image\":{\"@id\":\"https:\\\/\\\/super-news.info\\\/es\\\/la-facturacion-de-las-empresas-modera-su-avance-en-mayo-al-33-y-suma-34-meses-de-ascensos\\\/#primaryimage\"},\"thumbnailUrl\":\"https:\\\/\\\/super-news.info\\\/es\\\/wp-content\\\/uploads\\\/sites\\\/4\\\/2019\\\/07\\\/La-facturaci\u00f3n-de-las-empresas-modera-su-avance-en-mayo.jpg\",\"datePublished\":\"2019-07-19T20:41:18+00:00\",\"dateModified\":\"2019-07-19T20:41:19+00:00\",\"author\":{\"@id\":\"https:\\\/\\\/super-news.info\\\/es\\\/#\\\/schema\\\/person\\\/2d4068cb2f39cd10008c2fce578a7356\"},\"breadcrumb\":{\"@id\":\"https:\\\/\\\/super-news.info\\\/es\\\/la-facturacion-de-las-empresas-modera-su-avance-en-mayo-al-33-y-suma-34-meses-de-ascensos\\\/#breadcrumb\"},\"inLanguage\":\"en-US\",\"potentialAction\":[{\"@type\":\"ReadAction\",\"target\":[\"https:\\\/\\\/super-news.info\\\/es\\\/la-facturacion-de-las-empresas-modera-su-avance-en-mayo-al-33-y-suma-34-meses-de-ascensos\\\/\"]}]},{\"@type\":\"ImageObject\",\"inLanguage\":\"en-US\",\"@id\":\"https:\\\/\\\/super-news.info\\\/es\\\/la-facturacion-de-las-empresas-modera-su-avance-en-mayo-al-33-y-suma-34-meses-de-ascensos\\\/#primaryimage\",\"url\":\"https:\\\/\\\/super-news.info\\\/es\\\/wp-content\\\/uploads\\\/sites\\\/4\\\/2019\\\/07\\\/La-facturaci\u00f3n-de-las-empresas-modera-su-avance-en-mayo.jpg\",\"contentUrl\":\"https:\\\/\\\/super-news.info\\\/es\\\/wp-content\\\/uploads\\\/sites\\\/4\\\/2019\\\/07\\\/La-facturaci\u00f3n-de-las-empresas-modera-su-avance-en-mayo.jpg\",\"width\":120,\"height\":81,\"caption\":\"La facturaci\u00f3n de las empresas modera su avance en mayo al 3,3% y suma 34 meses de ascensos\"},{\"@type\":\"BreadcrumbList\",\"@id\":\"https:\\\/\\\/super-news.info\\\/es\\\/la-facturacion-de-las-empresas-modera-su-avance-en-mayo-al-33-y-suma-34-meses-de-ascensos\\\/#breadcrumb\",\"itemListElement\":[{\"@type\":\"ListItem\",\"position\":1,\"name\":\"\u0413\u043b\u0430\u0432\u043d\u0430\u044f \u0441\u0442\u0440\u0430\u043d\u0438\u0446\u0430\",\"item\":\"https:\\\/\\\/super-news.info\\\/es\\\/\"},{\"@type\":\"ListItem\",\"position\":2,\"name\":\"La facturaci\u00f3n de las empresas modera su avance en mayo al 3,3% y suma 34 meses de ascensos\"}]},{\"@type\":\"WebSite\",\"@id\":\"https:\\\/\\\/super-news.info\\\/es\\\/#website\",\"url\":\"https:\\\/\\\/super-news.info\\\/es\\\/\",\"name\":\"Super News\",\"description\":\"Super News Espa\u00f1a\",\"potentialAction\":[{\"@type\":\"SearchAction\",\"target\":{\"@type\":\"EntryPoint\",\"urlTemplate\":\"https:\\\/\\\/super-news.info\\\/es\\\/?s={search_term_string}\"},\"query-input\":{\"@type\":\"PropertyValueSpecification\",\"valueRequired\":true,\"valueName\":\"search_term_string\"}}],\"inLanguage\":\"en-US\"},{\"@type\":\"Person\",\"@id\":\"https:\\\/\\\/super-news.info\\\/es\\\/#\\\/schema\\\/person\\\/2d4068cb2f39cd10008c2fce578a7356\",\"name\":\"super-news\",\"image\":{\"@type\":\"ImageObject\",\"inLanguage\":\"en-US\",\"@id\":\"https:\\\/\\\/secure.gravatar.com\\\/avatar\\\/64ebac40b93f26a154f8a9b5b6fdccfc46f442b26b3dd6756dbff3bf9dc76fd7?s=96&d=mm&r=g\",\"url\":\"https:\\\/\\\/secure.gravatar.com\\\/avatar\\\/64ebac40b93f26a154f8a9b5b6fdccfc46f442b26b3dd6756dbff3bf9dc76fd7?s=96&d=mm&r=g\",\"contentUrl\":\"https:\\\/\\\/secure.gravatar.com\\\/avatar\\\/64ebac40b93f26a154f8a9b5b6fdccfc46f442b26b3dd6756dbff3bf9dc76fd7?s=96&d=mm&r=g\",\"caption\":\"super-news\"},\"url\":\"https:\\\/\\\/super-news.info\\\/es\\\/author\\\/pt\\\/\"}]}<\/script>\n<!-- \/ Yoast SEO plugin. -->","yoast_head_json":{"title":"La facturaci\u00f3n de las empresas modera su avance en mayo al 3,3% y suma 34 meses de ascensos - Super News","robots":{"index":"index","follow":"follow","max-snippet":"max-snippet:-1","max-image-preview":"max-image-preview:large","max-video-preview":"max-video-preview:-1"},"canonical":"https:\/\/super-news.info\/es\/la-facturacion-de-las-empresas-modera-su-avance-en-mayo-al-33-y-suma-34-meses-de-ascensos\/","og_locale":"en_US","og_type":"article","og_title":"La facturaci\u00f3n de las empresas modera su avance en mayo al 3,3% y suma 34 meses de ascensos - Super News","og_description":"[ad_1] MADRID, 19 Jul. (EUROPA PRESS) &#8211; La cifra de negocios de las empresas aument\u00f3 un 3,3% el pasado mes de mayo respecto al mismo mes de 2018, cinco d\u00e9cimas menos que en abril, seg\u00fan el \u00cdndice de Cifra de Negocios Empresarial (ICNE) publicado este viernes por el Instituto Nacional de Estad\u00edstica (INE). Con el [&hellip;]","og_url":"https:\/\/super-news.info\/es\/la-facturacion-de-las-empresas-modera-su-avance-en-mayo-al-33-y-suma-34-meses-de-ascensos\/","og_site_name":"Super News","article_published_time":"2019-07-19T20:41:18+00:00","article_modified_time":"2019-07-19T20:41:19+00:00","og_image":[{"width":120,"height":81,"url":"https:\/\/super-news.info\/es\/wp-content\/uploads\/sites\/4\/2019\/07\/La-facturaci\u00f3n-de-las-empresas-modera-su-avance-en-mayo.jpg","type":"image\/jpeg"}],"author":"super-news","twitter_card":"summary_large_image","twitter_misc":{"Written by":"super-news","Est. reading time":"1 minute"},"schema":{"@context":"https:\/\/schema.org","@graph":[{"@type":"Article","@id":"https:\/\/super-news.info\/es\/la-facturacion-de-las-empresas-modera-su-avance-en-mayo-al-33-y-suma-34-meses-de-ascensos\/#article","isPartOf":{"@id":"https:\/\/super-news.info\/es\/la-facturacion-de-las-empresas-modera-su-avance-en-mayo-al-33-y-suma-34-meses-de-ascensos\/"},"author":{"name":"super-news","@id":"https:\/\/super-news.info\/es\/#\/schema\/person\/2d4068cb2f39cd10008c2fce578a7356"},"headline":"La facturaci\u00f3n de las empresas modera su avance en mayo al 3,3% y suma 34 meses de ascensos","datePublished":"2019-07-19T20:41:18+00:00","dateModified":"2019-07-19T20:41:19+00:00","mainEntityOfPage":{"@id":"https:\/\/super-news.info\/es\/la-facturacion-de-las-empresas-modera-su-avance-en-mayo-al-33-y-suma-34-meses-de-ascensos\/"},"wordCount":261,"commentCount":0,"image":{"@id":"https:\/\/super-news.info\/es\/la-facturacion-de-las-empresas-modera-su-avance-en-mayo-al-33-y-suma-34-meses-de-ascensos\/#primaryimage"},"thumbnailUrl":"https:\/\/super-news.info\/es\/wp-content\/uploads\/sites\/4\/2019\/07\/La-facturaci\u00f3n-de-las-empresas-modera-su-avance-en-mayo.jpg","articleSection":["NOTICIAS FINANCIERAS"],"inLanguage":"en-US","potentialAction":[{"@type":"CommentAction","name":"Comment","target":["https:\/\/super-news.info\/es\/la-facturacion-de-las-empresas-modera-su-avance-en-mayo-al-33-y-suma-34-meses-de-ascensos\/#respond"]}]},{"@type":"WebPage","@id":"https:\/\/super-news.info\/es\/la-facturacion-de-las-empresas-modera-su-avance-en-mayo-al-33-y-suma-34-meses-de-ascensos\/","url":"https:\/\/super-news.info\/es\/la-facturacion-de-las-empresas-modera-su-avance-en-mayo-al-33-y-suma-34-meses-de-ascensos\/","name":"La facturaci\u00f3n de las empresas modera su avance en mayo al 3,3% y suma 34 meses de ascensos - Super News","isPartOf":{"@id":"https:\/\/super-news.info\/es\/#website"},"primaryImageOfPage":{"@id":"https:\/\/super-news.info\/es\/la-facturacion-de-las-empresas-modera-su-avance-en-mayo-al-33-y-suma-34-meses-de-ascensos\/#primaryimage"},"image":{"@id":"https:\/\/super-news.info\/es\/la-facturacion-de-las-empresas-modera-su-avance-en-mayo-al-33-y-suma-34-meses-de-ascensos\/#primaryimage"},"thumbnailUrl":"https:\/\/super-news.info\/es\/wp-content\/uploads\/sites\/4\/2019\/07\/La-facturaci\u00f3n-de-las-empresas-modera-su-avance-en-mayo.jpg","datePublished":"2019-07-19T20:41:18+00:00","dateModified":"2019-07-19T20:41:19+00:00","author":{"@id":"https:\/\/super-news.info\/es\/#\/schema\/person\/2d4068cb2f39cd10008c2fce578a7356"},"breadcrumb":{"@id":"https:\/\/super-news.info\/es\/la-facturacion-de-las-empresas-modera-su-avance-en-mayo-al-33-y-suma-34-meses-de-ascensos\/#breadcrumb"},"inLanguage":"en-US","potentialAction":[{"@type":"ReadAction","target":["https:\/\/super-news.info\/es\/la-facturacion-de-las-empresas-modera-su-avance-en-mayo-al-33-y-suma-34-meses-de-ascensos\/"]}]},{"@type":"ImageObject","inLanguage":"en-US","@id":"https:\/\/super-news.info\/es\/la-facturacion-de-las-empresas-modera-su-avance-en-mayo-al-33-y-suma-34-meses-de-ascensos\/#primaryimage","url":"https:\/\/super-news.info\/es\/wp-content\/uploads\/sites\/4\/2019\/07\/La-facturaci\u00f3n-de-las-empresas-modera-su-avance-en-mayo.jpg","contentUrl":"https:\/\/super-news.info\/es\/wp-content\/uploads\/sites\/4\/2019\/07\/La-facturaci\u00f3n-de-las-empresas-modera-su-avance-en-mayo.jpg","width":120,"height":81,"caption":"La facturaci\u00f3n de las empresas modera su avance en mayo al 3,3% y suma 34 meses de ascensos"},{"@type":"BreadcrumbList","@id":"https:\/\/super-news.info\/es\/la-facturacion-de-las-empresas-modera-su-avance-en-mayo-al-33-y-suma-34-meses-de-ascensos\/#breadcrumb","itemListElement":[{"@type":"ListItem","position":1,"name":"\u0413\u043b\u0430\u0432\u043d\u0430\u044f \u0441\u0442\u0440\u0430\u043d\u0438\u0446\u0430","item":"https:\/\/super-news.info\/es\/"},{"@type":"ListItem","position":2,"name":"La facturaci\u00f3n de las empresas modera su avance en mayo al 3,3% y suma 34 meses de ascensos"}]},{"@type":"WebSite","@id":"https:\/\/super-news.info\/es\/#website","url":"https:\/\/super-news.info\/es\/","name":"Super News","description":"Super News Espa\u00f1a","potentialAction":[{"@type":"SearchAction","target":{"@type":"EntryPoint","urlTemplate":"https:\/\/super-news.info\/es\/?s={search_term_string}"},"query-input":{"@type":"PropertyValueSpecification","valueRequired":true,"valueName":"search_term_string"}}],"inLanguage":"en-US"},{"@type":"Person","@id":"https:\/\/super-news.info\/es\/#\/schema\/person\/2d4068cb2f39cd10008c2fce578a7356","name":"super-news","image":{"@type":"ImageObject","inLanguage":"en-US","@id":"https:\/\/secure.gravatar.com\/avatar\/64ebac40b93f26a154f8a9b5b6fdccfc46f442b26b3dd6756dbff3bf9dc76fd7?s=96&d=mm&r=g","url":"https:\/\/secure.gravatar.com\/avatar\/64ebac40b93f26a154f8a9b5b6fdccfc46f442b26b3dd6756dbff3bf9dc76fd7?s=96&d=mm&r=g","contentUrl":"https:\/\/secure.gravatar.com\/avatar\/64ebac40b93f26a154f8a9b5b6fdccfc46f442b26b3dd6756dbff3bf9dc76fd7?s=96&d=mm&r=g","caption":"super-news"},"url":"https:\/\/super-news.info\/es\/author\/pt\/"}]}},"_links":{"self":[{"href":"https:\/\/super-news.info\/es\/wp-json\/wp\/v2\/posts\/6774","targetHints":{"allow":["GET"]}}],"collection":[{"href":"https:\/\/super-news.info\/es\/wp-json\/wp\/v2\/posts"}],"about":[{"href":"https:\/\/super-news.info\/es\/wp-json\/wp\/v2\/types\/post"}],"author":[{"embeddable":true,"href":"https:\/\/super-news.info\/es\/wp-json\/wp\/v2\/users\/2"}],"replies":[{"embeddable":true,"href":"https:\/\/super-news.info\/es\/wp-json\/wp\/v2\/comments?post=6774"}],"version-history":[{"count":1,"href":"https:\/\/super-news.info\/es\/wp-json\/wp\/v2\/posts\/6774\/revisions"}],"predecessor-version":[{"id":6776,"href":"https:\/\/super-news.info\/es\/wp-json\/wp\/v2\/posts\/6774\/revisions\/6776"}],"wp:featuredmedia":[{"embeddable":true,"href":"https:\/\/super-news.info\/es\/wp-json\/wp\/v2\/media\/6775"}],"wp:attachment":[{"href":"https:\/\/super-news.info\/es\/wp-json\/wp\/v2\/media?parent=6774"}],"wp:term":[{"taxonomy":"category","embeddable":true,"href":"https:\/\/super-news.info\/es\/wp-json\/wp\/v2\/categories?post=6774"},{"taxonomy":"post_tag","embeddable":true,"href":"https:\/\/super-news.info\/es\/wp-json\/wp\/v2\/tags?post=6774"}],"curies":[{"name":"wp","href":"https:\/\/api.w.org\/{rel}","templated":true}]}}