{"id":6747,"date":"2019-07-19T18:04:10","date_gmt":"2019-07-19T15:04:10","guid":{"rendered":"https:\/\/super-news.info\/es\/mediaset-adquiere-a-telefonica-los-derechos-para-emitir-laliga-y-la-champions-en-su-plataforma-mitele-plus\/"},"modified":"2019-07-19T18:04:12","modified_gmt":"2019-07-19T15:04:12","slug":"mediaset-adquiere-a-telefonica-los-derechos-para-emitir-laliga-y-la-champions-en-su-plataforma-mitele-plus","status":"publish","type":"post","link":"https:\/\/super-news.info\/es\/mediaset-adquiere-a-telefonica-los-derechos-para-emitir-laliga-y-la-champions-en-su-plataforma-mitele-plus\/","title":{"rendered":"Mediaset adquiere a Telef\u00f3nica los derechos para emitir LaLiga y la Champions en su plataforma Mitele Plus"},"content":{"rendered":"<p> [ad_1]<\/p>\n<div id=\"CuerpoNoticiav2\" itemprop=\"articleBody\">\n<p itemprop=\"description\">MADRID, 19 Jul. (EUROPA PRESS) &#8211;<\/p>\n<p>Mitele Plus, la nueva plataforma de contenidos de pago de Mediaset Espa\u00f1a, ofrecer\u00e1 LaLiga de Primera y Segunda Divisi\u00f3n, la Champions y la Europa League por 35 euros al mes, impuestos incluidos, despu\u00e9s de haber adquirido a Telef\u00f3nica los derechos para emitir este contenido durante la pr\u00f3xima temporada.<\/p>\n<p>Mediaset ha solicitado a Telef\u00f3nica acceder a los derechos para emitir la Champions y La Liga en su nueva plataforma dentro del marco de la oferta mayorista que cada a\u00f1o realiza la operadora de telecomunicaciones. Est\u00e1 previsto que el contrato se formalice en pr\u00f3ximos d\u00edas.<\/p>\n<p>La CNMC impuso en 2015 como condici\u00f3n a Telef\u00f3nica para poder adquirir DTS, la antigua Canal+, que realice cada a\u00f1o una oferta mayorista para que sus competidores puedan acceder a sus canales de televisi\u00f3n de pago con contenidos &#8216;premium&#8217; (pel\u00edculas de estreno, competiciones deportivas nacionales e internacionales, etc.) y comercializarlos mediante sus propias plataformas de televisi\u00f3n de pago.<\/p>\n<p>Para calcular el pago de los competidores por el acceso a los canales de f\u00fatbol y motor de la oferta mayorista, Telef\u00f3nica tiene en cuenta, entre otros factores, el llamado coste m\u00ednimo garantizado (CMG), que es el \u00fanico que inicialmente pagar\u00e1 Mediaset al tratarse de una plataforma de nueva creaci\u00f3n y no tener abonados. Posteriormente, el precio se actualizar\u00e1 en funci\u00f3n del n\u00famero de usuarios que utilicen la plataforma.<\/p>\n<p>El anuncio se produce despu\u00e9s de que la plataforma deportiva en &#8216;streaming&#8217; DAZN descartara la compra de los derechos de LaLiga Santander y la Liga de Campeones de la pr\u00f3xima temporada 2019-20, como anunci\u00f3, en una entrevista concedida a Europa Press, la vicepresidenta ejecutiva de DAZN para el sur de Europa, Ver\u00f3nica Diquattro.<\/p>\n<h2 class=\"ladillo\">MITELE PLUS<\/h2>\n<p>&#8220;La emoci\u00f3n y el color del f\u00fatbol llega a Mitele Plus. \u00a1Si\u00e9ntete libre de elegir! Pronto podr\u00e1s disfrutar de LaLiga de Primera y Segunda Divisi\u00f3n \u00a1y la vibraci\u00f3n del Cl\u00e1sico! Lucharemos con nuestros equipos toda la Champions League y la Europa League&#8221;, ha informado este viernes el grupo de comunicaci\u00f3n, que durante los tres primeros meses ofrecer\u00e1 el f\u00fatbol por 30 euros al mes, en vez de los 35 que cuesta sin promociones.<\/p>\n<p>Mitele Plus arranca a partir del pr\u00f3ximo lunes 22 de julio, por 2,5 euros al mes o 25 euros al a\u00f1o, incluidos impuestos, y estar\u00e1 disponible para PC, dispositivos m\u00f3viles y en pr\u00f3ximamente tambi\u00e9n para Smart TV. De esta forma, los usuarios de la aplicaci\u00f3n podr\u00e1n acceder a todo el contenido, en directo o a la carta, sin ning\u00fan tipo de prescripci\u00f3n comercial.<\/p>\n<p>&#8220;Mediaset Espa\u00f1a inaugura una nueva etapa de la televisi\u00f3n comercial en nuestro pa\u00eds, ofreciendo en esta primera fase un contenido libre de interrupciones que supone el punto de partida del desarrollo de un ambicioso plan de transformaci\u00f3n digital que reforzar\u00e1 la televisi\u00f3n como medio l\u00edder&#8221;, ha explicado.<\/p>\n<p>En este sentido, ha se\u00f1alado que trabaja desde 2017 con un equipo multidisciplinar denominado MediasetData, compuesto por responsables de las direcciones de Tecnolog\u00eda, Contenidos y Comercial Digital, en una serie de proyectos basados en bigdata e inteligencia artificial para la creaci\u00f3n de nuevas f\u00f3rmulas de comunicaci\u00f3n personalizada y segmentada.<\/p>\n<\/div>\n<p>[ad_2]<br \/>\n<br \/><a href=\"https:\/\/www.europapress.es\/economia\/noticia-mediaset-adquiere-telefonica-derechos-emitir-laliga-champions-plataforma-mitele-plus-20190719135311.html\">Source link <\/a><\/p>\n","protected":false},"excerpt":{"rendered":"<p>[ad_1] MADRID, 19 Jul. (EUROPA PRESS) &#8211; Mitele Plus, la nueva plataforma de contenidos de pago de Mediaset Espa\u00f1a, ofrecer\u00e1 LaLiga de Primera y Segunda Divisi\u00f3n, la Champions y la Europa League por 35 euros al mes, impuestos incluidos, despu\u00e9s de haber adquirido a Telef\u00f3nica los derechos para emitir este contenido durante la pr\u00f3xima temporada. [&hellip;]<\/p>\n","protected":false},"author":2,"featured_media":6748,"comment_status":"open","ping_status":"open","sticky":false,"template":"","format":"standard","meta":{"footnotes":""},"categories":[1],"tags":[],"class_list":["post-6747","post","type-post","status-publish","format-standard","has-post-thumbnail","hentry","category-noticias-financieras"],"yoast_head":"<!-- This site is optimized with the Yoast SEO plugin v27.4 - https:\/\/yoast.com\/product\/yoast-seo-wordpress\/ -->\n<title>Mediaset adquiere a Telef\u00f3nica los derechos para emitir LaLiga y la Champions en su plataforma Mitele Plus - Super News<\/title>\n<meta name=\"robots\" content=\"index, follow, max-snippet:-1, max-image-preview:large, max-video-preview:-1\" \/>\n<link rel=\"canonical\" href=\"https:\/\/super-news.info\/es\/mediaset-adquiere-a-telefonica-los-derechos-para-emitir-laliga-y-la-champions-en-su-plataforma-mitele-plus\/\" \/>\n<meta property=\"og:locale\" content=\"en_US\" \/>\n<meta property=\"og:type\" content=\"article\" \/>\n<meta property=\"og:title\" content=\"Mediaset adquiere a Telef\u00f3nica los derechos para emitir LaLiga y la Champions en su plataforma Mitele Plus - Super News\" \/>\n<meta property=\"og:description\" content=\"[ad_1] MADRID, 19 Jul. (EUROPA PRESS) &#8211; Mitele Plus, la nueva plataforma de contenidos de pago de Mediaset Espa\u00f1a, ofrecer\u00e1 LaLiga de Primera y Segunda Divisi\u00f3n, la Champions y la Europa League por 35 euros al mes, impuestos incluidos, despu\u00e9s de haber adquirido a Telef\u00f3nica los derechos para emitir este contenido durante la pr\u00f3xima temporada. [&hellip;]\" \/>\n<meta property=\"og:url\" content=\"https:\/\/super-news.info\/es\/mediaset-adquiere-a-telefonica-los-derechos-para-emitir-laliga-y-la-champions-en-su-plataforma-mitele-plus\/\" \/>\n<meta property=\"og:site_name\" content=\"Super News\" \/>\n<meta property=\"article:published_time\" content=\"2019-07-19T15:04:10+00:00\" \/>\n<meta property=\"article:modified_time\" content=\"2019-07-19T15:04:12+00:00\" \/>\n<meta property=\"og:image\" content=\"https:\/\/super-news.info\/es\/wp-content\/uploads\/sites\/4\/2019\/07\/Mediaset-adquiere-a-Telef\u00f3nica-los-derechos-para-emitir-LaLiga-y.jpg\" \/>\n\t<meta property=\"og:image:width\" content=\"120\" \/>\n\t<meta property=\"og:image:height\" content=\"67\" \/>\n\t<meta property=\"og:image:type\" content=\"image\/jpeg\" \/>\n<meta name=\"author\" content=\"super-news\" \/>\n<meta name=\"twitter:card\" content=\"summary_large_image\" \/>\n<meta name=\"twitter:label1\" content=\"Written by\" \/>\n\t<meta name=\"twitter:data1\" content=\"super-news\" \/>\n\t<meta name=\"twitter:label2\" content=\"Est. reading time\" \/>\n\t<meta name=\"twitter:data2\" content=\"3 minutes\" \/>\n<script type=\"application\/ld+json\" class=\"yoast-schema-graph\">{\"@context\":\"https:\\\/\\\/schema.org\",\"@graph\":[{\"@type\":\"Article\",\"@id\":\"https:\\\/\\\/super-news.info\\\/es\\\/mediaset-adquiere-a-telefonica-los-derechos-para-emitir-laliga-y-la-champions-en-su-plataforma-mitele-plus\\\/#article\",\"isPartOf\":{\"@id\":\"https:\\\/\\\/super-news.info\\\/es\\\/mediaset-adquiere-a-telefonica-los-derechos-para-emitir-laliga-y-la-champions-en-su-plataforma-mitele-plus\\\/\"},\"author\":{\"name\":\"super-news\",\"@id\":\"https:\\\/\\\/super-news.info\\\/es\\\/#\\\/schema\\\/person\\\/2d4068cb2f39cd10008c2fce578a7356\"},\"headline\":\"Mediaset adquiere a Telef\u00f3nica los derechos para emitir LaLiga y la Champions en su plataforma Mitele Plus\",\"datePublished\":\"2019-07-19T15:04:10+00:00\",\"dateModified\":\"2019-07-19T15:04:12+00:00\",\"mainEntityOfPage\":{\"@id\":\"https:\\\/\\\/super-news.info\\\/es\\\/mediaset-adquiere-a-telefonica-los-derechos-para-emitir-laliga-y-la-champions-en-su-plataforma-mitele-plus\\\/\"},\"wordCount\":579,\"commentCount\":0,\"image\":{\"@id\":\"https:\\\/\\\/super-news.info\\\/es\\\/mediaset-adquiere-a-telefonica-los-derechos-para-emitir-laliga-y-la-champions-en-su-plataforma-mitele-plus\\\/#primaryimage\"},\"thumbnailUrl\":\"https:\\\/\\\/super-news.info\\\/es\\\/wp-content\\\/uploads\\\/sites\\\/4\\\/2019\\\/07\\\/Mediaset-adquiere-a-Telef\u00f3nica-los-derechos-para-emitir-LaLiga-y.jpg\",\"articleSection\":[\"NOTICIAS FINANCIERAS\"],\"inLanguage\":\"en-US\",\"potentialAction\":[{\"@type\":\"CommentAction\",\"name\":\"Comment\",\"target\":[\"https:\\\/\\\/super-news.info\\\/es\\\/mediaset-adquiere-a-telefonica-los-derechos-para-emitir-laliga-y-la-champions-en-su-plataforma-mitele-plus\\\/#respond\"]}]},{\"@type\":\"WebPage\",\"@id\":\"https:\\\/\\\/super-news.info\\\/es\\\/mediaset-adquiere-a-telefonica-los-derechos-para-emitir-laliga-y-la-champions-en-su-plataforma-mitele-plus\\\/\",\"url\":\"https:\\\/\\\/super-news.info\\\/es\\\/mediaset-adquiere-a-telefonica-los-derechos-para-emitir-laliga-y-la-champions-en-su-plataforma-mitele-plus\\\/\",\"name\":\"Mediaset adquiere a Telef\u00f3nica los derechos para emitir LaLiga y la Champions en su plataforma Mitele Plus - Super News\",\"isPartOf\":{\"@id\":\"https:\\\/\\\/super-news.info\\\/es\\\/#website\"},\"primaryImageOfPage\":{\"@id\":\"https:\\\/\\\/super-news.info\\\/es\\\/mediaset-adquiere-a-telefonica-los-derechos-para-emitir-laliga-y-la-champions-en-su-plataforma-mitele-plus\\\/#primaryimage\"},\"image\":{\"@id\":\"https:\\\/\\\/super-news.info\\\/es\\\/mediaset-adquiere-a-telefonica-los-derechos-para-emitir-laliga-y-la-champions-en-su-plataforma-mitele-plus\\\/#primaryimage\"},\"thumbnailUrl\":\"https:\\\/\\\/super-news.info\\\/es\\\/wp-content\\\/uploads\\\/sites\\\/4\\\/2019\\\/07\\\/Mediaset-adquiere-a-Telef\u00f3nica-los-derechos-para-emitir-LaLiga-y.jpg\",\"datePublished\":\"2019-07-19T15:04:10+00:00\",\"dateModified\":\"2019-07-19T15:04:12+00:00\",\"author\":{\"@id\":\"https:\\\/\\\/super-news.info\\\/es\\\/#\\\/schema\\\/person\\\/2d4068cb2f39cd10008c2fce578a7356\"},\"breadcrumb\":{\"@id\":\"https:\\\/\\\/super-news.info\\\/es\\\/mediaset-adquiere-a-telefonica-los-derechos-para-emitir-laliga-y-la-champions-en-su-plataforma-mitele-plus\\\/#breadcrumb\"},\"inLanguage\":\"en-US\",\"potentialAction\":[{\"@type\":\"ReadAction\",\"target\":[\"https:\\\/\\\/super-news.info\\\/es\\\/mediaset-adquiere-a-telefonica-los-derechos-para-emitir-laliga-y-la-champions-en-su-plataforma-mitele-plus\\\/\"]}]},{\"@type\":\"ImageObject\",\"inLanguage\":\"en-US\",\"@id\":\"https:\\\/\\\/super-news.info\\\/es\\\/mediaset-adquiere-a-telefonica-los-derechos-para-emitir-laliga-y-la-champions-en-su-plataforma-mitele-plus\\\/#primaryimage\",\"url\":\"https:\\\/\\\/super-news.info\\\/es\\\/wp-content\\\/uploads\\\/sites\\\/4\\\/2019\\\/07\\\/Mediaset-adquiere-a-Telef\u00f3nica-los-derechos-para-emitir-LaLiga-y.jpg\",\"contentUrl\":\"https:\\\/\\\/super-news.info\\\/es\\\/wp-content\\\/uploads\\\/sites\\\/4\\\/2019\\\/07\\\/Mediaset-adquiere-a-Telef\u00f3nica-los-derechos-para-emitir-LaLiga-y.jpg\",\"width\":120,\"height\":67,\"caption\":\"Mediaset adquiere a Telef\u00f3nica los derechos para emitir LaLiga y la Champions en su plataforma Mitele Plus\"},{\"@type\":\"BreadcrumbList\",\"@id\":\"https:\\\/\\\/super-news.info\\\/es\\\/mediaset-adquiere-a-telefonica-los-derechos-para-emitir-laliga-y-la-champions-en-su-plataforma-mitele-plus\\\/#breadcrumb\",\"itemListElement\":[{\"@type\":\"ListItem\",\"position\":1,\"name\":\"\u0413\u043b\u0430\u0432\u043d\u0430\u044f \u0441\u0442\u0440\u0430\u043d\u0438\u0446\u0430\",\"item\":\"https:\\\/\\\/super-news.info\\\/es\\\/\"},{\"@type\":\"ListItem\",\"position\":2,\"name\":\"Mediaset adquiere a Telef\u00f3nica los derechos para emitir LaLiga y la Champions en su plataforma Mitele Plus\"}]},{\"@type\":\"WebSite\",\"@id\":\"https:\\\/\\\/super-news.info\\\/es\\\/#website\",\"url\":\"https:\\\/\\\/super-news.info\\\/es\\\/\",\"name\":\"Super News\",\"description\":\"Super News Espa\u00f1a\",\"potentialAction\":[{\"@type\":\"SearchAction\",\"target\":{\"@type\":\"EntryPoint\",\"urlTemplate\":\"https:\\\/\\\/super-news.info\\\/es\\\/?s={search_term_string}\"},\"query-input\":{\"@type\":\"PropertyValueSpecification\",\"valueRequired\":true,\"valueName\":\"search_term_string\"}}],\"inLanguage\":\"en-US\"},{\"@type\":\"Person\",\"@id\":\"https:\\\/\\\/super-news.info\\\/es\\\/#\\\/schema\\\/person\\\/2d4068cb2f39cd10008c2fce578a7356\",\"name\":\"super-news\",\"image\":{\"@type\":\"ImageObject\",\"inLanguage\":\"en-US\",\"@id\":\"https:\\\/\\\/secure.gravatar.com\\\/avatar\\\/64ebac40b93f26a154f8a9b5b6fdccfc46f442b26b3dd6756dbff3bf9dc76fd7?s=96&d=mm&r=g\",\"url\":\"https:\\\/\\\/secure.gravatar.com\\\/avatar\\\/64ebac40b93f26a154f8a9b5b6fdccfc46f442b26b3dd6756dbff3bf9dc76fd7?s=96&d=mm&r=g\",\"contentUrl\":\"https:\\\/\\\/secure.gravatar.com\\\/avatar\\\/64ebac40b93f26a154f8a9b5b6fdccfc46f442b26b3dd6756dbff3bf9dc76fd7?s=96&d=mm&r=g\",\"caption\":\"super-news\"},\"url\":\"https:\\\/\\\/super-news.info\\\/es\\\/author\\\/pt\\\/\"}]}<\/script>\n<!-- \/ Yoast SEO plugin. -->","yoast_head_json":{"title":"Mediaset adquiere a Telef\u00f3nica los derechos para emitir LaLiga y la Champions en su plataforma Mitele Plus - Super News","robots":{"index":"index","follow":"follow","max-snippet":"max-snippet:-1","max-image-preview":"max-image-preview:large","max-video-preview":"max-video-preview:-1"},"canonical":"https:\/\/super-news.info\/es\/mediaset-adquiere-a-telefonica-los-derechos-para-emitir-laliga-y-la-champions-en-su-plataforma-mitele-plus\/","og_locale":"en_US","og_type":"article","og_title":"Mediaset adquiere a Telef\u00f3nica los derechos para emitir LaLiga y la Champions en su plataforma Mitele Plus - Super News","og_description":"[ad_1] MADRID, 19 Jul. (EUROPA PRESS) &#8211; Mitele Plus, la nueva plataforma de contenidos de pago de Mediaset Espa\u00f1a, ofrecer\u00e1 LaLiga de Primera y Segunda Divisi\u00f3n, la Champions y la Europa League por 35 euros al mes, impuestos incluidos, despu\u00e9s de haber adquirido a Telef\u00f3nica los derechos para emitir este contenido durante la pr\u00f3xima temporada. [&hellip;]","og_url":"https:\/\/super-news.info\/es\/mediaset-adquiere-a-telefonica-los-derechos-para-emitir-laliga-y-la-champions-en-su-plataforma-mitele-plus\/","og_site_name":"Super News","article_published_time":"2019-07-19T15:04:10+00:00","article_modified_time":"2019-07-19T15:04:12+00:00","og_image":[{"width":120,"height":67,"url":"https:\/\/super-news.info\/es\/wp-content\/uploads\/sites\/4\/2019\/07\/Mediaset-adquiere-a-Telef\u00f3nica-los-derechos-para-emitir-LaLiga-y.jpg","type":"image\/jpeg"}],"author":"super-news","twitter_card":"summary_large_image","twitter_misc":{"Written by":"super-news","Est. reading time":"3 minutes"},"schema":{"@context":"https:\/\/schema.org","@graph":[{"@type":"Article","@id":"https:\/\/super-news.info\/es\/mediaset-adquiere-a-telefonica-los-derechos-para-emitir-laliga-y-la-champions-en-su-plataforma-mitele-plus\/#article","isPartOf":{"@id":"https:\/\/super-news.info\/es\/mediaset-adquiere-a-telefonica-los-derechos-para-emitir-laliga-y-la-champions-en-su-plataforma-mitele-plus\/"},"author":{"name":"super-news","@id":"https:\/\/super-news.info\/es\/#\/schema\/person\/2d4068cb2f39cd10008c2fce578a7356"},"headline":"Mediaset adquiere a Telef\u00f3nica los derechos para emitir LaLiga y la Champions en su plataforma Mitele Plus","datePublished":"2019-07-19T15:04:10+00:00","dateModified":"2019-07-19T15:04:12+00:00","mainEntityOfPage":{"@id":"https:\/\/super-news.info\/es\/mediaset-adquiere-a-telefonica-los-derechos-para-emitir-laliga-y-la-champions-en-su-plataforma-mitele-plus\/"},"wordCount":579,"commentCount":0,"image":{"@id":"https:\/\/super-news.info\/es\/mediaset-adquiere-a-telefonica-los-derechos-para-emitir-laliga-y-la-champions-en-su-plataforma-mitele-plus\/#primaryimage"},"thumbnailUrl":"https:\/\/super-news.info\/es\/wp-content\/uploads\/sites\/4\/2019\/07\/Mediaset-adquiere-a-Telef\u00f3nica-los-derechos-para-emitir-LaLiga-y.jpg","articleSection":["NOTICIAS FINANCIERAS"],"inLanguage":"en-US","potentialAction":[{"@type":"CommentAction","name":"Comment","target":["https:\/\/super-news.info\/es\/mediaset-adquiere-a-telefonica-los-derechos-para-emitir-laliga-y-la-champions-en-su-plataforma-mitele-plus\/#respond"]}]},{"@type":"WebPage","@id":"https:\/\/super-news.info\/es\/mediaset-adquiere-a-telefonica-los-derechos-para-emitir-laliga-y-la-champions-en-su-plataforma-mitele-plus\/","url":"https:\/\/super-news.info\/es\/mediaset-adquiere-a-telefonica-los-derechos-para-emitir-laliga-y-la-champions-en-su-plataforma-mitele-plus\/","name":"Mediaset adquiere a Telef\u00f3nica los derechos para emitir LaLiga y la Champions en su plataforma Mitele Plus - Super News","isPartOf":{"@id":"https:\/\/super-news.info\/es\/#website"},"primaryImageOfPage":{"@id":"https:\/\/super-news.info\/es\/mediaset-adquiere-a-telefonica-los-derechos-para-emitir-laliga-y-la-champions-en-su-plataforma-mitele-plus\/#primaryimage"},"image":{"@id":"https:\/\/super-news.info\/es\/mediaset-adquiere-a-telefonica-los-derechos-para-emitir-laliga-y-la-champions-en-su-plataforma-mitele-plus\/#primaryimage"},"thumbnailUrl":"https:\/\/super-news.info\/es\/wp-content\/uploads\/sites\/4\/2019\/07\/Mediaset-adquiere-a-Telef\u00f3nica-los-derechos-para-emitir-LaLiga-y.jpg","datePublished":"2019-07-19T15:04:10+00:00","dateModified":"2019-07-19T15:04:12+00:00","author":{"@id":"https:\/\/super-news.info\/es\/#\/schema\/person\/2d4068cb2f39cd10008c2fce578a7356"},"breadcrumb":{"@id":"https:\/\/super-news.info\/es\/mediaset-adquiere-a-telefonica-los-derechos-para-emitir-laliga-y-la-champions-en-su-plataforma-mitele-plus\/#breadcrumb"},"inLanguage":"en-US","potentialAction":[{"@type":"ReadAction","target":["https:\/\/super-news.info\/es\/mediaset-adquiere-a-telefonica-los-derechos-para-emitir-laliga-y-la-champions-en-su-plataforma-mitele-plus\/"]}]},{"@type":"ImageObject","inLanguage":"en-US","@id":"https:\/\/super-news.info\/es\/mediaset-adquiere-a-telefonica-los-derechos-para-emitir-laliga-y-la-champions-en-su-plataforma-mitele-plus\/#primaryimage","url":"https:\/\/super-news.info\/es\/wp-content\/uploads\/sites\/4\/2019\/07\/Mediaset-adquiere-a-Telef\u00f3nica-los-derechos-para-emitir-LaLiga-y.jpg","contentUrl":"https:\/\/super-news.info\/es\/wp-content\/uploads\/sites\/4\/2019\/07\/Mediaset-adquiere-a-Telef\u00f3nica-los-derechos-para-emitir-LaLiga-y.jpg","width":120,"height":67,"caption":"Mediaset adquiere a Telef\u00f3nica los derechos para emitir LaLiga y la Champions en su plataforma Mitele Plus"},{"@type":"BreadcrumbList","@id":"https:\/\/super-news.info\/es\/mediaset-adquiere-a-telefonica-los-derechos-para-emitir-laliga-y-la-champions-en-su-plataforma-mitele-plus\/#breadcrumb","itemListElement":[{"@type":"ListItem","position":1,"name":"\u0413\u043b\u0430\u0432\u043d\u0430\u044f \u0441\u0442\u0440\u0430\u043d\u0438\u0446\u0430","item":"https:\/\/super-news.info\/es\/"},{"@type":"ListItem","position":2,"name":"Mediaset adquiere a Telef\u00f3nica los derechos para emitir LaLiga y la Champions en su plataforma Mitele Plus"}]},{"@type":"WebSite","@id":"https:\/\/super-news.info\/es\/#website","url":"https:\/\/super-news.info\/es\/","name":"Super News","description":"Super News Espa\u00f1a","potentialAction":[{"@type":"SearchAction","target":{"@type":"EntryPoint","urlTemplate":"https:\/\/super-news.info\/es\/?s={search_term_string}"},"query-input":{"@type":"PropertyValueSpecification","valueRequired":true,"valueName":"search_term_string"}}],"inLanguage":"en-US"},{"@type":"Person","@id":"https:\/\/super-news.info\/es\/#\/schema\/person\/2d4068cb2f39cd10008c2fce578a7356","name":"super-news","image":{"@type":"ImageObject","inLanguage":"en-US","@id":"https:\/\/secure.gravatar.com\/avatar\/64ebac40b93f26a154f8a9b5b6fdccfc46f442b26b3dd6756dbff3bf9dc76fd7?s=96&d=mm&r=g","url":"https:\/\/secure.gravatar.com\/avatar\/64ebac40b93f26a154f8a9b5b6fdccfc46f442b26b3dd6756dbff3bf9dc76fd7?s=96&d=mm&r=g","contentUrl":"https:\/\/secure.gravatar.com\/avatar\/64ebac40b93f26a154f8a9b5b6fdccfc46f442b26b3dd6756dbff3bf9dc76fd7?s=96&d=mm&r=g","caption":"super-news"},"url":"https:\/\/super-news.info\/es\/author\/pt\/"}]}},"_links":{"self":[{"href":"https:\/\/super-news.info\/es\/wp-json\/wp\/v2\/posts\/6747","targetHints":{"allow":["GET"]}}],"collection":[{"href":"https:\/\/super-news.info\/es\/wp-json\/wp\/v2\/posts"}],"about":[{"href":"https:\/\/super-news.info\/es\/wp-json\/wp\/v2\/types\/post"}],"author":[{"embeddable":true,"href":"https:\/\/super-news.info\/es\/wp-json\/wp\/v2\/users\/2"}],"replies":[{"embeddable":true,"href":"https:\/\/super-news.info\/es\/wp-json\/wp\/v2\/comments?post=6747"}],"version-history":[{"count":1,"href":"https:\/\/super-news.info\/es\/wp-json\/wp\/v2\/posts\/6747\/revisions"}],"predecessor-version":[{"id":6749,"href":"https:\/\/super-news.info\/es\/wp-json\/wp\/v2\/posts\/6747\/revisions\/6749"}],"wp:featuredmedia":[{"embeddable":true,"href":"https:\/\/super-news.info\/es\/wp-json\/wp\/v2\/media\/6748"}],"wp:attachment":[{"href":"https:\/\/super-news.info\/es\/wp-json\/wp\/v2\/media?parent=6747"}],"wp:term":[{"taxonomy":"category","embeddable":true,"href":"https:\/\/super-news.info\/es\/wp-json\/wp\/v2\/categories?post=6747"},{"taxonomy":"post_tag","embeddable":true,"href":"https:\/\/super-news.info\/es\/wp-json\/wp\/v2\/tags?post=6747"}],"curies":[{"name":"wp","href":"https:\/\/api.w.org\/{rel}","templated":true}]}}