{"id":6735,"date":"2019-07-19T15:52:30","date_gmt":"2019-07-19T12:52:30","guid":{"rendered":"https:\/\/super-news.info\/es\/la-subasta-de-espectro-para-el-5g-se-realizara-en-enero-o-febrero-y-no-tendra-un-especial-afan-recaudatorio\/"},"modified":"2019-07-19T15:52:31","modified_gmt":"2019-07-19T12:52:31","slug":"la-subasta-de-espectro-para-el-5g-se-realizara-en-enero-o-febrero-y-no-tendra-un-especial-afan-recaudatorio","status":"publish","type":"post","link":"https:\/\/super-news.info\/es\/la-subasta-de-espectro-para-el-5g-se-realizara-en-enero-o-febrero-y-no-tendra-un-especial-afan-recaudatorio\/","title":{"rendered":"La subasta de espectro para el 5G se realizar\u00e1 en enero o febrero y no tendr\u00e1 un &#8220;especial af\u00e1n recaudatorio&#8221;"},"content":{"rendered":"<p> [ad_1]<\/p>\n<div id=\"CuerpoNoticiav2\" itemprop=\"articleBody\">\n<p>MADRID, 19 Jul. (EUROPA PRESS) &#8211; <\/p>\n<p itemprop=\"description\">   El director general de Telecomunicaciones, Roberto S\u00e1nchez, ha se\u00f1alado que la subasta de espectro en la banda de 700 MHz, destinado al despliegue del 5G, se celebrar\u00e1 en los meses de enero y febrero de 2020 y ha insistido en que este proceso no tendr\u00e1 un &#8220;especial af\u00e1n recaudatorio&#8221;.<\/p>\n<p>   En una rueda de prensa para informar sobre los cambios en la TDT que conllevar\u00e1 el segundo dividendo digital, S\u00e1nchez ha detallado que la subasta se convocar\u00e1 y llevar\u00e1 a cabo en enero o febrero del pr\u00f3ximo a\u00f1o de manera que la conclusi\u00f3n de la misma coincida &#8220;razonablemente&#8221; en el tiempo con la liberaci\u00f3n de la banda.<\/p>\n<p>   El proceso de liberaci\u00f3n de la banda 694-790 MHz (banda 700 MHz), donde est\u00e1 alojada en la actualidad la Televisi\u00f3n Digital Terreste, deber\u00e1 finalizar antes del 30 de junio de 2020, seg\u00fan el calendario establecido por la Uni\u00f3n Europea y lo recogido en la hoja del ruta del Gobierno para el 5G.<\/p>\n<p>   S\u00e1nchez ha rehusado dar una fecha concreta para la celebraci\u00f3n de lo subasta, ya que los inicios de a\u00f1o son un poco complicados en t\u00e9rminos administrativos, pero ha incidido en que lo importante es que tenga lugar durante el primer semestre y que est\u00e9 concluida antes del 30 de junio.<\/p>\n<p>   Asimismo, el director general ha remarcado que actualmente el Ministerio est\u00e1 analizando las aportaciones que se han hecho en el marco de la consulta p\u00fablica lanzada por el Gobierno para proceder a cerrar el dise\u00f1o de la misma.<\/p>\n<p>   Ante las peticiones de los operadores de que sea una subasta con un dise\u00f1o que fomente la inversi\u00f3n, ha incidido en que como ha indicado en otras ocasiones \u00e9l mismo o la ministra de Econom\u00eda y Empresa, Nadia Calvi\u00f1o, el Gobierno no tiene un &#8220;especial af\u00e1n recaudatorio&#8221; y, como ha ocurrido en subastas anteriores, no estar\u00e1 dise\u00f1ada para ello.<\/p>\n<p>   A este respecto, ha a\u00f1adido que no deja de ser un proceso de subasta, por lo que en realidad est\u00e1 m\u00e1s en el tejado de los propios operadores decidir en qu\u00e9 momento dejan de pujar. As\u00ed, ha agregado que probablemente se mantenga el esquema de subastas anteriores que consisten en rondas m\u00faltiples con precios al alza en las que las compa\u00f1\u00edas deciden cuando se retiran de una puja.<\/p>\n<h2 class=\"ladillo\">ESTUDIA LA PETICI\u00d3N DE M\u00c1SM\u00d3VIL<\/h2>\n<p>   Sobre la petici\u00f3n de M\u00e1sM\u00f3vil de que se le reserve una parte del espectro por ser el \u00fanico cuarto operador de Europa sin frecuencias en la bandas bajas, S\u00e1nchez ha apuntado que todo el mundo quiere y puede pedir trato de favor, pero ha incidido en que no hay ninguna decisi\u00f3n tomada y se est\u00e1 estudiando.<\/p>\n<p>   Respecto a la reorganizaci\u00f3n de la banda de 3,5 GHz tras la subasta realizada hace un a\u00f1o para que los operadores tengan juntas todas las frecuencias adquiridas, el director general ha indiciado en que es un &#8220;proceso complejo&#8221; porque cada operador tiene sus propios intereses, pero ha confiado en que este concluido este a\u00f1o.<\/p>\n<\/div>\n<p>[ad_2]<br \/>\n<br \/><a href=\"https:\/\/www.europapress.es\/economia\/noticia-subasta-espectro-5g-realizara-enero-febrero-no-tendra-especial-afan-recaudatorio-20190719142718.html\">Source link <\/a><\/p>\n","protected":false},"excerpt":{"rendered":"<p>[ad_1] MADRID, 19 Jul. (EUROPA PRESS) &#8211; El director general de Telecomunicaciones, Roberto S\u00e1nchez, ha se\u00f1alado que la subasta de espectro en la banda de 700 MHz, destinado al despliegue del 5G, se celebrar\u00e1 en los meses de enero y febrero de 2020 y ha insistido en que este proceso no tendr\u00e1 un &#8220;especial af\u00e1n [&hellip;]<\/p>\n","protected":false},"author":2,"featured_media":6736,"comment_status":"open","ping_status":"open","sticky":false,"template":"","format":"standard","meta":{"footnotes":""},"categories":[1],"tags":[],"class_list":["post-6735","post","type-post","status-publish","format-standard","has-post-thumbnail","hentry","category-noticias-financieras"],"yoast_head":"<!-- This site is optimized with the Yoast SEO plugin v27.4 - https:\/\/yoast.com\/product\/yoast-seo-wordpress\/ -->\n<title>La subasta de espectro para el 5G se realizar\u00e1 en enero o febrero y no tendr\u00e1 un &quot;especial af\u00e1n recaudatorio&quot; - Super News<\/title>\n<meta name=\"robots\" content=\"index, follow, max-snippet:-1, max-image-preview:large, max-video-preview:-1\" \/>\n<link rel=\"canonical\" href=\"https:\/\/super-news.info\/es\/la-subasta-de-espectro-para-el-5g-se-realizara-en-enero-o-febrero-y-no-tendra-un-especial-afan-recaudatorio\/\" \/>\n<meta property=\"og:locale\" content=\"en_US\" \/>\n<meta property=\"og:type\" content=\"article\" \/>\n<meta property=\"og:title\" content=\"La subasta de espectro para el 5G se realizar\u00e1 en enero o febrero y no tendr\u00e1 un &quot;especial af\u00e1n recaudatorio&quot; - Super News\" \/>\n<meta property=\"og:description\" content=\"[ad_1] MADRID, 19 Jul. (EUROPA PRESS) &#8211; El director general de Telecomunicaciones, Roberto S\u00e1nchez, ha se\u00f1alado que la subasta de espectro en la banda de 700 MHz, destinado al despliegue del 5G, se celebrar\u00e1 en los meses de enero y febrero de 2020 y ha insistido en que este proceso no tendr\u00e1 un &#8220;especial af\u00e1n [&hellip;]\" \/>\n<meta property=\"og:url\" content=\"https:\/\/super-news.info\/es\/la-subasta-de-espectro-para-el-5g-se-realizara-en-enero-o-febrero-y-no-tendra-un-especial-afan-recaudatorio\/\" \/>\n<meta property=\"og:site_name\" content=\"Super News\" \/>\n<meta property=\"article:published_time\" content=\"2019-07-19T12:52:30+00:00\" \/>\n<meta property=\"article:modified_time\" content=\"2019-07-19T12:52:31+00:00\" \/>\n<meta property=\"og:image\" content=\"https:\/\/super-news.info\/es\/wp-content\/uploads\/sites\/4\/2019\/07\/La-subasta-de-espectro-para-el-5G-se-realizar\u00e1-en.jpg\" \/>\n\t<meta property=\"og:image:width\" content=\"120\" \/>\n\t<meta property=\"og:image:height\" content=\"90\" \/>\n\t<meta property=\"og:image:type\" content=\"image\/jpeg\" \/>\n<meta name=\"author\" content=\"super-news\" \/>\n<meta name=\"twitter:card\" content=\"summary_large_image\" \/>\n<meta name=\"twitter:label1\" content=\"Written by\" \/>\n\t<meta name=\"twitter:data1\" content=\"super-news\" \/>\n\t<meta name=\"twitter:label2\" content=\"Est. reading time\" \/>\n\t<meta name=\"twitter:data2\" content=\"3 minutes\" \/>\n<script type=\"application\/ld+json\" class=\"yoast-schema-graph\">{\"@context\":\"https:\\\/\\\/schema.org\",\"@graph\":[{\"@type\":\"Article\",\"@id\":\"https:\\\/\\\/super-news.info\\\/es\\\/la-subasta-de-espectro-para-el-5g-se-realizara-en-enero-o-febrero-y-no-tendra-un-especial-afan-recaudatorio\\\/#article\",\"isPartOf\":{\"@id\":\"https:\\\/\\\/super-news.info\\\/es\\\/la-subasta-de-espectro-para-el-5g-se-realizara-en-enero-o-febrero-y-no-tendra-un-especial-afan-recaudatorio\\\/\"},\"author\":{\"name\":\"super-news\",\"@id\":\"https:\\\/\\\/super-news.info\\\/es\\\/#\\\/schema\\\/person\\\/2d4068cb2f39cd10008c2fce578a7356\"},\"headline\":\"La subasta de espectro para el 5G se realizar\u00e1 en enero o febrero y no tendr\u00e1 un &#8220;especial af\u00e1n recaudatorio&#8221;\",\"datePublished\":\"2019-07-19T12:52:30+00:00\",\"dateModified\":\"2019-07-19T12:52:31+00:00\",\"mainEntityOfPage\":{\"@id\":\"https:\\\/\\\/super-news.info\\\/es\\\/la-subasta-de-espectro-para-el-5g-se-realizara-en-enero-o-febrero-y-no-tendra-un-especial-afan-recaudatorio\\\/\"},\"wordCount\":550,\"commentCount\":0,\"image\":{\"@id\":\"https:\\\/\\\/super-news.info\\\/es\\\/la-subasta-de-espectro-para-el-5g-se-realizara-en-enero-o-febrero-y-no-tendra-un-especial-afan-recaudatorio\\\/#primaryimage\"},\"thumbnailUrl\":\"https:\\\/\\\/super-news.info\\\/es\\\/wp-content\\\/uploads\\\/sites\\\/4\\\/2019\\\/07\\\/La-subasta-de-espectro-para-el-5G-se-realizar\u00e1-en.jpg\",\"articleSection\":[\"NOTICIAS FINANCIERAS\"],\"inLanguage\":\"en-US\",\"potentialAction\":[{\"@type\":\"CommentAction\",\"name\":\"Comment\",\"target\":[\"https:\\\/\\\/super-news.info\\\/es\\\/la-subasta-de-espectro-para-el-5g-se-realizara-en-enero-o-febrero-y-no-tendra-un-especial-afan-recaudatorio\\\/#respond\"]}]},{\"@type\":\"WebPage\",\"@id\":\"https:\\\/\\\/super-news.info\\\/es\\\/la-subasta-de-espectro-para-el-5g-se-realizara-en-enero-o-febrero-y-no-tendra-un-especial-afan-recaudatorio\\\/\",\"url\":\"https:\\\/\\\/super-news.info\\\/es\\\/la-subasta-de-espectro-para-el-5g-se-realizara-en-enero-o-febrero-y-no-tendra-un-especial-afan-recaudatorio\\\/\",\"name\":\"La subasta de espectro para el 5G se realizar\u00e1 en enero o febrero y no tendr\u00e1 un \\\"especial af\u00e1n recaudatorio\\\" - Super News\",\"isPartOf\":{\"@id\":\"https:\\\/\\\/super-news.info\\\/es\\\/#website\"},\"primaryImageOfPage\":{\"@id\":\"https:\\\/\\\/super-news.info\\\/es\\\/la-subasta-de-espectro-para-el-5g-se-realizara-en-enero-o-febrero-y-no-tendra-un-especial-afan-recaudatorio\\\/#primaryimage\"},\"image\":{\"@id\":\"https:\\\/\\\/super-news.info\\\/es\\\/la-subasta-de-espectro-para-el-5g-se-realizara-en-enero-o-febrero-y-no-tendra-un-especial-afan-recaudatorio\\\/#primaryimage\"},\"thumbnailUrl\":\"https:\\\/\\\/super-news.info\\\/es\\\/wp-content\\\/uploads\\\/sites\\\/4\\\/2019\\\/07\\\/La-subasta-de-espectro-para-el-5G-se-realizar\u00e1-en.jpg\",\"datePublished\":\"2019-07-19T12:52:30+00:00\",\"dateModified\":\"2019-07-19T12:52:31+00:00\",\"author\":{\"@id\":\"https:\\\/\\\/super-news.info\\\/es\\\/#\\\/schema\\\/person\\\/2d4068cb2f39cd10008c2fce578a7356\"},\"breadcrumb\":{\"@id\":\"https:\\\/\\\/super-news.info\\\/es\\\/la-subasta-de-espectro-para-el-5g-se-realizara-en-enero-o-febrero-y-no-tendra-un-especial-afan-recaudatorio\\\/#breadcrumb\"},\"inLanguage\":\"en-US\",\"potentialAction\":[{\"@type\":\"ReadAction\",\"target\":[\"https:\\\/\\\/super-news.info\\\/es\\\/la-subasta-de-espectro-para-el-5g-se-realizara-en-enero-o-febrero-y-no-tendra-un-especial-afan-recaudatorio\\\/\"]}]},{\"@type\":\"ImageObject\",\"inLanguage\":\"en-US\",\"@id\":\"https:\\\/\\\/super-news.info\\\/es\\\/la-subasta-de-espectro-para-el-5g-se-realizara-en-enero-o-febrero-y-no-tendra-un-especial-afan-recaudatorio\\\/#primaryimage\",\"url\":\"https:\\\/\\\/super-news.info\\\/es\\\/wp-content\\\/uploads\\\/sites\\\/4\\\/2019\\\/07\\\/La-subasta-de-espectro-para-el-5G-se-realizar\u00e1-en.jpg\",\"contentUrl\":\"https:\\\/\\\/super-news.info\\\/es\\\/wp-content\\\/uploads\\\/sites\\\/4\\\/2019\\\/07\\\/La-subasta-de-espectro-para-el-5G-se-realizar\u00e1-en.jpg\",\"width\":120,\"height\":90,\"caption\":\"La subasta de espectro para el 5G se realizar\u00e1 en enero o febrero y no tendr\u00e1 un \\\"especial af\u00e1n recaudatorio\\\"\"},{\"@type\":\"BreadcrumbList\",\"@id\":\"https:\\\/\\\/super-news.info\\\/es\\\/la-subasta-de-espectro-para-el-5g-se-realizara-en-enero-o-febrero-y-no-tendra-un-especial-afan-recaudatorio\\\/#breadcrumb\",\"itemListElement\":[{\"@type\":\"ListItem\",\"position\":1,\"name\":\"\u0413\u043b\u0430\u0432\u043d\u0430\u044f \u0441\u0442\u0440\u0430\u043d\u0438\u0446\u0430\",\"item\":\"https:\\\/\\\/super-news.info\\\/es\\\/\"},{\"@type\":\"ListItem\",\"position\":2,\"name\":\"La subasta de espectro para el 5G se realizar\u00e1 en enero o febrero y no tendr\u00e1 un &#8220;especial af\u00e1n recaudatorio&#8221;\"}]},{\"@type\":\"WebSite\",\"@id\":\"https:\\\/\\\/super-news.info\\\/es\\\/#website\",\"url\":\"https:\\\/\\\/super-news.info\\\/es\\\/\",\"name\":\"Super News\",\"description\":\"Super News Espa\u00f1a\",\"potentialAction\":[{\"@type\":\"SearchAction\",\"target\":{\"@type\":\"EntryPoint\",\"urlTemplate\":\"https:\\\/\\\/super-news.info\\\/es\\\/?s={search_term_string}\"},\"query-input\":{\"@type\":\"PropertyValueSpecification\",\"valueRequired\":true,\"valueName\":\"search_term_string\"}}],\"inLanguage\":\"en-US\"},{\"@type\":\"Person\",\"@id\":\"https:\\\/\\\/super-news.info\\\/es\\\/#\\\/schema\\\/person\\\/2d4068cb2f39cd10008c2fce578a7356\",\"name\":\"super-news\",\"image\":{\"@type\":\"ImageObject\",\"inLanguage\":\"en-US\",\"@id\":\"https:\\\/\\\/secure.gravatar.com\\\/avatar\\\/64ebac40b93f26a154f8a9b5b6fdccfc46f442b26b3dd6756dbff3bf9dc76fd7?s=96&d=mm&r=g\",\"url\":\"https:\\\/\\\/secure.gravatar.com\\\/avatar\\\/64ebac40b93f26a154f8a9b5b6fdccfc46f442b26b3dd6756dbff3bf9dc76fd7?s=96&d=mm&r=g\",\"contentUrl\":\"https:\\\/\\\/secure.gravatar.com\\\/avatar\\\/64ebac40b93f26a154f8a9b5b6fdccfc46f442b26b3dd6756dbff3bf9dc76fd7?s=96&d=mm&r=g\",\"caption\":\"super-news\"},\"url\":\"https:\\\/\\\/super-news.info\\\/es\\\/author\\\/pt\\\/\"}]}<\/script>\n<!-- \/ Yoast SEO plugin. -->","yoast_head_json":{"title":"La subasta de espectro para el 5G se realizar\u00e1 en enero o febrero y no tendr\u00e1 un \"especial af\u00e1n recaudatorio\" - Super News","robots":{"index":"index","follow":"follow","max-snippet":"max-snippet:-1","max-image-preview":"max-image-preview:large","max-video-preview":"max-video-preview:-1"},"canonical":"https:\/\/super-news.info\/es\/la-subasta-de-espectro-para-el-5g-se-realizara-en-enero-o-febrero-y-no-tendra-un-especial-afan-recaudatorio\/","og_locale":"en_US","og_type":"article","og_title":"La subasta de espectro para el 5G se realizar\u00e1 en enero o febrero y no tendr\u00e1 un \"especial af\u00e1n recaudatorio\" - Super News","og_description":"[ad_1] MADRID, 19 Jul. (EUROPA PRESS) &#8211; El director general de Telecomunicaciones, Roberto S\u00e1nchez, ha se\u00f1alado que la subasta de espectro en la banda de 700 MHz, destinado al despliegue del 5G, se celebrar\u00e1 en los meses de enero y febrero de 2020 y ha insistido en que este proceso no tendr\u00e1 un &#8220;especial af\u00e1n [&hellip;]","og_url":"https:\/\/super-news.info\/es\/la-subasta-de-espectro-para-el-5g-se-realizara-en-enero-o-febrero-y-no-tendra-un-especial-afan-recaudatorio\/","og_site_name":"Super News","article_published_time":"2019-07-19T12:52:30+00:00","article_modified_time":"2019-07-19T12:52:31+00:00","og_image":[{"width":120,"height":90,"url":"https:\/\/super-news.info\/es\/wp-content\/uploads\/sites\/4\/2019\/07\/La-subasta-de-espectro-para-el-5G-se-realizar\u00e1-en.jpg","type":"image\/jpeg"}],"author":"super-news","twitter_card":"summary_large_image","twitter_misc":{"Written by":"super-news","Est. reading time":"3 minutes"},"schema":{"@context":"https:\/\/schema.org","@graph":[{"@type":"Article","@id":"https:\/\/super-news.info\/es\/la-subasta-de-espectro-para-el-5g-se-realizara-en-enero-o-febrero-y-no-tendra-un-especial-afan-recaudatorio\/#article","isPartOf":{"@id":"https:\/\/super-news.info\/es\/la-subasta-de-espectro-para-el-5g-se-realizara-en-enero-o-febrero-y-no-tendra-un-especial-afan-recaudatorio\/"},"author":{"name":"super-news","@id":"https:\/\/super-news.info\/es\/#\/schema\/person\/2d4068cb2f39cd10008c2fce578a7356"},"headline":"La subasta de espectro para el 5G se realizar\u00e1 en enero o febrero y no tendr\u00e1 un &#8220;especial af\u00e1n recaudatorio&#8221;","datePublished":"2019-07-19T12:52:30+00:00","dateModified":"2019-07-19T12:52:31+00:00","mainEntityOfPage":{"@id":"https:\/\/super-news.info\/es\/la-subasta-de-espectro-para-el-5g-se-realizara-en-enero-o-febrero-y-no-tendra-un-especial-afan-recaudatorio\/"},"wordCount":550,"commentCount":0,"image":{"@id":"https:\/\/super-news.info\/es\/la-subasta-de-espectro-para-el-5g-se-realizara-en-enero-o-febrero-y-no-tendra-un-especial-afan-recaudatorio\/#primaryimage"},"thumbnailUrl":"https:\/\/super-news.info\/es\/wp-content\/uploads\/sites\/4\/2019\/07\/La-subasta-de-espectro-para-el-5G-se-realizar\u00e1-en.jpg","articleSection":["NOTICIAS FINANCIERAS"],"inLanguage":"en-US","potentialAction":[{"@type":"CommentAction","name":"Comment","target":["https:\/\/super-news.info\/es\/la-subasta-de-espectro-para-el-5g-se-realizara-en-enero-o-febrero-y-no-tendra-un-especial-afan-recaudatorio\/#respond"]}]},{"@type":"WebPage","@id":"https:\/\/super-news.info\/es\/la-subasta-de-espectro-para-el-5g-se-realizara-en-enero-o-febrero-y-no-tendra-un-especial-afan-recaudatorio\/","url":"https:\/\/super-news.info\/es\/la-subasta-de-espectro-para-el-5g-se-realizara-en-enero-o-febrero-y-no-tendra-un-especial-afan-recaudatorio\/","name":"La subasta de espectro para el 5G se realizar\u00e1 en enero o febrero y no tendr\u00e1 un \"especial af\u00e1n recaudatorio\" - Super News","isPartOf":{"@id":"https:\/\/super-news.info\/es\/#website"},"primaryImageOfPage":{"@id":"https:\/\/super-news.info\/es\/la-subasta-de-espectro-para-el-5g-se-realizara-en-enero-o-febrero-y-no-tendra-un-especial-afan-recaudatorio\/#primaryimage"},"image":{"@id":"https:\/\/super-news.info\/es\/la-subasta-de-espectro-para-el-5g-se-realizara-en-enero-o-febrero-y-no-tendra-un-especial-afan-recaudatorio\/#primaryimage"},"thumbnailUrl":"https:\/\/super-news.info\/es\/wp-content\/uploads\/sites\/4\/2019\/07\/La-subasta-de-espectro-para-el-5G-se-realizar\u00e1-en.jpg","datePublished":"2019-07-19T12:52:30+00:00","dateModified":"2019-07-19T12:52:31+00:00","author":{"@id":"https:\/\/super-news.info\/es\/#\/schema\/person\/2d4068cb2f39cd10008c2fce578a7356"},"breadcrumb":{"@id":"https:\/\/super-news.info\/es\/la-subasta-de-espectro-para-el-5g-se-realizara-en-enero-o-febrero-y-no-tendra-un-especial-afan-recaudatorio\/#breadcrumb"},"inLanguage":"en-US","potentialAction":[{"@type":"ReadAction","target":["https:\/\/super-news.info\/es\/la-subasta-de-espectro-para-el-5g-se-realizara-en-enero-o-febrero-y-no-tendra-un-especial-afan-recaudatorio\/"]}]},{"@type":"ImageObject","inLanguage":"en-US","@id":"https:\/\/super-news.info\/es\/la-subasta-de-espectro-para-el-5g-se-realizara-en-enero-o-febrero-y-no-tendra-un-especial-afan-recaudatorio\/#primaryimage","url":"https:\/\/super-news.info\/es\/wp-content\/uploads\/sites\/4\/2019\/07\/La-subasta-de-espectro-para-el-5G-se-realizar\u00e1-en.jpg","contentUrl":"https:\/\/super-news.info\/es\/wp-content\/uploads\/sites\/4\/2019\/07\/La-subasta-de-espectro-para-el-5G-se-realizar\u00e1-en.jpg","width":120,"height":90,"caption":"La subasta de espectro para el 5G se realizar\u00e1 en enero o febrero y no tendr\u00e1 un \"especial af\u00e1n recaudatorio\""},{"@type":"BreadcrumbList","@id":"https:\/\/super-news.info\/es\/la-subasta-de-espectro-para-el-5g-se-realizara-en-enero-o-febrero-y-no-tendra-un-especial-afan-recaudatorio\/#breadcrumb","itemListElement":[{"@type":"ListItem","position":1,"name":"\u0413\u043b\u0430\u0432\u043d\u0430\u044f \u0441\u0442\u0440\u0430\u043d\u0438\u0446\u0430","item":"https:\/\/super-news.info\/es\/"},{"@type":"ListItem","position":2,"name":"La subasta de espectro para el 5G se realizar\u00e1 en enero o febrero y no tendr\u00e1 un &#8220;especial af\u00e1n recaudatorio&#8221;"}]},{"@type":"WebSite","@id":"https:\/\/super-news.info\/es\/#website","url":"https:\/\/super-news.info\/es\/","name":"Super News","description":"Super News Espa\u00f1a","potentialAction":[{"@type":"SearchAction","target":{"@type":"EntryPoint","urlTemplate":"https:\/\/super-news.info\/es\/?s={search_term_string}"},"query-input":{"@type":"PropertyValueSpecification","valueRequired":true,"valueName":"search_term_string"}}],"inLanguage":"en-US"},{"@type":"Person","@id":"https:\/\/super-news.info\/es\/#\/schema\/person\/2d4068cb2f39cd10008c2fce578a7356","name":"super-news","image":{"@type":"ImageObject","inLanguage":"en-US","@id":"https:\/\/secure.gravatar.com\/avatar\/64ebac40b93f26a154f8a9b5b6fdccfc46f442b26b3dd6756dbff3bf9dc76fd7?s=96&d=mm&r=g","url":"https:\/\/secure.gravatar.com\/avatar\/64ebac40b93f26a154f8a9b5b6fdccfc46f442b26b3dd6756dbff3bf9dc76fd7?s=96&d=mm&r=g","contentUrl":"https:\/\/secure.gravatar.com\/avatar\/64ebac40b93f26a154f8a9b5b6fdccfc46f442b26b3dd6756dbff3bf9dc76fd7?s=96&d=mm&r=g","caption":"super-news"},"url":"https:\/\/super-news.info\/es\/author\/pt\/"}]}},"_links":{"self":[{"href":"https:\/\/super-news.info\/es\/wp-json\/wp\/v2\/posts\/6735","targetHints":{"allow":["GET"]}}],"collection":[{"href":"https:\/\/super-news.info\/es\/wp-json\/wp\/v2\/posts"}],"about":[{"href":"https:\/\/super-news.info\/es\/wp-json\/wp\/v2\/types\/post"}],"author":[{"embeddable":true,"href":"https:\/\/super-news.info\/es\/wp-json\/wp\/v2\/users\/2"}],"replies":[{"embeddable":true,"href":"https:\/\/super-news.info\/es\/wp-json\/wp\/v2\/comments?post=6735"}],"version-history":[{"count":1,"href":"https:\/\/super-news.info\/es\/wp-json\/wp\/v2\/posts\/6735\/revisions"}],"predecessor-version":[{"id":6737,"href":"https:\/\/super-news.info\/es\/wp-json\/wp\/v2\/posts\/6735\/revisions\/6737"}],"wp:featuredmedia":[{"embeddable":true,"href":"https:\/\/super-news.info\/es\/wp-json\/wp\/v2\/media\/6736"}],"wp:attachment":[{"href":"https:\/\/super-news.info\/es\/wp-json\/wp\/v2\/media?parent=6735"}],"wp:term":[{"taxonomy":"category","embeddable":true,"href":"https:\/\/super-news.info\/es\/wp-json\/wp\/v2\/categories?post=6735"},{"taxonomy":"post_tag","embeddable":true,"href":"https:\/\/super-news.info\/es\/wp-json\/wp\/v2\/tags?post=6735"}],"curies":[{"name":"wp","href":"https:\/\/api.w.org\/{rel}","templated":true}]}}