{"id":6687,"date":"2019-07-19T01:26:02","date_gmt":"2019-07-18T22:26:02","guid":{"rendered":"https:\/\/super-news.info\/es\/amancio-ortega-sera-el-casero-de-amazon-en-espana-con-el-alquiler-de-siete-plantas-de-torre-cepsa\/"},"modified":"2019-07-19T01:26:03","modified_gmt":"2019-07-18T22:26:03","slug":"amancio-ortega-sera-el-casero-de-amazon-en-espana-con-el-alquiler-de-siete-plantas-de-torre-cepsa","status":"publish","type":"post","link":"https:\/\/super-news.info\/es\/amancio-ortega-sera-el-casero-de-amazon-en-espana-con-el-alquiler-de-siete-plantas-de-torre-cepsa\/","title":{"rendered":"Amancio Ortega ser\u00e1 el casero de Amazon en Espa\u00f1a con el alquiler de siete plantas de Torre Cepsa"},"content":{"rendered":"<p> [ad_1]<\/p>\n<div id=\"CuerpoNoticiav2\" itemprop=\"articleBody\">\n<h3 class=\"subsubhead\">Hace cuatro meses el fundador de Inditex cerr\u00f3 la compra de parte de la sede del gigante del comercio electr\u00f3nico en Seattle por 655 millones<\/h3>\n<p>   MADRID, 18 Jul. (EUROPA PRESS) &#8211; <\/p>\n<p itemprop=\"description\">   El fundador de Inditex, Amancio Ortega, se convertir\u00e1 en el casero de Amazon en Espa\u00f1a con el alquiler de siete plantas del emblem\u00e1tico edificio Torre Cepsa, uno de los cuatro rascacielos situados en la parte alta del Paseo de la Castellana, seg\u00fan han informado a Europa Press en fuentes conocedoras de la transacci\u00f3n.<\/p>\n<p>   Con el alquiler de estas siete plantas en la torre en la que Cepsa tiene su sede corporativa, anteriormente conocida como Torre Foster, Ortega ser\u00e1 el casero del gigante del comercio electr\u00f3nico en Espa\u00f1a.<\/p>\n<p>   En esta ocasi\u00f3n, la compa\u00f1\u00eda estadounidense ha alquilado a Pontegadea, la firma de inversi\u00f3n del fundador de Inditex, siete plantas, que suman 11.550 metros cuadrados, y cuya renta oscila, seg\u00fan fuentes de mercado que cita &#8216;El Confidencial&#8217;, entre 23 y 28 euros por metro cuadrado.<\/p>\n<p>   La operaci\u00f3n se conoce cuatro meses despu\u00e9s de que Pontegadea cerrara la compra de parte de la sede central de Amazon en Seattle en una operaci\u00f3n valorada en 740 millones de d\u00f3lares (655 millones de euros), lo que se traduce en su mayor compra en Estados Unidos y la segunda mayor de su historia, despu\u00e9s de la realizada el pasado verano en Londres.<\/p>\n<p>   Asimismo, seg\u00fan &#8216;The Seattle Times&#8217;, esta adquisici\u00f3n ha sido una de las operaciones inmobiliarias m\u00e1s importantes que se han llevado a cabo en la historia de la ciudad estadounidense, ya que la \u00faltima de estas car\u00e1cter\u00edsticas se realiz\u00f3 en 2015, a\u00f1o en el que se vendi\u00f3 el Columbia Center por 711 millones de d\u00f3lares (630 millones de euros).<\/p>\n<p>   En concreto, Ortega adquiri\u00f3 el activo denominado Troy Block, compuesto por dos edificios y que a su vez forman parte de los 40 inmuebles del campus de Amazon, propiedad de USAA Real Estate, la rama inmobiliaria de la aseguradora ligada al Ej\u00e9rcito de Estados Unidos.<\/p>\n<p>   El fundador de Inditex, que invierte parte de los dividendos que recibe de la compa\u00f1\u00eda textil en el sector inmobiliario, posee la mayor inmobiliaria espa\u00f1ola, centrada en la compraventa y alquiler de grandes edificios, que engloba una cartera de activos inmobiliarios integrada fundamentalmente por edificios de oficinas, no residenciales, situados en el centro de grandes ciudades en Espa\u00f1a, Reino Unido, Francia, Estados Unidos y Asia.<\/p>\n<p>   As\u00ed, el valor razonable del conjunto de la cartera inmobiliaria del grupo ascendi\u00f3 a 8.759 millones de euros, seg\u00fan se recoge en las cuentas anuales de 2017.<\/p>\n<\/div>\n<p>[ad_2]<br \/>\n<br \/><a href=\"https:\/\/www.europapress.es\/economia\/noticia-amancio-ortega-sera-casero-amazon-espana-alquiler-siete-plantas-torre-cepsa-20190718103008.html\">Source link <\/a><\/p>\n","protected":false},"excerpt":{"rendered":"<p>[ad_1] Hace cuatro meses el fundador de Inditex cerr\u00f3 la compra de parte de la sede del gigante del comercio electr\u00f3nico en Seattle por 655 millones MADRID, 18 Jul. (EUROPA PRESS) &#8211; El fundador de Inditex, Amancio Ortega, se convertir\u00e1 en el casero de Amazon en Espa\u00f1a con el alquiler de siete plantas del emblem\u00e1tico [&hellip;]<\/p>\n","protected":false},"author":2,"featured_media":6688,"comment_status":"open","ping_status":"open","sticky":false,"template":"","format":"standard","meta":{"footnotes":""},"categories":[1],"tags":[],"class_list":["post-6687","post","type-post","status-publish","format-standard","has-post-thumbnail","hentry","category-noticias-financieras"],"yoast_head":"<!-- This site is optimized with the Yoast SEO plugin v27.4 - https:\/\/yoast.com\/product\/yoast-seo-wordpress\/ -->\n<title>Amancio Ortega ser\u00e1 el casero de Amazon en Espa\u00f1a con el alquiler de siete plantas de Torre Cepsa - Super News<\/title>\n<meta name=\"robots\" content=\"index, follow, max-snippet:-1, max-image-preview:large, max-video-preview:-1\" \/>\n<link rel=\"canonical\" href=\"https:\/\/super-news.info\/es\/amancio-ortega-sera-el-casero-de-amazon-en-espana-con-el-alquiler-de-siete-plantas-de-torre-cepsa\/\" \/>\n<meta property=\"og:locale\" content=\"en_US\" \/>\n<meta property=\"og:type\" content=\"article\" \/>\n<meta property=\"og:title\" content=\"Amancio Ortega ser\u00e1 el casero de Amazon en Espa\u00f1a con el alquiler de siete plantas de Torre Cepsa - Super News\" \/>\n<meta property=\"og:description\" content=\"[ad_1] Hace cuatro meses el fundador de Inditex cerr\u00f3 la compra de parte de la sede del gigante del comercio electr\u00f3nico en Seattle por 655 millones MADRID, 18 Jul. (EUROPA PRESS) &#8211; El fundador de Inditex, Amancio Ortega, se convertir\u00e1 en el casero de Amazon en Espa\u00f1a con el alquiler de siete plantas del emblem\u00e1tico [&hellip;]\" \/>\n<meta property=\"og:url\" content=\"https:\/\/super-news.info\/es\/amancio-ortega-sera-el-casero-de-amazon-en-espana-con-el-alquiler-de-siete-plantas-de-torre-cepsa\/\" \/>\n<meta property=\"og:site_name\" content=\"Super News\" \/>\n<meta property=\"article:published_time\" content=\"2019-07-18T22:26:02+00:00\" \/>\n<meta property=\"article:modified_time\" content=\"2019-07-18T22:26:03+00:00\" \/>\n<meta property=\"og:image\" content=\"https:\/\/super-news.info\/es\/wp-content\/uploads\/sites\/4\/2019\/07\/Amancio-Ortega-ser\u00e1-el-casero-de-Amazon-en-Espa\u00f1a-con.jpg\" \/>\n\t<meta property=\"og:image:width\" content=\"120\" \/>\n\t<meta property=\"og:image:height\" content=\"86\" \/>\n\t<meta property=\"og:image:type\" content=\"image\/jpeg\" \/>\n<meta name=\"author\" content=\"super-news\" \/>\n<meta name=\"twitter:card\" content=\"summary_large_image\" \/>\n<meta name=\"twitter:label1\" content=\"Written by\" \/>\n\t<meta name=\"twitter:data1\" content=\"super-news\" \/>\n\t<meta name=\"twitter:label2\" content=\"Est. reading time\" \/>\n\t<meta name=\"twitter:data2\" content=\"2 minutes\" \/>\n<script type=\"application\/ld+json\" class=\"yoast-schema-graph\">{\"@context\":\"https:\\\/\\\/schema.org\",\"@graph\":[{\"@type\":\"Article\",\"@id\":\"https:\\\/\\\/super-news.info\\\/es\\\/amancio-ortega-sera-el-casero-de-amazon-en-espana-con-el-alquiler-de-siete-plantas-de-torre-cepsa\\\/#article\",\"isPartOf\":{\"@id\":\"https:\\\/\\\/super-news.info\\\/es\\\/amancio-ortega-sera-el-casero-de-amazon-en-espana-con-el-alquiler-de-siete-plantas-de-torre-cepsa\\\/\"},\"author\":{\"name\":\"super-news\",\"@id\":\"https:\\\/\\\/super-news.info\\\/es\\\/#\\\/schema\\\/person\\\/2d4068cb2f39cd10008c2fce578a7356\"},\"headline\":\"Amancio Ortega ser\u00e1 el casero de Amazon en Espa\u00f1a con el alquiler de siete plantas de Torre Cepsa\",\"datePublished\":\"2019-07-18T22:26:02+00:00\",\"dateModified\":\"2019-07-18T22:26:03+00:00\",\"mainEntityOfPage\":{\"@id\":\"https:\\\/\\\/super-news.info\\\/es\\\/amancio-ortega-sera-el-casero-de-amazon-en-espana-con-el-alquiler-de-siete-plantas-de-torre-cepsa\\\/\"},\"wordCount\":459,\"commentCount\":0,\"image\":{\"@id\":\"https:\\\/\\\/super-news.info\\\/es\\\/amancio-ortega-sera-el-casero-de-amazon-en-espana-con-el-alquiler-de-siete-plantas-de-torre-cepsa\\\/#primaryimage\"},\"thumbnailUrl\":\"https:\\\/\\\/super-news.info\\\/es\\\/wp-content\\\/uploads\\\/sites\\\/4\\\/2019\\\/07\\\/Amancio-Ortega-ser\u00e1-el-casero-de-Amazon-en-Espa\u00f1a-con.jpg\",\"articleSection\":[\"NOTICIAS FINANCIERAS\"],\"inLanguage\":\"en-US\",\"potentialAction\":[{\"@type\":\"CommentAction\",\"name\":\"Comment\",\"target\":[\"https:\\\/\\\/super-news.info\\\/es\\\/amancio-ortega-sera-el-casero-de-amazon-en-espana-con-el-alquiler-de-siete-plantas-de-torre-cepsa\\\/#respond\"]}]},{\"@type\":\"WebPage\",\"@id\":\"https:\\\/\\\/super-news.info\\\/es\\\/amancio-ortega-sera-el-casero-de-amazon-en-espana-con-el-alquiler-de-siete-plantas-de-torre-cepsa\\\/\",\"url\":\"https:\\\/\\\/super-news.info\\\/es\\\/amancio-ortega-sera-el-casero-de-amazon-en-espana-con-el-alquiler-de-siete-plantas-de-torre-cepsa\\\/\",\"name\":\"Amancio Ortega ser\u00e1 el casero de Amazon en Espa\u00f1a con el alquiler de siete plantas de Torre Cepsa - Super News\",\"isPartOf\":{\"@id\":\"https:\\\/\\\/super-news.info\\\/es\\\/#website\"},\"primaryImageOfPage\":{\"@id\":\"https:\\\/\\\/super-news.info\\\/es\\\/amancio-ortega-sera-el-casero-de-amazon-en-espana-con-el-alquiler-de-siete-plantas-de-torre-cepsa\\\/#primaryimage\"},\"image\":{\"@id\":\"https:\\\/\\\/super-news.info\\\/es\\\/amancio-ortega-sera-el-casero-de-amazon-en-espana-con-el-alquiler-de-siete-plantas-de-torre-cepsa\\\/#primaryimage\"},\"thumbnailUrl\":\"https:\\\/\\\/super-news.info\\\/es\\\/wp-content\\\/uploads\\\/sites\\\/4\\\/2019\\\/07\\\/Amancio-Ortega-ser\u00e1-el-casero-de-Amazon-en-Espa\u00f1a-con.jpg\",\"datePublished\":\"2019-07-18T22:26:02+00:00\",\"dateModified\":\"2019-07-18T22:26:03+00:00\",\"author\":{\"@id\":\"https:\\\/\\\/super-news.info\\\/es\\\/#\\\/schema\\\/person\\\/2d4068cb2f39cd10008c2fce578a7356\"},\"breadcrumb\":{\"@id\":\"https:\\\/\\\/super-news.info\\\/es\\\/amancio-ortega-sera-el-casero-de-amazon-en-espana-con-el-alquiler-de-siete-plantas-de-torre-cepsa\\\/#breadcrumb\"},\"inLanguage\":\"en-US\",\"potentialAction\":[{\"@type\":\"ReadAction\",\"target\":[\"https:\\\/\\\/super-news.info\\\/es\\\/amancio-ortega-sera-el-casero-de-amazon-en-espana-con-el-alquiler-de-siete-plantas-de-torre-cepsa\\\/\"]}]},{\"@type\":\"ImageObject\",\"inLanguage\":\"en-US\",\"@id\":\"https:\\\/\\\/super-news.info\\\/es\\\/amancio-ortega-sera-el-casero-de-amazon-en-espana-con-el-alquiler-de-siete-plantas-de-torre-cepsa\\\/#primaryimage\",\"url\":\"https:\\\/\\\/super-news.info\\\/es\\\/wp-content\\\/uploads\\\/sites\\\/4\\\/2019\\\/07\\\/Amancio-Ortega-ser\u00e1-el-casero-de-Amazon-en-Espa\u00f1a-con.jpg\",\"contentUrl\":\"https:\\\/\\\/super-news.info\\\/es\\\/wp-content\\\/uploads\\\/sites\\\/4\\\/2019\\\/07\\\/Amancio-Ortega-ser\u00e1-el-casero-de-Amazon-en-Espa\u00f1a-con.jpg\",\"width\":120,\"height\":86,\"caption\":\"Amancio Ortega ser\u00e1 el casero de Amazon en Espa\u00f1a con el alquiler de siete plantas de Torre Cepsa\"},{\"@type\":\"BreadcrumbList\",\"@id\":\"https:\\\/\\\/super-news.info\\\/es\\\/amancio-ortega-sera-el-casero-de-amazon-en-espana-con-el-alquiler-de-siete-plantas-de-torre-cepsa\\\/#breadcrumb\",\"itemListElement\":[{\"@type\":\"ListItem\",\"position\":1,\"name\":\"\u0413\u043b\u0430\u0432\u043d\u0430\u044f \u0441\u0442\u0440\u0430\u043d\u0438\u0446\u0430\",\"item\":\"https:\\\/\\\/super-news.info\\\/es\\\/\"},{\"@type\":\"ListItem\",\"position\":2,\"name\":\"Amancio Ortega ser\u00e1 el casero de Amazon en Espa\u00f1a con el alquiler de siete plantas de Torre Cepsa\"}]},{\"@type\":\"WebSite\",\"@id\":\"https:\\\/\\\/super-news.info\\\/es\\\/#website\",\"url\":\"https:\\\/\\\/super-news.info\\\/es\\\/\",\"name\":\"Super News\",\"description\":\"Super News Espa\u00f1a\",\"potentialAction\":[{\"@type\":\"SearchAction\",\"target\":{\"@type\":\"EntryPoint\",\"urlTemplate\":\"https:\\\/\\\/super-news.info\\\/es\\\/?s={search_term_string}\"},\"query-input\":{\"@type\":\"PropertyValueSpecification\",\"valueRequired\":true,\"valueName\":\"search_term_string\"}}],\"inLanguage\":\"en-US\"},{\"@type\":\"Person\",\"@id\":\"https:\\\/\\\/super-news.info\\\/es\\\/#\\\/schema\\\/person\\\/2d4068cb2f39cd10008c2fce578a7356\",\"name\":\"super-news\",\"image\":{\"@type\":\"ImageObject\",\"inLanguage\":\"en-US\",\"@id\":\"https:\\\/\\\/secure.gravatar.com\\\/avatar\\\/64ebac40b93f26a154f8a9b5b6fdccfc46f442b26b3dd6756dbff3bf9dc76fd7?s=96&d=mm&r=g\",\"url\":\"https:\\\/\\\/secure.gravatar.com\\\/avatar\\\/64ebac40b93f26a154f8a9b5b6fdccfc46f442b26b3dd6756dbff3bf9dc76fd7?s=96&d=mm&r=g\",\"contentUrl\":\"https:\\\/\\\/secure.gravatar.com\\\/avatar\\\/64ebac40b93f26a154f8a9b5b6fdccfc46f442b26b3dd6756dbff3bf9dc76fd7?s=96&d=mm&r=g\",\"caption\":\"super-news\"},\"url\":\"https:\\\/\\\/super-news.info\\\/es\\\/author\\\/pt\\\/\"}]}<\/script>\n<!-- \/ Yoast SEO plugin. -->","yoast_head_json":{"title":"Amancio Ortega ser\u00e1 el casero de Amazon en Espa\u00f1a con el alquiler de siete plantas de Torre Cepsa - Super News","robots":{"index":"index","follow":"follow","max-snippet":"max-snippet:-1","max-image-preview":"max-image-preview:large","max-video-preview":"max-video-preview:-1"},"canonical":"https:\/\/super-news.info\/es\/amancio-ortega-sera-el-casero-de-amazon-en-espana-con-el-alquiler-de-siete-plantas-de-torre-cepsa\/","og_locale":"en_US","og_type":"article","og_title":"Amancio Ortega ser\u00e1 el casero de Amazon en Espa\u00f1a con el alquiler de siete plantas de Torre Cepsa - Super News","og_description":"[ad_1] Hace cuatro meses el fundador de Inditex cerr\u00f3 la compra de parte de la sede del gigante del comercio electr\u00f3nico en Seattle por 655 millones MADRID, 18 Jul. (EUROPA PRESS) &#8211; El fundador de Inditex, Amancio Ortega, se convertir\u00e1 en el casero de Amazon en Espa\u00f1a con el alquiler de siete plantas del emblem\u00e1tico [&hellip;]","og_url":"https:\/\/super-news.info\/es\/amancio-ortega-sera-el-casero-de-amazon-en-espana-con-el-alquiler-de-siete-plantas-de-torre-cepsa\/","og_site_name":"Super News","article_published_time":"2019-07-18T22:26:02+00:00","article_modified_time":"2019-07-18T22:26:03+00:00","og_image":[{"width":120,"height":86,"url":"https:\/\/super-news.info\/es\/wp-content\/uploads\/sites\/4\/2019\/07\/Amancio-Ortega-ser\u00e1-el-casero-de-Amazon-en-Espa\u00f1a-con.jpg","type":"image\/jpeg"}],"author":"super-news","twitter_card":"summary_large_image","twitter_misc":{"Written by":"super-news","Est. reading time":"2 minutes"},"schema":{"@context":"https:\/\/schema.org","@graph":[{"@type":"Article","@id":"https:\/\/super-news.info\/es\/amancio-ortega-sera-el-casero-de-amazon-en-espana-con-el-alquiler-de-siete-plantas-de-torre-cepsa\/#article","isPartOf":{"@id":"https:\/\/super-news.info\/es\/amancio-ortega-sera-el-casero-de-amazon-en-espana-con-el-alquiler-de-siete-plantas-de-torre-cepsa\/"},"author":{"name":"super-news","@id":"https:\/\/super-news.info\/es\/#\/schema\/person\/2d4068cb2f39cd10008c2fce578a7356"},"headline":"Amancio Ortega ser\u00e1 el casero de Amazon en Espa\u00f1a con el alquiler de siete plantas de Torre Cepsa","datePublished":"2019-07-18T22:26:02+00:00","dateModified":"2019-07-18T22:26:03+00:00","mainEntityOfPage":{"@id":"https:\/\/super-news.info\/es\/amancio-ortega-sera-el-casero-de-amazon-en-espana-con-el-alquiler-de-siete-plantas-de-torre-cepsa\/"},"wordCount":459,"commentCount":0,"image":{"@id":"https:\/\/super-news.info\/es\/amancio-ortega-sera-el-casero-de-amazon-en-espana-con-el-alquiler-de-siete-plantas-de-torre-cepsa\/#primaryimage"},"thumbnailUrl":"https:\/\/super-news.info\/es\/wp-content\/uploads\/sites\/4\/2019\/07\/Amancio-Ortega-ser\u00e1-el-casero-de-Amazon-en-Espa\u00f1a-con.jpg","articleSection":["NOTICIAS FINANCIERAS"],"inLanguage":"en-US","potentialAction":[{"@type":"CommentAction","name":"Comment","target":["https:\/\/super-news.info\/es\/amancio-ortega-sera-el-casero-de-amazon-en-espana-con-el-alquiler-de-siete-plantas-de-torre-cepsa\/#respond"]}]},{"@type":"WebPage","@id":"https:\/\/super-news.info\/es\/amancio-ortega-sera-el-casero-de-amazon-en-espana-con-el-alquiler-de-siete-plantas-de-torre-cepsa\/","url":"https:\/\/super-news.info\/es\/amancio-ortega-sera-el-casero-de-amazon-en-espana-con-el-alquiler-de-siete-plantas-de-torre-cepsa\/","name":"Amancio Ortega ser\u00e1 el casero de Amazon en Espa\u00f1a con el alquiler de siete plantas de Torre Cepsa - Super News","isPartOf":{"@id":"https:\/\/super-news.info\/es\/#website"},"primaryImageOfPage":{"@id":"https:\/\/super-news.info\/es\/amancio-ortega-sera-el-casero-de-amazon-en-espana-con-el-alquiler-de-siete-plantas-de-torre-cepsa\/#primaryimage"},"image":{"@id":"https:\/\/super-news.info\/es\/amancio-ortega-sera-el-casero-de-amazon-en-espana-con-el-alquiler-de-siete-plantas-de-torre-cepsa\/#primaryimage"},"thumbnailUrl":"https:\/\/super-news.info\/es\/wp-content\/uploads\/sites\/4\/2019\/07\/Amancio-Ortega-ser\u00e1-el-casero-de-Amazon-en-Espa\u00f1a-con.jpg","datePublished":"2019-07-18T22:26:02+00:00","dateModified":"2019-07-18T22:26:03+00:00","author":{"@id":"https:\/\/super-news.info\/es\/#\/schema\/person\/2d4068cb2f39cd10008c2fce578a7356"},"breadcrumb":{"@id":"https:\/\/super-news.info\/es\/amancio-ortega-sera-el-casero-de-amazon-en-espana-con-el-alquiler-de-siete-plantas-de-torre-cepsa\/#breadcrumb"},"inLanguage":"en-US","potentialAction":[{"@type":"ReadAction","target":["https:\/\/super-news.info\/es\/amancio-ortega-sera-el-casero-de-amazon-en-espana-con-el-alquiler-de-siete-plantas-de-torre-cepsa\/"]}]},{"@type":"ImageObject","inLanguage":"en-US","@id":"https:\/\/super-news.info\/es\/amancio-ortega-sera-el-casero-de-amazon-en-espana-con-el-alquiler-de-siete-plantas-de-torre-cepsa\/#primaryimage","url":"https:\/\/super-news.info\/es\/wp-content\/uploads\/sites\/4\/2019\/07\/Amancio-Ortega-ser\u00e1-el-casero-de-Amazon-en-Espa\u00f1a-con.jpg","contentUrl":"https:\/\/super-news.info\/es\/wp-content\/uploads\/sites\/4\/2019\/07\/Amancio-Ortega-ser\u00e1-el-casero-de-Amazon-en-Espa\u00f1a-con.jpg","width":120,"height":86,"caption":"Amancio Ortega ser\u00e1 el casero de Amazon en Espa\u00f1a con el alquiler de siete plantas de Torre Cepsa"},{"@type":"BreadcrumbList","@id":"https:\/\/super-news.info\/es\/amancio-ortega-sera-el-casero-de-amazon-en-espana-con-el-alquiler-de-siete-plantas-de-torre-cepsa\/#breadcrumb","itemListElement":[{"@type":"ListItem","position":1,"name":"\u0413\u043b\u0430\u0432\u043d\u0430\u044f \u0441\u0442\u0440\u0430\u043d\u0438\u0446\u0430","item":"https:\/\/super-news.info\/es\/"},{"@type":"ListItem","position":2,"name":"Amancio Ortega ser\u00e1 el casero de Amazon en Espa\u00f1a con el alquiler de siete plantas de Torre Cepsa"}]},{"@type":"WebSite","@id":"https:\/\/super-news.info\/es\/#website","url":"https:\/\/super-news.info\/es\/","name":"Super News","description":"Super News Espa\u00f1a","potentialAction":[{"@type":"SearchAction","target":{"@type":"EntryPoint","urlTemplate":"https:\/\/super-news.info\/es\/?s={search_term_string}"},"query-input":{"@type":"PropertyValueSpecification","valueRequired":true,"valueName":"search_term_string"}}],"inLanguage":"en-US"},{"@type":"Person","@id":"https:\/\/super-news.info\/es\/#\/schema\/person\/2d4068cb2f39cd10008c2fce578a7356","name":"super-news","image":{"@type":"ImageObject","inLanguage":"en-US","@id":"https:\/\/secure.gravatar.com\/avatar\/64ebac40b93f26a154f8a9b5b6fdccfc46f442b26b3dd6756dbff3bf9dc76fd7?s=96&d=mm&r=g","url":"https:\/\/secure.gravatar.com\/avatar\/64ebac40b93f26a154f8a9b5b6fdccfc46f442b26b3dd6756dbff3bf9dc76fd7?s=96&d=mm&r=g","contentUrl":"https:\/\/secure.gravatar.com\/avatar\/64ebac40b93f26a154f8a9b5b6fdccfc46f442b26b3dd6756dbff3bf9dc76fd7?s=96&d=mm&r=g","caption":"super-news"},"url":"https:\/\/super-news.info\/es\/author\/pt\/"}]}},"_links":{"self":[{"href":"https:\/\/super-news.info\/es\/wp-json\/wp\/v2\/posts\/6687","targetHints":{"allow":["GET"]}}],"collection":[{"href":"https:\/\/super-news.info\/es\/wp-json\/wp\/v2\/posts"}],"about":[{"href":"https:\/\/super-news.info\/es\/wp-json\/wp\/v2\/types\/post"}],"author":[{"embeddable":true,"href":"https:\/\/super-news.info\/es\/wp-json\/wp\/v2\/users\/2"}],"replies":[{"embeddable":true,"href":"https:\/\/super-news.info\/es\/wp-json\/wp\/v2\/comments?post=6687"}],"version-history":[{"count":1,"href":"https:\/\/super-news.info\/es\/wp-json\/wp\/v2\/posts\/6687\/revisions"}],"predecessor-version":[{"id":6689,"href":"https:\/\/super-news.info\/es\/wp-json\/wp\/v2\/posts\/6687\/revisions\/6689"}],"wp:featuredmedia":[{"embeddable":true,"href":"https:\/\/super-news.info\/es\/wp-json\/wp\/v2\/media\/6688"}],"wp:attachment":[{"href":"https:\/\/super-news.info\/es\/wp-json\/wp\/v2\/media?parent=6687"}],"wp:term":[{"taxonomy":"category","embeddable":true,"href":"https:\/\/super-news.info\/es\/wp-json\/wp\/v2\/categories?post=6687"},{"taxonomy":"post_tag","embeddable":true,"href":"https:\/\/super-news.info\/es\/wp-json\/wp\/v2\/tags?post=6687"}],"curies":[{"name":"wp","href":"https:\/\/api.w.org\/{rel}","templated":true}]}}