{"id":6672,"date":"2019-07-18T22:04:18","date_gmt":"2019-07-18T19:04:18","guid":{"rendered":"https:\/\/super-news.info\/es\/los-afiliados-en-turismo-a-la-seguridad-social-marcan-el-mejor-dato-de-junio-de-la-historia\/"},"modified":"2019-07-18T22:04:19","modified_gmt":"2019-07-18T19:04:19","slug":"los-afiliados-en-turismo-a-la-seguridad-social-marcan-el-mejor-dato-de-junio-de-la-historia","status":"publish","type":"post","link":"https:\/\/super-news.info\/es\/los-afiliados-en-turismo-a-la-seguridad-social-marcan-el-mejor-dato-de-junio-de-la-historia\/","title":{"rendered":"Los afiliados en turismo a la Seguridad Social marcan el mejor dato de junio de la historia"},"content":{"rendered":"<p> [ad_1]<\/p>\n<div id=\"CuerpoNoticiav2\" itemprop=\"articleBody\">\n<p>MADRID, 18 Jul. (EUROPA PRESS) &#8211; <\/p>\n<p itemprop=\"description\">   El n\u00famero de trabajadores dados de alta en la Seguridad Social en actividades vinculadas al sector tur\u00edstico aument\u00f3 un 3,8% en junio, hasta superar los 2,6 millones de personas, seg\u00fan los datos definitivos difundidos este martes por Turespa\u00f1a, organismo dependiente del Ministerio de Industria, Comercio y Turismo.<\/p>\n<p>   La cifra, que es la m\u00e1s alta de la serie hist\u00f3rica en un mes de junio, implica que los afiliados en actividades tur\u00edsticas supusieron el 13,5% del total de afiliados en la econom\u00eda nacional. As\u00ed, en el conjunto de la econom\u00eda nacional, el total de afiliados creci\u00f3 en el \u00faltimo a\u00f1o un 2,7%, lo que supuso la creaci\u00f3n de 510.707 empleos, de los cuales 94.921 correspondieron a actividades vinculadas con el turismo.<\/p>\n<p>   En junio, el incremento de la afiliaci\u00f3n se registr\u00f3 en todas las ramas de actividad. En hosteler\u00eda creci\u00f3 en 58.995 afiliados: 45.948 en los servicios de comidas y bebidas y 13.047 en los servicios de alojamiento.<\/p>\n<p>   En otras actividades tur\u00edsticas se registr\u00f3 un aumento de 33.244 afiliados y en las agencias de viajes hubo un incremento de 2.682 trabajadores.<\/p>\n<p>   En esta l\u00ednea, el Ministerio ha puesto de relieve el positivo comportamiento de esta rama desde octubre de 2014, al haber sido una actividad que redujo su empleo de forma continuada de 2008 a 2014.<\/p>\n<p>   El mes pasado, la cifra de asalariados en el sector tur\u00edstico, que representa el 81% del total, creci\u00f3 un 4,4% respecto al mismo mes del a\u00f1o anterior, mientras que el empleo aut\u00f3nomo (19% del total) aument\u00f3  un 1,3%.<\/p>\n<p>   La secretaria de Estado de Turismo en funciones, Isabel Oliver, ha afirmado que estos datos demuestran &#8220;la buena salud y dinamismo del sector tur\u00edstico que se consolida como una actividad estrat\u00e9gica en el desarrollo econ\u00f3mico y social del pa\u00eds y del conjunto de los territorios&#8221;.<\/p>\n<p>   Asimismo, ha se\u00f1alado que el Gobierno est\u00e1 trabajando para mejorar la rentabilidad y competitividad de los destinos y garantizar mejores condiciones laborales y salariales para los trabajadores vinculados a todas las ramas tur\u00edsticas.<\/p>\n<h2 class=\"ladillo\">CRECIMIENTO GENERALIZADO POR CC.AA.<\/h2>\n<p>   Por comunidades, el empleo en el conjunto de las ramas de hosteler\u00eda y agencias de viajes\/operadores tur\u00edsticos creci\u00f3 en junio en todas las regiones.<\/p>\n<p>   En cifras absolutas, Andaluc\u00eda fue la comunidad en la que m\u00e1s creci\u00f3 el empleo en hosteler\u00eda y agencias de viajes\/operadores tur\u00edsticos.<\/p>\n<p>   Le siguen Catalu\u00f1a, Madrid, Comunidad Valenciana, Galicia y Pa\u00eds Vasco. Estos seis comunidades suponen conjuntamente el 77,4% del incremento interanual absoluto. Por otro lado, en t\u00e9rminos relativos destacan los incrementos registrados en Andaluc\u00eda (+6,1%) y Murcia (+6%).<\/p>\n<\/div>\n<p>[ad_2]<br \/>\n<br \/><a href=\"https:\/\/www.europapress.es\/economia\/laboral-00346\/noticia-afiliados-turismo-seguridad-social-espana-crecen-38-junio-20190718111807.html\">Source link <\/a><\/p>\n","protected":false},"excerpt":{"rendered":"<p>[ad_1] MADRID, 18 Jul. (EUROPA PRESS) &#8211; El n\u00famero de trabajadores dados de alta en la Seguridad Social en actividades vinculadas al sector tur\u00edstico aument\u00f3 un 3,8% en junio, hasta superar los 2,6 millones de personas, seg\u00fan los datos definitivos difundidos este martes por Turespa\u00f1a, organismo dependiente del Ministerio de Industria, Comercio y Turismo. La [&hellip;]<\/p>\n","protected":false},"author":2,"featured_media":6673,"comment_status":"open","ping_status":"open","sticky":false,"template":"","format":"standard","meta":{"footnotes":""},"categories":[1],"tags":[],"class_list":["post-6672","post","type-post","status-publish","format-standard","has-post-thumbnail","hentry","category-noticias-financieras"],"yoast_head":"<!-- This site is optimized with the Yoast SEO plugin v27.4 - https:\/\/yoast.com\/product\/yoast-seo-wordpress\/ -->\n<title>Los afiliados en turismo a la Seguridad Social marcan el mejor dato de junio de la historia - Super News<\/title>\n<meta name=\"robots\" content=\"index, follow, max-snippet:-1, max-image-preview:large, max-video-preview:-1\" \/>\n<link rel=\"canonical\" href=\"https:\/\/super-news.info\/es\/los-afiliados-en-turismo-a-la-seguridad-social-marcan-el-mejor-dato-de-junio-de-la-historia\/\" \/>\n<meta property=\"og:locale\" content=\"en_US\" \/>\n<meta property=\"og:type\" content=\"article\" \/>\n<meta property=\"og:title\" content=\"Los afiliados en turismo a la Seguridad Social marcan el mejor dato de junio de la historia - Super News\" \/>\n<meta property=\"og:description\" content=\"[ad_1] MADRID, 18 Jul. (EUROPA PRESS) &#8211; El n\u00famero de trabajadores dados de alta en la Seguridad Social en actividades vinculadas al sector tur\u00edstico aument\u00f3 un 3,8% en junio, hasta superar los 2,6 millones de personas, seg\u00fan los datos definitivos difundidos este martes por Turespa\u00f1a, organismo dependiente del Ministerio de Industria, Comercio y Turismo. La [&hellip;]\" \/>\n<meta property=\"og:url\" content=\"https:\/\/super-news.info\/es\/los-afiliados-en-turismo-a-la-seguridad-social-marcan-el-mejor-dato-de-junio-de-la-historia\/\" \/>\n<meta property=\"og:site_name\" content=\"Super News\" \/>\n<meta property=\"article:published_time\" content=\"2019-07-18T19:04:18+00:00\" \/>\n<meta property=\"article:modified_time\" content=\"2019-07-18T19:04:19+00:00\" \/>\n<meta property=\"og:image\" content=\"https:\/\/super-news.info\/es\/wp-content\/uploads\/sites\/4\/2019\/07\/Los-afiliados-en-turismo-a-la-Seguridad-Social-marcan-el.jpg\" \/>\n\t<meta property=\"og:image:width\" content=\"120\" \/>\n\t<meta property=\"og:image:height\" content=\"80\" \/>\n\t<meta property=\"og:image:type\" content=\"image\/jpeg\" \/>\n<meta name=\"author\" content=\"super-news\" \/>\n<meta name=\"twitter:card\" content=\"summary_large_image\" \/>\n<meta name=\"twitter:label1\" content=\"Written by\" \/>\n\t<meta name=\"twitter:data1\" content=\"super-news\" \/>\n\t<meta name=\"twitter:label2\" content=\"Est. reading time\" \/>\n\t<meta name=\"twitter:data2\" content=\"2 minutes\" \/>\n<script type=\"application\/ld+json\" class=\"yoast-schema-graph\">{\"@context\":\"https:\\\/\\\/schema.org\",\"@graph\":[{\"@type\":\"Article\",\"@id\":\"https:\\\/\\\/super-news.info\\\/es\\\/los-afiliados-en-turismo-a-la-seguridad-social-marcan-el-mejor-dato-de-junio-de-la-historia\\\/#article\",\"isPartOf\":{\"@id\":\"https:\\\/\\\/super-news.info\\\/es\\\/los-afiliados-en-turismo-a-la-seguridad-social-marcan-el-mejor-dato-de-junio-de-la-historia\\\/\"},\"author\":{\"name\":\"super-news\",\"@id\":\"https:\\\/\\\/super-news.info\\\/es\\\/#\\\/schema\\\/person\\\/2d4068cb2f39cd10008c2fce578a7356\"},\"headline\":\"Los afiliados en turismo a la Seguridad Social marcan el mejor dato de junio de la historia\",\"datePublished\":\"2019-07-18T19:04:18+00:00\",\"dateModified\":\"2019-07-18T19:04:19+00:00\",\"mainEntityOfPage\":{\"@id\":\"https:\\\/\\\/super-news.info\\\/es\\\/los-afiliados-en-turismo-a-la-seguridad-social-marcan-el-mejor-dato-de-junio-de-la-historia\\\/\"},\"wordCount\":457,\"commentCount\":0,\"image\":{\"@id\":\"https:\\\/\\\/super-news.info\\\/es\\\/los-afiliados-en-turismo-a-la-seguridad-social-marcan-el-mejor-dato-de-junio-de-la-historia\\\/#primaryimage\"},\"thumbnailUrl\":\"https:\\\/\\\/super-news.info\\\/es\\\/wp-content\\\/uploads\\\/sites\\\/4\\\/2019\\\/07\\\/Los-afiliados-en-turismo-a-la-Seguridad-Social-marcan-el.jpg\",\"articleSection\":[\"NOTICIAS FINANCIERAS\"],\"inLanguage\":\"en-US\",\"potentialAction\":[{\"@type\":\"CommentAction\",\"name\":\"Comment\",\"target\":[\"https:\\\/\\\/super-news.info\\\/es\\\/los-afiliados-en-turismo-a-la-seguridad-social-marcan-el-mejor-dato-de-junio-de-la-historia\\\/#respond\"]}]},{\"@type\":\"WebPage\",\"@id\":\"https:\\\/\\\/super-news.info\\\/es\\\/los-afiliados-en-turismo-a-la-seguridad-social-marcan-el-mejor-dato-de-junio-de-la-historia\\\/\",\"url\":\"https:\\\/\\\/super-news.info\\\/es\\\/los-afiliados-en-turismo-a-la-seguridad-social-marcan-el-mejor-dato-de-junio-de-la-historia\\\/\",\"name\":\"Los afiliados en turismo a la Seguridad Social marcan el mejor dato de junio de la historia - Super News\",\"isPartOf\":{\"@id\":\"https:\\\/\\\/super-news.info\\\/es\\\/#website\"},\"primaryImageOfPage\":{\"@id\":\"https:\\\/\\\/super-news.info\\\/es\\\/los-afiliados-en-turismo-a-la-seguridad-social-marcan-el-mejor-dato-de-junio-de-la-historia\\\/#primaryimage\"},\"image\":{\"@id\":\"https:\\\/\\\/super-news.info\\\/es\\\/los-afiliados-en-turismo-a-la-seguridad-social-marcan-el-mejor-dato-de-junio-de-la-historia\\\/#primaryimage\"},\"thumbnailUrl\":\"https:\\\/\\\/super-news.info\\\/es\\\/wp-content\\\/uploads\\\/sites\\\/4\\\/2019\\\/07\\\/Los-afiliados-en-turismo-a-la-Seguridad-Social-marcan-el.jpg\",\"datePublished\":\"2019-07-18T19:04:18+00:00\",\"dateModified\":\"2019-07-18T19:04:19+00:00\",\"author\":{\"@id\":\"https:\\\/\\\/super-news.info\\\/es\\\/#\\\/schema\\\/person\\\/2d4068cb2f39cd10008c2fce578a7356\"},\"breadcrumb\":{\"@id\":\"https:\\\/\\\/super-news.info\\\/es\\\/los-afiliados-en-turismo-a-la-seguridad-social-marcan-el-mejor-dato-de-junio-de-la-historia\\\/#breadcrumb\"},\"inLanguage\":\"en-US\",\"potentialAction\":[{\"@type\":\"ReadAction\",\"target\":[\"https:\\\/\\\/super-news.info\\\/es\\\/los-afiliados-en-turismo-a-la-seguridad-social-marcan-el-mejor-dato-de-junio-de-la-historia\\\/\"]}]},{\"@type\":\"ImageObject\",\"inLanguage\":\"en-US\",\"@id\":\"https:\\\/\\\/super-news.info\\\/es\\\/los-afiliados-en-turismo-a-la-seguridad-social-marcan-el-mejor-dato-de-junio-de-la-historia\\\/#primaryimage\",\"url\":\"https:\\\/\\\/super-news.info\\\/es\\\/wp-content\\\/uploads\\\/sites\\\/4\\\/2019\\\/07\\\/Los-afiliados-en-turismo-a-la-Seguridad-Social-marcan-el.jpg\",\"contentUrl\":\"https:\\\/\\\/super-news.info\\\/es\\\/wp-content\\\/uploads\\\/sites\\\/4\\\/2019\\\/07\\\/Los-afiliados-en-turismo-a-la-Seguridad-Social-marcan-el.jpg\",\"width\":120,\"height\":80,\"caption\":\"Los afiliados en turismo a la Seguridad Social marcan el mejor dato de junio de la historia\"},{\"@type\":\"BreadcrumbList\",\"@id\":\"https:\\\/\\\/super-news.info\\\/es\\\/los-afiliados-en-turismo-a-la-seguridad-social-marcan-el-mejor-dato-de-junio-de-la-historia\\\/#breadcrumb\",\"itemListElement\":[{\"@type\":\"ListItem\",\"position\":1,\"name\":\"\u0413\u043b\u0430\u0432\u043d\u0430\u044f \u0441\u0442\u0440\u0430\u043d\u0438\u0446\u0430\",\"item\":\"https:\\\/\\\/super-news.info\\\/es\\\/\"},{\"@type\":\"ListItem\",\"position\":2,\"name\":\"Los afiliados en turismo a la Seguridad Social marcan el mejor dato de junio de la historia\"}]},{\"@type\":\"WebSite\",\"@id\":\"https:\\\/\\\/super-news.info\\\/es\\\/#website\",\"url\":\"https:\\\/\\\/super-news.info\\\/es\\\/\",\"name\":\"Super News\",\"description\":\"Super News Espa\u00f1a\",\"potentialAction\":[{\"@type\":\"SearchAction\",\"target\":{\"@type\":\"EntryPoint\",\"urlTemplate\":\"https:\\\/\\\/super-news.info\\\/es\\\/?s={search_term_string}\"},\"query-input\":{\"@type\":\"PropertyValueSpecification\",\"valueRequired\":true,\"valueName\":\"search_term_string\"}}],\"inLanguage\":\"en-US\"},{\"@type\":\"Person\",\"@id\":\"https:\\\/\\\/super-news.info\\\/es\\\/#\\\/schema\\\/person\\\/2d4068cb2f39cd10008c2fce578a7356\",\"name\":\"super-news\",\"image\":{\"@type\":\"ImageObject\",\"inLanguage\":\"en-US\",\"@id\":\"https:\\\/\\\/secure.gravatar.com\\\/avatar\\\/64ebac40b93f26a154f8a9b5b6fdccfc46f442b26b3dd6756dbff3bf9dc76fd7?s=96&d=mm&r=g\",\"url\":\"https:\\\/\\\/secure.gravatar.com\\\/avatar\\\/64ebac40b93f26a154f8a9b5b6fdccfc46f442b26b3dd6756dbff3bf9dc76fd7?s=96&d=mm&r=g\",\"contentUrl\":\"https:\\\/\\\/secure.gravatar.com\\\/avatar\\\/64ebac40b93f26a154f8a9b5b6fdccfc46f442b26b3dd6756dbff3bf9dc76fd7?s=96&d=mm&r=g\",\"caption\":\"super-news\"},\"url\":\"https:\\\/\\\/super-news.info\\\/es\\\/author\\\/pt\\\/\"}]}<\/script>\n<!-- \/ Yoast SEO plugin. -->","yoast_head_json":{"title":"Los afiliados en turismo a la Seguridad Social marcan el mejor dato de junio de la historia - Super News","robots":{"index":"index","follow":"follow","max-snippet":"max-snippet:-1","max-image-preview":"max-image-preview:large","max-video-preview":"max-video-preview:-1"},"canonical":"https:\/\/super-news.info\/es\/los-afiliados-en-turismo-a-la-seguridad-social-marcan-el-mejor-dato-de-junio-de-la-historia\/","og_locale":"en_US","og_type":"article","og_title":"Los afiliados en turismo a la Seguridad Social marcan el mejor dato de junio de la historia - Super News","og_description":"[ad_1] MADRID, 18 Jul. (EUROPA PRESS) &#8211; El n\u00famero de trabajadores dados de alta en la Seguridad Social en actividades vinculadas al sector tur\u00edstico aument\u00f3 un 3,8% en junio, hasta superar los 2,6 millones de personas, seg\u00fan los datos definitivos difundidos este martes por Turespa\u00f1a, organismo dependiente del Ministerio de Industria, Comercio y Turismo. La [&hellip;]","og_url":"https:\/\/super-news.info\/es\/los-afiliados-en-turismo-a-la-seguridad-social-marcan-el-mejor-dato-de-junio-de-la-historia\/","og_site_name":"Super News","article_published_time":"2019-07-18T19:04:18+00:00","article_modified_time":"2019-07-18T19:04:19+00:00","og_image":[{"width":120,"height":80,"url":"https:\/\/super-news.info\/es\/wp-content\/uploads\/sites\/4\/2019\/07\/Los-afiliados-en-turismo-a-la-Seguridad-Social-marcan-el.jpg","type":"image\/jpeg"}],"author":"super-news","twitter_card":"summary_large_image","twitter_misc":{"Written by":"super-news","Est. reading time":"2 minutes"},"schema":{"@context":"https:\/\/schema.org","@graph":[{"@type":"Article","@id":"https:\/\/super-news.info\/es\/los-afiliados-en-turismo-a-la-seguridad-social-marcan-el-mejor-dato-de-junio-de-la-historia\/#article","isPartOf":{"@id":"https:\/\/super-news.info\/es\/los-afiliados-en-turismo-a-la-seguridad-social-marcan-el-mejor-dato-de-junio-de-la-historia\/"},"author":{"name":"super-news","@id":"https:\/\/super-news.info\/es\/#\/schema\/person\/2d4068cb2f39cd10008c2fce578a7356"},"headline":"Los afiliados en turismo a la Seguridad Social marcan el mejor dato de junio de la historia","datePublished":"2019-07-18T19:04:18+00:00","dateModified":"2019-07-18T19:04:19+00:00","mainEntityOfPage":{"@id":"https:\/\/super-news.info\/es\/los-afiliados-en-turismo-a-la-seguridad-social-marcan-el-mejor-dato-de-junio-de-la-historia\/"},"wordCount":457,"commentCount":0,"image":{"@id":"https:\/\/super-news.info\/es\/los-afiliados-en-turismo-a-la-seguridad-social-marcan-el-mejor-dato-de-junio-de-la-historia\/#primaryimage"},"thumbnailUrl":"https:\/\/super-news.info\/es\/wp-content\/uploads\/sites\/4\/2019\/07\/Los-afiliados-en-turismo-a-la-Seguridad-Social-marcan-el.jpg","articleSection":["NOTICIAS FINANCIERAS"],"inLanguage":"en-US","potentialAction":[{"@type":"CommentAction","name":"Comment","target":["https:\/\/super-news.info\/es\/los-afiliados-en-turismo-a-la-seguridad-social-marcan-el-mejor-dato-de-junio-de-la-historia\/#respond"]}]},{"@type":"WebPage","@id":"https:\/\/super-news.info\/es\/los-afiliados-en-turismo-a-la-seguridad-social-marcan-el-mejor-dato-de-junio-de-la-historia\/","url":"https:\/\/super-news.info\/es\/los-afiliados-en-turismo-a-la-seguridad-social-marcan-el-mejor-dato-de-junio-de-la-historia\/","name":"Los afiliados en turismo a la Seguridad Social marcan el mejor dato de junio de la historia - Super News","isPartOf":{"@id":"https:\/\/super-news.info\/es\/#website"},"primaryImageOfPage":{"@id":"https:\/\/super-news.info\/es\/los-afiliados-en-turismo-a-la-seguridad-social-marcan-el-mejor-dato-de-junio-de-la-historia\/#primaryimage"},"image":{"@id":"https:\/\/super-news.info\/es\/los-afiliados-en-turismo-a-la-seguridad-social-marcan-el-mejor-dato-de-junio-de-la-historia\/#primaryimage"},"thumbnailUrl":"https:\/\/super-news.info\/es\/wp-content\/uploads\/sites\/4\/2019\/07\/Los-afiliados-en-turismo-a-la-Seguridad-Social-marcan-el.jpg","datePublished":"2019-07-18T19:04:18+00:00","dateModified":"2019-07-18T19:04:19+00:00","author":{"@id":"https:\/\/super-news.info\/es\/#\/schema\/person\/2d4068cb2f39cd10008c2fce578a7356"},"breadcrumb":{"@id":"https:\/\/super-news.info\/es\/los-afiliados-en-turismo-a-la-seguridad-social-marcan-el-mejor-dato-de-junio-de-la-historia\/#breadcrumb"},"inLanguage":"en-US","potentialAction":[{"@type":"ReadAction","target":["https:\/\/super-news.info\/es\/los-afiliados-en-turismo-a-la-seguridad-social-marcan-el-mejor-dato-de-junio-de-la-historia\/"]}]},{"@type":"ImageObject","inLanguage":"en-US","@id":"https:\/\/super-news.info\/es\/los-afiliados-en-turismo-a-la-seguridad-social-marcan-el-mejor-dato-de-junio-de-la-historia\/#primaryimage","url":"https:\/\/super-news.info\/es\/wp-content\/uploads\/sites\/4\/2019\/07\/Los-afiliados-en-turismo-a-la-Seguridad-Social-marcan-el.jpg","contentUrl":"https:\/\/super-news.info\/es\/wp-content\/uploads\/sites\/4\/2019\/07\/Los-afiliados-en-turismo-a-la-Seguridad-Social-marcan-el.jpg","width":120,"height":80,"caption":"Los afiliados en turismo a la Seguridad Social marcan el mejor dato de junio de la historia"},{"@type":"BreadcrumbList","@id":"https:\/\/super-news.info\/es\/los-afiliados-en-turismo-a-la-seguridad-social-marcan-el-mejor-dato-de-junio-de-la-historia\/#breadcrumb","itemListElement":[{"@type":"ListItem","position":1,"name":"\u0413\u043b\u0430\u0432\u043d\u0430\u044f \u0441\u0442\u0440\u0430\u043d\u0438\u0446\u0430","item":"https:\/\/super-news.info\/es\/"},{"@type":"ListItem","position":2,"name":"Los afiliados en turismo a la Seguridad Social marcan el mejor dato de junio de la historia"}]},{"@type":"WebSite","@id":"https:\/\/super-news.info\/es\/#website","url":"https:\/\/super-news.info\/es\/","name":"Super News","description":"Super News Espa\u00f1a","potentialAction":[{"@type":"SearchAction","target":{"@type":"EntryPoint","urlTemplate":"https:\/\/super-news.info\/es\/?s={search_term_string}"},"query-input":{"@type":"PropertyValueSpecification","valueRequired":true,"valueName":"search_term_string"}}],"inLanguage":"en-US"},{"@type":"Person","@id":"https:\/\/super-news.info\/es\/#\/schema\/person\/2d4068cb2f39cd10008c2fce578a7356","name":"super-news","image":{"@type":"ImageObject","inLanguage":"en-US","@id":"https:\/\/secure.gravatar.com\/avatar\/64ebac40b93f26a154f8a9b5b6fdccfc46f442b26b3dd6756dbff3bf9dc76fd7?s=96&d=mm&r=g","url":"https:\/\/secure.gravatar.com\/avatar\/64ebac40b93f26a154f8a9b5b6fdccfc46f442b26b3dd6756dbff3bf9dc76fd7?s=96&d=mm&r=g","contentUrl":"https:\/\/secure.gravatar.com\/avatar\/64ebac40b93f26a154f8a9b5b6fdccfc46f442b26b3dd6756dbff3bf9dc76fd7?s=96&d=mm&r=g","caption":"super-news"},"url":"https:\/\/super-news.info\/es\/author\/pt\/"}]}},"_links":{"self":[{"href":"https:\/\/super-news.info\/es\/wp-json\/wp\/v2\/posts\/6672","targetHints":{"allow":["GET"]}}],"collection":[{"href":"https:\/\/super-news.info\/es\/wp-json\/wp\/v2\/posts"}],"about":[{"href":"https:\/\/super-news.info\/es\/wp-json\/wp\/v2\/types\/post"}],"author":[{"embeddable":true,"href":"https:\/\/super-news.info\/es\/wp-json\/wp\/v2\/users\/2"}],"replies":[{"embeddable":true,"href":"https:\/\/super-news.info\/es\/wp-json\/wp\/v2\/comments?post=6672"}],"version-history":[{"count":1,"href":"https:\/\/super-news.info\/es\/wp-json\/wp\/v2\/posts\/6672\/revisions"}],"predecessor-version":[{"id":6674,"href":"https:\/\/super-news.info\/es\/wp-json\/wp\/v2\/posts\/6672\/revisions\/6674"}],"wp:featuredmedia":[{"embeddable":true,"href":"https:\/\/super-news.info\/es\/wp-json\/wp\/v2\/media\/6673"}],"wp:attachment":[{"href":"https:\/\/super-news.info\/es\/wp-json\/wp\/v2\/media?parent=6672"}],"wp:term":[{"taxonomy":"category","embeddable":true,"href":"https:\/\/super-news.info\/es\/wp-json\/wp\/v2\/categories?post=6672"},{"taxonomy":"post_tag","embeddable":true,"href":"https:\/\/super-news.info\/es\/wp-json\/wp\/v2\/tags?post=6672"}],"curies":[{"name":"wp","href":"https:\/\/api.w.org\/{rel}","templated":true}]}}