{"id":6654,"date":"2019-07-18T18:41:41","date_gmt":"2019-07-18T15:41:41","guid":{"rendered":"https:\/\/super-news.info\/es\/el-g7-impulsa-una-tasa-digital-para-2020-y-un-impuesto-minimo-de-sociedades\/"},"modified":"2019-07-18T18:41:42","modified_gmt":"2019-07-18T15:41:42","slug":"el-g7-impulsa-una-tasa-digital-para-2020-y-un-impuesto-minimo-de-sociedades","status":"publish","type":"post","link":"https:\/\/super-news.info\/es\/el-g7-impulsa-una-tasa-digital-para-2020-y-un-impuesto-minimo-de-sociedades\/","title":{"rendered":"El G7 impulsa una tasa digital para 2020 y un impuesto m\u00ednimo de sociedades"},"content":{"rendered":"<p> [ad_1]<\/p>\n<div id=\"CuerpoNoticiav2\" itemprop=\"articleBody\">\n<p>CHANTILLY (FRANCIA), 18 Jul. (EUROPA PRESS) &#8211; <\/p>\n<p itemprop=\"description\">   Los ministros de Finanzas del G7, reunidos este mi\u00e9rcoles y jueves en la localidad francesa de Chantilly, han alcanzado un compromiso en apoyo del establecimiento para finales de 2020 en el seno de la Organizaci\u00f3n para la Cooperaci\u00f3n y el Desarrollo Econ\u00f3mico (OCDE) de un sistema que permita gravar aquellos modelos de negocio digitales sin presencia f\u00edsica en los mercados donde realizan sus actividades, as\u00ed como de fijar un nivel m\u00ednimo impositivo para las empresas.<\/p>\n<p>   En el comunicado emitido por el G7 al t\u00e9rmino de la cumbre, los ministros justifican su acuerdo en la &#8220;urgente necesidad&#8221; de abordar los desaf\u00edos fiscales planteados por la digitalizaci\u00f3n de la econom\u00eda, expresando su &#8220;total apoyo&#8221; a las soluciones planteadas por la OCDE para 2020, en l\u00ednea con lo pactado por los l\u00edderes del G20.<\/p>\n<p>   De este modo, el G7 apoya el desarrollo de reg\u00edmenes fiscales que permitan gravar las actividades de nuevos modelos de negocio, como aquellos altamente digitalizados, al margen de la presencia f\u00edsica de las compa\u00f1\u00edas en el territorio.<\/p>\n<p>   En rueda de prensa, el ministro franc\u00e9s de Econom\u00eda y Finanzas, Bruno Le Maire y anfitri\u00f3n de la reuni\u00f3n, destac\u00f3 el entendimiento alcanzado con su hom\u00f3logo estadounidense, el secretario del Tesoro, Steven Mnuchin, para alcanzar un consenso entre el punto de vista de EEUU y el de Europa. &#8220;Hemos tenido \u00e9xito en alcanzar un compromiso. Es posible lograr un consenso en el seno de la OCDE en 2020&#8221;, celebr\u00f3.<\/p>\n<p>   En este sentido, el ministro galo se\u00f1al\u00f3 que los ministros coincidieron en una serie de aspectos, incluyendo la necesidad de se tener en cuenta factores intangibles, as\u00ed como el grado de digitalizaci\u00f3n de las empresas o aquellos que sean decididos en el marco de la OCDE.<\/p>\n<p>   No obstante, Le Maire afirm\u00f3 que el acuerdo de los ministros del G7 no supone que Francia vaya a retirar la tasa &#8216;GAFA&#8217;, en referencia a Google, Apple, Facebook y Amazon, aprobada la semana pasada por el pa\u00eds galo y que gravar\u00e1 con un 3% de la cifra de negocio generada en territorio franc\u00e9s por grandes compa\u00f1\u00edas de servicios digitales, a pesar de las presiones recibidas desde EEUU, que ha abierto una investigaci\u00f3n al respecto y amenaza a Par\u00eds con tomas represalias al considerar que &#8220;apunta injustamente hacia las empresas estadounidenses&#8221;.<\/p>\n<p>   Por otro lado, los ministros del G7 alcanzaron un acuerdo en la necesidad de reforzar la &#8220;certidumbre fiscal&#8221; mediante la limitaci\u00f3n de la planificaci\u00f3n fiscal.<\/p>\n<p>   Asimismo, los representantes de Alemania, Canad\u00e1, EEUU, Francia, Italia, Jap\u00f3n y Reino Unido, acordaron la importancia de fijar un nivel m\u00ednimo de tributaci\u00f3n para las empresas con el objetivo de que estas paguen una cifra justa de impuestos.<\/p>\n<p>   A este respecto, Le Maire explic\u00f3 que la medida busca evitar una &#8220;competici\u00f3n a la baja&#8221; entre pa\u00edses, impidiendo el &#8216;dumping&#8217; fiscal y la evasi\u00f3n de impuestos.<\/p>\n<\/div>\n<p>[ad_2]<br \/>\n<br \/><a href=\"https:\/\/www.europapress.es\/economia\/fiscal-00347\/noticia-g7-impulsa-tasa-digital-2020-impuesto-minimo-sociedades-20190718170511.html\">Source link <\/a><\/p>\n","protected":false},"excerpt":{"rendered":"<p>[ad_1] CHANTILLY (FRANCIA), 18 Jul. (EUROPA PRESS) &#8211; Los ministros de Finanzas del G7, reunidos este mi\u00e9rcoles y jueves en la localidad francesa de Chantilly, han alcanzado un compromiso en apoyo del establecimiento para finales de 2020 en el seno de la Organizaci\u00f3n para la Cooperaci\u00f3n y el Desarrollo Econ\u00f3mico (OCDE) de un sistema que [&hellip;]<\/p>\n","protected":false},"author":2,"featured_media":6655,"comment_status":"open","ping_status":"open","sticky":false,"template":"","format":"standard","meta":{"footnotes":""},"categories":[1],"tags":[],"class_list":["post-6654","post","type-post","status-publish","format-standard","has-post-thumbnail","hentry","category-noticias-financieras"],"yoast_head":"<!-- This site is optimized with the Yoast SEO plugin v27.4 - https:\/\/yoast.com\/product\/yoast-seo-wordpress\/ -->\n<title>El G7 impulsa una tasa digital para 2020 y un impuesto m\u00ednimo de sociedades - Super News<\/title>\n<meta name=\"robots\" content=\"index, follow, max-snippet:-1, max-image-preview:large, max-video-preview:-1\" \/>\n<link rel=\"canonical\" href=\"https:\/\/super-news.info\/es\/el-g7-impulsa-una-tasa-digital-para-2020-y-un-impuesto-minimo-de-sociedades\/\" \/>\n<meta property=\"og:locale\" content=\"en_US\" \/>\n<meta property=\"og:type\" content=\"article\" \/>\n<meta property=\"og:title\" content=\"El G7 impulsa una tasa digital para 2020 y un impuesto m\u00ednimo de sociedades - Super News\" \/>\n<meta property=\"og:description\" content=\"[ad_1] CHANTILLY (FRANCIA), 18 Jul. (EUROPA PRESS) &#8211; Los ministros de Finanzas del G7, reunidos este mi\u00e9rcoles y jueves en la localidad francesa de Chantilly, han alcanzado un compromiso en apoyo del establecimiento para finales de 2020 en el seno de la Organizaci\u00f3n para la Cooperaci\u00f3n y el Desarrollo Econ\u00f3mico (OCDE) de un sistema que [&hellip;]\" \/>\n<meta property=\"og:url\" content=\"https:\/\/super-news.info\/es\/el-g7-impulsa-una-tasa-digital-para-2020-y-un-impuesto-minimo-de-sociedades\/\" \/>\n<meta property=\"og:site_name\" content=\"Super News\" \/>\n<meta property=\"article:published_time\" content=\"2019-07-18T15:41:41+00:00\" \/>\n<meta property=\"article:modified_time\" content=\"2019-07-18T15:41:42+00:00\" \/>\n<meta property=\"og:image\" content=\"https:\/\/super-news.info\/es\/wp-content\/uploads\/sites\/4\/2019\/07\/El-G7-impulsa-una-tasa-digital-para-2020-y-un.jpg\" \/>\n\t<meta property=\"og:image:width\" content=\"120\" \/>\n\t<meta property=\"og:image:height\" content=\"89\" \/>\n\t<meta property=\"og:image:type\" content=\"image\/jpeg\" \/>\n<meta name=\"author\" content=\"super-news\" \/>\n<meta name=\"twitter:card\" content=\"summary_large_image\" \/>\n<meta name=\"twitter:label1\" content=\"Written by\" \/>\n\t<meta name=\"twitter:data1\" content=\"super-news\" \/>\n\t<meta name=\"twitter:label2\" content=\"Est. reading time\" \/>\n\t<meta name=\"twitter:data2\" content=\"3 minutes\" \/>\n<script type=\"application\/ld+json\" class=\"yoast-schema-graph\">{\"@context\":\"https:\\\/\\\/schema.org\",\"@graph\":[{\"@type\":\"Article\",\"@id\":\"https:\\\/\\\/super-news.info\\\/es\\\/el-g7-impulsa-una-tasa-digital-para-2020-y-un-impuesto-minimo-de-sociedades\\\/#article\",\"isPartOf\":{\"@id\":\"https:\\\/\\\/super-news.info\\\/es\\\/el-g7-impulsa-una-tasa-digital-para-2020-y-un-impuesto-minimo-de-sociedades\\\/\"},\"author\":{\"name\":\"super-news\",\"@id\":\"https:\\\/\\\/super-news.info\\\/es\\\/#\\\/schema\\\/person\\\/2d4068cb2f39cd10008c2fce578a7356\"},\"headline\":\"El G7 impulsa una tasa digital para 2020 y un impuesto m\u00ednimo de sociedades\",\"datePublished\":\"2019-07-18T15:41:41+00:00\",\"dateModified\":\"2019-07-18T15:41:42+00:00\",\"mainEntityOfPage\":{\"@id\":\"https:\\\/\\\/super-news.info\\\/es\\\/el-g7-impulsa-una-tasa-digital-para-2020-y-un-impuesto-minimo-de-sociedades\\\/\"},\"wordCount\":519,\"commentCount\":0,\"image\":{\"@id\":\"https:\\\/\\\/super-news.info\\\/es\\\/el-g7-impulsa-una-tasa-digital-para-2020-y-un-impuesto-minimo-de-sociedades\\\/#primaryimage\"},\"thumbnailUrl\":\"https:\\\/\\\/super-news.info\\\/es\\\/wp-content\\\/uploads\\\/sites\\\/4\\\/2019\\\/07\\\/El-G7-impulsa-una-tasa-digital-para-2020-y-un.jpg\",\"articleSection\":[\"NOTICIAS FINANCIERAS\"],\"inLanguage\":\"en-US\",\"potentialAction\":[{\"@type\":\"CommentAction\",\"name\":\"Comment\",\"target\":[\"https:\\\/\\\/super-news.info\\\/es\\\/el-g7-impulsa-una-tasa-digital-para-2020-y-un-impuesto-minimo-de-sociedades\\\/#respond\"]}]},{\"@type\":\"WebPage\",\"@id\":\"https:\\\/\\\/super-news.info\\\/es\\\/el-g7-impulsa-una-tasa-digital-para-2020-y-un-impuesto-minimo-de-sociedades\\\/\",\"url\":\"https:\\\/\\\/super-news.info\\\/es\\\/el-g7-impulsa-una-tasa-digital-para-2020-y-un-impuesto-minimo-de-sociedades\\\/\",\"name\":\"El G7 impulsa una tasa digital para 2020 y un impuesto m\u00ednimo de sociedades - Super News\",\"isPartOf\":{\"@id\":\"https:\\\/\\\/super-news.info\\\/es\\\/#website\"},\"primaryImageOfPage\":{\"@id\":\"https:\\\/\\\/super-news.info\\\/es\\\/el-g7-impulsa-una-tasa-digital-para-2020-y-un-impuesto-minimo-de-sociedades\\\/#primaryimage\"},\"image\":{\"@id\":\"https:\\\/\\\/super-news.info\\\/es\\\/el-g7-impulsa-una-tasa-digital-para-2020-y-un-impuesto-minimo-de-sociedades\\\/#primaryimage\"},\"thumbnailUrl\":\"https:\\\/\\\/super-news.info\\\/es\\\/wp-content\\\/uploads\\\/sites\\\/4\\\/2019\\\/07\\\/El-G7-impulsa-una-tasa-digital-para-2020-y-un.jpg\",\"datePublished\":\"2019-07-18T15:41:41+00:00\",\"dateModified\":\"2019-07-18T15:41:42+00:00\",\"author\":{\"@id\":\"https:\\\/\\\/super-news.info\\\/es\\\/#\\\/schema\\\/person\\\/2d4068cb2f39cd10008c2fce578a7356\"},\"breadcrumb\":{\"@id\":\"https:\\\/\\\/super-news.info\\\/es\\\/el-g7-impulsa-una-tasa-digital-para-2020-y-un-impuesto-minimo-de-sociedades\\\/#breadcrumb\"},\"inLanguage\":\"en-US\",\"potentialAction\":[{\"@type\":\"ReadAction\",\"target\":[\"https:\\\/\\\/super-news.info\\\/es\\\/el-g7-impulsa-una-tasa-digital-para-2020-y-un-impuesto-minimo-de-sociedades\\\/\"]}]},{\"@type\":\"ImageObject\",\"inLanguage\":\"en-US\",\"@id\":\"https:\\\/\\\/super-news.info\\\/es\\\/el-g7-impulsa-una-tasa-digital-para-2020-y-un-impuesto-minimo-de-sociedades\\\/#primaryimage\",\"url\":\"https:\\\/\\\/super-news.info\\\/es\\\/wp-content\\\/uploads\\\/sites\\\/4\\\/2019\\\/07\\\/El-G7-impulsa-una-tasa-digital-para-2020-y-un.jpg\",\"contentUrl\":\"https:\\\/\\\/super-news.info\\\/es\\\/wp-content\\\/uploads\\\/sites\\\/4\\\/2019\\\/07\\\/El-G7-impulsa-una-tasa-digital-para-2020-y-un.jpg\",\"width\":120,\"height\":89,\"caption\":\"El G7 impulsa una tasa digital para 2020 y un impuesto m\u00ednimo de sociedades\"},{\"@type\":\"BreadcrumbList\",\"@id\":\"https:\\\/\\\/super-news.info\\\/es\\\/el-g7-impulsa-una-tasa-digital-para-2020-y-un-impuesto-minimo-de-sociedades\\\/#breadcrumb\",\"itemListElement\":[{\"@type\":\"ListItem\",\"position\":1,\"name\":\"\u0413\u043b\u0430\u0432\u043d\u0430\u044f \u0441\u0442\u0440\u0430\u043d\u0438\u0446\u0430\",\"item\":\"https:\\\/\\\/super-news.info\\\/es\\\/\"},{\"@type\":\"ListItem\",\"position\":2,\"name\":\"El G7 impulsa una tasa digital para 2020 y un impuesto m\u00ednimo de sociedades\"}]},{\"@type\":\"WebSite\",\"@id\":\"https:\\\/\\\/super-news.info\\\/es\\\/#website\",\"url\":\"https:\\\/\\\/super-news.info\\\/es\\\/\",\"name\":\"Super News\",\"description\":\"Super News Espa\u00f1a\",\"potentialAction\":[{\"@type\":\"SearchAction\",\"target\":{\"@type\":\"EntryPoint\",\"urlTemplate\":\"https:\\\/\\\/super-news.info\\\/es\\\/?s={search_term_string}\"},\"query-input\":{\"@type\":\"PropertyValueSpecification\",\"valueRequired\":true,\"valueName\":\"search_term_string\"}}],\"inLanguage\":\"en-US\"},{\"@type\":\"Person\",\"@id\":\"https:\\\/\\\/super-news.info\\\/es\\\/#\\\/schema\\\/person\\\/2d4068cb2f39cd10008c2fce578a7356\",\"name\":\"super-news\",\"image\":{\"@type\":\"ImageObject\",\"inLanguage\":\"en-US\",\"@id\":\"https:\\\/\\\/secure.gravatar.com\\\/avatar\\\/64ebac40b93f26a154f8a9b5b6fdccfc46f442b26b3dd6756dbff3bf9dc76fd7?s=96&d=mm&r=g\",\"url\":\"https:\\\/\\\/secure.gravatar.com\\\/avatar\\\/64ebac40b93f26a154f8a9b5b6fdccfc46f442b26b3dd6756dbff3bf9dc76fd7?s=96&d=mm&r=g\",\"contentUrl\":\"https:\\\/\\\/secure.gravatar.com\\\/avatar\\\/64ebac40b93f26a154f8a9b5b6fdccfc46f442b26b3dd6756dbff3bf9dc76fd7?s=96&d=mm&r=g\",\"caption\":\"super-news\"},\"url\":\"https:\\\/\\\/super-news.info\\\/es\\\/author\\\/pt\\\/\"}]}<\/script>\n<!-- \/ Yoast SEO plugin. -->","yoast_head_json":{"title":"El G7 impulsa una tasa digital para 2020 y un impuesto m\u00ednimo de sociedades - Super News","robots":{"index":"index","follow":"follow","max-snippet":"max-snippet:-1","max-image-preview":"max-image-preview:large","max-video-preview":"max-video-preview:-1"},"canonical":"https:\/\/super-news.info\/es\/el-g7-impulsa-una-tasa-digital-para-2020-y-un-impuesto-minimo-de-sociedades\/","og_locale":"en_US","og_type":"article","og_title":"El G7 impulsa una tasa digital para 2020 y un impuesto m\u00ednimo de sociedades - Super News","og_description":"[ad_1] CHANTILLY (FRANCIA), 18 Jul. (EUROPA PRESS) &#8211; Los ministros de Finanzas del G7, reunidos este mi\u00e9rcoles y jueves en la localidad francesa de Chantilly, han alcanzado un compromiso en apoyo del establecimiento para finales de 2020 en el seno de la Organizaci\u00f3n para la Cooperaci\u00f3n y el Desarrollo Econ\u00f3mico (OCDE) de un sistema que [&hellip;]","og_url":"https:\/\/super-news.info\/es\/el-g7-impulsa-una-tasa-digital-para-2020-y-un-impuesto-minimo-de-sociedades\/","og_site_name":"Super News","article_published_time":"2019-07-18T15:41:41+00:00","article_modified_time":"2019-07-18T15:41:42+00:00","og_image":[{"width":120,"height":89,"url":"https:\/\/super-news.info\/es\/wp-content\/uploads\/sites\/4\/2019\/07\/El-G7-impulsa-una-tasa-digital-para-2020-y-un.jpg","type":"image\/jpeg"}],"author":"super-news","twitter_card":"summary_large_image","twitter_misc":{"Written by":"super-news","Est. reading time":"3 minutes"},"schema":{"@context":"https:\/\/schema.org","@graph":[{"@type":"Article","@id":"https:\/\/super-news.info\/es\/el-g7-impulsa-una-tasa-digital-para-2020-y-un-impuesto-minimo-de-sociedades\/#article","isPartOf":{"@id":"https:\/\/super-news.info\/es\/el-g7-impulsa-una-tasa-digital-para-2020-y-un-impuesto-minimo-de-sociedades\/"},"author":{"name":"super-news","@id":"https:\/\/super-news.info\/es\/#\/schema\/person\/2d4068cb2f39cd10008c2fce578a7356"},"headline":"El G7 impulsa una tasa digital para 2020 y un impuesto m\u00ednimo de sociedades","datePublished":"2019-07-18T15:41:41+00:00","dateModified":"2019-07-18T15:41:42+00:00","mainEntityOfPage":{"@id":"https:\/\/super-news.info\/es\/el-g7-impulsa-una-tasa-digital-para-2020-y-un-impuesto-minimo-de-sociedades\/"},"wordCount":519,"commentCount":0,"image":{"@id":"https:\/\/super-news.info\/es\/el-g7-impulsa-una-tasa-digital-para-2020-y-un-impuesto-minimo-de-sociedades\/#primaryimage"},"thumbnailUrl":"https:\/\/super-news.info\/es\/wp-content\/uploads\/sites\/4\/2019\/07\/El-G7-impulsa-una-tasa-digital-para-2020-y-un.jpg","articleSection":["NOTICIAS FINANCIERAS"],"inLanguage":"en-US","potentialAction":[{"@type":"CommentAction","name":"Comment","target":["https:\/\/super-news.info\/es\/el-g7-impulsa-una-tasa-digital-para-2020-y-un-impuesto-minimo-de-sociedades\/#respond"]}]},{"@type":"WebPage","@id":"https:\/\/super-news.info\/es\/el-g7-impulsa-una-tasa-digital-para-2020-y-un-impuesto-minimo-de-sociedades\/","url":"https:\/\/super-news.info\/es\/el-g7-impulsa-una-tasa-digital-para-2020-y-un-impuesto-minimo-de-sociedades\/","name":"El G7 impulsa una tasa digital para 2020 y un impuesto m\u00ednimo de sociedades - Super News","isPartOf":{"@id":"https:\/\/super-news.info\/es\/#website"},"primaryImageOfPage":{"@id":"https:\/\/super-news.info\/es\/el-g7-impulsa-una-tasa-digital-para-2020-y-un-impuesto-minimo-de-sociedades\/#primaryimage"},"image":{"@id":"https:\/\/super-news.info\/es\/el-g7-impulsa-una-tasa-digital-para-2020-y-un-impuesto-minimo-de-sociedades\/#primaryimage"},"thumbnailUrl":"https:\/\/super-news.info\/es\/wp-content\/uploads\/sites\/4\/2019\/07\/El-G7-impulsa-una-tasa-digital-para-2020-y-un.jpg","datePublished":"2019-07-18T15:41:41+00:00","dateModified":"2019-07-18T15:41:42+00:00","author":{"@id":"https:\/\/super-news.info\/es\/#\/schema\/person\/2d4068cb2f39cd10008c2fce578a7356"},"breadcrumb":{"@id":"https:\/\/super-news.info\/es\/el-g7-impulsa-una-tasa-digital-para-2020-y-un-impuesto-minimo-de-sociedades\/#breadcrumb"},"inLanguage":"en-US","potentialAction":[{"@type":"ReadAction","target":["https:\/\/super-news.info\/es\/el-g7-impulsa-una-tasa-digital-para-2020-y-un-impuesto-minimo-de-sociedades\/"]}]},{"@type":"ImageObject","inLanguage":"en-US","@id":"https:\/\/super-news.info\/es\/el-g7-impulsa-una-tasa-digital-para-2020-y-un-impuesto-minimo-de-sociedades\/#primaryimage","url":"https:\/\/super-news.info\/es\/wp-content\/uploads\/sites\/4\/2019\/07\/El-G7-impulsa-una-tasa-digital-para-2020-y-un.jpg","contentUrl":"https:\/\/super-news.info\/es\/wp-content\/uploads\/sites\/4\/2019\/07\/El-G7-impulsa-una-tasa-digital-para-2020-y-un.jpg","width":120,"height":89,"caption":"El G7 impulsa una tasa digital para 2020 y un impuesto m\u00ednimo de sociedades"},{"@type":"BreadcrumbList","@id":"https:\/\/super-news.info\/es\/el-g7-impulsa-una-tasa-digital-para-2020-y-un-impuesto-minimo-de-sociedades\/#breadcrumb","itemListElement":[{"@type":"ListItem","position":1,"name":"\u0413\u043b\u0430\u0432\u043d\u0430\u044f \u0441\u0442\u0440\u0430\u043d\u0438\u0446\u0430","item":"https:\/\/super-news.info\/es\/"},{"@type":"ListItem","position":2,"name":"El G7 impulsa una tasa digital para 2020 y un impuesto m\u00ednimo de sociedades"}]},{"@type":"WebSite","@id":"https:\/\/super-news.info\/es\/#website","url":"https:\/\/super-news.info\/es\/","name":"Super News","description":"Super News Espa\u00f1a","potentialAction":[{"@type":"SearchAction","target":{"@type":"EntryPoint","urlTemplate":"https:\/\/super-news.info\/es\/?s={search_term_string}"},"query-input":{"@type":"PropertyValueSpecification","valueRequired":true,"valueName":"search_term_string"}}],"inLanguage":"en-US"},{"@type":"Person","@id":"https:\/\/super-news.info\/es\/#\/schema\/person\/2d4068cb2f39cd10008c2fce578a7356","name":"super-news","image":{"@type":"ImageObject","inLanguage":"en-US","@id":"https:\/\/secure.gravatar.com\/avatar\/64ebac40b93f26a154f8a9b5b6fdccfc46f442b26b3dd6756dbff3bf9dc76fd7?s=96&d=mm&r=g","url":"https:\/\/secure.gravatar.com\/avatar\/64ebac40b93f26a154f8a9b5b6fdccfc46f442b26b3dd6756dbff3bf9dc76fd7?s=96&d=mm&r=g","contentUrl":"https:\/\/secure.gravatar.com\/avatar\/64ebac40b93f26a154f8a9b5b6fdccfc46f442b26b3dd6756dbff3bf9dc76fd7?s=96&d=mm&r=g","caption":"super-news"},"url":"https:\/\/super-news.info\/es\/author\/pt\/"}]}},"_links":{"self":[{"href":"https:\/\/super-news.info\/es\/wp-json\/wp\/v2\/posts\/6654","targetHints":{"allow":["GET"]}}],"collection":[{"href":"https:\/\/super-news.info\/es\/wp-json\/wp\/v2\/posts"}],"about":[{"href":"https:\/\/super-news.info\/es\/wp-json\/wp\/v2\/types\/post"}],"author":[{"embeddable":true,"href":"https:\/\/super-news.info\/es\/wp-json\/wp\/v2\/users\/2"}],"replies":[{"embeddable":true,"href":"https:\/\/super-news.info\/es\/wp-json\/wp\/v2\/comments?post=6654"}],"version-history":[{"count":1,"href":"https:\/\/super-news.info\/es\/wp-json\/wp\/v2\/posts\/6654\/revisions"}],"predecessor-version":[{"id":6656,"href":"https:\/\/super-news.info\/es\/wp-json\/wp\/v2\/posts\/6654\/revisions\/6656"}],"wp:featuredmedia":[{"embeddable":true,"href":"https:\/\/super-news.info\/es\/wp-json\/wp\/v2\/media\/6655"}],"wp:attachment":[{"href":"https:\/\/super-news.info\/es\/wp-json\/wp\/v2\/media?parent=6654"}],"wp:term":[{"taxonomy":"category","embeddable":true,"href":"https:\/\/super-news.info\/es\/wp-json\/wp\/v2\/categories?post=6654"},{"taxonomy":"post_tag","embeddable":true,"href":"https:\/\/super-news.info\/es\/wp-json\/wp\/v2\/tags?post=6654"}],"curies":[{"name":"wp","href":"https:\/\/api.w.org\/{rel}","templated":true}]}}