{"id":6651,"date":"2019-07-18T17:35:19","date_gmt":"2019-07-18T14:35:19","guid":{"rendered":"https:\/\/super-news.info\/es\/la-generalitat-propone-a-patronales-y-sindicatos-calcular-un-smi-de-referencia-en-cataluna\/"},"modified":"2019-07-18T17:35:19","modified_gmt":"2019-07-18T14:35:19","slug":"la-generalitat-propone-a-patronales-y-sindicatos-calcular-un-smi-de-referencia-en-cataluna","status":"publish","type":"post","link":"https:\/\/super-news.info\/es\/la-generalitat-propone-a-patronales-y-sindicatos-calcular-un-smi-de-referencia-en-cataluna\/","title":{"rendered":"La Generalitat propone a patronales y sindicatos calcular un SMI de referencia en Catalu\u00f1a"},"content":{"rendered":"<p> [ad_1]<\/p>\n<div id=\"CuerpoNoticiav2\" itemprop=\"articleBody\">\n<h3 class=\"subsubhead\">Foment de Treball se abre a la propuesta mientras UGT y CC.OO. dicen que el Govern no tiene competencias<\/h3>\n<p>   BARCELONA, 18 Jul. (EUROPA PRESS) &#8211; <\/p>\n<p itemprop=\"description\">   El vicepresidente de la Generalitat, Pere Aragon\u00e8s, ha planteado este jueves calcular un Salario M\u00ednimo Interprofesional (SMI) de referencia en Catalu\u00f1a a trav\u00e9s del &#8220;consenso social&#8221; con patronales y sindicatos.<\/p>\n<p>   Lo ha anunciado durante la presentaci\u00f3n del Informe Anual de la Econom\u00eda Catalana 2018, en la que se ha destacado que Catalu\u00f1a recuper\u00f3 el a\u00f1o pasado el PIB per c\u00e1pita anterior a la crisis econ\u00f3mica, situado en los 32.000 euros: &#8220;Nos gusta hablar m\u00e1s de prosperidad que de crecimiento econ\u00f3mico&#8221;.<\/p>\n<p>   &#8220;Es evidente que no lo podemos hacer desde un punto de vista competencial. El Govern no puede hacerlo por decreto ley o llevar al Parlament una ley de salario m\u00ednimo, pero este pa\u00eds puede hacer aquello que tantas veces hemos hecho cuando desde el Estado no se ha llegado hasta donde quer\u00edamos&#8221;, ha razonado el tambi\u00e9n conseller de Econom\u00eda y Hacienda.<\/p>\n<p>   Ha dicho que quieren determinar el impacto y llevar a cabo en Catalunya una estrategia compartida para que el salario m\u00ednimo no venga marcado por una ley sino porque se decida fortalecer la negociaci\u00f3n colectiva y avanzar hacia un salario m\u00ednimo de referencia propio.<\/p>\n<p>   &#8220;Hemos visto c\u00f3mo el SMI afecta de forma desigual a nivel territorial, en el conjunto de Estado, y c\u00f3mo afecta de forma desigual en funci\u00f3n de si eres hombre o mujer. Es evidente que un aumento del SMI permite una mejora en el conjunto de los salarios, especialmente de las mujeres, porque a\u00fan hay sectores de precariedad demasiado feminizados&#8221;, ha lamentado.<\/p>\n<h2 class=\"ladillo\">&#8220;NO TIENE RECORRIDO&#8221;<\/h2>\n<p>   Este mismo jueves, en declaraciones a los medios, el secretario general de CC.OO. de Catalu\u00f1a, Javier Pacheco, ha afirmado que la propuesta &#8220;no tiene recorrido&#8221; porque Catalunya no tiene competencias.<\/p>\n<p>   &#8220;Creo que el vicepresidente lo que hace es encontrar un burladero para intentar evadir su responsabilidad en c\u00f3mo se debe intervenir en las desigualdades salariales en el pa\u00eds&#8221;, y ha a\u00f1adido que deber\u00eda actuar sobre los salarios m\u00e1ximos a trav\u00e9s de figuras impositivas como el IRPF.<\/p>\n<p>   Ha recordado que ya tiene una proposici\u00f3n acordada en la negociaci\u00f3n colectiva, en el Acuerdo Interprofesional de Catalu\u00f1a (AIC), de establecer un salario m\u00ednimo de convenio colectivo para intentar garantizar la reducci\u00f3n de las desigualdades.<\/p>\n<h2 class=\"ladillo\">&#8220;UN SMI EN LA CONTRATACI\u00d3N P\u00daBLICA&#8221;<\/h2>\n<p>   El secretario general de UGT de Catalu\u00f1a, Camil Ros, ha dicho que hay que observar con detenimiento la propuesta, ya que ve &#8220;claroscuros&#8221; en ella, y no cree que los salarios est\u00e1n recuperados como dicen las estad\u00edsticas, porque cree faltan otros indicadores m\u00e1s concretos.<\/p>\n<p>   Para Ros, que ve bien debatir sobre salarios dignos en Catalu\u00f1a, ser\u00eda un buen ejemplo que la propuesta de Aragon\u00e8s empezara &#8220;situando un SMI digno en toda la contrataci\u00f3n p\u00fablica&#8221;, y ha recordado que, si hay una v\u00eda para poder situarlo y que sea de car\u00e1cter normativo, esa es a trav\u00e9s del AIC.<\/p>\n<p>   &#8220;Ser\u00eda un paso adelante que las patronales quisieran hacer un AIC en car\u00e1cter normativo marcando salarios y otras cuestiones. A ver qu\u00e9 dicen&#8221;, ha dicho, y ha a\u00f1adido que cree que la Generalitat no tiene capacidad de implementar el salario m\u00ednimo de referencia.<\/p>\n<h2 class=\"ladillo\">FOMENT DEL TREBALL<\/h2>\n<p>   La vicepresidenta de Foment del Treball, Virginia Guinda, ha afirmado que la Generalitat contar\u00e1 con todo el apoyo de la patronal para abordar este tema y ha dicho que entrar\u00e1n en el grupo de trabajo con todos sus recursos: &#8220;Nos gusta mucha la propuesta de la Generalitat, esperamos que el resultado sea muy positivo&#8221;.<\/p>\n<p>   &#8220;La generaci\u00f3n de riqueza debe ir acompa\u00f1ada de una generaci\u00f3n de bienestar social y en este sentido Foment del Treball ha llevado ya en estos meses de legislatura una serie de iniciativas como la puesta en marcha de un think tank el objetivo del cual es incrementar el bienestar social en nuestro pa\u00eds&#8221;, ha explicado Guinda.<\/p>\n<p>   Sin embargo, ha dicho que es un tema complejo y que el salario no es la \u00fanica variable en la que se debe trabajar, sino que se deben evaluar los costes laborales, los resultados de cada empresa y hacer propuestas &#8220;realmente viables&#8221;.<\/p>\n<\/div>\n<p>[ad_2]<br \/>\n<br \/><a href=\"https:\/\/www.europapress.es\/economia\/laboral-00346\/noticia-generalitat-propone-patronales-sindicatos-calcular-smi-referencia-cataluna-20190718134259.html\">Source link <\/a><\/p>\n","protected":false},"excerpt":{"rendered":"<p>[ad_1] Foment de Treball se abre a la propuesta mientras UGT y CC.OO. dicen que el Govern no tiene competencias BARCELONA, 18 Jul. (EUROPA PRESS) &#8211; El vicepresidente de la Generalitat, Pere Aragon\u00e8s, ha planteado este jueves calcular un Salario M\u00ednimo Interprofesional (SMI) de referencia en Catalu\u00f1a a trav\u00e9s del &#8220;consenso social&#8221; con patronales y [&hellip;]<\/p>\n","protected":false},"author":2,"featured_media":6652,"comment_status":"open","ping_status":"open","sticky":false,"template":"","format":"standard","meta":{"footnotes":""},"categories":[1],"tags":[],"class_list":["post-6651","post","type-post","status-publish","format-standard","has-post-thumbnail","hentry","category-noticias-financieras"],"yoast_head":"<!-- This site is optimized with the Yoast SEO plugin v27.4 - https:\/\/yoast.com\/product\/yoast-seo-wordpress\/ -->\n<title>La Generalitat propone a patronales y sindicatos calcular un SMI de referencia en Catalu\u00f1a - Super News<\/title>\n<meta name=\"robots\" content=\"index, follow, max-snippet:-1, max-image-preview:large, max-video-preview:-1\" \/>\n<link rel=\"canonical\" href=\"https:\/\/super-news.info\/es\/la-generalitat-propone-a-patronales-y-sindicatos-calcular-un-smi-de-referencia-en-cataluna\/\" \/>\n<meta property=\"og:locale\" content=\"en_US\" \/>\n<meta property=\"og:type\" content=\"article\" \/>\n<meta property=\"og:title\" content=\"La Generalitat propone a patronales y sindicatos calcular un SMI de referencia en Catalu\u00f1a - Super News\" \/>\n<meta property=\"og:description\" content=\"[ad_1] Foment de Treball se abre a la propuesta mientras UGT y CC.OO. dicen que el Govern no tiene competencias BARCELONA, 18 Jul. (EUROPA PRESS) &#8211; El vicepresidente de la Generalitat, Pere Aragon\u00e8s, ha planteado este jueves calcular un Salario M\u00ednimo Interprofesional (SMI) de referencia en Catalu\u00f1a a trav\u00e9s del &#8220;consenso social&#8221; con patronales y [&hellip;]\" \/>\n<meta property=\"og:url\" content=\"https:\/\/super-news.info\/es\/la-generalitat-propone-a-patronales-y-sindicatos-calcular-un-smi-de-referencia-en-cataluna\/\" \/>\n<meta property=\"og:site_name\" content=\"Super News\" \/>\n<meta property=\"article:published_time\" content=\"2019-07-18T14:35:19+00:00\" \/>\n<meta property=\"og:image\" content=\"https:\/\/super-news.info\/es\/wp-content\/uploads\/sites\/4\/2019\/07\/La-Generalitat-propone-a-patronales-y-sindicatos-calcular-un-SMI.jpg\" \/>\n\t<meta property=\"og:image:width\" content=\"120\" \/>\n\t<meta property=\"og:image:height\" content=\"90\" \/>\n\t<meta property=\"og:image:type\" content=\"image\/jpeg\" \/>\n<meta name=\"author\" content=\"super-news\" \/>\n<meta name=\"twitter:card\" content=\"summary_large_image\" \/>\n<meta name=\"twitter:label1\" content=\"Written by\" \/>\n\t<meta name=\"twitter:data1\" content=\"super-news\" \/>\n\t<meta name=\"twitter:label2\" content=\"Est. reading time\" \/>\n\t<meta name=\"twitter:data2\" content=\"4 minutes\" \/>\n<script type=\"application\/ld+json\" class=\"yoast-schema-graph\">{\"@context\":\"https:\\\/\\\/schema.org\",\"@graph\":[{\"@type\":\"Article\",\"@id\":\"https:\\\/\\\/super-news.info\\\/es\\\/la-generalitat-propone-a-patronales-y-sindicatos-calcular-un-smi-de-referencia-en-cataluna\\\/#article\",\"isPartOf\":{\"@id\":\"https:\\\/\\\/super-news.info\\\/es\\\/la-generalitat-propone-a-patronales-y-sindicatos-calcular-un-smi-de-referencia-en-cataluna\\\/\"},\"author\":{\"name\":\"super-news\",\"@id\":\"https:\\\/\\\/super-news.info\\\/es\\\/#\\\/schema\\\/person\\\/2d4068cb2f39cd10008c2fce578a7356\"},\"headline\":\"La Generalitat propone a patronales y sindicatos calcular un SMI de referencia en Catalu\u00f1a\",\"datePublished\":\"2019-07-18T14:35:19+00:00\",\"mainEntityOfPage\":{\"@id\":\"https:\\\/\\\/super-news.info\\\/es\\\/la-generalitat-propone-a-patronales-y-sindicatos-calcular-un-smi-de-referencia-en-cataluna\\\/\"},\"wordCount\":763,\"commentCount\":0,\"image\":{\"@id\":\"https:\\\/\\\/super-news.info\\\/es\\\/la-generalitat-propone-a-patronales-y-sindicatos-calcular-un-smi-de-referencia-en-cataluna\\\/#primaryimage\"},\"thumbnailUrl\":\"https:\\\/\\\/super-news.info\\\/es\\\/wp-content\\\/uploads\\\/sites\\\/4\\\/2019\\\/07\\\/La-Generalitat-propone-a-patronales-y-sindicatos-calcular-un-SMI.jpg\",\"articleSection\":[\"NOTICIAS FINANCIERAS\"],\"inLanguage\":\"en-US\",\"potentialAction\":[{\"@type\":\"CommentAction\",\"name\":\"Comment\",\"target\":[\"https:\\\/\\\/super-news.info\\\/es\\\/la-generalitat-propone-a-patronales-y-sindicatos-calcular-un-smi-de-referencia-en-cataluna\\\/#respond\"]}]},{\"@type\":\"WebPage\",\"@id\":\"https:\\\/\\\/super-news.info\\\/es\\\/la-generalitat-propone-a-patronales-y-sindicatos-calcular-un-smi-de-referencia-en-cataluna\\\/\",\"url\":\"https:\\\/\\\/super-news.info\\\/es\\\/la-generalitat-propone-a-patronales-y-sindicatos-calcular-un-smi-de-referencia-en-cataluna\\\/\",\"name\":\"La Generalitat propone a patronales y sindicatos calcular un SMI de referencia en Catalu\u00f1a - Super News\",\"isPartOf\":{\"@id\":\"https:\\\/\\\/super-news.info\\\/es\\\/#website\"},\"primaryImageOfPage\":{\"@id\":\"https:\\\/\\\/super-news.info\\\/es\\\/la-generalitat-propone-a-patronales-y-sindicatos-calcular-un-smi-de-referencia-en-cataluna\\\/#primaryimage\"},\"image\":{\"@id\":\"https:\\\/\\\/super-news.info\\\/es\\\/la-generalitat-propone-a-patronales-y-sindicatos-calcular-un-smi-de-referencia-en-cataluna\\\/#primaryimage\"},\"thumbnailUrl\":\"https:\\\/\\\/super-news.info\\\/es\\\/wp-content\\\/uploads\\\/sites\\\/4\\\/2019\\\/07\\\/La-Generalitat-propone-a-patronales-y-sindicatos-calcular-un-SMI.jpg\",\"datePublished\":\"2019-07-18T14:35:19+00:00\",\"author\":{\"@id\":\"https:\\\/\\\/super-news.info\\\/es\\\/#\\\/schema\\\/person\\\/2d4068cb2f39cd10008c2fce578a7356\"},\"breadcrumb\":{\"@id\":\"https:\\\/\\\/super-news.info\\\/es\\\/la-generalitat-propone-a-patronales-y-sindicatos-calcular-un-smi-de-referencia-en-cataluna\\\/#breadcrumb\"},\"inLanguage\":\"en-US\",\"potentialAction\":[{\"@type\":\"ReadAction\",\"target\":[\"https:\\\/\\\/super-news.info\\\/es\\\/la-generalitat-propone-a-patronales-y-sindicatos-calcular-un-smi-de-referencia-en-cataluna\\\/\"]}]},{\"@type\":\"ImageObject\",\"inLanguage\":\"en-US\",\"@id\":\"https:\\\/\\\/super-news.info\\\/es\\\/la-generalitat-propone-a-patronales-y-sindicatos-calcular-un-smi-de-referencia-en-cataluna\\\/#primaryimage\",\"url\":\"https:\\\/\\\/super-news.info\\\/es\\\/wp-content\\\/uploads\\\/sites\\\/4\\\/2019\\\/07\\\/La-Generalitat-propone-a-patronales-y-sindicatos-calcular-un-SMI.jpg\",\"contentUrl\":\"https:\\\/\\\/super-news.info\\\/es\\\/wp-content\\\/uploads\\\/sites\\\/4\\\/2019\\\/07\\\/La-Generalitat-propone-a-patronales-y-sindicatos-calcular-un-SMI.jpg\",\"width\":120,\"height\":90,\"caption\":\"La Generalitat propone a patronales y sindicatos calcular un SMI de referencia en Catalu\u00f1a\"},{\"@type\":\"BreadcrumbList\",\"@id\":\"https:\\\/\\\/super-news.info\\\/es\\\/la-generalitat-propone-a-patronales-y-sindicatos-calcular-un-smi-de-referencia-en-cataluna\\\/#breadcrumb\",\"itemListElement\":[{\"@type\":\"ListItem\",\"position\":1,\"name\":\"\u0413\u043b\u0430\u0432\u043d\u0430\u044f \u0441\u0442\u0440\u0430\u043d\u0438\u0446\u0430\",\"item\":\"https:\\\/\\\/super-news.info\\\/es\\\/\"},{\"@type\":\"ListItem\",\"position\":2,\"name\":\"La Generalitat propone a patronales y sindicatos calcular un SMI de referencia en Catalu\u00f1a\"}]},{\"@type\":\"WebSite\",\"@id\":\"https:\\\/\\\/super-news.info\\\/es\\\/#website\",\"url\":\"https:\\\/\\\/super-news.info\\\/es\\\/\",\"name\":\"Super News\",\"description\":\"Super News Espa\u00f1a\",\"potentialAction\":[{\"@type\":\"SearchAction\",\"target\":{\"@type\":\"EntryPoint\",\"urlTemplate\":\"https:\\\/\\\/super-news.info\\\/es\\\/?s={search_term_string}\"},\"query-input\":{\"@type\":\"PropertyValueSpecification\",\"valueRequired\":true,\"valueName\":\"search_term_string\"}}],\"inLanguage\":\"en-US\"},{\"@type\":\"Person\",\"@id\":\"https:\\\/\\\/super-news.info\\\/es\\\/#\\\/schema\\\/person\\\/2d4068cb2f39cd10008c2fce578a7356\",\"name\":\"super-news\",\"image\":{\"@type\":\"ImageObject\",\"inLanguage\":\"en-US\",\"@id\":\"https:\\\/\\\/secure.gravatar.com\\\/avatar\\\/64ebac40b93f26a154f8a9b5b6fdccfc46f442b26b3dd6756dbff3bf9dc76fd7?s=96&d=mm&r=g\",\"url\":\"https:\\\/\\\/secure.gravatar.com\\\/avatar\\\/64ebac40b93f26a154f8a9b5b6fdccfc46f442b26b3dd6756dbff3bf9dc76fd7?s=96&d=mm&r=g\",\"contentUrl\":\"https:\\\/\\\/secure.gravatar.com\\\/avatar\\\/64ebac40b93f26a154f8a9b5b6fdccfc46f442b26b3dd6756dbff3bf9dc76fd7?s=96&d=mm&r=g\",\"caption\":\"super-news\"},\"url\":\"https:\\\/\\\/super-news.info\\\/es\\\/author\\\/pt\\\/\"}]}<\/script>\n<!-- \/ Yoast SEO plugin. -->","yoast_head_json":{"title":"La Generalitat propone a patronales y sindicatos calcular un SMI de referencia en Catalu\u00f1a - Super News","robots":{"index":"index","follow":"follow","max-snippet":"max-snippet:-1","max-image-preview":"max-image-preview:large","max-video-preview":"max-video-preview:-1"},"canonical":"https:\/\/super-news.info\/es\/la-generalitat-propone-a-patronales-y-sindicatos-calcular-un-smi-de-referencia-en-cataluna\/","og_locale":"en_US","og_type":"article","og_title":"La Generalitat propone a patronales y sindicatos calcular un SMI de referencia en Catalu\u00f1a - Super News","og_description":"[ad_1] Foment de Treball se abre a la propuesta mientras UGT y CC.OO. dicen que el Govern no tiene competencias BARCELONA, 18 Jul. (EUROPA PRESS) &#8211; El vicepresidente de la Generalitat, Pere Aragon\u00e8s, ha planteado este jueves calcular un Salario M\u00ednimo Interprofesional (SMI) de referencia en Catalu\u00f1a a trav\u00e9s del &#8220;consenso social&#8221; con patronales y [&hellip;]","og_url":"https:\/\/super-news.info\/es\/la-generalitat-propone-a-patronales-y-sindicatos-calcular-un-smi-de-referencia-en-cataluna\/","og_site_name":"Super News","article_published_time":"2019-07-18T14:35:19+00:00","og_image":[{"width":120,"height":90,"url":"https:\/\/super-news.info\/es\/wp-content\/uploads\/sites\/4\/2019\/07\/La-Generalitat-propone-a-patronales-y-sindicatos-calcular-un-SMI.jpg","type":"image\/jpeg"}],"author":"super-news","twitter_card":"summary_large_image","twitter_misc":{"Written by":"super-news","Est. reading time":"4 minutes"},"schema":{"@context":"https:\/\/schema.org","@graph":[{"@type":"Article","@id":"https:\/\/super-news.info\/es\/la-generalitat-propone-a-patronales-y-sindicatos-calcular-un-smi-de-referencia-en-cataluna\/#article","isPartOf":{"@id":"https:\/\/super-news.info\/es\/la-generalitat-propone-a-patronales-y-sindicatos-calcular-un-smi-de-referencia-en-cataluna\/"},"author":{"name":"super-news","@id":"https:\/\/super-news.info\/es\/#\/schema\/person\/2d4068cb2f39cd10008c2fce578a7356"},"headline":"La Generalitat propone a patronales y sindicatos calcular un SMI de referencia en Catalu\u00f1a","datePublished":"2019-07-18T14:35:19+00:00","mainEntityOfPage":{"@id":"https:\/\/super-news.info\/es\/la-generalitat-propone-a-patronales-y-sindicatos-calcular-un-smi-de-referencia-en-cataluna\/"},"wordCount":763,"commentCount":0,"image":{"@id":"https:\/\/super-news.info\/es\/la-generalitat-propone-a-patronales-y-sindicatos-calcular-un-smi-de-referencia-en-cataluna\/#primaryimage"},"thumbnailUrl":"https:\/\/super-news.info\/es\/wp-content\/uploads\/sites\/4\/2019\/07\/La-Generalitat-propone-a-patronales-y-sindicatos-calcular-un-SMI.jpg","articleSection":["NOTICIAS FINANCIERAS"],"inLanguage":"en-US","potentialAction":[{"@type":"CommentAction","name":"Comment","target":["https:\/\/super-news.info\/es\/la-generalitat-propone-a-patronales-y-sindicatos-calcular-un-smi-de-referencia-en-cataluna\/#respond"]}]},{"@type":"WebPage","@id":"https:\/\/super-news.info\/es\/la-generalitat-propone-a-patronales-y-sindicatos-calcular-un-smi-de-referencia-en-cataluna\/","url":"https:\/\/super-news.info\/es\/la-generalitat-propone-a-patronales-y-sindicatos-calcular-un-smi-de-referencia-en-cataluna\/","name":"La Generalitat propone a patronales y sindicatos calcular un SMI de referencia en Catalu\u00f1a - Super News","isPartOf":{"@id":"https:\/\/super-news.info\/es\/#website"},"primaryImageOfPage":{"@id":"https:\/\/super-news.info\/es\/la-generalitat-propone-a-patronales-y-sindicatos-calcular-un-smi-de-referencia-en-cataluna\/#primaryimage"},"image":{"@id":"https:\/\/super-news.info\/es\/la-generalitat-propone-a-patronales-y-sindicatos-calcular-un-smi-de-referencia-en-cataluna\/#primaryimage"},"thumbnailUrl":"https:\/\/super-news.info\/es\/wp-content\/uploads\/sites\/4\/2019\/07\/La-Generalitat-propone-a-patronales-y-sindicatos-calcular-un-SMI.jpg","datePublished":"2019-07-18T14:35:19+00:00","author":{"@id":"https:\/\/super-news.info\/es\/#\/schema\/person\/2d4068cb2f39cd10008c2fce578a7356"},"breadcrumb":{"@id":"https:\/\/super-news.info\/es\/la-generalitat-propone-a-patronales-y-sindicatos-calcular-un-smi-de-referencia-en-cataluna\/#breadcrumb"},"inLanguage":"en-US","potentialAction":[{"@type":"ReadAction","target":["https:\/\/super-news.info\/es\/la-generalitat-propone-a-patronales-y-sindicatos-calcular-un-smi-de-referencia-en-cataluna\/"]}]},{"@type":"ImageObject","inLanguage":"en-US","@id":"https:\/\/super-news.info\/es\/la-generalitat-propone-a-patronales-y-sindicatos-calcular-un-smi-de-referencia-en-cataluna\/#primaryimage","url":"https:\/\/super-news.info\/es\/wp-content\/uploads\/sites\/4\/2019\/07\/La-Generalitat-propone-a-patronales-y-sindicatos-calcular-un-SMI.jpg","contentUrl":"https:\/\/super-news.info\/es\/wp-content\/uploads\/sites\/4\/2019\/07\/La-Generalitat-propone-a-patronales-y-sindicatos-calcular-un-SMI.jpg","width":120,"height":90,"caption":"La Generalitat propone a patronales y sindicatos calcular un SMI de referencia en Catalu\u00f1a"},{"@type":"BreadcrumbList","@id":"https:\/\/super-news.info\/es\/la-generalitat-propone-a-patronales-y-sindicatos-calcular-un-smi-de-referencia-en-cataluna\/#breadcrumb","itemListElement":[{"@type":"ListItem","position":1,"name":"\u0413\u043b\u0430\u0432\u043d\u0430\u044f \u0441\u0442\u0440\u0430\u043d\u0438\u0446\u0430","item":"https:\/\/super-news.info\/es\/"},{"@type":"ListItem","position":2,"name":"La Generalitat propone a patronales y sindicatos calcular un SMI de referencia en Catalu\u00f1a"}]},{"@type":"WebSite","@id":"https:\/\/super-news.info\/es\/#website","url":"https:\/\/super-news.info\/es\/","name":"Super News","description":"Super News Espa\u00f1a","potentialAction":[{"@type":"SearchAction","target":{"@type":"EntryPoint","urlTemplate":"https:\/\/super-news.info\/es\/?s={search_term_string}"},"query-input":{"@type":"PropertyValueSpecification","valueRequired":true,"valueName":"search_term_string"}}],"inLanguage":"en-US"},{"@type":"Person","@id":"https:\/\/super-news.info\/es\/#\/schema\/person\/2d4068cb2f39cd10008c2fce578a7356","name":"super-news","image":{"@type":"ImageObject","inLanguage":"en-US","@id":"https:\/\/secure.gravatar.com\/avatar\/64ebac40b93f26a154f8a9b5b6fdccfc46f442b26b3dd6756dbff3bf9dc76fd7?s=96&d=mm&r=g","url":"https:\/\/secure.gravatar.com\/avatar\/64ebac40b93f26a154f8a9b5b6fdccfc46f442b26b3dd6756dbff3bf9dc76fd7?s=96&d=mm&r=g","contentUrl":"https:\/\/secure.gravatar.com\/avatar\/64ebac40b93f26a154f8a9b5b6fdccfc46f442b26b3dd6756dbff3bf9dc76fd7?s=96&d=mm&r=g","caption":"super-news"},"url":"https:\/\/super-news.info\/es\/author\/pt\/"}]}},"_links":{"self":[{"href":"https:\/\/super-news.info\/es\/wp-json\/wp\/v2\/posts\/6651","targetHints":{"allow":["GET"]}}],"collection":[{"href":"https:\/\/super-news.info\/es\/wp-json\/wp\/v2\/posts"}],"about":[{"href":"https:\/\/super-news.info\/es\/wp-json\/wp\/v2\/types\/post"}],"author":[{"embeddable":true,"href":"https:\/\/super-news.info\/es\/wp-json\/wp\/v2\/users\/2"}],"replies":[{"embeddable":true,"href":"https:\/\/super-news.info\/es\/wp-json\/wp\/v2\/comments?post=6651"}],"version-history":[{"count":1,"href":"https:\/\/super-news.info\/es\/wp-json\/wp\/v2\/posts\/6651\/revisions"}],"predecessor-version":[{"id":6653,"href":"https:\/\/super-news.info\/es\/wp-json\/wp\/v2\/posts\/6651\/revisions\/6653"}],"wp:featuredmedia":[{"embeddable":true,"href":"https:\/\/super-news.info\/es\/wp-json\/wp\/v2\/media\/6652"}],"wp:attachment":[{"href":"https:\/\/super-news.info\/es\/wp-json\/wp\/v2\/media?parent=6651"}],"wp:term":[{"taxonomy":"category","embeddable":true,"href":"https:\/\/super-news.info\/es\/wp-json\/wp\/v2\/categories?post=6651"},{"taxonomy":"post_tag","embeddable":true,"href":"https:\/\/super-news.info\/es\/wp-json\/wp\/v2\/tags?post=6651"}],"curies":[{"name":"wp","href":"https:\/\/api.w.org\/{rel}","templated":true}]}}