{"id":6645,"date":"2019-07-18T16:28:12","date_gmt":"2019-07-18T13:28:12","guid":{"rendered":"https:\/\/super-news.info\/es\/el-gobierno-suma-300-millones-mas-a-los-2-000-millones-distribuidos-a-las-ccaa-para-politicas-de-empleo\/"},"modified":"2019-07-18T16:28:13","modified_gmt":"2019-07-18T13:28:13","slug":"el-gobierno-suma-300-millones-mas-a-los-2-000-millones-distribuidos-a-las-ccaa-para-politicas-de-empleo","status":"publish","type":"post","link":"https:\/\/super-news.info\/es\/el-gobierno-suma-300-millones-mas-a-los-2-000-millones-distribuidos-a-las-ccaa-para-politicas-de-empleo\/","title":{"rendered":"El Gobierno suma 300 millones m\u00e1s a los 2.000 millones distribuidos a las CCAA para pol\u00edticas de empleo"},"content":{"rendered":"<p> [ad_1]<\/p>\n<div id=\"CuerpoNoticiav2\" itemprop=\"articleBody\">\n<h3 class=\"subsubhead\">Aumenta un 9% respecto al a\u00f1o pasado<\/h3>\n<p>   MADRID, 18 Jul. (EUROPA PRESS) &#8211; <\/p>\n<p itemprop=\"description\">   El Gobierno y las Comunidades Aut\u00f3nomas (CCAA) han acordado la distribuci\u00f3n de 297 millones de euros adicionales para Pol\u00edticas Activas de Empleo, una cantidad que se suma a los 2.020 millones ya distribuidos con anterioridad.<\/p>\n<p>    La secretaria de Estado de Empleo, Yolanda Valdeolivas, ha presidido este jueves la 75 Conferencia Sectorial de Empleo y Asuntos Laborales en la que se han fijado los criterios de esta distribuci\u00f3n y que sumar\u00e1 este a\u00f1o un total de 2.317 millones de euros a este tipo de pol\u00edticas de fomento del empleo.<\/p>\n<p>   Esta cantidad final supone un incremento del 9% respecto a la cantidad distribuida en 2018 y casi duplica, en t\u00e9rminos porcentuales, el incremento que se produjo en 2018 respecto al a\u00f1o anterior.<\/p>\n<h2 class=\"ladillo\">PERSONAS CON DISCAPACIDAD<\/h2>\n<p>   Durante la Conferencia Sectorial se ha informado tambi\u00e9n sobre un proyecto de orden por el que se va a incrementar, con car\u00e1cter extraordinario, y \u00fanicamente para 2019, el porcentaje de las subvenciones destinadas al mantenimiento de puestos de trabajo de personas con discapacidad en los Centros Especiales de Empleo.<\/p>\n<p>   Estas ayudas vinculan su cuant\u00eda al Salario M\u00ednimo Interprofesional (SMI) vigente en cada momento, por lo que dichas subvenciones se han visto afectadas por la subida del SMI a 900 euros<br \/>para 2019.<\/p>\n<p>   De esta manera, Trabajo pretende incrementar el porcentaje de financiaci\u00f3n del 50% actual al 55% del SMI, pero solo en aquellas personas con discapacidad severa, lo que supone un aumento de 20 millones adicionales. Esta distribuci\u00f3n se realizar\u00e1 en el mes de octubre de manera directa a las CCAA.<\/p>\n<h2 class=\"ladillo\">PLAN DE FOMENTO DEL EMPLEO AGRARIO (PROFEA)<\/h2>\n<p>   Adem\u00e1s, en la Conferencia Sectorial se ha informado sobre otro proyecto de orden para modificar las bases para la concesi\u00f3n de subvenciones por parte del Servicio P\u00fablico de Empleo Estatal, en el \u00e1mbito de la colaboraci\u00f3n con las corporaciones locales para la contrataci\u00f3n de trabajadores desempleados en la realizaci\u00f3n de obras y servicios de inter\u00e9s general y social.<\/p>\n<p>   Se trata de una serie de modificaciones de car\u00e1cter t\u00e9cnico que han sido demandadas por las corporaciones locales. El primer cambio afecta al abono del anticipo del total de la subvenci\u00f3n concedida, una vez iniciada la obra y servicio.<\/p>\n<p>   La segunda modificaci\u00f3n supone una ampliaci\u00f3n del plazo m\u00e1ximo de ejecuci\u00f3n ordinario de las obras y servicios hasta el 30 de septiembre del ejercicio siguiente, pudi\u00e9ndose ampliar de manera extraordinaria y justificada hasta el 31 de diciembre; y la tercera es la ampliaci\u00f3n a dos meses del plazo de justificaci\u00f3n de las subvenciones concedidas.<\/p>\n<p>   Finalmente, en la Conferencia, se ha presentado la posibilidad a las CCAA de formalizar su adhesi\u00f3n al sistema de gesti\u00f3n del Servicio P\u00fablico de Empleo Estatal durante los ejercicios 2019 y 2020 y la cesi\u00f3n del uso de la aplicaci\u00f3n, propiedad del SEPE, con el objetivo de promover iniciativas de formaci\u00f3n profesional para el empleo dirigidas a dar respuesta a las necesidades de formaci\u00f3n para la adquisici\u00f3n, mejora y actualizaci\u00f3n permanente de las competencias y cualificaciones profesionales de la poblaci\u00f3n activa.<\/p>\n<\/div>\n<p>[ad_2]<br \/>\n<br \/><a href=\"https:\/\/www.europapress.es\/economia\/laboral-00346\/noticia-gobierno-suma-300-millones-mas-2000-millones-distribuidos-ccaa-politicas-empleo-20190718144319.html\">Source link <\/a><\/p>\n","protected":false},"excerpt":{"rendered":"<p>[ad_1] Aumenta un 9% respecto al a\u00f1o pasado MADRID, 18 Jul. (EUROPA PRESS) &#8211; El Gobierno y las Comunidades Aut\u00f3nomas (CCAA) han acordado la distribuci\u00f3n de 297 millones de euros adicionales para Pol\u00edticas Activas de Empleo, una cantidad que se suma a los 2.020 millones ya distribuidos con anterioridad. La secretaria de Estado de Empleo, [&hellip;]<\/p>\n","protected":false},"author":2,"featured_media":6646,"comment_status":"open","ping_status":"open","sticky":false,"template":"","format":"standard","meta":{"footnotes":""},"categories":[1],"tags":[],"class_list":["post-6645","post","type-post","status-publish","format-standard","has-post-thumbnail","hentry","category-noticias-financieras"],"yoast_head":"<!-- This site is optimized with the Yoast SEO plugin v27.4 - https:\/\/yoast.com\/product\/yoast-seo-wordpress\/ -->\n<title>El Gobierno suma 300 millones m\u00e1s a los 2.000 millones distribuidos a las CCAA para pol\u00edticas de empleo - Super News<\/title>\n<meta name=\"robots\" content=\"index, follow, max-snippet:-1, max-image-preview:large, max-video-preview:-1\" \/>\n<link rel=\"canonical\" href=\"https:\/\/super-news.info\/es\/el-gobierno-suma-300-millones-mas-a-los-2-000-millones-distribuidos-a-las-ccaa-para-politicas-de-empleo\/\" \/>\n<meta property=\"og:locale\" content=\"en_US\" \/>\n<meta property=\"og:type\" content=\"article\" \/>\n<meta property=\"og:title\" content=\"El Gobierno suma 300 millones m\u00e1s a los 2.000 millones distribuidos a las CCAA para pol\u00edticas de empleo - Super News\" \/>\n<meta property=\"og:description\" content=\"[ad_1] Aumenta un 9% respecto al a\u00f1o pasado MADRID, 18 Jul. (EUROPA PRESS) &#8211; El Gobierno y las Comunidades Aut\u00f3nomas (CCAA) han acordado la distribuci\u00f3n de 297 millones de euros adicionales para Pol\u00edticas Activas de Empleo, una cantidad que se suma a los 2.020 millones ya distribuidos con anterioridad. La secretaria de Estado de Empleo, [&hellip;]\" \/>\n<meta property=\"og:url\" content=\"https:\/\/super-news.info\/es\/el-gobierno-suma-300-millones-mas-a-los-2-000-millones-distribuidos-a-las-ccaa-para-politicas-de-empleo\/\" \/>\n<meta property=\"og:site_name\" content=\"Super News\" \/>\n<meta property=\"article:published_time\" content=\"2019-07-18T13:28:12+00:00\" \/>\n<meta property=\"article:modified_time\" content=\"2019-07-18T13:28:13+00:00\" \/>\n<meta property=\"og:image\" content=\"https:\/\/super-news.info\/es\/wp-content\/uploads\/sites\/4\/2019\/07\/El-Gobierno-suma-300-millones-m\u00e1s-a-los-2.000-millones.jpg\" \/>\n\t<meta property=\"og:image:width\" content=\"120\" \/>\n\t<meta property=\"og:image:height\" content=\"80\" \/>\n\t<meta property=\"og:image:type\" content=\"image\/jpeg\" \/>\n<meta name=\"author\" content=\"super-news\" \/>\n<meta name=\"twitter:card\" content=\"summary_large_image\" \/>\n<meta name=\"twitter:label1\" content=\"Written by\" \/>\n\t<meta name=\"twitter:data1\" content=\"super-news\" \/>\n\t<meta name=\"twitter:label2\" content=\"Est. reading time\" \/>\n\t<meta name=\"twitter:data2\" content=\"3 minutes\" \/>\n<script type=\"application\/ld+json\" class=\"yoast-schema-graph\">{\"@context\":\"https:\\\/\\\/schema.org\",\"@graph\":[{\"@type\":\"Article\",\"@id\":\"https:\\\/\\\/super-news.info\\\/es\\\/el-gobierno-suma-300-millones-mas-a-los-2-000-millones-distribuidos-a-las-ccaa-para-politicas-de-empleo\\\/#article\",\"isPartOf\":{\"@id\":\"https:\\\/\\\/super-news.info\\\/es\\\/el-gobierno-suma-300-millones-mas-a-los-2-000-millones-distribuidos-a-las-ccaa-para-politicas-de-empleo\\\/\"},\"author\":{\"name\":\"super-news\",\"@id\":\"https:\\\/\\\/super-news.info\\\/es\\\/#\\\/schema\\\/person\\\/2d4068cb2f39cd10008c2fce578a7356\"},\"headline\":\"El Gobierno suma 300 millones m\u00e1s a los 2.000 millones distribuidos a las CCAA para pol\u00edticas de empleo\",\"datePublished\":\"2019-07-18T13:28:12+00:00\",\"dateModified\":\"2019-07-18T13:28:13+00:00\",\"mainEntityOfPage\":{\"@id\":\"https:\\\/\\\/super-news.info\\\/es\\\/el-gobierno-suma-300-millones-mas-a-los-2-000-millones-distribuidos-a-las-ccaa-para-politicas-de-empleo\\\/\"},\"wordCount\":550,\"commentCount\":0,\"image\":{\"@id\":\"https:\\\/\\\/super-news.info\\\/es\\\/el-gobierno-suma-300-millones-mas-a-los-2-000-millones-distribuidos-a-las-ccaa-para-politicas-de-empleo\\\/#primaryimage\"},\"thumbnailUrl\":\"https:\\\/\\\/super-news.info\\\/es\\\/wp-content\\\/uploads\\\/sites\\\/4\\\/2019\\\/07\\\/El-Gobierno-suma-300-millones-m\u00e1s-a-los-2.000-millones.jpg\",\"articleSection\":[\"NOTICIAS FINANCIERAS\"],\"inLanguage\":\"en-US\",\"potentialAction\":[{\"@type\":\"CommentAction\",\"name\":\"Comment\",\"target\":[\"https:\\\/\\\/super-news.info\\\/es\\\/el-gobierno-suma-300-millones-mas-a-los-2-000-millones-distribuidos-a-las-ccaa-para-politicas-de-empleo\\\/#respond\"]}]},{\"@type\":\"WebPage\",\"@id\":\"https:\\\/\\\/super-news.info\\\/es\\\/el-gobierno-suma-300-millones-mas-a-los-2-000-millones-distribuidos-a-las-ccaa-para-politicas-de-empleo\\\/\",\"url\":\"https:\\\/\\\/super-news.info\\\/es\\\/el-gobierno-suma-300-millones-mas-a-los-2-000-millones-distribuidos-a-las-ccaa-para-politicas-de-empleo\\\/\",\"name\":\"El Gobierno suma 300 millones m\u00e1s a los 2.000 millones distribuidos a las CCAA para pol\u00edticas de empleo - Super News\",\"isPartOf\":{\"@id\":\"https:\\\/\\\/super-news.info\\\/es\\\/#website\"},\"primaryImageOfPage\":{\"@id\":\"https:\\\/\\\/super-news.info\\\/es\\\/el-gobierno-suma-300-millones-mas-a-los-2-000-millones-distribuidos-a-las-ccaa-para-politicas-de-empleo\\\/#primaryimage\"},\"image\":{\"@id\":\"https:\\\/\\\/super-news.info\\\/es\\\/el-gobierno-suma-300-millones-mas-a-los-2-000-millones-distribuidos-a-las-ccaa-para-politicas-de-empleo\\\/#primaryimage\"},\"thumbnailUrl\":\"https:\\\/\\\/super-news.info\\\/es\\\/wp-content\\\/uploads\\\/sites\\\/4\\\/2019\\\/07\\\/El-Gobierno-suma-300-millones-m\u00e1s-a-los-2.000-millones.jpg\",\"datePublished\":\"2019-07-18T13:28:12+00:00\",\"dateModified\":\"2019-07-18T13:28:13+00:00\",\"author\":{\"@id\":\"https:\\\/\\\/super-news.info\\\/es\\\/#\\\/schema\\\/person\\\/2d4068cb2f39cd10008c2fce578a7356\"},\"breadcrumb\":{\"@id\":\"https:\\\/\\\/super-news.info\\\/es\\\/el-gobierno-suma-300-millones-mas-a-los-2-000-millones-distribuidos-a-las-ccaa-para-politicas-de-empleo\\\/#breadcrumb\"},\"inLanguage\":\"en-US\",\"potentialAction\":[{\"@type\":\"ReadAction\",\"target\":[\"https:\\\/\\\/super-news.info\\\/es\\\/el-gobierno-suma-300-millones-mas-a-los-2-000-millones-distribuidos-a-las-ccaa-para-politicas-de-empleo\\\/\"]}]},{\"@type\":\"ImageObject\",\"inLanguage\":\"en-US\",\"@id\":\"https:\\\/\\\/super-news.info\\\/es\\\/el-gobierno-suma-300-millones-mas-a-los-2-000-millones-distribuidos-a-las-ccaa-para-politicas-de-empleo\\\/#primaryimage\",\"url\":\"https:\\\/\\\/super-news.info\\\/es\\\/wp-content\\\/uploads\\\/sites\\\/4\\\/2019\\\/07\\\/El-Gobierno-suma-300-millones-m\u00e1s-a-los-2.000-millones.jpg\",\"contentUrl\":\"https:\\\/\\\/super-news.info\\\/es\\\/wp-content\\\/uploads\\\/sites\\\/4\\\/2019\\\/07\\\/El-Gobierno-suma-300-millones-m\u00e1s-a-los-2.000-millones.jpg\",\"width\":120,\"height\":80,\"caption\":\"El Gobierno suma 300 millones m\u00e1s a los 2.000 millones distribuidos a las CCAA para pol\u00edticas de empleo\"},{\"@type\":\"BreadcrumbList\",\"@id\":\"https:\\\/\\\/super-news.info\\\/es\\\/el-gobierno-suma-300-millones-mas-a-los-2-000-millones-distribuidos-a-las-ccaa-para-politicas-de-empleo\\\/#breadcrumb\",\"itemListElement\":[{\"@type\":\"ListItem\",\"position\":1,\"name\":\"\u0413\u043b\u0430\u0432\u043d\u0430\u044f \u0441\u0442\u0440\u0430\u043d\u0438\u0446\u0430\",\"item\":\"https:\\\/\\\/super-news.info\\\/es\\\/\"},{\"@type\":\"ListItem\",\"position\":2,\"name\":\"El Gobierno suma 300 millones m\u00e1s a los 2.000 millones distribuidos a las CCAA para pol\u00edticas de empleo\"}]},{\"@type\":\"WebSite\",\"@id\":\"https:\\\/\\\/super-news.info\\\/es\\\/#website\",\"url\":\"https:\\\/\\\/super-news.info\\\/es\\\/\",\"name\":\"Super News\",\"description\":\"Super News Espa\u00f1a\",\"potentialAction\":[{\"@type\":\"SearchAction\",\"target\":{\"@type\":\"EntryPoint\",\"urlTemplate\":\"https:\\\/\\\/super-news.info\\\/es\\\/?s={search_term_string}\"},\"query-input\":{\"@type\":\"PropertyValueSpecification\",\"valueRequired\":true,\"valueName\":\"search_term_string\"}}],\"inLanguage\":\"en-US\"},{\"@type\":\"Person\",\"@id\":\"https:\\\/\\\/super-news.info\\\/es\\\/#\\\/schema\\\/person\\\/2d4068cb2f39cd10008c2fce578a7356\",\"name\":\"super-news\",\"image\":{\"@type\":\"ImageObject\",\"inLanguage\":\"en-US\",\"@id\":\"https:\\\/\\\/secure.gravatar.com\\\/avatar\\\/64ebac40b93f26a154f8a9b5b6fdccfc46f442b26b3dd6756dbff3bf9dc76fd7?s=96&d=mm&r=g\",\"url\":\"https:\\\/\\\/secure.gravatar.com\\\/avatar\\\/64ebac40b93f26a154f8a9b5b6fdccfc46f442b26b3dd6756dbff3bf9dc76fd7?s=96&d=mm&r=g\",\"contentUrl\":\"https:\\\/\\\/secure.gravatar.com\\\/avatar\\\/64ebac40b93f26a154f8a9b5b6fdccfc46f442b26b3dd6756dbff3bf9dc76fd7?s=96&d=mm&r=g\",\"caption\":\"super-news\"},\"url\":\"https:\\\/\\\/super-news.info\\\/es\\\/author\\\/pt\\\/\"}]}<\/script>\n<!-- \/ Yoast SEO plugin. -->","yoast_head_json":{"title":"El Gobierno suma 300 millones m\u00e1s a los 2.000 millones distribuidos a las CCAA para pol\u00edticas de empleo - Super News","robots":{"index":"index","follow":"follow","max-snippet":"max-snippet:-1","max-image-preview":"max-image-preview:large","max-video-preview":"max-video-preview:-1"},"canonical":"https:\/\/super-news.info\/es\/el-gobierno-suma-300-millones-mas-a-los-2-000-millones-distribuidos-a-las-ccaa-para-politicas-de-empleo\/","og_locale":"en_US","og_type":"article","og_title":"El Gobierno suma 300 millones m\u00e1s a los 2.000 millones distribuidos a las CCAA para pol\u00edticas de empleo - Super News","og_description":"[ad_1] Aumenta un 9% respecto al a\u00f1o pasado MADRID, 18 Jul. (EUROPA PRESS) &#8211; El Gobierno y las Comunidades Aut\u00f3nomas (CCAA) han acordado la distribuci\u00f3n de 297 millones de euros adicionales para Pol\u00edticas Activas de Empleo, una cantidad que se suma a los 2.020 millones ya distribuidos con anterioridad. La secretaria de Estado de Empleo, [&hellip;]","og_url":"https:\/\/super-news.info\/es\/el-gobierno-suma-300-millones-mas-a-los-2-000-millones-distribuidos-a-las-ccaa-para-politicas-de-empleo\/","og_site_name":"Super News","article_published_time":"2019-07-18T13:28:12+00:00","article_modified_time":"2019-07-18T13:28:13+00:00","og_image":[{"width":120,"height":80,"url":"https:\/\/super-news.info\/es\/wp-content\/uploads\/sites\/4\/2019\/07\/El-Gobierno-suma-300-millones-m\u00e1s-a-los-2.000-millones.jpg","type":"image\/jpeg"}],"author":"super-news","twitter_card":"summary_large_image","twitter_misc":{"Written by":"super-news","Est. reading time":"3 minutes"},"schema":{"@context":"https:\/\/schema.org","@graph":[{"@type":"Article","@id":"https:\/\/super-news.info\/es\/el-gobierno-suma-300-millones-mas-a-los-2-000-millones-distribuidos-a-las-ccaa-para-politicas-de-empleo\/#article","isPartOf":{"@id":"https:\/\/super-news.info\/es\/el-gobierno-suma-300-millones-mas-a-los-2-000-millones-distribuidos-a-las-ccaa-para-politicas-de-empleo\/"},"author":{"name":"super-news","@id":"https:\/\/super-news.info\/es\/#\/schema\/person\/2d4068cb2f39cd10008c2fce578a7356"},"headline":"El Gobierno suma 300 millones m\u00e1s a los 2.000 millones distribuidos a las CCAA para pol\u00edticas de empleo","datePublished":"2019-07-18T13:28:12+00:00","dateModified":"2019-07-18T13:28:13+00:00","mainEntityOfPage":{"@id":"https:\/\/super-news.info\/es\/el-gobierno-suma-300-millones-mas-a-los-2-000-millones-distribuidos-a-las-ccaa-para-politicas-de-empleo\/"},"wordCount":550,"commentCount":0,"image":{"@id":"https:\/\/super-news.info\/es\/el-gobierno-suma-300-millones-mas-a-los-2-000-millones-distribuidos-a-las-ccaa-para-politicas-de-empleo\/#primaryimage"},"thumbnailUrl":"https:\/\/super-news.info\/es\/wp-content\/uploads\/sites\/4\/2019\/07\/El-Gobierno-suma-300-millones-m\u00e1s-a-los-2.000-millones.jpg","articleSection":["NOTICIAS FINANCIERAS"],"inLanguage":"en-US","potentialAction":[{"@type":"CommentAction","name":"Comment","target":["https:\/\/super-news.info\/es\/el-gobierno-suma-300-millones-mas-a-los-2-000-millones-distribuidos-a-las-ccaa-para-politicas-de-empleo\/#respond"]}]},{"@type":"WebPage","@id":"https:\/\/super-news.info\/es\/el-gobierno-suma-300-millones-mas-a-los-2-000-millones-distribuidos-a-las-ccaa-para-politicas-de-empleo\/","url":"https:\/\/super-news.info\/es\/el-gobierno-suma-300-millones-mas-a-los-2-000-millones-distribuidos-a-las-ccaa-para-politicas-de-empleo\/","name":"El Gobierno suma 300 millones m\u00e1s a los 2.000 millones distribuidos a las CCAA para pol\u00edticas de empleo - Super News","isPartOf":{"@id":"https:\/\/super-news.info\/es\/#website"},"primaryImageOfPage":{"@id":"https:\/\/super-news.info\/es\/el-gobierno-suma-300-millones-mas-a-los-2-000-millones-distribuidos-a-las-ccaa-para-politicas-de-empleo\/#primaryimage"},"image":{"@id":"https:\/\/super-news.info\/es\/el-gobierno-suma-300-millones-mas-a-los-2-000-millones-distribuidos-a-las-ccaa-para-politicas-de-empleo\/#primaryimage"},"thumbnailUrl":"https:\/\/super-news.info\/es\/wp-content\/uploads\/sites\/4\/2019\/07\/El-Gobierno-suma-300-millones-m\u00e1s-a-los-2.000-millones.jpg","datePublished":"2019-07-18T13:28:12+00:00","dateModified":"2019-07-18T13:28:13+00:00","author":{"@id":"https:\/\/super-news.info\/es\/#\/schema\/person\/2d4068cb2f39cd10008c2fce578a7356"},"breadcrumb":{"@id":"https:\/\/super-news.info\/es\/el-gobierno-suma-300-millones-mas-a-los-2-000-millones-distribuidos-a-las-ccaa-para-politicas-de-empleo\/#breadcrumb"},"inLanguage":"en-US","potentialAction":[{"@type":"ReadAction","target":["https:\/\/super-news.info\/es\/el-gobierno-suma-300-millones-mas-a-los-2-000-millones-distribuidos-a-las-ccaa-para-politicas-de-empleo\/"]}]},{"@type":"ImageObject","inLanguage":"en-US","@id":"https:\/\/super-news.info\/es\/el-gobierno-suma-300-millones-mas-a-los-2-000-millones-distribuidos-a-las-ccaa-para-politicas-de-empleo\/#primaryimage","url":"https:\/\/super-news.info\/es\/wp-content\/uploads\/sites\/4\/2019\/07\/El-Gobierno-suma-300-millones-m\u00e1s-a-los-2.000-millones.jpg","contentUrl":"https:\/\/super-news.info\/es\/wp-content\/uploads\/sites\/4\/2019\/07\/El-Gobierno-suma-300-millones-m\u00e1s-a-los-2.000-millones.jpg","width":120,"height":80,"caption":"El Gobierno suma 300 millones m\u00e1s a los 2.000 millones distribuidos a las CCAA para pol\u00edticas de empleo"},{"@type":"BreadcrumbList","@id":"https:\/\/super-news.info\/es\/el-gobierno-suma-300-millones-mas-a-los-2-000-millones-distribuidos-a-las-ccaa-para-politicas-de-empleo\/#breadcrumb","itemListElement":[{"@type":"ListItem","position":1,"name":"\u0413\u043b\u0430\u0432\u043d\u0430\u044f \u0441\u0442\u0440\u0430\u043d\u0438\u0446\u0430","item":"https:\/\/super-news.info\/es\/"},{"@type":"ListItem","position":2,"name":"El Gobierno suma 300 millones m\u00e1s a los 2.000 millones distribuidos a las CCAA para pol\u00edticas de empleo"}]},{"@type":"WebSite","@id":"https:\/\/super-news.info\/es\/#website","url":"https:\/\/super-news.info\/es\/","name":"Super News","description":"Super News Espa\u00f1a","potentialAction":[{"@type":"SearchAction","target":{"@type":"EntryPoint","urlTemplate":"https:\/\/super-news.info\/es\/?s={search_term_string}"},"query-input":{"@type":"PropertyValueSpecification","valueRequired":true,"valueName":"search_term_string"}}],"inLanguage":"en-US"},{"@type":"Person","@id":"https:\/\/super-news.info\/es\/#\/schema\/person\/2d4068cb2f39cd10008c2fce578a7356","name":"super-news","image":{"@type":"ImageObject","inLanguage":"en-US","@id":"https:\/\/secure.gravatar.com\/avatar\/64ebac40b93f26a154f8a9b5b6fdccfc46f442b26b3dd6756dbff3bf9dc76fd7?s=96&d=mm&r=g","url":"https:\/\/secure.gravatar.com\/avatar\/64ebac40b93f26a154f8a9b5b6fdccfc46f442b26b3dd6756dbff3bf9dc76fd7?s=96&d=mm&r=g","contentUrl":"https:\/\/secure.gravatar.com\/avatar\/64ebac40b93f26a154f8a9b5b6fdccfc46f442b26b3dd6756dbff3bf9dc76fd7?s=96&d=mm&r=g","caption":"super-news"},"url":"https:\/\/super-news.info\/es\/author\/pt\/"}]}},"_links":{"self":[{"href":"https:\/\/super-news.info\/es\/wp-json\/wp\/v2\/posts\/6645","targetHints":{"allow":["GET"]}}],"collection":[{"href":"https:\/\/super-news.info\/es\/wp-json\/wp\/v2\/posts"}],"about":[{"href":"https:\/\/super-news.info\/es\/wp-json\/wp\/v2\/types\/post"}],"author":[{"embeddable":true,"href":"https:\/\/super-news.info\/es\/wp-json\/wp\/v2\/users\/2"}],"replies":[{"embeddable":true,"href":"https:\/\/super-news.info\/es\/wp-json\/wp\/v2\/comments?post=6645"}],"version-history":[{"count":1,"href":"https:\/\/super-news.info\/es\/wp-json\/wp\/v2\/posts\/6645\/revisions"}],"predecessor-version":[{"id":6647,"href":"https:\/\/super-news.info\/es\/wp-json\/wp\/v2\/posts\/6645\/revisions\/6647"}],"wp:featuredmedia":[{"embeddable":true,"href":"https:\/\/super-news.info\/es\/wp-json\/wp\/v2\/media\/6646"}],"wp:attachment":[{"href":"https:\/\/super-news.info\/es\/wp-json\/wp\/v2\/media?parent=6645"}],"wp:term":[{"taxonomy":"category","embeddable":true,"href":"https:\/\/super-news.info\/es\/wp-json\/wp\/v2\/categories?post=6645"},{"taxonomy":"post_tag","embeddable":true,"href":"https:\/\/super-news.info\/es\/wp-json\/wp\/v2\/tags?post=6645"}],"curies":[{"name":"wp","href":"https:\/\/api.w.org\/{rel}","templated":true}]}}