{"id":6639,"date":"2019-07-18T15:21:14","date_gmt":"2019-07-18T12:21:14","guid":{"rendered":"https:\/\/super-news.info\/es\/la-airef-estima-ahora-que-el-deficit-cerrara-este-ano-en-el-2-en-linea-con-las-previsiones-del-gobierno\/"},"modified":"2019-07-18T15:21:15","modified_gmt":"2019-07-18T12:21:15","slug":"la-airef-estima-ahora-que-el-deficit-cerrara-este-ano-en-el-2-en-linea-con-las-previsiones-del-gobierno","status":"publish","type":"post","link":"https:\/\/super-news.info\/es\/la-airef-estima-ahora-que-el-deficit-cerrara-este-ano-en-el-2-en-linea-con-las-previsiones-del-gobierno\/","title":{"rendered":"La AIReF estima ahora que el d\u00e9ficit cerrar\u00e1 este a\u00f1o en el 2%, en l\u00ednea con las previsiones del Gobierno"},"content":{"rendered":"<p> [ad_1]<br \/>\n<\/p>\n<div id=\"CuerpoNoticiav2\" itemprop=\"articleBody\">\n<p>MADRID, 18 Jul. (EUROPA PRESS) &#8211; <\/p>\n<p itemprop=\"description\">   La Autoridad Independiente de Responsabilidad Fiscal (AIReF) prev\u00e9 que el d\u00e9ficit p\u00fablico cierre este ejercicio en el 2% del PIB, dos d\u00e9cimas menos de lo que estimaba en caso de que se hubiese aprobado el proyecto presupuestario y gracias en parte al cierre de 2018, con lo que su estimaci\u00f3n iguala el objetivo que se ha marcado el Gobierno para este a\u00f1o.<\/p>\n<p>   As\u00ed figura en el informe sobre presupuestos iniciales de las administraciones p\u00fablicas en 2019, publicado este jueves por el organismo, que atribuye la revisi\u00f3n del dato al mejor comportamiento de la Administraci\u00f3n Central, especialmente por una mejor evoluci\u00f3n del Estado.<\/p>\n<p>   La AIReF ha explicado que en la distribuci\u00f3n sectorial hay cierta compensaci\u00f3n. As\u00ed, ha destacado que ha mejorado la previsi\u00f3n estatal y de la Seguridad Social, pero se ha producido un &#8220;deterioro moderado&#8221; en la previsi\u00f3n de las comunidades aut\u00f3nomas y ayuntamientos.<\/p>\n<p>   De hecho, fuentes de la autoridad han asegurado que la din\u00e1mica de gasto en el caso de algunas comunidades aut\u00f3nomas es &#8220;m\u00e1s intensa&#8221; de lo que esperaban. En el caso de la Administraci\u00f3n Central, ha habido una mejora del -1% al -0,6%, gracias a la mayor subida de los ingresos por cotizaciones sociales y a la liquidaci\u00f3n del IRPF, que ha sido mejor de lo que se esperaba.<\/p>\n<h2 class=\"ladillo\">((HABR\u00c1 AMPLIACI\u00d3N))<\/h2>\n<\/div>\n<p>[ad_2]<br \/>\n<br \/><a href=\"https:\/\/www.europapress.es\/economia\/macroeconomia-00338\/noticia-airef-estima-ahora-deficit-cerrara-ano-linea-previsiones-gobierno-20190718141016.html\">Source link <\/a><\/p>\n","protected":false},"excerpt":{"rendered":"<p>[ad_1] MADRID, 18 Jul. (EUROPA PRESS) &#8211; La Autoridad Independiente de Responsabilidad Fiscal (AIReF) prev\u00e9 que el d\u00e9ficit p\u00fablico cierre este ejercicio en el 2% del PIB, dos d\u00e9cimas menos de lo que estimaba en caso de que se hubiese aprobado el proyecto presupuestario y gracias en parte al cierre de 2018, con lo que [&hellip;]<\/p>\n","protected":false},"author":2,"featured_media":6640,"comment_status":"open","ping_status":"open","sticky":false,"template":"","format":"standard","meta":{"footnotes":""},"categories":[1],"tags":[],"class_list":["post-6639","post","type-post","status-publish","format-standard","has-post-thumbnail","hentry","category-noticias-financieras"],"yoast_head":"<!-- This site is optimized with the Yoast SEO plugin v27.4 - https:\/\/yoast.com\/product\/yoast-seo-wordpress\/ -->\n<title>La AIReF estima ahora que el d\u00e9ficit cerrar\u00e1 este a\u00f1o en el 2%, en l\u00ednea con las previsiones del Gobierno - Super News<\/title>\n<meta name=\"robots\" content=\"index, follow, max-snippet:-1, max-image-preview:large, max-video-preview:-1\" \/>\n<link rel=\"canonical\" href=\"https:\/\/super-news.info\/es\/la-airef-estima-ahora-que-el-deficit-cerrara-este-ano-en-el-2-en-linea-con-las-previsiones-del-gobierno\/\" \/>\n<meta property=\"og:locale\" content=\"en_US\" \/>\n<meta property=\"og:type\" content=\"article\" \/>\n<meta property=\"og:title\" content=\"La AIReF estima ahora que el d\u00e9ficit cerrar\u00e1 este a\u00f1o en el 2%, en l\u00ednea con las previsiones del Gobierno - Super News\" \/>\n<meta property=\"og:description\" content=\"[ad_1] MADRID, 18 Jul. (EUROPA PRESS) &#8211; La Autoridad Independiente de Responsabilidad Fiscal (AIReF) prev\u00e9 que el d\u00e9ficit p\u00fablico cierre este ejercicio en el 2% del PIB, dos d\u00e9cimas menos de lo que estimaba en caso de que se hubiese aprobado el proyecto presupuestario y gracias en parte al cierre de 2018, con lo que [&hellip;]\" \/>\n<meta property=\"og:url\" content=\"https:\/\/super-news.info\/es\/la-airef-estima-ahora-que-el-deficit-cerrara-este-ano-en-el-2-en-linea-con-las-previsiones-del-gobierno\/\" \/>\n<meta property=\"og:site_name\" content=\"Super News\" \/>\n<meta property=\"article:published_time\" content=\"2019-07-18T12:21:14+00:00\" \/>\n<meta property=\"article:modified_time\" content=\"2019-07-18T12:21:15+00:00\" \/>\n<meta property=\"og:image\" content=\"https:\/\/super-news.info\/es\/wp-content\/uploads\/sites\/4\/2019\/07\/La-AIReF-estima-ahora-que-el-d\u00e9ficit-cerrar\u00e1-este-a\u00f1o.jpg\" \/>\n\t<meta property=\"og:image:width\" content=\"800\" \/>\n\t<meta property=\"og:image:height\" content=\"534\" \/>\n\t<meta property=\"og:image:type\" content=\"image\/jpeg\" \/>\n<meta name=\"author\" content=\"super-news\" \/>\n<meta name=\"twitter:card\" content=\"summary_large_image\" \/>\n<meta name=\"twitter:label1\" content=\"Written by\" \/>\n\t<meta name=\"twitter:data1\" content=\"super-news\" \/>\n\t<meta name=\"twitter:label2\" content=\"Est. reading time\" \/>\n\t<meta name=\"twitter:data2\" content=\"1 minute\" \/>\n<script type=\"application\/ld+json\" class=\"yoast-schema-graph\">{\"@context\":\"https:\\\/\\\/schema.org\",\"@graph\":[{\"@type\":\"Article\",\"@id\":\"https:\\\/\\\/super-news.info\\\/es\\\/la-airef-estima-ahora-que-el-deficit-cerrara-este-ano-en-el-2-en-linea-con-las-previsiones-del-gobierno\\\/#article\",\"isPartOf\":{\"@id\":\"https:\\\/\\\/super-news.info\\\/es\\\/la-airef-estima-ahora-que-el-deficit-cerrara-este-ano-en-el-2-en-linea-con-las-previsiones-del-gobierno\\\/\"},\"author\":{\"name\":\"super-news\",\"@id\":\"https:\\\/\\\/super-news.info\\\/es\\\/#\\\/schema\\\/person\\\/2d4068cb2f39cd10008c2fce578a7356\"},\"headline\":\"La AIReF estima ahora que el d\u00e9ficit cerrar\u00e1 este a\u00f1o en el 2%, en l\u00ednea con las previsiones del Gobierno\",\"datePublished\":\"2019-07-18T12:21:14+00:00\",\"dateModified\":\"2019-07-18T12:21:15+00:00\",\"mainEntityOfPage\":{\"@id\":\"https:\\\/\\\/super-news.info\\\/es\\\/la-airef-estima-ahora-que-el-deficit-cerrara-este-ano-en-el-2-en-linea-con-las-previsiones-del-gobierno\\\/\"},\"wordCount\":262,\"commentCount\":0,\"image\":{\"@id\":\"https:\\\/\\\/super-news.info\\\/es\\\/la-airef-estima-ahora-que-el-deficit-cerrara-este-ano-en-el-2-en-linea-con-las-previsiones-del-gobierno\\\/#primaryimage\"},\"thumbnailUrl\":\"https:\\\/\\\/super-news.info\\\/es\\\/wp-content\\\/uploads\\\/sites\\\/4\\\/2019\\\/07\\\/La-AIReF-estima-ahora-que-el-d\u00e9ficit-cerrar\u00e1-este-a\u00f1o.jpg\",\"articleSection\":[\"NOTICIAS FINANCIERAS\"],\"inLanguage\":\"en-US\",\"potentialAction\":[{\"@type\":\"CommentAction\",\"name\":\"Comment\",\"target\":[\"https:\\\/\\\/super-news.info\\\/es\\\/la-airef-estima-ahora-que-el-deficit-cerrara-este-ano-en-el-2-en-linea-con-las-previsiones-del-gobierno\\\/#respond\"]}]},{\"@type\":\"WebPage\",\"@id\":\"https:\\\/\\\/super-news.info\\\/es\\\/la-airef-estima-ahora-que-el-deficit-cerrara-este-ano-en-el-2-en-linea-con-las-previsiones-del-gobierno\\\/\",\"url\":\"https:\\\/\\\/super-news.info\\\/es\\\/la-airef-estima-ahora-que-el-deficit-cerrara-este-ano-en-el-2-en-linea-con-las-previsiones-del-gobierno\\\/\",\"name\":\"La AIReF estima ahora que el d\u00e9ficit cerrar\u00e1 este a\u00f1o en el 2%, en l\u00ednea con las previsiones del Gobierno - Super News\",\"isPartOf\":{\"@id\":\"https:\\\/\\\/super-news.info\\\/es\\\/#website\"},\"primaryImageOfPage\":{\"@id\":\"https:\\\/\\\/super-news.info\\\/es\\\/la-airef-estima-ahora-que-el-deficit-cerrara-este-ano-en-el-2-en-linea-con-las-previsiones-del-gobierno\\\/#primaryimage\"},\"image\":{\"@id\":\"https:\\\/\\\/super-news.info\\\/es\\\/la-airef-estima-ahora-que-el-deficit-cerrara-este-ano-en-el-2-en-linea-con-las-previsiones-del-gobierno\\\/#primaryimage\"},\"thumbnailUrl\":\"https:\\\/\\\/super-news.info\\\/es\\\/wp-content\\\/uploads\\\/sites\\\/4\\\/2019\\\/07\\\/La-AIReF-estima-ahora-que-el-d\u00e9ficit-cerrar\u00e1-este-a\u00f1o.jpg\",\"datePublished\":\"2019-07-18T12:21:14+00:00\",\"dateModified\":\"2019-07-18T12:21:15+00:00\",\"author\":{\"@id\":\"https:\\\/\\\/super-news.info\\\/es\\\/#\\\/schema\\\/person\\\/2d4068cb2f39cd10008c2fce578a7356\"},\"breadcrumb\":{\"@id\":\"https:\\\/\\\/super-news.info\\\/es\\\/la-airef-estima-ahora-que-el-deficit-cerrara-este-ano-en-el-2-en-linea-con-las-previsiones-del-gobierno\\\/#breadcrumb\"},\"inLanguage\":\"en-US\",\"potentialAction\":[{\"@type\":\"ReadAction\",\"target\":[\"https:\\\/\\\/super-news.info\\\/es\\\/la-airef-estima-ahora-que-el-deficit-cerrara-este-ano-en-el-2-en-linea-con-las-previsiones-del-gobierno\\\/\"]}]},{\"@type\":\"ImageObject\",\"inLanguage\":\"en-US\",\"@id\":\"https:\\\/\\\/super-news.info\\\/es\\\/la-airef-estima-ahora-que-el-deficit-cerrara-este-ano-en-el-2-en-linea-con-las-previsiones-del-gobierno\\\/#primaryimage\",\"url\":\"https:\\\/\\\/super-news.info\\\/es\\\/wp-content\\\/uploads\\\/sites\\\/4\\\/2019\\\/07\\\/La-AIReF-estima-ahora-que-el-d\u00e9ficit-cerrar\u00e1-este-a\u00f1o.jpg\",\"contentUrl\":\"https:\\\/\\\/super-news.info\\\/es\\\/wp-content\\\/uploads\\\/sites\\\/4\\\/2019\\\/07\\\/La-AIReF-estima-ahora-que-el-d\u00e9ficit-cerrar\u00e1-este-a\u00f1o.jpg\",\"width\":800,\"height\":534,\"caption\":\"La AIReF estima ahora que el d\u00e9ficit cerrar\u00e1 este a\u00f1o en el 2%, en l\u00ednea con las previsiones del Gobierno\"},{\"@type\":\"BreadcrumbList\",\"@id\":\"https:\\\/\\\/super-news.info\\\/es\\\/la-airef-estima-ahora-que-el-deficit-cerrara-este-ano-en-el-2-en-linea-con-las-previsiones-del-gobierno\\\/#breadcrumb\",\"itemListElement\":[{\"@type\":\"ListItem\",\"position\":1,\"name\":\"\u0413\u043b\u0430\u0432\u043d\u0430\u044f \u0441\u0442\u0440\u0430\u043d\u0438\u0446\u0430\",\"item\":\"https:\\\/\\\/super-news.info\\\/es\\\/\"},{\"@type\":\"ListItem\",\"position\":2,\"name\":\"La AIReF estima ahora que el d\u00e9ficit cerrar\u00e1 este a\u00f1o en el 2%, en l\u00ednea con las previsiones del Gobierno\"}]},{\"@type\":\"WebSite\",\"@id\":\"https:\\\/\\\/super-news.info\\\/es\\\/#website\",\"url\":\"https:\\\/\\\/super-news.info\\\/es\\\/\",\"name\":\"Super News\",\"description\":\"Super News Espa\u00f1a\",\"potentialAction\":[{\"@type\":\"SearchAction\",\"target\":{\"@type\":\"EntryPoint\",\"urlTemplate\":\"https:\\\/\\\/super-news.info\\\/es\\\/?s={search_term_string}\"},\"query-input\":{\"@type\":\"PropertyValueSpecification\",\"valueRequired\":true,\"valueName\":\"search_term_string\"}}],\"inLanguage\":\"en-US\"},{\"@type\":\"Person\",\"@id\":\"https:\\\/\\\/super-news.info\\\/es\\\/#\\\/schema\\\/person\\\/2d4068cb2f39cd10008c2fce578a7356\",\"name\":\"super-news\",\"image\":{\"@type\":\"ImageObject\",\"inLanguage\":\"en-US\",\"@id\":\"https:\\\/\\\/secure.gravatar.com\\\/avatar\\\/64ebac40b93f26a154f8a9b5b6fdccfc46f442b26b3dd6756dbff3bf9dc76fd7?s=96&d=mm&r=g\",\"url\":\"https:\\\/\\\/secure.gravatar.com\\\/avatar\\\/64ebac40b93f26a154f8a9b5b6fdccfc46f442b26b3dd6756dbff3bf9dc76fd7?s=96&d=mm&r=g\",\"contentUrl\":\"https:\\\/\\\/secure.gravatar.com\\\/avatar\\\/64ebac40b93f26a154f8a9b5b6fdccfc46f442b26b3dd6756dbff3bf9dc76fd7?s=96&d=mm&r=g\",\"caption\":\"super-news\"},\"url\":\"https:\\\/\\\/super-news.info\\\/es\\\/author\\\/pt\\\/\"}]}<\/script>\n<!-- \/ Yoast SEO plugin. -->","yoast_head_json":{"title":"La AIReF estima ahora que el d\u00e9ficit cerrar\u00e1 este a\u00f1o en el 2%, en l\u00ednea con las previsiones del Gobierno - Super News","robots":{"index":"index","follow":"follow","max-snippet":"max-snippet:-1","max-image-preview":"max-image-preview:large","max-video-preview":"max-video-preview:-1"},"canonical":"https:\/\/super-news.info\/es\/la-airef-estima-ahora-que-el-deficit-cerrara-este-ano-en-el-2-en-linea-con-las-previsiones-del-gobierno\/","og_locale":"en_US","og_type":"article","og_title":"La AIReF estima ahora que el d\u00e9ficit cerrar\u00e1 este a\u00f1o en el 2%, en l\u00ednea con las previsiones del Gobierno - Super News","og_description":"[ad_1] MADRID, 18 Jul. (EUROPA PRESS) &#8211; La Autoridad Independiente de Responsabilidad Fiscal (AIReF) prev\u00e9 que el d\u00e9ficit p\u00fablico cierre este ejercicio en el 2% del PIB, dos d\u00e9cimas menos de lo que estimaba en caso de que se hubiese aprobado el proyecto presupuestario y gracias en parte al cierre de 2018, con lo que [&hellip;]","og_url":"https:\/\/super-news.info\/es\/la-airef-estima-ahora-que-el-deficit-cerrara-este-ano-en-el-2-en-linea-con-las-previsiones-del-gobierno\/","og_site_name":"Super News","article_published_time":"2019-07-18T12:21:14+00:00","article_modified_time":"2019-07-18T12:21:15+00:00","og_image":[{"width":800,"height":534,"url":"https:\/\/super-news.info\/es\/wp-content\/uploads\/sites\/4\/2019\/07\/La-AIReF-estima-ahora-que-el-d\u00e9ficit-cerrar\u00e1-este-a\u00f1o.jpg","type":"image\/jpeg"}],"author":"super-news","twitter_card":"summary_large_image","twitter_misc":{"Written by":"super-news","Est. reading time":"1 minute"},"schema":{"@context":"https:\/\/schema.org","@graph":[{"@type":"Article","@id":"https:\/\/super-news.info\/es\/la-airef-estima-ahora-que-el-deficit-cerrara-este-ano-en-el-2-en-linea-con-las-previsiones-del-gobierno\/#article","isPartOf":{"@id":"https:\/\/super-news.info\/es\/la-airef-estima-ahora-que-el-deficit-cerrara-este-ano-en-el-2-en-linea-con-las-previsiones-del-gobierno\/"},"author":{"name":"super-news","@id":"https:\/\/super-news.info\/es\/#\/schema\/person\/2d4068cb2f39cd10008c2fce578a7356"},"headline":"La AIReF estima ahora que el d\u00e9ficit cerrar\u00e1 este a\u00f1o en el 2%, en l\u00ednea con las previsiones del Gobierno","datePublished":"2019-07-18T12:21:14+00:00","dateModified":"2019-07-18T12:21:15+00:00","mainEntityOfPage":{"@id":"https:\/\/super-news.info\/es\/la-airef-estima-ahora-que-el-deficit-cerrara-este-ano-en-el-2-en-linea-con-las-previsiones-del-gobierno\/"},"wordCount":262,"commentCount":0,"image":{"@id":"https:\/\/super-news.info\/es\/la-airef-estima-ahora-que-el-deficit-cerrara-este-ano-en-el-2-en-linea-con-las-previsiones-del-gobierno\/#primaryimage"},"thumbnailUrl":"https:\/\/super-news.info\/es\/wp-content\/uploads\/sites\/4\/2019\/07\/La-AIReF-estima-ahora-que-el-d\u00e9ficit-cerrar\u00e1-este-a\u00f1o.jpg","articleSection":["NOTICIAS FINANCIERAS"],"inLanguage":"en-US","potentialAction":[{"@type":"CommentAction","name":"Comment","target":["https:\/\/super-news.info\/es\/la-airef-estima-ahora-que-el-deficit-cerrara-este-ano-en-el-2-en-linea-con-las-previsiones-del-gobierno\/#respond"]}]},{"@type":"WebPage","@id":"https:\/\/super-news.info\/es\/la-airef-estima-ahora-que-el-deficit-cerrara-este-ano-en-el-2-en-linea-con-las-previsiones-del-gobierno\/","url":"https:\/\/super-news.info\/es\/la-airef-estima-ahora-que-el-deficit-cerrara-este-ano-en-el-2-en-linea-con-las-previsiones-del-gobierno\/","name":"La AIReF estima ahora que el d\u00e9ficit cerrar\u00e1 este a\u00f1o en el 2%, en l\u00ednea con las previsiones del Gobierno - Super News","isPartOf":{"@id":"https:\/\/super-news.info\/es\/#website"},"primaryImageOfPage":{"@id":"https:\/\/super-news.info\/es\/la-airef-estima-ahora-que-el-deficit-cerrara-este-ano-en-el-2-en-linea-con-las-previsiones-del-gobierno\/#primaryimage"},"image":{"@id":"https:\/\/super-news.info\/es\/la-airef-estima-ahora-que-el-deficit-cerrara-este-ano-en-el-2-en-linea-con-las-previsiones-del-gobierno\/#primaryimage"},"thumbnailUrl":"https:\/\/super-news.info\/es\/wp-content\/uploads\/sites\/4\/2019\/07\/La-AIReF-estima-ahora-que-el-d\u00e9ficit-cerrar\u00e1-este-a\u00f1o.jpg","datePublished":"2019-07-18T12:21:14+00:00","dateModified":"2019-07-18T12:21:15+00:00","author":{"@id":"https:\/\/super-news.info\/es\/#\/schema\/person\/2d4068cb2f39cd10008c2fce578a7356"},"breadcrumb":{"@id":"https:\/\/super-news.info\/es\/la-airef-estima-ahora-que-el-deficit-cerrara-este-ano-en-el-2-en-linea-con-las-previsiones-del-gobierno\/#breadcrumb"},"inLanguage":"en-US","potentialAction":[{"@type":"ReadAction","target":["https:\/\/super-news.info\/es\/la-airef-estima-ahora-que-el-deficit-cerrara-este-ano-en-el-2-en-linea-con-las-previsiones-del-gobierno\/"]}]},{"@type":"ImageObject","inLanguage":"en-US","@id":"https:\/\/super-news.info\/es\/la-airef-estima-ahora-que-el-deficit-cerrara-este-ano-en-el-2-en-linea-con-las-previsiones-del-gobierno\/#primaryimage","url":"https:\/\/super-news.info\/es\/wp-content\/uploads\/sites\/4\/2019\/07\/La-AIReF-estima-ahora-que-el-d\u00e9ficit-cerrar\u00e1-este-a\u00f1o.jpg","contentUrl":"https:\/\/super-news.info\/es\/wp-content\/uploads\/sites\/4\/2019\/07\/La-AIReF-estima-ahora-que-el-d\u00e9ficit-cerrar\u00e1-este-a\u00f1o.jpg","width":800,"height":534,"caption":"La AIReF estima ahora que el d\u00e9ficit cerrar\u00e1 este a\u00f1o en el 2%, en l\u00ednea con las previsiones del Gobierno"},{"@type":"BreadcrumbList","@id":"https:\/\/super-news.info\/es\/la-airef-estima-ahora-que-el-deficit-cerrara-este-ano-en-el-2-en-linea-con-las-previsiones-del-gobierno\/#breadcrumb","itemListElement":[{"@type":"ListItem","position":1,"name":"\u0413\u043b\u0430\u0432\u043d\u0430\u044f \u0441\u0442\u0440\u0430\u043d\u0438\u0446\u0430","item":"https:\/\/super-news.info\/es\/"},{"@type":"ListItem","position":2,"name":"La AIReF estima ahora que el d\u00e9ficit cerrar\u00e1 este a\u00f1o en el 2%, en l\u00ednea con las previsiones del Gobierno"}]},{"@type":"WebSite","@id":"https:\/\/super-news.info\/es\/#website","url":"https:\/\/super-news.info\/es\/","name":"Super News","description":"Super News Espa\u00f1a","potentialAction":[{"@type":"SearchAction","target":{"@type":"EntryPoint","urlTemplate":"https:\/\/super-news.info\/es\/?s={search_term_string}"},"query-input":{"@type":"PropertyValueSpecification","valueRequired":true,"valueName":"search_term_string"}}],"inLanguage":"en-US"},{"@type":"Person","@id":"https:\/\/super-news.info\/es\/#\/schema\/person\/2d4068cb2f39cd10008c2fce578a7356","name":"super-news","image":{"@type":"ImageObject","inLanguage":"en-US","@id":"https:\/\/secure.gravatar.com\/avatar\/64ebac40b93f26a154f8a9b5b6fdccfc46f442b26b3dd6756dbff3bf9dc76fd7?s=96&d=mm&r=g","url":"https:\/\/secure.gravatar.com\/avatar\/64ebac40b93f26a154f8a9b5b6fdccfc46f442b26b3dd6756dbff3bf9dc76fd7?s=96&d=mm&r=g","contentUrl":"https:\/\/secure.gravatar.com\/avatar\/64ebac40b93f26a154f8a9b5b6fdccfc46f442b26b3dd6756dbff3bf9dc76fd7?s=96&d=mm&r=g","caption":"super-news"},"url":"https:\/\/super-news.info\/es\/author\/pt\/"}]}},"_links":{"self":[{"href":"https:\/\/super-news.info\/es\/wp-json\/wp\/v2\/posts\/6639","targetHints":{"allow":["GET"]}}],"collection":[{"href":"https:\/\/super-news.info\/es\/wp-json\/wp\/v2\/posts"}],"about":[{"href":"https:\/\/super-news.info\/es\/wp-json\/wp\/v2\/types\/post"}],"author":[{"embeddable":true,"href":"https:\/\/super-news.info\/es\/wp-json\/wp\/v2\/users\/2"}],"replies":[{"embeddable":true,"href":"https:\/\/super-news.info\/es\/wp-json\/wp\/v2\/comments?post=6639"}],"version-history":[{"count":1,"href":"https:\/\/super-news.info\/es\/wp-json\/wp\/v2\/posts\/6639\/revisions"}],"predecessor-version":[{"id":6641,"href":"https:\/\/super-news.info\/es\/wp-json\/wp\/v2\/posts\/6639\/revisions\/6641"}],"wp:featuredmedia":[{"embeddable":true,"href":"https:\/\/super-news.info\/es\/wp-json\/wp\/v2\/media\/6640"}],"wp:attachment":[{"href":"https:\/\/super-news.info\/es\/wp-json\/wp\/v2\/media?parent=6639"}],"wp:term":[{"taxonomy":"category","embeddable":true,"href":"https:\/\/super-news.info\/es\/wp-json\/wp\/v2\/categories?post=6639"},{"taxonomy":"post_tag","embeddable":true,"href":"https:\/\/super-news.info\/es\/wp-json\/wp\/v2\/tags?post=6639"}],"curies":[{"name":"wp","href":"https:\/\/api.w.org\/{rel}","templated":true}]}}