{"id":6625,"date":"2019-07-18T12:01:05","date_gmt":"2019-07-18T09:01:05","guid":{"rendered":"https:\/\/super-news.info\/es\/valerio-insiste-en-la-colaboracion-de-gobiernos-empresarios-y-sindicatos-para-tener-un-crecimiento-inclusivo\/"},"modified":"2019-07-18T12:01:06","modified_gmt":"2019-07-18T09:01:06","slug":"valerio-insiste-en-la-colaboracion-de-gobiernos-empresarios-y-sindicatos-para-tener-un-crecimiento-inclusivo","status":"publish","type":"post","link":"https:\/\/super-news.info\/es\/valerio-insiste-en-la-colaboracion-de-gobiernos-empresarios-y-sindicatos-para-tener-un-crecimiento-inclusivo\/","title":{"rendered":"Valerio insiste en la colaboraci\u00f3n de gobiernos, empresarios y sindicatos para tener un crecimiento inclusivo"},"content":{"rendered":"<p> [ad_1]<br \/>\n<\/p>\n<div id=\"CuerpoNoticiav2\" itemprop=\"articleBody\">\n<p>MADRID, 18 Jul. (EUROPA PRESS) &#8211; <\/p>\n<p itemprop=\"description\">   La ministra de Trabajo, Migraciones y Seguridad Social, Magadalena Valerio, ha insistido en la relevancia de la colaboraci\u00f3n de los gobiernos, empresarios y sindicatos en favor de un crecimiento inclusivo y centrado en las personas.<\/p>\n<p>   As\u00ed lo ha se\u00f1alado Valerio durante su intervenci\u00f3n en el foro &#8216;El Di\u00e1logo Empresarial sobre el Objetivo del Desarrollo Sostenible 8: Compromisos del sector privado para el crecimiento econ\u00f3mico y el trabajo decente&#8217; en Nueva York.<\/p>\n<p>   Para Valerio, las empresas tienen un papel fundamental en la consecuci\u00f3n de los objetivos de desarrollo sostenible. Adem\u00e1s, ha recordado el compromiso de las empresas en el desarrollo econ\u00f3mico y el respeto a los derechos fundamentales a nivel nacional e internacional.<\/p>\n<p>   &#8220;Tenemos que aprovechar el impulso innovador del sector privado y conseguir una mejor integraci\u00f3n con los esfuerzos desplegados por las pol\u00edticas p\u00fablicas para avanzar hacia una econom\u00eda y un mercado de trabajo basados en el empleo decente&#8221;, ha a\u00f1adido.<\/p>\n<p>   Por otro lado, la titular del ministerio ha defendido que la transici\u00f3n hacia una econom\u00eda neutral con respecto al clima tiene que ser gestionada de forma justa y solidaria, combinando pol\u00edticas de energ\u00eda y clima con pol\u00edticas de crecimiento y empleo.<\/p>\n<\/div>\n<p>[ad_2]<br \/>\n<br \/><a href=\"https:\/\/www.europapress.es\/economia\/laboral-00346\/noticia-valerio-insiste-colaboracion-gobiernos-empresarios-sindicatos-tener-crecimiento-inclusivo-20190718105236.html\">Source link <\/a><\/p>\n","protected":false},"excerpt":{"rendered":"<p>[ad_1] MADRID, 18 Jul. (EUROPA PRESS) &#8211; La ministra de Trabajo, Migraciones y Seguridad Social, Magadalena Valerio, ha insistido en la relevancia de la colaboraci\u00f3n de los gobiernos, empresarios y sindicatos en favor de un crecimiento inclusivo y centrado en las personas. As\u00ed lo ha se\u00f1alado Valerio durante su intervenci\u00f3n en el foro &#8216;El Di\u00e1logo [&hellip;]<\/p>\n","protected":false},"author":2,"featured_media":180,"comment_status":"open","ping_status":"open","sticky":false,"template":"","format":"standard","meta":{"footnotes":""},"categories":[1],"tags":[],"class_list":["post-6625","post","type-post","status-publish","format-standard","has-post-thumbnail","hentry","category-noticias-financieras"],"yoast_head":"<!-- This site is optimized with the Yoast SEO plugin v27.4 - https:\/\/yoast.com\/product\/yoast-seo-wordpress\/ -->\n<title>Valerio insiste en la colaboraci\u00f3n de gobiernos, empresarios y sindicatos para tener un crecimiento inclusivo - Super News<\/title>\n<meta name=\"robots\" content=\"index, follow, max-snippet:-1, max-image-preview:large, max-video-preview:-1\" \/>\n<link rel=\"canonical\" href=\"https:\/\/super-news.info\/es\/valerio-insiste-en-la-colaboracion-de-gobiernos-empresarios-y-sindicatos-para-tener-un-crecimiento-inclusivo\/\" \/>\n<meta property=\"og:locale\" content=\"en_US\" \/>\n<meta property=\"og:type\" content=\"article\" \/>\n<meta property=\"og:title\" content=\"Valerio insiste en la colaboraci\u00f3n de gobiernos, empresarios y sindicatos para tener un crecimiento inclusivo - Super News\" \/>\n<meta property=\"og:description\" content=\"[ad_1] MADRID, 18 Jul. (EUROPA PRESS) &#8211; La ministra de Trabajo, Migraciones y Seguridad Social, Magadalena Valerio, ha insistido en la relevancia de la colaboraci\u00f3n de los gobiernos, empresarios y sindicatos en favor de un crecimiento inclusivo y centrado en las personas. As\u00ed lo ha se\u00f1alado Valerio durante su intervenci\u00f3n en el foro &#8216;El Di\u00e1logo [&hellip;]\" \/>\n<meta property=\"og:url\" content=\"https:\/\/super-news.info\/es\/valerio-insiste-en-la-colaboracion-de-gobiernos-empresarios-y-sindicatos-para-tener-un-crecimiento-inclusivo\/\" \/>\n<meta property=\"og:site_name\" content=\"Super News\" \/>\n<meta property=\"article:published_time\" content=\"2019-07-18T09:01:05+00:00\" \/>\n<meta property=\"article:modified_time\" content=\"2019-07-18T09:01:06+00:00\" \/>\n<meta property=\"og:image\" content=\"https:\/\/super-news.info\/es\/wp-content\/uploads\/sites\/4\/2019\/04\/La-tasa-de-empleo-de-la-OCDE-registr\u00f3-un-r\u00e9cord.jpg\" \/>\n\t<meta property=\"og:image:width\" content=\"1024\" \/>\n\t<meta property=\"og:image:height\" content=\"512\" \/>\n\t<meta property=\"og:image:type\" content=\"image\/jpeg\" \/>\n<meta name=\"author\" content=\"super-news\" \/>\n<meta name=\"twitter:card\" content=\"summary_large_image\" \/>\n<meta name=\"twitter:label1\" content=\"Written by\" \/>\n\t<meta name=\"twitter:data1\" content=\"super-news\" \/>\n\t<meta name=\"twitter:label2\" content=\"Est. reading time\" \/>\n\t<meta name=\"twitter:data2\" content=\"1 minute\" \/>\n<script type=\"application\/ld+json\" class=\"yoast-schema-graph\">{\"@context\":\"https:\\\/\\\/schema.org\",\"@graph\":[{\"@type\":\"Article\",\"@id\":\"https:\\\/\\\/super-news.info\\\/es\\\/valerio-insiste-en-la-colaboracion-de-gobiernos-empresarios-y-sindicatos-para-tener-un-crecimiento-inclusivo\\\/#article\",\"isPartOf\":{\"@id\":\"https:\\\/\\\/super-news.info\\\/es\\\/valerio-insiste-en-la-colaboracion-de-gobiernos-empresarios-y-sindicatos-para-tener-un-crecimiento-inclusivo\\\/\"},\"author\":{\"name\":\"super-news\",\"@id\":\"https:\\\/\\\/super-news.info\\\/es\\\/#\\\/schema\\\/person\\\/2d4068cb2f39cd10008c2fce578a7356\"},\"headline\":\"Valerio insiste en la colaboraci\u00f3n de gobiernos, empresarios y sindicatos para tener un crecimiento inclusivo\",\"datePublished\":\"2019-07-18T09:01:05+00:00\",\"dateModified\":\"2019-07-18T09:01:06+00:00\",\"mainEntityOfPage\":{\"@id\":\"https:\\\/\\\/super-news.info\\\/es\\\/valerio-insiste-en-la-colaboracion-de-gobiernos-empresarios-y-sindicatos-para-tener-un-crecimiento-inclusivo\\\/\"},\"wordCount\":234,\"commentCount\":0,\"image\":{\"@id\":\"https:\\\/\\\/super-news.info\\\/es\\\/valerio-insiste-en-la-colaboracion-de-gobiernos-empresarios-y-sindicatos-para-tener-un-crecimiento-inclusivo\\\/#primaryimage\"},\"thumbnailUrl\":\"https:\\\/\\\/super-news.info\\\/es\\\/wp-content\\\/uploads\\\/sites\\\/4\\\/2019\\\/04\\\/La-tasa-de-empleo-de-la-OCDE-registr\u00f3-un-r\u00e9cord.jpg\",\"articleSection\":[\"NOTICIAS FINANCIERAS\"],\"inLanguage\":\"en-US\",\"potentialAction\":[{\"@type\":\"CommentAction\",\"name\":\"Comment\",\"target\":[\"https:\\\/\\\/super-news.info\\\/es\\\/valerio-insiste-en-la-colaboracion-de-gobiernos-empresarios-y-sindicatos-para-tener-un-crecimiento-inclusivo\\\/#respond\"]}]},{\"@type\":\"WebPage\",\"@id\":\"https:\\\/\\\/super-news.info\\\/es\\\/valerio-insiste-en-la-colaboracion-de-gobiernos-empresarios-y-sindicatos-para-tener-un-crecimiento-inclusivo\\\/\",\"url\":\"https:\\\/\\\/super-news.info\\\/es\\\/valerio-insiste-en-la-colaboracion-de-gobiernos-empresarios-y-sindicatos-para-tener-un-crecimiento-inclusivo\\\/\",\"name\":\"Valerio insiste en la colaboraci\u00f3n de gobiernos, empresarios y sindicatos para tener un crecimiento inclusivo - Super News\",\"isPartOf\":{\"@id\":\"https:\\\/\\\/super-news.info\\\/es\\\/#website\"},\"primaryImageOfPage\":{\"@id\":\"https:\\\/\\\/super-news.info\\\/es\\\/valerio-insiste-en-la-colaboracion-de-gobiernos-empresarios-y-sindicatos-para-tener-un-crecimiento-inclusivo\\\/#primaryimage\"},\"image\":{\"@id\":\"https:\\\/\\\/super-news.info\\\/es\\\/valerio-insiste-en-la-colaboracion-de-gobiernos-empresarios-y-sindicatos-para-tener-un-crecimiento-inclusivo\\\/#primaryimage\"},\"thumbnailUrl\":\"https:\\\/\\\/super-news.info\\\/es\\\/wp-content\\\/uploads\\\/sites\\\/4\\\/2019\\\/04\\\/La-tasa-de-empleo-de-la-OCDE-registr\u00f3-un-r\u00e9cord.jpg\",\"datePublished\":\"2019-07-18T09:01:05+00:00\",\"dateModified\":\"2019-07-18T09:01:06+00:00\",\"author\":{\"@id\":\"https:\\\/\\\/super-news.info\\\/es\\\/#\\\/schema\\\/person\\\/2d4068cb2f39cd10008c2fce578a7356\"},\"breadcrumb\":{\"@id\":\"https:\\\/\\\/super-news.info\\\/es\\\/valerio-insiste-en-la-colaboracion-de-gobiernos-empresarios-y-sindicatos-para-tener-un-crecimiento-inclusivo\\\/#breadcrumb\"},\"inLanguage\":\"en-US\",\"potentialAction\":[{\"@type\":\"ReadAction\",\"target\":[\"https:\\\/\\\/super-news.info\\\/es\\\/valerio-insiste-en-la-colaboracion-de-gobiernos-empresarios-y-sindicatos-para-tener-un-crecimiento-inclusivo\\\/\"]}]},{\"@type\":\"ImageObject\",\"inLanguage\":\"en-US\",\"@id\":\"https:\\\/\\\/super-news.info\\\/es\\\/valerio-insiste-en-la-colaboracion-de-gobiernos-empresarios-y-sindicatos-para-tener-un-crecimiento-inclusivo\\\/#primaryimage\",\"url\":\"https:\\\/\\\/super-news.info\\\/es\\\/wp-content\\\/uploads\\\/sites\\\/4\\\/2019\\\/04\\\/La-tasa-de-empleo-de-la-OCDE-registr\u00f3-un-r\u00e9cord.jpg\",\"contentUrl\":\"https:\\\/\\\/super-news.info\\\/es\\\/wp-content\\\/uploads\\\/sites\\\/4\\\/2019\\\/04\\\/La-tasa-de-empleo-de-la-OCDE-registr\u00f3-un-r\u00e9cord.jpg\",\"width\":1024,\"height\":512,\"caption\":\"La tasa de empleo de la OCDE registr\u00f3 un r\u00e9cord del 68,6% al cierre de 2018\"},{\"@type\":\"BreadcrumbList\",\"@id\":\"https:\\\/\\\/super-news.info\\\/es\\\/valerio-insiste-en-la-colaboracion-de-gobiernos-empresarios-y-sindicatos-para-tener-un-crecimiento-inclusivo\\\/#breadcrumb\",\"itemListElement\":[{\"@type\":\"ListItem\",\"position\":1,\"name\":\"\u0413\u043b\u0430\u0432\u043d\u0430\u044f \u0441\u0442\u0440\u0430\u043d\u0438\u0446\u0430\",\"item\":\"https:\\\/\\\/super-news.info\\\/es\\\/\"},{\"@type\":\"ListItem\",\"position\":2,\"name\":\"Valerio insiste en la colaboraci\u00f3n de gobiernos, empresarios y sindicatos para tener un crecimiento inclusivo\"}]},{\"@type\":\"WebSite\",\"@id\":\"https:\\\/\\\/super-news.info\\\/es\\\/#website\",\"url\":\"https:\\\/\\\/super-news.info\\\/es\\\/\",\"name\":\"Super News\",\"description\":\"Super News Espa\u00f1a\",\"potentialAction\":[{\"@type\":\"SearchAction\",\"target\":{\"@type\":\"EntryPoint\",\"urlTemplate\":\"https:\\\/\\\/super-news.info\\\/es\\\/?s={search_term_string}\"},\"query-input\":{\"@type\":\"PropertyValueSpecification\",\"valueRequired\":true,\"valueName\":\"search_term_string\"}}],\"inLanguage\":\"en-US\"},{\"@type\":\"Person\",\"@id\":\"https:\\\/\\\/super-news.info\\\/es\\\/#\\\/schema\\\/person\\\/2d4068cb2f39cd10008c2fce578a7356\",\"name\":\"super-news\",\"image\":{\"@type\":\"ImageObject\",\"inLanguage\":\"en-US\",\"@id\":\"https:\\\/\\\/secure.gravatar.com\\\/avatar\\\/64ebac40b93f26a154f8a9b5b6fdccfc46f442b26b3dd6756dbff3bf9dc76fd7?s=96&d=mm&r=g\",\"url\":\"https:\\\/\\\/secure.gravatar.com\\\/avatar\\\/64ebac40b93f26a154f8a9b5b6fdccfc46f442b26b3dd6756dbff3bf9dc76fd7?s=96&d=mm&r=g\",\"contentUrl\":\"https:\\\/\\\/secure.gravatar.com\\\/avatar\\\/64ebac40b93f26a154f8a9b5b6fdccfc46f442b26b3dd6756dbff3bf9dc76fd7?s=96&d=mm&r=g\",\"caption\":\"super-news\"},\"url\":\"https:\\\/\\\/super-news.info\\\/es\\\/author\\\/pt\\\/\"}]}<\/script>\n<!-- \/ Yoast SEO plugin. -->","yoast_head_json":{"title":"Valerio insiste en la colaboraci\u00f3n de gobiernos, empresarios y sindicatos para tener un crecimiento inclusivo - Super News","robots":{"index":"index","follow":"follow","max-snippet":"max-snippet:-1","max-image-preview":"max-image-preview:large","max-video-preview":"max-video-preview:-1"},"canonical":"https:\/\/super-news.info\/es\/valerio-insiste-en-la-colaboracion-de-gobiernos-empresarios-y-sindicatos-para-tener-un-crecimiento-inclusivo\/","og_locale":"en_US","og_type":"article","og_title":"Valerio insiste en la colaboraci\u00f3n de gobiernos, empresarios y sindicatos para tener un crecimiento inclusivo - Super News","og_description":"[ad_1] MADRID, 18 Jul. (EUROPA PRESS) &#8211; La ministra de Trabajo, Migraciones y Seguridad Social, Magadalena Valerio, ha insistido en la relevancia de la colaboraci\u00f3n de los gobiernos, empresarios y sindicatos en favor de un crecimiento inclusivo y centrado en las personas. As\u00ed lo ha se\u00f1alado Valerio durante su intervenci\u00f3n en el foro &#8216;El Di\u00e1logo [&hellip;]","og_url":"https:\/\/super-news.info\/es\/valerio-insiste-en-la-colaboracion-de-gobiernos-empresarios-y-sindicatos-para-tener-un-crecimiento-inclusivo\/","og_site_name":"Super News","article_published_time":"2019-07-18T09:01:05+00:00","article_modified_time":"2019-07-18T09:01:06+00:00","og_image":[{"width":1024,"height":512,"url":"https:\/\/super-news.info\/es\/wp-content\/uploads\/sites\/4\/2019\/04\/La-tasa-de-empleo-de-la-OCDE-registr\u00f3-un-r\u00e9cord.jpg","type":"image\/jpeg"}],"author":"super-news","twitter_card":"summary_large_image","twitter_misc":{"Written by":"super-news","Est. reading time":"1 minute"},"schema":{"@context":"https:\/\/schema.org","@graph":[{"@type":"Article","@id":"https:\/\/super-news.info\/es\/valerio-insiste-en-la-colaboracion-de-gobiernos-empresarios-y-sindicatos-para-tener-un-crecimiento-inclusivo\/#article","isPartOf":{"@id":"https:\/\/super-news.info\/es\/valerio-insiste-en-la-colaboracion-de-gobiernos-empresarios-y-sindicatos-para-tener-un-crecimiento-inclusivo\/"},"author":{"name":"super-news","@id":"https:\/\/super-news.info\/es\/#\/schema\/person\/2d4068cb2f39cd10008c2fce578a7356"},"headline":"Valerio insiste en la colaboraci\u00f3n de gobiernos, empresarios y sindicatos para tener un crecimiento inclusivo","datePublished":"2019-07-18T09:01:05+00:00","dateModified":"2019-07-18T09:01:06+00:00","mainEntityOfPage":{"@id":"https:\/\/super-news.info\/es\/valerio-insiste-en-la-colaboracion-de-gobiernos-empresarios-y-sindicatos-para-tener-un-crecimiento-inclusivo\/"},"wordCount":234,"commentCount":0,"image":{"@id":"https:\/\/super-news.info\/es\/valerio-insiste-en-la-colaboracion-de-gobiernos-empresarios-y-sindicatos-para-tener-un-crecimiento-inclusivo\/#primaryimage"},"thumbnailUrl":"https:\/\/super-news.info\/es\/wp-content\/uploads\/sites\/4\/2019\/04\/La-tasa-de-empleo-de-la-OCDE-registr\u00f3-un-r\u00e9cord.jpg","articleSection":["NOTICIAS FINANCIERAS"],"inLanguage":"en-US","potentialAction":[{"@type":"CommentAction","name":"Comment","target":["https:\/\/super-news.info\/es\/valerio-insiste-en-la-colaboracion-de-gobiernos-empresarios-y-sindicatos-para-tener-un-crecimiento-inclusivo\/#respond"]}]},{"@type":"WebPage","@id":"https:\/\/super-news.info\/es\/valerio-insiste-en-la-colaboracion-de-gobiernos-empresarios-y-sindicatos-para-tener-un-crecimiento-inclusivo\/","url":"https:\/\/super-news.info\/es\/valerio-insiste-en-la-colaboracion-de-gobiernos-empresarios-y-sindicatos-para-tener-un-crecimiento-inclusivo\/","name":"Valerio insiste en la colaboraci\u00f3n de gobiernos, empresarios y sindicatos para tener un crecimiento inclusivo - Super News","isPartOf":{"@id":"https:\/\/super-news.info\/es\/#website"},"primaryImageOfPage":{"@id":"https:\/\/super-news.info\/es\/valerio-insiste-en-la-colaboracion-de-gobiernos-empresarios-y-sindicatos-para-tener-un-crecimiento-inclusivo\/#primaryimage"},"image":{"@id":"https:\/\/super-news.info\/es\/valerio-insiste-en-la-colaboracion-de-gobiernos-empresarios-y-sindicatos-para-tener-un-crecimiento-inclusivo\/#primaryimage"},"thumbnailUrl":"https:\/\/super-news.info\/es\/wp-content\/uploads\/sites\/4\/2019\/04\/La-tasa-de-empleo-de-la-OCDE-registr\u00f3-un-r\u00e9cord.jpg","datePublished":"2019-07-18T09:01:05+00:00","dateModified":"2019-07-18T09:01:06+00:00","author":{"@id":"https:\/\/super-news.info\/es\/#\/schema\/person\/2d4068cb2f39cd10008c2fce578a7356"},"breadcrumb":{"@id":"https:\/\/super-news.info\/es\/valerio-insiste-en-la-colaboracion-de-gobiernos-empresarios-y-sindicatos-para-tener-un-crecimiento-inclusivo\/#breadcrumb"},"inLanguage":"en-US","potentialAction":[{"@type":"ReadAction","target":["https:\/\/super-news.info\/es\/valerio-insiste-en-la-colaboracion-de-gobiernos-empresarios-y-sindicatos-para-tener-un-crecimiento-inclusivo\/"]}]},{"@type":"ImageObject","inLanguage":"en-US","@id":"https:\/\/super-news.info\/es\/valerio-insiste-en-la-colaboracion-de-gobiernos-empresarios-y-sindicatos-para-tener-un-crecimiento-inclusivo\/#primaryimage","url":"https:\/\/super-news.info\/es\/wp-content\/uploads\/sites\/4\/2019\/04\/La-tasa-de-empleo-de-la-OCDE-registr\u00f3-un-r\u00e9cord.jpg","contentUrl":"https:\/\/super-news.info\/es\/wp-content\/uploads\/sites\/4\/2019\/04\/La-tasa-de-empleo-de-la-OCDE-registr\u00f3-un-r\u00e9cord.jpg","width":1024,"height":512,"caption":"La tasa de empleo de la OCDE registr\u00f3 un r\u00e9cord del 68,6% al cierre de 2018"},{"@type":"BreadcrumbList","@id":"https:\/\/super-news.info\/es\/valerio-insiste-en-la-colaboracion-de-gobiernos-empresarios-y-sindicatos-para-tener-un-crecimiento-inclusivo\/#breadcrumb","itemListElement":[{"@type":"ListItem","position":1,"name":"\u0413\u043b\u0430\u0432\u043d\u0430\u044f \u0441\u0442\u0440\u0430\u043d\u0438\u0446\u0430","item":"https:\/\/super-news.info\/es\/"},{"@type":"ListItem","position":2,"name":"Valerio insiste en la colaboraci\u00f3n de gobiernos, empresarios y sindicatos para tener un crecimiento inclusivo"}]},{"@type":"WebSite","@id":"https:\/\/super-news.info\/es\/#website","url":"https:\/\/super-news.info\/es\/","name":"Super News","description":"Super News Espa\u00f1a","potentialAction":[{"@type":"SearchAction","target":{"@type":"EntryPoint","urlTemplate":"https:\/\/super-news.info\/es\/?s={search_term_string}"},"query-input":{"@type":"PropertyValueSpecification","valueRequired":true,"valueName":"search_term_string"}}],"inLanguage":"en-US"},{"@type":"Person","@id":"https:\/\/super-news.info\/es\/#\/schema\/person\/2d4068cb2f39cd10008c2fce578a7356","name":"super-news","image":{"@type":"ImageObject","inLanguage":"en-US","@id":"https:\/\/secure.gravatar.com\/avatar\/64ebac40b93f26a154f8a9b5b6fdccfc46f442b26b3dd6756dbff3bf9dc76fd7?s=96&d=mm&r=g","url":"https:\/\/secure.gravatar.com\/avatar\/64ebac40b93f26a154f8a9b5b6fdccfc46f442b26b3dd6756dbff3bf9dc76fd7?s=96&d=mm&r=g","contentUrl":"https:\/\/secure.gravatar.com\/avatar\/64ebac40b93f26a154f8a9b5b6fdccfc46f442b26b3dd6756dbff3bf9dc76fd7?s=96&d=mm&r=g","caption":"super-news"},"url":"https:\/\/super-news.info\/es\/author\/pt\/"}]}},"_links":{"self":[{"href":"https:\/\/super-news.info\/es\/wp-json\/wp\/v2\/posts\/6625","targetHints":{"allow":["GET"]}}],"collection":[{"href":"https:\/\/super-news.info\/es\/wp-json\/wp\/v2\/posts"}],"about":[{"href":"https:\/\/super-news.info\/es\/wp-json\/wp\/v2\/types\/post"}],"author":[{"embeddable":true,"href":"https:\/\/super-news.info\/es\/wp-json\/wp\/v2\/users\/2"}],"replies":[{"embeddable":true,"href":"https:\/\/super-news.info\/es\/wp-json\/wp\/v2\/comments?post=6625"}],"version-history":[{"count":1,"href":"https:\/\/super-news.info\/es\/wp-json\/wp\/v2\/posts\/6625\/revisions"}],"predecessor-version":[{"id":6626,"href":"https:\/\/super-news.info\/es\/wp-json\/wp\/v2\/posts\/6625\/revisions\/6626"}],"wp:featuredmedia":[{"embeddable":true,"href":"https:\/\/super-news.info\/es\/wp-json\/wp\/v2\/media\/180"}],"wp:attachment":[{"href":"https:\/\/super-news.info\/es\/wp-json\/wp\/v2\/media?parent=6625"}],"wp:term":[{"taxonomy":"category","embeddable":true,"href":"https:\/\/super-news.info\/es\/wp-json\/wp\/v2\/categories?post=6625"},{"taxonomy":"post_tag","embeddable":true,"href":"https:\/\/super-news.info\/es\/wp-json\/wp\/v2\/tags?post=6625"}],"curies":[{"name":"wp","href":"https:\/\/api.w.org\/{rel}","templated":true}]}}