{"id":6598,"date":"2019-07-18T01:49:22","date_gmt":"2019-07-17T22:49:22","guid":{"rendered":"https:\/\/super-news.info\/es\/calvino-reconoce-que-si-ha-hablado-con-sanchez-sobre-la-presidencia-del-fmi-aunque-no-aclara-en-que-terminos\/"},"modified":"2019-07-18T01:49:23","modified_gmt":"2019-07-17T22:49:23","slug":"calvino-reconoce-que-si-ha-hablado-con-sanchez-sobre-la-presidencia-del-fmi-aunque-no-aclara-en-que-terminos","status":"publish","type":"post","link":"https:\/\/super-news.info\/es\/calvino-reconoce-que-si-ha-hablado-con-sanchez-sobre-la-presidencia-del-fmi-aunque-no-aclara-en-que-terminos\/","title":{"rendered":"Calvi\u00f1o reconoce que s\u00ed ha hablado con S\u00e1nchez sobre la presidencia del FMI, aunque no aclara en qu\u00e9 t\u00e9rminos"},"content":{"rendered":"<p> [ad_1]<\/p>\n<div id=\"CuerpoNoticiav2\" itemprop=\"articleBody\">\n<p>MADRID, 17 Jul. (EUROPA PRESS) &#8211; <\/p>\n<p itemprop=\"description\">   La ministra de Econom\u00eda y Empresa en funciones, Nadia Calvi\u00f1o, ha reconocido que s\u00ed ha hablado con el presidente del Gobierno en funciones, Pedro S\u00e1nchez, sobre la posibilidad de optar a la presidencia del Fondo Monetario Internacional (FMI) tras la renuncia de Christine Lagarde al cargo para presidir el Banco Central Europeo (BCE).<\/p>\n<p>   No obstante, Calvi\u00f1o no ha aclarado en qu\u00e9 t\u00e9rminos se ha producido dicha conversaci\u00f3n con S\u00e1nchez, en la que no se ha planteado si el presidente la postular\u00e1 para suceder a la francesa al frente del FMI. &#8220;No se ha planteado en esos t\u00e9rminos la conversaci\u00f3n&#8221;, ha se\u00f1alado en declaraciones a la Cadena Ser recogidas por Europa Press.<\/p>\n<p>   En este sentido, la ministra ha afirmado que S\u00e1nchez apoyar\u00eda a cualquier ministro que pudiera tener la posibilidad de acceder a un cargo as\u00ed de importante.<\/p>\n<p>   &#8220;Ahora se abre un proceso y vamos a ver c\u00f3mo se desarrolla, yo estoy muy contenta como ministra de Econom\u00eda y Empresa; no est\u00e1 entre mis planes cambiar de trabajo&#8221;, ha afirmado Calvi\u00f1o.    <\/p>\n<p>   Por \u00faltimo, ha alabado el trabajo realizado por Lagarde en el FMI y su profesionalidad al frente de la instituci\u00f3n y ha considerado que es una &#8220;buena&#8221; noticia que ahora presida el BCE. &#8220;Me parece que es una profesional extraordinaria que ha hecho un trabajo fant\u00e1stico, sobre todo cuando la crisis griega y que ha sido muy importante para Europa su papel en el FMI&#8221;, ha resaltado.<\/p>\n<\/div>\n<p>[ad_2]<br \/>\n<br \/><a href=\"https:\/\/www.europapress.es\/economia\/macroeconomia-00338\/noticia-calvino-reconoce-si-hablado-sanchez-presidencia-fmi-no-aclara-terminos-20190717104204.html\">Source link <\/a><\/p>\n","protected":false},"excerpt":{"rendered":"<p>[ad_1] MADRID, 17 Jul. (EUROPA PRESS) &#8211; La ministra de Econom\u00eda y Empresa en funciones, Nadia Calvi\u00f1o, ha reconocido que s\u00ed ha hablado con el presidente del Gobierno en funciones, Pedro S\u00e1nchez, sobre la posibilidad de optar a la presidencia del Fondo Monetario Internacional (FMI) tras la renuncia de Christine Lagarde al cargo para presidir [&hellip;]<\/p>\n","protected":false},"author":2,"featured_media":6599,"comment_status":"open","ping_status":"open","sticky":false,"template":"","format":"standard","meta":{"footnotes":""},"categories":[1],"tags":[],"class_list":["post-6598","post","type-post","status-publish","format-standard","has-post-thumbnail","hentry","category-noticias-financieras"],"yoast_head":"<!-- This site is optimized with the Yoast SEO plugin v27.4 - https:\/\/yoast.com\/product\/yoast-seo-wordpress\/ -->\n<title>Calvi\u00f1o reconoce que s\u00ed ha hablado con S\u00e1nchez sobre la presidencia del FMI, aunque no aclara en qu\u00e9 t\u00e9rminos - Super News<\/title>\n<meta name=\"robots\" content=\"index, follow, max-snippet:-1, max-image-preview:large, max-video-preview:-1\" \/>\n<link rel=\"canonical\" href=\"https:\/\/super-news.info\/es\/calvino-reconoce-que-si-ha-hablado-con-sanchez-sobre-la-presidencia-del-fmi-aunque-no-aclara-en-que-terminos\/\" \/>\n<meta property=\"og:locale\" content=\"en_US\" \/>\n<meta property=\"og:type\" content=\"article\" \/>\n<meta property=\"og:title\" content=\"Calvi\u00f1o reconoce que s\u00ed ha hablado con S\u00e1nchez sobre la presidencia del FMI, aunque no aclara en qu\u00e9 t\u00e9rminos - Super News\" \/>\n<meta property=\"og:description\" content=\"[ad_1] MADRID, 17 Jul. (EUROPA PRESS) &#8211; La ministra de Econom\u00eda y Empresa en funciones, Nadia Calvi\u00f1o, ha reconocido que s\u00ed ha hablado con el presidente del Gobierno en funciones, Pedro S\u00e1nchez, sobre la posibilidad de optar a la presidencia del Fondo Monetario Internacional (FMI) tras la renuncia de Christine Lagarde al cargo para presidir [&hellip;]\" \/>\n<meta property=\"og:url\" content=\"https:\/\/super-news.info\/es\/calvino-reconoce-que-si-ha-hablado-con-sanchez-sobre-la-presidencia-del-fmi-aunque-no-aclara-en-que-terminos\/\" \/>\n<meta property=\"og:site_name\" content=\"Super News\" \/>\n<meta property=\"article:published_time\" content=\"2019-07-17T22:49:22+00:00\" \/>\n<meta property=\"article:modified_time\" content=\"2019-07-17T22:49:23+00:00\" \/>\n<meta property=\"og:image\" content=\"https:\/\/super-news.info\/es\/wp-content\/uploads\/sites\/4\/2019\/07\/Calvi\u00f1o-reconoce-que-s\u00ed-ha-hablado-con-S\u00e1nchez-sobre-la.jpg\" \/>\n\t<meta property=\"og:image:width\" content=\"120\" \/>\n\t<meta property=\"og:image:height\" content=\"84\" \/>\n\t<meta property=\"og:image:type\" content=\"image\/jpeg\" \/>\n<meta name=\"author\" content=\"super-news\" \/>\n<meta name=\"twitter:card\" content=\"summary_large_image\" \/>\n<meta name=\"twitter:label1\" content=\"Written by\" \/>\n\t<meta name=\"twitter:data1\" content=\"super-news\" \/>\n\t<meta name=\"twitter:label2\" content=\"Est. reading time\" \/>\n\t<meta name=\"twitter:data2\" content=\"1 minute\" \/>\n<script type=\"application\/ld+json\" class=\"yoast-schema-graph\">{\"@context\":\"https:\\\/\\\/schema.org\",\"@graph\":[{\"@type\":\"Article\",\"@id\":\"https:\\\/\\\/super-news.info\\\/es\\\/calvino-reconoce-que-si-ha-hablado-con-sanchez-sobre-la-presidencia-del-fmi-aunque-no-aclara-en-que-terminos\\\/#article\",\"isPartOf\":{\"@id\":\"https:\\\/\\\/super-news.info\\\/es\\\/calvino-reconoce-que-si-ha-hablado-con-sanchez-sobre-la-presidencia-del-fmi-aunque-no-aclara-en-que-terminos\\\/\"},\"author\":{\"name\":\"super-news\",\"@id\":\"https:\\\/\\\/super-news.info\\\/es\\\/#\\\/schema\\\/person\\\/2d4068cb2f39cd10008c2fce578a7356\"},\"headline\":\"Calvi\u00f1o reconoce que s\u00ed ha hablado con S\u00e1nchez sobre la presidencia del FMI, aunque no aclara en qu\u00e9 t\u00e9rminos\",\"datePublished\":\"2019-07-17T22:49:22+00:00\",\"dateModified\":\"2019-07-17T22:49:23+00:00\",\"mainEntityOfPage\":{\"@id\":\"https:\\\/\\\/super-news.info\\\/es\\\/calvino-reconoce-que-si-ha-hablado-con-sanchez-sobre-la-presidencia-del-fmi-aunque-no-aclara-en-que-terminos\\\/\"},\"wordCount\":285,\"commentCount\":0,\"image\":{\"@id\":\"https:\\\/\\\/super-news.info\\\/es\\\/calvino-reconoce-que-si-ha-hablado-con-sanchez-sobre-la-presidencia-del-fmi-aunque-no-aclara-en-que-terminos\\\/#primaryimage\"},\"thumbnailUrl\":\"https:\\\/\\\/super-news.info\\\/es\\\/wp-content\\\/uploads\\\/sites\\\/4\\\/2019\\\/07\\\/Calvi\u00f1o-reconoce-que-s\u00ed-ha-hablado-con-S\u00e1nchez-sobre-la.jpg\",\"articleSection\":[\"NOTICIAS FINANCIERAS\"],\"inLanguage\":\"en-US\",\"potentialAction\":[{\"@type\":\"CommentAction\",\"name\":\"Comment\",\"target\":[\"https:\\\/\\\/super-news.info\\\/es\\\/calvino-reconoce-que-si-ha-hablado-con-sanchez-sobre-la-presidencia-del-fmi-aunque-no-aclara-en-que-terminos\\\/#respond\"]}]},{\"@type\":\"WebPage\",\"@id\":\"https:\\\/\\\/super-news.info\\\/es\\\/calvino-reconoce-que-si-ha-hablado-con-sanchez-sobre-la-presidencia-del-fmi-aunque-no-aclara-en-que-terminos\\\/\",\"url\":\"https:\\\/\\\/super-news.info\\\/es\\\/calvino-reconoce-que-si-ha-hablado-con-sanchez-sobre-la-presidencia-del-fmi-aunque-no-aclara-en-que-terminos\\\/\",\"name\":\"Calvi\u00f1o reconoce que s\u00ed ha hablado con S\u00e1nchez sobre la presidencia del FMI, aunque no aclara en qu\u00e9 t\u00e9rminos - Super News\",\"isPartOf\":{\"@id\":\"https:\\\/\\\/super-news.info\\\/es\\\/#website\"},\"primaryImageOfPage\":{\"@id\":\"https:\\\/\\\/super-news.info\\\/es\\\/calvino-reconoce-que-si-ha-hablado-con-sanchez-sobre-la-presidencia-del-fmi-aunque-no-aclara-en-que-terminos\\\/#primaryimage\"},\"image\":{\"@id\":\"https:\\\/\\\/super-news.info\\\/es\\\/calvino-reconoce-que-si-ha-hablado-con-sanchez-sobre-la-presidencia-del-fmi-aunque-no-aclara-en-que-terminos\\\/#primaryimage\"},\"thumbnailUrl\":\"https:\\\/\\\/super-news.info\\\/es\\\/wp-content\\\/uploads\\\/sites\\\/4\\\/2019\\\/07\\\/Calvi\u00f1o-reconoce-que-s\u00ed-ha-hablado-con-S\u00e1nchez-sobre-la.jpg\",\"datePublished\":\"2019-07-17T22:49:22+00:00\",\"dateModified\":\"2019-07-17T22:49:23+00:00\",\"author\":{\"@id\":\"https:\\\/\\\/super-news.info\\\/es\\\/#\\\/schema\\\/person\\\/2d4068cb2f39cd10008c2fce578a7356\"},\"breadcrumb\":{\"@id\":\"https:\\\/\\\/super-news.info\\\/es\\\/calvino-reconoce-que-si-ha-hablado-con-sanchez-sobre-la-presidencia-del-fmi-aunque-no-aclara-en-que-terminos\\\/#breadcrumb\"},\"inLanguage\":\"en-US\",\"potentialAction\":[{\"@type\":\"ReadAction\",\"target\":[\"https:\\\/\\\/super-news.info\\\/es\\\/calvino-reconoce-que-si-ha-hablado-con-sanchez-sobre-la-presidencia-del-fmi-aunque-no-aclara-en-que-terminos\\\/\"]}]},{\"@type\":\"ImageObject\",\"inLanguage\":\"en-US\",\"@id\":\"https:\\\/\\\/super-news.info\\\/es\\\/calvino-reconoce-que-si-ha-hablado-con-sanchez-sobre-la-presidencia-del-fmi-aunque-no-aclara-en-que-terminos\\\/#primaryimage\",\"url\":\"https:\\\/\\\/super-news.info\\\/es\\\/wp-content\\\/uploads\\\/sites\\\/4\\\/2019\\\/07\\\/Calvi\u00f1o-reconoce-que-s\u00ed-ha-hablado-con-S\u00e1nchez-sobre-la.jpg\",\"contentUrl\":\"https:\\\/\\\/super-news.info\\\/es\\\/wp-content\\\/uploads\\\/sites\\\/4\\\/2019\\\/07\\\/Calvi\u00f1o-reconoce-que-s\u00ed-ha-hablado-con-S\u00e1nchez-sobre-la.jpg\",\"width\":120,\"height\":84,\"caption\":\"Calvi\u00f1o reconoce que s\u00ed ha hablado con S\u00e1nchez sobre la presidencia del FMI, aunque no aclara en qu\u00e9 t\u00e9rminos\"},{\"@type\":\"BreadcrumbList\",\"@id\":\"https:\\\/\\\/super-news.info\\\/es\\\/calvino-reconoce-que-si-ha-hablado-con-sanchez-sobre-la-presidencia-del-fmi-aunque-no-aclara-en-que-terminos\\\/#breadcrumb\",\"itemListElement\":[{\"@type\":\"ListItem\",\"position\":1,\"name\":\"\u0413\u043b\u0430\u0432\u043d\u0430\u044f \u0441\u0442\u0440\u0430\u043d\u0438\u0446\u0430\",\"item\":\"https:\\\/\\\/super-news.info\\\/es\\\/\"},{\"@type\":\"ListItem\",\"position\":2,\"name\":\"Calvi\u00f1o reconoce que s\u00ed ha hablado con S\u00e1nchez sobre la presidencia del FMI, aunque no aclara en qu\u00e9 t\u00e9rminos\"}]},{\"@type\":\"WebSite\",\"@id\":\"https:\\\/\\\/super-news.info\\\/es\\\/#website\",\"url\":\"https:\\\/\\\/super-news.info\\\/es\\\/\",\"name\":\"Super News\",\"description\":\"Super News Espa\u00f1a\",\"potentialAction\":[{\"@type\":\"SearchAction\",\"target\":{\"@type\":\"EntryPoint\",\"urlTemplate\":\"https:\\\/\\\/super-news.info\\\/es\\\/?s={search_term_string}\"},\"query-input\":{\"@type\":\"PropertyValueSpecification\",\"valueRequired\":true,\"valueName\":\"search_term_string\"}}],\"inLanguage\":\"en-US\"},{\"@type\":\"Person\",\"@id\":\"https:\\\/\\\/super-news.info\\\/es\\\/#\\\/schema\\\/person\\\/2d4068cb2f39cd10008c2fce578a7356\",\"name\":\"super-news\",\"image\":{\"@type\":\"ImageObject\",\"inLanguage\":\"en-US\",\"@id\":\"https:\\\/\\\/secure.gravatar.com\\\/avatar\\\/64ebac40b93f26a154f8a9b5b6fdccfc46f442b26b3dd6756dbff3bf9dc76fd7?s=96&d=mm&r=g\",\"url\":\"https:\\\/\\\/secure.gravatar.com\\\/avatar\\\/64ebac40b93f26a154f8a9b5b6fdccfc46f442b26b3dd6756dbff3bf9dc76fd7?s=96&d=mm&r=g\",\"contentUrl\":\"https:\\\/\\\/secure.gravatar.com\\\/avatar\\\/64ebac40b93f26a154f8a9b5b6fdccfc46f442b26b3dd6756dbff3bf9dc76fd7?s=96&d=mm&r=g\",\"caption\":\"super-news\"},\"url\":\"https:\\\/\\\/super-news.info\\\/es\\\/author\\\/pt\\\/\"}]}<\/script>\n<!-- \/ Yoast SEO plugin. -->","yoast_head_json":{"title":"Calvi\u00f1o reconoce que s\u00ed ha hablado con S\u00e1nchez sobre la presidencia del FMI, aunque no aclara en qu\u00e9 t\u00e9rminos - Super News","robots":{"index":"index","follow":"follow","max-snippet":"max-snippet:-1","max-image-preview":"max-image-preview:large","max-video-preview":"max-video-preview:-1"},"canonical":"https:\/\/super-news.info\/es\/calvino-reconoce-que-si-ha-hablado-con-sanchez-sobre-la-presidencia-del-fmi-aunque-no-aclara-en-que-terminos\/","og_locale":"en_US","og_type":"article","og_title":"Calvi\u00f1o reconoce que s\u00ed ha hablado con S\u00e1nchez sobre la presidencia del FMI, aunque no aclara en qu\u00e9 t\u00e9rminos - Super News","og_description":"[ad_1] MADRID, 17 Jul. (EUROPA PRESS) &#8211; La ministra de Econom\u00eda y Empresa en funciones, Nadia Calvi\u00f1o, ha reconocido que s\u00ed ha hablado con el presidente del Gobierno en funciones, Pedro S\u00e1nchez, sobre la posibilidad de optar a la presidencia del Fondo Monetario Internacional (FMI) tras la renuncia de Christine Lagarde al cargo para presidir [&hellip;]","og_url":"https:\/\/super-news.info\/es\/calvino-reconoce-que-si-ha-hablado-con-sanchez-sobre-la-presidencia-del-fmi-aunque-no-aclara-en-que-terminos\/","og_site_name":"Super News","article_published_time":"2019-07-17T22:49:22+00:00","article_modified_time":"2019-07-17T22:49:23+00:00","og_image":[{"width":120,"height":84,"url":"https:\/\/super-news.info\/es\/wp-content\/uploads\/sites\/4\/2019\/07\/Calvi\u00f1o-reconoce-que-s\u00ed-ha-hablado-con-S\u00e1nchez-sobre-la.jpg","type":"image\/jpeg"}],"author":"super-news","twitter_card":"summary_large_image","twitter_misc":{"Written by":"super-news","Est. reading time":"1 minute"},"schema":{"@context":"https:\/\/schema.org","@graph":[{"@type":"Article","@id":"https:\/\/super-news.info\/es\/calvino-reconoce-que-si-ha-hablado-con-sanchez-sobre-la-presidencia-del-fmi-aunque-no-aclara-en-que-terminos\/#article","isPartOf":{"@id":"https:\/\/super-news.info\/es\/calvino-reconoce-que-si-ha-hablado-con-sanchez-sobre-la-presidencia-del-fmi-aunque-no-aclara-en-que-terminos\/"},"author":{"name":"super-news","@id":"https:\/\/super-news.info\/es\/#\/schema\/person\/2d4068cb2f39cd10008c2fce578a7356"},"headline":"Calvi\u00f1o reconoce que s\u00ed ha hablado con S\u00e1nchez sobre la presidencia del FMI, aunque no aclara en qu\u00e9 t\u00e9rminos","datePublished":"2019-07-17T22:49:22+00:00","dateModified":"2019-07-17T22:49:23+00:00","mainEntityOfPage":{"@id":"https:\/\/super-news.info\/es\/calvino-reconoce-que-si-ha-hablado-con-sanchez-sobre-la-presidencia-del-fmi-aunque-no-aclara-en-que-terminos\/"},"wordCount":285,"commentCount":0,"image":{"@id":"https:\/\/super-news.info\/es\/calvino-reconoce-que-si-ha-hablado-con-sanchez-sobre-la-presidencia-del-fmi-aunque-no-aclara-en-que-terminos\/#primaryimage"},"thumbnailUrl":"https:\/\/super-news.info\/es\/wp-content\/uploads\/sites\/4\/2019\/07\/Calvi\u00f1o-reconoce-que-s\u00ed-ha-hablado-con-S\u00e1nchez-sobre-la.jpg","articleSection":["NOTICIAS FINANCIERAS"],"inLanguage":"en-US","potentialAction":[{"@type":"CommentAction","name":"Comment","target":["https:\/\/super-news.info\/es\/calvino-reconoce-que-si-ha-hablado-con-sanchez-sobre-la-presidencia-del-fmi-aunque-no-aclara-en-que-terminos\/#respond"]}]},{"@type":"WebPage","@id":"https:\/\/super-news.info\/es\/calvino-reconoce-que-si-ha-hablado-con-sanchez-sobre-la-presidencia-del-fmi-aunque-no-aclara-en-que-terminos\/","url":"https:\/\/super-news.info\/es\/calvino-reconoce-que-si-ha-hablado-con-sanchez-sobre-la-presidencia-del-fmi-aunque-no-aclara-en-que-terminos\/","name":"Calvi\u00f1o reconoce que s\u00ed ha hablado con S\u00e1nchez sobre la presidencia del FMI, aunque no aclara en qu\u00e9 t\u00e9rminos - Super News","isPartOf":{"@id":"https:\/\/super-news.info\/es\/#website"},"primaryImageOfPage":{"@id":"https:\/\/super-news.info\/es\/calvino-reconoce-que-si-ha-hablado-con-sanchez-sobre-la-presidencia-del-fmi-aunque-no-aclara-en-que-terminos\/#primaryimage"},"image":{"@id":"https:\/\/super-news.info\/es\/calvino-reconoce-que-si-ha-hablado-con-sanchez-sobre-la-presidencia-del-fmi-aunque-no-aclara-en-que-terminos\/#primaryimage"},"thumbnailUrl":"https:\/\/super-news.info\/es\/wp-content\/uploads\/sites\/4\/2019\/07\/Calvi\u00f1o-reconoce-que-s\u00ed-ha-hablado-con-S\u00e1nchez-sobre-la.jpg","datePublished":"2019-07-17T22:49:22+00:00","dateModified":"2019-07-17T22:49:23+00:00","author":{"@id":"https:\/\/super-news.info\/es\/#\/schema\/person\/2d4068cb2f39cd10008c2fce578a7356"},"breadcrumb":{"@id":"https:\/\/super-news.info\/es\/calvino-reconoce-que-si-ha-hablado-con-sanchez-sobre-la-presidencia-del-fmi-aunque-no-aclara-en-que-terminos\/#breadcrumb"},"inLanguage":"en-US","potentialAction":[{"@type":"ReadAction","target":["https:\/\/super-news.info\/es\/calvino-reconoce-que-si-ha-hablado-con-sanchez-sobre-la-presidencia-del-fmi-aunque-no-aclara-en-que-terminos\/"]}]},{"@type":"ImageObject","inLanguage":"en-US","@id":"https:\/\/super-news.info\/es\/calvino-reconoce-que-si-ha-hablado-con-sanchez-sobre-la-presidencia-del-fmi-aunque-no-aclara-en-que-terminos\/#primaryimage","url":"https:\/\/super-news.info\/es\/wp-content\/uploads\/sites\/4\/2019\/07\/Calvi\u00f1o-reconoce-que-s\u00ed-ha-hablado-con-S\u00e1nchez-sobre-la.jpg","contentUrl":"https:\/\/super-news.info\/es\/wp-content\/uploads\/sites\/4\/2019\/07\/Calvi\u00f1o-reconoce-que-s\u00ed-ha-hablado-con-S\u00e1nchez-sobre-la.jpg","width":120,"height":84,"caption":"Calvi\u00f1o reconoce que s\u00ed ha hablado con S\u00e1nchez sobre la presidencia del FMI, aunque no aclara en qu\u00e9 t\u00e9rminos"},{"@type":"BreadcrumbList","@id":"https:\/\/super-news.info\/es\/calvino-reconoce-que-si-ha-hablado-con-sanchez-sobre-la-presidencia-del-fmi-aunque-no-aclara-en-que-terminos\/#breadcrumb","itemListElement":[{"@type":"ListItem","position":1,"name":"\u0413\u043b\u0430\u0432\u043d\u0430\u044f \u0441\u0442\u0440\u0430\u043d\u0438\u0446\u0430","item":"https:\/\/super-news.info\/es\/"},{"@type":"ListItem","position":2,"name":"Calvi\u00f1o reconoce que s\u00ed ha hablado con S\u00e1nchez sobre la presidencia del FMI, aunque no aclara en qu\u00e9 t\u00e9rminos"}]},{"@type":"WebSite","@id":"https:\/\/super-news.info\/es\/#website","url":"https:\/\/super-news.info\/es\/","name":"Super News","description":"Super News Espa\u00f1a","potentialAction":[{"@type":"SearchAction","target":{"@type":"EntryPoint","urlTemplate":"https:\/\/super-news.info\/es\/?s={search_term_string}"},"query-input":{"@type":"PropertyValueSpecification","valueRequired":true,"valueName":"search_term_string"}}],"inLanguage":"en-US"},{"@type":"Person","@id":"https:\/\/super-news.info\/es\/#\/schema\/person\/2d4068cb2f39cd10008c2fce578a7356","name":"super-news","image":{"@type":"ImageObject","inLanguage":"en-US","@id":"https:\/\/secure.gravatar.com\/avatar\/64ebac40b93f26a154f8a9b5b6fdccfc46f442b26b3dd6756dbff3bf9dc76fd7?s=96&d=mm&r=g","url":"https:\/\/secure.gravatar.com\/avatar\/64ebac40b93f26a154f8a9b5b6fdccfc46f442b26b3dd6756dbff3bf9dc76fd7?s=96&d=mm&r=g","contentUrl":"https:\/\/secure.gravatar.com\/avatar\/64ebac40b93f26a154f8a9b5b6fdccfc46f442b26b3dd6756dbff3bf9dc76fd7?s=96&d=mm&r=g","caption":"super-news"},"url":"https:\/\/super-news.info\/es\/author\/pt\/"}]}},"_links":{"self":[{"href":"https:\/\/super-news.info\/es\/wp-json\/wp\/v2\/posts\/6598","targetHints":{"allow":["GET"]}}],"collection":[{"href":"https:\/\/super-news.info\/es\/wp-json\/wp\/v2\/posts"}],"about":[{"href":"https:\/\/super-news.info\/es\/wp-json\/wp\/v2\/types\/post"}],"author":[{"embeddable":true,"href":"https:\/\/super-news.info\/es\/wp-json\/wp\/v2\/users\/2"}],"replies":[{"embeddable":true,"href":"https:\/\/super-news.info\/es\/wp-json\/wp\/v2\/comments?post=6598"}],"version-history":[{"count":1,"href":"https:\/\/super-news.info\/es\/wp-json\/wp\/v2\/posts\/6598\/revisions"}],"predecessor-version":[{"id":6600,"href":"https:\/\/super-news.info\/es\/wp-json\/wp\/v2\/posts\/6598\/revisions\/6600"}],"wp:featuredmedia":[{"embeddable":true,"href":"https:\/\/super-news.info\/es\/wp-json\/wp\/v2\/media\/6599"}],"wp:attachment":[{"href":"https:\/\/super-news.info\/es\/wp-json\/wp\/v2\/media?parent=6598"}],"wp:term":[{"taxonomy":"category","embeddable":true,"href":"https:\/\/super-news.info\/es\/wp-json\/wp\/v2\/categories?post=6598"},{"taxonomy":"post_tag","embeddable":true,"href":"https:\/\/super-news.info\/es\/wp-json\/wp\/v2\/tags?post=6598"}],"curies":[{"name":"wp","href":"https:\/\/api.w.org\/{rel}","templated":true}]}}