{"id":6592,"date":"2019-07-18T00:42:58","date_gmt":"2019-07-17T21:42:58","guid":{"rendered":"https:\/\/super-news.info\/es\/bruselas-expedienta-a-amazon-por-posibles-abusos-en-el-uso-de-los-datos-de-quienes-venden-en-su-plataforma\/"},"modified":"2019-07-18T00:42:58","modified_gmt":"2019-07-17T21:42:58","slug":"bruselas-expedienta-a-amazon-por-posibles-abusos-en-el-uso-de-los-datos-de-quienes-venden-en-su-plataforma","status":"publish","type":"post","link":"https:\/\/super-news.info\/es\/bruselas-expedienta-a-amazon-por-posibles-abusos-en-el-uso-de-los-datos-de-quienes-venden-en-su-plataforma\/","title":{"rendered":"Bruselas expedienta a Amazon por posibles abusos en el uso de los datos de quienes venden en su plataforma"},"content":{"rendered":"<p> [ad_1]<\/p>\n<div id=\"CuerpoNoticiav2\" itemprop=\"articleBody\">\n<p>BRUSELAS, 17 Jul. (EUROPA PRESS) &#8211; <\/p>\n<p itemprop=\"description\">   La Comisi\u00f3n Europea ha anunciado este mi\u00e9rcoles la apertura de una investigaci\u00f3n en profundidad a la multinacional estadounidense Amazon para aclarar si ha habido abusos monopol\u00edsticos en el uso de los datos comerciales de quienes venden sus productos a trav\u00e9s de la plataforma online.<\/p>\n<p>   El expediente formal abierto por Bruselas servir\u00e1 para aclarar si Amazon vulner\u00f3 las reglas europeas en materia de competencia, por ejemplo en el modo en que utiliz\u00f3 datos sensibles de terceros obtenidos a trav\u00e9s de sus &#8216;marketplace&#8217; (o puntos de venta) o bien el tratamiento de los datos de los ganadores de la &#8216;Buy Box&#8217; de la plataforma.<\/p>\n<p>   Tambi\u00e9n examinar\u00e1n en detalle el impacto en dicha selecci\u00f3n del uso por Amazon de informaci\u00f3n sensible sobre los puntos de venta de los vendedores incluidos en el listado.<\/p>\n<p>   La &#8216;Buy Box&#8217; aparece de manera visible en el sitio de Amazon y permite a los clientes a\u00f1adir directamente a su cesta de la compra art\u00edculos de un comerciante concreto, por lo que ganar esta ventaja resulta esencial para los vendedores, ya que al final la mayor\u00eda de las ventas pasan por esta transacci\u00f3n.<\/p>\n<p>   &#8220;La venta online ha aumentado las posibilidades de elecci\u00f3n para los usuarios y la bajada de precios, debemos vigilar que las grandes plataformas no eliminen estas ventajas con comportamientos anticompetitivos&#8221;, ha declarado la comisaria de Competencia, Margrethe Vestager.<\/p>\n<p>   Por ello, ha explicado Vestager, ha tomado la decisi\u00f3n de &#8220;examinar detalladamente las pr\u00e1cticas comerciales&#8221; de Amazon y su doble papel que juega la plataforma, como minorista y como punto de venta.<\/p>\n<p>   Las reglas comunitarias no establecen plazos cerrados para la conclusi\u00f3n investigaci\u00f3n, de la que el Ejecutivo comunitario ha informado no solo a Amazon sino a otros competidores y que si concluye en que la plataforma viol\u00f3 las normas europeas podr\u00eda desembocar en una multa millonaria.<\/p>\n<\/div>\n<p>[ad_2]<br \/>\n<br \/><a href=\"https:\/\/www.europapress.es\/economia\/noticia-bruselas-expedienta-amazon-posibles-abusos-uso-datos-quienes-venden-plataforma-20190717122124.html\">Source link <\/a><\/p>\n","protected":false},"excerpt":{"rendered":"<p>[ad_1] BRUSELAS, 17 Jul. (EUROPA PRESS) &#8211; La Comisi\u00f3n Europea ha anunciado este mi\u00e9rcoles la apertura de una investigaci\u00f3n en profundidad a la multinacional estadounidense Amazon para aclarar si ha habido abusos monopol\u00edsticos en el uso de los datos comerciales de quienes venden sus productos a trav\u00e9s de la plataforma online. El expediente formal abierto [&hellip;]<\/p>\n","protected":false},"author":2,"featured_media":6593,"comment_status":"open","ping_status":"open","sticky":false,"template":"","format":"standard","meta":{"footnotes":""},"categories":[1],"tags":[],"class_list":["post-6592","post","type-post","status-publish","format-standard","has-post-thumbnail","hentry","category-noticias-financieras"],"yoast_head":"<!-- This site is optimized with the Yoast SEO plugin v27.4 - https:\/\/yoast.com\/product\/yoast-seo-wordpress\/ -->\n<title>Bruselas expedienta a Amazon por posibles abusos en el uso de los datos de quienes venden en su plataforma - Super News<\/title>\n<meta name=\"robots\" content=\"index, follow, max-snippet:-1, max-image-preview:large, max-video-preview:-1\" \/>\n<link rel=\"canonical\" href=\"https:\/\/super-news.info\/es\/bruselas-expedienta-a-amazon-por-posibles-abusos-en-el-uso-de-los-datos-de-quienes-venden-en-su-plataforma\/\" \/>\n<meta property=\"og:locale\" content=\"en_US\" \/>\n<meta property=\"og:type\" content=\"article\" \/>\n<meta property=\"og:title\" content=\"Bruselas expedienta a Amazon por posibles abusos en el uso de los datos de quienes venden en su plataforma - Super News\" \/>\n<meta property=\"og:description\" content=\"[ad_1] BRUSELAS, 17 Jul. (EUROPA PRESS) &#8211; La Comisi\u00f3n Europea ha anunciado este mi\u00e9rcoles la apertura de una investigaci\u00f3n en profundidad a la multinacional estadounidense Amazon para aclarar si ha habido abusos monopol\u00edsticos en el uso de los datos comerciales de quienes venden sus productos a trav\u00e9s de la plataforma online. El expediente formal abierto [&hellip;]\" \/>\n<meta property=\"og:url\" content=\"https:\/\/super-news.info\/es\/bruselas-expedienta-a-amazon-por-posibles-abusos-en-el-uso-de-los-datos-de-quienes-venden-en-su-plataforma\/\" \/>\n<meta property=\"og:site_name\" content=\"Super News\" \/>\n<meta property=\"article:published_time\" content=\"2019-07-17T21:42:58+00:00\" \/>\n<meta property=\"og:image\" content=\"https:\/\/super-news.info\/es\/wp-content\/uploads\/sites\/4\/2019\/07\/Bruselas-expedienta-a-Amazon-por-posibles-abusos-en-el-uso.jpg\" \/>\n\t<meta property=\"og:image:width\" content=\"120\" \/>\n\t<meta property=\"og:image:height\" content=\"80\" \/>\n\t<meta property=\"og:image:type\" content=\"image\/jpeg\" \/>\n<meta name=\"author\" content=\"super-news\" \/>\n<meta name=\"twitter:card\" content=\"summary_large_image\" \/>\n<meta name=\"twitter:label1\" content=\"Written by\" \/>\n\t<meta name=\"twitter:data1\" content=\"super-news\" \/>\n\t<meta name=\"twitter:label2\" content=\"Est. reading time\" \/>\n\t<meta name=\"twitter:data2\" content=\"2 minutes\" \/>\n<script type=\"application\/ld+json\" class=\"yoast-schema-graph\">{\"@context\":\"https:\\\/\\\/schema.org\",\"@graph\":[{\"@type\":\"Article\",\"@id\":\"https:\\\/\\\/super-news.info\\\/es\\\/bruselas-expedienta-a-amazon-por-posibles-abusos-en-el-uso-de-los-datos-de-quienes-venden-en-su-plataforma\\\/#article\",\"isPartOf\":{\"@id\":\"https:\\\/\\\/super-news.info\\\/es\\\/bruselas-expedienta-a-amazon-por-posibles-abusos-en-el-uso-de-los-datos-de-quienes-venden-en-su-plataforma\\\/\"},\"author\":{\"name\":\"super-news\",\"@id\":\"https:\\\/\\\/super-news.info\\\/es\\\/#\\\/schema\\\/person\\\/2d4068cb2f39cd10008c2fce578a7356\"},\"headline\":\"Bruselas expedienta a Amazon por posibles abusos en el uso de los datos de quienes venden en su plataforma\",\"datePublished\":\"2019-07-17T21:42:58+00:00\",\"mainEntityOfPage\":{\"@id\":\"https:\\\/\\\/super-news.info\\\/es\\\/bruselas-expedienta-a-amazon-por-posibles-abusos-en-el-uso-de-los-datos-de-quienes-venden-en-su-plataforma\\\/\"},\"wordCount\":347,\"commentCount\":0,\"image\":{\"@id\":\"https:\\\/\\\/super-news.info\\\/es\\\/bruselas-expedienta-a-amazon-por-posibles-abusos-en-el-uso-de-los-datos-de-quienes-venden-en-su-plataforma\\\/#primaryimage\"},\"thumbnailUrl\":\"https:\\\/\\\/super-news.info\\\/es\\\/wp-content\\\/uploads\\\/sites\\\/4\\\/2019\\\/07\\\/Bruselas-expedienta-a-Amazon-por-posibles-abusos-en-el-uso.jpg\",\"articleSection\":[\"NOTICIAS FINANCIERAS\"],\"inLanguage\":\"en-US\",\"potentialAction\":[{\"@type\":\"CommentAction\",\"name\":\"Comment\",\"target\":[\"https:\\\/\\\/super-news.info\\\/es\\\/bruselas-expedienta-a-amazon-por-posibles-abusos-en-el-uso-de-los-datos-de-quienes-venden-en-su-plataforma\\\/#respond\"]}]},{\"@type\":\"WebPage\",\"@id\":\"https:\\\/\\\/super-news.info\\\/es\\\/bruselas-expedienta-a-amazon-por-posibles-abusos-en-el-uso-de-los-datos-de-quienes-venden-en-su-plataforma\\\/\",\"url\":\"https:\\\/\\\/super-news.info\\\/es\\\/bruselas-expedienta-a-amazon-por-posibles-abusos-en-el-uso-de-los-datos-de-quienes-venden-en-su-plataforma\\\/\",\"name\":\"Bruselas expedienta a Amazon por posibles abusos en el uso de los datos de quienes venden en su plataforma - Super News\",\"isPartOf\":{\"@id\":\"https:\\\/\\\/super-news.info\\\/es\\\/#website\"},\"primaryImageOfPage\":{\"@id\":\"https:\\\/\\\/super-news.info\\\/es\\\/bruselas-expedienta-a-amazon-por-posibles-abusos-en-el-uso-de-los-datos-de-quienes-venden-en-su-plataforma\\\/#primaryimage\"},\"image\":{\"@id\":\"https:\\\/\\\/super-news.info\\\/es\\\/bruselas-expedienta-a-amazon-por-posibles-abusos-en-el-uso-de-los-datos-de-quienes-venden-en-su-plataforma\\\/#primaryimage\"},\"thumbnailUrl\":\"https:\\\/\\\/super-news.info\\\/es\\\/wp-content\\\/uploads\\\/sites\\\/4\\\/2019\\\/07\\\/Bruselas-expedienta-a-Amazon-por-posibles-abusos-en-el-uso.jpg\",\"datePublished\":\"2019-07-17T21:42:58+00:00\",\"author\":{\"@id\":\"https:\\\/\\\/super-news.info\\\/es\\\/#\\\/schema\\\/person\\\/2d4068cb2f39cd10008c2fce578a7356\"},\"breadcrumb\":{\"@id\":\"https:\\\/\\\/super-news.info\\\/es\\\/bruselas-expedienta-a-amazon-por-posibles-abusos-en-el-uso-de-los-datos-de-quienes-venden-en-su-plataforma\\\/#breadcrumb\"},\"inLanguage\":\"en-US\",\"potentialAction\":[{\"@type\":\"ReadAction\",\"target\":[\"https:\\\/\\\/super-news.info\\\/es\\\/bruselas-expedienta-a-amazon-por-posibles-abusos-en-el-uso-de-los-datos-de-quienes-venden-en-su-plataforma\\\/\"]}]},{\"@type\":\"ImageObject\",\"inLanguage\":\"en-US\",\"@id\":\"https:\\\/\\\/super-news.info\\\/es\\\/bruselas-expedienta-a-amazon-por-posibles-abusos-en-el-uso-de-los-datos-de-quienes-venden-en-su-plataforma\\\/#primaryimage\",\"url\":\"https:\\\/\\\/super-news.info\\\/es\\\/wp-content\\\/uploads\\\/sites\\\/4\\\/2019\\\/07\\\/Bruselas-expedienta-a-Amazon-por-posibles-abusos-en-el-uso.jpg\",\"contentUrl\":\"https:\\\/\\\/super-news.info\\\/es\\\/wp-content\\\/uploads\\\/sites\\\/4\\\/2019\\\/07\\\/Bruselas-expedienta-a-Amazon-por-posibles-abusos-en-el-uso.jpg\",\"width\":120,\"height\":80,\"caption\":\"Bruselas expedienta a Amazon por posibles abusos en el uso de los datos de quienes venden en su plataforma\"},{\"@type\":\"BreadcrumbList\",\"@id\":\"https:\\\/\\\/super-news.info\\\/es\\\/bruselas-expedienta-a-amazon-por-posibles-abusos-en-el-uso-de-los-datos-de-quienes-venden-en-su-plataforma\\\/#breadcrumb\",\"itemListElement\":[{\"@type\":\"ListItem\",\"position\":1,\"name\":\"\u0413\u043b\u0430\u0432\u043d\u0430\u044f \u0441\u0442\u0440\u0430\u043d\u0438\u0446\u0430\",\"item\":\"https:\\\/\\\/super-news.info\\\/es\\\/\"},{\"@type\":\"ListItem\",\"position\":2,\"name\":\"Bruselas expedienta a Amazon por posibles abusos en el uso de los datos de quienes venden en su plataforma\"}]},{\"@type\":\"WebSite\",\"@id\":\"https:\\\/\\\/super-news.info\\\/es\\\/#website\",\"url\":\"https:\\\/\\\/super-news.info\\\/es\\\/\",\"name\":\"Super News\",\"description\":\"Super News Espa\u00f1a\",\"potentialAction\":[{\"@type\":\"SearchAction\",\"target\":{\"@type\":\"EntryPoint\",\"urlTemplate\":\"https:\\\/\\\/super-news.info\\\/es\\\/?s={search_term_string}\"},\"query-input\":{\"@type\":\"PropertyValueSpecification\",\"valueRequired\":true,\"valueName\":\"search_term_string\"}}],\"inLanguage\":\"en-US\"},{\"@type\":\"Person\",\"@id\":\"https:\\\/\\\/super-news.info\\\/es\\\/#\\\/schema\\\/person\\\/2d4068cb2f39cd10008c2fce578a7356\",\"name\":\"super-news\",\"image\":{\"@type\":\"ImageObject\",\"inLanguage\":\"en-US\",\"@id\":\"https:\\\/\\\/secure.gravatar.com\\\/avatar\\\/64ebac40b93f26a154f8a9b5b6fdccfc46f442b26b3dd6756dbff3bf9dc76fd7?s=96&d=mm&r=g\",\"url\":\"https:\\\/\\\/secure.gravatar.com\\\/avatar\\\/64ebac40b93f26a154f8a9b5b6fdccfc46f442b26b3dd6756dbff3bf9dc76fd7?s=96&d=mm&r=g\",\"contentUrl\":\"https:\\\/\\\/secure.gravatar.com\\\/avatar\\\/64ebac40b93f26a154f8a9b5b6fdccfc46f442b26b3dd6756dbff3bf9dc76fd7?s=96&d=mm&r=g\",\"caption\":\"super-news\"},\"url\":\"https:\\\/\\\/super-news.info\\\/es\\\/author\\\/pt\\\/\"}]}<\/script>\n<!-- \/ Yoast SEO plugin. -->","yoast_head_json":{"title":"Bruselas expedienta a Amazon por posibles abusos en el uso de los datos de quienes venden en su plataforma - Super News","robots":{"index":"index","follow":"follow","max-snippet":"max-snippet:-1","max-image-preview":"max-image-preview:large","max-video-preview":"max-video-preview:-1"},"canonical":"https:\/\/super-news.info\/es\/bruselas-expedienta-a-amazon-por-posibles-abusos-en-el-uso-de-los-datos-de-quienes-venden-en-su-plataforma\/","og_locale":"en_US","og_type":"article","og_title":"Bruselas expedienta a Amazon por posibles abusos en el uso de los datos de quienes venden en su plataforma - Super News","og_description":"[ad_1] BRUSELAS, 17 Jul. (EUROPA PRESS) &#8211; La Comisi\u00f3n Europea ha anunciado este mi\u00e9rcoles la apertura de una investigaci\u00f3n en profundidad a la multinacional estadounidense Amazon para aclarar si ha habido abusos monopol\u00edsticos en el uso de los datos comerciales de quienes venden sus productos a trav\u00e9s de la plataforma online. El expediente formal abierto [&hellip;]","og_url":"https:\/\/super-news.info\/es\/bruselas-expedienta-a-amazon-por-posibles-abusos-en-el-uso-de-los-datos-de-quienes-venden-en-su-plataforma\/","og_site_name":"Super News","article_published_time":"2019-07-17T21:42:58+00:00","og_image":[{"width":120,"height":80,"url":"https:\/\/super-news.info\/es\/wp-content\/uploads\/sites\/4\/2019\/07\/Bruselas-expedienta-a-Amazon-por-posibles-abusos-en-el-uso.jpg","type":"image\/jpeg"}],"author":"super-news","twitter_card":"summary_large_image","twitter_misc":{"Written by":"super-news","Est. reading time":"2 minutes"},"schema":{"@context":"https:\/\/schema.org","@graph":[{"@type":"Article","@id":"https:\/\/super-news.info\/es\/bruselas-expedienta-a-amazon-por-posibles-abusos-en-el-uso-de-los-datos-de-quienes-venden-en-su-plataforma\/#article","isPartOf":{"@id":"https:\/\/super-news.info\/es\/bruselas-expedienta-a-amazon-por-posibles-abusos-en-el-uso-de-los-datos-de-quienes-venden-en-su-plataforma\/"},"author":{"name":"super-news","@id":"https:\/\/super-news.info\/es\/#\/schema\/person\/2d4068cb2f39cd10008c2fce578a7356"},"headline":"Bruselas expedienta a Amazon por posibles abusos en el uso de los datos de quienes venden en su plataforma","datePublished":"2019-07-17T21:42:58+00:00","mainEntityOfPage":{"@id":"https:\/\/super-news.info\/es\/bruselas-expedienta-a-amazon-por-posibles-abusos-en-el-uso-de-los-datos-de-quienes-venden-en-su-plataforma\/"},"wordCount":347,"commentCount":0,"image":{"@id":"https:\/\/super-news.info\/es\/bruselas-expedienta-a-amazon-por-posibles-abusos-en-el-uso-de-los-datos-de-quienes-venden-en-su-plataforma\/#primaryimage"},"thumbnailUrl":"https:\/\/super-news.info\/es\/wp-content\/uploads\/sites\/4\/2019\/07\/Bruselas-expedienta-a-Amazon-por-posibles-abusos-en-el-uso.jpg","articleSection":["NOTICIAS FINANCIERAS"],"inLanguage":"en-US","potentialAction":[{"@type":"CommentAction","name":"Comment","target":["https:\/\/super-news.info\/es\/bruselas-expedienta-a-amazon-por-posibles-abusos-en-el-uso-de-los-datos-de-quienes-venden-en-su-plataforma\/#respond"]}]},{"@type":"WebPage","@id":"https:\/\/super-news.info\/es\/bruselas-expedienta-a-amazon-por-posibles-abusos-en-el-uso-de-los-datos-de-quienes-venden-en-su-plataforma\/","url":"https:\/\/super-news.info\/es\/bruselas-expedienta-a-amazon-por-posibles-abusos-en-el-uso-de-los-datos-de-quienes-venden-en-su-plataforma\/","name":"Bruselas expedienta a Amazon por posibles abusos en el uso de los datos de quienes venden en su plataforma - Super News","isPartOf":{"@id":"https:\/\/super-news.info\/es\/#website"},"primaryImageOfPage":{"@id":"https:\/\/super-news.info\/es\/bruselas-expedienta-a-amazon-por-posibles-abusos-en-el-uso-de-los-datos-de-quienes-venden-en-su-plataforma\/#primaryimage"},"image":{"@id":"https:\/\/super-news.info\/es\/bruselas-expedienta-a-amazon-por-posibles-abusos-en-el-uso-de-los-datos-de-quienes-venden-en-su-plataforma\/#primaryimage"},"thumbnailUrl":"https:\/\/super-news.info\/es\/wp-content\/uploads\/sites\/4\/2019\/07\/Bruselas-expedienta-a-Amazon-por-posibles-abusos-en-el-uso.jpg","datePublished":"2019-07-17T21:42:58+00:00","author":{"@id":"https:\/\/super-news.info\/es\/#\/schema\/person\/2d4068cb2f39cd10008c2fce578a7356"},"breadcrumb":{"@id":"https:\/\/super-news.info\/es\/bruselas-expedienta-a-amazon-por-posibles-abusos-en-el-uso-de-los-datos-de-quienes-venden-en-su-plataforma\/#breadcrumb"},"inLanguage":"en-US","potentialAction":[{"@type":"ReadAction","target":["https:\/\/super-news.info\/es\/bruselas-expedienta-a-amazon-por-posibles-abusos-en-el-uso-de-los-datos-de-quienes-venden-en-su-plataforma\/"]}]},{"@type":"ImageObject","inLanguage":"en-US","@id":"https:\/\/super-news.info\/es\/bruselas-expedienta-a-amazon-por-posibles-abusos-en-el-uso-de-los-datos-de-quienes-venden-en-su-plataforma\/#primaryimage","url":"https:\/\/super-news.info\/es\/wp-content\/uploads\/sites\/4\/2019\/07\/Bruselas-expedienta-a-Amazon-por-posibles-abusos-en-el-uso.jpg","contentUrl":"https:\/\/super-news.info\/es\/wp-content\/uploads\/sites\/4\/2019\/07\/Bruselas-expedienta-a-Amazon-por-posibles-abusos-en-el-uso.jpg","width":120,"height":80,"caption":"Bruselas expedienta a Amazon por posibles abusos en el uso de los datos de quienes venden en su plataforma"},{"@type":"BreadcrumbList","@id":"https:\/\/super-news.info\/es\/bruselas-expedienta-a-amazon-por-posibles-abusos-en-el-uso-de-los-datos-de-quienes-venden-en-su-plataforma\/#breadcrumb","itemListElement":[{"@type":"ListItem","position":1,"name":"\u0413\u043b\u0430\u0432\u043d\u0430\u044f \u0441\u0442\u0440\u0430\u043d\u0438\u0446\u0430","item":"https:\/\/super-news.info\/es\/"},{"@type":"ListItem","position":2,"name":"Bruselas expedienta a Amazon por posibles abusos en el uso de los datos de quienes venden en su plataforma"}]},{"@type":"WebSite","@id":"https:\/\/super-news.info\/es\/#website","url":"https:\/\/super-news.info\/es\/","name":"Super News","description":"Super News Espa\u00f1a","potentialAction":[{"@type":"SearchAction","target":{"@type":"EntryPoint","urlTemplate":"https:\/\/super-news.info\/es\/?s={search_term_string}"},"query-input":{"@type":"PropertyValueSpecification","valueRequired":true,"valueName":"search_term_string"}}],"inLanguage":"en-US"},{"@type":"Person","@id":"https:\/\/super-news.info\/es\/#\/schema\/person\/2d4068cb2f39cd10008c2fce578a7356","name":"super-news","image":{"@type":"ImageObject","inLanguage":"en-US","@id":"https:\/\/secure.gravatar.com\/avatar\/64ebac40b93f26a154f8a9b5b6fdccfc46f442b26b3dd6756dbff3bf9dc76fd7?s=96&d=mm&r=g","url":"https:\/\/secure.gravatar.com\/avatar\/64ebac40b93f26a154f8a9b5b6fdccfc46f442b26b3dd6756dbff3bf9dc76fd7?s=96&d=mm&r=g","contentUrl":"https:\/\/secure.gravatar.com\/avatar\/64ebac40b93f26a154f8a9b5b6fdccfc46f442b26b3dd6756dbff3bf9dc76fd7?s=96&d=mm&r=g","caption":"super-news"},"url":"https:\/\/super-news.info\/es\/author\/pt\/"}]}},"_links":{"self":[{"href":"https:\/\/super-news.info\/es\/wp-json\/wp\/v2\/posts\/6592","targetHints":{"allow":["GET"]}}],"collection":[{"href":"https:\/\/super-news.info\/es\/wp-json\/wp\/v2\/posts"}],"about":[{"href":"https:\/\/super-news.info\/es\/wp-json\/wp\/v2\/types\/post"}],"author":[{"embeddable":true,"href":"https:\/\/super-news.info\/es\/wp-json\/wp\/v2\/users\/2"}],"replies":[{"embeddable":true,"href":"https:\/\/super-news.info\/es\/wp-json\/wp\/v2\/comments?post=6592"}],"version-history":[{"count":1,"href":"https:\/\/super-news.info\/es\/wp-json\/wp\/v2\/posts\/6592\/revisions"}],"predecessor-version":[{"id":6594,"href":"https:\/\/super-news.info\/es\/wp-json\/wp\/v2\/posts\/6592\/revisions\/6594"}],"wp:featuredmedia":[{"embeddable":true,"href":"https:\/\/super-news.info\/es\/wp-json\/wp\/v2\/media\/6593"}],"wp:attachment":[{"href":"https:\/\/super-news.info\/es\/wp-json\/wp\/v2\/media?parent=6592"}],"wp:term":[{"taxonomy":"category","embeddable":true,"href":"https:\/\/super-news.info\/es\/wp-json\/wp\/v2\/categories?post=6592"},{"taxonomy":"post_tag","embeddable":true,"href":"https:\/\/super-news.info\/es\/wp-json\/wp\/v2\/tags?post=6592"}],"curies":[{"name":"wp","href":"https:\/\/api.w.org\/{rel}","templated":true}]}}