{"id":6589,"date":"2019-07-17T23:35:11","date_gmt":"2019-07-17T20:35:11","guid":{"rendered":"https:\/\/super-news.info\/es\/telefonica-firma-con-los-sindicatos-sendos-acuerdos-sobre-el-registro-horario-y-la-desconexion-digital\/"},"modified":"2019-07-17T23:35:12","modified_gmt":"2019-07-17T20:35:12","slug":"telefonica-firma-con-los-sindicatos-sendos-acuerdos-sobre-el-registro-horario-y-la-desconexion-digital","status":"publish","type":"post","link":"https:\/\/super-news.info\/es\/telefonica-firma-con-los-sindicatos-sendos-acuerdos-sobre-el-registro-horario-y-la-desconexion-digital\/","title":{"rendered":"Telef\u00f3nica firma con los sindicatos sendos acuerdos sobre el registro horario y la desconexi\u00f3n digital"},"content":{"rendered":"<p> [ad_1]<\/p>\n<div id=\"CuerpoNoticiav2\" itemprop=\"articleBody\">\n<p>MADRID, 17 Jul. (EUROPA PRESS) &#8211; <\/p>\n<p itemprop=\"description\">   Telef\u00f3nica ha firmado este mi\u00e9rcoles con los sindicatos UGT y CC.OO. dos acuerdos con aplicaci\u00f3n a todas las empresas del grupo en los que se reconoce el derecho a la desconexi\u00f3n digital de los trabajadores y se regula el registro diario de jornada, seg\u00fan han informado las formaciones sindicales en sendos comunicados.<\/p>\n<p>   En concreto, el primero de los acuerdos regula y garantiza el derecho a la desconexi\u00f3n digital durante los tiempos de descanso diario y semanal, permisos, vacaciones, d\u00edas de asuntos propios, incapacidades o excedencias, as\u00ed como el respeto a la intimidad personal y familiar m\u00e1s all\u00e1 del tiempo de trabajo determinado legal o convencionalmente, se trate de personal dentro o fuera de convenio.<\/p>\n<p>   De esta forma, se reconoce el derecho de los trabajadores a que, una vez finalizada la jornada laboral, no se atienda ning\u00fan tipo de comunicaci\u00f3n, con independencia del medio que se utilice. Tan s\u00f3lo se contempla una excepci\u00f3n a este derecho cuando concurra alguna causa de fuerza mayor, un perjuicio grave, inminente o evidente o cuando se perciba un complemento por disponibilidad o similar.<\/p>\n<p>   Igualmente, el acuerdo, que toma como referencia el compromiso suscrito en noviembre entre empresa y sindicatos, prev\u00e9 el impacto de las reuniones, tanto internas como externas con los clientes, as\u00ed como la formaci\u00f3n obligatoria, de tal manera que, con car\u00e1cter general, no se extender\u00e1n m\u00e1s all\u00e1 de la jornada de trabajo.<\/p>\n<p>   Tambi\u00e9n contiene la obligaci\u00f3n de establecer una pol\u00edtica interna con acciones formativas y campa\u00f1as de sensibilizaci\u00f3n que preserve este derecho en los supuestos de realizaci\u00f3n total o parcial del trabajo a distancia, as\u00ed como en el domicilio de la persona trabajadora vinculado al uso con fines laborales de herramientas tecnol\u00f3gicas, sin excluir al personal directivo.<\/p>\n<h2 class=\"ladillo\">REGISTRO DIARIO DE JORNADA<\/h2>\n<p>    Con respecto al segundo acuerdo, el corresponidente al registro diario de jornada, los sindicatos afirman que mejora la &#8220;parca&#8221; regulaci\u00f3n sobre esta materia, despejando dudas y clarificando conceptos que, en la fecha actual, en otros sectores no se han resuelto. La medida es aplicable a las personas trabajadoras dentro y fuera de convenio de las empresas del grupo.<\/p>\n<p>   El registro se realizar\u00e1 a trav\u00e9s de la Tarjeta de Identificaci\u00f3n Personal y, para los supuestos en que la prestaci\u00f3n laboral no se desarrolla f\u00edsicamente en un centro de trabajo, se contempla el establecimiento de un registro de car\u00e1cter telem\u00e1tico. Se considerar\u00e1, de forma general, como tiempo de trabajo efectivo cuando el centro de trabajo sea m\u00f3vil o itinerante, o los desplazamientos sean mandatados por la empresa.<\/p>\n<p>   El acuerdo garantiza el cumplimiento normativo sobre el tratamiento y protecci\u00f3n de datos personales, el derecho a la desconexi\u00f3n digital citado anteriormente, y la utilizaci\u00f3n y aplicaci\u00f3n de horas extraordinarias por necesidades laborales inaplazables. Adem\u00e1s, se explicita la salvaguarda de la fiabilidad, invariabilidad y la imposibilidad de manipulaci\u00f3n y alteraci\u00f3n.<\/p>\n<p>   UGT se\u00f1ala estos dos acuerdos continuar\u00e1n contribuyendo a que se haga patente de forma &#8220;m\u00e1s contundente y di\u00e1fana&#8221; la conciliaci\u00f3n de la vida personal, familiar y laboral, que coadyuvar\u00e1 a mejorar la salud de las personas trabajadoras. &#8220;En definitiva, a mejorar la calidad de vida de todos&#8221;, apostilla.<\/p>\n<p>   Por su parte, CC.OO. considera que estos afianzan y hacen realidad el compromiso de mejora de las condiciones laborales y su adecuaci\u00f3n a las nuevas realidades, dotando de marcos de referencia que proporcionan seguridad en la prestaci\u00f3n laboral, evitan situaciones abusivas o irregulares y convierten a Telef\u00f3nica en referente del resto de empresas del sector de telecomunicaciones y tejido laboral en general.<\/p>\n<\/div>\n<p>[ad_2]<br \/>\n<br \/><a href=\"https:\/\/www.europapress.es\/economia\/noticia-telefonica-firma-sindicatos-sendos-acuerdos-registro-horario-desconexion-digital-20190717174530.html\">Source link <\/a><\/p>\n","protected":false},"excerpt":{"rendered":"<p>[ad_1] MADRID, 17 Jul. (EUROPA PRESS) &#8211; Telef\u00f3nica ha firmado este mi\u00e9rcoles con los sindicatos UGT y CC.OO. dos acuerdos con aplicaci\u00f3n a todas las empresas del grupo en los que se reconoce el derecho a la desconexi\u00f3n digital de los trabajadores y se regula el registro diario de jornada, seg\u00fan han informado las formaciones [&hellip;]<\/p>\n","protected":false},"author":2,"featured_media":6590,"comment_status":"open","ping_status":"open","sticky":false,"template":"","format":"standard","meta":{"footnotes":""},"categories":[1],"tags":[],"class_list":["post-6589","post","type-post","status-publish","format-standard","has-post-thumbnail","hentry","category-noticias-financieras"],"yoast_head":"<!-- This site is optimized with the Yoast SEO plugin v27.4 - https:\/\/yoast.com\/product\/yoast-seo-wordpress\/ -->\n<title>Telef\u00f3nica firma con los sindicatos sendos acuerdos sobre el registro horario y la desconexi\u00f3n digital - Super News<\/title>\n<meta name=\"robots\" content=\"index, follow, max-snippet:-1, max-image-preview:large, max-video-preview:-1\" \/>\n<link rel=\"canonical\" href=\"https:\/\/super-news.info\/es\/telefonica-firma-con-los-sindicatos-sendos-acuerdos-sobre-el-registro-horario-y-la-desconexion-digital\/\" \/>\n<meta property=\"og:locale\" content=\"en_US\" \/>\n<meta property=\"og:type\" content=\"article\" \/>\n<meta property=\"og:title\" content=\"Telef\u00f3nica firma con los sindicatos sendos acuerdos sobre el registro horario y la desconexi\u00f3n digital - Super News\" \/>\n<meta property=\"og:description\" content=\"[ad_1] MADRID, 17 Jul. (EUROPA PRESS) &#8211; Telef\u00f3nica ha firmado este mi\u00e9rcoles con los sindicatos UGT y CC.OO. dos acuerdos con aplicaci\u00f3n a todas las empresas del grupo en los que se reconoce el derecho a la desconexi\u00f3n digital de los trabajadores y se regula el registro diario de jornada, seg\u00fan han informado las formaciones [&hellip;]\" \/>\n<meta property=\"og:url\" content=\"https:\/\/super-news.info\/es\/telefonica-firma-con-los-sindicatos-sendos-acuerdos-sobre-el-registro-horario-y-la-desconexion-digital\/\" \/>\n<meta property=\"og:site_name\" content=\"Super News\" \/>\n<meta property=\"article:published_time\" content=\"2019-07-17T20:35:11+00:00\" \/>\n<meta property=\"article:modified_time\" content=\"2019-07-17T20:35:12+00:00\" \/>\n<meta property=\"og:image\" content=\"https:\/\/super-news.info\/es\/wp-content\/uploads\/sites\/4\/2019\/07\/Telef\u00f3nica-firma-con-los-sindicatos-sendos-acuerdos-sobre-el-registro.jpg\" \/>\n\t<meta property=\"og:image:width\" content=\"120\" \/>\n\t<meta property=\"og:image:height\" content=\"80\" \/>\n\t<meta property=\"og:image:type\" content=\"image\/jpeg\" \/>\n<meta name=\"author\" content=\"super-news\" \/>\n<meta name=\"twitter:card\" content=\"summary_large_image\" \/>\n<meta name=\"twitter:label1\" content=\"Written by\" \/>\n\t<meta name=\"twitter:data1\" content=\"super-news\" \/>\n\t<meta name=\"twitter:label2\" content=\"Est. reading time\" \/>\n\t<meta name=\"twitter:data2\" content=\"3 minutes\" \/>\n<script type=\"application\/ld+json\" class=\"yoast-schema-graph\">{\"@context\":\"https:\\\/\\\/schema.org\",\"@graph\":[{\"@type\":\"Article\",\"@id\":\"https:\\\/\\\/super-news.info\\\/es\\\/telefonica-firma-con-los-sindicatos-sendos-acuerdos-sobre-el-registro-horario-y-la-desconexion-digital\\\/#article\",\"isPartOf\":{\"@id\":\"https:\\\/\\\/super-news.info\\\/es\\\/telefonica-firma-con-los-sindicatos-sendos-acuerdos-sobre-el-registro-horario-y-la-desconexion-digital\\\/\"},\"author\":{\"name\":\"super-news\",\"@id\":\"https:\\\/\\\/super-news.info\\\/es\\\/#\\\/schema\\\/person\\\/2d4068cb2f39cd10008c2fce578a7356\"},\"headline\":\"Telef\u00f3nica firma con los sindicatos sendos acuerdos sobre el registro horario y la desconexi\u00f3n digital\",\"datePublished\":\"2019-07-17T20:35:11+00:00\",\"dateModified\":\"2019-07-17T20:35:12+00:00\",\"mainEntityOfPage\":{\"@id\":\"https:\\\/\\\/super-news.info\\\/es\\\/telefonica-firma-con-los-sindicatos-sendos-acuerdos-sobre-el-registro-horario-y-la-desconexion-digital\\\/\"},\"wordCount\":647,\"commentCount\":0,\"image\":{\"@id\":\"https:\\\/\\\/super-news.info\\\/es\\\/telefonica-firma-con-los-sindicatos-sendos-acuerdos-sobre-el-registro-horario-y-la-desconexion-digital\\\/#primaryimage\"},\"thumbnailUrl\":\"https:\\\/\\\/super-news.info\\\/es\\\/wp-content\\\/uploads\\\/sites\\\/4\\\/2019\\\/07\\\/Telef\u00f3nica-firma-con-los-sindicatos-sendos-acuerdos-sobre-el-registro.jpg\",\"articleSection\":[\"NOTICIAS FINANCIERAS\"],\"inLanguage\":\"en-US\",\"potentialAction\":[{\"@type\":\"CommentAction\",\"name\":\"Comment\",\"target\":[\"https:\\\/\\\/super-news.info\\\/es\\\/telefonica-firma-con-los-sindicatos-sendos-acuerdos-sobre-el-registro-horario-y-la-desconexion-digital\\\/#respond\"]}]},{\"@type\":\"WebPage\",\"@id\":\"https:\\\/\\\/super-news.info\\\/es\\\/telefonica-firma-con-los-sindicatos-sendos-acuerdos-sobre-el-registro-horario-y-la-desconexion-digital\\\/\",\"url\":\"https:\\\/\\\/super-news.info\\\/es\\\/telefonica-firma-con-los-sindicatos-sendos-acuerdos-sobre-el-registro-horario-y-la-desconexion-digital\\\/\",\"name\":\"Telef\u00f3nica firma con los sindicatos sendos acuerdos sobre el registro horario y la desconexi\u00f3n digital - Super News\",\"isPartOf\":{\"@id\":\"https:\\\/\\\/super-news.info\\\/es\\\/#website\"},\"primaryImageOfPage\":{\"@id\":\"https:\\\/\\\/super-news.info\\\/es\\\/telefonica-firma-con-los-sindicatos-sendos-acuerdos-sobre-el-registro-horario-y-la-desconexion-digital\\\/#primaryimage\"},\"image\":{\"@id\":\"https:\\\/\\\/super-news.info\\\/es\\\/telefonica-firma-con-los-sindicatos-sendos-acuerdos-sobre-el-registro-horario-y-la-desconexion-digital\\\/#primaryimage\"},\"thumbnailUrl\":\"https:\\\/\\\/super-news.info\\\/es\\\/wp-content\\\/uploads\\\/sites\\\/4\\\/2019\\\/07\\\/Telef\u00f3nica-firma-con-los-sindicatos-sendos-acuerdos-sobre-el-registro.jpg\",\"datePublished\":\"2019-07-17T20:35:11+00:00\",\"dateModified\":\"2019-07-17T20:35:12+00:00\",\"author\":{\"@id\":\"https:\\\/\\\/super-news.info\\\/es\\\/#\\\/schema\\\/person\\\/2d4068cb2f39cd10008c2fce578a7356\"},\"breadcrumb\":{\"@id\":\"https:\\\/\\\/super-news.info\\\/es\\\/telefonica-firma-con-los-sindicatos-sendos-acuerdos-sobre-el-registro-horario-y-la-desconexion-digital\\\/#breadcrumb\"},\"inLanguage\":\"en-US\",\"potentialAction\":[{\"@type\":\"ReadAction\",\"target\":[\"https:\\\/\\\/super-news.info\\\/es\\\/telefonica-firma-con-los-sindicatos-sendos-acuerdos-sobre-el-registro-horario-y-la-desconexion-digital\\\/\"]}]},{\"@type\":\"ImageObject\",\"inLanguage\":\"en-US\",\"@id\":\"https:\\\/\\\/super-news.info\\\/es\\\/telefonica-firma-con-los-sindicatos-sendos-acuerdos-sobre-el-registro-horario-y-la-desconexion-digital\\\/#primaryimage\",\"url\":\"https:\\\/\\\/super-news.info\\\/es\\\/wp-content\\\/uploads\\\/sites\\\/4\\\/2019\\\/07\\\/Telef\u00f3nica-firma-con-los-sindicatos-sendos-acuerdos-sobre-el-registro.jpg\",\"contentUrl\":\"https:\\\/\\\/super-news.info\\\/es\\\/wp-content\\\/uploads\\\/sites\\\/4\\\/2019\\\/07\\\/Telef\u00f3nica-firma-con-los-sindicatos-sendos-acuerdos-sobre-el-registro.jpg\",\"width\":120,\"height\":80,\"caption\":\"Telef\u00f3nica firma con los sindicatos sendos acuerdos sobre el registro horario y la desconexi\u00f3n digital\"},{\"@type\":\"BreadcrumbList\",\"@id\":\"https:\\\/\\\/super-news.info\\\/es\\\/telefonica-firma-con-los-sindicatos-sendos-acuerdos-sobre-el-registro-horario-y-la-desconexion-digital\\\/#breadcrumb\",\"itemListElement\":[{\"@type\":\"ListItem\",\"position\":1,\"name\":\"\u0413\u043b\u0430\u0432\u043d\u0430\u044f \u0441\u0442\u0440\u0430\u043d\u0438\u0446\u0430\",\"item\":\"https:\\\/\\\/super-news.info\\\/es\\\/\"},{\"@type\":\"ListItem\",\"position\":2,\"name\":\"Telef\u00f3nica firma con los sindicatos sendos acuerdos sobre el registro horario y la desconexi\u00f3n digital\"}]},{\"@type\":\"WebSite\",\"@id\":\"https:\\\/\\\/super-news.info\\\/es\\\/#website\",\"url\":\"https:\\\/\\\/super-news.info\\\/es\\\/\",\"name\":\"Super News\",\"description\":\"Super News Espa\u00f1a\",\"potentialAction\":[{\"@type\":\"SearchAction\",\"target\":{\"@type\":\"EntryPoint\",\"urlTemplate\":\"https:\\\/\\\/super-news.info\\\/es\\\/?s={search_term_string}\"},\"query-input\":{\"@type\":\"PropertyValueSpecification\",\"valueRequired\":true,\"valueName\":\"search_term_string\"}}],\"inLanguage\":\"en-US\"},{\"@type\":\"Person\",\"@id\":\"https:\\\/\\\/super-news.info\\\/es\\\/#\\\/schema\\\/person\\\/2d4068cb2f39cd10008c2fce578a7356\",\"name\":\"super-news\",\"image\":{\"@type\":\"ImageObject\",\"inLanguage\":\"en-US\",\"@id\":\"https:\\\/\\\/secure.gravatar.com\\\/avatar\\\/64ebac40b93f26a154f8a9b5b6fdccfc46f442b26b3dd6756dbff3bf9dc76fd7?s=96&d=mm&r=g\",\"url\":\"https:\\\/\\\/secure.gravatar.com\\\/avatar\\\/64ebac40b93f26a154f8a9b5b6fdccfc46f442b26b3dd6756dbff3bf9dc76fd7?s=96&d=mm&r=g\",\"contentUrl\":\"https:\\\/\\\/secure.gravatar.com\\\/avatar\\\/64ebac40b93f26a154f8a9b5b6fdccfc46f442b26b3dd6756dbff3bf9dc76fd7?s=96&d=mm&r=g\",\"caption\":\"super-news\"},\"url\":\"https:\\\/\\\/super-news.info\\\/es\\\/author\\\/pt\\\/\"}]}<\/script>\n<!-- \/ Yoast SEO plugin. -->","yoast_head_json":{"title":"Telef\u00f3nica firma con los sindicatos sendos acuerdos sobre el registro horario y la desconexi\u00f3n digital - Super News","robots":{"index":"index","follow":"follow","max-snippet":"max-snippet:-1","max-image-preview":"max-image-preview:large","max-video-preview":"max-video-preview:-1"},"canonical":"https:\/\/super-news.info\/es\/telefonica-firma-con-los-sindicatos-sendos-acuerdos-sobre-el-registro-horario-y-la-desconexion-digital\/","og_locale":"en_US","og_type":"article","og_title":"Telef\u00f3nica firma con los sindicatos sendos acuerdos sobre el registro horario y la desconexi\u00f3n digital - Super News","og_description":"[ad_1] MADRID, 17 Jul. (EUROPA PRESS) &#8211; Telef\u00f3nica ha firmado este mi\u00e9rcoles con los sindicatos UGT y CC.OO. dos acuerdos con aplicaci\u00f3n a todas las empresas del grupo en los que se reconoce el derecho a la desconexi\u00f3n digital de los trabajadores y se regula el registro diario de jornada, seg\u00fan han informado las formaciones [&hellip;]","og_url":"https:\/\/super-news.info\/es\/telefonica-firma-con-los-sindicatos-sendos-acuerdos-sobre-el-registro-horario-y-la-desconexion-digital\/","og_site_name":"Super News","article_published_time":"2019-07-17T20:35:11+00:00","article_modified_time":"2019-07-17T20:35:12+00:00","og_image":[{"width":120,"height":80,"url":"https:\/\/super-news.info\/es\/wp-content\/uploads\/sites\/4\/2019\/07\/Telef\u00f3nica-firma-con-los-sindicatos-sendos-acuerdos-sobre-el-registro.jpg","type":"image\/jpeg"}],"author":"super-news","twitter_card":"summary_large_image","twitter_misc":{"Written by":"super-news","Est. reading time":"3 minutes"},"schema":{"@context":"https:\/\/schema.org","@graph":[{"@type":"Article","@id":"https:\/\/super-news.info\/es\/telefonica-firma-con-los-sindicatos-sendos-acuerdos-sobre-el-registro-horario-y-la-desconexion-digital\/#article","isPartOf":{"@id":"https:\/\/super-news.info\/es\/telefonica-firma-con-los-sindicatos-sendos-acuerdos-sobre-el-registro-horario-y-la-desconexion-digital\/"},"author":{"name":"super-news","@id":"https:\/\/super-news.info\/es\/#\/schema\/person\/2d4068cb2f39cd10008c2fce578a7356"},"headline":"Telef\u00f3nica firma con los sindicatos sendos acuerdos sobre el registro horario y la desconexi\u00f3n digital","datePublished":"2019-07-17T20:35:11+00:00","dateModified":"2019-07-17T20:35:12+00:00","mainEntityOfPage":{"@id":"https:\/\/super-news.info\/es\/telefonica-firma-con-los-sindicatos-sendos-acuerdos-sobre-el-registro-horario-y-la-desconexion-digital\/"},"wordCount":647,"commentCount":0,"image":{"@id":"https:\/\/super-news.info\/es\/telefonica-firma-con-los-sindicatos-sendos-acuerdos-sobre-el-registro-horario-y-la-desconexion-digital\/#primaryimage"},"thumbnailUrl":"https:\/\/super-news.info\/es\/wp-content\/uploads\/sites\/4\/2019\/07\/Telef\u00f3nica-firma-con-los-sindicatos-sendos-acuerdos-sobre-el-registro.jpg","articleSection":["NOTICIAS FINANCIERAS"],"inLanguage":"en-US","potentialAction":[{"@type":"CommentAction","name":"Comment","target":["https:\/\/super-news.info\/es\/telefonica-firma-con-los-sindicatos-sendos-acuerdos-sobre-el-registro-horario-y-la-desconexion-digital\/#respond"]}]},{"@type":"WebPage","@id":"https:\/\/super-news.info\/es\/telefonica-firma-con-los-sindicatos-sendos-acuerdos-sobre-el-registro-horario-y-la-desconexion-digital\/","url":"https:\/\/super-news.info\/es\/telefonica-firma-con-los-sindicatos-sendos-acuerdos-sobre-el-registro-horario-y-la-desconexion-digital\/","name":"Telef\u00f3nica firma con los sindicatos sendos acuerdos sobre el registro horario y la desconexi\u00f3n digital - Super News","isPartOf":{"@id":"https:\/\/super-news.info\/es\/#website"},"primaryImageOfPage":{"@id":"https:\/\/super-news.info\/es\/telefonica-firma-con-los-sindicatos-sendos-acuerdos-sobre-el-registro-horario-y-la-desconexion-digital\/#primaryimage"},"image":{"@id":"https:\/\/super-news.info\/es\/telefonica-firma-con-los-sindicatos-sendos-acuerdos-sobre-el-registro-horario-y-la-desconexion-digital\/#primaryimage"},"thumbnailUrl":"https:\/\/super-news.info\/es\/wp-content\/uploads\/sites\/4\/2019\/07\/Telef\u00f3nica-firma-con-los-sindicatos-sendos-acuerdos-sobre-el-registro.jpg","datePublished":"2019-07-17T20:35:11+00:00","dateModified":"2019-07-17T20:35:12+00:00","author":{"@id":"https:\/\/super-news.info\/es\/#\/schema\/person\/2d4068cb2f39cd10008c2fce578a7356"},"breadcrumb":{"@id":"https:\/\/super-news.info\/es\/telefonica-firma-con-los-sindicatos-sendos-acuerdos-sobre-el-registro-horario-y-la-desconexion-digital\/#breadcrumb"},"inLanguage":"en-US","potentialAction":[{"@type":"ReadAction","target":["https:\/\/super-news.info\/es\/telefonica-firma-con-los-sindicatos-sendos-acuerdos-sobre-el-registro-horario-y-la-desconexion-digital\/"]}]},{"@type":"ImageObject","inLanguage":"en-US","@id":"https:\/\/super-news.info\/es\/telefonica-firma-con-los-sindicatos-sendos-acuerdos-sobre-el-registro-horario-y-la-desconexion-digital\/#primaryimage","url":"https:\/\/super-news.info\/es\/wp-content\/uploads\/sites\/4\/2019\/07\/Telef\u00f3nica-firma-con-los-sindicatos-sendos-acuerdos-sobre-el-registro.jpg","contentUrl":"https:\/\/super-news.info\/es\/wp-content\/uploads\/sites\/4\/2019\/07\/Telef\u00f3nica-firma-con-los-sindicatos-sendos-acuerdos-sobre-el-registro.jpg","width":120,"height":80,"caption":"Telef\u00f3nica firma con los sindicatos sendos acuerdos sobre el registro horario y la desconexi\u00f3n digital"},{"@type":"BreadcrumbList","@id":"https:\/\/super-news.info\/es\/telefonica-firma-con-los-sindicatos-sendos-acuerdos-sobre-el-registro-horario-y-la-desconexion-digital\/#breadcrumb","itemListElement":[{"@type":"ListItem","position":1,"name":"\u0413\u043b\u0430\u0432\u043d\u0430\u044f \u0441\u0442\u0440\u0430\u043d\u0438\u0446\u0430","item":"https:\/\/super-news.info\/es\/"},{"@type":"ListItem","position":2,"name":"Telef\u00f3nica firma con los sindicatos sendos acuerdos sobre el registro horario y la desconexi\u00f3n digital"}]},{"@type":"WebSite","@id":"https:\/\/super-news.info\/es\/#website","url":"https:\/\/super-news.info\/es\/","name":"Super News","description":"Super News Espa\u00f1a","potentialAction":[{"@type":"SearchAction","target":{"@type":"EntryPoint","urlTemplate":"https:\/\/super-news.info\/es\/?s={search_term_string}"},"query-input":{"@type":"PropertyValueSpecification","valueRequired":true,"valueName":"search_term_string"}}],"inLanguage":"en-US"},{"@type":"Person","@id":"https:\/\/super-news.info\/es\/#\/schema\/person\/2d4068cb2f39cd10008c2fce578a7356","name":"super-news","image":{"@type":"ImageObject","inLanguage":"en-US","@id":"https:\/\/secure.gravatar.com\/avatar\/64ebac40b93f26a154f8a9b5b6fdccfc46f442b26b3dd6756dbff3bf9dc76fd7?s=96&d=mm&r=g","url":"https:\/\/secure.gravatar.com\/avatar\/64ebac40b93f26a154f8a9b5b6fdccfc46f442b26b3dd6756dbff3bf9dc76fd7?s=96&d=mm&r=g","contentUrl":"https:\/\/secure.gravatar.com\/avatar\/64ebac40b93f26a154f8a9b5b6fdccfc46f442b26b3dd6756dbff3bf9dc76fd7?s=96&d=mm&r=g","caption":"super-news"},"url":"https:\/\/super-news.info\/es\/author\/pt\/"}]}},"_links":{"self":[{"href":"https:\/\/super-news.info\/es\/wp-json\/wp\/v2\/posts\/6589","targetHints":{"allow":["GET"]}}],"collection":[{"href":"https:\/\/super-news.info\/es\/wp-json\/wp\/v2\/posts"}],"about":[{"href":"https:\/\/super-news.info\/es\/wp-json\/wp\/v2\/types\/post"}],"author":[{"embeddable":true,"href":"https:\/\/super-news.info\/es\/wp-json\/wp\/v2\/users\/2"}],"replies":[{"embeddable":true,"href":"https:\/\/super-news.info\/es\/wp-json\/wp\/v2\/comments?post=6589"}],"version-history":[{"count":1,"href":"https:\/\/super-news.info\/es\/wp-json\/wp\/v2\/posts\/6589\/revisions"}],"predecessor-version":[{"id":6591,"href":"https:\/\/super-news.info\/es\/wp-json\/wp\/v2\/posts\/6589\/revisions\/6591"}],"wp:featuredmedia":[{"embeddable":true,"href":"https:\/\/super-news.info\/es\/wp-json\/wp\/v2\/media\/6590"}],"wp:attachment":[{"href":"https:\/\/super-news.info\/es\/wp-json\/wp\/v2\/media?parent=6589"}],"wp:term":[{"taxonomy":"category","embeddable":true,"href":"https:\/\/super-news.info\/es\/wp-json\/wp\/v2\/categories?post=6589"},{"taxonomy":"post_tag","embeddable":true,"href":"https:\/\/super-news.info\/es\/wp-json\/wp\/v2\/tags?post=6589"}],"curies":[{"name":"wp","href":"https:\/\/api.w.org\/{rel}","templated":true}]}}