{"id":6577,"date":"2019-07-17T21:20:43","date_gmt":"2019-07-17T18:20:43","guid":{"rendered":"https:\/\/super-news.info\/es\/valerio-se-reune-en-nueva-york-con-el-secretario-general-de-naciones-unidas\/"},"modified":"2019-07-17T21:20:44","modified_gmt":"2019-07-17T18:20:44","slug":"valerio-se-reune-en-nueva-york-con-el-secretario-general-de-naciones-unidas","status":"publish","type":"post","link":"https:\/\/super-news.info\/es\/valerio-se-reune-en-nueva-york-con-el-secretario-general-de-naciones-unidas\/","title":{"rendered":"Valerio se re\u00fane en Nueva York con el secretario general de Naciones Unidas"},"content":{"rendered":"<p> [ad_1]<\/p>\n<div id=\"CuerpoNoticiav2\" itemprop=\"articleBody\">\n<p>MADRID, 17 Jul. (EUROPA PRESS) &#8211; <\/p>\n<p itemprop=\"description\">   La ministra de Trabajo, Migraciones y Seguridad Social, Magdalena Valerio, ha mantenido un encuentro con el secretario general de Naciones Unidas, Antonio Guterres, en su sede, seg\u00fan ha informado el Ministerio en un comunicado.<\/p>\n<p>   El encuentro se ha producido en el marco de la visita a Nueva York de la ministra para abordar asuntos de inter\u00e9s com\u00fan y el seguimiento de la implantaci\u00f3n de los Objetivos de Desarrollo Sostenible de la Agenda 2030.<\/p>\n<p>   Ambos han coincido en que las grandes preocupaciones comunes son el cambio clim\u00e1tico y la transici\u00f3n &#8220;justa&#8221;, los cambios tecnol\u00f3gicos derivados de la digitalizaci\u00f3n, la necesidad de avanzar en nuevas formas de protecci\u00f3n social y la formaci\u00f3n continua a lo largo de toda la vida laboral.<\/p>\n<p>   Valerio le ha transmitido a Guterres el esfuerzo y compromiso del Gobierno espa\u00f1ol con el crecimiento sostenible y el empleo decente. La ministra ha destacado que el Gobierno est\u00e1 convencido de que es importante explicar la acci\u00f3n que ha realizado durante a\u00f1o, porque ha estado marcada por los objetivos de desarrollo sostenible.<\/p>\n<p>  &#8220;Estamos aqu\u00ed para defender una vez m\u00e1s que el trabajo decente y que el crecimiento inclusivo no son una opci\u00f3n, son una obligaci\u00f3n en la que deben trabajar todos los gobiernos&#8221;, ha remarcado.<\/p>\n<\/div>\n<p>[ad_2]<br \/>\n<br \/><a href=\"https:\/\/www.europapress.es\/economia\/laboral-00346\/noticia-valerio-reune-nueva-york-secretario-general-naciones-unidas-20190717184419.html\">Source link <\/a><\/p>\n","protected":false},"excerpt":{"rendered":"<p>[ad_1] MADRID, 17 Jul. (EUROPA PRESS) &#8211; La ministra de Trabajo, Migraciones y Seguridad Social, Magdalena Valerio, ha mantenido un encuentro con el secretario general de Naciones Unidas, Antonio Guterres, en su sede, seg\u00fan ha informado el Ministerio en un comunicado. El encuentro se ha producido en el marco de la visita a Nueva York [&hellip;]<\/p>\n","protected":false},"author":2,"featured_media":6578,"comment_status":"open","ping_status":"open","sticky":false,"template":"","format":"standard","meta":{"footnotes":""},"categories":[1],"tags":[],"class_list":["post-6577","post","type-post","status-publish","format-standard","has-post-thumbnail","hentry","category-noticias-financieras"],"yoast_head":"<!-- This site is optimized with the Yoast SEO plugin v27.4 - https:\/\/yoast.com\/product\/yoast-seo-wordpress\/ -->\n<title>Valerio se re\u00fane en Nueva York con el secretario general de Naciones Unidas - Super News<\/title>\n<meta name=\"robots\" content=\"index, follow, max-snippet:-1, max-image-preview:large, max-video-preview:-1\" \/>\n<link rel=\"canonical\" href=\"https:\/\/super-news.info\/es\/valerio-se-reune-en-nueva-york-con-el-secretario-general-de-naciones-unidas\/\" \/>\n<meta property=\"og:locale\" content=\"en_US\" \/>\n<meta property=\"og:type\" content=\"article\" \/>\n<meta property=\"og:title\" content=\"Valerio se re\u00fane en Nueva York con el secretario general de Naciones Unidas - Super News\" \/>\n<meta property=\"og:description\" content=\"[ad_1] MADRID, 17 Jul. (EUROPA PRESS) &#8211; La ministra de Trabajo, Migraciones y Seguridad Social, Magdalena Valerio, ha mantenido un encuentro con el secretario general de Naciones Unidas, Antonio Guterres, en su sede, seg\u00fan ha informado el Ministerio en un comunicado. El encuentro se ha producido en el marco de la visita a Nueva York [&hellip;]\" \/>\n<meta property=\"og:url\" content=\"https:\/\/super-news.info\/es\/valerio-se-reune-en-nueva-york-con-el-secretario-general-de-naciones-unidas\/\" \/>\n<meta property=\"og:site_name\" content=\"Super News\" \/>\n<meta property=\"article:published_time\" content=\"2019-07-17T18:20:43+00:00\" \/>\n<meta property=\"article:modified_time\" content=\"2019-07-17T18:20:44+00:00\" \/>\n<meta property=\"og:image\" content=\"https:\/\/super-news.info\/es\/wp-content\/uploads\/sites\/4\/2019\/07\/Valerio-se-re\u00fane-en-Nueva-York-con-el-secretario-general.jpg\" \/>\n\t<meta property=\"og:image:width\" content=\"120\" \/>\n\t<meta property=\"og:image:height\" content=\"90\" \/>\n\t<meta property=\"og:image:type\" content=\"image\/jpeg\" \/>\n<meta name=\"author\" content=\"super-news\" \/>\n<meta name=\"twitter:card\" content=\"summary_large_image\" \/>\n<meta name=\"twitter:label1\" content=\"Written by\" \/>\n\t<meta name=\"twitter:data1\" content=\"super-news\" \/>\n\t<meta name=\"twitter:label2\" content=\"Est. reading time\" \/>\n\t<meta name=\"twitter:data2\" content=\"1 minute\" \/>\n<script type=\"application\/ld+json\" class=\"yoast-schema-graph\">{\"@context\":\"https:\\\/\\\/schema.org\",\"@graph\":[{\"@type\":\"Article\",\"@id\":\"https:\\\/\\\/super-news.info\\\/es\\\/valerio-se-reune-en-nueva-york-con-el-secretario-general-de-naciones-unidas\\\/#article\",\"isPartOf\":{\"@id\":\"https:\\\/\\\/super-news.info\\\/es\\\/valerio-se-reune-en-nueva-york-con-el-secretario-general-de-naciones-unidas\\\/\"},\"author\":{\"name\":\"super-news\",\"@id\":\"https:\\\/\\\/super-news.info\\\/es\\\/#\\\/schema\\\/person\\\/2d4068cb2f39cd10008c2fce578a7356\"},\"headline\":\"Valerio se re\u00fane en Nueva York con el secretario general de Naciones Unidas\",\"datePublished\":\"2019-07-17T18:20:43+00:00\",\"dateModified\":\"2019-07-17T18:20:44+00:00\",\"mainEntityOfPage\":{\"@id\":\"https:\\\/\\\/super-news.info\\\/es\\\/valerio-se-reune-en-nueva-york-con-el-secretario-general-de-naciones-unidas\\\/\"},\"wordCount\":242,\"commentCount\":0,\"image\":{\"@id\":\"https:\\\/\\\/super-news.info\\\/es\\\/valerio-se-reune-en-nueva-york-con-el-secretario-general-de-naciones-unidas\\\/#primaryimage\"},\"thumbnailUrl\":\"https:\\\/\\\/super-news.info\\\/es\\\/wp-content\\\/uploads\\\/sites\\\/4\\\/2019\\\/07\\\/Valerio-se-re\u00fane-en-Nueva-York-con-el-secretario-general.jpg\",\"articleSection\":[\"NOTICIAS FINANCIERAS\"],\"inLanguage\":\"en-US\",\"potentialAction\":[{\"@type\":\"CommentAction\",\"name\":\"Comment\",\"target\":[\"https:\\\/\\\/super-news.info\\\/es\\\/valerio-se-reune-en-nueva-york-con-el-secretario-general-de-naciones-unidas\\\/#respond\"]}]},{\"@type\":\"WebPage\",\"@id\":\"https:\\\/\\\/super-news.info\\\/es\\\/valerio-se-reune-en-nueva-york-con-el-secretario-general-de-naciones-unidas\\\/\",\"url\":\"https:\\\/\\\/super-news.info\\\/es\\\/valerio-se-reune-en-nueva-york-con-el-secretario-general-de-naciones-unidas\\\/\",\"name\":\"Valerio se re\u00fane en Nueva York con el secretario general de Naciones Unidas - Super News\",\"isPartOf\":{\"@id\":\"https:\\\/\\\/super-news.info\\\/es\\\/#website\"},\"primaryImageOfPage\":{\"@id\":\"https:\\\/\\\/super-news.info\\\/es\\\/valerio-se-reune-en-nueva-york-con-el-secretario-general-de-naciones-unidas\\\/#primaryimage\"},\"image\":{\"@id\":\"https:\\\/\\\/super-news.info\\\/es\\\/valerio-se-reune-en-nueva-york-con-el-secretario-general-de-naciones-unidas\\\/#primaryimage\"},\"thumbnailUrl\":\"https:\\\/\\\/super-news.info\\\/es\\\/wp-content\\\/uploads\\\/sites\\\/4\\\/2019\\\/07\\\/Valerio-se-re\u00fane-en-Nueva-York-con-el-secretario-general.jpg\",\"datePublished\":\"2019-07-17T18:20:43+00:00\",\"dateModified\":\"2019-07-17T18:20:44+00:00\",\"author\":{\"@id\":\"https:\\\/\\\/super-news.info\\\/es\\\/#\\\/schema\\\/person\\\/2d4068cb2f39cd10008c2fce578a7356\"},\"breadcrumb\":{\"@id\":\"https:\\\/\\\/super-news.info\\\/es\\\/valerio-se-reune-en-nueva-york-con-el-secretario-general-de-naciones-unidas\\\/#breadcrumb\"},\"inLanguage\":\"en-US\",\"potentialAction\":[{\"@type\":\"ReadAction\",\"target\":[\"https:\\\/\\\/super-news.info\\\/es\\\/valerio-se-reune-en-nueva-york-con-el-secretario-general-de-naciones-unidas\\\/\"]}]},{\"@type\":\"ImageObject\",\"inLanguage\":\"en-US\",\"@id\":\"https:\\\/\\\/super-news.info\\\/es\\\/valerio-se-reune-en-nueva-york-con-el-secretario-general-de-naciones-unidas\\\/#primaryimage\",\"url\":\"https:\\\/\\\/super-news.info\\\/es\\\/wp-content\\\/uploads\\\/sites\\\/4\\\/2019\\\/07\\\/Valerio-se-re\u00fane-en-Nueva-York-con-el-secretario-general.jpg\",\"contentUrl\":\"https:\\\/\\\/super-news.info\\\/es\\\/wp-content\\\/uploads\\\/sites\\\/4\\\/2019\\\/07\\\/Valerio-se-re\u00fane-en-Nueva-York-con-el-secretario-general.jpg\",\"width\":120,\"height\":90,\"caption\":\"Valerio se re\u00fane en Nueva York con el secretario general de Naciones Unidas\"},{\"@type\":\"BreadcrumbList\",\"@id\":\"https:\\\/\\\/super-news.info\\\/es\\\/valerio-se-reune-en-nueva-york-con-el-secretario-general-de-naciones-unidas\\\/#breadcrumb\",\"itemListElement\":[{\"@type\":\"ListItem\",\"position\":1,\"name\":\"\u0413\u043b\u0430\u0432\u043d\u0430\u044f \u0441\u0442\u0440\u0430\u043d\u0438\u0446\u0430\",\"item\":\"https:\\\/\\\/super-news.info\\\/es\\\/\"},{\"@type\":\"ListItem\",\"position\":2,\"name\":\"Valerio se re\u00fane en Nueva York con el secretario general de Naciones Unidas\"}]},{\"@type\":\"WebSite\",\"@id\":\"https:\\\/\\\/super-news.info\\\/es\\\/#website\",\"url\":\"https:\\\/\\\/super-news.info\\\/es\\\/\",\"name\":\"Super News\",\"description\":\"Super News Espa\u00f1a\",\"potentialAction\":[{\"@type\":\"SearchAction\",\"target\":{\"@type\":\"EntryPoint\",\"urlTemplate\":\"https:\\\/\\\/super-news.info\\\/es\\\/?s={search_term_string}\"},\"query-input\":{\"@type\":\"PropertyValueSpecification\",\"valueRequired\":true,\"valueName\":\"search_term_string\"}}],\"inLanguage\":\"en-US\"},{\"@type\":\"Person\",\"@id\":\"https:\\\/\\\/super-news.info\\\/es\\\/#\\\/schema\\\/person\\\/2d4068cb2f39cd10008c2fce578a7356\",\"name\":\"super-news\",\"image\":{\"@type\":\"ImageObject\",\"inLanguage\":\"en-US\",\"@id\":\"https:\\\/\\\/secure.gravatar.com\\\/avatar\\\/64ebac40b93f26a154f8a9b5b6fdccfc46f442b26b3dd6756dbff3bf9dc76fd7?s=96&d=mm&r=g\",\"url\":\"https:\\\/\\\/secure.gravatar.com\\\/avatar\\\/64ebac40b93f26a154f8a9b5b6fdccfc46f442b26b3dd6756dbff3bf9dc76fd7?s=96&d=mm&r=g\",\"contentUrl\":\"https:\\\/\\\/secure.gravatar.com\\\/avatar\\\/64ebac40b93f26a154f8a9b5b6fdccfc46f442b26b3dd6756dbff3bf9dc76fd7?s=96&d=mm&r=g\",\"caption\":\"super-news\"},\"url\":\"https:\\\/\\\/super-news.info\\\/es\\\/author\\\/pt\\\/\"}]}<\/script>\n<!-- \/ Yoast SEO plugin. -->","yoast_head_json":{"title":"Valerio se re\u00fane en Nueva York con el secretario general de Naciones Unidas - Super News","robots":{"index":"index","follow":"follow","max-snippet":"max-snippet:-1","max-image-preview":"max-image-preview:large","max-video-preview":"max-video-preview:-1"},"canonical":"https:\/\/super-news.info\/es\/valerio-se-reune-en-nueva-york-con-el-secretario-general-de-naciones-unidas\/","og_locale":"en_US","og_type":"article","og_title":"Valerio se re\u00fane en Nueva York con el secretario general de Naciones Unidas - Super News","og_description":"[ad_1] MADRID, 17 Jul. (EUROPA PRESS) &#8211; La ministra de Trabajo, Migraciones y Seguridad Social, Magdalena Valerio, ha mantenido un encuentro con el secretario general de Naciones Unidas, Antonio Guterres, en su sede, seg\u00fan ha informado el Ministerio en un comunicado. El encuentro se ha producido en el marco de la visita a Nueva York [&hellip;]","og_url":"https:\/\/super-news.info\/es\/valerio-se-reune-en-nueva-york-con-el-secretario-general-de-naciones-unidas\/","og_site_name":"Super News","article_published_time":"2019-07-17T18:20:43+00:00","article_modified_time":"2019-07-17T18:20:44+00:00","og_image":[{"width":120,"height":90,"url":"https:\/\/super-news.info\/es\/wp-content\/uploads\/sites\/4\/2019\/07\/Valerio-se-re\u00fane-en-Nueva-York-con-el-secretario-general.jpg","type":"image\/jpeg"}],"author":"super-news","twitter_card":"summary_large_image","twitter_misc":{"Written by":"super-news","Est. reading time":"1 minute"},"schema":{"@context":"https:\/\/schema.org","@graph":[{"@type":"Article","@id":"https:\/\/super-news.info\/es\/valerio-se-reune-en-nueva-york-con-el-secretario-general-de-naciones-unidas\/#article","isPartOf":{"@id":"https:\/\/super-news.info\/es\/valerio-se-reune-en-nueva-york-con-el-secretario-general-de-naciones-unidas\/"},"author":{"name":"super-news","@id":"https:\/\/super-news.info\/es\/#\/schema\/person\/2d4068cb2f39cd10008c2fce578a7356"},"headline":"Valerio se re\u00fane en Nueva York con el secretario general de Naciones Unidas","datePublished":"2019-07-17T18:20:43+00:00","dateModified":"2019-07-17T18:20:44+00:00","mainEntityOfPage":{"@id":"https:\/\/super-news.info\/es\/valerio-se-reune-en-nueva-york-con-el-secretario-general-de-naciones-unidas\/"},"wordCount":242,"commentCount":0,"image":{"@id":"https:\/\/super-news.info\/es\/valerio-se-reune-en-nueva-york-con-el-secretario-general-de-naciones-unidas\/#primaryimage"},"thumbnailUrl":"https:\/\/super-news.info\/es\/wp-content\/uploads\/sites\/4\/2019\/07\/Valerio-se-re\u00fane-en-Nueva-York-con-el-secretario-general.jpg","articleSection":["NOTICIAS FINANCIERAS"],"inLanguage":"en-US","potentialAction":[{"@type":"CommentAction","name":"Comment","target":["https:\/\/super-news.info\/es\/valerio-se-reune-en-nueva-york-con-el-secretario-general-de-naciones-unidas\/#respond"]}]},{"@type":"WebPage","@id":"https:\/\/super-news.info\/es\/valerio-se-reune-en-nueva-york-con-el-secretario-general-de-naciones-unidas\/","url":"https:\/\/super-news.info\/es\/valerio-se-reune-en-nueva-york-con-el-secretario-general-de-naciones-unidas\/","name":"Valerio se re\u00fane en Nueva York con el secretario general de Naciones Unidas - Super News","isPartOf":{"@id":"https:\/\/super-news.info\/es\/#website"},"primaryImageOfPage":{"@id":"https:\/\/super-news.info\/es\/valerio-se-reune-en-nueva-york-con-el-secretario-general-de-naciones-unidas\/#primaryimage"},"image":{"@id":"https:\/\/super-news.info\/es\/valerio-se-reune-en-nueva-york-con-el-secretario-general-de-naciones-unidas\/#primaryimage"},"thumbnailUrl":"https:\/\/super-news.info\/es\/wp-content\/uploads\/sites\/4\/2019\/07\/Valerio-se-re\u00fane-en-Nueva-York-con-el-secretario-general.jpg","datePublished":"2019-07-17T18:20:43+00:00","dateModified":"2019-07-17T18:20:44+00:00","author":{"@id":"https:\/\/super-news.info\/es\/#\/schema\/person\/2d4068cb2f39cd10008c2fce578a7356"},"breadcrumb":{"@id":"https:\/\/super-news.info\/es\/valerio-se-reune-en-nueva-york-con-el-secretario-general-de-naciones-unidas\/#breadcrumb"},"inLanguage":"en-US","potentialAction":[{"@type":"ReadAction","target":["https:\/\/super-news.info\/es\/valerio-se-reune-en-nueva-york-con-el-secretario-general-de-naciones-unidas\/"]}]},{"@type":"ImageObject","inLanguage":"en-US","@id":"https:\/\/super-news.info\/es\/valerio-se-reune-en-nueva-york-con-el-secretario-general-de-naciones-unidas\/#primaryimage","url":"https:\/\/super-news.info\/es\/wp-content\/uploads\/sites\/4\/2019\/07\/Valerio-se-re\u00fane-en-Nueva-York-con-el-secretario-general.jpg","contentUrl":"https:\/\/super-news.info\/es\/wp-content\/uploads\/sites\/4\/2019\/07\/Valerio-se-re\u00fane-en-Nueva-York-con-el-secretario-general.jpg","width":120,"height":90,"caption":"Valerio se re\u00fane en Nueva York con el secretario general de Naciones Unidas"},{"@type":"BreadcrumbList","@id":"https:\/\/super-news.info\/es\/valerio-se-reune-en-nueva-york-con-el-secretario-general-de-naciones-unidas\/#breadcrumb","itemListElement":[{"@type":"ListItem","position":1,"name":"\u0413\u043b\u0430\u0432\u043d\u0430\u044f \u0441\u0442\u0440\u0430\u043d\u0438\u0446\u0430","item":"https:\/\/super-news.info\/es\/"},{"@type":"ListItem","position":2,"name":"Valerio se re\u00fane en Nueva York con el secretario general de Naciones Unidas"}]},{"@type":"WebSite","@id":"https:\/\/super-news.info\/es\/#website","url":"https:\/\/super-news.info\/es\/","name":"Super News","description":"Super News Espa\u00f1a","potentialAction":[{"@type":"SearchAction","target":{"@type":"EntryPoint","urlTemplate":"https:\/\/super-news.info\/es\/?s={search_term_string}"},"query-input":{"@type":"PropertyValueSpecification","valueRequired":true,"valueName":"search_term_string"}}],"inLanguage":"en-US"},{"@type":"Person","@id":"https:\/\/super-news.info\/es\/#\/schema\/person\/2d4068cb2f39cd10008c2fce578a7356","name":"super-news","image":{"@type":"ImageObject","inLanguage":"en-US","@id":"https:\/\/secure.gravatar.com\/avatar\/64ebac40b93f26a154f8a9b5b6fdccfc46f442b26b3dd6756dbff3bf9dc76fd7?s=96&d=mm&r=g","url":"https:\/\/secure.gravatar.com\/avatar\/64ebac40b93f26a154f8a9b5b6fdccfc46f442b26b3dd6756dbff3bf9dc76fd7?s=96&d=mm&r=g","contentUrl":"https:\/\/secure.gravatar.com\/avatar\/64ebac40b93f26a154f8a9b5b6fdccfc46f442b26b3dd6756dbff3bf9dc76fd7?s=96&d=mm&r=g","caption":"super-news"},"url":"https:\/\/super-news.info\/es\/author\/pt\/"}]}},"_links":{"self":[{"href":"https:\/\/super-news.info\/es\/wp-json\/wp\/v2\/posts\/6577","targetHints":{"allow":["GET"]}}],"collection":[{"href":"https:\/\/super-news.info\/es\/wp-json\/wp\/v2\/posts"}],"about":[{"href":"https:\/\/super-news.info\/es\/wp-json\/wp\/v2\/types\/post"}],"author":[{"embeddable":true,"href":"https:\/\/super-news.info\/es\/wp-json\/wp\/v2\/users\/2"}],"replies":[{"embeddable":true,"href":"https:\/\/super-news.info\/es\/wp-json\/wp\/v2\/comments?post=6577"}],"version-history":[{"count":1,"href":"https:\/\/super-news.info\/es\/wp-json\/wp\/v2\/posts\/6577\/revisions"}],"predecessor-version":[{"id":6579,"href":"https:\/\/super-news.info\/es\/wp-json\/wp\/v2\/posts\/6577\/revisions\/6579"}],"wp:featuredmedia":[{"embeddable":true,"href":"https:\/\/super-news.info\/es\/wp-json\/wp\/v2\/media\/6578"}],"wp:attachment":[{"href":"https:\/\/super-news.info\/es\/wp-json\/wp\/v2\/media?parent=6577"}],"wp:term":[{"taxonomy":"category","embeddable":true,"href":"https:\/\/super-news.info\/es\/wp-json\/wp\/v2\/categories?post=6577"},{"taxonomy":"post_tag","embeddable":true,"href":"https:\/\/super-news.info\/es\/wp-json\/wp\/v2\/tags?post=6577"}],"curies":[{"name":"wp","href":"https:\/\/api.w.org\/{rel}","templated":true}]}}