{"id":6571,"date":"2019-07-17T20:14:31","date_gmt":"2019-07-17T17:14:31","guid":{"rendered":"https:\/\/super-news.info\/es\/madrid-aprobara-la-operacion-chamartin-el-29-de-julio\/"},"modified":"2019-07-17T20:14:32","modified_gmt":"2019-07-17T17:14:32","slug":"madrid-aprobara-la-operacion-chamartin-el-29-de-julio","status":"publish","type":"post","link":"https:\/\/super-news.info\/es\/madrid-aprobara-la-operacion-chamartin-el-29-de-julio\/","title":{"rendered":"Madrid aprobar\u00e1 la &#8216;Operaci\u00f3n Chamart\u00edn&#8217; el 29 de julio"},"content":{"rendered":"<p> [ad_1]<\/p>\n<div id=\"CuerpoNoticiav2\" itemprop=\"articleBody\">\n<h3 class=\"subsubhead\">Las obras de la mayor operaci\u00f3n urban\u00edstica del pa\u00eds arrancar\u00e1n a finales de 2020<\/h3>\n<p>   MADRID, 17 Jul. (EUROPA PRESS) &#8211; <\/p>\n<p itemprop=\"description\">   Madrid Nuevo Norte, la denominada &#8216;Operaci\u00f3n Chamart\u00edn&#8217;, el mayor proyecto urban\u00edstico del pa\u00eds, ser\u00e1 finalmente aprobado por el Ayuntamiento de Madrid en el pleno del pr\u00f3ximo 29 de julio.<\/p>\n<p>   El dictamen del proyecto ha recibido este mi\u00e9rcoles el respaldo de PP, Ciudadanos y M\u00e1s Madrid en la comisi\u00f3n de Desarrollo Urbano del Consistorio, un paso previo a su elevaci\u00f3n al pleno, donde se espera su aprobaci\u00f3n definitiva. PSOE y Vox han decidido reservarse su voto hasta entonces.<\/p>\n<p>   El proyecto Madrid Nuevo Norte, sobre el que se lleva trabajando m\u00e1s de 25 a\u00f1os, constituye uno de los mayores proyectos urban\u00edsticos de Europa y lleva asociada una inversi\u00f3n de unos 6.000 millones de euros.<\/p>\n<p>   Seg\u00fan el \u00faltimo acuerdo alcanzado por las tres administraciones implicadas en su puesta en marcha (el Ayuntamiento y la Comunidad de Madrid y el Ministerio de Fomento), supondr\u00e1 la construcci\u00f3n de 10.500 viviendas, de las que el 20% ser\u00e1n de protecci\u00f3n oficial, adem\u00e1s de la remodelaci\u00f3n de la estaci\u00f3n ferroviaria de Chamart\u00edn y la cobertura de sus v\u00edas, y la promoci\u00f3n de un gran centro de negocios.<\/p>\n<p>   No obstante, en su intervenci\u00f3n en la Comisi\u00f3n de Desarrollo Urbano de la capital de este mi\u00e9rcoles, el delegado del \u00e1rea del Consistorio, Mariano Fuentes, ha asegurado que el proyecto &#8220;ser\u00e1 mejorado&#8221;.<\/p>\n<p>   &#8220;Es un proyecto para Madrid, entiendo que es mejorable, y tendr\u00e1 mucho recorrido&#8221;, ha declarado para adem\u00e1s agradecer la agilizaci\u00f3n en los tr\u00e1mites de los expedientes y celebrar que se abra una &#8220;etapa de certidumbre&#8221;.<\/p>\n<h2 class=\"ladillo\">LAS OBRAS ARRANCAR\u00c1N A FINALES DE 2020.<\/h2>\n<p>   Con el dictamen favorable de la comisi\u00f3n, el proyecto ser\u00e1 abordado en el pleno y si, tal como se prev\u00e9, obtiene su visto bueno, se enviar\u00e1 para su aprobaci\u00f3n definitiva a la Comunidad de Madrid, al ser la administraci\u00f3n que debe ratificar la modificaci\u00f3n del Plan General de Ordenaci\u00f3n Urbana (PGOU) vigente.<\/p>\n<p>   De esta forma, la previsi\u00f3n es que las obras de urbanizaci\u00f3n arranquen a finales de 2020 (fase que deber\u00e1 estar concluida en 2028) en una remodelaci\u00f3n que tiene un plazo previsto de ejecuci\u00f3n de 24 a\u00f1os, seg\u00fan ha detallado el Ayuntamiento.<\/p>\n<p>   Se estima que el desarrollo genere 63.000 empleos directos, 31.000 indirectos y 23.000 inducidos, lo que representa un empleo total estimado durante la fase de construcci\u00f3n de 117.792 empleos.<\/p>\n<p>   Una vez concluido, y en el funcionamiento cotidiano del \u00e1mbito, se considera que se generan 94.050 empleos en la zona con una poblaci\u00f3n de 27.441 habitantes, por lo que ser\u00e1 un \u00e1mbito utilizado por 121.491 personas de forma habitual.<\/p>\n<p>   Su desarrollo aportar\u00e1 a la ciudad cerca de medio mill\u00f3n de metros cuadrados de nuevas zonas verdes, entre las que se figura un gran parque de 120.000 metros cuadrados sobre la cobertura de las v\u00edas de Chamart\u00edn llamado a convertirse en un nuevo espacio de referencia en la ciudad.<\/p>\n<p>   Adem\u00e1s, generar\u00e1 m\u00e1s de 1,3 millones de metros cuadrados de nuevas redes p\u00fablicas de transporte y equipamientos, tanto al servicio de esta zona como de toda la ciudad.<\/p>\n<\/div>\n<p>[ad_2]<br \/>\n<br \/><a href=\"https:\/\/www.europapress.es\/economia\/noticia-madrid-aprobara-operacion-chamartin-29-julio-20190717185619.html\">Source link <\/a><\/p>\n","protected":false},"excerpt":{"rendered":"<p>[ad_1] Las obras de la mayor operaci\u00f3n urban\u00edstica del pa\u00eds arrancar\u00e1n a finales de 2020 MADRID, 17 Jul. (EUROPA PRESS) &#8211; Madrid Nuevo Norte, la denominada &#8216;Operaci\u00f3n Chamart\u00edn&#8217;, el mayor proyecto urban\u00edstico del pa\u00eds, ser\u00e1 finalmente aprobado por el Ayuntamiento de Madrid en el pleno del pr\u00f3ximo 29 de julio. El dictamen del proyecto ha [&hellip;]<\/p>\n","protected":false},"author":2,"featured_media":6572,"comment_status":"open","ping_status":"open","sticky":false,"template":"","format":"standard","meta":{"footnotes":""},"categories":[1],"tags":[],"class_list":["post-6571","post","type-post","status-publish","format-standard","has-post-thumbnail","hentry","category-noticias-financieras"],"yoast_head":"<!-- This site is optimized with the Yoast SEO plugin v27.4 - https:\/\/yoast.com\/product\/yoast-seo-wordpress\/ -->\n<title>Madrid aprobar\u00e1 la &#039;Operaci\u00f3n Chamart\u00edn&#039; el 29 de julio - Super News<\/title>\n<meta name=\"robots\" content=\"index, follow, max-snippet:-1, max-image-preview:large, max-video-preview:-1\" \/>\n<link rel=\"canonical\" href=\"https:\/\/super-news.info\/es\/madrid-aprobara-la-operacion-chamartin-el-29-de-julio\/\" \/>\n<meta property=\"og:locale\" content=\"en_US\" \/>\n<meta property=\"og:type\" content=\"article\" \/>\n<meta property=\"og:title\" content=\"Madrid aprobar\u00e1 la &#039;Operaci\u00f3n Chamart\u00edn&#039; el 29 de julio - Super News\" \/>\n<meta property=\"og:description\" content=\"[ad_1] Las obras de la mayor operaci\u00f3n urban\u00edstica del pa\u00eds arrancar\u00e1n a finales de 2020 MADRID, 17 Jul. (EUROPA PRESS) &#8211; Madrid Nuevo Norte, la denominada &#8216;Operaci\u00f3n Chamart\u00edn&#8217;, el mayor proyecto urban\u00edstico del pa\u00eds, ser\u00e1 finalmente aprobado por el Ayuntamiento de Madrid en el pleno del pr\u00f3ximo 29 de julio. El dictamen del proyecto ha [&hellip;]\" \/>\n<meta property=\"og:url\" content=\"https:\/\/super-news.info\/es\/madrid-aprobara-la-operacion-chamartin-el-29-de-julio\/\" \/>\n<meta property=\"og:site_name\" content=\"Super News\" \/>\n<meta property=\"article:published_time\" content=\"2019-07-17T17:14:31+00:00\" \/>\n<meta property=\"article:modified_time\" content=\"2019-07-17T17:14:32+00:00\" \/>\n<meta property=\"og:image\" content=\"https:\/\/super-news.info\/es\/wp-content\/uploads\/sites\/4\/2019\/07\/Madrid-aprobar\u00e1-la-Operaci\u00f3n-Chamart\u00edn-el-29-de-julio.jpg\" \/>\n\t<meta property=\"og:image:width\" content=\"120\" \/>\n\t<meta property=\"og:image:height\" content=\"67\" \/>\n\t<meta property=\"og:image:type\" content=\"image\/jpeg\" \/>\n<meta name=\"author\" content=\"super-news\" \/>\n<meta name=\"twitter:card\" content=\"summary_large_image\" \/>\n<meta name=\"twitter:label1\" content=\"Written by\" \/>\n\t<meta name=\"twitter:data1\" content=\"super-news\" \/>\n\t<meta name=\"twitter:label2\" content=\"Est. reading time\" \/>\n\t<meta name=\"twitter:data2\" content=\"3 minutes\" \/>\n<script type=\"application\/ld+json\" class=\"yoast-schema-graph\">{\"@context\":\"https:\\\/\\\/schema.org\",\"@graph\":[{\"@type\":\"Article\",\"@id\":\"https:\\\/\\\/super-news.info\\\/es\\\/madrid-aprobara-la-operacion-chamartin-el-29-de-julio\\\/#article\",\"isPartOf\":{\"@id\":\"https:\\\/\\\/super-news.info\\\/es\\\/madrid-aprobara-la-operacion-chamartin-el-29-de-julio\\\/\"},\"author\":{\"name\":\"super-news\",\"@id\":\"https:\\\/\\\/super-news.info\\\/es\\\/#\\\/schema\\\/person\\\/2d4068cb2f39cd10008c2fce578a7356\"},\"headline\":\"Madrid aprobar\u00e1 la &#8216;Operaci\u00f3n Chamart\u00edn&#8217; el 29 de julio\",\"datePublished\":\"2019-07-17T17:14:31+00:00\",\"dateModified\":\"2019-07-17T17:14:32+00:00\",\"mainEntityOfPage\":{\"@id\":\"https:\\\/\\\/super-news.info\\\/es\\\/madrid-aprobara-la-operacion-chamartin-el-29-de-julio\\\/\"},\"wordCount\":559,\"commentCount\":0,\"image\":{\"@id\":\"https:\\\/\\\/super-news.info\\\/es\\\/madrid-aprobara-la-operacion-chamartin-el-29-de-julio\\\/#primaryimage\"},\"thumbnailUrl\":\"https:\\\/\\\/super-news.info\\\/es\\\/wp-content\\\/uploads\\\/sites\\\/4\\\/2019\\\/07\\\/Madrid-aprobar\u00e1-la-Operaci\u00f3n-Chamart\u00edn-el-29-de-julio.jpg\",\"articleSection\":[\"NOTICIAS FINANCIERAS\"],\"inLanguage\":\"en-US\",\"potentialAction\":[{\"@type\":\"CommentAction\",\"name\":\"Comment\",\"target\":[\"https:\\\/\\\/super-news.info\\\/es\\\/madrid-aprobara-la-operacion-chamartin-el-29-de-julio\\\/#respond\"]}]},{\"@type\":\"WebPage\",\"@id\":\"https:\\\/\\\/super-news.info\\\/es\\\/madrid-aprobara-la-operacion-chamartin-el-29-de-julio\\\/\",\"url\":\"https:\\\/\\\/super-news.info\\\/es\\\/madrid-aprobara-la-operacion-chamartin-el-29-de-julio\\\/\",\"name\":\"Madrid aprobar\u00e1 la 'Operaci\u00f3n Chamart\u00edn' el 29 de julio - Super News\",\"isPartOf\":{\"@id\":\"https:\\\/\\\/super-news.info\\\/es\\\/#website\"},\"primaryImageOfPage\":{\"@id\":\"https:\\\/\\\/super-news.info\\\/es\\\/madrid-aprobara-la-operacion-chamartin-el-29-de-julio\\\/#primaryimage\"},\"image\":{\"@id\":\"https:\\\/\\\/super-news.info\\\/es\\\/madrid-aprobara-la-operacion-chamartin-el-29-de-julio\\\/#primaryimage\"},\"thumbnailUrl\":\"https:\\\/\\\/super-news.info\\\/es\\\/wp-content\\\/uploads\\\/sites\\\/4\\\/2019\\\/07\\\/Madrid-aprobar\u00e1-la-Operaci\u00f3n-Chamart\u00edn-el-29-de-julio.jpg\",\"datePublished\":\"2019-07-17T17:14:31+00:00\",\"dateModified\":\"2019-07-17T17:14:32+00:00\",\"author\":{\"@id\":\"https:\\\/\\\/super-news.info\\\/es\\\/#\\\/schema\\\/person\\\/2d4068cb2f39cd10008c2fce578a7356\"},\"breadcrumb\":{\"@id\":\"https:\\\/\\\/super-news.info\\\/es\\\/madrid-aprobara-la-operacion-chamartin-el-29-de-julio\\\/#breadcrumb\"},\"inLanguage\":\"en-US\",\"potentialAction\":[{\"@type\":\"ReadAction\",\"target\":[\"https:\\\/\\\/super-news.info\\\/es\\\/madrid-aprobara-la-operacion-chamartin-el-29-de-julio\\\/\"]}]},{\"@type\":\"ImageObject\",\"inLanguage\":\"en-US\",\"@id\":\"https:\\\/\\\/super-news.info\\\/es\\\/madrid-aprobara-la-operacion-chamartin-el-29-de-julio\\\/#primaryimage\",\"url\":\"https:\\\/\\\/super-news.info\\\/es\\\/wp-content\\\/uploads\\\/sites\\\/4\\\/2019\\\/07\\\/Madrid-aprobar\u00e1-la-Operaci\u00f3n-Chamart\u00edn-el-29-de-julio.jpg\",\"contentUrl\":\"https:\\\/\\\/super-news.info\\\/es\\\/wp-content\\\/uploads\\\/sites\\\/4\\\/2019\\\/07\\\/Madrid-aprobar\u00e1-la-Operaci\u00f3n-Chamart\u00edn-el-29-de-julio.jpg\",\"width\":120,\"height\":67,\"caption\":\"Madrid aprobar\u00e1 la 'Operaci\u00f3n Chamart\u00edn' el 29 de julio\"},{\"@type\":\"BreadcrumbList\",\"@id\":\"https:\\\/\\\/super-news.info\\\/es\\\/madrid-aprobara-la-operacion-chamartin-el-29-de-julio\\\/#breadcrumb\",\"itemListElement\":[{\"@type\":\"ListItem\",\"position\":1,\"name\":\"\u0413\u043b\u0430\u0432\u043d\u0430\u044f \u0441\u0442\u0440\u0430\u043d\u0438\u0446\u0430\",\"item\":\"https:\\\/\\\/super-news.info\\\/es\\\/\"},{\"@type\":\"ListItem\",\"position\":2,\"name\":\"Madrid aprobar\u00e1 la &#8216;Operaci\u00f3n Chamart\u00edn&#8217; el 29 de julio\"}]},{\"@type\":\"WebSite\",\"@id\":\"https:\\\/\\\/super-news.info\\\/es\\\/#website\",\"url\":\"https:\\\/\\\/super-news.info\\\/es\\\/\",\"name\":\"Super News\",\"description\":\"Super News Espa\u00f1a\",\"potentialAction\":[{\"@type\":\"SearchAction\",\"target\":{\"@type\":\"EntryPoint\",\"urlTemplate\":\"https:\\\/\\\/super-news.info\\\/es\\\/?s={search_term_string}\"},\"query-input\":{\"@type\":\"PropertyValueSpecification\",\"valueRequired\":true,\"valueName\":\"search_term_string\"}}],\"inLanguage\":\"en-US\"},{\"@type\":\"Person\",\"@id\":\"https:\\\/\\\/super-news.info\\\/es\\\/#\\\/schema\\\/person\\\/2d4068cb2f39cd10008c2fce578a7356\",\"name\":\"super-news\",\"image\":{\"@type\":\"ImageObject\",\"inLanguage\":\"en-US\",\"@id\":\"https:\\\/\\\/secure.gravatar.com\\\/avatar\\\/64ebac40b93f26a154f8a9b5b6fdccfc46f442b26b3dd6756dbff3bf9dc76fd7?s=96&d=mm&r=g\",\"url\":\"https:\\\/\\\/secure.gravatar.com\\\/avatar\\\/64ebac40b93f26a154f8a9b5b6fdccfc46f442b26b3dd6756dbff3bf9dc76fd7?s=96&d=mm&r=g\",\"contentUrl\":\"https:\\\/\\\/secure.gravatar.com\\\/avatar\\\/64ebac40b93f26a154f8a9b5b6fdccfc46f442b26b3dd6756dbff3bf9dc76fd7?s=96&d=mm&r=g\",\"caption\":\"super-news\"},\"url\":\"https:\\\/\\\/super-news.info\\\/es\\\/author\\\/pt\\\/\"}]}<\/script>\n<!-- \/ Yoast SEO plugin. -->","yoast_head_json":{"title":"Madrid aprobar\u00e1 la 'Operaci\u00f3n Chamart\u00edn' el 29 de julio - Super News","robots":{"index":"index","follow":"follow","max-snippet":"max-snippet:-1","max-image-preview":"max-image-preview:large","max-video-preview":"max-video-preview:-1"},"canonical":"https:\/\/super-news.info\/es\/madrid-aprobara-la-operacion-chamartin-el-29-de-julio\/","og_locale":"en_US","og_type":"article","og_title":"Madrid aprobar\u00e1 la 'Operaci\u00f3n Chamart\u00edn' el 29 de julio - Super News","og_description":"[ad_1] Las obras de la mayor operaci\u00f3n urban\u00edstica del pa\u00eds arrancar\u00e1n a finales de 2020 MADRID, 17 Jul. (EUROPA PRESS) &#8211; Madrid Nuevo Norte, la denominada &#8216;Operaci\u00f3n Chamart\u00edn&#8217;, el mayor proyecto urban\u00edstico del pa\u00eds, ser\u00e1 finalmente aprobado por el Ayuntamiento de Madrid en el pleno del pr\u00f3ximo 29 de julio. El dictamen del proyecto ha [&hellip;]","og_url":"https:\/\/super-news.info\/es\/madrid-aprobara-la-operacion-chamartin-el-29-de-julio\/","og_site_name":"Super News","article_published_time":"2019-07-17T17:14:31+00:00","article_modified_time":"2019-07-17T17:14:32+00:00","og_image":[{"width":120,"height":67,"url":"https:\/\/super-news.info\/es\/wp-content\/uploads\/sites\/4\/2019\/07\/Madrid-aprobar\u00e1-la-Operaci\u00f3n-Chamart\u00edn-el-29-de-julio.jpg","type":"image\/jpeg"}],"author":"super-news","twitter_card":"summary_large_image","twitter_misc":{"Written by":"super-news","Est. reading time":"3 minutes"},"schema":{"@context":"https:\/\/schema.org","@graph":[{"@type":"Article","@id":"https:\/\/super-news.info\/es\/madrid-aprobara-la-operacion-chamartin-el-29-de-julio\/#article","isPartOf":{"@id":"https:\/\/super-news.info\/es\/madrid-aprobara-la-operacion-chamartin-el-29-de-julio\/"},"author":{"name":"super-news","@id":"https:\/\/super-news.info\/es\/#\/schema\/person\/2d4068cb2f39cd10008c2fce578a7356"},"headline":"Madrid aprobar\u00e1 la &#8216;Operaci\u00f3n Chamart\u00edn&#8217; el 29 de julio","datePublished":"2019-07-17T17:14:31+00:00","dateModified":"2019-07-17T17:14:32+00:00","mainEntityOfPage":{"@id":"https:\/\/super-news.info\/es\/madrid-aprobara-la-operacion-chamartin-el-29-de-julio\/"},"wordCount":559,"commentCount":0,"image":{"@id":"https:\/\/super-news.info\/es\/madrid-aprobara-la-operacion-chamartin-el-29-de-julio\/#primaryimage"},"thumbnailUrl":"https:\/\/super-news.info\/es\/wp-content\/uploads\/sites\/4\/2019\/07\/Madrid-aprobar\u00e1-la-Operaci\u00f3n-Chamart\u00edn-el-29-de-julio.jpg","articleSection":["NOTICIAS FINANCIERAS"],"inLanguage":"en-US","potentialAction":[{"@type":"CommentAction","name":"Comment","target":["https:\/\/super-news.info\/es\/madrid-aprobara-la-operacion-chamartin-el-29-de-julio\/#respond"]}]},{"@type":"WebPage","@id":"https:\/\/super-news.info\/es\/madrid-aprobara-la-operacion-chamartin-el-29-de-julio\/","url":"https:\/\/super-news.info\/es\/madrid-aprobara-la-operacion-chamartin-el-29-de-julio\/","name":"Madrid aprobar\u00e1 la 'Operaci\u00f3n Chamart\u00edn' el 29 de julio - Super News","isPartOf":{"@id":"https:\/\/super-news.info\/es\/#website"},"primaryImageOfPage":{"@id":"https:\/\/super-news.info\/es\/madrid-aprobara-la-operacion-chamartin-el-29-de-julio\/#primaryimage"},"image":{"@id":"https:\/\/super-news.info\/es\/madrid-aprobara-la-operacion-chamartin-el-29-de-julio\/#primaryimage"},"thumbnailUrl":"https:\/\/super-news.info\/es\/wp-content\/uploads\/sites\/4\/2019\/07\/Madrid-aprobar\u00e1-la-Operaci\u00f3n-Chamart\u00edn-el-29-de-julio.jpg","datePublished":"2019-07-17T17:14:31+00:00","dateModified":"2019-07-17T17:14:32+00:00","author":{"@id":"https:\/\/super-news.info\/es\/#\/schema\/person\/2d4068cb2f39cd10008c2fce578a7356"},"breadcrumb":{"@id":"https:\/\/super-news.info\/es\/madrid-aprobara-la-operacion-chamartin-el-29-de-julio\/#breadcrumb"},"inLanguage":"en-US","potentialAction":[{"@type":"ReadAction","target":["https:\/\/super-news.info\/es\/madrid-aprobara-la-operacion-chamartin-el-29-de-julio\/"]}]},{"@type":"ImageObject","inLanguage":"en-US","@id":"https:\/\/super-news.info\/es\/madrid-aprobara-la-operacion-chamartin-el-29-de-julio\/#primaryimage","url":"https:\/\/super-news.info\/es\/wp-content\/uploads\/sites\/4\/2019\/07\/Madrid-aprobar\u00e1-la-Operaci\u00f3n-Chamart\u00edn-el-29-de-julio.jpg","contentUrl":"https:\/\/super-news.info\/es\/wp-content\/uploads\/sites\/4\/2019\/07\/Madrid-aprobar\u00e1-la-Operaci\u00f3n-Chamart\u00edn-el-29-de-julio.jpg","width":120,"height":67,"caption":"Madrid aprobar\u00e1 la 'Operaci\u00f3n Chamart\u00edn' el 29 de julio"},{"@type":"BreadcrumbList","@id":"https:\/\/super-news.info\/es\/madrid-aprobara-la-operacion-chamartin-el-29-de-julio\/#breadcrumb","itemListElement":[{"@type":"ListItem","position":1,"name":"\u0413\u043b\u0430\u0432\u043d\u0430\u044f \u0441\u0442\u0440\u0430\u043d\u0438\u0446\u0430","item":"https:\/\/super-news.info\/es\/"},{"@type":"ListItem","position":2,"name":"Madrid aprobar\u00e1 la &#8216;Operaci\u00f3n Chamart\u00edn&#8217; el 29 de julio"}]},{"@type":"WebSite","@id":"https:\/\/super-news.info\/es\/#website","url":"https:\/\/super-news.info\/es\/","name":"Super News","description":"Super News Espa\u00f1a","potentialAction":[{"@type":"SearchAction","target":{"@type":"EntryPoint","urlTemplate":"https:\/\/super-news.info\/es\/?s={search_term_string}"},"query-input":{"@type":"PropertyValueSpecification","valueRequired":true,"valueName":"search_term_string"}}],"inLanguage":"en-US"},{"@type":"Person","@id":"https:\/\/super-news.info\/es\/#\/schema\/person\/2d4068cb2f39cd10008c2fce578a7356","name":"super-news","image":{"@type":"ImageObject","inLanguage":"en-US","@id":"https:\/\/secure.gravatar.com\/avatar\/64ebac40b93f26a154f8a9b5b6fdccfc46f442b26b3dd6756dbff3bf9dc76fd7?s=96&d=mm&r=g","url":"https:\/\/secure.gravatar.com\/avatar\/64ebac40b93f26a154f8a9b5b6fdccfc46f442b26b3dd6756dbff3bf9dc76fd7?s=96&d=mm&r=g","contentUrl":"https:\/\/secure.gravatar.com\/avatar\/64ebac40b93f26a154f8a9b5b6fdccfc46f442b26b3dd6756dbff3bf9dc76fd7?s=96&d=mm&r=g","caption":"super-news"},"url":"https:\/\/super-news.info\/es\/author\/pt\/"}]}},"_links":{"self":[{"href":"https:\/\/super-news.info\/es\/wp-json\/wp\/v2\/posts\/6571","targetHints":{"allow":["GET"]}}],"collection":[{"href":"https:\/\/super-news.info\/es\/wp-json\/wp\/v2\/posts"}],"about":[{"href":"https:\/\/super-news.info\/es\/wp-json\/wp\/v2\/types\/post"}],"author":[{"embeddable":true,"href":"https:\/\/super-news.info\/es\/wp-json\/wp\/v2\/users\/2"}],"replies":[{"embeddable":true,"href":"https:\/\/super-news.info\/es\/wp-json\/wp\/v2\/comments?post=6571"}],"version-history":[{"count":1,"href":"https:\/\/super-news.info\/es\/wp-json\/wp\/v2\/posts\/6571\/revisions"}],"predecessor-version":[{"id":6573,"href":"https:\/\/super-news.info\/es\/wp-json\/wp\/v2\/posts\/6571\/revisions\/6573"}],"wp:featuredmedia":[{"embeddable":true,"href":"https:\/\/super-news.info\/es\/wp-json\/wp\/v2\/media\/6572"}],"wp:attachment":[{"href":"https:\/\/super-news.info\/es\/wp-json\/wp\/v2\/media?parent=6571"}],"wp:term":[{"taxonomy":"category","embeddable":true,"href":"https:\/\/super-news.info\/es\/wp-json\/wp\/v2\/categories?post=6571"},{"taxonomy":"post_tag","embeddable":true,"href":"https:\/\/super-news.info\/es\/wp-json\/wp\/v2\/tags?post=6571"}],"curies":[{"name":"wp","href":"https:\/\/api.w.org\/{rel}","templated":true}]}}