{"id":6568,"date":"2019-07-17T19:07:26","date_gmt":"2019-07-17T16:07:26","guid":{"rendered":"https:\/\/super-news.info\/es\/tribunal-de-cuentas-revoca-la-condena-a-ana-botella-por-la-venta-de-viviendas-de-la-emvs-a-blackstone\/"},"modified":"2019-07-17T19:07:27","modified_gmt":"2019-07-17T16:07:27","slug":"tribunal-de-cuentas-revoca-la-condena-a-ana-botella-por-la-venta-de-viviendas-de-la-emvs-a-blackstone","status":"publish","type":"post","link":"https:\/\/super-news.info\/es\/tribunal-de-cuentas-revoca-la-condena-a-ana-botella-por-la-venta-de-viviendas-de-la-emvs-a-blackstone\/","title":{"rendered":"Tribunal de Cuentas revoca la condena a Ana Botella por la venta de viviendas de la EMVS a Blackstone"},"content":{"rendered":"<p> [ad_1]<\/p>\n<div id=\"CuerpoNoticiav2\" itemprop=\"articleBody\">\n<p>MADRID, 17 Jul. (EUROPA PRESS) &#8211; <\/p>\n<p itemprop=\"description\">   El Tribunal de Cuentas ha revocado la condena a la exalcaldesa de Madrid Ana Botella y a los que fueron concejales en su equipo de gobierno por la venta de 18 promociones de viviendas de la Empresa Municipal de Vivienda de Madrid (EMVS) al grupo societario Fidere, sociedad de inversi\u00f3n inmobiliaria del fondo Blackstone.<\/p>\n<p>   Con ello, revierte el fallo inicial dictado el pasado 27 de diciembre, que cifraba en casi 25,8 millones de euros el perjuicio que esta operaci\u00f3n ocasion\u00f3 a la EMVS por entender que se hizo a un precio inferior al valor m\u00ednimo posible.<\/p>\n<p>   En una resoluci\u00f3n de este mismo mi\u00e9rcoles, a la que ha tenido acceso Europa Press, la secci\u00f3n de Enjuiciamiento del \u00f3rgano fiscalizador rechaza el recurso de apelaci\u00f3n interpuesto por la empresa municipal (que se mostraba disconforme con el precio m\u00e1ximo de la venta de los inmuebles y el criterio utilizado para determinar el da\u00f1o al patrimonio p\u00fablico) y estima las alegaciones presentadas por todos los concejales que estaban condenados, a lo que se adhiri\u00f3 el Ministerio Fiscal.<\/p>\n<p>   El Tribunal de Cuentas considera, bajo el criterio de los consejeros Jos\u00e9 Manuel Su\u00e1rez (ponente) y Margarita Mariscal, que la enajenaci\u00f3n se realiz\u00f3 mediante concurso p\u00fablico y que no se puede imputar &#8220;negligencia grave&#8221; a los apelantes al constar en la venta que se aprob\u00f3 un plan de viabilidad financiera, sin que fuera &#8220;impugnada en ning\u00fan modo&#8221;.<\/p>\n<p>   Alude tambi\u00e9n a la existencia de informes, el m\u00e1s relevante el de Intervenci\u00f3n Municipal aunque tambi\u00e9n otros de instancias no municipales, que &#8220;no cuestionaron la operaci\u00f3n inmobiliaria ni dictaminaron en su contra&#8221;.<\/p>\n<p>   Se ha emitido tambi\u00e9n un voto particular de uno de los consejeros del Tribunal de Cuentas, Felipe Garc\u00eda, que mantiene que la operaci\u00f3n de venta fue &#8220;lesiva&#8221; para el patrimonio municipal y que no cumpli\u00f3 los principios de &#8220;publicidad, concurrencia, transparencia y objetividad&#8221; en el procedimiento.<\/p>\n<p>   El \u00f3rgano fiscalizador entiende que Botella y su equipo &#8220;no intervinieron directamente en las operaciones&#8221; que desembocaron en las ventas del inmueble, que fueron gestionadas y verificadas por el exconsejero delegado (en alusi\u00f3n a Ferm\u00edn Osl\u00e9) que hab\u00eda recibido el mandato de administrar y concluir la venta.<\/p>\n<p>   &#8220;La conducta desplegada por los antiguos miembros de la Junta de Gobierno municipal (y de la Junta General de Accionistas) en los hechos objeto de las actuaciones no fue la causa directa de que se produjera el perjuicio a los fondos municipales, por lo que su cualidad de personas legitimadas pasivamente para imputarles, en este procedimiento de reintegro por alcance, una responsabilidad contable directa, no se ha producido en este caso sometido a enjuiciamiento&#8221;, razona el fallo.<\/p>\n<p>   Tambi\u00e9n alude a que la consejera de primera instancia &#8220;ha deslizado afirmaciones que no se atienen a la obligada descripci\u00f3n de los hechos relevantes para su subsunci\u00f3n en las normas jur\u00eddicas aplicables&#8221;. Al respecto, hace referencia a un p\u00e1rrafo donde se recoge que el precio de venta de todos los inmuebles &#8220;fue inferior al m\u00ednimo jur\u00eddicamente exigible, que no es otro que el valor m\u00e1ximo posible de venta&#8221;.<\/p>\n<p>   Otro de los aspectos que recrimina del fallo inicial es el extracto en el que afirma que las enajenaciones de la vivienda se hicieron &#8220;sin aplicar los requisitos de procedimiento exigibles en normativa de derecho p\u00fablico&#8221;.<\/p>\n<p>   Por tanto, la Sala de Enjuiciamiento considera revisable el relato de los hechos con anulaci\u00f3n de alguno de ellos, afeando que prime un informe de fiscalizaci\u00f3n, elemento que posee una &#8220;indudable importancia&#8221; pero que &#8220;obliga a ponerlo en relaci\u00f3n con el resto del caudal probatorio del proceso&#8221;.<\/p>\n<p>   En esta l\u00ednea, y tras se\u00f1alar que la normativa permite la venta de viviendas en determinados supuestos, expone que la Ley de Estabilidad Presupuestaria de 2012 exigi\u00f3 aplicar una pol\u00edtica econ\u00f3mica &#8220;contundente&#8221; basada en la eliminaci\u00f3n del d\u00e9ficit p\u00fablico y que la EMVS formaba parte del sector p\u00fablico a efectos de contabilidad, por lo que computaba en t\u00e9rminos de deuda.<\/p>\n<p>   Del procedimiento y frente al criterio de primera instancia, el Tribunal de Cuentas establece que se llev\u00f3 a cabo un concurso p\u00fablico para la adjudicaci\u00f3n de un servicio de intermediaci\u00f3n destinado a la b\u00fasqueda de posibles compradores de los inmuebles.<\/p>\n<p>    &#8220;Este concurso fue publicado oportunamente&#8221;, subrayan los consejeros del Tribunal de Cuentas para a\u00f1adir que se presentaron diferentes ofertas al proceso de venta y que fueron baremadas por una mesa de contrataci\u00f3n entre los que participaron, entre otros, asesores y consejeros de grupos de la oposici\u00f3n municipal.<\/p>\n<h2 class=\"ladillo\">EL PRECIO FIJ\u00d3 &#8220;UN PUNTO DE EQUILIBRIO&#8221; DEL MERCADO  <\/h2>\n<p>   El servicio de intermediaci\u00f3n resulta relevante en este fallo revocatorio para &#8220;asegurar m\u00e1s a\u00fan el \u00e9xito de la operaci\u00f3n&#8221;, pues la transacci\u00f3n hab\u00eda sido recogida en los planes de viabilidad, al agilizar la gesti\u00f3n de las ofertas recibidas.<\/p>\n<p>   Respecto al precio de venta, fijado en 128,5 millones de euros, la nueva resoluci\u00f3n del Tribunal de Cuentas considera que ambas partes (EMVS y el fondo de inversi\u00f3n) llegaron a un &#8220;punto de equilibrio de mercado&#8221;.<\/p>\n<p>   Detalla tambi\u00e9n que en las primeras fases del procedimiento de enajenaci\u00f3n participaron hasta ocho empresas o grupos inversores, por lo que entiende que hubo publicidad del proceso aunque s\u00ed detecta algunas irregularidades &#8220;meramente formales&#8221; en materia de transparencia y concurrencia.<\/p>\n<p>   Por tanto, concluye que en 2012 la EMVS &#8220;enfrentaba una situaci\u00f3n cr\u00edtica&#8221; y que no se debe olvidar &#8220;cu\u00e1les eran las condiciones generales del mercado&#8221;, marcadas por un &#8220;desplome&#8221; del mercado financiero que se mostraba tambi\u00e9n &#8220;reacio&#8221; a refinanciar cr\u00e9ditos inmobiliarios.<\/p>\n<p>   &#8220;Los precios de la vivienda acumulaban a\u00f1os de continuas ca\u00eddas. La EMVS hab\u00eda sacado a subastas decenas de pisos en 2011 y 2012 pero dicho procedimiento demostr\u00f3 ser ineficaz, puesto que las ofertas fueron bajas y escasas&#8221;, argumenta la sentencia para destacar que entonces la empresa por su situaci\u00f3n econ\u00f3mica se enfrentaba incluso a su posible disoluci\u00f3n. &#8220;Ha quedado acreditado su ajuste a las normas y principios del ordenamiento jur\u00eddico&#8221;, ahonda.<\/p>\n<h2 class=\"ladillo\">EL VOTO PARTICULAR: &#8220;LA OPERACI\u00d3N FUE LESIVA&#8221;<\/h2>\n<p>   Mientras, el consejero Felipe Garc\u00eda emite un voto particular discrepante sobre la venta de estas 1.860 viviendas al entender que para fijar el precio se debi\u00f3 contar con al menos tres tasaciones porque ve la &#8220;inexistencia de un precio fundado y falto de tasaci\u00f3n&#8221;.<\/p>\n<p>   Cree que hab\u00eda otras alternativas a la enajenaci\u00f3n de los pisos, como aplicar criterios profesionales en la gesti\u00f3n de la EMVS o la inyecci\u00f3n de capital por parte del Consistorio para reequilibrar sus cuentas.<\/p>\n<p>   &#8220;La operaci\u00f3n fue lesiva para el colectivo ocupante&#8221;, desgrana el consejero, para a\u00f1adir que la transacci\u00f3n no consider\u00f3 &#8220;adecuadamente a un colectivo especialmente vulnerable y result\u00f3 da\u00f1osa para sus intereses y para el derechos a obtener una vivienda digna&#8221;.<\/p>\n<\/div>\n<p>[ad_2]<br \/>\n<br \/><a href=\"https:\/\/www.europapress.es\/economia\/legal-00345\/noticia-tribunal-cuentas-revoca-condena-ana-botella-venta-viviendas-emvs-blackstone-20190717173754.html\">Source link <\/a><\/p>\n","protected":false},"excerpt":{"rendered":"<p>[ad_1] MADRID, 17 Jul. (EUROPA PRESS) &#8211; El Tribunal de Cuentas ha revocado la condena a la exalcaldesa de Madrid Ana Botella y a los que fueron concejales en su equipo de gobierno por la venta de 18 promociones de viviendas de la Empresa Municipal de Vivienda de Madrid (EMVS) al grupo societario Fidere, sociedad [&hellip;]<\/p>\n","protected":false},"author":2,"featured_media":6569,"comment_status":"open","ping_status":"open","sticky":false,"template":"","format":"standard","meta":{"footnotes":""},"categories":[1],"tags":[],"class_list":["post-6568","post","type-post","status-publish","format-standard","has-post-thumbnail","hentry","category-noticias-financieras"],"yoast_head":"<!-- This site is optimized with the Yoast SEO plugin v27.4 - https:\/\/yoast.com\/product\/yoast-seo-wordpress\/ -->\n<title>Tribunal de Cuentas revoca la condena a Ana Botella por la venta de viviendas de la EMVS a Blackstone - Super News<\/title>\n<meta name=\"robots\" content=\"index, follow, max-snippet:-1, max-image-preview:large, max-video-preview:-1\" \/>\n<link rel=\"canonical\" href=\"https:\/\/super-news.info\/es\/tribunal-de-cuentas-revoca-la-condena-a-ana-botella-por-la-venta-de-viviendas-de-la-emvs-a-blackstone\/\" \/>\n<meta property=\"og:locale\" content=\"en_US\" \/>\n<meta property=\"og:type\" content=\"article\" \/>\n<meta property=\"og:title\" content=\"Tribunal de Cuentas revoca la condena a Ana Botella por la venta de viviendas de la EMVS a Blackstone - Super News\" \/>\n<meta property=\"og:description\" content=\"[ad_1] MADRID, 17 Jul. (EUROPA PRESS) &#8211; El Tribunal de Cuentas ha revocado la condena a la exalcaldesa de Madrid Ana Botella y a los que fueron concejales en su equipo de gobierno por la venta de 18 promociones de viviendas de la Empresa Municipal de Vivienda de Madrid (EMVS) al grupo societario Fidere, sociedad [&hellip;]\" \/>\n<meta property=\"og:url\" content=\"https:\/\/super-news.info\/es\/tribunal-de-cuentas-revoca-la-condena-a-ana-botella-por-la-venta-de-viviendas-de-la-emvs-a-blackstone\/\" \/>\n<meta property=\"og:site_name\" content=\"Super News\" \/>\n<meta property=\"article:published_time\" content=\"2019-07-17T16:07:26+00:00\" \/>\n<meta property=\"article:modified_time\" content=\"2019-07-17T16:07:27+00:00\" \/>\n<meta property=\"og:image\" content=\"https:\/\/super-news.info\/es\/wp-content\/uploads\/sites\/4\/2019\/07\/Tribunal-de-Cuentas-revoca-la-condena-a-Ana-Botella-por.jpg\" \/>\n\t<meta property=\"og:image:width\" content=\"120\" \/>\n\t<meta property=\"og:image:height\" content=\"80\" \/>\n\t<meta property=\"og:image:type\" content=\"image\/jpeg\" \/>\n<meta name=\"author\" content=\"super-news\" \/>\n<meta name=\"twitter:card\" content=\"summary_large_image\" \/>\n<meta name=\"twitter:label1\" content=\"Written by\" \/>\n\t<meta name=\"twitter:data1\" content=\"super-news\" \/>\n\t<meta name=\"twitter:label2\" content=\"Est. reading time\" \/>\n\t<meta name=\"twitter:data2\" content=\"6 minutes\" \/>\n<script type=\"application\/ld+json\" class=\"yoast-schema-graph\">{\"@context\":\"https:\\\/\\\/schema.org\",\"@graph\":[{\"@type\":\"Article\",\"@id\":\"https:\\\/\\\/super-news.info\\\/es\\\/tribunal-de-cuentas-revoca-la-condena-a-ana-botella-por-la-venta-de-viviendas-de-la-emvs-a-blackstone\\\/#article\",\"isPartOf\":{\"@id\":\"https:\\\/\\\/super-news.info\\\/es\\\/tribunal-de-cuentas-revoca-la-condena-a-ana-botella-por-la-venta-de-viviendas-de-la-emvs-a-blackstone\\\/\"},\"author\":{\"name\":\"super-news\",\"@id\":\"https:\\\/\\\/super-news.info\\\/es\\\/#\\\/schema\\\/person\\\/2d4068cb2f39cd10008c2fce578a7356\"},\"headline\":\"Tribunal de Cuentas revoca la condena a Ana Botella por la venta de viviendas de la EMVS a Blackstone\",\"datePublished\":\"2019-07-17T16:07:26+00:00\",\"dateModified\":\"2019-07-17T16:07:27+00:00\",\"mainEntityOfPage\":{\"@id\":\"https:\\\/\\\/super-news.info\\\/es\\\/tribunal-de-cuentas-revoca-la-condena-a-ana-botella-por-la-venta-de-viviendas-de-la-emvs-a-blackstone\\\/\"},\"wordCount\":1195,\"commentCount\":0,\"image\":{\"@id\":\"https:\\\/\\\/super-news.info\\\/es\\\/tribunal-de-cuentas-revoca-la-condena-a-ana-botella-por-la-venta-de-viviendas-de-la-emvs-a-blackstone\\\/#primaryimage\"},\"thumbnailUrl\":\"https:\\\/\\\/super-news.info\\\/es\\\/wp-content\\\/uploads\\\/sites\\\/4\\\/2019\\\/07\\\/Tribunal-de-Cuentas-revoca-la-condena-a-Ana-Botella-por.jpg\",\"articleSection\":[\"NOTICIAS FINANCIERAS\"],\"inLanguage\":\"en-US\",\"potentialAction\":[{\"@type\":\"CommentAction\",\"name\":\"Comment\",\"target\":[\"https:\\\/\\\/super-news.info\\\/es\\\/tribunal-de-cuentas-revoca-la-condena-a-ana-botella-por-la-venta-de-viviendas-de-la-emvs-a-blackstone\\\/#respond\"]}]},{\"@type\":\"WebPage\",\"@id\":\"https:\\\/\\\/super-news.info\\\/es\\\/tribunal-de-cuentas-revoca-la-condena-a-ana-botella-por-la-venta-de-viviendas-de-la-emvs-a-blackstone\\\/\",\"url\":\"https:\\\/\\\/super-news.info\\\/es\\\/tribunal-de-cuentas-revoca-la-condena-a-ana-botella-por-la-venta-de-viviendas-de-la-emvs-a-blackstone\\\/\",\"name\":\"Tribunal de Cuentas revoca la condena a Ana Botella por la venta de viviendas de la EMVS a Blackstone - Super News\",\"isPartOf\":{\"@id\":\"https:\\\/\\\/super-news.info\\\/es\\\/#website\"},\"primaryImageOfPage\":{\"@id\":\"https:\\\/\\\/super-news.info\\\/es\\\/tribunal-de-cuentas-revoca-la-condena-a-ana-botella-por-la-venta-de-viviendas-de-la-emvs-a-blackstone\\\/#primaryimage\"},\"image\":{\"@id\":\"https:\\\/\\\/super-news.info\\\/es\\\/tribunal-de-cuentas-revoca-la-condena-a-ana-botella-por-la-venta-de-viviendas-de-la-emvs-a-blackstone\\\/#primaryimage\"},\"thumbnailUrl\":\"https:\\\/\\\/super-news.info\\\/es\\\/wp-content\\\/uploads\\\/sites\\\/4\\\/2019\\\/07\\\/Tribunal-de-Cuentas-revoca-la-condena-a-Ana-Botella-por.jpg\",\"datePublished\":\"2019-07-17T16:07:26+00:00\",\"dateModified\":\"2019-07-17T16:07:27+00:00\",\"author\":{\"@id\":\"https:\\\/\\\/super-news.info\\\/es\\\/#\\\/schema\\\/person\\\/2d4068cb2f39cd10008c2fce578a7356\"},\"breadcrumb\":{\"@id\":\"https:\\\/\\\/super-news.info\\\/es\\\/tribunal-de-cuentas-revoca-la-condena-a-ana-botella-por-la-venta-de-viviendas-de-la-emvs-a-blackstone\\\/#breadcrumb\"},\"inLanguage\":\"en-US\",\"potentialAction\":[{\"@type\":\"ReadAction\",\"target\":[\"https:\\\/\\\/super-news.info\\\/es\\\/tribunal-de-cuentas-revoca-la-condena-a-ana-botella-por-la-venta-de-viviendas-de-la-emvs-a-blackstone\\\/\"]}]},{\"@type\":\"ImageObject\",\"inLanguage\":\"en-US\",\"@id\":\"https:\\\/\\\/super-news.info\\\/es\\\/tribunal-de-cuentas-revoca-la-condena-a-ana-botella-por-la-venta-de-viviendas-de-la-emvs-a-blackstone\\\/#primaryimage\",\"url\":\"https:\\\/\\\/super-news.info\\\/es\\\/wp-content\\\/uploads\\\/sites\\\/4\\\/2019\\\/07\\\/Tribunal-de-Cuentas-revoca-la-condena-a-Ana-Botella-por.jpg\",\"contentUrl\":\"https:\\\/\\\/super-news.info\\\/es\\\/wp-content\\\/uploads\\\/sites\\\/4\\\/2019\\\/07\\\/Tribunal-de-Cuentas-revoca-la-condena-a-Ana-Botella-por.jpg\",\"width\":120,\"height\":80,\"caption\":\"Tribunal de Cuentas revoca la condena a Ana Botella por la venta de viviendas de la EMVS a Blackstone\"},{\"@type\":\"BreadcrumbList\",\"@id\":\"https:\\\/\\\/super-news.info\\\/es\\\/tribunal-de-cuentas-revoca-la-condena-a-ana-botella-por-la-venta-de-viviendas-de-la-emvs-a-blackstone\\\/#breadcrumb\",\"itemListElement\":[{\"@type\":\"ListItem\",\"position\":1,\"name\":\"\u0413\u043b\u0430\u0432\u043d\u0430\u044f \u0441\u0442\u0440\u0430\u043d\u0438\u0446\u0430\",\"item\":\"https:\\\/\\\/super-news.info\\\/es\\\/\"},{\"@type\":\"ListItem\",\"position\":2,\"name\":\"Tribunal de Cuentas revoca la condena a Ana Botella por la venta de viviendas de la EMVS a Blackstone\"}]},{\"@type\":\"WebSite\",\"@id\":\"https:\\\/\\\/super-news.info\\\/es\\\/#website\",\"url\":\"https:\\\/\\\/super-news.info\\\/es\\\/\",\"name\":\"Super News\",\"description\":\"Super News Espa\u00f1a\",\"potentialAction\":[{\"@type\":\"SearchAction\",\"target\":{\"@type\":\"EntryPoint\",\"urlTemplate\":\"https:\\\/\\\/super-news.info\\\/es\\\/?s={search_term_string}\"},\"query-input\":{\"@type\":\"PropertyValueSpecification\",\"valueRequired\":true,\"valueName\":\"search_term_string\"}}],\"inLanguage\":\"en-US\"},{\"@type\":\"Person\",\"@id\":\"https:\\\/\\\/super-news.info\\\/es\\\/#\\\/schema\\\/person\\\/2d4068cb2f39cd10008c2fce578a7356\",\"name\":\"super-news\",\"image\":{\"@type\":\"ImageObject\",\"inLanguage\":\"en-US\",\"@id\":\"https:\\\/\\\/secure.gravatar.com\\\/avatar\\\/64ebac40b93f26a154f8a9b5b6fdccfc46f442b26b3dd6756dbff3bf9dc76fd7?s=96&d=mm&r=g\",\"url\":\"https:\\\/\\\/secure.gravatar.com\\\/avatar\\\/64ebac40b93f26a154f8a9b5b6fdccfc46f442b26b3dd6756dbff3bf9dc76fd7?s=96&d=mm&r=g\",\"contentUrl\":\"https:\\\/\\\/secure.gravatar.com\\\/avatar\\\/64ebac40b93f26a154f8a9b5b6fdccfc46f442b26b3dd6756dbff3bf9dc76fd7?s=96&d=mm&r=g\",\"caption\":\"super-news\"},\"url\":\"https:\\\/\\\/super-news.info\\\/es\\\/author\\\/pt\\\/\"}]}<\/script>\n<!-- \/ Yoast SEO plugin. -->","yoast_head_json":{"title":"Tribunal de Cuentas revoca la condena a Ana Botella por la venta de viviendas de la EMVS a Blackstone - Super News","robots":{"index":"index","follow":"follow","max-snippet":"max-snippet:-1","max-image-preview":"max-image-preview:large","max-video-preview":"max-video-preview:-1"},"canonical":"https:\/\/super-news.info\/es\/tribunal-de-cuentas-revoca-la-condena-a-ana-botella-por-la-venta-de-viviendas-de-la-emvs-a-blackstone\/","og_locale":"en_US","og_type":"article","og_title":"Tribunal de Cuentas revoca la condena a Ana Botella por la venta de viviendas de la EMVS a Blackstone - Super News","og_description":"[ad_1] MADRID, 17 Jul. (EUROPA PRESS) &#8211; El Tribunal de Cuentas ha revocado la condena a la exalcaldesa de Madrid Ana Botella y a los que fueron concejales en su equipo de gobierno por la venta de 18 promociones de viviendas de la Empresa Municipal de Vivienda de Madrid (EMVS) al grupo societario Fidere, sociedad [&hellip;]","og_url":"https:\/\/super-news.info\/es\/tribunal-de-cuentas-revoca-la-condena-a-ana-botella-por-la-venta-de-viviendas-de-la-emvs-a-blackstone\/","og_site_name":"Super News","article_published_time":"2019-07-17T16:07:26+00:00","article_modified_time":"2019-07-17T16:07:27+00:00","og_image":[{"width":120,"height":80,"url":"https:\/\/super-news.info\/es\/wp-content\/uploads\/sites\/4\/2019\/07\/Tribunal-de-Cuentas-revoca-la-condena-a-Ana-Botella-por.jpg","type":"image\/jpeg"}],"author":"super-news","twitter_card":"summary_large_image","twitter_misc":{"Written by":"super-news","Est. reading time":"6 minutes"},"schema":{"@context":"https:\/\/schema.org","@graph":[{"@type":"Article","@id":"https:\/\/super-news.info\/es\/tribunal-de-cuentas-revoca-la-condena-a-ana-botella-por-la-venta-de-viviendas-de-la-emvs-a-blackstone\/#article","isPartOf":{"@id":"https:\/\/super-news.info\/es\/tribunal-de-cuentas-revoca-la-condena-a-ana-botella-por-la-venta-de-viviendas-de-la-emvs-a-blackstone\/"},"author":{"name":"super-news","@id":"https:\/\/super-news.info\/es\/#\/schema\/person\/2d4068cb2f39cd10008c2fce578a7356"},"headline":"Tribunal de Cuentas revoca la condena a Ana Botella por la venta de viviendas de la EMVS a Blackstone","datePublished":"2019-07-17T16:07:26+00:00","dateModified":"2019-07-17T16:07:27+00:00","mainEntityOfPage":{"@id":"https:\/\/super-news.info\/es\/tribunal-de-cuentas-revoca-la-condena-a-ana-botella-por-la-venta-de-viviendas-de-la-emvs-a-blackstone\/"},"wordCount":1195,"commentCount":0,"image":{"@id":"https:\/\/super-news.info\/es\/tribunal-de-cuentas-revoca-la-condena-a-ana-botella-por-la-venta-de-viviendas-de-la-emvs-a-blackstone\/#primaryimage"},"thumbnailUrl":"https:\/\/super-news.info\/es\/wp-content\/uploads\/sites\/4\/2019\/07\/Tribunal-de-Cuentas-revoca-la-condena-a-Ana-Botella-por.jpg","articleSection":["NOTICIAS FINANCIERAS"],"inLanguage":"en-US","potentialAction":[{"@type":"CommentAction","name":"Comment","target":["https:\/\/super-news.info\/es\/tribunal-de-cuentas-revoca-la-condena-a-ana-botella-por-la-venta-de-viviendas-de-la-emvs-a-blackstone\/#respond"]}]},{"@type":"WebPage","@id":"https:\/\/super-news.info\/es\/tribunal-de-cuentas-revoca-la-condena-a-ana-botella-por-la-venta-de-viviendas-de-la-emvs-a-blackstone\/","url":"https:\/\/super-news.info\/es\/tribunal-de-cuentas-revoca-la-condena-a-ana-botella-por-la-venta-de-viviendas-de-la-emvs-a-blackstone\/","name":"Tribunal de Cuentas revoca la condena a Ana Botella por la venta de viviendas de la EMVS a Blackstone - Super News","isPartOf":{"@id":"https:\/\/super-news.info\/es\/#website"},"primaryImageOfPage":{"@id":"https:\/\/super-news.info\/es\/tribunal-de-cuentas-revoca-la-condena-a-ana-botella-por-la-venta-de-viviendas-de-la-emvs-a-blackstone\/#primaryimage"},"image":{"@id":"https:\/\/super-news.info\/es\/tribunal-de-cuentas-revoca-la-condena-a-ana-botella-por-la-venta-de-viviendas-de-la-emvs-a-blackstone\/#primaryimage"},"thumbnailUrl":"https:\/\/super-news.info\/es\/wp-content\/uploads\/sites\/4\/2019\/07\/Tribunal-de-Cuentas-revoca-la-condena-a-Ana-Botella-por.jpg","datePublished":"2019-07-17T16:07:26+00:00","dateModified":"2019-07-17T16:07:27+00:00","author":{"@id":"https:\/\/super-news.info\/es\/#\/schema\/person\/2d4068cb2f39cd10008c2fce578a7356"},"breadcrumb":{"@id":"https:\/\/super-news.info\/es\/tribunal-de-cuentas-revoca-la-condena-a-ana-botella-por-la-venta-de-viviendas-de-la-emvs-a-blackstone\/#breadcrumb"},"inLanguage":"en-US","potentialAction":[{"@type":"ReadAction","target":["https:\/\/super-news.info\/es\/tribunal-de-cuentas-revoca-la-condena-a-ana-botella-por-la-venta-de-viviendas-de-la-emvs-a-blackstone\/"]}]},{"@type":"ImageObject","inLanguage":"en-US","@id":"https:\/\/super-news.info\/es\/tribunal-de-cuentas-revoca-la-condena-a-ana-botella-por-la-venta-de-viviendas-de-la-emvs-a-blackstone\/#primaryimage","url":"https:\/\/super-news.info\/es\/wp-content\/uploads\/sites\/4\/2019\/07\/Tribunal-de-Cuentas-revoca-la-condena-a-Ana-Botella-por.jpg","contentUrl":"https:\/\/super-news.info\/es\/wp-content\/uploads\/sites\/4\/2019\/07\/Tribunal-de-Cuentas-revoca-la-condena-a-Ana-Botella-por.jpg","width":120,"height":80,"caption":"Tribunal de Cuentas revoca la condena a Ana Botella por la venta de viviendas de la EMVS a Blackstone"},{"@type":"BreadcrumbList","@id":"https:\/\/super-news.info\/es\/tribunal-de-cuentas-revoca-la-condena-a-ana-botella-por-la-venta-de-viviendas-de-la-emvs-a-blackstone\/#breadcrumb","itemListElement":[{"@type":"ListItem","position":1,"name":"\u0413\u043b\u0430\u0432\u043d\u0430\u044f \u0441\u0442\u0440\u0430\u043d\u0438\u0446\u0430","item":"https:\/\/super-news.info\/es\/"},{"@type":"ListItem","position":2,"name":"Tribunal de Cuentas revoca la condena a Ana Botella por la venta de viviendas de la EMVS a Blackstone"}]},{"@type":"WebSite","@id":"https:\/\/super-news.info\/es\/#website","url":"https:\/\/super-news.info\/es\/","name":"Super News","description":"Super News Espa\u00f1a","potentialAction":[{"@type":"SearchAction","target":{"@type":"EntryPoint","urlTemplate":"https:\/\/super-news.info\/es\/?s={search_term_string}"},"query-input":{"@type":"PropertyValueSpecification","valueRequired":true,"valueName":"search_term_string"}}],"inLanguage":"en-US"},{"@type":"Person","@id":"https:\/\/super-news.info\/es\/#\/schema\/person\/2d4068cb2f39cd10008c2fce578a7356","name":"super-news","image":{"@type":"ImageObject","inLanguage":"en-US","@id":"https:\/\/secure.gravatar.com\/avatar\/64ebac40b93f26a154f8a9b5b6fdccfc46f442b26b3dd6756dbff3bf9dc76fd7?s=96&d=mm&r=g","url":"https:\/\/secure.gravatar.com\/avatar\/64ebac40b93f26a154f8a9b5b6fdccfc46f442b26b3dd6756dbff3bf9dc76fd7?s=96&d=mm&r=g","contentUrl":"https:\/\/secure.gravatar.com\/avatar\/64ebac40b93f26a154f8a9b5b6fdccfc46f442b26b3dd6756dbff3bf9dc76fd7?s=96&d=mm&r=g","caption":"super-news"},"url":"https:\/\/super-news.info\/es\/author\/pt\/"}]}},"_links":{"self":[{"href":"https:\/\/super-news.info\/es\/wp-json\/wp\/v2\/posts\/6568","targetHints":{"allow":["GET"]}}],"collection":[{"href":"https:\/\/super-news.info\/es\/wp-json\/wp\/v2\/posts"}],"about":[{"href":"https:\/\/super-news.info\/es\/wp-json\/wp\/v2\/types\/post"}],"author":[{"embeddable":true,"href":"https:\/\/super-news.info\/es\/wp-json\/wp\/v2\/users\/2"}],"replies":[{"embeddable":true,"href":"https:\/\/super-news.info\/es\/wp-json\/wp\/v2\/comments?post=6568"}],"version-history":[{"count":1,"href":"https:\/\/super-news.info\/es\/wp-json\/wp\/v2\/posts\/6568\/revisions"}],"predecessor-version":[{"id":6570,"href":"https:\/\/super-news.info\/es\/wp-json\/wp\/v2\/posts\/6568\/revisions\/6570"}],"wp:featuredmedia":[{"embeddable":true,"href":"https:\/\/super-news.info\/es\/wp-json\/wp\/v2\/media\/6569"}],"wp:attachment":[{"href":"https:\/\/super-news.info\/es\/wp-json\/wp\/v2\/media?parent=6568"}],"wp:term":[{"taxonomy":"category","embeddable":true,"href":"https:\/\/super-news.info\/es\/wp-json\/wp\/v2\/categories?post=6568"},{"taxonomy":"post_tag","embeddable":true,"href":"https:\/\/super-news.info\/es\/wp-json\/wp\/v2\/tags?post=6568"}],"curies":[{"name":"wp","href":"https:\/\/api.w.org\/{rel}","templated":true}]}}