{"id":6562,"date":"2019-07-17T17:59:55","date_gmt":"2019-07-17T14:59:55","guid":{"rendered":"https:\/\/super-news.info\/es\/el-fmi-pide-a-espana-retomar-el-ajuste-fiscal-y-reducir-la-dualidad-del-mercado-laboral\/"},"modified":"2019-07-17T17:59:56","modified_gmt":"2019-07-17T14:59:56","slug":"el-fmi-pide-a-espana-retomar-el-ajuste-fiscal-y-reducir-la-dualidad-del-mercado-laboral","status":"publish","type":"post","link":"https:\/\/super-news.info\/es\/el-fmi-pide-a-espana-retomar-el-ajuste-fiscal-y-reducir-la-dualidad-del-mercado-laboral\/","title":{"rendered":"El FMI pide a Espa\u00f1a retomar el ajuste fiscal y reducir la dualidad del mercado laboral"},"content":{"rendered":"<p> [ad_1]<\/p>\n<div id=\"CuerpoNoticiav2\" itemprop=\"articleBody\">\n<p>WASHINGTON, 17 Jul. (EUROPA PRESS) &#8211; <\/p>\n<p itemprop=\"description\">   Espa\u00f1a deber\u00eda reanudar el proceso de consolidaci\u00f3n fiscal con el objetivo de reducir su &#8220;todav\u00eda considerable d\u00e9ficit fiscal estructural&#8221; y acometer reformas adicionales para reducir la dualidad de su mercado laboral entre trabajadores indefinidos y temporales con el objetivo de rebajar las vulnerabilidades externas de la econom\u00eda, que ocupa la segunda posici\u00f3n deudora neta a nivel mundial, solo superado por EEUU, seg\u00fan el Fondo Monetario Internacional (FMI).<\/p>\n<p>   En 2018, la posici\u00f3n de inversi\u00f3n internacional neta de Espa\u00f1a arroj\u00f3 un saldo negativo de 1,06 billones de d\u00f3lares (945.289 millones de euros), un 8% inferior al dato de 2017, solo por delante del saldo negativo de 9,71 billones de d\u00f3lares (8,66 billones de euros) de EEUU, lo que supuso el 74,3% del PIB espa\u00f1ol en 2018, mientras que en el caso estadounidense equivali\u00f3 al 47,4% de su PIB.<\/p>\n<p>   De este modo, el FMI juzga que la posici\u00f3n externa de Espa\u00f1a en 2018 &#8220;fue moderadamente m\u00e1s d\u00e9bil que consistente con los fundamentos a medio plazo y las pol\u00edticas deseables&#8221;, a\u00f1adiendo que alcanzar una posici\u00f3n inversora neta internacional suficientemente fuerte y ca\u00eddas adicionales del desempleo seguir\u00e1 requiriendo de un super\u00e1vit corriente relativamente alto y de un tipo de cambio real efectivo moderadamente m\u00e1s d\u00e9bil durante un periodo sostenido.<\/p>\n<p>   Como factores mitigadores de las vulnerabilidades externas de Espa\u00f1a, el Fondo apunta a la favorable estructura de vencimientos de la deuda soberana, con una media de siete a\u00f1os, y las medidas implementadas por el Banco Central Europeo (BCE), incluyendo el programa de compra de activos, que abarat\u00f3 los costes de financiaci\u00f3n de la deuda p\u00fablica.<\/p>\n<p>   La instituci\u00f3n considera que la relajaci\u00f3n de la pol\u00edtica monetaria del BCE, las reformas dom\u00e9sticas y la consolidaci\u00f3n fiscal adoptadas en respuesta a la crisis, as\u00ed como la fuerte recuperaci\u00f3n econ\u00f3mica han contribuido a mejorar la confianza de los inversores, aunque subraya que las elevadas necesidades de financiaci\u00f3n de los sectores p\u00fablico y privado hacen a Espa\u00f1a &#8220;vulnerable&#8221; ante repentinos cambios en la volatilidad del mercado.<\/p>\n<p>   En este sentido, los t\u00e9cnicos del FMI destacan que las reformas estructurales implementadas por Espa\u00f1a en respuesta a la crisis financiera, particularmente la reforma laboral, con la moderaci\u00f3n salarial y el ajuste fiscal resultante, contribuyeron a reducir los desequilibrios.<\/p>\n<p>   &#8220;Mantener este progreso y reducir a\u00fan m\u00e1s la vulnerabilidad externa requerir\u00e1 reiniciar la consolidaci\u00f3n fiscal estructural, as\u00ed como reformas adicionales para abordar la dualidad del mercado laboral&#8221;, propone el FMI, se\u00f1alando que impulsar la productividad y la competitividad requerir\u00e1 una implementaci\u00f3n m\u00e1s r\u00e1pida de las reformas del mercado de productos y servicios, as\u00ed como acciones para mejorar los resultados educativos, la formaci\u00f3n de los trabajadores y la capacidad de innovaci\u00f3n de las empresas.<\/p>\n<\/div>\n<p>[ad_2]<br \/>\n<br \/><a href=\"https:\/\/www.europapress.es\/economia\/macroeconomia-00338\/noticia-fmi-pide-espana-retomar-ajuste-fiscal-reducir-dualidad-mercado-laboral-20190717154116.html\">Source link <\/a><\/p>\n","protected":false},"excerpt":{"rendered":"<p>[ad_1] WASHINGTON, 17 Jul. (EUROPA PRESS) &#8211; Espa\u00f1a deber\u00eda reanudar el proceso de consolidaci\u00f3n fiscal con el objetivo de reducir su &#8220;todav\u00eda considerable d\u00e9ficit fiscal estructural&#8221; y acometer reformas adicionales para reducir la dualidad de su mercado laboral entre trabajadores indefinidos y temporales con el objetivo de rebajar las vulnerabilidades externas de la econom\u00eda, que [&hellip;]<\/p>\n","protected":false},"author":2,"featured_media":6563,"comment_status":"open","ping_status":"open","sticky":false,"template":"","format":"standard","meta":{"footnotes":""},"categories":[1],"tags":[],"class_list":["post-6562","post","type-post","status-publish","format-standard","has-post-thumbnail","hentry","category-noticias-financieras"],"yoast_head":"<!-- This site is optimized with the Yoast SEO plugin v27.4 - https:\/\/yoast.com\/product\/yoast-seo-wordpress\/ -->\n<title>El FMI pide a Espa\u00f1a retomar el ajuste fiscal y reducir la dualidad del mercado laboral - Super News<\/title>\n<meta name=\"robots\" content=\"index, follow, max-snippet:-1, max-image-preview:large, max-video-preview:-1\" \/>\n<link rel=\"canonical\" href=\"https:\/\/super-news.info\/es\/el-fmi-pide-a-espana-retomar-el-ajuste-fiscal-y-reducir-la-dualidad-del-mercado-laboral\/\" \/>\n<meta property=\"og:locale\" content=\"en_US\" \/>\n<meta property=\"og:type\" content=\"article\" \/>\n<meta property=\"og:title\" content=\"El FMI pide a Espa\u00f1a retomar el ajuste fiscal y reducir la dualidad del mercado laboral - Super News\" \/>\n<meta property=\"og:description\" content=\"[ad_1] WASHINGTON, 17 Jul. (EUROPA PRESS) &#8211; Espa\u00f1a deber\u00eda reanudar el proceso de consolidaci\u00f3n fiscal con el objetivo de reducir su &#8220;todav\u00eda considerable d\u00e9ficit fiscal estructural&#8221; y acometer reformas adicionales para reducir la dualidad de su mercado laboral entre trabajadores indefinidos y temporales con el objetivo de rebajar las vulnerabilidades externas de la econom\u00eda, que [&hellip;]\" \/>\n<meta property=\"og:url\" content=\"https:\/\/super-news.info\/es\/el-fmi-pide-a-espana-retomar-el-ajuste-fiscal-y-reducir-la-dualidad-del-mercado-laboral\/\" \/>\n<meta property=\"og:site_name\" content=\"Super News\" \/>\n<meta property=\"article:published_time\" content=\"2019-07-17T14:59:55+00:00\" \/>\n<meta property=\"article:modified_time\" content=\"2019-07-17T14:59:56+00:00\" \/>\n<meta property=\"og:image\" content=\"https:\/\/super-news.info\/es\/wp-content\/uploads\/sites\/4\/2019\/07\/El-FMI-pide-a-Espa\u00f1a-retomar-el-ajuste-fiscal-y.jpg\" \/>\n\t<meta property=\"og:image:width\" content=\"120\" \/>\n\t<meta property=\"og:image:height\" content=\"80\" \/>\n\t<meta property=\"og:image:type\" content=\"image\/jpeg\" \/>\n<meta name=\"author\" content=\"super-news\" \/>\n<meta name=\"twitter:card\" content=\"summary_large_image\" \/>\n<meta name=\"twitter:label1\" content=\"Written by\" \/>\n\t<meta name=\"twitter:data1\" content=\"super-news\" \/>\n\t<meta name=\"twitter:label2\" content=\"Est. reading time\" \/>\n\t<meta name=\"twitter:data2\" content=\"2 minutes\" \/>\n<script type=\"application\/ld+json\" class=\"yoast-schema-graph\">{\"@context\":\"https:\\\/\\\/schema.org\",\"@graph\":[{\"@type\":\"Article\",\"@id\":\"https:\\\/\\\/super-news.info\\\/es\\\/el-fmi-pide-a-espana-retomar-el-ajuste-fiscal-y-reducir-la-dualidad-del-mercado-laboral\\\/#article\",\"isPartOf\":{\"@id\":\"https:\\\/\\\/super-news.info\\\/es\\\/el-fmi-pide-a-espana-retomar-el-ajuste-fiscal-y-reducir-la-dualidad-del-mercado-laboral\\\/\"},\"author\":{\"name\":\"super-news\",\"@id\":\"https:\\\/\\\/super-news.info\\\/es\\\/#\\\/schema\\\/person\\\/2d4068cb2f39cd10008c2fce578a7356\"},\"headline\":\"El FMI pide a Espa\u00f1a retomar el ajuste fiscal y reducir la dualidad del mercado laboral\",\"datePublished\":\"2019-07-17T14:59:55+00:00\",\"dateModified\":\"2019-07-17T14:59:56+00:00\",\"mainEntityOfPage\":{\"@id\":\"https:\\\/\\\/super-news.info\\\/es\\\/el-fmi-pide-a-espana-retomar-el-ajuste-fiscal-y-reducir-la-dualidad-del-mercado-laboral\\\/\"},\"wordCount\":503,\"commentCount\":0,\"image\":{\"@id\":\"https:\\\/\\\/super-news.info\\\/es\\\/el-fmi-pide-a-espana-retomar-el-ajuste-fiscal-y-reducir-la-dualidad-del-mercado-laboral\\\/#primaryimage\"},\"thumbnailUrl\":\"https:\\\/\\\/super-news.info\\\/es\\\/wp-content\\\/uploads\\\/sites\\\/4\\\/2019\\\/07\\\/El-FMI-pide-a-Espa\u00f1a-retomar-el-ajuste-fiscal-y.jpg\",\"articleSection\":[\"NOTICIAS FINANCIERAS\"],\"inLanguage\":\"en-US\",\"potentialAction\":[{\"@type\":\"CommentAction\",\"name\":\"Comment\",\"target\":[\"https:\\\/\\\/super-news.info\\\/es\\\/el-fmi-pide-a-espana-retomar-el-ajuste-fiscal-y-reducir-la-dualidad-del-mercado-laboral\\\/#respond\"]}]},{\"@type\":\"WebPage\",\"@id\":\"https:\\\/\\\/super-news.info\\\/es\\\/el-fmi-pide-a-espana-retomar-el-ajuste-fiscal-y-reducir-la-dualidad-del-mercado-laboral\\\/\",\"url\":\"https:\\\/\\\/super-news.info\\\/es\\\/el-fmi-pide-a-espana-retomar-el-ajuste-fiscal-y-reducir-la-dualidad-del-mercado-laboral\\\/\",\"name\":\"El FMI pide a Espa\u00f1a retomar el ajuste fiscal y reducir la dualidad del mercado laboral - Super News\",\"isPartOf\":{\"@id\":\"https:\\\/\\\/super-news.info\\\/es\\\/#website\"},\"primaryImageOfPage\":{\"@id\":\"https:\\\/\\\/super-news.info\\\/es\\\/el-fmi-pide-a-espana-retomar-el-ajuste-fiscal-y-reducir-la-dualidad-del-mercado-laboral\\\/#primaryimage\"},\"image\":{\"@id\":\"https:\\\/\\\/super-news.info\\\/es\\\/el-fmi-pide-a-espana-retomar-el-ajuste-fiscal-y-reducir-la-dualidad-del-mercado-laboral\\\/#primaryimage\"},\"thumbnailUrl\":\"https:\\\/\\\/super-news.info\\\/es\\\/wp-content\\\/uploads\\\/sites\\\/4\\\/2019\\\/07\\\/El-FMI-pide-a-Espa\u00f1a-retomar-el-ajuste-fiscal-y.jpg\",\"datePublished\":\"2019-07-17T14:59:55+00:00\",\"dateModified\":\"2019-07-17T14:59:56+00:00\",\"author\":{\"@id\":\"https:\\\/\\\/super-news.info\\\/es\\\/#\\\/schema\\\/person\\\/2d4068cb2f39cd10008c2fce578a7356\"},\"breadcrumb\":{\"@id\":\"https:\\\/\\\/super-news.info\\\/es\\\/el-fmi-pide-a-espana-retomar-el-ajuste-fiscal-y-reducir-la-dualidad-del-mercado-laboral\\\/#breadcrumb\"},\"inLanguage\":\"en-US\",\"potentialAction\":[{\"@type\":\"ReadAction\",\"target\":[\"https:\\\/\\\/super-news.info\\\/es\\\/el-fmi-pide-a-espana-retomar-el-ajuste-fiscal-y-reducir-la-dualidad-del-mercado-laboral\\\/\"]}]},{\"@type\":\"ImageObject\",\"inLanguage\":\"en-US\",\"@id\":\"https:\\\/\\\/super-news.info\\\/es\\\/el-fmi-pide-a-espana-retomar-el-ajuste-fiscal-y-reducir-la-dualidad-del-mercado-laboral\\\/#primaryimage\",\"url\":\"https:\\\/\\\/super-news.info\\\/es\\\/wp-content\\\/uploads\\\/sites\\\/4\\\/2019\\\/07\\\/El-FMI-pide-a-Espa\u00f1a-retomar-el-ajuste-fiscal-y.jpg\",\"contentUrl\":\"https:\\\/\\\/super-news.info\\\/es\\\/wp-content\\\/uploads\\\/sites\\\/4\\\/2019\\\/07\\\/El-FMI-pide-a-Espa\u00f1a-retomar-el-ajuste-fiscal-y.jpg\",\"width\":120,\"height\":80,\"caption\":\"El FMI pide a Espa\u00f1a retomar el ajuste fiscal y reducir la dualidad del mercado laboral\"},{\"@type\":\"BreadcrumbList\",\"@id\":\"https:\\\/\\\/super-news.info\\\/es\\\/el-fmi-pide-a-espana-retomar-el-ajuste-fiscal-y-reducir-la-dualidad-del-mercado-laboral\\\/#breadcrumb\",\"itemListElement\":[{\"@type\":\"ListItem\",\"position\":1,\"name\":\"\u0413\u043b\u0430\u0432\u043d\u0430\u044f \u0441\u0442\u0440\u0430\u043d\u0438\u0446\u0430\",\"item\":\"https:\\\/\\\/super-news.info\\\/es\\\/\"},{\"@type\":\"ListItem\",\"position\":2,\"name\":\"El FMI pide a Espa\u00f1a retomar el ajuste fiscal y reducir la dualidad del mercado laboral\"}]},{\"@type\":\"WebSite\",\"@id\":\"https:\\\/\\\/super-news.info\\\/es\\\/#website\",\"url\":\"https:\\\/\\\/super-news.info\\\/es\\\/\",\"name\":\"Super News\",\"description\":\"Super News Espa\u00f1a\",\"potentialAction\":[{\"@type\":\"SearchAction\",\"target\":{\"@type\":\"EntryPoint\",\"urlTemplate\":\"https:\\\/\\\/super-news.info\\\/es\\\/?s={search_term_string}\"},\"query-input\":{\"@type\":\"PropertyValueSpecification\",\"valueRequired\":true,\"valueName\":\"search_term_string\"}}],\"inLanguage\":\"en-US\"},{\"@type\":\"Person\",\"@id\":\"https:\\\/\\\/super-news.info\\\/es\\\/#\\\/schema\\\/person\\\/2d4068cb2f39cd10008c2fce578a7356\",\"name\":\"super-news\",\"image\":{\"@type\":\"ImageObject\",\"inLanguage\":\"en-US\",\"@id\":\"https:\\\/\\\/secure.gravatar.com\\\/avatar\\\/64ebac40b93f26a154f8a9b5b6fdccfc46f442b26b3dd6756dbff3bf9dc76fd7?s=96&d=mm&r=g\",\"url\":\"https:\\\/\\\/secure.gravatar.com\\\/avatar\\\/64ebac40b93f26a154f8a9b5b6fdccfc46f442b26b3dd6756dbff3bf9dc76fd7?s=96&d=mm&r=g\",\"contentUrl\":\"https:\\\/\\\/secure.gravatar.com\\\/avatar\\\/64ebac40b93f26a154f8a9b5b6fdccfc46f442b26b3dd6756dbff3bf9dc76fd7?s=96&d=mm&r=g\",\"caption\":\"super-news\"},\"url\":\"https:\\\/\\\/super-news.info\\\/es\\\/author\\\/pt\\\/\"}]}<\/script>\n<!-- \/ Yoast SEO plugin. -->","yoast_head_json":{"title":"El FMI pide a Espa\u00f1a retomar el ajuste fiscal y reducir la dualidad del mercado laboral - Super News","robots":{"index":"index","follow":"follow","max-snippet":"max-snippet:-1","max-image-preview":"max-image-preview:large","max-video-preview":"max-video-preview:-1"},"canonical":"https:\/\/super-news.info\/es\/el-fmi-pide-a-espana-retomar-el-ajuste-fiscal-y-reducir-la-dualidad-del-mercado-laboral\/","og_locale":"en_US","og_type":"article","og_title":"El FMI pide a Espa\u00f1a retomar el ajuste fiscal y reducir la dualidad del mercado laboral - Super News","og_description":"[ad_1] WASHINGTON, 17 Jul. (EUROPA PRESS) &#8211; Espa\u00f1a deber\u00eda reanudar el proceso de consolidaci\u00f3n fiscal con el objetivo de reducir su &#8220;todav\u00eda considerable d\u00e9ficit fiscal estructural&#8221; y acometer reformas adicionales para reducir la dualidad de su mercado laboral entre trabajadores indefinidos y temporales con el objetivo de rebajar las vulnerabilidades externas de la econom\u00eda, que [&hellip;]","og_url":"https:\/\/super-news.info\/es\/el-fmi-pide-a-espana-retomar-el-ajuste-fiscal-y-reducir-la-dualidad-del-mercado-laboral\/","og_site_name":"Super News","article_published_time":"2019-07-17T14:59:55+00:00","article_modified_time":"2019-07-17T14:59:56+00:00","og_image":[{"width":120,"height":80,"url":"https:\/\/super-news.info\/es\/wp-content\/uploads\/sites\/4\/2019\/07\/El-FMI-pide-a-Espa\u00f1a-retomar-el-ajuste-fiscal-y.jpg","type":"image\/jpeg"}],"author":"super-news","twitter_card":"summary_large_image","twitter_misc":{"Written by":"super-news","Est. reading time":"2 minutes"},"schema":{"@context":"https:\/\/schema.org","@graph":[{"@type":"Article","@id":"https:\/\/super-news.info\/es\/el-fmi-pide-a-espana-retomar-el-ajuste-fiscal-y-reducir-la-dualidad-del-mercado-laboral\/#article","isPartOf":{"@id":"https:\/\/super-news.info\/es\/el-fmi-pide-a-espana-retomar-el-ajuste-fiscal-y-reducir-la-dualidad-del-mercado-laboral\/"},"author":{"name":"super-news","@id":"https:\/\/super-news.info\/es\/#\/schema\/person\/2d4068cb2f39cd10008c2fce578a7356"},"headline":"El FMI pide a Espa\u00f1a retomar el ajuste fiscal y reducir la dualidad del mercado laboral","datePublished":"2019-07-17T14:59:55+00:00","dateModified":"2019-07-17T14:59:56+00:00","mainEntityOfPage":{"@id":"https:\/\/super-news.info\/es\/el-fmi-pide-a-espana-retomar-el-ajuste-fiscal-y-reducir-la-dualidad-del-mercado-laboral\/"},"wordCount":503,"commentCount":0,"image":{"@id":"https:\/\/super-news.info\/es\/el-fmi-pide-a-espana-retomar-el-ajuste-fiscal-y-reducir-la-dualidad-del-mercado-laboral\/#primaryimage"},"thumbnailUrl":"https:\/\/super-news.info\/es\/wp-content\/uploads\/sites\/4\/2019\/07\/El-FMI-pide-a-Espa\u00f1a-retomar-el-ajuste-fiscal-y.jpg","articleSection":["NOTICIAS FINANCIERAS"],"inLanguage":"en-US","potentialAction":[{"@type":"CommentAction","name":"Comment","target":["https:\/\/super-news.info\/es\/el-fmi-pide-a-espana-retomar-el-ajuste-fiscal-y-reducir-la-dualidad-del-mercado-laboral\/#respond"]}]},{"@type":"WebPage","@id":"https:\/\/super-news.info\/es\/el-fmi-pide-a-espana-retomar-el-ajuste-fiscal-y-reducir-la-dualidad-del-mercado-laboral\/","url":"https:\/\/super-news.info\/es\/el-fmi-pide-a-espana-retomar-el-ajuste-fiscal-y-reducir-la-dualidad-del-mercado-laboral\/","name":"El FMI pide a Espa\u00f1a retomar el ajuste fiscal y reducir la dualidad del mercado laboral - Super News","isPartOf":{"@id":"https:\/\/super-news.info\/es\/#website"},"primaryImageOfPage":{"@id":"https:\/\/super-news.info\/es\/el-fmi-pide-a-espana-retomar-el-ajuste-fiscal-y-reducir-la-dualidad-del-mercado-laboral\/#primaryimage"},"image":{"@id":"https:\/\/super-news.info\/es\/el-fmi-pide-a-espana-retomar-el-ajuste-fiscal-y-reducir-la-dualidad-del-mercado-laboral\/#primaryimage"},"thumbnailUrl":"https:\/\/super-news.info\/es\/wp-content\/uploads\/sites\/4\/2019\/07\/El-FMI-pide-a-Espa\u00f1a-retomar-el-ajuste-fiscal-y.jpg","datePublished":"2019-07-17T14:59:55+00:00","dateModified":"2019-07-17T14:59:56+00:00","author":{"@id":"https:\/\/super-news.info\/es\/#\/schema\/person\/2d4068cb2f39cd10008c2fce578a7356"},"breadcrumb":{"@id":"https:\/\/super-news.info\/es\/el-fmi-pide-a-espana-retomar-el-ajuste-fiscal-y-reducir-la-dualidad-del-mercado-laboral\/#breadcrumb"},"inLanguage":"en-US","potentialAction":[{"@type":"ReadAction","target":["https:\/\/super-news.info\/es\/el-fmi-pide-a-espana-retomar-el-ajuste-fiscal-y-reducir-la-dualidad-del-mercado-laboral\/"]}]},{"@type":"ImageObject","inLanguage":"en-US","@id":"https:\/\/super-news.info\/es\/el-fmi-pide-a-espana-retomar-el-ajuste-fiscal-y-reducir-la-dualidad-del-mercado-laboral\/#primaryimage","url":"https:\/\/super-news.info\/es\/wp-content\/uploads\/sites\/4\/2019\/07\/El-FMI-pide-a-Espa\u00f1a-retomar-el-ajuste-fiscal-y.jpg","contentUrl":"https:\/\/super-news.info\/es\/wp-content\/uploads\/sites\/4\/2019\/07\/El-FMI-pide-a-Espa\u00f1a-retomar-el-ajuste-fiscal-y.jpg","width":120,"height":80,"caption":"El FMI pide a Espa\u00f1a retomar el ajuste fiscal y reducir la dualidad del mercado laboral"},{"@type":"BreadcrumbList","@id":"https:\/\/super-news.info\/es\/el-fmi-pide-a-espana-retomar-el-ajuste-fiscal-y-reducir-la-dualidad-del-mercado-laboral\/#breadcrumb","itemListElement":[{"@type":"ListItem","position":1,"name":"\u0413\u043b\u0430\u0432\u043d\u0430\u044f \u0441\u0442\u0440\u0430\u043d\u0438\u0446\u0430","item":"https:\/\/super-news.info\/es\/"},{"@type":"ListItem","position":2,"name":"El FMI pide a Espa\u00f1a retomar el ajuste fiscal y reducir la dualidad del mercado laboral"}]},{"@type":"WebSite","@id":"https:\/\/super-news.info\/es\/#website","url":"https:\/\/super-news.info\/es\/","name":"Super News","description":"Super News Espa\u00f1a","potentialAction":[{"@type":"SearchAction","target":{"@type":"EntryPoint","urlTemplate":"https:\/\/super-news.info\/es\/?s={search_term_string}"},"query-input":{"@type":"PropertyValueSpecification","valueRequired":true,"valueName":"search_term_string"}}],"inLanguage":"en-US"},{"@type":"Person","@id":"https:\/\/super-news.info\/es\/#\/schema\/person\/2d4068cb2f39cd10008c2fce578a7356","name":"super-news","image":{"@type":"ImageObject","inLanguage":"en-US","@id":"https:\/\/secure.gravatar.com\/avatar\/64ebac40b93f26a154f8a9b5b6fdccfc46f442b26b3dd6756dbff3bf9dc76fd7?s=96&d=mm&r=g","url":"https:\/\/secure.gravatar.com\/avatar\/64ebac40b93f26a154f8a9b5b6fdccfc46f442b26b3dd6756dbff3bf9dc76fd7?s=96&d=mm&r=g","contentUrl":"https:\/\/secure.gravatar.com\/avatar\/64ebac40b93f26a154f8a9b5b6fdccfc46f442b26b3dd6756dbff3bf9dc76fd7?s=96&d=mm&r=g","caption":"super-news"},"url":"https:\/\/super-news.info\/es\/author\/pt\/"}]}},"_links":{"self":[{"href":"https:\/\/super-news.info\/es\/wp-json\/wp\/v2\/posts\/6562","targetHints":{"allow":["GET"]}}],"collection":[{"href":"https:\/\/super-news.info\/es\/wp-json\/wp\/v2\/posts"}],"about":[{"href":"https:\/\/super-news.info\/es\/wp-json\/wp\/v2\/types\/post"}],"author":[{"embeddable":true,"href":"https:\/\/super-news.info\/es\/wp-json\/wp\/v2\/users\/2"}],"replies":[{"embeddable":true,"href":"https:\/\/super-news.info\/es\/wp-json\/wp\/v2\/comments?post=6562"}],"version-history":[{"count":1,"href":"https:\/\/super-news.info\/es\/wp-json\/wp\/v2\/posts\/6562\/revisions"}],"predecessor-version":[{"id":6564,"href":"https:\/\/super-news.info\/es\/wp-json\/wp\/v2\/posts\/6562\/revisions\/6564"}],"wp:featuredmedia":[{"embeddable":true,"href":"https:\/\/super-news.info\/es\/wp-json\/wp\/v2\/media\/6563"}],"wp:attachment":[{"href":"https:\/\/super-news.info\/es\/wp-json\/wp\/v2\/media?parent=6562"}],"wp:term":[{"taxonomy":"category","embeddable":true,"href":"https:\/\/super-news.info\/es\/wp-json\/wp\/v2\/categories?post=6562"},{"taxonomy":"post_tag","embeddable":true,"href":"https:\/\/super-news.info\/es\/wp-json\/wp\/v2\/tags?post=6562"}],"curies":[{"name":"wp","href":"https:\/\/api.w.org\/{rel}","templated":true}]}}