{"id":6452,"date":"2019-07-16T13:26:56","date_gmt":"2019-07-16T10:26:56","guid":{"rendered":"https:\/\/super-news.info\/es\/montero-dice-que-en-la-negociacion-con-podemos-no-ha-habido-ninguna-interferencia-tampoco-de-la-ceoe\/"},"modified":"2019-07-16T13:26:57","modified_gmt":"2019-07-16T10:26:57","slug":"montero-dice-que-en-la-negociacion-con-podemos-no-ha-habido-ninguna-interferencia-tampoco-de-la-ceoe","status":"publish","type":"post","link":"https:\/\/super-news.info\/es\/montero-dice-que-en-la-negociacion-con-podemos-no-ha-habido-ninguna-interferencia-tampoco-de-la-ceoe\/","title":{"rendered":"Montero dice que en la negociaci\u00f3n con Podemos no ha habido &#8220;ninguna interferencia&#8221;, tampoco de la CEOE"},"content":{"rendered":"<p> [ad_1]<\/p>\n<div id=\"CuerpoNoticiav2\" itemprop=\"articleBody\">\n<h3 class=\"subsubhead\">Apuesta por que los ayuntamientos puedan limitar el precio de los alquileres, pero s\u00f3lo en zonas muy concretas del centro urbano<\/h3>\n<p>   MADRID, 16 Jul. (EUROPA PRESS) &#8211; <\/p>\n<p itemprop=\"description\">   La ministra de Hacienda en funciones, Mar\u00eda Jes\u00fas Montero, ha indicado este martes que en la negociaci\u00f3n para la investidura de Pedro S\u00e1nchez con Unidas Podemos &#8220;no ha habido ninguna interferencia de ning\u00fan tipo&#8221;, en referencia a las declaraciones que ayer realiz\u00f3 el presidente de la CEOE, Antonio Garamendi, en las que advirti\u00f3 de que el programa econ\u00f3mico del partido de Pablo Iglesias har\u00eda que &#8220;la econom\u00eda fuera hacia atr\u00e1s&#8221;.<\/p>\n<p>   Montero, en declaraciones a la cadena SER recogidas por Europa Press, eludi\u00f3 responder a estas declaraciones de Garamendi, pero neg\u00f3 cualquier tipo de interferencia al respecto, y asegur\u00f3 que el &#8220;\u00fanico inconveniente&#8221; para avanzar en la negociaci\u00f3n ha sido &#8220;la negativa de Unidas Podemos a hablar de las pol\u00edticas&#8221; y anteponer las carteras o los cargos.<\/p>\n<p>   Por otro lado y preguntada por el alza de los precios del alquiler, la titular de Hacienda se mostr\u00f3 partidaria de aprobar herramientas legislativas para que los ayuntamientos &#8211;cit\u00f3 concretamente Madrid y Barcelona&#8211; puedan limitar el precio de los alquiler &#8220;en aquellas zonas especialmente tensionadas&#8221; y en aquellos lugares donde se est\u00e1 dificultando acceder al alquiler, muchas veces tambi\u00e9n relacionado con los pisos tur\u00edsticos.<\/p>\n<p>   &#8220;Tenemos que seguir trabajando en las zonas especialmente tensionadas, zonas muy limitadas en los cascos urbanos de Madrid y Barcelona, creando una normativa para que los ayuntamientos puedan establecer un l\u00edmite o un techo (&#8230;), pero nunca fuera de los lugares donde se est\u00e1 detectando un desplazamiento de los vecinos&#8221;, reiter\u00f3 la ministra.<\/p>\n<p>   Por \u00faltimo, Montero tambi\u00e9n se refiri\u00f3 a la negociaci\u00f3n con la Iglesia para que pague el IBI de aquellos edificios que no est\u00e1n destinados ni al culto ni a actividades sociales, como sucede actualmente en el caso de otras organizaciones sin \u00e1nimo de lucro.<\/p>\n<\/div>\n<p>[ad_2]<br \/>\n<br \/><a href=\"https:\/\/www.europapress.es\/economia\/macroeconomia-00338\/noticia-montero-dice-negociacion-podemos-no-habido-ninguna-interferencia-tampoco-ceoe-20190716121447.html\">Source link <\/a><\/p>\n","protected":false},"excerpt":{"rendered":"<p>[ad_1] Apuesta por que los ayuntamientos puedan limitar el precio de los alquileres, pero s\u00f3lo en zonas muy concretas del centro urbano MADRID, 16 Jul. (EUROPA PRESS) &#8211; La ministra de Hacienda en funciones, Mar\u00eda Jes\u00fas Montero, ha indicado este martes que en la negociaci\u00f3n para la investidura de Pedro S\u00e1nchez con Unidas Podemos &#8220;no [&hellip;]<\/p>\n","protected":false},"author":2,"featured_media":6453,"comment_status":"open","ping_status":"open","sticky":false,"template":"","format":"standard","meta":{"footnotes":""},"categories":[1],"tags":[],"class_list":["post-6452","post","type-post","status-publish","format-standard","has-post-thumbnail","hentry","category-noticias-financieras"],"yoast_head":"<!-- This site is optimized with the Yoast SEO plugin v27.4 - https:\/\/yoast.com\/product\/yoast-seo-wordpress\/ -->\n<title>Montero dice que en la negociaci\u00f3n con Podemos no ha habido &quot;ninguna interferencia&quot;, tampoco de la CEOE - Super News<\/title>\n<meta name=\"robots\" content=\"index, follow, max-snippet:-1, max-image-preview:large, max-video-preview:-1\" \/>\n<link rel=\"canonical\" href=\"https:\/\/super-news.info\/es\/montero-dice-que-en-la-negociacion-con-podemos-no-ha-habido-ninguna-interferencia-tampoco-de-la-ceoe\/\" \/>\n<meta property=\"og:locale\" content=\"en_US\" \/>\n<meta property=\"og:type\" content=\"article\" \/>\n<meta property=\"og:title\" content=\"Montero dice que en la negociaci\u00f3n con Podemos no ha habido &quot;ninguna interferencia&quot;, tampoco de la CEOE - Super News\" \/>\n<meta property=\"og:description\" content=\"[ad_1] Apuesta por que los ayuntamientos puedan limitar el precio de los alquileres, pero s\u00f3lo en zonas muy concretas del centro urbano MADRID, 16 Jul. (EUROPA PRESS) &#8211; La ministra de Hacienda en funciones, Mar\u00eda Jes\u00fas Montero, ha indicado este martes que en la negociaci\u00f3n para la investidura de Pedro S\u00e1nchez con Unidas Podemos &#8220;no [&hellip;]\" \/>\n<meta property=\"og:url\" content=\"https:\/\/super-news.info\/es\/montero-dice-que-en-la-negociacion-con-podemos-no-ha-habido-ninguna-interferencia-tampoco-de-la-ceoe\/\" \/>\n<meta property=\"og:site_name\" content=\"Super News\" \/>\n<meta property=\"article:published_time\" content=\"2019-07-16T10:26:56+00:00\" \/>\n<meta property=\"article:modified_time\" content=\"2019-07-16T10:26:57+00:00\" \/>\n<meta property=\"og:image\" content=\"https:\/\/super-news.info\/es\/wp-content\/uploads\/sites\/4\/2019\/07\/Montero-dice-que-en-la-negociaci\u00f3n-con-Podemos-no-ha.jpg\" \/>\n\t<meta property=\"og:image:width\" content=\"120\" \/>\n\t<meta property=\"og:image:height\" content=\"74\" \/>\n\t<meta property=\"og:image:type\" content=\"image\/jpeg\" \/>\n<meta name=\"author\" content=\"super-news\" \/>\n<meta name=\"twitter:card\" content=\"summary_large_image\" \/>\n<meta name=\"twitter:label1\" content=\"Written by\" \/>\n\t<meta name=\"twitter:data1\" content=\"super-news\" \/>\n\t<meta name=\"twitter:label2\" content=\"Est. reading time\" \/>\n\t<meta name=\"twitter:data2\" content=\"2 minutes\" \/>\n<script type=\"application\/ld+json\" class=\"yoast-schema-graph\">{\"@context\":\"https:\\\/\\\/schema.org\",\"@graph\":[{\"@type\":\"Article\",\"@id\":\"https:\\\/\\\/super-news.info\\\/es\\\/montero-dice-que-en-la-negociacion-con-podemos-no-ha-habido-ninguna-interferencia-tampoco-de-la-ceoe\\\/#article\",\"isPartOf\":{\"@id\":\"https:\\\/\\\/super-news.info\\\/es\\\/montero-dice-que-en-la-negociacion-con-podemos-no-ha-habido-ninguna-interferencia-tampoco-de-la-ceoe\\\/\"},\"author\":{\"name\":\"super-news\",\"@id\":\"https:\\\/\\\/super-news.info\\\/es\\\/#\\\/schema\\\/person\\\/2d4068cb2f39cd10008c2fce578a7356\"},\"headline\":\"Montero dice que en la negociaci\u00f3n con Podemos no ha habido &#8220;ninguna interferencia&#8221;, tampoco de la CEOE\",\"datePublished\":\"2019-07-16T10:26:56+00:00\",\"dateModified\":\"2019-07-16T10:26:57+00:00\",\"mainEntityOfPage\":{\"@id\":\"https:\\\/\\\/super-news.info\\\/es\\\/montero-dice-que-en-la-negociacion-con-podemos-no-ha-habido-ninguna-interferencia-tampoco-de-la-ceoe\\\/\"},\"wordCount\":352,\"commentCount\":0,\"image\":{\"@id\":\"https:\\\/\\\/super-news.info\\\/es\\\/montero-dice-que-en-la-negociacion-con-podemos-no-ha-habido-ninguna-interferencia-tampoco-de-la-ceoe\\\/#primaryimage\"},\"thumbnailUrl\":\"https:\\\/\\\/super-news.info\\\/es\\\/wp-content\\\/uploads\\\/sites\\\/4\\\/2019\\\/07\\\/Montero-dice-que-en-la-negociaci\u00f3n-con-Podemos-no-ha.jpg\",\"articleSection\":[\"NOTICIAS FINANCIERAS\"],\"inLanguage\":\"en-US\",\"potentialAction\":[{\"@type\":\"CommentAction\",\"name\":\"Comment\",\"target\":[\"https:\\\/\\\/super-news.info\\\/es\\\/montero-dice-que-en-la-negociacion-con-podemos-no-ha-habido-ninguna-interferencia-tampoco-de-la-ceoe\\\/#respond\"]}]},{\"@type\":\"WebPage\",\"@id\":\"https:\\\/\\\/super-news.info\\\/es\\\/montero-dice-que-en-la-negociacion-con-podemos-no-ha-habido-ninguna-interferencia-tampoco-de-la-ceoe\\\/\",\"url\":\"https:\\\/\\\/super-news.info\\\/es\\\/montero-dice-que-en-la-negociacion-con-podemos-no-ha-habido-ninguna-interferencia-tampoco-de-la-ceoe\\\/\",\"name\":\"Montero dice que en la negociaci\u00f3n con Podemos no ha habido \\\"ninguna interferencia\\\", tampoco de la CEOE - Super News\",\"isPartOf\":{\"@id\":\"https:\\\/\\\/super-news.info\\\/es\\\/#website\"},\"primaryImageOfPage\":{\"@id\":\"https:\\\/\\\/super-news.info\\\/es\\\/montero-dice-que-en-la-negociacion-con-podemos-no-ha-habido-ninguna-interferencia-tampoco-de-la-ceoe\\\/#primaryimage\"},\"image\":{\"@id\":\"https:\\\/\\\/super-news.info\\\/es\\\/montero-dice-que-en-la-negociacion-con-podemos-no-ha-habido-ninguna-interferencia-tampoco-de-la-ceoe\\\/#primaryimage\"},\"thumbnailUrl\":\"https:\\\/\\\/super-news.info\\\/es\\\/wp-content\\\/uploads\\\/sites\\\/4\\\/2019\\\/07\\\/Montero-dice-que-en-la-negociaci\u00f3n-con-Podemos-no-ha.jpg\",\"datePublished\":\"2019-07-16T10:26:56+00:00\",\"dateModified\":\"2019-07-16T10:26:57+00:00\",\"author\":{\"@id\":\"https:\\\/\\\/super-news.info\\\/es\\\/#\\\/schema\\\/person\\\/2d4068cb2f39cd10008c2fce578a7356\"},\"breadcrumb\":{\"@id\":\"https:\\\/\\\/super-news.info\\\/es\\\/montero-dice-que-en-la-negociacion-con-podemos-no-ha-habido-ninguna-interferencia-tampoco-de-la-ceoe\\\/#breadcrumb\"},\"inLanguage\":\"en-US\",\"potentialAction\":[{\"@type\":\"ReadAction\",\"target\":[\"https:\\\/\\\/super-news.info\\\/es\\\/montero-dice-que-en-la-negociacion-con-podemos-no-ha-habido-ninguna-interferencia-tampoco-de-la-ceoe\\\/\"]}]},{\"@type\":\"ImageObject\",\"inLanguage\":\"en-US\",\"@id\":\"https:\\\/\\\/super-news.info\\\/es\\\/montero-dice-que-en-la-negociacion-con-podemos-no-ha-habido-ninguna-interferencia-tampoco-de-la-ceoe\\\/#primaryimage\",\"url\":\"https:\\\/\\\/super-news.info\\\/es\\\/wp-content\\\/uploads\\\/sites\\\/4\\\/2019\\\/07\\\/Montero-dice-que-en-la-negociaci\u00f3n-con-Podemos-no-ha.jpg\",\"contentUrl\":\"https:\\\/\\\/super-news.info\\\/es\\\/wp-content\\\/uploads\\\/sites\\\/4\\\/2019\\\/07\\\/Montero-dice-que-en-la-negociaci\u00f3n-con-Podemos-no-ha.jpg\",\"width\":120,\"height\":74,\"caption\":\"Montero dice que en la negociaci\u00f3n con Podemos no ha habido \\\"ninguna interferencia\\\", tampoco de la CEOE\"},{\"@type\":\"BreadcrumbList\",\"@id\":\"https:\\\/\\\/super-news.info\\\/es\\\/montero-dice-que-en-la-negociacion-con-podemos-no-ha-habido-ninguna-interferencia-tampoco-de-la-ceoe\\\/#breadcrumb\",\"itemListElement\":[{\"@type\":\"ListItem\",\"position\":1,\"name\":\"\u0413\u043b\u0430\u0432\u043d\u0430\u044f \u0441\u0442\u0440\u0430\u043d\u0438\u0446\u0430\",\"item\":\"https:\\\/\\\/super-news.info\\\/es\\\/\"},{\"@type\":\"ListItem\",\"position\":2,\"name\":\"Montero dice que en la negociaci\u00f3n con Podemos no ha habido &#8220;ninguna interferencia&#8221;, tampoco de la CEOE\"}]},{\"@type\":\"WebSite\",\"@id\":\"https:\\\/\\\/super-news.info\\\/es\\\/#website\",\"url\":\"https:\\\/\\\/super-news.info\\\/es\\\/\",\"name\":\"Super News\",\"description\":\"Super News Espa\u00f1a\",\"potentialAction\":[{\"@type\":\"SearchAction\",\"target\":{\"@type\":\"EntryPoint\",\"urlTemplate\":\"https:\\\/\\\/super-news.info\\\/es\\\/?s={search_term_string}\"},\"query-input\":{\"@type\":\"PropertyValueSpecification\",\"valueRequired\":true,\"valueName\":\"search_term_string\"}}],\"inLanguage\":\"en-US\"},{\"@type\":\"Person\",\"@id\":\"https:\\\/\\\/super-news.info\\\/es\\\/#\\\/schema\\\/person\\\/2d4068cb2f39cd10008c2fce578a7356\",\"name\":\"super-news\",\"image\":{\"@type\":\"ImageObject\",\"inLanguage\":\"en-US\",\"@id\":\"https:\\\/\\\/secure.gravatar.com\\\/avatar\\\/64ebac40b93f26a154f8a9b5b6fdccfc46f442b26b3dd6756dbff3bf9dc76fd7?s=96&d=mm&r=g\",\"url\":\"https:\\\/\\\/secure.gravatar.com\\\/avatar\\\/64ebac40b93f26a154f8a9b5b6fdccfc46f442b26b3dd6756dbff3bf9dc76fd7?s=96&d=mm&r=g\",\"contentUrl\":\"https:\\\/\\\/secure.gravatar.com\\\/avatar\\\/64ebac40b93f26a154f8a9b5b6fdccfc46f442b26b3dd6756dbff3bf9dc76fd7?s=96&d=mm&r=g\",\"caption\":\"super-news\"},\"url\":\"https:\\\/\\\/super-news.info\\\/es\\\/author\\\/pt\\\/\"}]}<\/script>\n<!-- \/ Yoast SEO plugin. -->","yoast_head_json":{"title":"Montero dice que en la negociaci\u00f3n con Podemos no ha habido \"ninguna interferencia\", tampoco de la CEOE - Super News","robots":{"index":"index","follow":"follow","max-snippet":"max-snippet:-1","max-image-preview":"max-image-preview:large","max-video-preview":"max-video-preview:-1"},"canonical":"https:\/\/super-news.info\/es\/montero-dice-que-en-la-negociacion-con-podemos-no-ha-habido-ninguna-interferencia-tampoco-de-la-ceoe\/","og_locale":"en_US","og_type":"article","og_title":"Montero dice que en la negociaci\u00f3n con Podemos no ha habido \"ninguna interferencia\", tampoco de la CEOE - Super News","og_description":"[ad_1] Apuesta por que los ayuntamientos puedan limitar el precio de los alquileres, pero s\u00f3lo en zonas muy concretas del centro urbano MADRID, 16 Jul. (EUROPA PRESS) &#8211; La ministra de Hacienda en funciones, Mar\u00eda Jes\u00fas Montero, ha indicado este martes que en la negociaci\u00f3n para la investidura de Pedro S\u00e1nchez con Unidas Podemos &#8220;no [&hellip;]","og_url":"https:\/\/super-news.info\/es\/montero-dice-que-en-la-negociacion-con-podemos-no-ha-habido-ninguna-interferencia-tampoco-de-la-ceoe\/","og_site_name":"Super News","article_published_time":"2019-07-16T10:26:56+00:00","article_modified_time":"2019-07-16T10:26:57+00:00","og_image":[{"width":120,"height":74,"url":"https:\/\/super-news.info\/es\/wp-content\/uploads\/sites\/4\/2019\/07\/Montero-dice-que-en-la-negociaci\u00f3n-con-Podemos-no-ha.jpg","type":"image\/jpeg"}],"author":"super-news","twitter_card":"summary_large_image","twitter_misc":{"Written by":"super-news","Est. reading time":"2 minutes"},"schema":{"@context":"https:\/\/schema.org","@graph":[{"@type":"Article","@id":"https:\/\/super-news.info\/es\/montero-dice-que-en-la-negociacion-con-podemos-no-ha-habido-ninguna-interferencia-tampoco-de-la-ceoe\/#article","isPartOf":{"@id":"https:\/\/super-news.info\/es\/montero-dice-que-en-la-negociacion-con-podemos-no-ha-habido-ninguna-interferencia-tampoco-de-la-ceoe\/"},"author":{"name":"super-news","@id":"https:\/\/super-news.info\/es\/#\/schema\/person\/2d4068cb2f39cd10008c2fce578a7356"},"headline":"Montero dice que en la negociaci\u00f3n con Podemos no ha habido &#8220;ninguna interferencia&#8221;, tampoco de la CEOE","datePublished":"2019-07-16T10:26:56+00:00","dateModified":"2019-07-16T10:26:57+00:00","mainEntityOfPage":{"@id":"https:\/\/super-news.info\/es\/montero-dice-que-en-la-negociacion-con-podemos-no-ha-habido-ninguna-interferencia-tampoco-de-la-ceoe\/"},"wordCount":352,"commentCount":0,"image":{"@id":"https:\/\/super-news.info\/es\/montero-dice-que-en-la-negociacion-con-podemos-no-ha-habido-ninguna-interferencia-tampoco-de-la-ceoe\/#primaryimage"},"thumbnailUrl":"https:\/\/super-news.info\/es\/wp-content\/uploads\/sites\/4\/2019\/07\/Montero-dice-que-en-la-negociaci\u00f3n-con-Podemos-no-ha.jpg","articleSection":["NOTICIAS FINANCIERAS"],"inLanguage":"en-US","potentialAction":[{"@type":"CommentAction","name":"Comment","target":["https:\/\/super-news.info\/es\/montero-dice-que-en-la-negociacion-con-podemos-no-ha-habido-ninguna-interferencia-tampoco-de-la-ceoe\/#respond"]}]},{"@type":"WebPage","@id":"https:\/\/super-news.info\/es\/montero-dice-que-en-la-negociacion-con-podemos-no-ha-habido-ninguna-interferencia-tampoco-de-la-ceoe\/","url":"https:\/\/super-news.info\/es\/montero-dice-que-en-la-negociacion-con-podemos-no-ha-habido-ninguna-interferencia-tampoco-de-la-ceoe\/","name":"Montero dice que en la negociaci\u00f3n con Podemos no ha habido \"ninguna interferencia\", tampoco de la CEOE - Super News","isPartOf":{"@id":"https:\/\/super-news.info\/es\/#website"},"primaryImageOfPage":{"@id":"https:\/\/super-news.info\/es\/montero-dice-que-en-la-negociacion-con-podemos-no-ha-habido-ninguna-interferencia-tampoco-de-la-ceoe\/#primaryimage"},"image":{"@id":"https:\/\/super-news.info\/es\/montero-dice-que-en-la-negociacion-con-podemos-no-ha-habido-ninguna-interferencia-tampoco-de-la-ceoe\/#primaryimage"},"thumbnailUrl":"https:\/\/super-news.info\/es\/wp-content\/uploads\/sites\/4\/2019\/07\/Montero-dice-que-en-la-negociaci\u00f3n-con-Podemos-no-ha.jpg","datePublished":"2019-07-16T10:26:56+00:00","dateModified":"2019-07-16T10:26:57+00:00","author":{"@id":"https:\/\/super-news.info\/es\/#\/schema\/person\/2d4068cb2f39cd10008c2fce578a7356"},"breadcrumb":{"@id":"https:\/\/super-news.info\/es\/montero-dice-que-en-la-negociacion-con-podemos-no-ha-habido-ninguna-interferencia-tampoco-de-la-ceoe\/#breadcrumb"},"inLanguage":"en-US","potentialAction":[{"@type":"ReadAction","target":["https:\/\/super-news.info\/es\/montero-dice-que-en-la-negociacion-con-podemos-no-ha-habido-ninguna-interferencia-tampoco-de-la-ceoe\/"]}]},{"@type":"ImageObject","inLanguage":"en-US","@id":"https:\/\/super-news.info\/es\/montero-dice-que-en-la-negociacion-con-podemos-no-ha-habido-ninguna-interferencia-tampoco-de-la-ceoe\/#primaryimage","url":"https:\/\/super-news.info\/es\/wp-content\/uploads\/sites\/4\/2019\/07\/Montero-dice-que-en-la-negociaci\u00f3n-con-Podemos-no-ha.jpg","contentUrl":"https:\/\/super-news.info\/es\/wp-content\/uploads\/sites\/4\/2019\/07\/Montero-dice-que-en-la-negociaci\u00f3n-con-Podemos-no-ha.jpg","width":120,"height":74,"caption":"Montero dice que en la negociaci\u00f3n con Podemos no ha habido \"ninguna interferencia\", tampoco de la CEOE"},{"@type":"BreadcrumbList","@id":"https:\/\/super-news.info\/es\/montero-dice-que-en-la-negociacion-con-podemos-no-ha-habido-ninguna-interferencia-tampoco-de-la-ceoe\/#breadcrumb","itemListElement":[{"@type":"ListItem","position":1,"name":"\u0413\u043b\u0430\u0432\u043d\u0430\u044f \u0441\u0442\u0440\u0430\u043d\u0438\u0446\u0430","item":"https:\/\/super-news.info\/es\/"},{"@type":"ListItem","position":2,"name":"Montero dice que en la negociaci\u00f3n con Podemos no ha habido &#8220;ninguna interferencia&#8221;, tampoco de la CEOE"}]},{"@type":"WebSite","@id":"https:\/\/super-news.info\/es\/#website","url":"https:\/\/super-news.info\/es\/","name":"Super News","description":"Super News Espa\u00f1a","potentialAction":[{"@type":"SearchAction","target":{"@type":"EntryPoint","urlTemplate":"https:\/\/super-news.info\/es\/?s={search_term_string}"},"query-input":{"@type":"PropertyValueSpecification","valueRequired":true,"valueName":"search_term_string"}}],"inLanguage":"en-US"},{"@type":"Person","@id":"https:\/\/super-news.info\/es\/#\/schema\/person\/2d4068cb2f39cd10008c2fce578a7356","name":"super-news","image":{"@type":"ImageObject","inLanguage":"en-US","@id":"https:\/\/secure.gravatar.com\/avatar\/64ebac40b93f26a154f8a9b5b6fdccfc46f442b26b3dd6756dbff3bf9dc76fd7?s=96&d=mm&r=g","url":"https:\/\/secure.gravatar.com\/avatar\/64ebac40b93f26a154f8a9b5b6fdccfc46f442b26b3dd6756dbff3bf9dc76fd7?s=96&d=mm&r=g","contentUrl":"https:\/\/secure.gravatar.com\/avatar\/64ebac40b93f26a154f8a9b5b6fdccfc46f442b26b3dd6756dbff3bf9dc76fd7?s=96&d=mm&r=g","caption":"super-news"},"url":"https:\/\/super-news.info\/es\/author\/pt\/"}]}},"_links":{"self":[{"href":"https:\/\/super-news.info\/es\/wp-json\/wp\/v2\/posts\/6452","targetHints":{"allow":["GET"]}}],"collection":[{"href":"https:\/\/super-news.info\/es\/wp-json\/wp\/v2\/posts"}],"about":[{"href":"https:\/\/super-news.info\/es\/wp-json\/wp\/v2\/types\/post"}],"author":[{"embeddable":true,"href":"https:\/\/super-news.info\/es\/wp-json\/wp\/v2\/users\/2"}],"replies":[{"embeddable":true,"href":"https:\/\/super-news.info\/es\/wp-json\/wp\/v2\/comments?post=6452"}],"version-history":[{"count":1,"href":"https:\/\/super-news.info\/es\/wp-json\/wp\/v2\/posts\/6452\/revisions"}],"predecessor-version":[{"id":6454,"href":"https:\/\/super-news.info\/es\/wp-json\/wp\/v2\/posts\/6452\/revisions\/6454"}],"wp:featuredmedia":[{"embeddable":true,"href":"https:\/\/super-news.info\/es\/wp-json\/wp\/v2\/media\/6453"}],"wp:attachment":[{"href":"https:\/\/super-news.info\/es\/wp-json\/wp\/v2\/media?parent=6452"}],"wp:term":[{"taxonomy":"category","embeddable":true,"href":"https:\/\/super-news.info\/es\/wp-json\/wp\/v2\/categories?post=6452"},{"taxonomy":"post_tag","embeddable":true,"href":"https:\/\/super-news.info\/es\/wp-json\/wp\/v2\/tags?post=6452"}],"curies":[{"name":"wp","href":"https:\/\/api.w.org\/{rel}","templated":true}]}}