{"id":6443,"date":"2019-07-16T11:10:03","date_gmt":"2019-07-16T08:10:03","guid":{"rendered":"https:\/\/super-news.info\/es\/el-sector-servicios-frena-el-crecimiento-de-su-facturacion-al-43-en-mayo\/"},"modified":"2019-07-16T11:10:04","modified_gmt":"2019-07-16T08:10:04","slug":"el-sector-servicios-frena-el-crecimiento-de-su-facturacion-al-43-en-mayo","status":"publish","type":"post","link":"https:\/\/super-news.info\/es\/el-sector-servicios-frena-el-crecimiento-de-su-facturacion-al-43-en-mayo\/","title":{"rendered":"El sector servicios frena el crecimiento de su facturaci\u00f3n al 4,3% en mayo"},"content":{"rendered":"<p> [ad_1]<\/p>\n<div id=\"CuerpoNoticiav2\" itemprop=\"articleBody\">\n<p>MADRID, 16 Jul. (EUROPA PRESS) &#8211;<\/p>\n<p itemprop=\"description\">El sector servicios registr\u00f3 un aumento de su facturaci\u00f3n del 4,3% el pasado mes de mayo en relaci\u00f3n al mismo mes de 2018, seg\u00fan datos provisionales publicados este martes por el Instituto Nacional de Estad\u00edstica (INE).<\/p>\n<p>Esta tasa, con la que los servicios encadenan ya 69 meses de ascensos interanuales, lo que supone casi dos puntos por debajo de la registrada en abril (+6,2%).<\/p>\n<p>Corregidos los efectos estacionales y de calendario, la facturaci\u00f3n de los servicios aument\u00f3 un 4,6% interanual en mayo, tasa 2,2 puntos inferior a la del mes de abril.<\/p>\n<p><iframe id=\"ep-chart-c36ba6f3-a01d-40c6-ba69-cc2dfa30a290\" src=\"https:\/\/www.epdata.es\/embed\/c36ba6f3-a01d-40c6-ba69-cc2dfa30a290\/450\" style=\"width: 100%; min-height: 450px; overflow: hidden;\" frameborder=\"0\" scrolling=\"no\" height=\"450\"><\/iframe><\/p>\n<p>Los datos del INE reflejan que el empleo en el sector servicios creci\u00f3 en el quinto mes del a\u00f1o un 1,9% en tasa interanual, una d\u00e9cima superior a la registrada en abril. Con este repunte, el sector suma ya 62 meses de crecimiento interanual de la ocupaci\u00f3n.<\/p>\n<p>En t\u00e9rminos mensuales (mayo sobre abril) y eliminado el efecto de calendario y la estacionalidad, la facturaci\u00f3n del sector servicios cay\u00f3 un 0,1%, tasa 1,4 puntos inferior a la de abril (+1,3%).<\/p>\n<h2 class=\"ladillo\">(((HABR\u00c1 AMPLIACI\u00d3N)))<\/h2>\n<\/div>\n<p>[ad_2]<br \/>\n<br \/><a href=\"https:\/\/www.europapress.es\/economia\/macroeconomia-00338\/noticia-sector-servicios-frena-crecimiento-facturacion-43-mayo-20190716094416.html\">Source link <\/a><\/p>\n","protected":false},"excerpt":{"rendered":"<p>[ad_1] MADRID, 16 Jul. (EUROPA PRESS) &#8211; El sector servicios registr\u00f3 un aumento de su facturaci\u00f3n del 4,3% el pasado mes de mayo en relaci\u00f3n al mismo mes de 2018, seg\u00fan datos provisionales publicados este martes por el Instituto Nacional de Estad\u00edstica (INE). Esta tasa, con la que los servicios encadenan ya 69 meses de [&hellip;]<\/p>\n","protected":false},"author":2,"featured_media":6444,"comment_status":"open","ping_status":"open","sticky":false,"template":"","format":"standard","meta":{"footnotes":""},"categories":[1],"tags":[],"class_list":["post-6443","post","type-post","status-publish","format-standard","has-post-thumbnail","hentry","category-noticias-financieras"],"yoast_head":"<!-- This site is optimized with the Yoast SEO plugin v27.4 - https:\/\/yoast.com\/product\/yoast-seo-wordpress\/ -->\n<title>El sector servicios frena el crecimiento de su facturaci\u00f3n al 4,3% en mayo - Super News<\/title>\n<meta name=\"robots\" content=\"index, follow, max-snippet:-1, max-image-preview:large, max-video-preview:-1\" \/>\n<link rel=\"canonical\" href=\"https:\/\/super-news.info\/es\/el-sector-servicios-frena-el-crecimiento-de-su-facturacion-al-43-en-mayo\/\" \/>\n<meta property=\"og:locale\" content=\"en_US\" \/>\n<meta property=\"og:type\" content=\"article\" \/>\n<meta property=\"og:title\" content=\"El sector servicios frena el crecimiento de su facturaci\u00f3n al 4,3% en mayo - Super News\" \/>\n<meta property=\"og:description\" content=\"[ad_1] MADRID, 16 Jul. (EUROPA PRESS) &#8211; El sector servicios registr\u00f3 un aumento de su facturaci\u00f3n del 4,3% el pasado mes de mayo en relaci\u00f3n al mismo mes de 2018, seg\u00fan datos provisionales publicados este martes por el Instituto Nacional de Estad\u00edstica (INE). Esta tasa, con la que los servicios encadenan ya 69 meses de [&hellip;]\" \/>\n<meta property=\"og:url\" content=\"https:\/\/super-news.info\/es\/el-sector-servicios-frena-el-crecimiento-de-su-facturacion-al-43-en-mayo\/\" \/>\n<meta property=\"og:site_name\" content=\"Super News\" \/>\n<meta property=\"article:published_time\" content=\"2019-07-16T08:10:03+00:00\" \/>\n<meta property=\"article:modified_time\" content=\"2019-07-16T08:10:04+00:00\" \/>\n<meta property=\"og:image\" content=\"https:\/\/super-news.info\/es\/wp-content\/uploads\/sites\/4\/2019\/07\/El-sector-servicios-frena-el-crecimiento-de-su-facturaci\u00f3n-al.jpg\" \/>\n\t<meta property=\"og:image:width\" content=\"120\" \/>\n\t<meta property=\"og:image:height\" content=\"81\" \/>\n\t<meta property=\"og:image:type\" content=\"image\/jpeg\" \/>\n<meta name=\"author\" content=\"super-news\" \/>\n<meta name=\"twitter:card\" content=\"summary_large_image\" \/>\n<meta name=\"twitter:label1\" content=\"Written by\" \/>\n\t<meta name=\"twitter:data1\" content=\"super-news\" \/>\n\t<meta name=\"twitter:label2\" content=\"Est. reading time\" \/>\n\t<meta name=\"twitter:data2\" content=\"1 minute\" \/>\n<script type=\"application\/ld+json\" class=\"yoast-schema-graph\">{\"@context\":\"https:\\\/\\\/schema.org\",\"@graph\":[{\"@type\":\"Article\",\"@id\":\"https:\\\/\\\/super-news.info\\\/es\\\/el-sector-servicios-frena-el-crecimiento-de-su-facturacion-al-43-en-mayo\\\/#article\",\"isPartOf\":{\"@id\":\"https:\\\/\\\/super-news.info\\\/es\\\/el-sector-servicios-frena-el-crecimiento-de-su-facturacion-al-43-en-mayo\\\/\"},\"author\":{\"name\":\"super-news\",\"@id\":\"https:\\\/\\\/super-news.info\\\/es\\\/#\\\/schema\\\/person\\\/2d4068cb2f39cd10008c2fce578a7356\"},\"headline\":\"El sector servicios frena el crecimiento de su facturaci\u00f3n al 4,3% en mayo\",\"datePublished\":\"2019-07-16T08:10:03+00:00\",\"dateModified\":\"2019-07-16T08:10:04+00:00\",\"mainEntityOfPage\":{\"@id\":\"https:\\\/\\\/super-news.info\\\/es\\\/el-sector-servicios-frena-el-crecimiento-de-su-facturacion-al-43-en-mayo\\\/\"},\"wordCount\":195,\"commentCount\":0,\"image\":{\"@id\":\"https:\\\/\\\/super-news.info\\\/es\\\/el-sector-servicios-frena-el-crecimiento-de-su-facturacion-al-43-en-mayo\\\/#primaryimage\"},\"thumbnailUrl\":\"https:\\\/\\\/super-news.info\\\/es\\\/wp-content\\\/uploads\\\/sites\\\/4\\\/2019\\\/07\\\/El-sector-servicios-frena-el-crecimiento-de-su-facturaci\u00f3n-al.jpg\",\"articleSection\":[\"NOTICIAS FINANCIERAS\"],\"inLanguage\":\"en-US\",\"potentialAction\":[{\"@type\":\"CommentAction\",\"name\":\"Comment\",\"target\":[\"https:\\\/\\\/super-news.info\\\/es\\\/el-sector-servicios-frena-el-crecimiento-de-su-facturacion-al-43-en-mayo\\\/#respond\"]}]},{\"@type\":\"WebPage\",\"@id\":\"https:\\\/\\\/super-news.info\\\/es\\\/el-sector-servicios-frena-el-crecimiento-de-su-facturacion-al-43-en-mayo\\\/\",\"url\":\"https:\\\/\\\/super-news.info\\\/es\\\/el-sector-servicios-frena-el-crecimiento-de-su-facturacion-al-43-en-mayo\\\/\",\"name\":\"El sector servicios frena el crecimiento de su facturaci\u00f3n al 4,3% en mayo - Super News\",\"isPartOf\":{\"@id\":\"https:\\\/\\\/super-news.info\\\/es\\\/#website\"},\"primaryImageOfPage\":{\"@id\":\"https:\\\/\\\/super-news.info\\\/es\\\/el-sector-servicios-frena-el-crecimiento-de-su-facturacion-al-43-en-mayo\\\/#primaryimage\"},\"image\":{\"@id\":\"https:\\\/\\\/super-news.info\\\/es\\\/el-sector-servicios-frena-el-crecimiento-de-su-facturacion-al-43-en-mayo\\\/#primaryimage\"},\"thumbnailUrl\":\"https:\\\/\\\/super-news.info\\\/es\\\/wp-content\\\/uploads\\\/sites\\\/4\\\/2019\\\/07\\\/El-sector-servicios-frena-el-crecimiento-de-su-facturaci\u00f3n-al.jpg\",\"datePublished\":\"2019-07-16T08:10:03+00:00\",\"dateModified\":\"2019-07-16T08:10:04+00:00\",\"author\":{\"@id\":\"https:\\\/\\\/super-news.info\\\/es\\\/#\\\/schema\\\/person\\\/2d4068cb2f39cd10008c2fce578a7356\"},\"breadcrumb\":{\"@id\":\"https:\\\/\\\/super-news.info\\\/es\\\/el-sector-servicios-frena-el-crecimiento-de-su-facturacion-al-43-en-mayo\\\/#breadcrumb\"},\"inLanguage\":\"en-US\",\"potentialAction\":[{\"@type\":\"ReadAction\",\"target\":[\"https:\\\/\\\/super-news.info\\\/es\\\/el-sector-servicios-frena-el-crecimiento-de-su-facturacion-al-43-en-mayo\\\/\"]}]},{\"@type\":\"ImageObject\",\"inLanguage\":\"en-US\",\"@id\":\"https:\\\/\\\/super-news.info\\\/es\\\/el-sector-servicios-frena-el-crecimiento-de-su-facturacion-al-43-en-mayo\\\/#primaryimage\",\"url\":\"https:\\\/\\\/super-news.info\\\/es\\\/wp-content\\\/uploads\\\/sites\\\/4\\\/2019\\\/07\\\/El-sector-servicios-frena-el-crecimiento-de-su-facturaci\u00f3n-al.jpg\",\"contentUrl\":\"https:\\\/\\\/super-news.info\\\/es\\\/wp-content\\\/uploads\\\/sites\\\/4\\\/2019\\\/07\\\/El-sector-servicios-frena-el-crecimiento-de-su-facturaci\u00f3n-al.jpg\",\"width\":120,\"height\":81,\"caption\":\"El sector servicios frena el crecimiento de su facturaci\u00f3n al 4,3% en mayo\"},{\"@type\":\"BreadcrumbList\",\"@id\":\"https:\\\/\\\/super-news.info\\\/es\\\/el-sector-servicios-frena-el-crecimiento-de-su-facturacion-al-43-en-mayo\\\/#breadcrumb\",\"itemListElement\":[{\"@type\":\"ListItem\",\"position\":1,\"name\":\"\u0413\u043b\u0430\u0432\u043d\u0430\u044f \u0441\u0442\u0440\u0430\u043d\u0438\u0446\u0430\",\"item\":\"https:\\\/\\\/super-news.info\\\/es\\\/\"},{\"@type\":\"ListItem\",\"position\":2,\"name\":\"El sector servicios frena el crecimiento de su facturaci\u00f3n al 4,3% en mayo\"}]},{\"@type\":\"WebSite\",\"@id\":\"https:\\\/\\\/super-news.info\\\/es\\\/#website\",\"url\":\"https:\\\/\\\/super-news.info\\\/es\\\/\",\"name\":\"Super News\",\"description\":\"Super News Espa\u00f1a\",\"potentialAction\":[{\"@type\":\"SearchAction\",\"target\":{\"@type\":\"EntryPoint\",\"urlTemplate\":\"https:\\\/\\\/super-news.info\\\/es\\\/?s={search_term_string}\"},\"query-input\":{\"@type\":\"PropertyValueSpecification\",\"valueRequired\":true,\"valueName\":\"search_term_string\"}}],\"inLanguage\":\"en-US\"},{\"@type\":\"Person\",\"@id\":\"https:\\\/\\\/super-news.info\\\/es\\\/#\\\/schema\\\/person\\\/2d4068cb2f39cd10008c2fce578a7356\",\"name\":\"super-news\",\"image\":{\"@type\":\"ImageObject\",\"inLanguage\":\"en-US\",\"@id\":\"https:\\\/\\\/secure.gravatar.com\\\/avatar\\\/64ebac40b93f26a154f8a9b5b6fdccfc46f442b26b3dd6756dbff3bf9dc76fd7?s=96&d=mm&r=g\",\"url\":\"https:\\\/\\\/secure.gravatar.com\\\/avatar\\\/64ebac40b93f26a154f8a9b5b6fdccfc46f442b26b3dd6756dbff3bf9dc76fd7?s=96&d=mm&r=g\",\"contentUrl\":\"https:\\\/\\\/secure.gravatar.com\\\/avatar\\\/64ebac40b93f26a154f8a9b5b6fdccfc46f442b26b3dd6756dbff3bf9dc76fd7?s=96&d=mm&r=g\",\"caption\":\"super-news\"},\"url\":\"https:\\\/\\\/super-news.info\\\/es\\\/author\\\/pt\\\/\"}]}<\/script>\n<!-- \/ Yoast SEO plugin. -->","yoast_head_json":{"title":"El sector servicios frena el crecimiento de su facturaci\u00f3n al 4,3% en mayo - Super News","robots":{"index":"index","follow":"follow","max-snippet":"max-snippet:-1","max-image-preview":"max-image-preview:large","max-video-preview":"max-video-preview:-1"},"canonical":"https:\/\/super-news.info\/es\/el-sector-servicios-frena-el-crecimiento-de-su-facturacion-al-43-en-mayo\/","og_locale":"en_US","og_type":"article","og_title":"El sector servicios frena el crecimiento de su facturaci\u00f3n al 4,3% en mayo - Super News","og_description":"[ad_1] MADRID, 16 Jul. (EUROPA PRESS) &#8211; El sector servicios registr\u00f3 un aumento de su facturaci\u00f3n del 4,3% el pasado mes de mayo en relaci\u00f3n al mismo mes de 2018, seg\u00fan datos provisionales publicados este martes por el Instituto Nacional de Estad\u00edstica (INE). Esta tasa, con la que los servicios encadenan ya 69 meses de [&hellip;]","og_url":"https:\/\/super-news.info\/es\/el-sector-servicios-frena-el-crecimiento-de-su-facturacion-al-43-en-mayo\/","og_site_name":"Super News","article_published_time":"2019-07-16T08:10:03+00:00","article_modified_time":"2019-07-16T08:10:04+00:00","og_image":[{"width":120,"height":81,"url":"https:\/\/super-news.info\/es\/wp-content\/uploads\/sites\/4\/2019\/07\/El-sector-servicios-frena-el-crecimiento-de-su-facturaci\u00f3n-al.jpg","type":"image\/jpeg"}],"author":"super-news","twitter_card":"summary_large_image","twitter_misc":{"Written by":"super-news","Est. reading time":"1 minute"},"schema":{"@context":"https:\/\/schema.org","@graph":[{"@type":"Article","@id":"https:\/\/super-news.info\/es\/el-sector-servicios-frena-el-crecimiento-de-su-facturacion-al-43-en-mayo\/#article","isPartOf":{"@id":"https:\/\/super-news.info\/es\/el-sector-servicios-frena-el-crecimiento-de-su-facturacion-al-43-en-mayo\/"},"author":{"name":"super-news","@id":"https:\/\/super-news.info\/es\/#\/schema\/person\/2d4068cb2f39cd10008c2fce578a7356"},"headline":"El sector servicios frena el crecimiento de su facturaci\u00f3n al 4,3% en mayo","datePublished":"2019-07-16T08:10:03+00:00","dateModified":"2019-07-16T08:10:04+00:00","mainEntityOfPage":{"@id":"https:\/\/super-news.info\/es\/el-sector-servicios-frena-el-crecimiento-de-su-facturacion-al-43-en-mayo\/"},"wordCount":195,"commentCount":0,"image":{"@id":"https:\/\/super-news.info\/es\/el-sector-servicios-frena-el-crecimiento-de-su-facturacion-al-43-en-mayo\/#primaryimage"},"thumbnailUrl":"https:\/\/super-news.info\/es\/wp-content\/uploads\/sites\/4\/2019\/07\/El-sector-servicios-frena-el-crecimiento-de-su-facturaci\u00f3n-al.jpg","articleSection":["NOTICIAS FINANCIERAS"],"inLanguage":"en-US","potentialAction":[{"@type":"CommentAction","name":"Comment","target":["https:\/\/super-news.info\/es\/el-sector-servicios-frena-el-crecimiento-de-su-facturacion-al-43-en-mayo\/#respond"]}]},{"@type":"WebPage","@id":"https:\/\/super-news.info\/es\/el-sector-servicios-frena-el-crecimiento-de-su-facturacion-al-43-en-mayo\/","url":"https:\/\/super-news.info\/es\/el-sector-servicios-frena-el-crecimiento-de-su-facturacion-al-43-en-mayo\/","name":"El sector servicios frena el crecimiento de su facturaci\u00f3n al 4,3% en mayo - Super News","isPartOf":{"@id":"https:\/\/super-news.info\/es\/#website"},"primaryImageOfPage":{"@id":"https:\/\/super-news.info\/es\/el-sector-servicios-frena-el-crecimiento-de-su-facturacion-al-43-en-mayo\/#primaryimage"},"image":{"@id":"https:\/\/super-news.info\/es\/el-sector-servicios-frena-el-crecimiento-de-su-facturacion-al-43-en-mayo\/#primaryimage"},"thumbnailUrl":"https:\/\/super-news.info\/es\/wp-content\/uploads\/sites\/4\/2019\/07\/El-sector-servicios-frena-el-crecimiento-de-su-facturaci\u00f3n-al.jpg","datePublished":"2019-07-16T08:10:03+00:00","dateModified":"2019-07-16T08:10:04+00:00","author":{"@id":"https:\/\/super-news.info\/es\/#\/schema\/person\/2d4068cb2f39cd10008c2fce578a7356"},"breadcrumb":{"@id":"https:\/\/super-news.info\/es\/el-sector-servicios-frena-el-crecimiento-de-su-facturacion-al-43-en-mayo\/#breadcrumb"},"inLanguage":"en-US","potentialAction":[{"@type":"ReadAction","target":["https:\/\/super-news.info\/es\/el-sector-servicios-frena-el-crecimiento-de-su-facturacion-al-43-en-mayo\/"]}]},{"@type":"ImageObject","inLanguage":"en-US","@id":"https:\/\/super-news.info\/es\/el-sector-servicios-frena-el-crecimiento-de-su-facturacion-al-43-en-mayo\/#primaryimage","url":"https:\/\/super-news.info\/es\/wp-content\/uploads\/sites\/4\/2019\/07\/El-sector-servicios-frena-el-crecimiento-de-su-facturaci\u00f3n-al.jpg","contentUrl":"https:\/\/super-news.info\/es\/wp-content\/uploads\/sites\/4\/2019\/07\/El-sector-servicios-frena-el-crecimiento-de-su-facturaci\u00f3n-al.jpg","width":120,"height":81,"caption":"El sector servicios frena el crecimiento de su facturaci\u00f3n al 4,3% en mayo"},{"@type":"BreadcrumbList","@id":"https:\/\/super-news.info\/es\/el-sector-servicios-frena-el-crecimiento-de-su-facturacion-al-43-en-mayo\/#breadcrumb","itemListElement":[{"@type":"ListItem","position":1,"name":"\u0413\u043b\u0430\u0432\u043d\u0430\u044f \u0441\u0442\u0440\u0430\u043d\u0438\u0446\u0430","item":"https:\/\/super-news.info\/es\/"},{"@type":"ListItem","position":2,"name":"El sector servicios frena el crecimiento de su facturaci\u00f3n al 4,3% en mayo"}]},{"@type":"WebSite","@id":"https:\/\/super-news.info\/es\/#website","url":"https:\/\/super-news.info\/es\/","name":"Super News","description":"Super News Espa\u00f1a","potentialAction":[{"@type":"SearchAction","target":{"@type":"EntryPoint","urlTemplate":"https:\/\/super-news.info\/es\/?s={search_term_string}"},"query-input":{"@type":"PropertyValueSpecification","valueRequired":true,"valueName":"search_term_string"}}],"inLanguage":"en-US"},{"@type":"Person","@id":"https:\/\/super-news.info\/es\/#\/schema\/person\/2d4068cb2f39cd10008c2fce578a7356","name":"super-news","image":{"@type":"ImageObject","inLanguage":"en-US","@id":"https:\/\/secure.gravatar.com\/avatar\/64ebac40b93f26a154f8a9b5b6fdccfc46f442b26b3dd6756dbff3bf9dc76fd7?s=96&d=mm&r=g","url":"https:\/\/secure.gravatar.com\/avatar\/64ebac40b93f26a154f8a9b5b6fdccfc46f442b26b3dd6756dbff3bf9dc76fd7?s=96&d=mm&r=g","contentUrl":"https:\/\/secure.gravatar.com\/avatar\/64ebac40b93f26a154f8a9b5b6fdccfc46f442b26b3dd6756dbff3bf9dc76fd7?s=96&d=mm&r=g","caption":"super-news"},"url":"https:\/\/super-news.info\/es\/author\/pt\/"}]}},"_links":{"self":[{"href":"https:\/\/super-news.info\/es\/wp-json\/wp\/v2\/posts\/6443","targetHints":{"allow":["GET"]}}],"collection":[{"href":"https:\/\/super-news.info\/es\/wp-json\/wp\/v2\/posts"}],"about":[{"href":"https:\/\/super-news.info\/es\/wp-json\/wp\/v2\/types\/post"}],"author":[{"embeddable":true,"href":"https:\/\/super-news.info\/es\/wp-json\/wp\/v2\/users\/2"}],"replies":[{"embeddable":true,"href":"https:\/\/super-news.info\/es\/wp-json\/wp\/v2\/comments?post=6443"}],"version-history":[{"count":1,"href":"https:\/\/super-news.info\/es\/wp-json\/wp\/v2\/posts\/6443\/revisions"}],"predecessor-version":[{"id":6445,"href":"https:\/\/super-news.info\/es\/wp-json\/wp\/v2\/posts\/6443\/revisions\/6445"}],"wp:featuredmedia":[{"embeddable":true,"href":"https:\/\/super-news.info\/es\/wp-json\/wp\/v2\/media\/6444"}],"wp:attachment":[{"href":"https:\/\/super-news.info\/es\/wp-json\/wp\/v2\/media?parent=6443"}],"wp:term":[{"taxonomy":"category","embeddable":true,"href":"https:\/\/super-news.info\/es\/wp-json\/wp\/v2\/categories?post=6443"},{"taxonomy":"post_tag","embeddable":true,"href":"https:\/\/super-news.info\/es\/wp-json\/wp\/v2\/tags?post=6443"}],"curies":[{"name":"wp","href":"https:\/\/api.w.org\/{rel}","templated":true}]}}