{"id":6417,"date":"2019-07-16T02:02:59","date_gmt":"2019-07-15T23:02:59","guid":{"rendered":"https:\/\/super-news.info\/es\/volkswagen-navarra-fabricara-desde-la-segunda-mitad-de-2021-un-tercer-modelo-de-la-familia-polo\/"},"modified":"2019-07-16T02:03:00","modified_gmt":"2019-07-15T23:03:00","slug":"volkswagen-navarra-fabricara-desde-la-segunda-mitad-de-2021-un-tercer-modelo-de-la-familia-polo","status":"publish","type":"post","link":"https:\/\/super-news.info\/es\/volkswagen-navarra-fabricara-desde-la-segunda-mitad-de-2021-un-tercer-modelo-de-la-familia-polo\/","title":{"rendered":"Volkswagen Navarra fabricar\u00e1 desde la segunda mitad de 2021 un tercer modelo de la familia Polo"},"content":{"rendered":"<p> [ad_1]<\/p>\n<div id=\"CuerpoNoticiav2\" itemprop=\"articleBody\">\n<p>PAMPLONA, 15 Jul. (EUROPA PRESS) &#8211; <\/p>\n<p itemprop=\"description\">   La planta de Volkswagen Navarra fabricar\u00e1, a partir del segundo semestre de 2021, un tercer modelo de la familia Polo, basado en la misma plataforma MQB que el Polo y el T-Cross.<\/p>\n<p>   As\u00ed se lo ha comunicado a la direcci\u00f3n de la empresa y a la parte social el Dr. Andreas Tostmann, miembro del comit\u00e9 ejecutivo de la marca Volkswagen responsable de Producci\u00f3n y Log\u00edstica, seg\u00fan ha informado la compa\u00f1\u00eda en una nota.<\/p>\n<p>   &#8220;Volkswagen Navarra destaca por su gran experiencia en la fabricaci\u00f3n de coches peque\u00f1os y su muy buena productividad. Ya durante el lanzamiento del T-Cross la plantilla ha demostrado ser capaz de materializar un proyecto de veh\u00edculo nuevo con agilidad y eficiencia de costes. Por ser una plataforma com\u00fan podemos utilizar para este modelo las mismas matrices y l\u00edneas de fabricaci\u00f3n que para el Polo y el T-Cross; gracias a estas sinergias podemos fabricar este nuevo modelo a costes competitivos&#8221;, ha asegurado Tostmann.<\/p>\n<p>   Por su parte, el presidente de Volkswagen Navarra, Emilio S\u00e1enz, ha manifestado que esta adjudicaci\u00f3n para un nuevo modelo &#8220;confirma el extraordinario trabajo de una plantilla comprometida&#8221;. &#8220;Con este coche adicional podemos asegurar a largo plazo la carga de trabajo de la f\u00e1brica y, en consecuencia, el empleo&#8221;, ha a\u00f1adido.<\/p>\n<p>   En la f\u00e1brica de Pamplona se producen en la actualidad el Polo y el Volkswagen T-Cross. En el a\u00f1o 2018 se fabricaron 272.272 coches. Desde 1966, la planta de Navarra ha adquirido una gran experiencia en la fabricaci\u00f3n de veh\u00edculos peque\u00f1os. El primer Polo sali\u00f3 de sus l\u00edneas en 1984. Hasta el d\u00eda de hoy ya se han producido m\u00e1s de 8 millones de unidades de este modelo.<\/p>\n<\/div>\n<p>[ad_2]<br \/>\n<br \/><a href=\"https:\/\/www.europapress.es\/motor\/sector-00644\/noticia-volkswagen-navarra-fabricara-segunda-mitad-2021-tercer-modelo-familia-polo-20190715120117.html\">Source link <\/a><\/p>\n","protected":false},"excerpt":{"rendered":"<p>[ad_1] PAMPLONA, 15 Jul. (EUROPA PRESS) &#8211; La planta de Volkswagen Navarra fabricar\u00e1, a partir del segundo semestre de 2021, un tercer modelo de la familia Polo, basado en la misma plataforma MQB que el Polo y el T-Cross. As\u00ed se lo ha comunicado a la direcci\u00f3n de la empresa y a la parte social [&hellip;]<\/p>\n","protected":false},"author":2,"featured_media":6418,"comment_status":"open","ping_status":"open","sticky":false,"template":"","format":"standard","meta":{"footnotes":""},"categories":[1],"tags":[],"class_list":["post-6417","post","type-post","status-publish","format-standard","has-post-thumbnail","hentry","category-noticias-financieras"],"yoast_head":"<!-- This site is optimized with the Yoast SEO plugin v27.4 - https:\/\/yoast.com\/product\/yoast-seo-wordpress\/ -->\n<title>Volkswagen Navarra fabricar\u00e1 desde la segunda mitad de 2021 un tercer modelo de la familia Polo - Super News<\/title>\n<meta name=\"robots\" content=\"index, follow, max-snippet:-1, max-image-preview:large, max-video-preview:-1\" \/>\n<link rel=\"canonical\" href=\"https:\/\/super-news.info\/es\/volkswagen-navarra-fabricara-desde-la-segunda-mitad-de-2021-un-tercer-modelo-de-la-familia-polo\/\" \/>\n<meta property=\"og:locale\" content=\"en_US\" \/>\n<meta property=\"og:type\" content=\"article\" \/>\n<meta property=\"og:title\" content=\"Volkswagen Navarra fabricar\u00e1 desde la segunda mitad de 2021 un tercer modelo de la familia Polo - Super News\" \/>\n<meta property=\"og:description\" content=\"[ad_1] PAMPLONA, 15 Jul. (EUROPA PRESS) &#8211; La planta de Volkswagen Navarra fabricar\u00e1, a partir del segundo semestre de 2021, un tercer modelo de la familia Polo, basado en la misma plataforma MQB que el Polo y el T-Cross. As\u00ed se lo ha comunicado a la direcci\u00f3n de la empresa y a la parte social [&hellip;]\" \/>\n<meta property=\"og:url\" content=\"https:\/\/super-news.info\/es\/volkswagen-navarra-fabricara-desde-la-segunda-mitad-de-2021-un-tercer-modelo-de-la-familia-polo\/\" \/>\n<meta property=\"og:site_name\" content=\"Super News\" \/>\n<meta property=\"article:published_time\" content=\"2019-07-15T23:02:59+00:00\" \/>\n<meta property=\"article:modified_time\" content=\"2019-07-15T23:03:00+00:00\" \/>\n<meta property=\"og:image\" content=\"https:\/\/super-news.info\/es\/wp-content\/uploads\/sites\/4\/2019\/07\/Volkswagen-Navarra-fabricar\u00e1-desde-la-segunda-mitad-de-2021-un.jpg\" \/>\n\t<meta property=\"og:image:width\" content=\"120\" \/>\n\t<meta property=\"og:image:height\" content=\"80\" \/>\n\t<meta property=\"og:image:type\" content=\"image\/jpeg\" \/>\n<meta name=\"author\" content=\"super-news\" \/>\n<meta name=\"twitter:card\" content=\"summary_large_image\" \/>\n<meta name=\"twitter:label1\" content=\"Written by\" \/>\n\t<meta name=\"twitter:data1\" content=\"super-news\" \/>\n\t<meta name=\"twitter:label2\" content=\"Est. reading time\" \/>\n\t<meta name=\"twitter:data2\" content=\"1 minute\" \/>\n<script type=\"application\/ld+json\" class=\"yoast-schema-graph\">{\"@context\":\"https:\\\/\\\/schema.org\",\"@graph\":[{\"@type\":\"Article\",\"@id\":\"https:\\\/\\\/super-news.info\\\/es\\\/volkswagen-navarra-fabricara-desde-la-segunda-mitad-de-2021-un-tercer-modelo-de-la-familia-polo\\\/#article\",\"isPartOf\":{\"@id\":\"https:\\\/\\\/super-news.info\\\/es\\\/volkswagen-navarra-fabricara-desde-la-segunda-mitad-de-2021-un-tercer-modelo-de-la-familia-polo\\\/\"},\"author\":{\"name\":\"super-news\",\"@id\":\"https:\\\/\\\/super-news.info\\\/es\\\/#\\\/schema\\\/person\\\/2d4068cb2f39cd10008c2fce578a7356\"},\"headline\":\"Volkswagen Navarra fabricar\u00e1 desde la segunda mitad de 2021 un tercer modelo de la familia Polo\",\"datePublished\":\"2019-07-15T23:02:59+00:00\",\"dateModified\":\"2019-07-15T23:03:00+00:00\",\"mainEntityOfPage\":{\"@id\":\"https:\\\/\\\/super-news.info\\\/es\\\/volkswagen-navarra-fabricara-desde-la-segunda-mitad-de-2021-un-tercer-modelo-de-la-familia-polo\\\/\"},\"wordCount\":314,\"commentCount\":0,\"image\":{\"@id\":\"https:\\\/\\\/super-news.info\\\/es\\\/volkswagen-navarra-fabricara-desde-la-segunda-mitad-de-2021-un-tercer-modelo-de-la-familia-polo\\\/#primaryimage\"},\"thumbnailUrl\":\"https:\\\/\\\/super-news.info\\\/es\\\/wp-content\\\/uploads\\\/sites\\\/4\\\/2019\\\/07\\\/Volkswagen-Navarra-fabricar\u00e1-desde-la-segunda-mitad-de-2021-un.jpg\",\"articleSection\":[\"NOTICIAS FINANCIERAS\"],\"inLanguage\":\"en-US\",\"potentialAction\":[{\"@type\":\"CommentAction\",\"name\":\"Comment\",\"target\":[\"https:\\\/\\\/super-news.info\\\/es\\\/volkswagen-navarra-fabricara-desde-la-segunda-mitad-de-2021-un-tercer-modelo-de-la-familia-polo\\\/#respond\"]}]},{\"@type\":\"WebPage\",\"@id\":\"https:\\\/\\\/super-news.info\\\/es\\\/volkswagen-navarra-fabricara-desde-la-segunda-mitad-de-2021-un-tercer-modelo-de-la-familia-polo\\\/\",\"url\":\"https:\\\/\\\/super-news.info\\\/es\\\/volkswagen-navarra-fabricara-desde-la-segunda-mitad-de-2021-un-tercer-modelo-de-la-familia-polo\\\/\",\"name\":\"Volkswagen Navarra fabricar\u00e1 desde la segunda mitad de 2021 un tercer modelo de la familia Polo - Super News\",\"isPartOf\":{\"@id\":\"https:\\\/\\\/super-news.info\\\/es\\\/#website\"},\"primaryImageOfPage\":{\"@id\":\"https:\\\/\\\/super-news.info\\\/es\\\/volkswagen-navarra-fabricara-desde-la-segunda-mitad-de-2021-un-tercer-modelo-de-la-familia-polo\\\/#primaryimage\"},\"image\":{\"@id\":\"https:\\\/\\\/super-news.info\\\/es\\\/volkswagen-navarra-fabricara-desde-la-segunda-mitad-de-2021-un-tercer-modelo-de-la-familia-polo\\\/#primaryimage\"},\"thumbnailUrl\":\"https:\\\/\\\/super-news.info\\\/es\\\/wp-content\\\/uploads\\\/sites\\\/4\\\/2019\\\/07\\\/Volkswagen-Navarra-fabricar\u00e1-desde-la-segunda-mitad-de-2021-un.jpg\",\"datePublished\":\"2019-07-15T23:02:59+00:00\",\"dateModified\":\"2019-07-15T23:03:00+00:00\",\"author\":{\"@id\":\"https:\\\/\\\/super-news.info\\\/es\\\/#\\\/schema\\\/person\\\/2d4068cb2f39cd10008c2fce578a7356\"},\"breadcrumb\":{\"@id\":\"https:\\\/\\\/super-news.info\\\/es\\\/volkswagen-navarra-fabricara-desde-la-segunda-mitad-de-2021-un-tercer-modelo-de-la-familia-polo\\\/#breadcrumb\"},\"inLanguage\":\"en-US\",\"potentialAction\":[{\"@type\":\"ReadAction\",\"target\":[\"https:\\\/\\\/super-news.info\\\/es\\\/volkswagen-navarra-fabricara-desde-la-segunda-mitad-de-2021-un-tercer-modelo-de-la-familia-polo\\\/\"]}]},{\"@type\":\"ImageObject\",\"inLanguage\":\"en-US\",\"@id\":\"https:\\\/\\\/super-news.info\\\/es\\\/volkswagen-navarra-fabricara-desde-la-segunda-mitad-de-2021-un-tercer-modelo-de-la-familia-polo\\\/#primaryimage\",\"url\":\"https:\\\/\\\/super-news.info\\\/es\\\/wp-content\\\/uploads\\\/sites\\\/4\\\/2019\\\/07\\\/Volkswagen-Navarra-fabricar\u00e1-desde-la-segunda-mitad-de-2021-un.jpg\",\"contentUrl\":\"https:\\\/\\\/super-news.info\\\/es\\\/wp-content\\\/uploads\\\/sites\\\/4\\\/2019\\\/07\\\/Volkswagen-Navarra-fabricar\u00e1-desde-la-segunda-mitad-de-2021-un.jpg\",\"width\":120,\"height\":80,\"caption\":\"Volkswagen Navarra fabricar\u00e1 desde la segunda mitad de 2021 un tercer modelo de la familia Polo\"},{\"@type\":\"BreadcrumbList\",\"@id\":\"https:\\\/\\\/super-news.info\\\/es\\\/volkswagen-navarra-fabricara-desde-la-segunda-mitad-de-2021-un-tercer-modelo-de-la-familia-polo\\\/#breadcrumb\",\"itemListElement\":[{\"@type\":\"ListItem\",\"position\":1,\"name\":\"\u0413\u043b\u0430\u0432\u043d\u0430\u044f \u0441\u0442\u0440\u0430\u043d\u0438\u0446\u0430\",\"item\":\"https:\\\/\\\/super-news.info\\\/es\\\/\"},{\"@type\":\"ListItem\",\"position\":2,\"name\":\"Volkswagen Navarra fabricar\u00e1 desde la segunda mitad de 2021 un tercer modelo de la familia Polo\"}]},{\"@type\":\"WebSite\",\"@id\":\"https:\\\/\\\/super-news.info\\\/es\\\/#website\",\"url\":\"https:\\\/\\\/super-news.info\\\/es\\\/\",\"name\":\"Super News\",\"description\":\"Super News Espa\u00f1a\",\"potentialAction\":[{\"@type\":\"SearchAction\",\"target\":{\"@type\":\"EntryPoint\",\"urlTemplate\":\"https:\\\/\\\/super-news.info\\\/es\\\/?s={search_term_string}\"},\"query-input\":{\"@type\":\"PropertyValueSpecification\",\"valueRequired\":true,\"valueName\":\"search_term_string\"}}],\"inLanguage\":\"en-US\"},{\"@type\":\"Person\",\"@id\":\"https:\\\/\\\/super-news.info\\\/es\\\/#\\\/schema\\\/person\\\/2d4068cb2f39cd10008c2fce578a7356\",\"name\":\"super-news\",\"image\":{\"@type\":\"ImageObject\",\"inLanguage\":\"en-US\",\"@id\":\"https:\\\/\\\/secure.gravatar.com\\\/avatar\\\/64ebac40b93f26a154f8a9b5b6fdccfc46f442b26b3dd6756dbff3bf9dc76fd7?s=96&d=mm&r=g\",\"url\":\"https:\\\/\\\/secure.gravatar.com\\\/avatar\\\/64ebac40b93f26a154f8a9b5b6fdccfc46f442b26b3dd6756dbff3bf9dc76fd7?s=96&d=mm&r=g\",\"contentUrl\":\"https:\\\/\\\/secure.gravatar.com\\\/avatar\\\/64ebac40b93f26a154f8a9b5b6fdccfc46f442b26b3dd6756dbff3bf9dc76fd7?s=96&d=mm&r=g\",\"caption\":\"super-news\"},\"url\":\"https:\\\/\\\/super-news.info\\\/es\\\/author\\\/pt\\\/\"}]}<\/script>\n<!-- \/ Yoast SEO plugin. -->","yoast_head_json":{"title":"Volkswagen Navarra fabricar\u00e1 desde la segunda mitad de 2021 un tercer modelo de la familia Polo - Super News","robots":{"index":"index","follow":"follow","max-snippet":"max-snippet:-1","max-image-preview":"max-image-preview:large","max-video-preview":"max-video-preview:-1"},"canonical":"https:\/\/super-news.info\/es\/volkswagen-navarra-fabricara-desde-la-segunda-mitad-de-2021-un-tercer-modelo-de-la-familia-polo\/","og_locale":"en_US","og_type":"article","og_title":"Volkswagen Navarra fabricar\u00e1 desde la segunda mitad de 2021 un tercer modelo de la familia Polo - Super News","og_description":"[ad_1] PAMPLONA, 15 Jul. (EUROPA PRESS) &#8211; La planta de Volkswagen Navarra fabricar\u00e1, a partir del segundo semestre de 2021, un tercer modelo de la familia Polo, basado en la misma plataforma MQB que el Polo y el T-Cross. As\u00ed se lo ha comunicado a la direcci\u00f3n de la empresa y a la parte social [&hellip;]","og_url":"https:\/\/super-news.info\/es\/volkswagen-navarra-fabricara-desde-la-segunda-mitad-de-2021-un-tercer-modelo-de-la-familia-polo\/","og_site_name":"Super News","article_published_time":"2019-07-15T23:02:59+00:00","article_modified_time":"2019-07-15T23:03:00+00:00","og_image":[{"width":120,"height":80,"url":"https:\/\/super-news.info\/es\/wp-content\/uploads\/sites\/4\/2019\/07\/Volkswagen-Navarra-fabricar\u00e1-desde-la-segunda-mitad-de-2021-un.jpg","type":"image\/jpeg"}],"author":"super-news","twitter_card":"summary_large_image","twitter_misc":{"Written by":"super-news","Est. reading time":"1 minute"},"schema":{"@context":"https:\/\/schema.org","@graph":[{"@type":"Article","@id":"https:\/\/super-news.info\/es\/volkswagen-navarra-fabricara-desde-la-segunda-mitad-de-2021-un-tercer-modelo-de-la-familia-polo\/#article","isPartOf":{"@id":"https:\/\/super-news.info\/es\/volkswagen-navarra-fabricara-desde-la-segunda-mitad-de-2021-un-tercer-modelo-de-la-familia-polo\/"},"author":{"name":"super-news","@id":"https:\/\/super-news.info\/es\/#\/schema\/person\/2d4068cb2f39cd10008c2fce578a7356"},"headline":"Volkswagen Navarra fabricar\u00e1 desde la segunda mitad de 2021 un tercer modelo de la familia Polo","datePublished":"2019-07-15T23:02:59+00:00","dateModified":"2019-07-15T23:03:00+00:00","mainEntityOfPage":{"@id":"https:\/\/super-news.info\/es\/volkswagen-navarra-fabricara-desde-la-segunda-mitad-de-2021-un-tercer-modelo-de-la-familia-polo\/"},"wordCount":314,"commentCount":0,"image":{"@id":"https:\/\/super-news.info\/es\/volkswagen-navarra-fabricara-desde-la-segunda-mitad-de-2021-un-tercer-modelo-de-la-familia-polo\/#primaryimage"},"thumbnailUrl":"https:\/\/super-news.info\/es\/wp-content\/uploads\/sites\/4\/2019\/07\/Volkswagen-Navarra-fabricar\u00e1-desde-la-segunda-mitad-de-2021-un.jpg","articleSection":["NOTICIAS FINANCIERAS"],"inLanguage":"en-US","potentialAction":[{"@type":"CommentAction","name":"Comment","target":["https:\/\/super-news.info\/es\/volkswagen-navarra-fabricara-desde-la-segunda-mitad-de-2021-un-tercer-modelo-de-la-familia-polo\/#respond"]}]},{"@type":"WebPage","@id":"https:\/\/super-news.info\/es\/volkswagen-navarra-fabricara-desde-la-segunda-mitad-de-2021-un-tercer-modelo-de-la-familia-polo\/","url":"https:\/\/super-news.info\/es\/volkswagen-navarra-fabricara-desde-la-segunda-mitad-de-2021-un-tercer-modelo-de-la-familia-polo\/","name":"Volkswagen Navarra fabricar\u00e1 desde la segunda mitad de 2021 un tercer modelo de la familia Polo - Super News","isPartOf":{"@id":"https:\/\/super-news.info\/es\/#website"},"primaryImageOfPage":{"@id":"https:\/\/super-news.info\/es\/volkswagen-navarra-fabricara-desde-la-segunda-mitad-de-2021-un-tercer-modelo-de-la-familia-polo\/#primaryimage"},"image":{"@id":"https:\/\/super-news.info\/es\/volkswagen-navarra-fabricara-desde-la-segunda-mitad-de-2021-un-tercer-modelo-de-la-familia-polo\/#primaryimage"},"thumbnailUrl":"https:\/\/super-news.info\/es\/wp-content\/uploads\/sites\/4\/2019\/07\/Volkswagen-Navarra-fabricar\u00e1-desde-la-segunda-mitad-de-2021-un.jpg","datePublished":"2019-07-15T23:02:59+00:00","dateModified":"2019-07-15T23:03:00+00:00","author":{"@id":"https:\/\/super-news.info\/es\/#\/schema\/person\/2d4068cb2f39cd10008c2fce578a7356"},"breadcrumb":{"@id":"https:\/\/super-news.info\/es\/volkswagen-navarra-fabricara-desde-la-segunda-mitad-de-2021-un-tercer-modelo-de-la-familia-polo\/#breadcrumb"},"inLanguage":"en-US","potentialAction":[{"@type":"ReadAction","target":["https:\/\/super-news.info\/es\/volkswagen-navarra-fabricara-desde-la-segunda-mitad-de-2021-un-tercer-modelo-de-la-familia-polo\/"]}]},{"@type":"ImageObject","inLanguage":"en-US","@id":"https:\/\/super-news.info\/es\/volkswagen-navarra-fabricara-desde-la-segunda-mitad-de-2021-un-tercer-modelo-de-la-familia-polo\/#primaryimage","url":"https:\/\/super-news.info\/es\/wp-content\/uploads\/sites\/4\/2019\/07\/Volkswagen-Navarra-fabricar\u00e1-desde-la-segunda-mitad-de-2021-un.jpg","contentUrl":"https:\/\/super-news.info\/es\/wp-content\/uploads\/sites\/4\/2019\/07\/Volkswagen-Navarra-fabricar\u00e1-desde-la-segunda-mitad-de-2021-un.jpg","width":120,"height":80,"caption":"Volkswagen Navarra fabricar\u00e1 desde la segunda mitad de 2021 un tercer modelo de la familia Polo"},{"@type":"BreadcrumbList","@id":"https:\/\/super-news.info\/es\/volkswagen-navarra-fabricara-desde-la-segunda-mitad-de-2021-un-tercer-modelo-de-la-familia-polo\/#breadcrumb","itemListElement":[{"@type":"ListItem","position":1,"name":"\u0413\u043b\u0430\u0432\u043d\u0430\u044f \u0441\u0442\u0440\u0430\u043d\u0438\u0446\u0430","item":"https:\/\/super-news.info\/es\/"},{"@type":"ListItem","position":2,"name":"Volkswagen Navarra fabricar\u00e1 desde la segunda mitad de 2021 un tercer modelo de la familia Polo"}]},{"@type":"WebSite","@id":"https:\/\/super-news.info\/es\/#website","url":"https:\/\/super-news.info\/es\/","name":"Super News","description":"Super News Espa\u00f1a","potentialAction":[{"@type":"SearchAction","target":{"@type":"EntryPoint","urlTemplate":"https:\/\/super-news.info\/es\/?s={search_term_string}"},"query-input":{"@type":"PropertyValueSpecification","valueRequired":true,"valueName":"search_term_string"}}],"inLanguage":"en-US"},{"@type":"Person","@id":"https:\/\/super-news.info\/es\/#\/schema\/person\/2d4068cb2f39cd10008c2fce578a7356","name":"super-news","image":{"@type":"ImageObject","inLanguage":"en-US","@id":"https:\/\/secure.gravatar.com\/avatar\/64ebac40b93f26a154f8a9b5b6fdccfc46f442b26b3dd6756dbff3bf9dc76fd7?s=96&d=mm&r=g","url":"https:\/\/secure.gravatar.com\/avatar\/64ebac40b93f26a154f8a9b5b6fdccfc46f442b26b3dd6756dbff3bf9dc76fd7?s=96&d=mm&r=g","contentUrl":"https:\/\/secure.gravatar.com\/avatar\/64ebac40b93f26a154f8a9b5b6fdccfc46f442b26b3dd6756dbff3bf9dc76fd7?s=96&d=mm&r=g","caption":"super-news"},"url":"https:\/\/super-news.info\/es\/author\/pt\/"}]}},"_links":{"self":[{"href":"https:\/\/super-news.info\/es\/wp-json\/wp\/v2\/posts\/6417","targetHints":{"allow":["GET"]}}],"collection":[{"href":"https:\/\/super-news.info\/es\/wp-json\/wp\/v2\/posts"}],"about":[{"href":"https:\/\/super-news.info\/es\/wp-json\/wp\/v2\/types\/post"}],"author":[{"embeddable":true,"href":"https:\/\/super-news.info\/es\/wp-json\/wp\/v2\/users\/2"}],"replies":[{"embeddable":true,"href":"https:\/\/super-news.info\/es\/wp-json\/wp\/v2\/comments?post=6417"}],"version-history":[{"count":1,"href":"https:\/\/super-news.info\/es\/wp-json\/wp\/v2\/posts\/6417\/revisions"}],"predecessor-version":[{"id":6419,"href":"https:\/\/super-news.info\/es\/wp-json\/wp\/v2\/posts\/6417\/revisions\/6419"}],"wp:featuredmedia":[{"embeddable":true,"href":"https:\/\/super-news.info\/es\/wp-json\/wp\/v2\/media\/6418"}],"wp:attachment":[{"href":"https:\/\/super-news.info\/es\/wp-json\/wp\/v2\/media?parent=6417"}],"wp:term":[{"taxonomy":"category","embeddable":true,"href":"https:\/\/super-news.info\/es\/wp-json\/wp\/v2\/categories?post=6417"},{"taxonomy":"post_tag","embeddable":true,"href":"https:\/\/super-news.info\/es\/wp-json\/wp\/v2\/tags?post=6417"}],"curies":[{"name":"wp","href":"https:\/\/api.w.org\/{rel}","templated":true}]}}