{"id":6318,"date":"2019-07-14T22:30:07","date_gmt":"2019-07-14T19:30:07","guid":{"rendered":"https:\/\/super-news.info\/es\/los-millennials-y-la-generacion-z-mas-pesimistas-que-nunca\/"},"modified":"2019-07-14T22:30:08","modified_gmt":"2019-07-14T19:30:08","slug":"los-millennials-y-la-generacion-z-mas-pesimistas-que-nunca","status":"publish","type":"post","link":"https:\/\/super-news.info\/es\/los-millennials-y-la-generacion-z-mas-pesimistas-que-nunca\/","title":{"rendered":"Los Millennials y la Generaci\u00f3n Z, m\u00e1s pesimistas que nunca"},"content":{"rendered":"<p> [ad_1]<br \/>\n<\/p>\n<div id=\"textoNoticia\">\n<p class=\"excerpt-single\">Solo alrededor del 30% de los Millennials alemanes est\u00e1n satisfechos con sus actuales condiciones de vida, seg\u00fan un reciente estudio de Deloitte.<\/p>\n<\/p>\n<p>Los informes diarios de crecimiento econ\u00f3mico constante y desempleo en m\u00ednimos hist\u00f3ricos no consiguen disipar el <strong>escepticismo de las generaciones m\u00e1s j\u00f3venes<\/strong>. Los llamados Millennials (nacidos entre 1983 y 1994), as\u00ed como la Generaci\u00f3n Z posterior (nacidos entre 1995 y 2002) son tan pesimistas sobre la situaci\u00f3n social actual como nunca antes.<\/p>\n<p>Sus preocupaciones giran en torno a la <strong>situaci\u00f3n econ\u00f3mica, social y pol\u00edtica<\/strong>, as\u00ed como la visi\u00f3n del gobierno y los medios de comunicaci\u00f3n. Los 800 Millennials y representantes de la Generaci\u00f3n Z encuestados en Alemania son incluso m\u00e1s pesimistas que sus hom\u00f3logos en otros pa\u00edses. As\u00ed lo recoge la octava edici\u00f3n de Deloitte Millennial Survey, que ha encuestado a 16.400 j\u00f3venes en todo el mundo.<\/p>\n<p>Solo el 13% de los Millennials y el 14% de la Generaci\u00f3n Z en Alemania piensan que las perspectivas econ\u00f3micas mejorar\u00e1n en el futuro (en comparaci\u00f3n con el 26% en todo el mundo). En 2018, el dato todav\u00eda era del 35%. Tambi\u00e9n hay grandes reservas sobre un mejor futuro pol\u00edtico y social. Solamente el 10% de los Millennials alemanes y el 7% de la Generaci\u00f3n Z creen en mejoras (globalmente, 22 y 18%). Estos son los <strong>niveles m\u00e1s bajos registrados<\/strong> desde el inicio de este estudio hace seis a\u00f1os.<\/p>\n<p>La preocupaci\u00f3n n\u00famero uno es la <strong>protecci\u00f3n del clim<\/strong>a. Queda patente cu\u00e1nto mueve el tema a una generaci\u00f3n no solo en las protestas semanales de &#8220;Fridays for Future&#8221;, sino tambi\u00e9n en los resultados del estudio. Alrededor de un tercio de la joven generaci\u00f3n joven dice que actualmente est\u00e1 m\u00e1s preocupada por el cambio clim\u00e1tico. El terrorismo ocupa el segundo lugar con un 29%. Sin embargo, la preocupaci\u00f3n pierde relevancia en comparaci\u00f3n con el a\u00f1o anterior (39%). Los siguientes puestos los ocupan el miedo a la inestabilidad pol\u00edtica y la guerra.<\/p>\n<blockquote>\n<p><strong>Las empresas se preocupan por mejorar su propia situaci\u00f3n m\u00e1s que por abordar temas sociales<\/strong><\/p>\n<\/blockquote>\n<p>Las grandes preocupaciones requieren que los tomadores de decisiones se dediquen a los problemas sociales urgentes. Lo m\u00e1s probable es que la joven generaci\u00f3n conf\u00ede este papel a los pol\u00edticos. Las empresas, por otra parte, se preocupan\u00a0por <strong>mejorar su propia situaci\u00f3n m\u00e1s que por abordar temas sociales<\/strong>.<\/p>\n<p>En Alemania, los Millennials y la Generaci\u00f3n Z son, en comparaci\u00f3n, <strong>modestos, fieles a las marcas y familiares<\/strong>. El pa\u00eds est\u00e1 por detr\u00e1s de la media internacional en lo que respecta a vivienda propia y grandes viajes vacacionales.<\/p>\n<p>Solamente en el deseo de tener familia, la Generaci\u00f3n Z de Alemania est\u00e1 a la cabeza, con un 51%. La <strong>lealtad al empleador<\/strong> tambi\u00e9n es muy marcada en este pa\u00eds: el porcentaje de Millennials dispuestos a cambiar es del 42%, por debajo del promedio mundial. M\u00e1s de uno de cada tres millennials se ven trabajando para su actual empleador incluso m\u00e1s tiempo que los pr\u00f3ximos cinco a\u00f1os.<\/p>\n<blockquote>\n<p><strong>La Generaci\u00f3n Z est\u00e1 mucho m\u00e1s preocupada que los Millennials por las nuevas exigencias del mercado laboral<\/strong><\/p>\n<\/blockquote>\n<p>La transformaci\u00f3n digital est\u00e1 cambiando la<strong> vida laboral<\/strong> y requiere nuevas competencias. La jovenc\u00edsima Generaci\u00f3n Z est\u00e1 mucho m\u00e1s preocupada que los Millennials por las nuevas exigencias del mercado. El 76% de este grupo de edad que tiene trabajo estable en Alemania piensa que cuenta con las habilidades necesarias.<\/p>\n<p>Respecto a las redes sociales, esta generaci\u00f3n tiene una <strong>relaci\u00f3n parad\u00f3jica<\/strong>. M\u00e1s de la mitad de los Millennials y la Generaci\u00f3n Z en Alemania piensa que un menor consumo de redes sociales ser\u00eda m\u00e1s saludable y les har\u00eda m\u00e1s felices. Sin embargo, alrededor de un 40% se preocupar\u00eda si no tuviese acceso a sus perfiles durante uno o dos d\u00edas.<\/p>\n<p>Con estas pesimistas perspectivas de futuro, el director de Innovaci\u00f3n de Deloitte, Nicolai Andersen, se\u00f1ala la urgente necesidad de actuar: &#8220;Si queremos que estas generaciones j\u00f3venes sean m\u00e1s optimistas sobre el futuro, <strong>las empresas deben abordar los problemas que les interesan<\/strong>, o se arriesgan a perder esos talentos&#8221;.<\/p>\n<p class=\"link-telegram\">\n\t\t\t\t\t\t\t\t\t\t\tNo te pierdas nada de MarketingDirecto.com y \u00fanete a nuestro Telegram t.me\/MarketingDirecto\n\t\t\t\t\t\t\t\t\t\t<\/p>\n<\/p><\/div>\n<p><script>(function(d, s, id) {\n  var js, fjs = d.getElementsByTagName(s)[0];\n  if (d.getElementById(id)) return;\n  js = d.createElement(s); js.id = id;\n  js.src = \"http:\/\/connect.facebook.net\/es_LA\/sdk.js#xfbml=1&appId=408746052611679&version=v2.3\";\n  fjs.parentNode.insertBefore(js, fjs);\n}(document, 'script', 'facebook-jssdk'));<\/script><br \/>\n<br \/>[ad_2]<br \/>\n<br \/><a href=\"https:\/\/www.marketingdirecto.com\/marketing-general\/tendencias\/millennials-y-generacion-z-mas-pesimistas-que-nunca\">Source link <\/a><\/p>\n","protected":false},"excerpt":{"rendered":"<p>[ad_1] Solo alrededor del 30% de los Millennials alemanes est\u00e1n satisfechos con sus actuales condiciones de vida, seg\u00fan un reciente estudio de Deloitte. Los informes diarios de crecimiento econ\u00f3mico constante y desempleo en m\u00ednimos hist\u00f3ricos no consiguen disipar el escepticismo de las generaciones m\u00e1s j\u00f3venes. Los llamados Millennials (nacidos entre 1983 y 1994), as\u00ed como [&hellip;]<\/p>\n","protected":false},"author":2,"featured_media":6319,"comment_status":"open","ping_status":"open","sticky":false,"template":"","format":"standard","meta":{"footnotes":""},"categories":[2],"tags":[],"class_list":["post-6318","post","type-post","status-publish","format-standard","has-post-thumbnail","hentry","category-noticias-de-marketing-digital"],"yoast_head":"<!-- This site is optimized with the Yoast SEO plugin v27.4 - https:\/\/yoast.com\/product\/yoast-seo-wordpress\/ -->\n<title>Los Millennials y la Generaci\u00f3n Z, m\u00e1s pesimistas que nunca - Super News<\/title>\n<meta name=\"robots\" content=\"index, follow, max-snippet:-1, max-image-preview:large, max-video-preview:-1\" \/>\n<link rel=\"canonical\" href=\"https:\/\/super-news.info\/es\/los-millennials-y-la-generacion-z-mas-pesimistas-que-nunca\/\" \/>\n<meta property=\"og:locale\" content=\"en_US\" \/>\n<meta property=\"og:type\" content=\"article\" \/>\n<meta property=\"og:title\" content=\"Los Millennials y la Generaci\u00f3n Z, m\u00e1s pesimistas que nunca - Super News\" \/>\n<meta property=\"og:description\" content=\"[ad_1] Solo alrededor del 30% de los Millennials alemanes est\u00e1n satisfechos con sus actuales condiciones de vida, seg\u00fan un reciente estudio de Deloitte. Los informes diarios de crecimiento econ\u00f3mico constante y desempleo en m\u00ednimos hist\u00f3ricos no consiguen disipar el escepticismo de las generaciones m\u00e1s j\u00f3venes. Los llamados Millennials (nacidos entre 1983 y 1994), as\u00ed como [&hellip;]\" \/>\n<meta property=\"og:url\" content=\"https:\/\/super-news.info\/es\/los-millennials-y-la-generacion-z-mas-pesimistas-que-nunca\/\" \/>\n<meta property=\"og:site_name\" content=\"Super News\" \/>\n<meta property=\"article:published_time\" content=\"2019-07-14T19:30:07+00:00\" \/>\n<meta property=\"article:modified_time\" content=\"2019-07-14T19:30:08+00:00\" \/>\n<meta property=\"og:image\" content=\"https:\/\/super-news.info\/es\/wp-content\/uploads\/sites\/4\/2019\/07\/Los-Millennials-y-la-Generaci\u00f3n-Z-m\u00e1s-pesimistas-que-nunca.jpg\" \/>\n\t<meta property=\"og:image:width\" content=\"626\" \/>\n\t<meta property=\"og:image:height\" content=\"364\" \/>\n\t<meta property=\"og:image:type\" content=\"image\/jpeg\" \/>\n<meta name=\"author\" content=\"super-news\" \/>\n<meta name=\"twitter:card\" content=\"summary_large_image\" \/>\n<meta name=\"twitter:label1\" content=\"Written by\" \/>\n\t<meta name=\"twitter:data1\" content=\"super-news\" \/>\n\t<meta name=\"twitter:label2\" content=\"Est. reading time\" \/>\n\t<meta name=\"twitter:data2\" content=\"4 minutes\" \/>\n<script type=\"application\/ld+json\" class=\"yoast-schema-graph\">{\"@context\":\"https:\\\/\\\/schema.org\",\"@graph\":[{\"@type\":\"Article\",\"@id\":\"https:\\\/\\\/super-news.info\\\/es\\\/los-millennials-y-la-generacion-z-mas-pesimistas-que-nunca\\\/#article\",\"isPartOf\":{\"@id\":\"https:\\\/\\\/super-news.info\\\/es\\\/los-millennials-y-la-generacion-z-mas-pesimistas-que-nunca\\\/\"},\"author\":{\"name\":\"super-news\",\"@id\":\"https:\\\/\\\/super-news.info\\\/es\\\/#\\\/schema\\\/person\\\/2d4068cb2f39cd10008c2fce578a7356\"},\"headline\":\"Los Millennials y la Generaci\u00f3n Z, m\u00e1s pesimistas que nunca\",\"datePublished\":\"2019-07-14T19:30:07+00:00\",\"dateModified\":\"2019-07-14T19:30:08+00:00\",\"mainEntityOfPage\":{\"@id\":\"https:\\\/\\\/super-news.info\\\/es\\\/los-millennials-y-la-generacion-z-mas-pesimistas-que-nunca\\\/\"},\"wordCount\":752,\"commentCount\":0,\"image\":{\"@id\":\"https:\\\/\\\/super-news.info\\\/es\\\/los-millennials-y-la-generacion-z-mas-pesimistas-que-nunca\\\/#primaryimage\"},\"thumbnailUrl\":\"https:\\\/\\\/super-news.info\\\/es\\\/wp-content\\\/uploads\\\/sites\\\/4\\\/2019\\\/07\\\/Los-Millennials-y-la-Generaci\u00f3n-Z-m\u00e1s-pesimistas-que-nunca.jpg\",\"articleSection\":[\"NOTICIAS DE MARKETING DIGITAL\"],\"inLanguage\":\"en-US\",\"potentialAction\":[{\"@type\":\"CommentAction\",\"name\":\"Comment\",\"target\":[\"https:\\\/\\\/super-news.info\\\/es\\\/los-millennials-y-la-generacion-z-mas-pesimistas-que-nunca\\\/#respond\"]}]},{\"@type\":\"WebPage\",\"@id\":\"https:\\\/\\\/super-news.info\\\/es\\\/los-millennials-y-la-generacion-z-mas-pesimistas-que-nunca\\\/\",\"url\":\"https:\\\/\\\/super-news.info\\\/es\\\/los-millennials-y-la-generacion-z-mas-pesimistas-que-nunca\\\/\",\"name\":\"Los Millennials y la Generaci\u00f3n Z, m\u00e1s pesimistas que nunca - Super News\",\"isPartOf\":{\"@id\":\"https:\\\/\\\/super-news.info\\\/es\\\/#website\"},\"primaryImageOfPage\":{\"@id\":\"https:\\\/\\\/super-news.info\\\/es\\\/los-millennials-y-la-generacion-z-mas-pesimistas-que-nunca\\\/#primaryimage\"},\"image\":{\"@id\":\"https:\\\/\\\/super-news.info\\\/es\\\/los-millennials-y-la-generacion-z-mas-pesimistas-que-nunca\\\/#primaryimage\"},\"thumbnailUrl\":\"https:\\\/\\\/super-news.info\\\/es\\\/wp-content\\\/uploads\\\/sites\\\/4\\\/2019\\\/07\\\/Los-Millennials-y-la-Generaci\u00f3n-Z-m\u00e1s-pesimistas-que-nunca.jpg\",\"datePublished\":\"2019-07-14T19:30:07+00:00\",\"dateModified\":\"2019-07-14T19:30:08+00:00\",\"author\":{\"@id\":\"https:\\\/\\\/super-news.info\\\/es\\\/#\\\/schema\\\/person\\\/2d4068cb2f39cd10008c2fce578a7356\"},\"breadcrumb\":{\"@id\":\"https:\\\/\\\/super-news.info\\\/es\\\/los-millennials-y-la-generacion-z-mas-pesimistas-que-nunca\\\/#breadcrumb\"},\"inLanguage\":\"en-US\",\"potentialAction\":[{\"@type\":\"ReadAction\",\"target\":[\"https:\\\/\\\/super-news.info\\\/es\\\/los-millennials-y-la-generacion-z-mas-pesimistas-que-nunca\\\/\"]}]},{\"@type\":\"ImageObject\",\"inLanguage\":\"en-US\",\"@id\":\"https:\\\/\\\/super-news.info\\\/es\\\/los-millennials-y-la-generacion-z-mas-pesimistas-que-nunca\\\/#primaryimage\",\"url\":\"https:\\\/\\\/super-news.info\\\/es\\\/wp-content\\\/uploads\\\/sites\\\/4\\\/2019\\\/07\\\/Los-Millennials-y-la-Generaci\u00f3n-Z-m\u00e1s-pesimistas-que-nunca.jpg\",\"contentUrl\":\"https:\\\/\\\/super-news.info\\\/es\\\/wp-content\\\/uploads\\\/sites\\\/4\\\/2019\\\/07\\\/Los-Millennials-y-la-Generaci\u00f3n-Z-m\u00e1s-pesimistas-que-nunca.jpg\",\"width\":626,\"height\":364,\"caption\":\"generacion-z-millennials\"},{\"@type\":\"BreadcrumbList\",\"@id\":\"https:\\\/\\\/super-news.info\\\/es\\\/los-millennials-y-la-generacion-z-mas-pesimistas-que-nunca\\\/#breadcrumb\",\"itemListElement\":[{\"@type\":\"ListItem\",\"position\":1,\"name\":\"\u0413\u043b\u0430\u0432\u043d\u0430\u044f \u0441\u0442\u0440\u0430\u043d\u0438\u0446\u0430\",\"item\":\"https:\\\/\\\/super-news.info\\\/es\\\/\"},{\"@type\":\"ListItem\",\"position\":2,\"name\":\"Los Millennials y la Generaci\u00f3n Z, m\u00e1s pesimistas que nunca\"}]},{\"@type\":\"WebSite\",\"@id\":\"https:\\\/\\\/super-news.info\\\/es\\\/#website\",\"url\":\"https:\\\/\\\/super-news.info\\\/es\\\/\",\"name\":\"Super News\",\"description\":\"Super News Espa\u00f1a\",\"potentialAction\":[{\"@type\":\"SearchAction\",\"target\":{\"@type\":\"EntryPoint\",\"urlTemplate\":\"https:\\\/\\\/super-news.info\\\/es\\\/?s={search_term_string}\"},\"query-input\":{\"@type\":\"PropertyValueSpecification\",\"valueRequired\":true,\"valueName\":\"search_term_string\"}}],\"inLanguage\":\"en-US\"},{\"@type\":\"Person\",\"@id\":\"https:\\\/\\\/super-news.info\\\/es\\\/#\\\/schema\\\/person\\\/2d4068cb2f39cd10008c2fce578a7356\",\"name\":\"super-news\",\"image\":{\"@type\":\"ImageObject\",\"inLanguage\":\"en-US\",\"@id\":\"https:\\\/\\\/secure.gravatar.com\\\/avatar\\\/64ebac40b93f26a154f8a9b5b6fdccfc46f442b26b3dd6756dbff3bf9dc76fd7?s=96&d=mm&r=g\",\"url\":\"https:\\\/\\\/secure.gravatar.com\\\/avatar\\\/64ebac40b93f26a154f8a9b5b6fdccfc46f442b26b3dd6756dbff3bf9dc76fd7?s=96&d=mm&r=g\",\"contentUrl\":\"https:\\\/\\\/secure.gravatar.com\\\/avatar\\\/64ebac40b93f26a154f8a9b5b6fdccfc46f442b26b3dd6756dbff3bf9dc76fd7?s=96&d=mm&r=g\",\"caption\":\"super-news\"},\"url\":\"https:\\\/\\\/super-news.info\\\/es\\\/author\\\/pt\\\/\"}]}<\/script>\n<!-- \/ Yoast SEO plugin. -->","yoast_head_json":{"title":"Los Millennials y la Generaci\u00f3n Z, m\u00e1s pesimistas que nunca - Super News","robots":{"index":"index","follow":"follow","max-snippet":"max-snippet:-1","max-image-preview":"max-image-preview:large","max-video-preview":"max-video-preview:-1"},"canonical":"https:\/\/super-news.info\/es\/los-millennials-y-la-generacion-z-mas-pesimistas-que-nunca\/","og_locale":"en_US","og_type":"article","og_title":"Los Millennials y la Generaci\u00f3n Z, m\u00e1s pesimistas que nunca - Super News","og_description":"[ad_1] Solo alrededor del 30% de los Millennials alemanes est\u00e1n satisfechos con sus actuales condiciones de vida, seg\u00fan un reciente estudio de Deloitte. Los informes diarios de crecimiento econ\u00f3mico constante y desempleo en m\u00ednimos hist\u00f3ricos no consiguen disipar el escepticismo de las generaciones m\u00e1s j\u00f3venes. Los llamados Millennials (nacidos entre 1983 y 1994), as\u00ed como [&hellip;]","og_url":"https:\/\/super-news.info\/es\/los-millennials-y-la-generacion-z-mas-pesimistas-que-nunca\/","og_site_name":"Super News","article_published_time":"2019-07-14T19:30:07+00:00","article_modified_time":"2019-07-14T19:30:08+00:00","og_image":[{"width":626,"height":364,"url":"https:\/\/super-news.info\/es\/wp-content\/uploads\/sites\/4\/2019\/07\/Los-Millennials-y-la-Generaci\u00f3n-Z-m\u00e1s-pesimistas-que-nunca.jpg","type":"image\/jpeg"}],"author":"super-news","twitter_card":"summary_large_image","twitter_misc":{"Written by":"super-news","Est. reading time":"4 minutes"},"schema":{"@context":"https:\/\/schema.org","@graph":[{"@type":"Article","@id":"https:\/\/super-news.info\/es\/los-millennials-y-la-generacion-z-mas-pesimistas-que-nunca\/#article","isPartOf":{"@id":"https:\/\/super-news.info\/es\/los-millennials-y-la-generacion-z-mas-pesimistas-que-nunca\/"},"author":{"name":"super-news","@id":"https:\/\/super-news.info\/es\/#\/schema\/person\/2d4068cb2f39cd10008c2fce578a7356"},"headline":"Los Millennials y la Generaci\u00f3n Z, m\u00e1s pesimistas que nunca","datePublished":"2019-07-14T19:30:07+00:00","dateModified":"2019-07-14T19:30:08+00:00","mainEntityOfPage":{"@id":"https:\/\/super-news.info\/es\/los-millennials-y-la-generacion-z-mas-pesimistas-que-nunca\/"},"wordCount":752,"commentCount":0,"image":{"@id":"https:\/\/super-news.info\/es\/los-millennials-y-la-generacion-z-mas-pesimistas-que-nunca\/#primaryimage"},"thumbnailUrl":"https:\/\/super-news.info\/es\/wp-content\/uploads\/sites\/4\/2019\/07\/Los-Millennials-y-la-Generaci\u00f3n-Z-m\u00e1s-pesimistas-que-nunca.jpg","articleSection":["NOTICIAS DE MARKETING DIGITAL"],"inLanguage":"en-US","potentialAction":[{"@type":"CommentAction","name":"Comment","target":["https:\/\/super-news.info\/es\/los-millennials-y-la-generacion-z-mas-pesimistas-que-nunca\/#respond"]}]},{"@type":"WebPage","@id":"https:\/\/super-news.info\/es\/los-millennials-y-la-generacion-z-mas-pesimistas-que-nunca\/","url":"https:\/\/super-news.info\/es\/los-millennials-y-la-generacion-z-mas-pesimistas-que-nunca\/","name":"Los Millennials y la Generaci\u00f3n Z, m\u00e1s pesimistas que nunca - Super News","isPartOf":{"@id":"https:\/\/super-news.info\/es\/#website"},"primaryImageOfPage":{"@id":"https:\/\/super-news.info\/es\/los-millennials-y-la-generacion-z-mas-pesimistas-que-nunca\/#primaryimage"},"image":{"@id":"https:\/\/super-news.info\/es\/los-millennials-y-la-generacion-z-mas-pesimistas-que-nunca\/#primaryimage"},"thumbnailUrl":"https:\/\/super-news.info\/es\/wp-content\/uploads\/sites\/4\/2019\/07\/Los-Millennials-y-la-Generaci\u00f3n-Z-m\u00e1s-pesimistas-que-nunca.jpg","datePublished":"2019-07-14T19:30:07+00:00","dateModified":"2019-07-14T19:30:08+00:00","author":{"@id":"https:\/\/super-news.info\/es\/#\/schema\/person\/2d4068cb2f39cd10008c2fce578a7356"},"breadcrumb":{"@id":"https:\/\/super-news.info\/es\/los-millennials-y-la-generacion-z-mas-pesimistas-que-nunca\/#breadcrumb"},"inLanguage":"en-US","potentialAction":[{"@type":"ReadAction","target":["https:\/\/super-news.info\/es\/los-millennials-y-la-generacion-z-mas-pesimistas-que-nunca\/"]}]},{"@type":"ImageObject","inLanguage":"en-US","@id":"https:\/\/super-news.info\/es\/los-millennials-y-la-generacion-z-mas-pesimistas-que-nunca\/#primaryimage","url":"https:\/\/super-news.info\/es\/wp-content\/uploads\/sites\/4\/2019\/07\/Los-Millennials-y-la-Generaci\u00f3n-Z-m\u00e1s-pesimistas-que-nunca.jpg","contentUrl":"https:\/\/super-news.info\/es\/wp-content\/uploads\/sites\/4\/2019\/07\/Los-Millennials-y-la-Generaci\u00f3n-Z-m\u00e1s-pesimistas-que-nunca.jpg","width":626,"height":364,"caption":"generacion-z-millennials"},{"@type":"BreadcrumbList","@id":"https:\/\/super-news.info\/es\/los-millennials-y-la-generacion-z-mas-pesimistas-que-nunca\/#breadcrumb","itemListElement":[{"@type":"ListItem","position":1,"name":"\u0413\u043b\u0430\u0432\u043d\u0430\u044f \u0441\u0442\u0440\u0430\u043d\u0438\u0446\u0430","item":"https:\/\/super-news.info\/es\/"},{"@type":"ListItem","position":2,"name":"Los Millennials y la Generaci\u00f3n Z, m\u00e1s pesimistas que nunca"}]},{"@type":"WebSite","@id":"https:\/\/super-news.info\/es\/#website","url":"https:\/\/super-news.info\/es\/","name":"Super News","description":"Super News Espa\u00f1a","potentialAction":[{"@type":"SearchAction","target":{"@type":"EntryPoint","urlTemplate":"https:\/\/super-news.info\/es\/?s={search_term_string}"},"query-input":{"@type":"PropertyValueSpecification","valueRequired":true,"valueName":"search_term_string"}}],"inLanguage":"en-US"},{"@type":"Person","@id":"https:\/\/super-news.info\/es\/#\/schema\/person\/2d4068cb2f39cd10008c2fce578a7356","name":"super-news","image":{"@type":"ImageObject","inLanguage":"en-US","@id":"https:\/\/secure.gravatar.com\/avatar\/64ebac40b93f26a154f8a9b5b6fdccfc46f442b26b3dd6756dbff3bf9dc76fd7?s=96&d=mm&r=g","url":"https:\/\/secure.gravatar.com\/avatar\/64ebac40b93f26a154f8a9b5b6fdccfc46f442b26b3dd6756dbff3bf9dc76fd7?s=96&d=mm&r=g","contentUrl":"https:\/\/secure.gravatar.com\/avatar\/64ebac40b93f26a154f8a9b5b6fdccfc46f442b26b3dd6756dbff3bf9dc76fd7?s=96&d=mm&r=g","caption":"super-news"},"url":"https:\/\/super-news.info\/es\/author\/pt\/"}]}},"_links":{"self":[{"href":"https:\/\/super-news.info\/es\/wp-json\/wp\/v2\/posts\/6318","targetHints":{"allow":["GET"]}}],"collection":[{"href":"https:\/\/super-news.info\/es\/wp-json\/wp\/v2\/posts"}],"about":[{"href":"https:\/\/super-news.info\/es\/wp-json\/wp\/v2\/types\/post"}],"author":[{"embeddable":true,"href":"https:\/\/super-news.info\/es\/wp-json\/wp\/v2\/users\/2"}],"replies":[{"embeddable":true,"href":"https:\/\/super-news.info\/es\/wp-json\/wp\/v2\/comments?post=6318"}],"version-history":[{"count":1,"href":"https:\/\/super-news.info\/es\/wp-json\/wp\/v2\/posts\/6318\/revisions"}],"predecessor-version":[{"id":6320,"href":"https:\/\/super-news.info\/es\/wp-json\/wp\/v2\/posts\/6318\/revisions\/6320"}],"wp:featuredmedia":[{"embeddable":true,"href":"https:\/\/super-news.info\/es\/wp-json\/wp\/v2\/media\/6319"}],"wp:attachment":[{"href":"https:\/\/super-news.info\/es\/wp-json\/wp\/v2\/media?parent=6318"}],"wp:term":[{"taxonomy":"category","embeddable":true,"href":"https:\/\/super-news.info\/es\/wp-json\/wp\/v2\/categories?post=6318"},{"taxonomy":"post_tag","embeddable":true,"href":"https:\/\/super-news.info\/es\/wp-json\/wp\/v2\/tags?post=6318"}],"curies":[{"name":"wp","href":"https:\/\/api.w.org\/{rel}","templated":true}]}}