{"id":6306,"date":"2019-07-14T16:32:17","date_gmt":"2019-07-14T13:32:17","guid":{"rendered":"https:\/\/super-news.info\/es\/el-verano-es-la-epoca-ideal-para-la-inversion-publicitaria-en-redes-sociales-de-las-marcas\/"},"modified":"2019-07-14T16:32:18","modified_gmt":"2019-07-14T13:32:18","slug":"el-verano-es-la-epoca-ideal-para-la-inversion-publicitaria-en-redes-sociales-de-las-marcas","status":"publish","type":"post","link":"https:\/\/super-news.info\/es\/el-verano-es-la-epoca-ideal-para-la-inversion-publicitaria-en-redes-sociales-de-las-marcas\/","title":{"rendered":"El verano es la \u00e9poca ideal para la inversi\u00f3n publicitaria en redes sociales de las marcas"},"content":{"rendered":"<p> [ad_1]<br \/>\n<\/p>\n<div id=\"textoNoticia\">\n<p class=\"excerpt-single\">Aprovechando el buen tiempo, las rebajas y el tiempo libre los internautas aumentan su presencia en la web, por lo que el verano es el momento id\u00f3neo para las marcas para invertir en publicidad<\/p>\n<\/p>\n<p>Cuanto m\u00e1s <strong>tiempo libre<\/strong> tenemos, m\u00e1s tiempo pasamos conectados a <strong>Internet<\/strong>. Esto implica tambi\u00e9n mayores posibilidades para las <strong>empresas<\/strong> de obtener un aumento en sus <strong>ventas<\/strong>. Por tanto, el <strong>periodo<\/strong> <strong>estival<\/strong> es el id\u00f3neo para las marcas a la hora de <strong>optimizar<\/strong> la inversi\u00f3n digital.<\/p>\n<p><strong>Madzuli Agency<\/strong> aconseja redistribuir la inversi\u00f3n en campa\u00f1as en redes y destinar hasta un <strong>20%<\/strong> m\u00e1s del presupuesto habitual durante el verano. La agencia belga de marketing digital asegura que la tendencia veraniega es clara.<\/p>\n<p>De esta forma, las campa\u00f1as publicitarias buscan aprovechar el mayor tiempo libre de los usuarios y aumentan un <strong>40%<\/strong> en este intervalo para optimizar el <strong>ROI<\/strong>. Los precios son <strong>m\u00e1s altos<\/strong> en verano, pero tambi\u00e9n lo es el posible alcance al <strong>target<\/strong> ya que es el <strong>momento id\u00f3neo<\/strong> para recibir el impacto si tenemos en cuenta la gran influencia de Internet en nuestro d\u00eda a d\u00eda.<\/p>\n<p><img loading=\"lazy\" decoding=\"async\" class=\"aligncenter size-full wp-image-496861\" src=\"https:\/\/super-news.info\/es\/wp-content\/uploads\/sites\/4\/2019\/07\/1563111137_646_El-verano-es-la-epoca-ideal-para-la-inversion-publicitaria.jpg\" alt=\"publicidad-verano-redes\" width=\"626\" height=\"626\"\/><\/p>\n<p>De hecho, seg\u00fan el Informe Digital 2019, ya hay <strong>4.400 millones de usuarios<\/strong> de Internet a nivel mundial, y un <strong>57%<\/strong> de la poblaci\u00f3n mundial posee un <strong>tel\u00e9fono m\u00f3vil<\/strong>. La influencia de las redes sociales es cada d\u00eda mayor, y cada d\u00eda se expande con mayor velocidad y facilidad. Esto explica que un <strong>60%<\/strong> del total de los usuarios de Internet espa\u00f1oles sean <strong>usuarios activos<\/strong> en redes sociales, cuando el <strong>93%<\/strong> de la poblaci\u00f3n espa\u00f1ola se conecta a la web.<\/p>\n<p>Con estos datos en la mano, no es de extra\u00f1ar que la media sea de <strong>5 horas de navegaci\u00f3n web<\/strong>. Adem\u00e1s, el <strong>72%<\/strong> de los espa\u00f1oles ha comprado alg\u00fan producto o contratado alg\u00fan servicio online en el <strong>\u00faltimo mes<\/strong>. El gasto en este sentido se dedica mayormente a las categor\u00edas de <strong>electr\u00f3nica<\/strong> y <strong>moda<\/strong> y <strong>belleza<\/strong>. Las rebajas y el mayor tiempo libre y de ocio disparan el consumo en verano.<\/p>\n<p><img loading=\"lazy\" decoding=\"async\" class=\"aligncenter size-full wp-image-496860\" src=\"https:\/\/super-news.info\/es\/wp-content\/uploads\/sites\/4\/2019\/07\/1563111137_714_El-verano-es-la-epoca-ideal-para-la-inversion-publicitaria.jpg\" alt=\"publicidad-verano-redes\" width=\"626\" height=\"476\"\/><\/p>\n<p>Para explotar al m\u00e1ximo las posibilidades de esta \u00e9poca, hay que <strong>adaptar la estrategia<\/strong> digital de venta en redes. Es fundamental, por tanto, adaptar los horarios a <strong>tiempos m\u00e1s tard\u00edos<\/strong> de conexi\u00f3n y <strong>amenizar y distender<\/strong> tanto el tono como la imagen para hacerlos m\u00e1s <strong>atrayentes<\/strong> y <strong>apetecibles<\/strong>. Entre las redes sociales, tanto <strong>LinkedIn<\/strong> como <strong>Twitter<\/strong> bajan en mayor o menor medida su nivel de actividad, mientras <strong>Facebook<\/strong> e <strong>Instagram<\/strong> ven disparado su uso.<\/p>\n<p><em>\u201cEl verano es la \u00e9poca perfecta para no solo aumentar las ventas a trav\u00e9s de campa\u00f1as espec\u00edficas sino tambi\u00e9n de posicionar marcas, mejorar el branding a trav\u00e9s de una estrategia digital fuerte\u201d <\/em>se\u00f1ala <strong>Kevin Geets<\/strong>, CEO de Madzuli Agency. <em>\u201cNo es momento de que las marcas cierren por vacaciones, sino todo lo contrario, de tomar estos meses como su temporada m\u00e1s alta de trabajo y de posibilidades\u201d <\/em>concluye.<\/p>\n<p class=\"link-telegram\">\n\t\t\t\t\t\t\t\t\t\t\tNo te pierdas nada de MarketingDirecto.com y \u00fanete a nuestro Telegram t.me\/MarketingDirecto\n\t\t\t\t\t\t\t\t\t\t<\/p>\n<\/p><\/div>\n<p><script>(function(d, s, id) {\n  var js, fjs = d.getElementsByTagName(s)[0];\n  if (d.getElementById(id)) return;\n  js = d.createElement(s); js.id = id;\n  js.src = \"http:\/\/connect.facebook.net\/es_LA\/sdk.js#xfbml=1&appId=408746052611679&version=v2.3\";\n  fjs.parentNode.insertBefore(js, fjs);\n}(document, 'script', 'facebook-jssdk'));<\/script><br \/>\n<br \/>[ad_2]<br \/>\n<br \/><a href=\"https:\/\/www.marketingdirecto.com\/digital-general\/social-media-marketing\/el-verano-es-la-epoca-ideal-para-la-inversion-publicitaria-en-redes-sociales-de-las-marcas\">Source link <\/a><\/p>\n","protected":false},"excerpt":{"rendered":"<p>[ad_1] Aprovechando el buen tiempo, las rebajas y el tiempo libre los internautas aumentan su presencia en la web, por lo que el verano es el momento id\u00f3neo para las marcas para invertir en publicidad Cuanto m\u00e1s tiempo libre tenemos, m\u00e1s tiempo pasamos conectados a Internet. Esto implica tambi\u00e9n mayores posibilidades para las empresas de [&hellip;]<\/p>\n","protected":false},"author":2,"featured_media":6307,"comment_status":"open","ping_status":"open","sticky":false,"template":"","format":"standard","meta":{"footnotes":""},"categories":[2],"tags":[],"class_list":["post-6306","post","type-post","status-publish","format-standard","has-post-thumbnail","hentry","category-noticias-de-marketing-digital"],"yoast_head":"<!-- This site is optimized with the Yoast SEO plugin v27.4 - https:\/\/yoast.com\/product\/yoast-seo-wordpress\/ -->\n<title>El verano es la \u00e9poca ideal para la inversi\u00f3n publicitaria en redes sociales de las marcas - Super News<\/title>\n<meta name=\"robots\" content=\"index, follow, max-snippet:-1, max-image-preview:large, max-video-preview:-1\" \/>\n<link rel=\"canonical\" href=\"https:\/\/super-news.info\/es\/el-verano-es-la-epoca-ideal-para-la-inversion-publicitaria-en-redes-sociales-de-las-marcas\/\" \/>\n<meta property=\"og:locale\" content=\"en_US\" \/>\n<meta property=\"og:type\" content=\"article\" \/>\n<meta property=\"og:title\" content=\"El verano es la \u00e9poca ideal para la inversi\u00f3n publicitaria en redes sociales de las marcas - Super News\" \/>\n<meta property=\"og:description\" content=\"[ad_1] Aprovechando el buen tiempo, las rebajas y el tiempo libre los internautas aumentan su presencia en la web, por lo que el verano es el momento id\u00f3neo para las marcas para invertir en publicidad Cuanto m\u00e1s tiempo libre tenemos, m\u00e1s tiempo pasamos conectados a Internet. Esto implica tambi\u00e9n mayores posibilidades para las empresas de [&hellip;]\" \/>\n<meta property=\"og:url\" content=\"https:\/\/super-news.info\/es\/el-verano-es-la-epoca-ideal-para-la-inversion-publicitaria-en-redes-sociales-de-las-marcas\/\" \/>\n<meta property=\"og:site_name\" content=\"Super News\" \/>\n<meta property=\"article:published_time\" content=\"2019-07-14T13:32:17+00:00\" \/>\n<meta property=\"article:modified_time\" content=\"2019-07-14T13:32:18+00:00\" \/>\n<meta property=\"og:image\" content=\"https:\/\/super-news.info\/es\/wp-content\/uploads\/sites\/4\/2019\/07\/El-verano-es-la-\u00e9poca-ideal-para-la-inversi\u00f3n-publicitaria.jpg\" \/>\n\t<meta property=\"og:image:width\" content=\"626\" \/>\n\t<meta property=\"og:image:height\" content=\"364\" \/>\n\t<meta property=\"og:image:type\" content=\"image\/jpeg\" \/>\n<meta name=\"author\" content=\"super-news\" \/>\n<meta name=\"twitter:card\" content=\"summary_large_image\" \/>\n<meta name=\"twitter:label1\" content=\"Written by\" \/>\n\t<meta name=\"twitter:data1\" content=\"super-news\" \/>\n\t<meta name=\"twitter:label2\" content=\"Est. reading time\" \/>\n\t<meta name=\"twitter:data2\" content=\"3 minutes\" \/>\n<script type=\"application\/ld+json\" class=\"yoast-schema-graph\">{\"@context\":\"https:\\\/\\\/schema.org\",\"@graph\":[{\"@type\":\"Article\",\"@id\":\"https:\\\/\\\/super-news.info\\\/es\\\/el-verano-es-la-epoca-ideal-para-la-inversion-publicitaria-en-redes-sociales-de-las-marcas\\\/#article\",\"isPartOf\":{\"@id\":\"https:\\\/\\\/super-news.info\\\/es\\\/el-verano-es-la-epoca-ideal-para-la-inversion-publicitaria-en-redes-sociales-de-las-marcas\\\/\"},\"author\":{\"name\":\"super-news\",\"@id\":\"https:\\\/\\\/super-news.info\\\/es\\\/#\\\/schema\\\/person\\\/2d4068cb2f39cd10008c2fce578a7356\"},\"headline\":\"El verano es la \u00e9poca ideal para la inversi\u00f3n publicitaria en redes sociales de las marcas\",\"datePublished\":\"2019-07-14T13:32:17+00:00\",\"dateModified\":\"2019-07-14T13:32:18+00:00\",\"mainEntityOfPage\":{\"@id\":\"https:\\\/\\\/super-news.info\\\/es\\\/el-verano-es-la-epoca-ideal-para-la-inversion-publicitaria-en-redes-sociales-de-las-marcas\\\/\"},\"wordCount\":544,\"commentCount\":0,\"image\":{\"@id\":\"https:\\\/\\\/super-news.info\\\/es\\\/el-verano-es-la-epoca-ideal-para-la-inversion-publicitaria-en-redes-sociales-de-las-marcas\\\/#primaryimage\"},\"thumbnailUrl\":\"https:\\\/\\\/super-news.info\\\/es\\\/wp-content\\\/uploads\\\/sites\\\/4\\\/2019\\\/07\\\/El-verano-es-la-\u00e9poca-ideal-para-la-inversi\u00f3n-publicitaria.jpg\",\"articleSection\":[\"NOTICIAS DE MARKETING DIGITAL\"],\"inLanguage\":\"en-US\",\"potentialAction\":[{\"@type\":\"CommentAction\",\"name\":\"Comment\",\"target\":[\"https:\\\/\\\/super-news.info\\\/es\\\/el-verano-es-la-epoca-ideal-para-la-inversion-publicitaria-en-redes-sociales-de-las-marcas\\\/#respond\"]}]},{\"@type\":\"WebPage\",\"@id\":\"https:\\\/\\\/super-news.info\\\/es\\\/el-verano-es-la-epoca-ideal-para-la-inversion-publicitaria-en-redes-sociales-de-las-marcas\\\/\",\"url\":\"https:\\\/\\\/super-news.info\\\/es\\\/el-verano-es-la-epoca-ideal-para-la-inversion-publicitaria-en-redes-sociales-de-las-marcas\\\/\",\"name\":\"El verano es la \u00e9poca ideal para la inversi\u00f3n publicitaria en redes sociales de las marcas - Super News\",\"isPartOf\":{\"@id\":\"https:\\\/\\\/super-news.info\\\/es\\\/#website\"},\"primaryImageOfPage\":{\"@id\":\"https:\\\/\\\/super-news.info\\\/es\\\/el-verano-es-la-epoca-ideal-para-la-inversion-publicitaria-en-redes-sociales-de-las-marcas\\\/#primaryimage\"},\"image\":{\"@id\":\"https:\\\/\\\/super-news.info\\\/es\\\/el-verano-es-la-epoca-ideal-para-la-inversion-publicitaria-en-redes-sociales-de-las-marcas\\\/#primaryimage\"},\"thumbnailUrl\":\"https:\\\/\\\/super-news.info\\\/es\\\/wp-content\\\/uploads\\\/sites\\\/4\\\/2019\\\/07\\\/El-verano-es-la-\u00e9poca-ideal-para-la-inversi\u00f3n-publicitaria.jpg\",\"datePublished\":\"2019-07-14T13:32:17+00:00\",\"dateModified\":\"2019-07-14T13:32:18+00:00\",\"author\":{\"@id\":\"https:\\\/\\\/super-news.info\\\/es\\\/#\\\/schema\\\/person\\\/2d4068cb2f39cd10008c2fce578a7356\"},\"breadcrumb\":{\"@id\":\"https:\\\/\\\/super-news.info\\\/es\\\/el-verano-es-la-epoca-ideal-para-la-inversion-publicitaria-en-redes-sociales-de-las-marcas\\\/#breadcrumb\"},\"inLanguage\":\"en-US\",\"potentialAction\":[{\"@type\":\"ReadAction\",\"target\":[\"https:\\\/\\\/super-news.info\\\/es\\\/el-verano-es-la-epoca-ideal-para-la-inversion-publicitaria-en-redes-sociales-de-las-marcas\\\/\"]}]},{\"@type\":\"ImageObject\",\"inLanguage\":\"en-US\",\"@id\":\"https:\\\/\\\/super-news.info\\\/es\\\/el-verano-es-la-epoca-ideal-para-la-inversion-publicitaria-en-redes-sociales-de-las-marcas\\\/#primaryimage\",\"url\":\"https:\\\/\\\/super-news.info\\\/es\\\/wp-content\\\/uploads\\\/sites\\\/4\\\/2019\\\/07\\\/El-verano-es-la-\u00e9poca-ideal-para-la-inversi\u00f3n-publicitaria.jpg\",\"contentUrl\":\"https:\\\/\\\/super-news.info\\\/es\\\/wp-content\\\/uploads\\\/sites\\\/4\\\/2019\\\/07\\\/El-verano-es-la-\u00e9poca-ideal-para-la-inversi\u00f3n-publicitaria.jpg\",\"width\":626,\"height\":364,\"caption\":\"publicidad-verano-redes\"},{\"@type\":\"BreadcrumbList\",\"@id\":\"https:\\\/\\\/super-news.info\\\/es\\\/el-verano-es-la-epoca-ideal-para-la-inversion-publicitaria-en-redes-sociales-de-las-marcas\\\/#breadcrumb\",\"itemListElement\":[{\"@type\":\"ListItem\",\"position\":1,\"name\":\"\u0413\u043b\u0430\u0432\u043d\u0430\u044f \u0441\u0442\u0440\u0430\u043d\u0438\u0446\u0430\",\"item\":\"https:\\\/\\\/super-news.info\\\/es\\\/\"},{\"@type\":\"ListItem\",\"position\":2,\"name\":\"El verano es la \u00e9poca ideal para la inversi\u00f3n publicitaria en redes sociales de las marcas\"}]},{\"@type\":\"WebSite\",\"@id\":\"https:\\\/\\\/super-news.info\\\/es\\\/#website\",\"url\":\"https:\\\/\\\/super-news.info\\\/es\\\/\",\"name\":\"Super News\",\"description\":\"Super News Espa\u00f1a\",\"potentialAction\":[{\"@type\":\"SearchAction\",\"target\":{\"@type\":\"EntryPoint\",\"urlTemplate\":\"https:\\\/\\\/super-news.info\\\/es\\\/?s={search_term_string}\"},\"query-input\":{\"@type\":\"PropertyValueSpecification\",\"valueRequired\":true,\"valueName\":\"search_term_string\"}}],\"inLanguage\":\"en-US\"},{\"@type\":\"Person\",\"@id\":\"https:\\\/\\\/super-news.info\\\/es\\\/#\\\/schema\\\/person\\\/2d4068cb2f39cd10008c2fce578a7356\",\"name\":\"super-news\",\"image\":{\"@type\":\"ImageObject\",\"inLanguage\":\"en-US\",\"@id\":\"https:\\\/\\\/secure.gravatar.com\\\/avatar\\\/64ebac40b93f26a154f8a9b5b6fdccfc46f442b26b3dd6756dbff3bf9dc76fd7?s=96&d=mm&r=g\",\"url\":\"https:\\\/\\\/secure.gravatar.com\\\/avatar\\\/64ebac40b93f26a154f8a9b5b6fdccfc46f442b26b3dd6756dbff3bf9dc76fd7?s=96&d=mm&r=g\",\"contentUrl\":\"https:\\\/\\\/secure.gravatar.com\\\/avatar\\\/64ebac40b93f26a154f8a9b5b6fdccfc46f442b26b3dd6756dbff3bf9dc76fd7?s=96&d=mm&r=g\",\"caption\":\"super-news\"},\"url\":\"https:\\\/\\\/super-news.info\\\/es\\\/author\\\/pt\\\/\"}]}<\/script>\n<!-- \/ Yoast SEO plugin. -->","yoast_head_json":{"title":"El verano es la \u00e9poca ideal para la inversi\u00f3n publicitaria en redes sociales de las marcas - Super News","robots":{"index":"index","follow":"follow","max-snippet":"max-snippet:-1","max-image-preview":"max-image-preview:large","max-video-preview":"max-video-preview:-1"},"canonical":"https:\/\/super-news.info\/es\/el-verano-es-la-epoca-ideal-para-la-inversion-publicitaria-en-redes-sociales-de-las-marcas\/","og_locale":"en_US","og_type":"article","og_title":"El verano es la \u00e9poca ideal para la inversi\u00f3n publicitaria en redes sociales de las marcas - Super News","og_description":"[ad_1] Aprovechando el buen tiempo, las rebajas y el tiempo libre los internautas aumentan su presencia en la web, por lo que el verano es el momento id\u00f3neo para las marcas para invertir en publicidad Cuanto m\u00e1s tiempo libre tenemos, m\u00e1s tiempo pasamos conectados a Internet. Esto implica tambi\u00e9n mayores posibilidades para las empresas de [&hellip;]","og_url":"https:\/\/super-news.info\/es\/el-verano-es-la-epoca-ideal-para-la-inversion-publicitaria-en-redes-sociales-de-las-marcas\/","og_site_name":"Super News","article_published_time":"2019-07-14T13:32:17+00:00","article_modified_time":"2019-07-14T13:32:18+00:00","og_image":[{"width":626,"height":364,"url":"https:\/\/super-news.info\/es\/wp-content\/uploads\/sites\/4\/2019\/07\/El-verano-es-la-\u00e9poca-ideal-para-la-inversi\u00f3n-publicitaria.jpg","type":"image\/jpeg"}],"author":"super-news","twitter_card":"summary_large_image","twitter_misc":{"Written by":"super-news","Est. reading time":"3 minutes"},"schema":{"@context":"https:\/\/schema.org","@graph":[{"@type":"Article","@id":"https:\/\/super-news.info\/es\/el-verano-es-la-epoca-ideal-para-la-inversion-publicitaria-en-redes-sociales-de-las-marcas\/#article","isPartOf":{"@id":"https:\/\/super-news.info\/es\/el-verano-es-la-epoca-ideal-para-la-inversion-publicitaria-en-redes-sociales-de-las-marcas\/"},"author":{"name":"super-news","@id":"https:\/\/super-news.info\/es\/#\/schema\/person\/2d4068cb2f39cd10008c2fce578a7356"},"headline":"El verano es la \u00e9poca ideal para la inversi\u00f3n publicitaria en redes sociales de las marcas","datePublished":"2019-07-14T13:32:17+00:00","dateModified":"2019-07-14T13:32:18+00:00","mainEntityOfPage":{"@id":"https:\/\/super-news.info\/es\/el-verano-es-la-epoca-ideal-para-la-inversion-publicitaria-en-redes-sociales-de-las-marcas\/"},"wordCount":544,"commentCount":0,"image":{"@id":"https:\/\/super-news.info\/es\/el-verano-es-la-epoca-ideal-para-la-inversion-publicitaria-en-redes-sociales-de-las-marcas\/#primaryimage"},"thumbnailUrl":"https:\/\/super-news.info\/es\/wp-content\/uploads\/sites\/4\/2019\/07\/El-verano-es-la-\u00e9poca-ideal-para-la-inversi\u00f3n-publicitaria.jpg","articleSection":["NOTICIAS DE MARKETING DIGITAL"],"inLanguage":"en-US","potentialAction":[{"@type":"CommentAction","name":"Comment","target":["https:\/\/super-news.info\/es\/el-verano-es-la-epoca-ideal-para-la-inversion-publicitaria-en-redes-sociales-de-las-marcas\/#respond"]}]},{"@type":"WebPage","@id":"https:\/\/super-news.info\/es\/el-verano-es-la-epoca-ideal-para-la-inversion-publicitaria-en-redes-sociales-de-las-marcas\/","url":"https:\/\/super-news.info\/es\/el-verano-es-la-epoca-ideal-para-la-inversion-publicitaria-en-redes-sociales-de-las-marcas\/","name":"El verano es la \u00e9poca ideal para la inversi\u00f3n publicitaria en redes sociales de las marcas - Super News","isPartOf":{"@id":"https:\/\/super-news.info\/es\/#website"},"primaryImageOfPage":{"@id":"https:\/\/super-news.info\/es\/el-verano-es-la-epoca-ideal-para-la-inversion-publicitaria-en-redes-sociales-de-las-marcas\/#primaryimage"},"image":{"@id":"https:\/\/super-news.info\/es\/el-verano-es-la-epoca-ideal-para-la-inversion-publicitaria-en-redes-sociales-de-las-marcas\/#primaryimage"},"thumbnailUrl":"https:\/\/super-news.info\/es\/wp-content\/uploads\/sites\/4\/2019\/07\/El-verano-es-la-\u00e9poca-ideal-para-la-inversi\u00f3n-publicitaria.jpg","datePublished":"2019-07-14T13:32:17+00:00","dateModified":"2019-07-14T13:32:18+00:00","author":{"@id":"https:\/\/super-news.info\/es\/#\/schema\/person\/2d4068cb2f39cd10008c2fce578a7356"},"breadcrumb":{"@id":"https:\/\/super-news.info\/es\/el-verano-es-la-epoca-ideal-para-la-inversion-publicitaria-en-redes-sociales-de-las-marcas\/#breadcrumb"},"inLanguage":"en-US","potentialAction":[{"@type":"ReadAction","target":["https:\/\/super-news.info\/es\/el-verano-es-la-epoca-ideal-para-la-inversion-publicitaria-en-redes-sociales-de-las-marcas\/"]}]},{"@type":"ImageObject","inLanguage":"en-US","@id":"https:\/\/super-news.info\/es\/el-verano-es-la-epoca-ideal-para-la-inversion-publicitaria-en-redes-sociales-de-las-marcas\/#primaryimage","url":"https:\/\/super-news.info\/es\/wp-content\/uploads\/sites\/4\/2019\/07\/El-verano-es-la-\u00e9poca-ideal-para-la-inversi\u00f3n-publicitaria.jpg","contentUrl":"https:\/\/super-news.info\/es\/wp-content\/uploads\/sites\/4\/2019\/07\/El-verano-es-la-\u00e9poca-ideal-para-la-inversi\u00f3n-publicitaria.jpg","width":626,"height":364,"caption":"publicidad-verano-redes"},{"@type":"BreadcrumbList","@id":"https:\/\/super-news.info\/es\/el-verano-es-la-epoca-ideal-para-la-inversion-publicitaria-en-redes-sociales-de-las-marcas\/#breadcrumb","itemListElement":[{"@type":"ListItem","position":1,"name":"\u0413\u043b\u0430\u0432\u043d\u0430\u044f \u0441\u0442\u0440\u0430\u043d\u0438\u0446\u0430","item":"https:\/\/super-news.info\/es\/"},{"@type":"ListItem","position":2,"name":"El verano es la \u00e9poca ideal para la inversi\u00f3n publicitaria en redes sociales de las marcas"}]},{"@type":"WebSite","@id":"https:\/\/super-news.info\/es\/#website","url":"https:\/\/super-news.info\/es\/","name":"Super News","description":"Super News Espa\u00f1a","potentialAction":[{"@type":"SearchAction","target":{"@type":"EntryPoint","urlTemplate":"https:\/\/super-news.info\/es\/?s={search_term_string}"},"query-input":{"@type":"PropertyValueSpecification","valueRequired":true,"valueName":"search_term_string"}}],"inLanguage":"en-US"},{"@type":"Person","@id":"https:\/\/super-news.info\/es\/#\/schema\/person\/2d4068cb2f39cd10008c2fce578a7356","name":"super-news","image":{"@type":"ImageObject","inLanguage":"en-US","@id":"https:\/\/secure.gravatar.com\/avatar\/64ebac40b93f26a154f8a9b5b6fdccfc46f442b26b3dd6756dbff3bf9dc76fd7?s=96&d=mm&r=g","url":"https:\/\/secure.gravatar.com\/avatar\/64ebac40b93f26a154f8a9b5b6fdccfc46f442b26b3dd6756dbff3bf9dc76fd7?s=96&d=mm&r=g","contentUrl":"https:\/\/secure.gravatar.com\/avatar\/64ebac40b93f26a154f8a9b5b6fdccfc46f442b26b3dd6756dbff3bf9dc76fd7?s=96&d=mm&r=g","caption":"super-news"},"url":"https:\/\/super-news.info\/es\/author\/pt\/"}]}},"_links":{"self":[{"href":"https:\/\/super-news.info\/es\/wp-json\/wp\/v2\/posts\/6306","targetHints":{"allow":["GET"]}}],"collection":[{"href":"https:\/\/super-news.info\/es\/wp-json\/wp\/v2\/posts"}],"about":[{"href":"https:\/\/super-news.info\/es\/wp-json\/wp\/v2\/types\/post"}],"author":[{"embeddable":true,"href":"https:\/\/super-news.info\/es\/wp-json\/wp\/v2\/users\/2"}],"replies":[{"embeddable":true,"href":"https:\/\/super-news.info\/es\/wp-json\/wp\/v2\/comments?post=6306"}],"version-history":[{"count":1,"href":"https:\/\/super-news.info\/es\/wp-json\/wp\/v2\/posts\/6306\/revisions"}],"predecessor-version":[{"id":6308,"href":"https:\/\/super-news.info\/es\/wp-json\/wp\/v2\/posts\/6306\/revisions\/6308"}],"wp:featuredmedia":[{"embeddable":true,"href":"https:\/\/super-news.info\/es\/wp-json\/wp\/v2\/media\/6307"}],"wp:attachment":[{"href":"https:\/\/super-news.info\/es\/wp-json\/wp\/v2\/media?parent=6306"}],"wp:term":[{"taxonomy":"category","embeddable":true,"href":"https:\/\/super-news.info\/es\/wp-json\/wp\/v2\/categories?post=6306"},{"taxonomy":"post_tag","embeddable":true,"href":"https:\/\/super-news.info\/es\/wp-json\/wp\/v2\/tags?post=6306"}],"curies":[{"name":"wp","href":"https:\/\/api.w.org\/{rel}","templated":true}]}}