{"id":6303,"date":"2019-07-14T15:01:21","date_gmt":"2019-07-14T12:01:21","guid":{"rendered":"https:\/\/super-news.info\/es\/esta-campana-conciencia-a-traves-del-humor-de-la-importancia-de-proteger-a-los-ninos-del-sol\/"},"modified":"2019-07-14T15:01:22","modified_gmt":"2019-07-14T12:01:22","slug":"esta-campana-conciencia-a-traves-del-humor-de-la-importancia-de-proteger-a-los-ninos-del-sol","status":"publish","type":"post","link":"https:\/\/super-news.info\/es\/esta-campana-conciencia-a-traves-del-humor-de-la-importancia-de-proteger-a-los-ninos-del-sol\/","title":{"rendered":"Esta campa\u00f1a conciencia, a trav\u00e9s del humor, de la importancia de proteger a los ni\u00f1os del sol"},"content":{"rendered":"<p> [ad_1]<br \/>\n<\/p>\n<div id=\"textoNoticia\">\n<p class=\"excerpt-single\">La Sociedad Danesa del C\u00e1ncer junto con la ONG TrygFonden han lanzado una campa\u00f1a para concienciar a los padres sobre la importancia de proteger a los ni\u00f1os del sol. <\/p>\n<p>Con la llegada del verano, llega el calor, la playa y las terribles quemaduras del sol. Aunque para muchos usuarios utilizar crema solar es un verdadero incordio, lo cierto es que puede ser un salvavidas, especialmente en los ni\u00f1os que, por la mayor sensibilidad de su piel, son las principales v\u00edctimas de los rayos del sol.<\/p>\n<p>La situaci\u00f3n todav\u00eda se agrava m\u00e1s en el caso de los extranjeros que llegan a nuestro pa\u00eds en busca de maravillosas playas y un sol abrasador del que carecen en sus lugares de origen y que les proporciona ese tan deseable moreno estival, aunque, el resultado casi nunca sea el esperado.<\/p>\n<p>Lo m\u00e1s probable es que su piel acabe llena de llagas, el dolor sea extremo y, lo peor, que a largo plazo se desarrolle un c\u00e1ncer de piel. Y, aunque los adultos son due\u00f1os y responsables de sus propias decisiones, no deber\u00eda ser negociable la protecci\u00f3n cuando se trata de ni\u00f1os.<\/p>\n<p>Por ello, la <strong>Sociedad Danesa del C\u00e1ncer junto con la ONG TrygFonden<\/strong> han lanzado una campa\u00f1a para concienciar a los padres sobre la importancia de tomar las precauciones necesarias para evitar males mayores en el futuro. Y es que, Dinamarca es el pa\u00eds con la cuarta tasa m\u00e1s alta de melanomas.<\/p>\n<p>La pieza audiovisual, creada por la agencia &amp; Co. muestra a un s\u00edmp\u00e1tico ni\u00f1o espa\u00f1ol, Ram\u00f3n, dando un discurso en defensa de los ni\u00f1os y educando a la poblaci\u00f3n a trav\u00e9s de sus palabras sobre las consecuencias de una exposici\u00f3n irresponsable.<\/p>\n<p>\n\t\t\t\t<iframe loading=\"lazy\" src=\"http:\/\/www.youtube.com\/embed\/D55o1OfJHvA?enablejsapi=1&amp;version=3&amp;rel=0&amp;showinfo=0&amp;controls=0\" id=\"iframePlayer\" width=\"940\" height=\"529\" frameborder=\"0\" webkitallowfullscreen=\"\" mozallowfullscreen=\"\" allowfullscreen=\"\"><\/iframe>\n\t\t\t<\/p>\n<p>Si no visualiza correctamente el v\u00eddeo embbeded, haga clic aqu\u00ed.<\/p>\n<p>Con el lema <strong>\u201cHelp a Small Dane\u201d,<\/strong> Ram\u00f3n recuerda algunos consejos pr\u00e1cticos como permanecer a la sombra, utilizar sombreros y echarse crema.<\/p>\n<p>\u201cA la mayor\u00eda de la gente no le gusta que le digan lo que tienen que hacer, pero los daneses tienen una habilidad admirable de re\u00edrse de s\u00ed mismos. La naturaleza humor\u00edstica de la campa\u00f1a nos permite ponerlos frente al espejo para mostrarlos lo rid\u00edculo que es no protegerse del sol\u201d, explica Ole Hoffmann, art director de &amp; Co.<\/p>\n<p>Adem\u00e1s, las familias que se marchen de vacaciones durante las pr\u00f3ximas semanas, recibir\u00e1n en el aeropuerto de Copenhague un kit para proteger a los \u201cpeque\u00f1os daneses\u201d.<\/p>\n<p class=\"link-telegram\">\n\t\t\t\t\t\t\t\t\t\t\tNo te pierdas nada de MarketingDirecto.com y \u00fanete a nuestro Telegram t.me\/MarketingDirecto\n\t\t\t\t\t\t\t\t\t\t<\/p>\n<\/p><\/div>\n<p><script>(function(d, s, id) {\n  var js, fjs = d.getElementsByTagName(s)[0];\n  if (d.getElementById(id)) return;\n  js = d.createElement(s); js.id = id;\n  js.src = \"http:\/\/connect.facebook.net\/es_LA\/sdk.js#xfbml=1&appId=408746052611679&version=v2.3\";\n  fjs.parentNode.insertBefore(js, fjs);\n}(document, 'script', 'facebook-jssdk'));<\/script><br \/>\n<br \/>[ad_2]<br \/>\n<br \/><a href=\"https:\/\/www.marketingdirecto.com\/marketing-general\/publicidad\/esta-campana-conciencia-a-traves-del-humor-de-la-importancia-de-proteger-a-los-ninos-del-sol\">Source link <\/a><\/p>\n","protected":false},"excerpt":{"rendered":"<p>[ad_1] La Sociedad Danesa del C\u00e1ncer junto con la ONG TrygFonden han lanzado una campa\u00f1a para concienciar a los padres sobre la importancia de proteger a los ni\u00f1os del sol. Con la llegada del verano, llega el calor, la playa y las terribles quemaduras del sol. Aunque para muchos usuarios utilizar crema solar es un [&hellip;]<\/p>\n","protected":false},"author":2,"featured_media":6304,"comment_status":"open","ping_status":"open","sticky":false,"template":"","format":"standard","meta":{"footnotes":""},"categories":[2],"tags":[],"class_list":["post-6303","post","type-post","status-publish","format-standard","has-post-thumbnail","hentry","category-noticias-de-marketing-digital"],"yoast_head":"<!-- This site is optimized with the Yoast SEO plugin v27.4 - https:\/\/yoast.com\/product\/yoast-seo-wordpress\/ -->\n<title>Esta campa\u00f1a conciencia, a trav\u00e9s del humor, de la importancia de proteger a los ni\u00f1os del sol - Super News<\/title>\n<meta name=\"robots\" content=\"index, follow, max-snippet:-1, max-image-preview:large, max-video-preview:-1\" \/>\n<link rel=\"canonical\" href=\"https:\/\/super-news.info\/es\/esta-campana-conciencia-a-traves-del-humor-de-la-importancia-de-proteger-a-los-ninos-del-sol\/\" \/>\n<meta property=\"og:locale\" content=\"en_US\" \/>\n<meta property=\"og:type\" content=\"article\" \/>\n<meta property=\"og:title\" content=\"Esta campa\u00f1a conciencia, a trav\u00e9s del humor, de la importancia de proteger a los ni\u00f1os del sol - Super News\" \/>\n<meta property=\"og:description\" content=\"[ad_1] La Sociedad Danesa del C\u00e1ncer junto con la ONG TrygFonden han lanzado una campa\u00f1a para concienciar a los padres sobre la importancia de proteger a los ni\u00f1os del sol. Con la llegada del verano, llega el calor, la playa y las terribles quemaduras del sol. Aunque para muchos usuarios utilizar crema solar es un [&hellip;]\" \/>\n<meta property=\"og:url\" content=\"https:\/\/super-news.info\/es\/esta-campana-conciencia-a-traves-del-humor-de-la-importancia-de-proteger-a-los-ninos-del-sol\/\" \/>\n<meta property=\"og:site_name\" content=\"Super News\" \/>\n<meta property=\"article:published_time\" content=\"2019-07-14T12:01:21+00:00\" \/>\n<meta property=\"article:modified_time\" content=\"2019-07-14T12:01:22+00:00\" \/>\n<meta property=\"og:image\" content=\"https:\/\/super-news.info\/es\/wp-content\/uploads\/sites\/4\/2019\/07\/Esta-campa\u00f1a-conciencia-a-trav\u00e9s-del-humor-de-la-importancia.jpg\" \/>\n\t<meta property=\"og:image:width\" content=\"626\" \/>\n\t<meta property=\"og:image:height\" content=\"364\" \/>\n\t<meta property=\"og:image:type\" content=\"image\/jpeg\" \/>\n<meta name=\"author\" content=\"super-news\" \/>\n<meta name=\"twitter:card\" content=\"summary_large_image\" \/>\n<meta name=\"twitter:label1\" content=\"Written by\" \/>\n\t<meta name=\"twitter:data1\" content=\"super-news\" \/>\n\t<meta name=\"twitter:label2\" content=\"Est. reading time\" \/>\n\t<meta name=\"twitter:data2\" content=\"2 minutes\" \/>\n<script type=\"application\/ld+json\" class=\"yoast-schema-graph\">{\"@context\":\"https:\\\/\\\/schema.org\",\"@graph\":[{\"@type\":\"Article\",\"@id\":\"https:\\\/\\\/super-news.info\\\/es\\\/esta-campana-conciencia-a-traves-del-humor-de-la-importancia-de-proteger-a-los-ninos-del-sol\\\/#article\",\"isPartOf\":{\"@id\":\"https:\\\/\\\/super-news.info\\\/es\\\/esta-campana-conciencia-a-traves-del-humor-de-la-importancia-de-proteger-a-los-ninos-del-sol\\\/\"},\"author\":{\"name\":\"super-news\",\"@id\":\"https:\\\/\\\/super-news.info\\\/es\\\/#\\\/schema\\\/person\\\/2d4068cb2f39cd10008c2fce578a7356\"},\"headline\":\"Esta campa\u00f1a conciencia, a trav\u00e9s del humor, de la importancia de proteger a los ni\u00f1os del sol\",\"datePublished\":\"2019-07-14T12:01:21+00:00\",\"dateModified\":\"2019-07-14T12:01:22+00:00\",\"mainEntityOfPage\":{\"@id\":\"https:\\\/\\\/super-news.info\\\/es\\\/esta-campana-conciencia-a-traves-del-humor-de-la-importancia-de-proteger-a-los-ninos-del-sol\\\/\"},\"wordCount\":475,\"commentCount\":0,\"image\":{\"@id\":\"https:\\\/\\\/super-news.info\\\/es\\\/esta-campana-conciencia-a-traves-del-humor-de-la-importancia-de-proteger-a-los-ninos-del-sol\\\/#primaryimage\"},\"thumbnailUrl\":\"https:\\\/\\\/super-news.info\\\/es\\\/wp-content\\\/uploads\\\/sites\\\/4\\\/2019\\\/07\\\/Esta-campa\u00f1a-conciencia-a-trav\u00e9s-del-humor-de-la-importancia.jpg\",\"articleSection\":[\"NOTICIAS DE MARKETING DIGITAL\"],\"inLanguage\":\"en-US\",\"potentialAction\":[{\"@type\":\"CommentAction\",\"name\":\"Comment\",\"target\":[\"https:\\\/\\\/super-news.info\\\/es\\\/esta-campana-conciencia-a-traves-del-humor-de-la-importancia-de-proteger-a-los-ninos-del-sol\\\/#respond\"]}]},{\"@type\":\"WebPage\",\"@id\":\"https:\\\/\\\/super-news.info\\\/es\\\/esta-campana-conciencia-a-traves-del-humor-de-la-importancia-de-proteger-a-los-ninos-del-sol\\\/\",\"url\":\"https:\\\/\\\/super-news.info\\\/es\\\/esta-campana-conciencia-a-traves-del-humor-de-la-importancia-de-proteger-a-los-ninos-del-sol\\\/\",\"name\":\"Esta campa\u00f1a conciencia, a trav\u00e9s del humor, de la importancia de proteger a los ni\u00f1os del sol - Super News\",\"isPartOf\":{\"@id\":\"https:\\\/\\\/super-news.info\\\/es\\\/#website\"},\"primaryImageOfPage\":{\"@id\":\"https:\\\/\\\/super-news.info\\\/es\\\/esta-campana-conciencia-a-traves-del-humor-de-la-importancia-de-proteger-a-los-ninos-del-sol\\\/#primaryimage\"},\"image\":{\"@id\":\"https:\\\/\\\/super-news.info\\\/es\\\/esta-campana-conciencia-a-traves-del-humor-de-la-importancia-de-proteger-a-los-ninos-del-sol\\\/#primaryimage\"},\"thumbnailUrl\":\"https:\\\/\\\/super-news.info\\\/es\\\/wp-content\\\/uploads\\\/sites\\\/4\\\/2019\\\/07\\\/Esta-campa\u00f1a-conciencia-a-trav\u00e9s-del-humor-de-la-importancia.jpg\",\"datePublished\":\"2019-07-14T12:01:21+00:00\",\"dateModified\":\"2019-07-14T12:01:22+00:00\",\"author\":{\"@id\":\"https:\\\/\\\/super-news.info\\\/es\\\/#\\\/schema\\\/person\\\/2d4068cb2f39cd10008c2fce578a7356\"},\"breadcrumb\":{\"@id\":\"https:\\\/\\\/super-news.info\\\/es\\\/esta-campana-conciencia-a-traves-del-humor-de-la-importancia-de-proteger-a-los-ninos-del-sol\\\/#breadcrumb\"},\"inLanguage\":\"en-US\",\"potentialAction\":[{\"@type\":\"ReadAction\",\"target\":[\"https:\\\/\\\/super-news.info\\\/es\\\/esta-campana-conciencia-a-traves-del-humor-de-la-importancia-de-proteger-a-los-ninos-del-sol\\\/\"]}]},{\"@type\":\"ImageObject\",\"inLanguage\":\"en-US\",\"@id\":\"https:\\\/\\\/super-news.info\\\/es\\\/esta-campana-conciencia-a-traves-del-humor-de-la-importancia-de-proteger-a-los-ninos-del-sol\\\/#primaryimage\",\"url\":\"https:\\\/\\\/super-news.info\\\/es\\\/wp-content\\\/uploads\\\/sites\\\/4\\\/2019\\\/07\\\/Esta-campa\u00f1a-conciencia-a-trav\u00e9s-del-humor-de-la-importancia.jpg\",\"contentUrl\":\"https:\\\/\\\/super-news.info\\\/es\\\/wp-content\\\/uploads\\\/sites\\\/4\\\/2019\\\/07\\\/Esta-campa\u00f1a-conciencia-a-trav\u00e9s-del-humor-de-la-importancia.jpg\",\"width\":626,\"height\":364,\"caption\":\"sol\"},{\"@type\":\"BreadcrumbList\",\"@id\":\"https:\\\/\\\/super-news.info\\\/es\\\/esta-campana-conciencia-a-traves-del-humor-de-la-importancia-de-proteger-a-los-ninos-del-sol\\\/#breadcrumb\",\"itemListElement\":[{\"@type\":\"ListItem\",\"position\":1,\"name\":\"\u0413\u043b\u0430\u0432\u043d\u0430\u044f \u0441\u0442\u0440\u0430\u043d\u0438\u0446\u0430\",\"item\":\"https:\\\/\\\/super-news.info\\\/es\\\/\"},{\"@type\":\"ListItem\",\"position\":2,\"name\":\"Esta campa\u00f1a conciencia, a trav\u00e9s del humor, de la importancia de proteger a los ni\u00f1os del sol\"}]},{\"@type\":\"WebSite\",\"@id\":\"https:\\\/\\\/super-news.info\\\/es\\\/#website\",\"url\":\"https:\\\/\\\/super-news.info\\\/es\\\/\",\"name\":\"Super News\",\"description\":\"Super News Espa\u00f1a\",\"potentialAction\":[{\"@type\":\"SearchAction\",\"target\":{\"@type\":\"EntryPoint\",\"urlTemplate\":\"https:\\\/\\\/super-news.info\\\/es\\\/?s={search_term_string}\"},\"query-input\":{\"@type\":\"PropertyValueSpecification\",\"valueRequired\":true,\"valueName\":\"search_term_string\"}}],\"inLanguage\":\"en-US\"},{\"@type\":\"Person\",\"@id\":\"https:\\\/\\\/super-news.info\\\/es\\\/#\\\/schema\\\/person\\\/2d4068cb2f39cd10008c2fce578a7356\",\"name\":\"super-news\",\"image\":{\"@type\":\"ImageObject\",\"inLanguage\":\"en-US\",\"@id\":\"https:\\\/\\\/secure.gravatar.com\\\/avatar\\\/64ebac40b93f26a154f8a9b5b6fdccfc46f442b26b3dd6756dbff3bf9dc76fd7?s=96&d=mm&r=g\",\"url\":\"https:\\\/\\\/secure.gravatar.com\\\/avatar\\\/64ebac40b93f26a154f8a9b5b6fdccfc46f442b26b3dd6756dbff3bf9dc76fd7?s=96&d=mm&r=g\",\"contentUrl\":\"https:\\\/\\\/secure.gravatar.com\\\/avatar\\\/64ebac40b93f26a154f8a9b5b6fdccfc46f442b26b3dd6756dbff3bf9dc76fd7?s=96&d=mm&r=g\",\"caption\":\"super-news\"},\"url\":\"https:\\\/\\\/super-news.info\\\/es\\\/author\\\/pt\\\/\"}]}<\/script>\n<!-- \/ Yoast SEO plugin. -->","yoast_head_json":{"title":"Esta campa\u00f1a conciencia, a trav\u00e9s del humor, de la importancia de proteger a los ni\u00f1os del sol - Super News","robots":{"index":"index","follow":"follow","max-snippet":"max-snippet:-1","max-image-preview":"max-image-preview:large","max-video-preview":"max-video-preview:-1"},"canonical":"https:\/\/super-news.info\/es\/esta-campana-conciencia-a-traves-del-humor-de-la-importancia-de-proteger-a-los-ninos-del-sol\/","og_locale":"en_US","og_type":"article","og_title":"Esta campa\u00f1a conciencia, a trav\u00e9s del humor, de la importancia de proteger a los ni\u00f1os del sol - Super News","og_description":"[ad_1] La Sociedad Danesa del C\u00e1ncer junto con la ONG TrygFonden han lanzado una campa\u00f1a para concienciar a los padres sobre la importancia de proteger a los ni\u00f1os del sol. Con la llegada del verano, llega el calor, la playa y las terribles quemaduras del sol. Aunque para muchos usuarios utilizar crema solar es un [&hellip;]","og_url":"https:\/\/super-news.info\/es\/esta-campana-conciencia-a-traves-del-humor-de-la-importancia-de-proteger-a-los-ninos-del-sol\/","og_site_name":"Super News","article_published_time":"2019-07-14T12:01:21+00:00","article_modified_time":"2019-07-14T12:01:22+00:00","og_image":[{"width":626,"height":364,"url":"https:\/\/super-news.info\/es\/wp-content\/uploads\/sites\/4\/2019\/07\/Esta-campa\u00f1a-conciencia-a-trav\u00e9s-del-humor-de-la-importancia.jpg","type":"image\/jpeg"}],"author":"super-news","twitter_card":"summary_large_image","twitter_misc":{"Written by":"super-news","Est. reading time":"2 minutes"},"schema":{"@context":"https:\/\/schema.org","@graph":[{"@type":"Article","@id":"https:\/\/super-news.info\/es\/esta-campana-conciencia-a-traves-del-humor-de-la-importancia-de-proteger-a-los-ninos-del-sol\/#article","isPartOf":{"@id":"https:\/\/super-news.info\/es\/esta-campana-conciencia-a-traves-del-humor-de-la-importancia-de-proteger-a-los-ninos-del-sol\/"},"author":{"name":"super-news","@id":"https:\/\/super-news.info\/es\/#\/schema\/person\/2d4068cb2f39cd10008c2fce578a7356"},"headline":"Esta campa\u00f1a conciencia, a trav\u00e9s del humor, de la importancia de proteger a los ni\u00f1os del sol","datePublished":"2019-07-14T12:01:21+00:00","dateModified":"2019-07-14T12:01:22+00:00","mainEntityOfPage":{"@id":"https:\/\/super-news.info\/es\/esta-campana-conciencia-a-traves-del-humor-de-la-importancia-de-proteger-a-los-ninos-del-sol\/"},"wordCount":475,"commentCount":0,"image":{"@id":"https:\/\/super-news.info\/es\/esta-campana-conciencia-a-traves-del-humor-de-la-importancia-de-proteger-a-los-ninos-del-sol\/#primaryimage"},"thumbnailUrl":"https:\/\/super-news.info\/es\/wp-content\/uploads\/sites\/4\/2019\/07\/Esta-campa\u00f1a-conciencia-a-trav\u00e9s-del-humor-de-la-importancia.jpg","articleSection":["NOTICIAS DE MARKETING DIGITAL"],"inLanguage":"en-US","potentialAction":[{"@type":"CommentAction","name":"Comment","target":["https:\/\/super-news.info\/es\/esta-campana-conciencia-a-traves-del-humor-de-la-importancia-de-proteger-a-los-ninos-del-sol\/#respond"]}]},{"@type":"WebPage","@id":"https:\/\/super-news.info\/es\/esta-campana-conciencia-a-traves-del-humor-de-la-importancia-de-proteger-a-los-ninos-del-sol\/","url":"https:\/\/super-news.info\/es\/esta-campana-conciencia-a-traves-del-humor-de-la-importancia-de-proteger-a-los-ninos-del-sol\/","name":"Esta campa\u00f1a conciencia, a trav\u00e9s del humor, de la importancia de proteger a los ni\u00f1os del sol - Super News","isPartOf":{"@id":"https:\/\/super-news.info\/es\/#website"},"primaryImageOfPage":{"@id":"https:\/\/super-news.info\/es\/esta-campana-conciencia-a-traves-del-humor-de-la-importancia-de-proteger-a-los-ninos-del-sol\/#primaryimage"},"image":{"@id":"https:\/\/super-news.info\/es\/esta-campana-conciencia-a-traves-del-humor-de-la-importancia-de-proteger-a-los-ninos-del-sol\/#primaryimage"},"thumbnailUrl":"https:\/\/super-news.info\/es\/wp-content\/uploads\/sites\/4\/2019\/07\/Esta-campa\u00f1a-conciencia-a-trav\u00e9s-del-humor-de-la-importancia.jpg","datePublished":"2019-07-14T12:01:21+00:00","dateModified":"2019-07-14T12:01:22+00:00","author":{"@id":"https:\/\/super-news.info\/es\/#\/schema\/person\/2d4068cb2f39cd10008c2fce578a7356"},"breadcrumb":{"@id":"https:\/\/super-news.info\/es\/esta-campana-conciencia-a-traves-del-humor-de-la-importancia-de-proteger-a-los-ninos-del-sol\/#breadcrumb"},"inLanguage":"en-US","potentialAction":[{"@type":"ReadAction","target":["https:\/\/super-news.info\/es\/esta-campana-conciencia-a-traves-del-humor-de-la-importancia-de-proteger-a-los-ninos-del-sol\/"]}]},{"@type":"ImageObject","inLanguage":"en-US","@id":"https:\/\/super-news.info\/es\/esta-campana-conciencia-a-traves-del-humor-de-la-importancia-de-proteger-a-los-ninos-del-sol\/#primaryimage","url":"https:\/\/super-news.info\/es\/wp-content\/uploads\/sites\/4\/2019\/07\/Esta-campa\u00f1a-conciencia-a-trav\u00e9s-del-humor-de-la-importancia.jpg","contentUrl":"https:\/\/super-news.info\/es\/wp-content\/uploads\/sites\/4\/2019\/07\/Esta-campa\u00f1a-conciencia-a-trav\u00e9s-del-humor-de-la-importancia.jpg","width":626,"height":364,"caption":"sol"},{"@type":"BreadcrumbList","@id":"https:\/\/super-news.info\/es\/esta-campana-conciencia-a-traves-del-humor-de-la-importancia-de-proteger-a-los-ninos-del-sol\/#breadcrumb","itemListElement":[{"@type":"ListItem","position":1,"name":"\u0413\u043b\u0430\u0432\u043d\u0430\u044f \u0441\u0442\u0440\u0430\u043d\u0438\u0446\u0430","item":"https:\/\/super-news.info\/es\/"},{"@type":"ListItem","position":2,"name":"Esta campa\u00f1a conciencia, a trav\u00e9s del humor, de la importancia de proteger a los ni\u00f1os del sol"}]},{"@type":"WebSite","@id":"https:\/\/super-news.info\/es\/#website","url":"https:\/\/super-news.info\/es\/","name":"Super News","description":"Super News Espa\u00f1a","potentialAction":[{"@type":"SearchAction","target":{"@type":"EntryPoint","urlTemplate":"https:\/\/super-news.info\/es\/?s={search_term_string}"},"query-input":{"@type":"PropertyValueSpecification","valueRequired":true,"valueName":"search_term_string"}}],"inLanguage":"en-US"},{"@type":"Person","@id":"https:\/\/super-news.info\/es\/#\/schema\/person\/2d4068cb2f39cd10008c2fce578a7356","name":"super-news","image":{"@type":"ImageObject","inLanguage":"en-US","@id":"https:\/\/secure.gravatar.com\/avatar\/64ebac40b93f26a154f8a9b5b6fdccfc46f442b26b3dd6756dbff3bf9dc76fd7?s=96&d=mm&r=g","url":"https:\/\/secure.gravatar.com\/avatar\/64ebac40b93f26a154f8a9b5b6fdccfc46f442b26b3dd6756dbff3bf9dc76fd7?s=96&d=mm&r=g","contentUrl":"https:\/\/secure.gravatar.com\/avatar\/64ebac40b93f26a154f8a9b5b6fdccfc46f442b26b3dd6756dbff3bf9dc76fd7?s=96&d=mm&r=g","caption":"super-news"},"url":"https:\/\/super-news.info\/es\/author\/pt\/"}]}},"_links":{"self":[{"href":"https:\/\/super-news.info\/es\/wp-json\/wp\/v2\/posts\/6303","targetHints":{"allow":["GET"]}}],"collection":[{"href":"https:\/\/super-news.info\/es\/wp-json\/wp\/v2\/posts"}],"about":[{"href":"https:\/\/super-news.info\/es\/wp-json\/wp\/v2\/types\/post"}],"author":[{"embeddable":true,"href":"https:\/\/super-news.info\/es\/wp-json\/wp\/v2\/users\/2"}],"replies":[{"embeddable":true,"href":"https:\/\/super-news.info\/es\/wp-json\/wp\/v2\/comments?post=6303"}],"version-history":[{"count":1,"href":"https:\/\/super-news.info\/es\/wp-json\/wp\/v2\/posts\/6303\/revisions"}],"predecessor-version":[{"id":6305,"href":"https:\/\/super-news.info\/es\/wp-json\/wp\/v2\/posts\/6303\/revisions\/6305"}],"wp:featuredmedia":[{"embeddable":true,"href":"https:\/\/super-news.info\/es\/wp-json\/wp\/v2\/media\/6304"}],"wp:attachment":[{"href":"https:\/\/super-news.info\/es\/wp-json\/wp\/v2\/media?parent=6303"}],"wp:term":[{"taxonomy":"category","embeddable":true,"href":"https:\/\/super-news.info\/es\/wp-json\/wp\/v2\/categories?post=6303"},{"taxonomy":"post_tag","embeddable":true,"href":"https:\/\/super-news.info\/es\/wp-json\/wp\/v2\/tags?post=6303"}],"curies":[{"name":"wp","href":"https:\/\/api.w.org\/{rel}","templated":true}]}}