{"id":6285,"date":"2019-07-14T07:22:42","date_gmt":"2019-07-14T04:22:42","guid":{"rendered":"https:\/\/super-news.info\/es\/toby-jenner-nuevo-ceo-global-de-wavemaker\/"},"modified":"2019-07-14T07:22:43","modified_gmt":"2019-07-14T04:22:43","slug":"toby-jenner-nuevo-ceo-global-de-wavemaker","status":"publish","type":"post","link":"https:\/\/super-news.info\/es\/toby-jenner-nuevo-ceo-global-de-wavemaker\/","title":{"rendered":"Toby Jenner, nuevo CEO Global de Wavemaker"},"content":{"rendered":"<p> [ad_1]<br \/>\n<\/p>\n<div id=\"textoNoticia\">\n<p class=\"excerpt-single\">Con una destacada trayectoria en MediaCom, Toby Jenner ocupar\u00e1 el cargo de CEO Global de Wavemaker, agencia presente en 90 pa\u00edses.<\/p>\n<\/p>\n<p>La agencia Wavemaker de GroupM ha nombrado a <strong>Toby Jenner como CEO Global<\/strong>. Jenner ocupar\u00e1 el puesto de Tim Castree, nombrado CEO de GroupM en Norteam\u00e9rica el pasado diciembre, y reportar\u00e1 a Kelly Clark, CEO Global de GroupM. El antes director de operaciones de MediaCom estar\u00e1 al frente de los <strong>8.600 empleados<\/strong> de Wavemaker en 90 pa\u00edses, compa\u00f1\u00eda que alcanza una facturaci\u00f3n de 13.000 millones de d\u00f3lares, seg\u00fan<em> COMvergence<\/em>.<\/p>\n<p>&#8220;Toby ha sido un destacado contribuyente al crecimiento de nuestro grupo durante m\u00e1s de 15 a\u00f1os. En sus 11 a\u00f1os en MediaCom, ha sido fundamental en la entrega de trabajo innovador para clientes&#8221;, ha dicho Kelly Clark sobre el actual l\u00edder de Wavemaker. &#8220;A Toby le apasiona ayudar a nuestros clientes a ganar y es <strong>un competidor feroz<\/strong> para ellos y para nuestro negocio. \u00c9l inspira a nuestra gente a superar constantemente las expectativas y los apoya en el desarrollo de su propia carrera. Ser\u00e1 un l\u00edder fuerte para el talentoso equipo de Wavemaker&#8221;, ha a\u00f1adido la directiva.<\/p>\n<p>Toby Jenner comenz\u00f3 en GroupM como director general de MEC en el Reino Unido y ha ocupado diferentes cargos en MediaCom, como el de Global Chief Business Development &amp; Marketing Officer, Asia Pacific COO y CEO de Australasia. &#8220;Tengo la fortuna de unirme a un negocio con mercados locales muy s\u00f3lidos, un gran equipo, una excelente cartera de clientes y un gran historial en el crecimiento de las marcas. Como cualquier negocio, estoy seguro de que hay \u00e1reas en las que podemos ser m\u00e1s fuertes. Nos dirigiremos a ellas como un equipo y <strong>llevaremos a la agencia a un \u00e9xito a\u00fan mayor<\/strong> para avanzar&#8221;, ha declarado Jenner, cuyo nombramiento ser\u00e1 efectivo en septiembre, tras un verano de transici\u00f3n de MediaCom a Wavemaker.<\/p>\n<p>La agencia Wavemaker comenz\u00f3 su andadura en 2017, incorporando desde entonces a m\u00e1s de <strong>300 nuevos clientes<\/strong> y alcanzando una facturaci\u00f3n de 13.000 millones de d\u00f3lares.<\/p>\n<p class=\"link-telegram\">\n\t\t\t\t\t\t\t\t\t\t\tNo te pierdas nada de MarketingDirecto.com y \u00fanete a nuestro Telegram t.me\/MarketingDirecto\n\t\t\t\t\t\t\t\t\t\t<\/p>\n<\/p><\/div>\n<p><script>(function(d, s, id) {\n  var js, fjs = d.getElementsByTagName(s)[0];\n  if (d.getElementById(id)) return;\n  js = d.createElement(s); js.id = id;\n  js.src = \"http:\/\/connect.facebook.net\/es_LA\/sdk.js#xfbml=1&appId=408746052611679&version=v2.3\";\n  fjs.parentNode.insertBefore(js, fjs);\n}(document, 'script', 'facebook-jssdk'));<\/script><br \/>\n<br \/>[ad_2]<br \/>\n<br \/><a href=\"https:\/\/www.marketingdirecto.com\/marketing-general\/gente\/toby-jenner-nuevo-ceo-global-de-wavemaker\">Source link <\/a><\/p>\n","protected":false},"excerpt":{"rendered":"<p>[ad_1] Con una destacada trayectoria en MediaCom, Toby Jenner ocupar\u00e1 el cargo de CEO Global de Wavemaker, agencia presente en 90 pa\u00edses. La agencia Wavemaker de GroupM ha nombrado a Toby Jenner como CEO Global. Jenner ocupar\u00e1 el puesto de Tim Castree, nombrado CEO de GroupM en Norteam\u00e9rica el pasado diciembre, y reportar\u00e1 a Kelly [&hellip;]<\/p>\n","protected":false},"author":2,"featured_media":6286,"comment_status":"open","ping_status":"open","sticky":false,"template":"","format":"standard","meta":{"footnotes":""},"categories":[2],"tags":[],"class_list":["post-6285","post","type-post","status-publish","format-standard","has-post-thumbnail","hentry","category-noticias-de-marketing-digital"],"yoast_head":"<!-- This site is optimized with the Yoast SEO plugin v27.4 - https:\/\/yoast.com\/product\/yoast-seo-wordpress\/ -->\n<title>Toby Jenner, nuevo CEO Global de Wavemaker - Super News<\/title>\n<meta name=\"robots\" content=\"index, follow, max-snippet:-1, max-image-preview:large, max-video-preview:-1\" \/>\n<link rel=\"canonical\" href=\"https:\/\/super-news.info\/es\/toby-jenner-nuevo-ceo-global-de-wavemaker\/\" \/>\n<meta property=\"og:locale\" content=\"en_US\" \/>\n<meta property=\"og:type\" content=\"article\" \/>\n<meta property=\"og:title\" content=\"Toby Jenner, nuevo CEO Global de Wavemaker - Super News\" \/>\n<meta property=\"og:description\" content=\"[ad_1] Con una destacada trayectoria en MediaCom, Toby Jenner ocupar\u00e1 el cargo de CEO Global de Wavemaker, agencia presente en 90 pa\u00edses. La agencia Wavemaker de GroupM ha nombrado a Toby Jenner como CEO Global. Jenner ocupar\u00e1 el puesto de Tim Castree, nombrado CEO de GroupM en Norteam\u00e9rica el pasado diciembre, y reportar\u00e1 a Kelly [&hellip;]\" \/>\n<meta property=\"og:url\" content=\"https:\/\/super-news.info\/es\/toby-jenner-nuevo-ceo-global-de-wavemaker\/\" \/>\n<meta property=\"og:site_name\" content=\"Super News\" \/>\n<meta property=\"article:published_time\" content=\"2019-07-14T04:22:42+00:00\" \/>\n<meta property=\"article:modified_time\" content=\"2019-07-14T04:22:43+00:00\" \/>\n<meta property=\"og:image\" content=\"https:\/\/super-news.info\/es\/wp-content\/uploads\/sites\/4\/2019\/07\/Toby-Jenner-nuevo-CEO-Global-de-Wavemaker.png\" \/>\n\t<meta property=\"og:image:width\" content=\"626\" \/>\n\t<meta property=\"og:image:height\" content=\"364\" \/>\n\t<meta property=\"og:image:type\" content=\"image\/png\" \/>\n<meta name=\"author\" content=\"super-news\" \/>\n<meta name=\"twitter:card\" content=\"summary_large_image\" \/>\n<meta name=\"twitter:label1\" content=\"Written by\" \/>\n\t<meta name=\"twitter:data1\" content=\"super-news\" \/>\n\t<meta name=\"twitter:label2\" content=\"Est. reading time\" \/>\n\t<meta name=\"twitter:data2\" content=\"2 minutes\" \/>\n<script type=\"application\/ld+json\" class=\"yoast-schema-graph\">{\"@context\":\"https:\\\/\\\/schema.org\",\"@graph\":[{\"@type\":\"Article\",\"@id\":\"https:\\\/\\\/super-news.info\\\/es\\\/toby-jenner-nuevo-ceo-global-de-wavemaker\\\/#article\",\"isPartOf\":{\"@id\":\"https:\\\/\\\/super-news.info\\\/es\\\/toby-jenner-nuevo-ceo-global-de-wavemaker\\\/\"},\"author\":{\"name\":\"super-news\",\"@id\":\"https:\\\/\\\/super-news.info\\\/es\\\/#\\\/schema\\\/person\\\/2d4068cb2f39cd10008c2fce578a7356\"},\"headline\":\"Toby Jenner, nuevo CEO Global de Wavemaker\",\"datePublished\":\"2019-07-14T04:22:42+00:00\",\"dateModified\":\"2019-07-14T04:22:43+00:00\",\"mainEntityOfPage\":{\"@id\":\"https:\\\/\\\/super-news.info\\\/es\\\/toby-jenner-nuevo-ceo-global-de-wavemaker\\\/\"},\"wordCount\":373,\"commentCount\":0,\"image\":{\"@id\":\"https:\\\/\\\/super-news.info\\\/es\\\/toby-jenner-nuevo-ceo-global-de-wavemaker\\\/#primaryimage\"},\"thumbnailUrl\":\"https:\\\/\\\/super-news.info\\\/es\\\/wp-content\\\/uploads\\\/sites\\\/4\\\/2019\\\/07\\\/Toby-Jenner-nuevo-CEO-Global-de-Wavemaker.png\",\"articleSection\":[\"NOTICIAS DE MARKETING DIGITAL\"],\"inLanguage\":\"en-US\",\"potentialAction\":[{\"@type\":\"CommentAction\",\"name\":\"Comment\",\"target\":[\"https:\\\/\\\/super-news.info\\\/es\\\/toby-jenner-nuevo-ceo-global-de-wavemaker\\\/#respond\"]}]},{\"@type\":\"WebPage\",\"@id\":\"https:\\\/\\\/super-news.info\\\/es\\\/toby-jenner-nuevo-ceo-global-de-wavemaker\\\/\",\"url\":\"https:\\\/\\\/super-news.info\\\/es\\\/toby-jenner-nuevo-ceo-global-de-wavemaker\\\/\",\"name\":\"Toby Jenner, nuevo CEO Global de Wavemaker - Super News\",\"isPartOf\":{\"@id\":\"https:\\\/\\\/super-news.info\\\/es\\\/#website\"},\"primaryImageOfPage\":{\"@id\":\"https:\\\/\\\/super-news.info\\\/es\\\/toby-jenner-nuevo-ceo-global-de-wavemaker\\\/#primaryimage\"},\"image\":{\"@id\":\"https:\\\/\\\/super-news.info\\\/es\\\/toby-jenner-nuevo-ceo-global-de-wavemaker\\\/#primaryimage\"},\"thumbnailUrl\":\"https:\\\/\\\/super-news.info\\\/es\\\/wp-content\\\/uploads\\\/sites\\\/4\\\/2019\\\/07\\\/Toby-Jenner-nuevo-CEO-Global-de-Wavemaker.png\",\"datePublished\":\"2019-07-14T04:22:42+00:00\",\"dateModified\":\"2019-07-14T04:22:43+00:00\",\"author\":{\"@id\":\"https:\\\/\\\/super-news.info\\\/es\\\/#\\\/schema\\\/person\\\/2d4068cb2f39cd10008c2fce578a7356\"},\"breadcrumb\":{\"@id\":\"https:\\\/\\\/super-news.info\\\/es\\\/toby-jenner-nuevo-ceo-global-de-wavemaker\\\/#breadcrumb\"},\"inLanguage\":\"en-US\",\"potentialAction\":[{\"@type\":\"ReadAction\",\"target\":[\"https:\\\/\\\/super-news.info\\\/es\\\/toby-jenner-nuevo-ceo-global-de-wavemaker\\\/\"]}]},{\"@type\":\"ImageObject\",\"inLanguage\":\"en-US\",\"@id\":\"https:\\\/\\\/super-news.info\\\/es\\\/toby-jenner-nuevo-ceo-global-de-wavemaker\\\/#primaryimage\",\"url\":\"https:\\\/\\\/super-news.info\\\/es\\\/wp-content\\\/uploads\\\/sites\\\/4\\\/2019\\\/07\\\/Toby-Jenner-nuevo-CEO-Global-de-Wavemaker.png\",\"contentUrl\":\"https:\\\/\\\/super-news.info\\\/es\\\/wp-content\\\/uploads\\\/sites\\\/4\\\/2019\\\/07\\\/Toby-Jenner-nuevo-CEO-Global-de-Wavemaker.png\",\"width\":626,\"height\":364,\"caption\":\"Wavemaker\"},{\"@type\":\"BreadcrumbList\",\"@id\":\"https:\\\/\\\/super-news.info\\\/es\\\/toby-jenner-nuevo-ceo-global-de-wavemaker\\\/#breadcrumb\",\"itemListElement\":[{\"@type\":\"ListItem\",\"position\":1,\"name\":\"\u0413\u043b\u0430\u0432\u043d\u0430\u044f \u0441\u0442\u0440\u0430\u043d\u0438\u0446\u0430\",\"item\":\"https:\\\/\\\/super-news.info\\\/es\\\/\"},{\"@type\":\"ListItem\",\"position\":2,\"name\":\"Toby Jenner, nuevo CEO Global de Wavemaker\"}]},{\"@type\":\"WebSite\",\"@id\":\"https:\\\/\\\/super-news.info\\\/es\\\/#website\",\"url\":\"https:\\\/\\\/super-news.info\\\/es\\\/\",\"name\":\"Super News\",\"description\":\"Super News Espa\u00f1a\",\"potentialAction\":[{\"@type\":\"SearchAction\",\"target\":{\"@type\":\"EntryPoint\",\"urlTemplate\":\"https:\\\/\\\/super-news.info\\\/es\\\/?s={search_term_string}\"},\"query-input\":{\"@type\":\"PropertyValueSpecification\",\"valueRequired\":true,\"valueName\":\"search_term_string\"}}],\"inLanguage\":\"en-US\"},{\"@type\":\"Person\",\"@id\":\"https:\\\/\\\/super-news.info\\\/es\\\/#\\\/schema\\\/person\\\/2d4068cb2f39cd10008c2fce578a7356\",\"name\":\"super-news\",\"image\":{\"@type\":\"ImageObject\",\"inLanguage\":\"en-US\",\"@id\":\"https:\\\/\\\/secure.gravatar.com\\\/avatar\\\/64ebac40b93f26a154f8a9b5b6fdccfc46f442b26b3dd6756dbff3bf9dc76fd7?s=96&d=mm&r=g\",\"url\":\"https:\\\/\\\/secure.gravatar.com\\\/avatar\\\/64ebac40b93f26a154f8a9b5b6fdccfc46f442b26b3dd6756dbff3bf9dc76fd7?s=96&d=mm&r=g\",\"contentUrl\":\"https:\\\/\\\/secure.gravatar.com\\\/avatar\\\/64ebac40b93f26a154f8a9b5b6fdccfc46f442b26b3dd6756dbff3bf9dc76fd7?s=96&d=mm&r=g\",\"caption\":\"super-news\"},\"url\":\"https:\\\/\\\/super-news.info\\\/es\\\/author\\\/pt\\\/\"}]}<\/script>\n<!-- \/ Yoast SEO plugin. -->","yoast_head_json":{"title":"Toby Jenner, nuevo CEO Global de Wavemaker - Super News","robots":{"index":"index","follow":"follow","max-snippet":"max-snippet:-1","max-image-preview":"max-image-preview:large","max-video-preview":"max-video-preview:-1"},"canonical":"https:\/\/super-news.info\/es\/toby-jenner-nuevo-ceo-global-de-wavemaker\/","og_locale":"en_US","og_type":"article","og_title":"Toby Jenner, nuevo CEO Global de Wavemaker - Super News","og_description":"[ad_1] Con una destacada trayectoria en MediaCom, Toby Jenner ocupar\u00e1 el cargo de CEO Global de Wavemaker, agencia presente en 90 pa\u00edses. La agencia Wavemaker de GroupM ha nombrado a Toby Jenner como CEO Global. Jenner ocupar\u00e1 el puesto de Tim Castree, nombrado CEO de GroupM en Norteam\u00e9rica el pasado diciembre, y reportar\u00e1 a Kelly [&hellip;]","og_url":"https:\/\/super-news.info\/es\/toby-jenner-nuevo-ceo-global-de-wavemaker\/","og_site_name":"Super News","article_published_time":"2019-07-14T04:22:42+00:00","article_modified_time":"2019-07-14T04:22:43+00:00","og_image":[{"width":626,"height":364,"url":"https:\/\/super-news.info\/es\/wp-content\/uploads\/sites\/4\/2019\/07\/Toby-Jenner-nuevo-CEO-Global-de-Wavemaker.png","type":"image\/png"}],"author":"super-news","twitter_card":"summary_large_image","twitter_misc":{"Written by":"super-news","Est. reading time":"2 minutes"},"schema":{"@context":"https:\/\/schema.org","@graph":[{"@type":"Article","@id":"https:\/\/super-news.info\/es\/toby-jenner-nuevo-ceo-global-de-wavemaker\/#article","isPartOf":{"@id":"https:\/\/super-news.info\/es\/toby-jenner-nuevo-ceo-global-de-wavemaker\/"},"author":{"name":"super-news","@id":"https:\/\/super-news.info\/es\/#\/schema\/person\/2d4068cb2f39cd10008c2fce578a7356"},"headline":"Toby Jenner, nuevo CEO Global de Wavemaker","datePublished":"2019-07-14T04:22:42+00:00","dateModified":"2019-07-14T04:22:43+00:00","mainEntityOfPage":{"@id":"https:\/\/super-news.info\/es\/toby-jenner-nuevo-ceo-global-de-wavemaker\/"},"wordCount":373,"commentCount":0,"image":{"@id":"https:\/\/super-news.info\/es\/toby-jenner-nuevo-ceo-global-de-wavemaker\/#primaryimage"},"thumbnailUrl":"https:\/\/super-news.info\/es\/wp-content\/uploads\/sites\/4\/2019\/07\/Toby-Jenner-nuevo-CEO-Global-de-Wavemaker.png","articleSection":["NOTICIAS DE MARKETING DIGITAL"],"inLanguage":"en-US","potentialAction":[{"@type":"CommentAction","name":"Comment","target":["https:\/\/super-news.info\/es\/toby-jenner-nuevo-ceo-global-de-wavemaker\/#respond"]}]},{"@type":"WebPage","@id":"https:\/\/super-news.info\/es\/toby-jenner-nuevo-ceo-global-de-wavemaker\/","url":"https:\/\/super-news.info\/es\/toby-jenner-nuevo-ceo-global-de-wavemaker\/","name":"Toby Jenner, nuevo CEO Global de Wavemaker - Super News","isPartOf":{"@id":"https:\/\/super-news.info\/es\/#website"},"primaryImageOfPage":{"@id":"https:\/\/super-news.info\/es\/toby-jenner-nuevo-ceo-global-de-wavemaker\/#primaryimage"},"image":{"@id":"https:\/\/super-news.info\/es\/toby-jenner-nuevo-ceo-global-de-wavemaker\/#primaryimage"},"thumbnailUrl":"https:\/\/super-news.info\/es\/wp-content\/uploads\/sites\/4\/2019\/07\/Toby-Jenner-nuevo-CEO-Global-de-Wavemaker.png","datePublished":"2019-07-14T04:22:42+00:00","dateModified":"2019-07-14T04:22:43+00:00","author":{"@id":"https:\/\/super-news.info\/es\/#\/schema\/person\/2d4068cb2f39cd10008c2fce578a7356"},"breadcrumb":{"@id":"https:\/\/super-news.info\/es\/toby-jenner-nuevo-ceo-global-de-wavemaker\/#breadcrumb"},"inLanguage":"en-US","potentialAction":[{"@type":"ReadAction","target":["https:\/\/super-news.info\/es\/toby-jenner-nuevo-ceo-global-de-wavemaker\/"]}]},{"@type":"ImageObject","inLanguage":"en-US","@id":"https:\/\/super-news.info\/es\/toby-jenner-nuevo-ceo-global-de-wavemaker\/#primaryimage","url":"https:\/\/super-news.info\/es\/wp-content\/uploads\/sites\/4\/2019\/07\/Toby-Jenner-nuevo-CEO-Global-de-Wavemaker.png","contentUrl":"https:\/\/super-news.info\/es\/wp-content\/uploads\/sites\/4\/2019\/07\/Toby-Jenner-nuevo-CEO-Global-de-Wavemaker.png","width":626,"height":364,"caption":"Wavemaker"},{"@type":"BreadcrumbList","@id":"https:\/\/super-news.info\/es\/toby-jenner-nuevo-ceo-global-de-wavemaker\/#breadcrumb","itemListElement":[{"@type":"ListItem","position":1,"name":"\u0413\u043b\u0430\u0432\u043d\u0430\u044f \u0441\u0442\u0440\u0430\u043d\u0438\u0446\u0430","item":"https:\/\/super-news.info\/es\/"},{"@type":"ListItem","position":2,"name":"Toby Jenner, nuevo CEO Global de Wavemaker"}]},{"@type":"WebSite","@id":"https:\/\/super-news.info\/es\/#website","url":"https:\/\/super-news.info\/es\/","name":"Super News","description":"Super News Espa\u00f1a","potentialAction":[{"@type":"SearchAction","target":{"@type":"EntryPoint","urlTemplate":"https:\/\/super-news.info\/es\/?s={search_term_string}"},"query-input":{"@type":"PropertyValueSpecification","valueRequired":true,"valueName":"search_term_string"}}],"inLanguage":"en-US"},{"@type":"Person","@id":"https:\/\/super-news.info\/es\/#\/schema\/person\/2d4068cb2f39cd10008c2fce578a7356","name":"super-news","image":{"@type":"ImageObject","inLanguage":"en-US","@id":"https:\/\/secure.gravatar.com\/avatar\/64ebac40b93f26a154f8a9b5b6fdccfc46f442b26b3dd6756dbff3bf9dc76fd7?s=96&d=mm&r=g","url":"https:\/\/secure.gravatar.com\/avatar\/64ebac40b93f26a154f8a9b5b6fdccfc46f442b26b3dd6756dbff3bf9dc76fd7?s=96&d=mm&r=g","contentUrl":"https:\/\/secure.gravatar.com\/avatar\/64ebac40b93f26a154f8a9b5b6fdccfc46f442b26b3dd6756dbff3bf9dc76fd7?s=96&d=mm&r=g","caption":"super-news"},"url":"https:\/\/super-news.info\/es\/author\/pt\/"}]}},"_links":{"self":[{"href":"https:\/\/super-news.info\/es\/wp-json\/wp\/v2\/posts\/6285","targetHints":{"allow":["GET"]}}],"collection":[{"href":"https:\/\/super-news.info\/es\/wp-json\/wp\/v2\/posts"}],"about":[{"href":"https:\/\/super-news.info\/es\/wp-json\/wp\/v2\/types\/post"}],"author":[{"embeddable":true,"href":"https:\/\/super-news.info\/es\/wp-json\/wp\/v2\/users\/2"}],"replies":[{"embeddable":true,"href":"https:\/\/super-news.info\/es\/wp-json\/wp\/v2\/comments?post=6285"}],"version-history":[{"count":1,"href":"https:\/\/super-news.info\/es\/wp-json\/wp\/v2\/posts\/6285\/revisions"}],"predecessor-version":[{"id":6287,"href":"https:\/\/super-news.info\/es\/wp-json\/wp\/v2\/posts\/6285\/revisions\/6287"}],"wp:featuredmedia":[{"embeddable":true,"href":"https:\/\/super-news.info\/es\/wp-json\/wp\/v2\/media\/6286"}],"wp:attachment":[{"href":"https:\/\/super-news.info\/es\/wp-json\/wp\/v2\/media?parent=6285"}],"wp:term":[{"taxonomy":"category","embeddable":true,"href":"https:\/\/super-news.info\/es\/wp-json\/wp\/v2\/categories?post=6285"},{"taxonomy":"post_tag","embeddable":true,"href":"https:\/\/super-news.info\/es\/wp-json\/wp\/v2\/tags?post=6285"}],"curies":[{"name":"wp","href":"https:\/\/api.w.org\/{rel}","templated":true}]}}