{"id":6273,"date":"2019-07-14T01:15:25","date_gmt":"2019-07-13T22:15:25","guid":{"rendered":"https:\/\/super-news.info\/es\/jon-lavin-director-creativo-ejecutivo-de-mccann-deja-la-agencia-para-emprender-nuevos-proyectos\/"},"modified":"2019-07-14T01:15:26","modified_gmt":"2019-07-13T22:15:26","slug":"jon-lavin-director-creativo-ejecutivo-de-mccann-deja-la-agencia-para-emprender-nuevos-proyectos","status":"publish","type":"post","link":"https:\/\/super-news.info\/es\/jon-lavin-director-creativo-ejecutivo-de-mccann-deja-la-agencia-para-emprender-nuevos-proyectos\/","title":{"rendered":"Jon Lav\u00edn, director creativo ejecutivo de McCann, deja la agencia para emprender nuevos proyectos"},"content":{"rendered":"<p> [ad_1]<br \/>\n<\/p>\n<div id=\"textoNoticia\">\n<p class=\"excerpt-single\">Durante estos a\u00f1os, Lav\u00edn ha estado al frente de algunas de las campa\u00f1as m\u00e1s reconocidas de la agencia, como \u201cCenizas\u201d para Campofr\u00edo o \u201cFresh Prints\u201d para Aldi,<\/p>\n<p>Despu\u00e9s de 7 a\u00f1os llevando las riendas de la creatividad de McCann, <strong>Jon Lav\u00edn abandona la agencia<\/strong> para emprender nuevos proyectos.<\/p>\n<p>\u201cTomar esta decisi\u00f3n puede sorprender porque la agencia y yo estamos en un gran momento, pero justo por eso <strong>creo que es la ocasi\u00f3n de hacerlo y aprovechar la cresta de la ola para crear nuevos proyectos\u201d<\/strong>, ha se\u00f1alado Lav\u00edn.<\/p>\n<p>Durante estos a\u00f1os, ha estado al frente de algunas de las campa\u00f1as m\u00e1s reconocidas de la agencia, como \u201cCenizas\u201d para Campofr\u00edo o \u201cFresh Prints\u201d para Aldi, y junto a todo el equipo ha contribuido a que McCann ganase m\u00e1s de 20 leones de Cannes, 4 Grandes Premios a la Eficacia, Grandes Premios en FIAP, El Ojo de Iberoam\u00e9rica, New York Festivals, y el \u00faltimo GP en El Sol con la \u201cTienda LOL\u201d para Campofr\u00edo.<\/p>\n<p>El creativo <strong>deja su cargo para dedicarse a desarrollar otras facetas<\/strong> en las que ya estaba trabajando durante los \u00faltimos a\u00f1os, como son la innovaci\u00f3n y la docencia, pero est\u00e1 abierto a seguir colaborando con agencias o proyectos relacionados con la creatividad, como lleva haciendo durante m\u00e1s de dos d\u00e9cadas.<\/p>\n<p><strong>\u201cNo voy a alejarme de la creatividad\u201d<\/strong>, declara Lav\u00edn, \u201cMe encantan los problemas y estos se pueden resolver de muchas formas diferentes, desde la comunicaci\u00f3n hasta la innovaci\u00f3n, por eso estoy abierto a seguir colaborando con cualquier proyecto que busque resolver un problema aplicando buenas ideas\u201d.<\/p>\n<p>Asimismo, el publicitario ha tenido palabras de agradecimiento hacia la agencia. <strong>\u201cEstoy muy orgulloso de haber podido trabajar en esta gran agencia con creativos de tanto talento,<\/strong> empezando por M\u00f3nica y Raquel, y con clientes excepcionales que confiaron en nosotros y junto a los que pudimos hacer trabajos tan potentes\u201d.<\/p>\n<p>Lav\u00edn, que ya estuvo otros 2 a\u00f1os en McCann en una etapa anterior, <strong>lleva trabajando m\u00e1s de 20 a\u00f1os en agencias.<\/strong> Empez\u00f3 su carrera como redactor en Ogilvy y luego fue Director Creativo en Contrapunto BBDO y DDB; Director Creativo Ejecutivo de Villar-Ros\u00e0s Madrid y Global Creative Director en The Cyranos\/McCann.<\/p>\n<p>Durante este tiempo ha trabajado para muchas de las marcas m\u00e1s relevantes del pa\u00eds, como <strong>Nike, Canal+, Smart, Mercedes Benz, Amnist\u00eda Internacional, Estrella Damm, Coca-Cola<\/strong>, Movistar, Repsol, IKEA, Twitter, Playstation, Burger King, Campofr\u00edo, etc.<\/p>\n<p>Cuenta con <strong>m\u00e1s de 250 premios en festivales nacionales e internacionales<\/strong> y ha sido jurado de casi todos ellos.\u00a0Actualmente es miembro de la Junta Directiva del CdeC, Creative Partner de SYRMO, en San Francisco, y Profesor Asociado del IE Business School.<\/p>\n<p class=\"link-telegram\">\n\t\t\t\t\t\t\t\t\t\t\tNo te pierdas nada de MarketingDirecto.com y \u00fanete a nuestro Telegram t.me\/MarketingDirecto\n\t\t\t\t\t\t\t\t\t\t<\/p>\n<\/p><\/div>\n<p><script>(function(d, s, id) {\n  var js, fjs = d.getElementsByTagName(s)[0];\n  if (d.getElementById(id)) return;\n  js = d.createElement(s); js.id = id;\n  js.src = \"http:\/\/connect.facebook.net\/es_LA\/sdk.js#xfbml=1&appId=408746052611679&version=v2.3\";\n  fjs.parentNode.insertBefore(js, fjs);\n}(document, 'script', 'facebook-jssdk'));<\/script><br \/>\n<br \/>[ad_2]<br \/>\n<br \/><a href=\"https:\/\/www.marketingdirecto.com\/marketing-general\/gente\/jon-lavin-director-creativo-ejecutivo-de-mccann-deja-la-agencia-para-emprender-nuevos-proyectos\">Source link <\/a><\/p>\n","protected":false},"excerpt":{"rendered":"<p>[ad_1] Durante estos a\u00f1os, Lav\u00edn ha estado al frente de algunas de las campa\u00f1as m\u00e1s reconocidas de la agencia, como \u201cCenizas\u201d para Campofr\u00edo o \u201cFresh Prints\u201d para Aldi, Despu\u00e9s de 7 a\u00f1os llevando las riendas de la creatividad de McCann, Jon Lav\u00edn abandona la agencia para emprender nuevos proyectos. \u201cTomar esta decisi\u00f3n puede sorprender porque [&hellip;]<\/p>\n","protected":false},"author":2,"featured_media":6274,"comment_status":"open","ping_status":"open","sticky":false,"template":"","format":"standard","meta":{"footnotes":""},"categories":[2],"tags":[],"class_list":["post-6273","post","type-post","status-publish","format-standard","has-post-thumbnail","hentry","category-noticias-de-marketing-digital"],"yoast_head":"<!-- This site is optimized with the Yoast SEO plugin v27.4 - https:\/\/yoast.com\/product\/yoast-seo-wordpress\/ -->\n<title>Jon Lav\u00edn, director creativo ejecutivo de McCann, deja la agencia para emprender nuevos proyectos - Super News<\/title>\n<meta name=\"robots\" content=\"index, follow, max-snippet:-1, max-image-preview:large, max-video-preview:-1\" \/>\n<link rel=\"canonical\" href=\"https:\/\/super-news.info\/es\/jon-lavin-director-creativo-ejecutivo-de-mccann-deja-la-agencia-para-emprender-nuevos-proyectos\/\" \/>\n<meta property=\"og:locale\" content=\"en_US\" \/>\n<meta property=\"og:type\" content=\"article\" \/>\n<meta property=\"og:title\" content=\"Jon Lav\u00edn, director creativo ejecutivo de McCann, deja la agencia para emprender nuevos proyectos - Super News\" \/>\n<meta property=\"og:description\" content=\"[ad_1] Durante estos a\u00f1os, Lav\u00edn ha estado al frente de algunas de las campa\u00f1as m\u00e1s reconocidas de la agencia, como \u201cCenizas\u201d para Campofr\u00edo o \u201cFresh Prints\u201d para Aldi, Despu\u00e9s de 7 a\u00f1os llevando las riendas de la creatividad de McCann, Jon Lav\u00edn abandona la agencia para emprender nuevos proyectos. \u201cTomar esta decisi\u00f3n puede sorprender porque [&hellip;]\" \/>\n<meta property=\"og:url\" content=\"https:\/\/super-news.info\/es\/jon-lavin-director-creativo-ejecutivo-de-mccann-deja-la-agencia-para-emprender-nuevos-proyectos\/\" \/>\n<meta property=\"og:site_name\" content=\"Super News\" \/>\n<meta property=\"article:published_time\" content=\"2019-07-13T22:15:25+00:00\" \/>\n<meta property=\"article:modified_time\" content=\"2019-07-13T22:15:26+00:00\" \/>\n<meta property=\"og:image\" content=\"https:\/\/super-news.info\/es\/wp-content\/uploads\/sites\/4\/2019\/07\/Jon-Lav\u00edn-director-creativo-ejecutivo-de-McCann-deja-la-agencia.jpg\" \/>\n\t<meta property=\"og:image:width\" content=\"626\" \/>\n\t<meta property=\"og:image:height\" content=\"364\" \/>\n\t<meta property=\"og:image:type\" content=\"image\/jpeg\" \/>\n<meta name=\"author\" content=\"super-news\" \/>\n<meta name=\"twitter:card\" content=\"summary_large_image\" \/>\n<meta name=\"twitter:label1\" content=\"Written by\" \/>\n\t<meta name=\"twitter:data1\" content=\"super-news\" \/>\n\t<meta name=\"twitter:label2\" content=\"Est. reading time\" \/>\n\t<meta name=\"twitter:data2\" content=\"2 minutes\" \/>\n<script type=\"application\/ld+json\" class=\"yoast-schema-graph\">{\"@context\":\"https:\\\/\\\/schema.org\",\"@graph\":[{\"@type\":\"Article\",\"@id\":\"https:\\\/\\\/super-news.info\\\/es\\\/jon-lavin-director-creativo-ejecutivo-de-mccann-deja-la-agencia-para-emprender-nuevos-proyectos\\\/#article\",\"isPartOf\":{\"@id\":\"https:\\\/\\\/super-news.info\\\/es\\\/jon-lavin-director-creativo-ejecutivo-de-mccann-deja-la-agencia-para-emprender-nuevos-proyectos\\\/\"},\"author\":{\"name\":\"super-news\",\"@id\":\"https:\\\/\\\/super-news.info\\\/es\\\/#\\\/schema\\\/person\\\/2d4068cb2f39cd10008c2fce578a7356\"},\"headline\":\"Jon Lav\u00edn, director creativo ejecutivo de McCann, deja la agencia para emprender nuevos proyectos\",\"datePublished\":\"2019-07-13T22:15:25+00:00\",\"dateModified\":\"2019-07-13T22:15:26+00:00\",\"mainEntityOfPage\":{\"@id\":\"https:\\\/\\\/super-news.info\\\/es\\\/jon-lavin-director-creativo-ejecutivo-de-mccann-deja-la-agencia-para-emprender-nuevos-proyectos\\\/\"},\"wordCount\":501,\"commentCount\":0,\"image\":{\"@id\":\"https:\\\/\\\/super-news.info\\\/es\\\/jon-lavin-director-creativo-ejecutivo-de-mccann-deja-la-agencia-para-emprender-nuevos-proyectos\\\/#primaryimage\"},\"thumbnailUrl\":\"https:\\\/\\\/super-news.info\\\/es\\\/wp-content\\\/uploads\\\/sites\\\/4\\\/2019\\\/07\\\/Jon-Lav\u00edn-director-creativo-ejecutivo-de-McCann-deja-la-agencia.jpg\",\"articleSection\":[\"NOTICIAS DE MARKETING DIGITAL\"],\"inLanguage\":\"en-US\",\"potentialAction\":[{\"@type\":\"CommentAction\",\"name\":\"Comment\",\"target\":[\"https:\\\/\\\/super-news.info\\\/es\\\/jon-lavin-director-creativo-ejecutivo-de-mccann-deja-la-agencia-para-emprender-nuevos-proyectos\\\/#respond\"]}]},{\"@type\":\"WebPage\",\"@id\":\"https:\\\/\\\/super-news.info\\\/es\\\/jon-lavin-director-creativo-ejecutivo-de-mccann-deja-la-agencia-para-emprender-nuevos-proyectos\\\/\",\"url\":\"https:\\\/\\\/super-news.info\\\/es\\\/jon-lavin-director-creativo-ejecutivo-de-mccann-deja-la-agencia-para-emprender-nuevos-proyectos\\\/\",\"name\":\"Jon Lav\u00edn, director creativo ejecutivo de McCann, deja la agencia para emprender nuevos proyectos - Super News\",\"isPartOf\":{\"@id\":\"https:\\\/\\\/super-news.info\\\/es\\\/#website\"},\"primaryImageOfPage\":{\"@id\":\"https:\\\/\\\/super-news.info\\\/es\\\/jon-lavin-director-creativo-ejecutivo-de-mccann-deja-la-agencia-para-emprender-nuevos-proyectos\\\/#primaryimage\"},\"image\":{\"@id\":\"https:\\\/\\\/super-news.info\\\/es\\\/jon-lavin-director-creativo-ejecutivo-de-mccann-deja-la-agencia-para-emprender-nuevos-proyectos\\\/#primaryimage\"},\"thumbnailUrl\":\"https:\\\/\\\/super-news.info\\\/es\\\/wp-content\\\/uploads\\\/sites\\\/4\\\/2019\\\/07\\\/Jon-Lav\u00edn-director-creativo-ejecutivo-de-McCann-deja-la-agencia.jpg\",\"datePublished\":\"2019-07-13T22:15:25+00:00\",\"dateModified\":\"2019-07-13T22:15:26+00:00\",\"author\":{\"@id\":\"https:\\\/\\\/super-news.info\\\/es\\\/#\\\/schema\\\/person\\\/2d4068cb2f39cd10008c2fce578a7356\"},\"breadcrumb\":{\"@id\":\"https:\\\/\\\/super-news.info\\\/es\\\/jon-lavin-director-creativo-ejecutivo-de-mccann-deja-la-agencia-para-emprender-nuevos-proyectos\\\/#breadcrumb\"},\"inLanguage\":\"en-US\",\"potentialAction\":[{\"@type\":\"ReadAction\",\"target\":[\"https:\\\/\\\/super-news.info\\\/es\\\/jon-lavin-director-creativo-ejecutivo-de-mccann-deja-la-agencia-para-emprender-nuevos-proyectos\\\/\"]}]},{\"@type\":\"ImageObject\",\"inLanguage\":\"en-US\",\"@id\":\"https:\\\/\\\/super-news.info\\\/es\\\/jon-lavin-director-creativo-ejecutivo-de-mccann-deja-la-agencia-para-emprender-nuevos-proyectos\\\/#primaryimage\",\"url\":\"https:\\\/\\\/super-news.info\\\/es\\\/wp-content\\\/uploads\\\/sites\\\/4\\\/2019\\\/07\\\/Jon-Lav\u00edn-director-creativo-ejecutivo-de-McCann-deja-la-agencia.jpg\",\"contentUrl\":\"https:\\\/\\\/super-news.info\\\/es\\\/wp-content\\\/uploads\\\/sites\\\/4\\\/2019\\\/07\\\/Jon-Lav\u00edn-director-creativo-ejecutivo-de-McCann-deja-la-agencia.jpg\",\"width\":626,\"height\":364,\"caption\":\"jon lavin\"},{\"@type\":\"BreadcrumbList\",\"@id\":\"https:\\\/\\\/super-news.info\\\/es\\\/jon-lavin-director-creativo-ejecutivo-de-mccann-deja-la-agencia-para-emprender-nuevos-proyectos\\\/#breadcrumb\",\"itemListElement\":[{\"@type\":\"ListItem\",\"position\":1,\"name\":\"\u0413\u043b\u0430\u0432\u043d\u0430\u044f \u0441\u0442\u0440\u0430\u043d\u0438\u0446\u0430\",\"item\":\"https:\\\/\\\/super-news.info\\\/es\\\/\"},{\"@type\":\"ListItem\",\"position\":2,\"name\":\"Jon Lav\u00edn, director creativo ejecutivo de McCann, deja la agencia para emprender nuevos proyectos\"}]},{\"@type\":\"WebSite\",\"@id\":\"https:\\\/\\\/super-news.info\\\/es\\\/#website\",\"url\":\"https:\\\/\\\/super-news.info\\\/es\\\/\",\"name\":\"Super News\",\"description\":\"Super News Espa\u00f1a\",\"potentialAction\":[{\"@type\":\"SearchAction\",\"target\":{\"@type\":\"EntryPoint\",\"urlTemplate\":\"https:\\\/\\\/super-news.info\\\/es\\\/?s={search_term_string}\"},\"query-input\":{\"@type\":\"PropertyValueSpecification\",\"valueRequired\":true,\"valueName\":\"search_term_string\"}}],\"inLanguage\":\"en-US\"},{\"@type\":\"Person\",\"@id\":\"https:\\\/\\\/super-news.info\\\/es\\\/#\\\/schema\\\/person\\\/2d4068cb2f39cd10008c2fce578a7356\",\"name\":\"super-news\",\"image\":{\"@type\":\"ImageObject\",\"inLanguage\":\"en-US\",\"@id\":\"https:\\\/\\\/secure.gravatar.com\\\/avatar\\\/64ebac40b93f26a154f8a9b5b6fdccfc46f442b26b3dd6756dbff3bf9dc76fd7?s=96&d=mm&r=g\",\"url\":\"https:\\\/\\\/secure.gravatar.com\\\/avatar\\\/64ebac40b93f26a154f8a9b5b6fdccfc46f442b26b3dd6756dbff3bf9dc76fd7?s=96&d=mm&r=g\",\"contentUrl\":\"https:\\\/\\\/secure.gravatar.com\\\/avatar\\\/64ebac40b93f26a154f8a9b5b6fdccfc46f442b26b3dd6756dbff3bf9dc76fd7?s=96&d=mm&r=g\",\"caption\":\"super-news\"},\"url\":\"https:\\\/\\\/super-news.info\\\/es\\\/author\\\/pt\\\/\"}]}<\/script>\n<!-- \/ Yoast SEO plugin. -->","yoast_head_json":{"title":"Jon Lav\u00edn, director creativo ejecutivo de McCann, deja la agencia para emprender nuevos proyectos - Super News","robots":{"index":"index","follow":"follow","max-snippet":"max-snippet:-1","max-image-preview":"max-image-preview:large","max-video-preview":"max-video-preview:-1"},"canonical":"https:\/\/super-news.info\/es\/jon-lavin-director-creativo-ejecutivo-de-mccann-deja-la-agencia-para-emprender-nuevos-proyectos\/","og_locale":"en_US","og_type":"article","og_title":"Jon Lav\u00edn, director creativo ejecutivo de McCann, deja la agencia para emprender nuevos proyectos - Super News","og_description":"[ad_1] Durante estos a\u00f1os, Lav\u00edn ha estado al frente de algunas de las campa\u00f1as m\u00e1s reconocidas de la agencia, como \u201cCenizas\u201d para Campofr\u00edo o \u201cFresh Prints\u201d para Aldi, Despu\u00e9s de 7 a\u00f1os llevando las riendas de la creatividad de McCann, Jon Lav\u00edn abandona la agencia para emprender nuevos proyectos. \u201cTomar esta decisi\u00f3n puede sorprender porque [&hellip;]","og_url":"https:\/\/super-news.info\/es\/jon-lavin-director-creativo-ejecutivo-de-mccann-deja-la-agencia-para-emprender-nuevos-proyectos\/","og_site_name":"Super News","article_published_time":"2019-07-13T22:15:25+00:00","article_modified_time":"2019-07-13T22:15:26+00:00","og_image":[{"width":626,"height":364,"url":"https:\/\/super-news.info\/es\/wp-content\/uploads\/sites\/4\/2019\/07\/Jon-Lav\u00edn-director-creativo-ejecutivo-de-McCann-deja-la-agencia.jpg","type":"image\/jpeg"}],"author":"super-news","twitter_card":"summary_large_image","twitter_misc":{"Written by":"super-news","Est. reading time":"2 minutes"},"schema":{"@context":"https:\/\/schema.org","@graph":[{"@type":"Article","@id":"https:\/\/super-news.info\/es\/jon-lavin-director-creativo-ejecutivo-de-mccann-deja-la-agencia-para-emprender-nuevos-proyectos\/#article","isPartOf":{"@id":"https:\/\/super-news.info\/es\/jon-lavin-director-creativo-ejecutivo-de-mccann-deja-la-agencia-para-emprender-nuevos-proyectos\/"},"author":{"name":"super-news","@id":"https:\/\/super-news.info\/es\/#\/schema\/person\/2d4068cb2f39cd10008c2fce578a7356"},"headline":"Jon Lav\u00edn, director creativo ejecutivo de McCann, deja la agencia para emprender nuevos proyectos","datePublished":"2019-07-13T22:15:25+00:00","dateModified":"2019-07-13T22:15:26+00:00","mainEntityOfPage":{"@id":"https:\/\/super-news.info\/es\/jon-lavin-director-creativo-ejecutivo-de-mccann-deja-la-agencia-para-emprender-nuevos-proyectos\/"},"wordCount":501,"commentCount":0,"image":{"@id":"https:\/\/super-news.info\/es\/jon-lavin-director-creativo-ejecutivo-de-mccann-deja-la-agencia-para-emprender-nuevos-proyectos\/#primaryimage"},"thumbnailUrl":"https:\/\/super-news.info\/es\/wp-content\/uploads\/sites\/4\/2019\/07\/Jon-Lav\u00edn-director-creativo-ejecutivo-de-McCann-deja-la-agencia.jpg","articleSection":["NOTICIAS DE MARKETING DIGITAL"],"inLanguage":"en-US","potentialAction":[{"@type":"CommentAction","name":"Comment","target":["https:\/\/super-news.info\/es\/jon-lavin-director-creativo-ejecutivo-de-mccann-deja-la-agencia-para-emprender-nuevos-proyectos\/#respond"]}]},{"@type":"WebPage","@id":"https:\/\/super-news.info\/es\/jon-lavin-director-creativo-ejecutivo-de-mccann-deja-la-agencia-para-emprender-nuevos-proyectos\/","url":"https:\/\/super-news.info\/es\/jon-lavin-director-creativo-ejecutivo-de-mccann-deja-la-agencia-para-emprender-nuevos-proyectos\/","name":"Jon Lav\u00edn, director creativo ejecutivo de McCann, deja la agencia para emprender nuevos proyectos - Super News","isPartOf":{"@id":"https:\/\/super-news.info\/es\/#website"},"primaryImageOfPage":{"@id":"https:\/\/super-news.info\/es\/jon-lavin-director-creativo-ejecutivo-de-mccann-deja-la-agencia-para-emprender-nuevos-proyectos\/#primaryimage"},"image":{"@id":"https:\/\/super-news.info\/es\/jon-lavin-director-creativo-ejecutivo-de-mccann-deja-la-agencia-para-emprender-nuevos-proyectos\/#primaryimage"},"thumbnailUrl":"https:\/\/super-news.info\/es\/wp-content\/uploads\/sites\/4\/2019\/07\/Jon-Lav\u00edn-director-creativo-ejecutivo-de-McCann-deja-la-agencia.jpg","datePublished":"2019-07-13T22:15:25+00:00","dateModified":"2019-07-13T22:15:26+00:00","author":{"@id":"https:\/\/super-news.info\/es\/#\/schema\/person\/2d4068cb2f39cd10008c2fce578a7356"},"breadcrumb":{"@id":"https:\/\/super-news.info\/es\/jon-lavin-director-creativo-ejecutivo-de-mccann-deja-la-agencia-para-emprender-nuevos-proyectos\/#breadcrumb"},"inLanguage":"en-US","potentialAction":[{"@type":"ReadAction","target":["https:\/\/super-news.info\/es\/jon-lavin-director-creativo-ejecutivo-de-mccann-deja-la-agencia-para-emprender-nuevos-proyectos\/"]}]},{"@type":"ImageObject","inLanguage":"en-US","@id":"https:\/\/super-news.info\/es\/jon-lavin-director-creativo-ejecutivo-de-mccann-deja-la-agencia-para-emprender-nuevos-proyectos\/#primaryimage","url":"https:\/\/super-news.info\/es\/wp-content\/uploads\/sites\/4\/2019\/07\/Jon-Lav\u00edn-director-creativo-ejecutivo-de-McCann-deja-la-agencia.jpg","contentUrl":"https:\/\/super-news.info\/es\/wp-content\/uploads\/sites\/4\/2019\/07\/Jon-Lav\u00edn-director-creativo-ejecutivo-de-McCann-deja-la-agencia.jpg","width":626,"height":364,"caption":"jon lavin"},{"@type":"BreadcrumbList","@id":"https:\/\/super-news.info\/es\/jon-lavin-director-creativo-ejecutivo-de-mccann-deja-la-agencia-para-emprender-nuevos-proyectos\/#breadcrumb","itemListElement":[{"@type":"ListItem","position":1,"name":"\u0413\u043b\u0430\u0432\u043d\u0430\u044f \u0441\u0442\u0440\u0430\u043d\u0438\u0446\u0430","item":"https:\/\/super-news.info\/es\/"},{"@type":"ListItem","position":2,"name":"Jon Lav\u00edn, director creativo ejecutivo de McCann, deja la agencia para emprender nuevos proyectos"}]},{"@type":"WebSite","@id":"https:\/\/super-news.info\/es\/#website","url":"https:\/\/super-news.info\/es\/","name":"Super News","description":"Super News Espa\u00f1a","potentialAction":[{"@type":"SearchAction","target":{"@type":"EntryPoint","urlTemplate":"https:\/\/super-news.info\/es\/?s={search_term_string}"},"query-input":{"@type":"PropertyValueSpecification","valueRequired":true,"valueName":"search_term_string"}}],"inLanguage":"en-US"},{"@type":"Person","@id":"https:\/\/super-news.info\/es\/#\/schema\/person\/2d4068cb2f39cd10008c2fce578a7356","name":"super-news","image":{"@type":"ImageObject","inLanguage":"en-US","@id":"https:\/\/secure.gravatar.com\/avatar\/64ebac40b93f26a154f8a9b5b6fdccfc46f442b26b3dd6756dbff3bf9dc76fd7?s=96&d=mm&r=g","url":"https:\/\/secure.gravatar.com\/avatar\/64ebac40b93f26a154f8a9b5b6fdccfc46f442b26b3dd6756dbff3bf9dc76fd7?s=96&d=mm&r=g","contentUrl":"https:\/\/secure.gravatar.com\/avatar\/64ebac40b93f26a154f8a9b5b6fdccfc46f442b26b3dd6756dbff3bf9dc76fd7?s=96&d=mm&r=g","caption":"super-news"},"url":"https:\/\/super-news.info\/es\/author\/pt\/"}]}},"_links":{"self":[{"href":"https:\/\/super-news.info\/es\/wp-json\/wp\/v2\/posts\/6273","targetHints":{"allow":["GET"]}}],"collection":[{"href":"https:\/\/super-news.info\/es\/wp-json\/wp\/v2\/posts"}],"about":[{"href":"https:\/\/super-news.info\/es\/wp-json\/wp\/v2\/types\/post"}],"author":[{"embeddable":true,"href":"https:\/\/super-news.info\/es\/wp-json\/wp\/v2\/users\/2"}],"replies":[{"embeddable":true,"href":"https:\/\/super-news.info\/es\/wp-json\/wp\/v2\/comments?post=6273"}],"version-history":[{"count":1,"href":"https:\/\/super-news.info\/es\/wp-json\/wp\/v2\/posts\/6273\/revisions"}],"predecessor-version":[{"id":6275,"href":"https:\/\/super-news.info\/es\/wp-json\/wp\/v2\/posts\/6273\/revisions\/6275"}],"wp:featuredmedia":[{"embeddable":true,"href":"https:\/\/super-news.info\/es\/wp-json\/wp\/v2\/media\/6274"}],"wp:attachment":[{"href":"https:\/\/super-news.info\/es\/wp-json\/wp\/v2\/media?parent=6273"}],"wp:term":[{"taxonomy":"category","embeddable":true,"href":"https:\/\/super-news.info\/es\/wp-json\/wp\/v2\/categories?post=6273"},{"taxonomy":"post_tag","embeddable":true,"href":"https:\/\/super-news.info\/es\/wp-json\/wp\/v2\/tags?post=6273"}],"curies":[{"name":"wp","href":"https:\/\/api.w.org\/{rel}","templated":true}]}}