{"id":6264,"date":"2019-07-13T20:40:53","date_gmt":"2019-07-13T17:40:53","guid":{"rendered":"https:\/\/super-news.info\/es\/cabify-extiende-su-negocio-en-madrid-y-valencia-vtc-y-taxi-en-la-misma-plataforma\/"},"modified":"2019-07-13T20:40:54","modified_gmt":"2019-07-13T17:40:54","slug":"cabify-extiende-su-negocio-en-madrid-y-valencia-vtc-y-taxi-en-la-misma-plataforma","status":"publish","type":"post","link":"https:\/\/super-news.info\/es\/cabify-extiende-su-negocio-en-madrid-y-valencia-vtc-y-taxi-en-la-misma-plataforma\/","title":{"rendered":"Cabify extiende su negocio en Madrid y Valencia: VTC y taxi en la misma plataforma"},"content":{"rendered":"<p> [ad_1]<br \/>\n<\/p>\n<div id=\"textoNoticia\">\n<p class=\"excerpt-single\">Cabify ya ofrece en Madrid y Valencia la contrataci\u00f3n de taxis. Con una flota de 110 veh\u00edculos, la app de movilidad busca ampliar sus servicios para convertirse en una plataforma de movilidad integral. <\/p>\n<p>Aunque la guerra entre el sector del taxi y los VTC contin\u00faa, especialmente tras la suspensi\u00f3n cautelar de la hora de precontrataci\u00f3n de los primeros en Barcelona, <strong>Cabify contin\u00faa la expansi\u00f3n de su negocio<\/strong> tendi\u00e9ndoles la mano a los taxistas.<\/p>\n<p>La app de movilidad <strong>permite a partir de ahora la contrataci\u00f3n de taxis en Madrid y Valencia,<\/strong> una opci\u00f3n que busca ampliarse a otras ciudades y con la que la compa\u00f1\u00eda comienza su estrategia de convertirse en una app de movilidad integral.<\/p>\n<p>Con una flota de taxis compuesta por <strong>100 veh\u00edculos en la capital espa\u00f1ola y 10 en Valencia<\/strong>, la compa\u00f1\u00eda ofrecer\u00e1 un precio estimado del trayecto a los viajeros aunque, por el momento, el coste final ser\u00e1 el que marque el tax\u00edmetro a la espera de la regulaci\u00f3n que permita establecer un precio cerrado en Madrid.<\/p>\n<p>Asimismo, los taxistas, que se han unido a la plataforma a trav\u00e9s de acuerdos particulares, <strong>no estar\u00e1n obligados a llevar un distintivo, ni a ofrecer botellas de agua<\/strong> a los pasajeros, a diferencia de los VTC, y podr\u00e1n seguir recogiendo pasajeros en la calle.<\/p>\n<p>Aunque la oferta de taxis todav\u00eda es reducida, Cabify ha apostado por <strong>menores comisiones que las de sus rivales para atraer al gremio.<\/strong> Asimismo, la compa\u00f1\u00eda afirma que esta oportunidad supondr\u00e1 un aumento estimado de la facturaci\u00f3n de entre el 25% y el 30% para los taxistas.<\/p>\n<p><strong>\u201cA nivel global, cerca de la mitad de los trayectos que se contraten a trav\u00e9s de Cabify los completamos con taxistas.<\/strong> En Espa\u00f1a tambi\u00e9n seguimos avanzando en este camino\u201d, ha comentado Vicente Pascual, jefe de operaciones de Cabify.<\/p>\n<p>Sin embargo, este objetivo en nuestro pa\u00eds se presenta como todo un reto en un momento de gran enfrentamiento con las cooperativas del taxi, poco dispuestas a unirse al que consideran su enemigo en el sector.<\/p>\n<p class=\"link-telegram\">\n\t\t\t\t\t\t\t\t\t\t\tNo te pierdas nada de MarketingDirecto.com y \u00fanete a nuestro Telegram t.me\/MarketingDirecto\n\t\t\t\t\t\t\t\t\t\t<\/p>\n<\/p><\/div>\n<p><script>(function(d, s, id) {\n  var js, fjs = d.getElementsByTagName(s)[0];\n  if (d.getElementById(id)) return;\n  js = d.createElement(s); js.id = id;\n  js.src = \"http:\/\/connect.facebook.net\/es_LA\/sdk.js#xfbml=1&appId=408746052611679&version=v2.3\";\n  fjs.parentNode.insertBefore(js, fjs);\n}(document, 'script', 'facebook-jssdk'));<\/script><br \/>\n<br \/>[ad_2]<br \/>\n<br \/><a href=\"https:\/\/www.marketingdirecto.com\/digital-general\/mobile-marketing\/cabify-extiende-su-negocio-en-madrid-y-valencia-vtc-y-taxi-en-la-misma-plataforma\">Source link <\/a><\/p>\n","protected":false},"excerpt":{"rendered":"<p>[ad_1] Cabify ya ofrece en Madrid y Valencia la contrataci\u00f3n de taxis. Con una flota de 110 veh\u00edculos, la app de movilidad busca ampliar sus servicios para convertirse en una plataforma de movilidad integral. Aunque la guerra entre el sector del taxi y los VTC contin\u00faa, especialmente tras la suspensi\u00f3n cautelar de la hora de [&hellip;]<\/p>\n","protected":false},"author":2,"featured_media":6265,"comment_status":"open","ping_status":"open","sticky":false,"template":"","format":"standard","meta":{"footnotes":""},"categories":[2],"tags":[],"class_list":["post-6264","post","type-post","status-publish","format-standard","has-post-thumbnail","hentry","category-noticias-de-marketing-digital"],"yoast_head":"<!-- This site is optimized with the Yoast SEO plugin v27.4 - https:\/\/yoast.com\/product\/yoast-seo-wordpress\/ -->\n<title>Cabify extiende su negocio en Madrid y Valencia: VTC y taxi en la misma plataforma - Super News<\/title>\n<meta name=\"robots\" content=\"index, follow, max-snippet:-1, max-image-preview:large, max-video-preview:-1\" \/>\n<link rel=\"canonical\" href=\"https:\/\/super-news.info\/es\/cabify-extiende-su-negocio-en-madrid-y-valencia-vtc-y-taxi-en-la-misma-plataforma\/\" \/>\n<meta property=\"og:locale\" content=\"en_US\" \/>\n<meta property=\"og:type\" content=\"article\" \/>\n<meta property=\"og:title\" content=\"Cabify extiende su negocio en Madrid y Valencia: VTC y taxi en la misma plataforma - Super News\" \/>\n<meta property=\"og:description\" content=\"[ad_1] Cabify ya ofrece en Madrid y Valencia la contrataci\u00f3n de taxis. Con una flota de 110 veh\u00edculos, la app de movilidad busca ampliar sus servicios para convertirse en una plataforma de movilidad integral. Aunque la guerra entre el sector del taxi y los VTC contin\u00faa, especialmente tras la suspensi\u00f3n cautelar de la hora de [&hellip;]\" \/>\n<meta property=\"og:url\" content=\"https:\/\/super-news.info\/es\/cabify-extiende-su-negocio-en-madrid-y-valencia-vtc-y-taxi-en-la-misma-plataforma\/\" \/>\n<meta property=\"og:site_name\" content=\"Super News\" \/>\n<meta property=\"article:published_time\" content=\"2019-07-13T17:40:53+00:00\" \/>\n<meta property=\"article:modified_time\" content=\"2019-07-13T17:40:54+00:00\" \/>\n<meta property=\"og:image\" content=\"https:\/\/super-news.info\/es\/wp-content\/uploads\/sites\/4\/2019\/07\/Cabify-extiende-su-negocio-en-Madrid-y-Valencia-VTC-y.jpg\" \/>\n\t<meta property=\"og:image:width\" content=\"626\" \/>\n\t<meta property=\"og:image:height\" content=\"364\" \/>\n\t<meta property=\"og:image:type\" content=\"image\/jpeg\" \/>\n<meta name=\"author\" content=\"super-news\" \/>\n<meta name=\"twitter:card\" content=\"summary_large_image\" \/>\n<meta name=\"twitter:label1\" content=\"Written by\" \/>\n\t<meta name=\"twitter:data1\" content=\"super-news\" \/>\n\t<meta name=\"twitter:label2\" content=\"Est. reading time\" \/>\n\t<meta name=\"twitter:data2\" content=\"2 minutes\" \/>\n<script type=\"application\/ld+json\" class=\"yoast-schema-graph\">{\"@context\":\"https:\\\/\\\/schema.org\",\"@graph\":[{\"@type\":\"Article\",\"@id\":\"https:\\\/\\\/super-news.info\\\/es\\\/cabify-extiende-su-negocio-en-madrid-y-valencia-vtc-y-taxi-en-la-misma-plataforma\\\/#article\",\"isPartOf\":{\"@id\":\"https:\\\/\\\/super-news.info\\\/es\\\/cabify-extiende-su-negocio-en-madrid-y-valencia-vtc-y-taxi-en-la-misma-plataforma\\\/\"},\"author\":{\"name\":\"super-news\",\"@id\":\"https:\\\/\\\/super-news.info\\\/es\\\/#\\\/schema\\\/person\\\/2d4068cb2f39cd10008c2fce578a7356\"},\"headline\":\"Cabify extiende su negocio en Madrid y Valencia: VTC y taxi en la misma plataforma\",\"datePublished\":\"2019-07-13T17:40:53+00:00\",\"dateModified\":\"2019-07-13T17:40:54+00:00\",\"mainEntityOfPage\":{\"@id\":\"https:\\\/\\\/super-news.info\\\/es\\\/cabify-extiende-su-negocio-en-madrid-y-valencia-vtc-y-taxi-en-la-misma-plataforma\\\/\"},\"wordCount\":390,\"commentCount\":0,\"image\":{\"@id\":\"https:\\\/\\\/super-news.info\\\/es\\\/cabify-extiende-su-negocio-en-madrid-y-valencia-vtc-y-taxi-en-la-misma-plataforma\\\/#primaryimage\"},\"thumbnailUrl\":\"https:\\\/\\\/super-news.info\\\/es\\\/wp-content\\\/uploads\\\/sites\\\/4\\\/2019\\\/07\\\/Cabify-extiende-su-negocio-en-Madrid-y-Valencia-VTC-y.jpg\",\"articleSection\":[\"NOTICIAS DE MARKETING DIGITAL\"],\"inLanguage\":\"en-US\",\"potentialAction\":[{\"@type\":\"CommentAction\",\"name\":\"Comment\",\"target\":[\"https:\\\/\\\/super-news.info\\\/es\\\/cabify-extiende-su-negocio-en-madrid-y-valencia-vtc-y-taxi-en-la-misma-plataforma\\\/#respond\"]}]},{\"@type\":\"WebPage\",\"@id\":\"https:\\\/\\\/super-news.info\\\/es\\\/cabify-extiende-su-negocio-en-madrid-y-valencia-vtc-y-taxi-en-la-misma-plataforma\\\/\",\"url\":\"https:\\\/\\\/super-news.info\\\/es\\\/cabify-extiende-su-negocio-en-madrid-y-valencia-vtc-y-taxi-en-la-misma-plataforma\\\/\",\"name\":\"Cabify extiende su negocio en Madrid y Valencia: VTC y taxi en la misma plataforma - Super News\",\"isPartOf\":{\"@id\":\"https:\\\/\\\/super-news.info\\\/es\\\/#website\"},\"primaryImageOfPage\":{\"@id\":\"https:\\\/\\\/super-news.info\\\/es\\\/cabify-extiende-su-negocio-en-madrid-y-valencia-vtc-y-taxi-en-la-misma-plataforma\\\/#primaryimage\"},\"image\":{\"@id\":\"https:\\\/\\\/super-news.info\\\/es\\\/cabify-extiende-su-negocio-en-madrid-y-valencia-vtc-y-taxi-en-la-misma-plataforma\\\/#primaryimage\"},\"thumbnailUrl\":\"https:\\\/\\\/super-news.info\\\/es\\\/wp-content\\\/uploads\\\/sites\\\/4\\\/2019\\\/07\\\/Cabify-extiende-su-negocio-en-Madrid-y-Valencia-VTC-y.jpg\",\"datePublished\":\"2019-07-13T17:40:53+00:00\",\"dateModified\":\"2019-07-13T17:40:54+00:00\",\"author\":{\"@id\":\"https:\\\/\\\/super-news.info\\\/es\\\/#\\\/schema\\\/person\\\/2d4068cb2f39cd10008c2fce578a7356\"},\"breadcrumb\":{\"@id\":\"https:\\\/\\\/super-news.info\\\/es\\\/cabify-extiende-su-negocio-en-madrid-y-valencia-vtc-y-taxi-en-la-misma-plataforma\\\/#breadcrumb\"},\"inLanguage\":\"en-US\",\"potentialAction\":[{\"@type\":\"ReadAction\",\"target\":[\"https:\\\/\\\/super-news.info\\\/es\\\/cabify-extiende-su-negocio-en-madrid-y-valencia-vtc-y-taxi-en-la-misma-plataforma\\\/\"]}]},{\"@type\":\"ImageObject\",\"inLanguage\":\"en-US\",\"@id\":\"https:\\\/\\\/super-news.info\\\/es\\\/cabify-extiende-su-negocio-en-madrid-y-valencia-vtc-y-taxi-en-la-misma-plataforma\\\/#primaryimage\",\"url\":\"https:\\\/\\\/super-news.info\\\/es\\\/wp-content\\\/uploads\\\/sites\\\/4\\\/2019\\\/07\\\/Cabify-extiende-su-negocio-en-Madrid-y-Valencia-VTC-y.jpg\",\"contentUrl\":\"https:\\\/\\\/super-news.info\\\/es\\\/wp-content\\\/uploads\\\/sites\\\/4\\\/2019\\\/07\\\/Cabify-extiende-su-negocio-en-Madrid-y-Valencia-VTC-y.jpg\",\"width\":626,\"height\":364,\"caption\":\"taxi\"},{\"@type\":\"BreadcrumbList\",\"@id\":\"https:\\\/\\\/super-news.info\\\/es\\\/cabify-extiende-su-negocio-en-madrid-y-valencia-vtc-y-taxi-en-la-misma-plataforma\\\/#breadcrumb\",\"itemListElement\":[{\"@type\":\"ListItem\",\"position\":1,\"name\":\"\u0413\u043b\u0430\u0432\u043d\u0430\u044f \u0441\u0442\u0440\u0430\u043d\u0438\u0446\u0430\",\"item\":\"https:\\\/\\\/super-news.info\\\/es\\\/\"},{\"@type\":\"ListItem\",\"position\":2,\"name\":\"Cabify extiende su negocio en Madrid y Valencia: VTC y taxi en la misma plataforma\"}]},{\"@type\":\"WebSite\",\"@id\":\"https:\\\/\\\/super-news.info\\\/es\\\/#website\",\"url\":\"https:\\\/\\\/super-news.info\\\/es\\\/\",\"name\":\"Super News\",\"description\":\"Super News Espa\u00f1a\",\"potentialAction\":[{\"@type\":\"SearchAction\",\"target\":{\"@type\":\"EntryPoint\",\"urlTemplate\":\"https:\\\/\\\/super-news.info\\\/es\\\/?s={search_term_string}\"},\"query-input\":{\"@type\":\"PropertyValueSpecification\",\"valueRequired\":true,\"valueName\":\"search_term_string\"}}],\"inLanguage\":\"en-US\"},{\"@type\":\"Person\",\"@id\":\"https:\\\/\\\/super-news.info\\\/es\\\/#\\\/schema\\\/person\\\/2d4068cb2f39cd10008c2fce578a7356\",\"name\":\"super-news\",\"image\":{\"@type\":\"ImageObject\",\"inLanguage\":\"en-US\",\"@id\":\"https:\\\/\\\/secure.gravatar.com\\\/avatar\\\/64ebac40b93f26a154f8a9b5b6fdccfc46f442b26b3dd6756dbff3bf9dc76fd7?s=96&d=mm&r=g\",\"url\":\"https:\\\/\\\/secure.gravatar.com\\\/avatar\\\/64ebac40b93f26a154f8a9b5b6fdccfc46f442b26b3dd6756dbff3bf9dc76fd7?s=96&d=mm&r=g\",\"contentUrl\":\"https:\\\/\\\/secure.gravatar.com\\\/avatar\\\/64ebac40b93f26a154f8a9b5b6fdccfc46f442b26b3dd6756dbff3bf9dc76fd7?s=96&d=mm&r=g\",\"caption\":\"super-news\"},\"url\":\"https:\\\/\\\/super-news.info\\\/es\\\/author\\\/pt\\\/\"}]}<\/script>\n<!-- \/ Yoast SEO plugin. -->","yoast_head_json":{"title":"Cabify extiende su negocio en Madrid y Valencia: VTC y taxi en la misma plataforma - Super News","robots":{"index":"index","follow":"follow","max-snippet":"max-snippet:-1","max-image-preview":"max-image-preview:large","max-video-preview":"max-video-preview:-1"},"canonical":"https:\/\/super-news.info\/es\/cabify-extiende-su-negocio-en-madrid-y-valencia-vtc-y-taxi-en-la-misma-plataforma\/","og_locale":"en_US","og_type":"article","og_title":"Cabify extiende su negocio en Madrid y Valencia: VTC y taxi en la misma plataforma - Super News","og_description":"[ad_1] Cabify ya ofrece en Madrid y Valencia la contrataci\u00f3n de taxis. Con una flota de 110 veh\u00edculos, la app de movilidad busca ampliar sus servicios para convertirse en una plataforma de movilidad integral. Aunque la guerra entre el sector del taxi y los VTC contin\u00faa, especialmente tras la suspensi\u00f3n cautelar de la hora de [&hellip;]","og_url":"https:\/\/super-news.info\/es\/cabify-extiende-su-negocio-en-madrid-y-valencia-vtc-y-taxi-en-la-misma-plataforma\/","og_site_name":"Super News","article_published_time":"2019-07-13T17:40:53+00:00","article_modified_time":"2019-07-13T17:40:54+00:00","og_image":[{"width":626,"height":364,"url":"https:\/\/super-news.info\/es\/wp-content\/uploads\/sites\/4\/2019\/07\/Cabify-extiende-su-negocio-en-Madrid-y-Valencia-VTC-y.jpg","type":"image\/jpeg"}],"author":"super-news","twitter_card":"summary_large_image","twitter_misc":{"Written by":"super-news","Est. reading time":"2 minutes"},"schema":{"@context":"https:\/\/schema.org","@graph":[{"@type":"Article","@id":"https:\/\/super-news.info\/es\/cabify-extiende-su-negocio-en-madrid-y-valencia-vtc-y-taxi-en-la-misma-plataforma\/#article","isPartOf":{"@id":"https:\/\/super-news.info\/es\/cabify-extiende-su-negocio-en-madrid-y-valencia-vtc-y-taxi-en-la-misma-plataforma\/"},"author":{"name":"super-news","@id":"https:\/\/super-news.info\/es\/#\/schema\/person\/2d4068cb2f39cd10008c2fce578a7356"},"headline":"Cabify extiende su negocio en Madrid y Valencia: VTC y taxi en la misma plataforma","datePublished":"2019-07-13T17:40:53+00:00","dateModified":"2019-07-13T17:40:54+00:00","mainEntityOfPage":{"@id":"https:\/\/super-news.info\/es\/cabify-extiende-su-negocio-en-madrid-y-valencia-vtc-y-taxi-en-la-misma-plataforma\/"},"wordCount":390,"commentCount":0,"image":{"@id":"https:\/\/super-news.info\/es\/cabify-extiende-su-negocio-en-madrid-y-valencia-vtc-y-taxi-en-la-misma-plataforma\/#primaryimage"},"thumbnailUrl":"https:\/\/super-news.info\/es\/wp-content\/uploads\/sites\/4\/2019\/07\/Cabify-extiende-su-negocio-en-Madrid-y-Valencia-VTC-y.jpg","articleSection":["NOTICIAS DE MARKETING DIGITAL"],"inLanguage":"en-US","potentialAction":[{"@type":"CommentAction","name":"Comment","target":["https:\/\/super-news.info\/es\/cabify-extiende-su-negocio-en-madrid-y-valencia-vtc-y-taxi-en-la-misma-plataforma\/#respond"]}]},{"@type":"WebPage","@id":"https:\/\/super-news.info\/es\/cabify-extiende-su-negocio-en-madrid-y-valencia-vtc-y-taxi-en-la-misma-plataforma\/","url":"https:\/\/super-news.info\/es\/cabify-extiende-su-negocio-en-madrid-y-valencia-vtc-y-taxi-en-la-misma-plataforma\/","name":"Cabify extiende su negocio en Madrid y Valencia: VTC y taxi en la misma plataforma - Super News","isPartOf":{"@id":"https:\/\/super-news.info\/es\/#website"},"primaryImageOfPage":{"@id":"https:\/\/super-news.info\/es\/cabify-extiende-su-negocio-en-madrid-y-valencia-vtc-y-taxi-en-la-misma-plataforma\/#primaryimage"},"image":{"@id":"https:\/\/super-news.info\/es\/cabify-extiende-su-negocio-en-madrid-y-valencia-vtc-y-taxi-en-la-misma-plataforma\/#primaryimage"},"thumbnailUrl":"https:\/\/super-news.info\/es\/wp-content\/uploads\/sites\/4\/2019\/07\/Cabify-extiende-su-negocio-en-Madrid-y-Valencia-VTC-y.jpg","datePublished":"2019-07-13T17:40:53+00:00","dateModified":"2019-07-13T17:40:54+00:00","author":{"@id":"https:\/\/super-news.info\/es\/#\/schema\/person\/2d4068cb2f39cd10008c2fce578a7356"},"breadcrumb":{"@id":"https:\/\/super-news.info\/es\/cabify-extiende-su-negocio-en-madrid-y-valencia-vtc-y-taxi-en-la-misma-plataforma\/#breadcrumb"},"inLanguage":"en-US","potentialAction":[{"@type":"ReadAction","target":["https:\/\/super-news.info\/es\/cabify-extiende-su-negocio-en-madrid-y-valencia-vtc-y-taxi-en-la-misma-plataforma\/"]}]},{"@type":"ImageObject","inLanguage":"en-US","@id":"https:\/\/super-news.info\/es\/cabify-extiende-su-negocio-en-madrid-y-valencia-vtc-y-taxi-en-la-misma-plataforma\/#primaryimage","url":"https:\/\/super-news.info\/es\/wp-content\/uploads\/sites\/4\/2019\/07\/Cabify-extiende-su-negocio-en-Madrid-y-Valencia-VTC-y.jpg","contentUrl":"https:\/\/super-news.info\/es\/wp-content\/uploads\/sites\/4\/2019\/07\/Cabify-extiende-su-negocio-en-Madrid-y-Valencia-VTC-y.jpg","width":626,"height":364,"caption":"taxi"},{"@type":"BreadcrumbList","@id":"https:\/\/super-news.info\/es\/cabify-extiende-su-negocio-en-madrid-y-valencia-vtc-y-taxi-en-la-misma-plataforma\/#breadcrumb","itemListElement":[{"@type":"ListItem","position":1,"name":"\u0413\u043b\u0430\u0432\u043d\u0430\u044f \u0441\u0442\u0440\u0430\u043d\u0438\u0446\u0430","item":"https:\/\/super-news.info\/es\/"},{"@type":"ListItem","position":2,"name":"Cabify extiende su negocio en Madrid y Valencia: VTC y taxi en la misma plataforma"}]},{"@type":"WebSite","@id":"https:\/\/super-news.info\/es\/#website","url":"https:\/\/super-news.info\/es\/","name":"Super News","description":"Super News Espa\u00f1a","potentialAction":[{"@type":"SearchAction","target":{"@type":"EntryPoint","urlTemplate":"https:\/\/super-news.info\/es\/?s={search_term_string}"},"query-input":{"@type":"PropertyValueSpecification","valueRequired":true,"valueName":"search_term_string"}}],"inLanguage":"en-US"},{"@type":"Person","@id":"https:\/\/super-news.info\/es\/#\/schema\/person\/2d4068cb2f39cd10008c2fce578a7356","name":"super-news","image":{"@type":"ImageObject","inLanguage":"en-US","@id":"https:\/\/secure.gravatar.com\/avatar\/64ebac40b93f26a154f8a9b5b6fdccfc46f442b26b3dd6756dbff3bf9dc76fd7?s=96&d=mm&r=g","url":"https:\/\/secure.gravatar.com\/avatar\/64ebac40b93f26a154f8a9b5b6fdccfc46f442b26b3dd6756dbff3bf9dc76fd7?s=96&d=mm&r=g","contentUrl":"https:\/\/secure.gravatar.com\/avatar\/64ebac40b93f26a154f8a9b5b6fdccfc46f442b26b3dd6756dbff3bf9dc76fd7?s=96&d=mm&r=g","caption":"super-news"},"url":"https:\/\/super-news.info\/es\/author\/pt\/"}]}},"_links":{"self":[{"href":"https:\/\/super-news.info\/es\/wp-json\/wp\/v2\/posts\/6264","targetHints":{"allow":["GET"]}}],"collection":[{"href":"https:\/\/super-news.info\/es\/wp-json\/wp\/v2\/posts"}],"about":[{"href":"https:\/\/super-news.info\/es\/wp-json\/wp\/v2\/types\/post"}],"author":[{"embeddable":true,"href":"https:\/\/super-news.info\/es\/wp-json\/wp\/v2\/users\/2"}],"replies":[{"embeddable":true,"href":"https:\/\/super-news.info\/es\/wp-json\/wp\/v2\/comments?post=6264"}],"version-history":[{"count":1,"href":"https:\/\/super-news.info\/es\/wp-json\/wp\/v2\/posts\/6264\/revisions"}],"predecessor-version":[{"id":6266,"href":"https:\/\/super-news.info\/es\/wp-json\/wp\/v2\/posts\/6264\/revisions\/6266"}],"wp:featuredmedia":[{"embeddable":true,"href":"https:\/\/super-news.info\/es\/wp-json\/wp\/v2\/media\/6265"}],"wp:attachment":[{"href":"https:\/\/super-news.info\/es\/wp-json\/wp\/v2\/media?parent=6264"}],"wp:term":[{"taxonomy":"category","embeddable":true,"href":"https:\/\/super-news.info\/es\/wp-json\/wp\/v2\/categories?post=6264"},{"taxonomy":"post_tag","embeddable":true,"href":"https:\/\/super-news.info\/es\/wp-json\/wp\/v2\/tags?post=6264"}],"curies":[{"name":"wp","href":"https:\/\/api.w.org\/{rel}","templated":true}]}}