{"id":6219,"date":"2019-07-13T01:07:40","date_gmt":"2019-07-12T22:07:40","guid":{"rendered":"https:\/\/super-news.info\/es\/evento-days-mostro-el-camino-hacia-la-relevancia-a-todos-sus-asistentes\/"},"modified":"2019-07-13T01:07:41","modified_gmt":"2019-07-12T22:07:41","slug":"evento-days-mostro-el-camino-hacia-la-relevancia-a-todos-sus-asistentes","status":"publish","type":"post","link":"https:\/\/super-news.info\/es\/evento-days-mostro-el-camino-hacia-la-relevancia-a-todos-sus-asistentes\/","title":{"rendered":"Evento Days mostr\u00f3 el camino hacia la relevancia a todos sus asistentes"},"content":{"rendered":"<p> [ad_1]<br \/>\n<\/p>\n<div id=\"textoNoticia\">\n<p class=\"excerpt-single\">Los pasados d\u00edas 3 y 4 de julio se celebr\u00f3 la 13\u00aa edici\u00f3n de evento Days en el Pabell\u00f3n 2 de IFEMA Madrid. El gran meeting point reuni\u00f3 a m\u00e1s de 2.000 profesionales del sector de los eventos.&#13;\n<\/p>\n<\/p>\n<p style=\"text-align: left;\">Todo evento tiene un objetivo principal y el de evento Days era hacer que los profesionales del sector de meetings &amp; eventos consiguieran encontrar el camino hacia la relevancia y aprendieran a organizar eventos relevantes para cada audiencia. La relevancia es un punto de encuentro entre lo que se quiere comunicar y lo que desea el target. El contenido de <strong>evento Days se enfoca en tres de los puntos clave de la relevancia: la audiencia, la planificaci\u00f3n y estrategia, y la inspiraci\u00f3n y creatividad.<\/strong><\/p>\n<p><strong>La relevancia aplicada en evento Days<\/strong><\/p>\n<p style=\"text-align: left;\">En esta edici\u00f3n, Grupo Eventoplus (la organizaci\u00f3n del encuentro) implement\u00f3 varias acciones para demostrar c\u00f3mo con la relevancia aplicada, se puede conseguir el objetivo de atracci\u00f3n de la audiencia, una ayuda clara para todos los expositores:<\/p>\n<p style=\"text-align: left;\"><strong>Comunicaci\u00f3n segmentada.<\/strong> La audiencia se clasific\u00f3 entre los diferentes tipos de organizadores de eventos, agencias de eventos, comunicaci\u00f3n, RRPP, viajes\u2026, clientes corporativos, asociaciones y proveedores, y otros perfiles como producers, creativos, compradores&#8230; A cada segmento de profesionales, se comunic\u00f3 el atractivo relevante seg\u00fan sus necesidades y las diferentes experiencias que les esperaban en la feria; adem\u00e1s de mini encuentros con los diferentes colectivos.<\/p>\n<p style=\"text-align: left;\"><strong>Formatos din\u00e1micos y directos.<\/strong> El contenido del encuentro cont\u00f3 con una participaci\u00f3n activa de los expositores y los colaboradores. El programa formativo incluy\u00f3 temas como el reconocimiento facial; los datos en eventos; la nueva ley de registro horario; la digitalizaci\u00f3n de la movilidad en eventos; los e-sports; women in leadership; y un track formativo de festivales por BIME PRO; todos estos de la mano de expertos.<\/p>\n<p><img loading=\"lazy\" decoding=\"async\" class=\"aligncenter size-full wp-image-498067\" src=\"https:\/\/super-news.info\/es\/wp-content\/uploads\/sites\/4\/2019\/07\/1562969260_817_Evento-Days-mostro-el-camino-hacia-la-relevancia-a-todos.jpg\" alt=\"EVENTOPLUS-EVENTODAY\" width=\"626\" height=\"418\"\/><\/p>\n<p style=\"text-align: left;\">Los expositores dieron a conocer sus servicios a trav\u00e9s de formatos din\u00e1micos, entre ellos figuraban los Campfires, (sesiones cortas de 20 minutos para discutir temas emergentes del sector); Elevator Pitchs (30 segundos de fama donde los expositores explicaron su oferta); Walking Tours (visitas tem\u00e1ticas guiadas para descubrir las novedades del sector), entre otros. La organizaci\u00f3n tambi\u00e9n anim\u00f3 a los expositores a organizar actividades, juegos y sorteos para continuar la l\u00ednea de una feria 100% experiencial.<\/p>\n<p style=\"text-align: left;\"><strong>Un Show floor de villages y experiencias. <\/strong>Con solo una vuelta al show floor, los asistentes experimentaron la \u00faltima tecnolog\u00eda para los eventos en el Technology Village, conocieron m\u00faltiples espacios, empresas de catering y de talentos dentro de un village muy animado con escenario para espect\u00e1culos, descubrieron un village dedicado a los regalos y merchandising y exploraron la zona responsable donde se encontraban los expositores y la oferta sostenible.<\/p>\n<p style=\"text-align: left;\">Pantallas voladoras, efectos especiales, hologramas interactivos, brazos rob\u00f3ticos, inteligencia artificial, eventos virtuales, kahoot, quiz, hackathons\u2026 incluso un beauty corner con servicio de maquilladora y fot\u00f3grafo, son solo algunas de las actividades que estuvieron presentes durante los dos d\u00edas de feria.<\/p>\n<p><strong>Cultivando los talentos del futuro<\/strong><\/p>\n<p style=\"text-align: left;\">Se realiz\u00f3 una visi\u00f3n hacia al futuro y se incorpor\u00f3 la secci\u00f3n Startup Lab, que estaba dedicada a las empresas emergentes. Todas ellas tuvieron la ocasi\u00f3n de exponer sus ideas innovadoras, y ser juzgados por un jurado que seleccion\u00f3 la mejor startup de esta edici\u00f3n. Adem\u00e1s los inspiradores j\u00f3venes de eventos tuvieron la sesi\u00f3n de Young Leaders, que ilumin\u00f3 a toda la audiencia con las ideas sobre c\u00f3mo ser\u00e1 el futuro del MICE.<\/p>\n<p>Nota de prensa<\/p>\n<p class=\"link-telegram\">\n\t\t\t\t\t\t\t\t\t\t\tNo te pierdas nada de MarketingDirecto.com y \u00fanete a nuestro Telegram t.me\/MarketingDirecto\n\t\t\t\t\t\t\t\t\t\t<\/p>\n<\/p><\/div>\n<p><script>(function(d, s, id) {\n  var js, fjs = d.getElementsByTagName(s)[0];\n  if (d.getElementById(id)) return;\n  js = d.createElement(s); js.id = id;\n  js.src = \"http:\/\/connect.facebook.net\/es_LA\/sdk.js#xfbml=1&appId=408746052611679&version=v2.3\";\n  fjs.parentNode.insertBefore(js, fjs);\n}(document, 'script', 'facebook-jssdk'));<\/script><br \/>\n<br \/>[ad_2]<br \/>\n<br \/><a href=\"https:\/\/www.marketingdirecto.com\/marketing-general\/eventos-y-formacion\/evento-days-mostro-el-camino-hacia-la-relevancia-a-todos-sus-asistentes\">Source link <\/a><\/p>\n","protected":false},"excerpt":{"rendered":"<p>[ad_1] Los pasados d\u00edas 3 y 4 de julio se celebr\u00f3 la 13\u00aa edici\u00f3n de evento Days en el Pabell\u00f3n 2 de IFEMA Madrid. El gran meeting point reuni\u00f3 a m\u00e1s de 2.000 profesionales del sector de los eventos.&#13; Todo evento tiene un objetivo principal y el de evento Days era hacer que los profesionales [&hellip;]<\/p>\n","protected":false},"author":2,"featured_media":6220,"comment_status":"open","ping_status":"open","sticky":false,"template":"","format":"standard","meta":{"footnotes":""},"categories":[2],"tags":[],"class_list":["post-6219","post","type-post","status-publish","format-standard","has-post-thumbnail","hentry","category-noticias-de-marketing-digital"],"yoast_head":"<!-- This site is optimized with the Yoast SEO plugin v27.4 - https:\/\/yoast.com\/product\/yoast-seo-wordpress\/ -->\n<title>Evento Days mostr\u00f3 el camino hacia la relevancia a todos sus asistentes - Super News<\/title>\n<meta name=\"robots\" content=\"index, follow, max-snippet:-1, max-image-preview:large, max-video-preview:-1\" \/>\n<link rel=\"canonical\" href=\"https:\/\/super-news.info\/es\/evento-days-mostro-el-camino-hacia-la-relevancia-a-todos-sus-asistentes\/\" \/>\n<meta property=\"og:locale\" content=\"en_US\" \/>\n<meta property=\"og:type\" content=\"article\" \/>\n<meta property=\"og:title\" content=\"Evento Days mostr\u00f3 el camino hacia la relevancia a todos sus asistentes - Super News\" \/>\n<meta property=\"og:description\" content=\"[ad_1] Los pasados d\u00edas 3 y 4 de julio se celebr\u00f3 la 13\u00aa edici\u00f3n de evento Days en el Pabell\u00f3n 2 de IFEMA Madrid. El gran meeting point reuni\u00f3 a m\u00e1s de 2.000 profesionales del sector de los eventos.&#013; Todo evento tiene un objetivo principal y el de evento Days era hacer que los profesionales [&hellip;]\" \/>\n<meta property=\"og:url\" content=\"https:\/\/super-news.info\/es\/evento-days-mostro-el-camino-hacia-la-relevancia-a-todos-sus-asistentes\/\" \/>\n<meta property=\"og:site_name\" content=\"Super News\" \/>\n<meta property=\"article:published_time\" content=\"2019-07-12T22:07:40+00:00\" \/>\n<meta property=\"article:modified_time\" content=\"2019-07-12T22:07:41+00:00\" \/>\n<meta property=\"og:image\" content=\"https:\/\/super-news.info\/es\/wp-content\/uploads\/sites\/4\/2019\/07\/Evento-Days-mostr\u00f3-el-camino-hacia-la-relevancia-a-todos.jpg\" \/>\n\t<meta property=\"og:image:width\" content=\"626\" \/>\n\t<meta property=\"og:image:height\" content=\"364\" \/>\n\t<meta property=\"og:image:type\" content=\"image\/jpeg\" \/>\n<meta name=\"author\" content=\"super-news\" \/>\n<meta name=\"twitter:card\" content=\"summary_large_image\" \/>\n<meta name=\"twitter:label1\" content=\"Written by\" \/>\n\t<meta name=\"twitter:data1\" content=\"super-news\" \/>\n\t<meta name=\"twitter:label2\" content=\"Est. reading time\" \/>\n\t<meta name=\"twitter:data2\" content=\"3 minutes\" \/>\n<script type=\"application\/ld+json\" class=\"yoast-schema-graph\">{\"@context\":\"https:\\\/\\\/schema.org\",\"@graph\":[{\"@type\":\"Article\",\"@id\":\"https:\\\/\\\/super-news.info\\\/es\\\/evento-days-mostro-el-camino-hacia-la-relevancia-a-todos-sus-asistentes\\\/#article\",\"isPartOf\":{\"@id\":\"https:\\\/\\\/super-news.info\\\/es\\\/evento-days-mostro-el-camino-hacia-la-relevancia-a-todos-sus-asistentes\\\/\"},\"author\":{\"name\":\"super-news\",\"@id\":\"https:\\\/\\\/super-news.info\\\/es\\\/#\\\/schema\\\/person\\\/2d4068cb2f39cd10008c2fce578a7356\"},\"headline\":\"Evento Days mostr\u00f3 el camino hacia la relevancia a todos sus asistentes\",\"datePublished\":\"2019-07-12T22:07:40+00:00\",\"dateModified\":\"2019-07-12T22:07:41+00:00\",\"mainEntityOfPage\":{\"@id\":\"https:\\\/\\\/super-news.info\\\/es\\\/evento-days-mostro-el-camino-hacia-la-relevancia-a-todos-sus-asistentes\\\/\"},\"wordCount\":618,\"commentCount\":0,\"image\":{\"@id\":\"https:\\\/\\\/super-news.info\\\/es\\\/evento-days-mostro-el-camino-hacia-la-relevancia-a-todos-sus-asistentes\\\/#primaryimage\"},\"thumbnailUrl\":\"https:\\\/\\\/super-news.info\\\/es\\\/wp-content\\\/uploads\\\/sites\\\/4\\\/2019\\\/07\\\/Evento-Days-mostr\u00f3-el-camino-hacia-la-relevancia-a-todos.jpg\",\"articleSection\":[\"NOTICIAS DE MARKETING DIGITAL\"],\"inLanguage\":\"en-US\",\"potentialAction\":[{\"@type\":\"CommentAction\",\"name\":\"Comment\",\"target\":[\"https:\\\/\\\/super-news.info\\\/es\\\/evento-days-mostro-el-camino-hacia-la-relevancia-a-todos-sus-asistentes\\\/#respond\"]}]},{\"@type\":\"WebPage\",\"@id\":\"https:\\\/\\\/super-news.info\\\/es\\\/evento-days-mostro-el-camino-hacia-la-relevancia-a-todos-sus-asistentes\\\/\",\"url\":\"https:\\\/\\\/super-news.info\\\/es\\\/evento-days-mostro-el-camino-hacia-la-relevancia-a-todos-sus-asistentes\\\/\",\"name\":\"Evento Days mostr\u00f3 el camino hacia la relevancia a todos sus asistentes - Super News\",\"isPartOf\":{\"@id\":\"https:\\\/\\\/super-news.info\\\/es\\\/#website\"},\"primaryImageOfPage\":{\"@id\":\"https:\\\/\\\/super-news.info\\\/es\\\/evento-days-mostro-el-camino-hacia-la-relevancia-a-todos-sus-asistentes\\\/#primaryimage\"},\"image\":{\"@id\":\"https:\\\/\\\/super-news.info\\\/es\\\/evento-days-mostro-el-camino-hacia-la-relevancia-a-todos-sus-asistentes\\\/#primaryimage\"},\"thumbnailUrl\":\"https:\\\/\\\/super-news.info\\\/es\\\/wp-content\\\/uploads\\\/sites\\\/4\\\/2019\\\/07\\\/Evento-Days-mostr\u00f3-el-camino-hacia-la-relevancia-a-todos.jpg\",\"datePublished\":\"2019-07-12T22:07:40+00:00\",\"dateModified\":\"2019-07-12T22:07:41+00:00\",\"author\":{\"@id\":\"https:\\\/\\\/super-news.info\\\/es\\\/#\\\/schema\\\/person\\\/2d4068cb2f39cd10008c2fce578a7356\"},\"breadcrumb\":{\"@id\":\"https:\\\/\\\/super-news.info\\\/es\\\/evento-days-mostro-el-camino-hacia-la-relevancia-a-todos-sus-asistentes\\\/#breadcrumb\"},\"inLanguage\":\"en-US\",\"potentialAction\":[{\"@type\":\"ReadAction\",\"target\":[\"https:\\\/\\\/super-news.info\\\/es\\\/evento-days-mostro-el-camino-hacia-la-relevancia-a-todos-sus-asistentes\\\/\"]}]},{\"@type\":\"ImageObject\",\"inLanguage\":\"en-US\",\"@id\":\"https:\\\/\\\/super-news.info\\\/es\\\/evento-days-mostro-el-camino-hacia-la-relevancia-a-todos-sus-asistentes\\\/#primaryimage\",\"url\":\"https:\\\/\\\/super-news.info\\\/es\\\/wp-content\\\/uploads\\\/sites\\\/4\\\/2019\\\/07\\\/Evento-Days-mostr\u00f3-el-camino-hacia-la-relevancia-a-todos.jpg\",\"contentUrl\":\"https:\\\/\\\/super-news.info\\\/es\\\/wp-content\\\/uploads\\\/sites\\\/4\\\/2019\\\/07\\\/Evento-Days-mostr\u00f3-el-camino-hacia-la-relevancia-a-todos.jpg\",\"width\":626,\"height\":364,\"caption\":\"EVENTOPLUS-EVENTODAY\"},{\"@type\":\"BreadcrumbList\",\"@id\":\"https:\\\/\\\/super-news.info\\\/es\\\/evento-days-mostro-el-camino-hacia-la-relevancia-a-todos-sus-asistentes\\\/#breadcrumb\",\"itemListElement\":[{\"@type\":\"ListItem\",\"position\":1,\"name\":\"\u0413\u043b\u0430\u0432\u043d\u0430\u044f \u0441\u0442\u0440\u0430\u043d\u0438\u0446\u0430\",\"item\":\"https:\\\/\\\/super-news.info\\\/es\\\/\"},{\"@type\":\"ListItem\",\"position\":2,\"name\":\"Evento Days mostr\u00f3 el camino hacia la relevancia a todos sus asistentes\"}]},{\"@type\":\"WebSite\",\"@id\":\"https:\\\/\\\/super-news.info\\\/es\\\/#website\",\"url\":\"https:\\\/\\\/super-news.info\\\/es\\\/\",\"name\":\"Super News\",\"description\":\"Super News Espa\u00f1a\",\"potentialAction\":[{\"@type\":\"SearchAction\",\"target\":{\"@type\":\"EntryPoint\",\"urlTemplate\":\"https:\\\/\\\/super-news.info\\\/es\\\/?s={search_term_string}\"},\"query-input\":{\"@type\":\"PropertyValueSpecification\",\"valueRequired\":true,\"valueName\":\"search_term_string\"}}],\"inLanguage\":\"en-US\"},{\"@type\":\"Person\",\"@id\":\"https:\\\/\\\/super-news.info\\\/es\\\/#\\\/schema\\\/person\\\/2d4068cb2f39cd10008c2fce578a7356\",\"name\":\"super-news\",\"image\":{\"@type\":\"ImageObject\",\"inLanguage\":\"en-US\",\"@id\":\"https:\\\/\\\/secure.gravatar.com\\\/avatar\\\/64ebac40b93f26a154f8a9b5b6fdccfc46f442b26b3dd6756dbff3bf9dc76fd7?s=96&d=mm&r=g\",\"url\":\"https:\\\/\\\/secure.gravatar.com\\\/avatar\\\/64ebac40b93f26a154f8a9b5b6fdccfc46f442b26b3dd6756dbff3bf9dc76fd7?s=96&d=mm&r=g\",\"contentUrl\":\"https:\\\/\\\/secure.gravatar.com\\\/avatar\\\/64ebac40b93f26a154f8a9b5b6fdccfc46f442b26b3dd6756dbff3bf9dc76fd7?s=96&d=mm&r=g\",\"caption\":\"super-news\"},\"url\":\"https:\\\/\\\/super-news.info\\\/es\\\/author\\\/pt\\\/\"}]}<\/script>\n<!-- \/ Yoast SEO plugin. -->","yoast_head_json":{"title":"Evento Days mostr\u00f3 el camino hacia la relevancia a todos sus asistentes - Super News","robots":{"index":"index","follow":"follow","max-snippet":"max-snippet:-1","max-image-preview":"max-image-preview:large","max-video-preview":"max-video-preview:-1"},"canonical":"https:\/\/super-news.info\/es\/evento-days-mostro-el-camino-hacia-la-relevancia-a-todos-sus-asistentes\/","og_locale":"en_US","og_type":"article","og_title":"Evento Days mostr\u00f3 el camino hacia la relevancia a todos sus asistentes - Super News","og_description":"[ad_1] Los pasados d\u00edas 3 y 4 de julio se celebr\u00f3 la 13\u00aa edici\u00f3n de evento Days en el Pabell\u00f3n 2 de IFEMA Madrid. El gran meeting point reuni\u00f3 a m\u00e1s de 2.000 profesionales del sector de los eventos.&#13; Todo evento tiene un objetivo principal y el de evento Days era hacer que los profesionales [&hellip;]","og_url":"https:\/\/super-news.info\/es\/evento-days-mostro-el-camino-hacia-la-relevancia-a-todos-sus-asistentes\/","og_site_name":"Super News","article_published_time":"2019-07-12T22:07:40+00:00","article_modified_time":"2019-07-12T22:07:41+00:00","og_image":[{"width":626,"height":364,"url":"https:\/\/super-news.info\/es\/wp-content\/uploads\/sites\/4\/2019\/07\/Evento-Days-mostr\u00f3-el-camino-hacia-la-relevancia-a-todos.jpg","type":"image\/jpeg"}],"author":"super-news","twitter_card":"summary_large_image","twitter_misc":{"Written by":"super-news","Est. reading time":"3 minutes"},"schema":{"@context":"https:\/\/schema.org","@graph":[{"@type":"Article","@id":"https:\/\/super-news.info\/es\/evento-days-mostro-el-camino-hacia-la-relevancia-a-todos-sus-asistentes\/#article","isPartOf":{"@id":"https:\/\/super-news.info\/es\/evento-days-mostro-el-camino-hacia-la-relevancia-a-todos-sus-asistentes\/"},"author":{"name":"super-news","@id":"https:\/\/super-news.info\/es\/#\/schema\/person\/2d4068cb2f39cd10008c2fce578a7356"},"headline":"Evento Days mostr\u00f3 el camino hacia la relevancia a todos sus asistentes","datePublished":"2019-07-12T22:07:40+00:00","dateModified":"2019-07-12T22:07:41+00:00","mainEntityOfPage":{"@id":"https:\/\/super-news.info\/es\/evento-days-mostro-el-camino-hacia-la-relevancia-a-todos-sus-asistentes\/"},"wordCount":618,"commentCount":0,"image":{"@id":"https:\/\/super-news.info\/es\/evento-days-mostro-el-camino-hacia-la-relevancia-a-todos-sus-asistentes\/#primaryimage"},"thumbnailUrl":"https:\/\/super-news.info\/es\/wp-content\/uploads\/sites\/4\/2019\/07\/Evento-Days-mostr\u00f3-el-camino-hacia-la-relevancia-a-todos.jpg","articleSection":["NOTICIAS DE MARKETING DIGITAL"],"inLanguage":"en-US","potentialAction":[{"@type":"CommentAction","name":"Comment","target":["https:\/\/super-news.info\/es\/evento-days-mostro-el-camino-hacia-la-relevancia-a-todos-sus-asistentes\/#respond"]}]},{"@type":"WebPage","@id":"https:\/\/super-news.info\/es\/evento-days-mostro-el-camino-hacia-la-relevancia-a-todos-sus-asistentes\/","url":"https:\/\/super-news.info\/es\/evento-days-mostro-el-camino-hacia-la-relevancia-a-todos-sus-asistentes\/","name":"Evento Days mostr\u00f3 el camino hacia la relevancia a todos sus asistentes - Super News","isPartOf":{"@id":"https:\/\/super-news.info\/es\/#website"},"primaryImageOfPage":{"@id":"https:\/\/super-news.info\/es\/evento-days-mostro-el-camino-hacia-la-relevancia-a-todos-sus-asistentes\/#primaryimage"},"image":{"@id":"https:\/\/super-news.info\/es\/evento-days-mostro-el-camino-hacia-la-relevancia-a-todos-sus-asistentes\/#primaryimage"},"thumbnailUrl":"https:\/\/super-news.info\/es\/wp-content\/uploads\/sites\/4\/2019\/07\/Evento-Days-mostr\u00f3-el-camino-hacia-la-relevancia-a-todos.jpg","datePublished":"2019-07-12T22:07:40+00:00","dateModified":"2019-07-12T22:07:41+00:00","author":{"@id":"https:\/\/super-news.info\/es\/#\/schema\/person\/2d4068cb2f39cd10008c2fce578a7356"},"breadcrumb":{"@id":"https:\/\/super-news.info\/es\/evento-days-mostro-el-camino-hacia-la-relevancia-a-todos-sus-asistentes\/#breadcrumb"},"inLanguage":"en-US","potentialAction":[{"@type":"ReadAction","target":["https:\/\/super-news.info\/es\/evento-days-mostro-el-camino-hacia-la-relevancia-a-todos-sus-asistentes\/"]}]},{"@type":"ImageObject","inLanguage":"en-US","@id":"https:\/\/super-news.info\/es\/evento-days-mostro-el-camino-hacia-la-relevancia-a-todos-sus-asistentes\/#primaryimage","url":"https:\/\/super-news.info\/es\/wp-content\/uploads\/sites\/4\/2019\/07\/Evento-Days-mostr\u00f3-el-camino-hacia-la-relevancia-a-todos.jpg","contentUrl":"https:\/\/super-news.info\/es\/wp-content\/uploads\/sites\/4\/2019\/07\/Evento-Days-mostr\u00f3-el-camino-hacia-la-relevancia-a-todos.jpg","width":626,"height":364,"caption":"EVENTOPLUS-EVENTODAY"},{"@type":"BreadcrumbList","@id":"https:\/\/super-news.info\/es\/evento-days-mostro-el-camino-hacia-la-relevancia-a-todos-sus-asistentes\/#breadcrumb","itemListElement":[{"@type":"ListItem","position":1,"name":"\u0413\u043b\u0430\u0432\u043d\u0430\u044f \u0441\u0442\u0440\u0430\u043d\u0438\u0446\u0430","item":"https:\/\/super-news.info\/es\/"},{"@type":"ListItem","position":2,"name":"Evento Days mostr\u00f3 el camino hacia la relevancia a todos sus asistentes"}]},{"@type":"WebSite","@id":"https:\/\/super-news.info\/es\/#website","url":"https:\/\/super-news.info\/es\/","name":"Super News","description":"Super News Espa\u00f1a","potentialAction":[{"@type":"SearchAction","target":{"@type":"EntryPoint","urlTemplate":"https:\/\/super-news.info\/es\/?s={search_term_string}"},"query-input":{"@type":"PropertyValueSpecification","valueRequired":true,"valueName":"search_term_string"}}],"inLanguage":"en-US"},{"@type":"Person","@id":"https:\/\/super-news.info\/es\/#\/schema\/person\/2d4068cb2f39cd10008c2fce578a7356","name":"super-news","image":{"@type":"ImageObject","inLanguage":"en-US","@id":"https:\/\/secure.gravatar.com\/avatar\/64ebac40b93f26a154f8a9b5b6fdccfc46f442b26b3dd6756dbff3bf9dc76fd7?s=96&d=mm&r=g","url":"https:\/\/secure.gravatar.com\/avatar\/64ebac40b93f26a154f8a9b5b6fdccfc46f442b26b3dd6756dbff3bf9dc76fd7?s=96&d=mm&r=g","contentUrl":"https:\/\/secure.gravatar.com\/avatar\/64ebac40b93f26a154f8a9b5b6fdccfc46f442b26b3dd6756dbff3bf9dc76fd7?s=96&d=mm&r=g","caption":"super-news"},"url":"https:\/\/super-news.info\/es\/author\/pt\/"}]}},"_links":{"self":[{"href":"https:\/\/super-news.info\/es\/wp-json\/wp\/v2\/posts\/6219","targetHints":{"allow":["GET"]}}],"collection":[{"href":"https:\/\/super-news.info\/es\/wp-json\/wp\/v2\/posts"}],"about":[{"href":"https:\/\/super-news.info\/es\/wp-json\/wp\/v2\/types\/post"}],"author":[{"embeddable":true,"href":"https:\/\/super-news.info\/es\/wp-json\/wp\/v2\/users\/2"}],"replies":[{"embeddable":true,"href":"https:\/\/super-news.info\/es\/wp-json\/wp\/v2\/comments?post=6219"}],"version-history":[{"count":1,"href":"https:\/\/super-news.info\/es\/wp-json\/wp\/v2\/posts\/6219\/revisions"}],"predecessor-version":[{"id":6221,"href":"https:\/\/super-news.info\/es\/wp-json\/wp\/v2\/posts\/6219\/revisions\/6221"}],"wp:featuredmedia":[{"embeddable":true,"href":"https:\/\/super-news.info\/es\/wp-json\/wp\/v2\/media\/6220"}],"wp:attachment":[{"href":"https:\/\/super-news.info\/es\/wp-json\/wp\/v2\/media?parent=6219"}],"wp:term":[{"taxonomy":"category","embeddable":true,"href":"https:\/\/super-news.info\/es\/wp-json\/wp\/v2\/categories?post=6219"},{"taxonomy":"post_tag","embeddable":true,"href":"https:\/\/super-news.info\/es\/wp-json\/wp\/v2\/tags?post=6219"}],"curies":[{"name":"wp","href":"https:\/\/api.w.org\/{rel}","templated":true}]}}