{"id":62,"date":"2019-04-12T11:51:02","date_gmt":"2019-04-12T08:51:02","guid":{"rendered":"https:\/\/super-news.info\/es\/ana-botin-pide-a-los-politicos-un-pacto-para-una-agenda-reformista-e-impulsar-la-cohesion-social\/"},"modified":"2019-04-12T11:51:03","modified_gmt":"2019-04-12T08:51:03","slug":"ana-botin-pide-a-los-politicos-un-pacto-para-una-agenda-reformista-e-impulsar-la-cohesion-social","status":"publish","type":"post","link":"https:\/\/super-news.info\/es\/ana-botin-pide-a-los-politicos-un-pacto-para-una-agenda-reformista-e-impulsar-la-cohesion-social\/","title":{"rendered":"Ana Bot\u00edn pide a los pol\u00edticos un pacto para una agenda reformista e impulsar la cohesi\u00f3n social"},"content":{"rendered":"<p> [ad_1]<\/p>\n<div id=\"CuerpoNoticiav2\" itemprop=\"articleBody\">\n<!--inicio FechaNoticia--><\/p>\n<div class=\"FechaPublicacionNoticia\">Publicado 12\/04\/2019 10:37:35<abbr title=\"Central European Time\">CET<\/abbr><\/div>\n<p><!--fin FechaNoticia--><\/p>\n<h3 class=\"subsubhead\">Defiende que la sostenibilidad presupuestaria, las pensiones dignas y la estabilidad institucional son las pol\u00edticas que &#8220;funcionan&#8221;<\/h3>\n<p>   MADRID, 12 Abr. (EUROPA PRESS) &#8211; <\/p>\n<p itemprop=\"description\">   La presidenta de Banco Santander, Ana Bot\u00edn, ha pedido a los partidos pol\u00edticos espa\u00f1oles que sean claros, que huyan del &#8220;cortoplacismo&#8221; y que impulsen una agenda reformista con visi\u00f3n de largo plazo, el crecimiento inclusivo y la cohesi\u00f3n social, asumiendo que tras las pr\u00f3ximas elecciones generales ser\u00e1 necesario un pacto entre las distintas fuerzas para llegar a acuerdos.<\/p>\n<p>   As\u00ed lo ha manifestado durante su discurso inicial en la junta general de accionistas que celebra este viernes la entidad en Santander, en la que ha reclamado a los pol\u00edticos &#8220;responsabilidad y madurez&#8221; para alcanzar &#8220;un pacto por el crecimiento inclusivo&#8221;.<\/p>\n<p>   &#8220;Me gustar\u00eda pedir a los pol\u00edticos que hablen claro. Tras las elecciones necesitamos huir del cortoplacismo e impulsar una agenda reformista con visi\u00f3n de largo plazo y la cohesi\u00f3n social, que solo es posible si los empresarios invierten y crean empleo&#8221;, ha defendido Bot\u00edn justo en la jornada en la que ha comenzado la campa\u00f1a electoral.<\/p>\n<p>   En esta l\u00ednea, la directiva se ha mostrado &#8220;orgullosa&#8221; de Espa\u00f1a y de sus fortalezas, pero ha apuntado la necesidad de un compromiso permanente con la educaci\u00f3n &#8220;gobierne quien gobierne&#8221;, para lo que se requiere una econom\u00eda que genere los recursos para financiar servicios p\u00fablicos de calidad. &#8220;Una econom\u00eda fuerte es la gallina de los huevos de oro&#8221;, ha defendido.<\/p>\n<p>   Para lograrlo, la presidenta del Santander ha apuntado que la sostenibilidad presupuestaria, las pensiones dignas pero sostenibles y la estabilidad institucional para atraer las inversiones son las l\u00edneas de la pol\u00edtica econ\u00f3mica que &#8220;funciona&#8221;.<\/p>\n<p>   Por otro lado, ha apuntado que Espa\u00f1a &#8220;puede y debe recuperar el protagonismo en la construcci\u00f3n europea&#8221;. &#8220;Trabajar por una mayor integraci\u00f3n y participar de las decisiones es tambi\u00e9n nuestra labor. Construir Europa es pol\u00edtica nacional, Europa es la soluci\u00f3n y no el problema&#8221;, ha asegurado.<\/p>\n<h2 class=\"ladillo\">EL BREXIT, UN CANARIO EN LA MINA QUE AVISA DEL PELIGRO<\/h2>\n<p>   Durante su discurso, Ana Bot\u00edn tambi\u00e9n ha se\u00f1alado que la globalizaci\u00f3n, la revoluci\u00f3n digital y el impacto de la crisis financiera han generado &#8220;oleadas de apoyo a favor de programas y pol\u00edticos que cuestionan, y en ocasiones desean, debilitar el orden econ\u00f3mico liberal sobre el que se ha construido la paz y prosperidad en Europa en las \u00faltimas d\u00e9cadas&#8221;.<\/p>\n<p>   En esta l\u00ednea, ha advertido de que el Brexit es el &#8220;canario en la mina&#8221; que avisa de &#8220;los peligros&#8221; de ignorar estas oleadas o minimizar las preocupaciones de las personas sobre sus trabajos, prosperidad y futuro.<\/p>\n<p>   &#8220;Europa no es perfecta, pero es el mejor modelo de democracia contrastado, un modelo de sociedad abierta e inclusiva y de econom\u00eda de mercado. Seamos proactivos, aportemos ideas para construir una Europa a\u00fan mejor&#8221;, ha pedido la presidenta del banco c\u00e1ntabro.<\/p>\n<p>   En cualquier caso, Bot\u00edn ha asegurado que el grupo esta preparado ante el Brexit, a pesar de que contin\u00faa generando incertidumbre. &#8220;Hemos hecho todo lo que est\u00e1 en nuestras manos para estar preparados para la salida de Reino Unido de la UE, ya sea con o sin acuerdo. Pase lo que pase, estaremos ah\u00ed para apoyar a nuestros clientes&#8221;, ha sostenido.<\/p>\n<p>   La presidenta del Banco Santander ha presentado ante los accionistas las principales l\u00edneas del plan estrat\u00e9gico a medio plazo que ha sido presentado recientemente en el Investors Day en Londres, cuyos objetivos son elevar la rentabilidad al 15%, mejorar la ratio de eficiencia entre el 42% y el 45% y generar m\u00e1s capital para llegar al objetivo de m\u00e1xima calidad del 11-12% y aumentar el &#8216;pay out&#8217; al 40-50%.<\/p>\n<h2 class=\"ladillo\">EL SANTANDER CRECE EN EL PRIMER TRIMESTRE<\/h2>\n<p>   Bot\u00edn se ha mostrado convencida de que la entidad lograr\u00e1 cumplir con dichos objetivos, a pesar de que el entorno &#8220;sigue siendo complicado&#8221;. &#8220;El primer trimestre de 2019 supone un buen punto de partida para alcanzar estos objetivos. Crecemos en cr\u00e9ditos y dep\u00f3sitos, aumentamos el n\u00famero de clientes digitales y reducimos la morosidad&#8221;, ha resaltado la directiva.<\/p>\n<p>   Todo esto en un contexto econ\u00f3mico y social &#8220;sin precedentes&#8221; en transformaci\u00f3n y en el que el entorno competitivo de las empresas est\u00e1 cambiando y obliga a todas las entidades a &#8220;asumir mayor responsabilidad&#8221;.<\/p>\n<\/div>\n<p>[ad_2]<br \/>\n<br \/><a href=\"https:\/\/www.europapress.es\/economia\/finanzas-00340\/noticia-ana-botin-pide-politicos-pacto-agenda-reformista-impulsar-cohesion-social-20190412103735.html\">Source link <\/a><\/p>\n","protected":false},"excerpt":{"rendered":"<p>[ad_1] Publicado 12\/04\/2019 10:37:35CET Defiende que la sostenibilidad presupuestaria, las pensiones dignas y la estabilidad institucional son las pol\u00edticas que &#8220;funcionan&#8221; MADRID, 12 Abr. (EUROPA PRESS) &#8211; La presidenta de Banco Santander, Ana Bot\u00edn, ha pedido a los partidos pol\u00edticos espa\u00f1oles que sean claros, que huyan del &#8220;cortoplacismo&#8221; y que impulsen una agenda reformista con [&hellip;]<\/p>\n","protected":false},"author":2,"featured_media":63,"comment_status":"open","ping_status":"open","sticky":false,"template":"","format":"standard","meta":{"footnotes":""},"categories":[1],"tags":[],"class_list":["post-62","post","type-post","status-publish","format-standard","has-post-thumbnail","hentry","category-noticias-financieras"],"yoast_head":"<!-- This site is optimized with the Yoast SEO plugin v27.4 - https:\/\/yoast.com\/product\/yoast-seo-wordpress\/ -->\n<title>Ana Bot\u00edn pide a los pol\u00edticos un pacto para una agenda reformista e impulsar la cohesi\u00f3n social - Super News<\/title>\n<meta name=\"robots\" content=\"index, follow, max-snippet:-1, max-image-preview:large, max-video-preview:-1\" \/>\n<link rel=\"canonical\" href=\"https:\/\/super-news.info\/es\/ana-botin-pide-a-los-politicos-un-pacto-para-una-agenda-reformista-e-impulsar-la-cohesion-social\/\" \/>\n<meta property=\"og:locale\" content=\"en_US\" \/>\n<meta property=\"og:type\" content=\"article\" \/>\n<meta property=\"og:title\" content=\"Ana Bot\u00edn pide a los pol\u00edticos un pacto para una agenda reformista e impulsar la cohesi\u00f3n social - Super News\" \/>\n<meta property=\"og:description\" content=\"[ad_1] Publicado 12\/04\/2019 10:37:35CET Defiende que la sostenibilidad presupuestaria, las pensiones dignas y la estabilidad institucional son las pol\u00edticas que &#8220;funcionan&#8221; MADRID, 12 Abr. (EUROPA PRESS) &#8211; La presidenta de Banco Santander, Ana Bot\u00edn, ha pedido a los partidos pol\u00edticos espa\u00f1oles que sean claros, que huyan del &#8220;cortoplacismo&#8221; y que impulsen una agenda reformista con [&hellip;]\" \/>\n<meta property=\"og:url\" content=\"https:\/\/super-news.info\/es\/ana-botin-pide-a-los-politicos-un-pacto-para-una-agenda-reformista-e-impulsar-la-cohesion-social\/\" \/>\n<meta property=\"og:site_name\" content=\"Super News\" \/>\n<meta property=\"article:published_time\" content=\"2019-04-12T08:51:02+00:00\" \/>\n<meta property=\"article:modified_time\" content=\"2019-04-12T08:51:03+00:00\" \/>\n<meta property=\"og:image\" content=\"https:\/\/super-news.info\/es\/wp-content\/uploads\/sites\/4\/2019\/04\/Ana-Bot\u00edn-pide-a-los-pol\u00edticos-un-pacto-para-una.jpg\" \/>\n\t<meta property=\"og:image:width\" content=\"120\" \/>\n\t<meta property=\"og:image:height\" content=\"80\" \/>\n\t<meta property=\"og:image:type\" content=\"image\/jpeg\" \/>\n<meta name=\"author\" content=\"super-news\" \/>\n<meta name=\"twitter:card\" content=\"summary_large_image\" \/>\n<meta name=\"twitter:label1\" content=\"Written by\" \/>\n\t<meta name=\"twitter:data1\" content=\"super-news\" \/>\n\t<meta name=\"twitter:label2\" content=\"Est. reading time\" \/>\n\t<meta name=\"twitter:data2\" content=\"4 minutes\" \/>\n<script type=\"application\/ld+json\" class=\"yoast-schema-graph\">{\"@context\":\"https:\\\/\\\/schema.org\",\"@graph\":[{\"@type\":\"Article\",\"@id\":\"https:\\\/\\\/super-news.info\\\/es\\\/ana-botin-pide-a-los-politicos-un-pacto-para-una-agenda-reformista-e-impulsar-la-cohesion-social\\\/#article\",\"isPartOf\":{\"@id\":\"https:\\\/\\\/super-news.info\\\/es\\\/ana-botin-pide-a-los-politicos-un-pacto-para-una-agenda-reformista-e-impulsar-la-cohesion-social\\\/\"},\"author\":{\"name\":\"super-news\",\"@id\":\"https:\\\/\\\/super-news.info\\\/es\\\/#\\\/schema\\\/person\\\/2d4068cb2f39cd10008c2fce578a7356\"},\"headline\":\"Ana Bot\u00edn pide a los pol\u00edticos un pacto para una agenda reformista e impulsar la cohesi\u00f3n social\",\"datePublished\":\"2019-04-12T08:51:02+00:00\",\"dateModified\":\"2019-04-12T08:51:03+00:00\",\"mainEntityOfPage\":{\"@id\":\"https:\\\/\\\/super-news.info\\\/es\\\/ana-botin-pide-a-los-politicos-un-pacto-para-una-agenda-reformista-e-impulsar-la-cohesion-social\\\/\"},\"wordCount\":768,\"commentCount\":0,\"image\":{\"@id\":\"https:\\\/\\\/super-news.info\\\/es\\\/ana-botin-pide-a-los-politicos-un-pacto-para-una-agenda-reformista-e-impulsar-la-cohesion-social\\\/#primaryimage\"},\"thumbnailUrl\":\"https:\\\/\\\/super-news.info\\\/es\\\/wp-content\\\/uploads\\\/sites\\\/4\\\/2019\\\/04\\\/Ana-Bot\u00edn-pide-a-los-pol\u00edticos-un-pacto-para-una.jpg\",\"articleSection\":[\"NOTICIAS FINANCIERAS\"],\"inLanguage\":\"en-US\",\"potentialAction\":[{\"@type\":\"CommentAction\",\"name\":\"Comment\",\"target\":[\"https:\\\/\\\/super-news.info\\\/es\\\/ana-botin-pide-a-los-politicos-un-pacto-para-una-agenda-reformista-e-impulsar-la-cohesion-social\\\/#respond\"]}]},{\"@type\":\"WebPage\",\"@id\":\"https:\\\/\\\/super-news.info\\\/es\\\/ana-botin-pide-a-los-politicos-un-pacto-para-una-agenda-reformista-e-impulsar-la-cohesion-social\\\/\",\"url\":\"https:\\\/\\\/super-news.info\\\/es\\\/ana-botin-pide-a-los-politicos-un-pacto-para-una-agenda-reformista-e-impulsar-la-cohesion-social\\\/\",\"name\":\"Ana Bot\u00edn pide a los pol\u00edticos un pacto para una agenda reformista e impulsar la cohesi\u00f3n social - Super News\",\"isPartOf\":{\"@id\":\"https:\\\/\\\/super-news.info\\\/es\\\/#website\"},\"primaryImageOfPage\":{\"@id\":\"https:\\\/\\\/super-news.info\\\/es\\\/ana-botin-pide-a-los-politicos-un-pacto-para-una-agenda-reformista-e-impulsar-la-cohesion-social\\\/#primaryimage\"},\"image\":{\"@id\":\"https:\\\/\\\/super-news.info\\\/es\\\/ana-botin-pide-a-los-politicos-un-pacto-para-una-agenda-reformista-e-impulsar-la-cohesion-social\\\/#primaryimage\"},\"thumbnailUrl\":\"https:\\\/\\\/super-news.info\\\/es\\\/wp-content\\\/uploads\\\/sites\\\/4\\\/2019\\\/04\\\/Ana-Bot\u00edn-pide-a-los-pol\u00edticos-un-pacto-para-una.jpg\",\"datePublished\":\"2019-04-12T08:51:02+00:00\",\"dateModified\":\"2019-04-12T08:51:03+00:00\",\"author\":{\"@id\":\"https:\\\/\\\/super-news.info\\\/es\\\/#\\\/schema\\\/person\\\/2d4068cb2f39cd10008c2fce578a7356\"},\"breadcrumb\":{\"@id\":\"https:\\\/\\\/super-news.info\\\/es\\\/ana-botin-pide-a-los-politicos-un-pacto-para-una-agenda-reformista-e-impulsar-la-cohesion-social\\\/#breadcrumb\"},\"inLanguage\":\"en-US\",\"potentialAction\":[{\"@type\":\"ReadAction\",\"target\":[\"https:\\\/\\\/super-news.info\\\/es\\\/ana-botin-pide-a-los-politicos-un-pacto-para-una-agenda-reformista-e-impulsar-la-cohesion-social\\\/\"]}]},{\"@type\":\"ImageObject\",\"inLanguage\":\"en-US\",\"@id\":\"https:\\\/\\\/super-news.info\\\/es\\\/ana-botin-pide-a-los-politicos-un-pacto-para-una-agenda-reformista-e-impulsar-la-cohesion-social\\\/#primaryimage\",\"url\":\"https:\\\/\\\/super-news.info\\\/es\\\/wp-content\\\/uploads\\\/sites\\\/4\\\/2019\\\/04\\\/Ana-Bot\u00edn-pide-a-los-pol\u00edticos-un-pacto-para-una.jpg\",\"contentUrl\":\"https:\\\/\\\/super-news.info\\\/es\\\/wp-content\\\/uploads\\\/sites\\\/4\\\/2019\\\/04\\\/Ana-Bot\u00edn-pide-a-los-pol\u00edticos-un-pacto-para-una.jpg\",\"width\":120,\"height\":80,\"caption\":\"Ana Bot\u00edn pide a los pol\u00edticos un pacto para una agenda reformista e impulsar la cohesi\u00f3n social\"},{\"@type\":\"BreadcrumbList\",\"@id\":\"https:\\\/\\\/super-news.info\\\/es\\\/ana-botin-pide-a-los-politicos-un-pacto-para-una-agenda-reformista-e-impulsar-la-cohesion-social\\\/#breadcrumb\",\"itemListElement\":[{\"@type\":\"ListItem\",\"position\":1,\"name\":\"\u0413\u043b\u0430\u0432\u043d\u0430\u044f \u0441\u0442\u0440\u0430\u043d\u0438\u0446\u0430\",\"item\":\"https:\\\/\\\/super-news.info\\\/es\\\/\"},{\"@type\":\"ListItem\",\"position\":2,\"name\":\"Ana Bot\u00edn pide a los pol\u00edticos un pacto para una agenda reformista e impulsar la cohesi\u00f3n social\"}]},{\"@type\":\"WebSite\",\"@id\":\"https:\\\/\\\/super-news.info\\\/es\\\/#website\",\"url\":\"https:\\\/\\\/super-news.info\\\/es\\\/\",\"name\":\"Super News\",\"description\":\"Super News Espa\u00f1a\",\"potentialAction\":[{\"@type\":\"SearchAction\",\"target\":{\"@type\":\"EntryPoint\",\"urlTemplate\":\"https:\\\/\\\/super-news.info\\\/es\\\/?s={search_term_string}\"},\"query-input\":{\"@type\":\"PropertyValueSpecification\",\"valueRequired\":true,\"valueName\":\"search_term_string\"}}],\"inLanguage\":\"en-US\"},{\"@type\":\"Person\",\"@id\":\"https:\\\/\\\/super-news.info\\\/es\\\/#\\\/schema\\\/person\\\/2d4068cb2f39cd10008c2fce578a7356\",\"name\":\"super-news\",\"image\":{\"@type\":\"ImageObject\",\"inLanguage\":\"en-US\",\"@id\":\"https:\\\/\\\/secure.gravatar.com\\\/avatar\\\/64ebac40b93f26a154f8a9b5b6fdccfc46f442b26b3dd6756dbff3bf9dc76fd7?s=96&d=mm&r=g\",\"url\":\"https:\\\/\\\/secure.gravatar.com\\\/avatar\\\/64ebac40b93f26a154f8a9b5b6fdccfc46f442b26b3dd6756dbff3bf9dc76fd7?s=96&d=mm&r=g\",\"contentUrl\":\"https:\\\/\\\/secure.gravatar.com\\\/avatar\\\/64ebac40b93f26a154f8a9b5b6fdccfc46f442b26b3dd6756dbff3bf9dc76fd7?s=96&d=mm&r=g\",\"caption\":\"super-news\"},\"url\":\"https:\\\/\\\/super-news.info\\\/es\\\/author\\\/pt\\\/\"}]}<\/script>\n<!-- \/ Yoast SEO plugin. -->","yoast_head_json":{"title":"Ana Bot\u00edn pide a los pol\u00edticos un pacto para una agenda reformista e impulsar la cohesi\u00f3n social - Super News","robots":{"index":"index","follow":"follow","max-snippet":"max-snippet:-1","max-image-preview":"max-image-preview:large","max-video-preview":"max-video-preview:-1"},"canonical":"https:\/\/super-news.info\/es\/ana-botin-pide-a-los-politicos-un-pacto-para-una-agenda-reformista-e-impulsar-la-cohesion-social\/","og_locale":"en_US","og_type":"article","og_title":"Ana Bot\u00edn pide a los pol\u00edticos un pacto para una agenda reformista e impulsar la cohesi\u00f3n social - Super News","og_description":"[ad_1] Publicado 12\/04\/2019 10:37:35CET Defiende que la sostenibilidad presupuestaria, las pensiones dignas y la estabilidad institucional son las pol\u00edticas que &#8220;funcionan&#8221; MADRID, 12 Abr. (EUROPA PRESS) &#8211; La presidenta de Banco Santander, Ana Bot\u00edn, ha pedido a los partidos pol\u00edticos espa\u00f1oles que sean claros, que huyan del &#8220;cortoplacismo&#8221; y que impulsen una agenda reformista con [&hellip;]","og_url":"https:\/\/super-news.info\/es\/ana-botin-pide-a-los-politicos-un-pacto-para-una-agenda-reformista-e-impulsar-la-cohesion-social\/","og_site_name":"Super News","article_published_time":"2019-04-12T08:51:02+00:00","article_modified_time":"2019-04-12T08:51:03+00:00","og_image":[{"width":120,"height":80,"url":"https:\/\/super-news.info\/es\/wp-content\/uploads\/sites\/4\/2019\/04\/Ana-Bot\u00edn-pide-a-los-pol\u00edticos-un-pacto-para-una.jpg","type":"image\/jpeg"}],"author":"super-news","twitter_card":"summary_large_image","twitter_misc":{"Written by":"super-news","Est. reading time":"4 minutes"},"schema":{"@context":"https:\/\/schema.org","@graph":[{"@type":"Article","@id":"https:\/\/super-news.info\/es\/ana-botin-pide-a-los-politicos-un-pacto-para-una-agenda-reformista-e-impulsar-la-cohesion-social\/#article","isPartOf":{"@id":"https:\/\/super-news.info\/es\/ana-botin-pide-a-los-politicos-un-pacto-para-una-agenda-reformista-e-impulsar-la-cohesion-social\/"},"author":{"name":"super-news","@id":"https:\/\/super-news.info\/es\/#\/schema\/person\/2d4068cb2f39cd10008c2fce578a7356"},"headline":"Ana Bot\u00edn pide a los pol\u00edticos un pacto para una agenda reformista e impulsar la cohesi\u00f3n social","datePublished":"2019-04-12T08:51:02+00:00","dateModified":"2019-04-12T08:51:03+00:00","mainEntityOfPage":{"@id":"https:\/\/super-news.info\/es\/ana-botin-pide-a-los-politicos-un-pacto-para-una-agenda-reformista-e-impulsar-la-cohesion-social\/"},"wordCount":768,"commentCount":0,"image":{"@id":"https:\/\/super-news.info\/es\/ana-botin-pide-a-los-politicos-un-pacto-para-una-agenda-reformista-e-impulsar-la-cohesion-social\/#primaryimage"},"thumbnailUrl":"https:\/\/super-news.info\/es\/wp-content\/uploads\/sites\/4\/2019\/04\/Ana-Bot\u00edn-pide-a-los-pol\u00edticos-un-pacto-para-una.jpg","articleSection":["NOTICIAS FINANCIERAS"],"inLanguage":"en-US","potentialAction":[{"@type":"CommentAction","name":"Comment","target":["https:\/\/super-news.info\/es\/ana-botin-pide-a-los-politicos-un-pacto-para-una-agenda-reformista-e-impulsar-la-cohesion-social\/#respond"]}]},{"@type":"WebPage","@id":"https:\/\/super-news.info\/es\/ana-botin-pide-a-los-politicos-un-pacto-para-una-agenda-reformista-e-impulsar-la-cohesion-social\/","url":"https:\/\/super-news.info\/es\/ana-botin-pide-a-los-politicos-un-pacto-para-una-agenda-reformista-e-impulsar-la-cohesion-social\/","name":"Ana Bot\u00edn pide a los pol\u00edticos un pacto para una agenda reformista e impulsar la cohesi\u00f3n social - Super News","isPartOf":{"@id":"https:\/\/super-news.info\/es\/#website"},"primaryImageOfPage":{"@id":"https:\/\/super-news.info\/es\/ana-botin-pide-a-los-politicos-un-pacto-para-una-agenda-reformista-e-impulsar-la-cohesion-social\/#primaryimage"},"image":{"@id":"https:\/\/super-news.info\/es\/ana-botin-pide-a-los-politicos-un-pacto-para-una-agenda-reformista-e-impulsar-la-cohesion-social\/#primaryimage"},"thumbnailUrl":"https:\/\/super-news.info\/es\/wp-content\/uploads\/sites\/4\/2019\/04\/Ana-Bot\u00edn-pide-a-los-pol\u00edticos-un-pacto-para-una.jpg","datePublished":"2019-04-12T08:51:02+00:00","dateModified":"2019-04-12T08:51:03+00:00","author":{"@id":"https:\/\/super-news.info\/es\/#\/schema\/person\/2d4068cb2f39cd10008c2fce578a7356"},"breadcrumb":{"@id":"https:\/\/super-news.info\/es\/ana-botin-pide-a-los-politicos-un-pacto-para-una-agenda-reformista-e-impulsar-la-cohesion-social\/#breadcrumb"},"inLanguage":"en-US","potentialAction":[{"@type":"ReadAction","target":["https:\/\/super-news.info\/es\/ana-botin-pide-a-los-politicos-un-pacto-para-una-agenda-reformista-e-impulsar-la-cohesion-social\/"]}]},{"@type":"ImageObject","inLanguage":"en-US","@id":"https:\/\/super-news.info\/es\/ana-botin-pide-a-los-politicos-un-pacto-para-una-agenda-reformista-e-impulsar-la-cohesion-social\/#primaryimage","url":"https:\/\/super-news.info\/es\/wp-content\/uploads\/sites\/4\/2019\/04\/Ana-Bot\u00edn-pide-a-los-pol\u00edticos-un-pacto-para-una.jpg","contentUrl":"https:\/\/super-news.info\/es\/wp-content\/uploads\/sites\/4\/2019\/04\/Ana-Bot\u00edn-pide-a-los-pol\u00edticos-un-pacto-para-una.jpg","width":120,"height":80,"caption":"Ana Bot\u00edn pide a los pol\u00edticos un pacto para una agenda reformista e impulsar la cohesi\u00f3n social"},{"@type":"BreadcrumbList","@id":"https:\/\/super-news.info\/es\/ana-botin-pide-a-los-politicos-un-pacto-para-una-agenda-reformista-e-impulsar-la-cohesion-social\/#breadcrumb","itemListElement":[{"@type":"ListItem","position":1,"name":"\u0413\u043b\u0430\u0432\u043d\u0430\u044f \u0441\u0442\u0440\u0430\u043d\u0438\u0446\u0430","item":"https:\/\/super-news.info\/es\/"},{"@type":"ListItem","position":2,"name":"Ana Bot\u00edn pide a los pol\u00edticos un pacto para una agenda reformista e impulsar la cohesi\u00f3n social"}]},{"@type":"WebSite","@id":"https:\/\/super-news.info\/es\/#website","url":"https:\/\/super-news.info\/es\/","name":"Super News","description":"Super News Espa\u00f1a","potentialAction":[{"@type":"SearchAction","target":{"@type":"EntryPoint","urlTemplate":"https:\/\/super-news.info\/es\/?s={search_term_string}"},"query-input":{"@type":"PropertyValueSpecification","valueRequired":true,"valueName":"search_term_string"}}],"inLanguage":"en-US"},{"@type":"Person","@id":"https:\/\/super-news.info\/es\/#\/schema\/person\/2d4068cb2f39cd10008c2fce578a7356","name":"super-news","image":{"@type":"ImageObject","inLanguage":"en-US","@id":"https:\/\/secure.gravatar.com\/avatar\/64ebac40b93f26a154f8a9b5b6fdccfc46f442b26b3dd6756dbff3bf9dc76fd7?s=96&d=mm&r=g","url":"https:\/\/secure.gravatar.com\/avatar\/64ebac40b93f26a154f8a9b5b6fdccfc46f442b26b3dd6756dbff3bf9dc76fd7?s=96&d=mm&r=g","contentUrl":"https:\/\/secure.gravatar.com\/avatar\/64ebac40b93f26a154f8a9b5b6fdccfc46f442b26b3dd6756dbff3bf9dc76fd7?s=96&d=mm&r=g","caption":"super-news"},"url":"https:\/\/super-news.info\/es\/author\/pt\/"}]}},"_links":{"self":[{"href":"https:\/\/super-news.info\/es\/wp-json\/wp\/v2\/posts\/62","targetHints":{"allow":["GET"]}}],"collection":[{"href":"https:\/\/super-news.info\/es\/wp-json\/wp\/v2\/posts"}],"about":[{"href":"https:\/\/super-news.info\/es\/wp-json\/wp\/v2\/types\/post"}],"author":[{"embeddable":true,"href":"https:\/\/super-news.info\/es\/wp-json\/wp\/v2\/users\/2"}],"replies":[{"embeddable":true,"href":"https:\/\/super-news.info\/es\/wp-json\/wp\/v2\/comments?post=62"}],"version-history":[{"count":1,"href":"https:\/\/super-news.info\/es\/wp-json\/wp\/v2\/posts\/62\/revisions"}],"predecessor-version":[{"id":64,"href":"https:\/\/super-news.info\/es\/wp-json\/wp\/v2\/posts\/62\/revisions\/64"}],"wp:featuredmedia":[{"embeddable":true,"href":"https:\/\/super-news.info\/es\/wp-json\/wp\/v2\/media\/63"}],"wp:attachment":[{"href":"https:\/\/super-news.info\/es\/wp-json\/wp\/v2\/media?parent=62"}],"wp:term":[{"taxonomy":"category","embeddable":true,"href":"https:\/\/super-news.info\/es\/wp-json\/wp\/v2\/categories?post=62"},{"taxonomy":"post_tag","embeddable":true,"href":"https:\/\/super-news.info\/es\/wp-json\/wp\/v2\/tags?post=62"}],"curies":[{"name":"wp","href":"https:\/\/api.w.org\/{rel}","templated":true}]}}