{"id":6180,"date":"2019-07-12T16:09:32","date_gmt":"2019-07-12T13:09:32","guid":{"rendered":"https:\/\/super-news.info\/es\/sofia-ruiz-nueva-directora-de-marketing-y-comunicacion-de-exterion-media-espana\/"},"modified":"2019-07-12T16:09:33","modified_gmt":"2019-07-12T13:09:33","slug":"sofia-ruiz-nueva-directora-de-marketing-y-comunicacion-de-exterion-media-espana","status":"publish","type":"post","link":"https:\/\/super-news.info\/es\/sofia-ruiz-nueva-directora-de-marketing-y-comunicacion-de-exterion-media-espana\/","title":{"rendered":"Sof\u00eda Ruiz, nueva directora de Marketing y Comunicaci\u00f3n de Exterion Media Espa\u00f1a"},"content":{"rendered":"<p> [ad_1]<br \/>\n<\/p>\n<div id=\"textoNoticia\">\n<p class=\"excerpt-single\">Con m\u00e1s de 20 a\u00f1os de experiencia profesional en el sector, Ruiz impulsar\u00e1 la estrategia de marketing y de comunicaci\u00f3n en un momento clave de expansi\u00f3n para la compa\u00f1\u00eda.<\/p>\n<p>Exterion Media, compa\u00f1\u00eda l\u00edder en audiencias de Publicidad Exterior, ha nombrado a<strong> Sof\u00eda Ruiz nueva directora de Marketing y Comunicaci\u00f3n.<\/strong> Con m\u00e1s de 20 a\u00f1os de experiencia en marketing y ventas en el mundo de los medios, Ruiz aportar\u00e1 a la compa\u00f1\u00eda su visi\u00f3n estrat\u00e9gica e ideas en un momento clave de expansi\u00f3n para la compa\u00f1\u00eda.<\/p>\n<p>Antes de su incorporaci\u00f3n a Exterion Media, <strong>ha sido directora de Marketing de la Unidad de Revistas de Grupo Zeta<\/strong>, donde ha dado soporte y ha establecido el plan de marketing para un portfolio de m\u00e1s de veinte publicaciones online y offline, entre las que se encuentran cabeceras como Cuore, Woman, Viajar, Disney Channel o Stilo.<\/p>\n<p>Previamente, <strong>tambi\u00e9n dirigi\u00f3 la estrategia de marketing en Prisma Publicaciones<\/strong> (Grupo Planeta), dando soporte a publicaciones de estilo de vida como Phychologies, Interiores, Lonely Planet Traveller, Historia y Vida, o Redes (de Eduard Punset), as\u00ed como dirigiendo el plan de lanzamiento de la revista Grazia Espa\u00f1a y la revista masculina Dapper.<\/p>\n<p>Durante su etapa anterior en Focus Ediciones (Grupo Edipresse) tambi\u00e9n gestion\u00f3 y dirigi\u00f3 los lanzamientos de otras cabeceras como FHM, Stuff, Revolution, Citizen K y Sie7e.<\/p>\n<p>Pero su experiencia va m\u00e1s all\u00e1 de los medios de prensa escrita y online, pues Sof\u00eda <strong>comenz\u00f3 su trayectoria como directora de contenidos de varios programas de TV<\/strong> durante su etapa en Plural Entertainment (Grupo Prisa), as\u00ed como en varias productoras televisivas.<\/p>\n<p>Ruiz comenta ante su nueva etapa: \u201cMe encantar\u00eda aportar un toque lifestyle a los soportes de exterior para convertirlos en canales de entretenimiento, propuestas de creatividad visual e innovaci\u00f3n, a la vez que aportan valor a la propia ciudad y las personas que viven en ella\u201d.<\/p>\n<p>Borja Balanzat, director general de Exterion Media Espa\u00f1a, se\u00f1ala que \u201cestamos convencidos de que la dilatada experiencia de Sof\u00eda va a ser de gran valor para el presente y futuro de Exterion Media. Su amplio conocimiento en el sector medios, junto con su larga trayectoria en puestos relevantes de compa\u00f1\u00edas l\u00edderes, la har\u00e1n una pieza clave en la estrategia de crecimiento y desarrollo de nuestra compa\u00f1\u00eda\u201d.<\/p>\n<p>Sof\u00eda Ruiz es licenciada en Publicidad y Marketing en el Centro Superior de Gesti\u00f3n Formatik Center (homologado por la Universidad de Louisiana) y posee un M\u00e1ster en Marketing y Comunicaci\u00f3n Digital en IMF-CEU.<\/p>\n<p>Con esta incorporaci\u00f3n, el equipo de Exterion Media, formado por unas 80 personas entre su oficina central en Madrid y sus 8 delegaciones regionales, queda reforzado y preparado para una nueva etapa de mayor actividad y nuevos retos para la compa\u00f1\u00eda.<\/p>\n<p><em>Nota de prensa<\/em><\/p>\n<p class=\"link-telegram\">\n\t\t\t\t\t\t\t\t\t\t\tNo te pierdas nada de MarketingDirecto.com y \u00fanete a nuestro Telegram t.me\/MarketingDirecto\n\t\t\t\t\t\t\t\t\t\t<\/p>\n<\/p><\/div>\n<p><script>(function(d, s, id) {\n  var js, fjs = d.getElementsByTagName(s)[0];\n  if (d.getElementById(id)) return;\n  js = d.createElement(s); js.id = id;\n  js.src = \"http:\/\/connect.facebook.net\/es_LA\/sdk.js#xfbml=1&appId=408746052611679&version=v2.3\";\n  fjs.parentNode.insertBefore(js, fjs);\n}(document, 'script', 'facebook-jssdk'));<\/script><br \/>\n<br \/>[ad_2]<br \/>\n<br \/><a href=\"https:\/\/www.marketingdirecto.com\/marketing-general\/gente\/sofia-ruiz-nueva-directora-de-marketing-y-comunicacion-de-exterion-media-espana\">Source link <\/a><\/p>\n","protected":false},"excerpt":{"rendered":"<p>[ad_1] Con m\u00e1s de 20 a\u00f1os de experiencia profesional en el sector, Ruiz impulsar\u00e1 la estrategia de marketing y de comunicaci\u00f3n en un momento clave de expansi\u00f3n para la compa\u00f1\u00eda. Exterion Media, compa\u00f1\u00eda l\u00edder en audiencias de Publicidad Exterior, ha nombrado a Sof\u00eda Ruiz nueva directora de Marketing y Comunicaci\u00f3n. Con m\u00e1s de 20 a\u00f1os [&hellip;]<\/p>\n","protected":false},"author":2,"featured_media":6181,"comment_status":"open","ping_status":"open","sticky":false,"template":"","format":"standard","meta":{"footnotes":""},"categories":[2],"tags":[],"class_list":["post-6180","post","type-post","status-publish","format-standard","has-post-thumbnail","hentry","category-noticias-de-marketing-digital"],"yoast_head":"<!-- This site is optimized with the Yoast SEO plugin v27.4 - https:\/\/yoast.com\/product\/yoast-seo-wordpress\/ -->\n<title>Sof\u00eda Ruiz, nueva directora de Marketing y Comunicaci\u00f3n de Exterion Media Espa\u00f1a - Super News<\/title>\n<meta name=\"robots\" content=\"index, follow, max-snippet:-1, max-image-preview:large, max-video-preview:-1\" \/>\n<link rel=\"canonical\" href=\"https:\/\/super-news.info\/es\/sofia-ruiz-nueva-directora-de-marketing-y-comunicacion-de-exterion-media-espana\/\" \/>\n<meta property=\"og:locale\" content=\"en_US\" \/>\n<meta property=\"og:type\" content=\"article\" \/>\n<meta property=\"og:title\" content=\"Sof\u00eda Ruiz, nueva directora de Marketing y Comunicaci\u00f3n de Exterion Media Espa\u00f1a - Super News\" \/>\n<meta property=\"og:description\" content=\"[ad_1] Con m\u00e1s de 20 a\u00f1os de experiencia profesional en el sector, Ruiz impulsar\u00e1 la estrategia de marketing y de comunicaci\u00f3n en un momento clave de expansi\u00f3n para la compa\u00f1\u00eda. Exterion Media, compa\u00f1\u00eda l\u00edder en audiencias de Publicidad Exterior, ha nombrado a Sof\u00eda Ruiz nueva directora de Marketing y Comunicaci\u00f3n. Con m\u00e1s de 20 a\u00f1os [&hellip;]\" \/>\n<meta property=\"og:url\" content=\"https:\/\/super-news.info\/es\/sofia-ruiz-nueva-directora-de-marketing-y-comunicacion-de-exterion-media-espana\/\" \/>\n<meta property=\"og:site_name\" content=\"Super News\" \/>\n<meta property=\"article:published_time\" content=\"2019-07-12T13:09:32+00:00\" \/>\n<meta property=\"article:modified_time\" content=\"2019-07-12T13:09:33+00:00\" \/>\n<meta property=\"og:image\" content=\"https:\/\/super-news.info\/es\/wp-content\/uploads\/sites\/4\/2019\/07\/Sof\u00eda-Ruiz-nueva-directora-de-Marketing-y-Comunicaci\u00f3n-de-Exterion.jpg\" \/>\n\t<meta property=\"og:image:width\" content=\"626\" \/>\n\t<meta property=\"og:image:height\" content=\"364\" \/>\n\t<meta property=\"og:image:type\" content=\"image\/jpeg\" \/>\n<meta name=\"author\" content=\"super-news\" \/>\n<meta name=\"twitter:card\" content=\"summary_large_image\" \/>\n<meta name=\"twitter:label1\" content=\"Written by\" \/>\n\t<meta name=\"twitter:data1\" content=\"super-news\" \/>\n\t<meta name=\"twitter:label2\" content=\"Est. reading time\" \/>\n\t<meta name=\"twitter:data2\" content=\"3 minutes\" \/>\n<script type=\"application\/ld+json\" class=\"yoast-schema-graph\">{\"@context\":\"https:\\\/\\\/schema.org\",\"@graph\":[{\"@type\":\"Article\",\"@id\":\"https:\\\/\\\/super-news.info\\\/es\\\/sofia-ruiz-nueva-directora-de-marketing-y-comunicacion-de-exterion-media-espana\\\/#article\",\"isPartOf\":{\"@id\":\"https:\\\/\\\/super-news.info\\\/es\\\/sofia-ruiz-nueva-directora-de-marketing-y-comunicacion-de-exterion-media-espana\\\/\"},\"author\":{\"name\":\"super-news\",\"@id\":\"https:\\\/\\\/super-news.info\\\/es\\\/#\\\/schema\\\/person\\\/2d4068cb2f39cd10008c2fce578a7356\"},\"headline\":\"Sof\u00eda Ruiz, nueva directora de Marketing y Comunicaci\u00f3n de Exterion Media Espa\u00f1a\",\"datePublished\":\"2019-07-12T13:09:32+00:00\",\"dateModified\":\"2019-07-12T13:09:33+00:00\",\"mainEntityOfPage\":{\"@id\":\"https:\\\/\\\/super-news.info\\\/es\\\/sofia-ruiz-nueva-directora-de-marketing-y-comunicacion-de-exterion-media-espana\\\/\"},\"wordCount\":518,\"commentCount\":0,\"image\":{\"@id\":\"https:\\\/\\\/super-news.info\\\/es\\\/sofia-ruiz-nueva-directora-de-marketing-y-comunicacion-de-exterion-media-espana\\\/#primaryimage\"},\"thumbnailUrl\":\"https:\\\/\\\/super-news.info\\\/es\\\/wp-content\\\/uploads\\\/sites\\\/4\\\/2019\\\/07\\\/Sof\u00eda-Ruiz-nueva-directora-de-Marketing-y-Comunicaci\u00f3n-de-Exterion.jpg\",\"articleSection\":[\"NOTICIAS DE MARKETING DIGITAL\"],\"inLanguage\":\"en-US\",\"potentialAction\":[{\"@type\":\"CommentAction\",\"name\":\"Comment\",\"target\":[\"https:\\\/\\\/super-news.info\\\/es\\\/sofia-ruiz-nueva-directora-de-marketing-y-comunicacion-de-exterion-media-espana\\\/#respond\"]}]},{\"@type\":\"WebPage\",\"@id\":\"https:\\\/\\\/super-news.info\\\/es\\\/sofia-ruiz-nueva-directora-de-marketing-y-comunicacion-de-exterion-media-espana\\\/\",\"url\":\"https:\\\/\\\/super-news.info\\\/es\\\/sofia-ruiz-nueva-directora-de-marketing-y-comunicacion-de-exterion-media-espana\\\/\",\"name\":\"Sof\u00eda Ruiz, nueva directora de Marketing y Comunicaci\u00f3n de Exterion Media Espa\u00f1a - Super News\",\"isPartOf\":{\"@id\":\"https:\\\/\\\/super-news.info\\\/es\\\/#website\"},\"primaryImageOfPage\":{\"@id\":\"https:\\\/\\\/super-news.info\\\/es\\\/sofia-ruiz-nueva-directora-de-marketing-y-comunicacion-de-exterion-media-espana\\\/#primaryimage\"},\"image\":{\"@id\":\"https:\\\/\\\/super-news.info\\\/es\\\/sofia-ruiz-nueva-directora-de-marketing-y-comunicacion-de-exterion-media-espana\\\/#primaryimage\"},\"thumbnailUrl\":\"https:\\\/\\\/super-news.info\\\/es\\\/wp-content\\\/uploads\\\/sites\\\/4\\\/2019\\\/07\\\/Sof\u00eda-Ruiz-nueva-directora-de-Marketing-y-Comunicaci\u00f3n-de-Exterion.jpg\",\"datePublished\":\"2019-07-12T13:09:32+00:00\",\"dateModified\":\"2019-07-12T13:09:33+00:00\",\"author\":{\"@id\":\"https:\\\/\\\/super-news.info\\\/es\\\/#\\\/schema\\\/person\\\/2d4068cb2f39cd10008c2fce578a7356\"},\"breadcrumb\":{\"@id\":\"https:\\\/\\\/super-news.info\\\/es\\\/sofia-ruiz-nueva-directora-de-marketing-y-comunicacion-de-exterion-media-espana\\\/#breadcrumb\"},\"inLanguage\":\"en-US\",\"potentialAction\":[{\"@type\":\"ReadAction\",\"target\":[\"https:\\\/\\\/super-news.info\\\/es\\\/sofia-ruiz-nueva-directora-de-marketing-y-comunicacion-de-exterion-media-espana\\\/\"]}]},{\"@type\":\"ImageObject\",\"inLanguage\":\"en-US\",\"@id\":\"https:\\\/\\\/super-news.info\\\/es\\\/sofia-ruiz-nueva-directora-de-marketing-y-comunicacion-de-exterion-media-espana\\\/#primaryimage\",\"url\":\"https:\\\/\\\/super-news.info\\\/es\\\/wp-content\\\/uploads\\\/sites\\\/4\\\/2019\\\/07\\\/Sof\u00eda-Ruiz-nueva-directora-de-Marketing-y-Comunicaci\u00f3n-de-Exterion.jpg\",\"contentUrl\":\"https:\\\/\\\/super-news.info\\\/es\\\/wp-content\\\/uploads\\\/sites\\\/4\\\/2019\\\/07\\\/Sof\u00eda-Ruiz-nueva-directora-de-Marketing-y-Comunicaci\u00f3n-de-Exterion.jpg\",\"width\":626,\"height\":364,\"caption\":\"sofia ruiz\"},{\"@type\":\"BreadcrumbList\",\"@id\":\"https:\\\/\\\/super-news.info\\\/es\\\/sofia-ruiz-nueva-directora-de-marketing-y-comunicacion-de-exterion-media-espana\\\/#breadcrumb\",\"itemListElement\":[{\"@type\":\"ListItem\",\"position\":1,\"name\":\"\u0413\u043b\u0430\u0432\u043d\u0430\u044f \u0441\u0442\u0440\u0430\u043d\u0438\u0446\u0430\",\"item\":\"https:\\\/\\\/super-news.info\\\/es\\\/\"},{\"@type\":\"ListItem\",\"position\":2,\"name\":\"Sof\u00eda Ruiz, nueva directora de Marketing y Comunicaci\u00f3n de Exterion Media Espa\u00f1a\"}]},{\"@type\":\"WebSite\",\"@id\":\"https:\\\/\\\/super-news.info\\\/es\\\/#website\",\"url\":\"https:\\\/\\\/super-news.info\\\/es\\\/\",\"name\":\"Super News\",\"description\":\"Super News Espa\u00f1a\",\"potentialAction\":[{\"@type\":\"SearchAction\",\"target\":{\"@type\":\"EntryPoint\",\"urlTemplate\":\"https:\\\/\\\/super-news.info\\\/es\\\/?s={search_term_string}\"},\"query-input\":{\"@type\":\"PropertyValueSpecification\",\"valueRequired\":true,\"valueName\":\"search_term_string\"}}],\"inLanguage\":\"en-US\"},{\"@type\":\"Person\",\"@id\":\"https:\\\/\\\/super-news.info\\\/es\\\/#\\\/schema\\\/person\\\/2d4068cb2f39cd10008c2fce578a7356\",\"name\":\"super-news\",\"image\":{\"@type\":\"ImageObject\",\"inLanguage\":\"en-US\",\"@id\":\"https:\\\/\\\/secure.gravatar.com\\\/avatar\\\/64ebac40b93f26a154f8a9b5b6fdccfc46f442b26b3dd6756dbff3bf9dc76fd7?s=96&d=mm&r=g\",\"url\":\"https:\\\/\\\/secure.gravatar.com\\\/avatar\\\/64ebac40b93f26a154f8a9b5b6fdccfc46f442b26b3dd6756dbff3bf9dc76fd7?s=96&d=mm&r=g\",\"contentUrl\":\"https:\\\/\\\/secure.gravatar.com\\\/avatar\\\/64ebac40b93f26a154f8a9b5b6fdccfc46f442b26b3dd6756dbff3bf9dc76fd7?s=96&d=mm&r=g\",\"caption\":\"super-news\"},\"url\":\"https:\\\/\\\/super-news.info\\\/es\\\/author\\\/pt\\\/\"}]}<\/script>\n<!-- \/ Yoast SEO plugin. -->","yoast_head_json":{"title":"Sof\u00eda Ruiz, nueva directora de Marketing y Comunicaci\u00f3n de Exterion Media Espa\u00f1a - Super News","robots":{"index":"index","follow":"follow","max-snippet":"max-snippet:-1","max-image-preview":"max-image-preview:large","max-video-preview":"max-video-preview:-1"},"canonical":"https:\/\/super-news.info\/es\/sofia-ruiz-nueva-directora-de-marketing-y-comunicacion-de-exterion-media-espana\/","og_locale":"en_US","og_type":"article","og_title":"Sof\u00eda Ruiz, nueva directora de Marketing y Comunicaci\u00f3n de Exterion Media Espa\u00f1a - Super News","og_description":"[ad_1] Con m\u00e1s de 20 a\u00f1os de experiencia profesional en el sector, Ruiz impulsar\u00e1 la estrategia de marketing y de comunicaci\u00f3n en un momento clave de expansi\u00f3n para la compa\u00f1\u00eda. Exterion Media, compa\u00f1\u00eda l\u00edder en audiencias de Publicidad Exterior, ha nombrado a Sof\u00eda Ruiz nueva directora de Marketing y Comunicaci\u00f3n. Con m\u00e1s de 20 a\u00f1os [&hellip;]","og_url":"https:\/\/super-news.info\/es\/sofia-ruiz-nueva-directora-de-marketing-y-comunicacion-de-exterion-media-espana\/","og_site_name":"Super News","article_published_time":"2019-07-12T13:09:32+00:00","article_modified_time":"2019-07-12T13:09:33+00:00","og_image":[{"width":626,"height":364,"url":"https:\/\/super-news.info\/es\/wp-content\/uploads\/sites\/4\/2019\/07\/Sof\u00eda-Ruiz-nueva-directora-de-Marketing-y-Comunicaci\u00f3n-de-Exterion.jpg","type":"image\/jpeg"}],"author":"super-news","twitter_card":"summary_large_image","twitter_misc":{"Written by":"super-news","Est. reading time":"3 minutes"},"schema":{"@context":"https:\/\/schema.org","@graph":[{"@type":"Article","@id":"https:\/\/super-news.info\/es\/sofia-ruiz-nueva-directora-de-marketing-y-comunicacion-de-exterion-media-espana\/#article","isPartOf":{"@id":"https:\/\/super-news.info\/es\/sofia-ruiz-nueva-directora-de-marketing-y-comunicacion-de-exterion-media-espana\/"},"author":{"name":"super-news","@id":"https:\/\/super-news.info\/es\/#\/schema\/person\/2d4068cb2f39cd10008c2fce578a7356"},"headline":"Sof\u00eda Ruiz, nueva directora de Marketing y Comunicaci\u00f3n de Exterion Media Espa\u00f1a","datePublished":"2019-07-12T13:09:32+00:00","dateModified":"2019-07-12T13:09:33+00:00","mainEntityOfPage":{"@id":"https:\/\/super-news.info\/es\/sofia-ruiz-nueva-directora-de-marketing-y-comunicacion-de-exterion-media-espana\/"},"wordCount":518,"commentCount":0,"image":{"@id":"https:\/\/super-news.info\/es\/sofia-ruiz-nueva-directora-de-marketing-y-comunicacion-de-exterion-media-espana\/#primaryimage"},"thumbnailUrl":"https:\/\/super-news.info\/es\/wp-content\/uploads\/sites\/4\/2019\/07\/Sof\u00eda-Ruiz-nueva-directora-de-Marketing-y-Comunicaci\u00f3n-de-Exterion.jpg","articleSection":["NOTICIAS DE MARKETING DIGITAL"],"inLanguage":"en-US","potentialAction":[{"@type":"CommentAction","name":"Comment","target":["https:\/\/super-news.info\/es\/sofia-ruiz-nueva-directora-de-marketing-y-comunicacion-de-exterion-media-espana\/#respond"]}]},{"@type":"WebPage","@id":"https:\/\/super-news.info\/es\/sofia-ruiz-nueva-directora-de-marketing-y-comunicacion-de-exterion-media-espana\/","url":"https:\/\/super-news.info\/es\/sofia-ruiz-nueva-directora-de-marketing-y-comunicacion-de-exterion-media-espana\/","name":"Sof\u00eda Ruiz, nueva directora de Marketing y Comunicaci\u00f3n de Exterion Media Espa\u00f1a - Super News","isPartOf":{"@id":"https:\/\/super-news.info\/es\/#website"},"primaryImageOfPage":{"@id":"https:\/\/super-news.info\/es\/sofia-ruiz-nueva-directora-de-marketing-y-comunicacion-de-exterion-media-espana\/#primaryimage"},"image":{"@id":"https:\/\/super-news.info\/es\/sofia-ruiz-nueva-directora-de-marketing-y-comunicacion-de-exterion-media-espana\/#primaryimage"},"thumbnailUrl":"https:\/\/super-news.info\/es\/wp-content\/uploads\/sites\/4\/2019\/07\/Sof\u00eda-Ruiz-nueva-directora-de-Marketing-y-Comunicaci\u00f3n-de-Exterion.jpg","datePublished":"2019-07-12T13:09:32+00:00","dateModified":"2019-07-12T13:09:33+00:00","author":{"@id":"https:\/\/super-news.info\/es\/#\/schema\/person\/2d4068cb2f39cd10008c2fce578a7356"},"breadcrumb":{"@id":"https:\/\/super-news.info\/es\/sofia-ruiz-nueva-directora-de-marketing-y-comunicacion-de-exterion-media-espana\/#breadcrumb"},"inLanguage":"en-US","potentialAction":[{"@type":"ReadAction","target":["https:\/\/super-news.info\/es\/sofia-ruiz-nueva-directora-de-marketing-y-comunicacion-de-exterion-media-espana\/"]}]},{"@type":"ImageObject","inLanguage":"en-US","@id":"https:\/\/super-news.info\/es\/sofia-ruiz-nueva-directora-de-marketing-y-comunicacion-de-exterion-media-espana\/#primaryimage","url":"https:\/\/super-news.info\/es\/wp-content\/uploads\/sites\/4\/2019\/07\/Sof\u00eda-Ruiz-nueva-directora-de-Marketing-y-Comunicaci\u00f3n-de-Exterion.jpg","contentUrl":"https:\/\/super-news.info\/es\/wp-content\/uploads\/sites\/4\/2019\/07\/Sof\u00eda-Ruiz-nueva-directora-de-Marketing-y-Comunicaci\u00f3n-de-Exterion.jpg","width":626,"height":364,"caption":"sofia ruiz"},{"@type":"BreadcrumbList","@id":"https:\/\/super-news.info\/es\/sofia-ruiz-nueva-directora-de-marketing-y-comunicacion-de-exterion-media-espana\/#breadcrumb","itemListElement":[{"@type":"ListItem","position":1,"name":"\u0413\u043b\u0430\u0432\u043d\u0430\u044f \u0441\u0442\u0440\u0430\u043d\u0438\u0446\u0430","item":"https:\/\/super-news.info\/es\/"},{"@type":"ListItem","position":2,"name":"Sof\u00eda Ruiz, nueva directora de Marketing y Comunicaci\u00f3n de Exterion Media Espa\u00f1a"}]},{"@type":"WebSite","@id":"https:\/\/super-news.info\/es\/#website","url":"https:\/\/super-news.info\/es\/","name":"Super News","description":"Super News Espa\u00f1a","potentialAction":[{"@type":"SearchAction","target":{"@type":"EntryPoint","urlTemplate":"https:\/\/super-news.info\/es\/?s={search_term_string}"},"query-input":{"@type":"PropertyValueSpecification","valueRequired":true,"valueName":"search_term_string"}}],"inLanguage":"en-US"},{"@type":"Person","@id":"https:\/\/super-news.info\/es\/#\/schema\/person\/2d4068cb2f39cd10008c2fce578a7356","name":"super-news","image":{"@type":"ImageObject","inLanguage":"en-US","@id":"https:\/\/secure.gravatar.com\/avatar\/64ebac40b93f26a154f8a9b5b6fdccfc46f442b26b3dd6756dbff3bf9dc76fd7?s=96&d=mm&r=g","url":"https:\/\/secure.gravatar.com\/avatar\/64ebac40b93f26a154f8a9b5b6fdccfc46f442b26b3dd6756dbff3bf9dc76fd7?s=96&d=mm&r=g","contentUrl":"https:\/\/secure.gravatar.com\/avatar\/64ebac40b93f26a154f8a9b5b6fdccfc46f442b26b3dd6756dbff3bf9dc76fd7?s=96&d=mm&r=g","caption":"super-news"},"url":"https:\/\/super-news.info\/es\/author\/pt\/"}]}},"_links":{"self":[{"href":"https:\/\/super-news.info\/es\/wp-json\/wp\/v2\/posts\/6180","targetHints":{"allow":["GET"]}}],"collection":[{"href":"https:\/\/super-news.info\/es\/wp-json\/wp\/v2\/posts"}],"about":[{"href":"https:\/\/super-news.info\/es\/wp-json\/wp\/v2\/types\/post"}],"author":[{"embeddable":true,"href":"https:\/\/super-news.info\/es\/wp-json\/wp\/v2\/users\/2"}],"replies":[{"embeddable":true,"href":"https:\/\/super-news.info\/es\/wp-json\/wp\/v2\/comments?post=6180"}],"version-history":[{"count":1,"href":"https:\/\/super-news.info\/es\/wp-json\/wp\/v2\/posts\/6180\/revisions"}],"predecessor-version":[{"id":6182,"href":"https:\/\/super-news.info\/es\/wp-json\/wp\/v2\/posts\/6180\/revisions\/6182"}],"wp:featuredmedia":[{"embeddable":true,"href":"https:\/\/super-news.info\/es\/wp-json\/wp\/v2\/media\/6181"}],"wp:attachment":[{"href":"https:\/\/super-news.info\/es\/wp-json\/wp\/v2\/media?parent=6180"}],"wp:term":[{"taxonomy":"category","embeddable":true,"href":"https:\/\/super-news.info\/es\/wp-json\/wp\/v2\/categories?post=6180"},{"taxonomy":"post_tag","embeddable":true,"href":"https:\/\/super-news.info\/es\/wp-json\/wp\/v2\/tags?post=6180"}],"curies":[{"name":"wp","href":"https:\/\/api.w.org\/{rel}","templated":true}]}}