{"id":6177,"date":"2019-07-12T15:16:30","date_gmt":"2019-07-12T12:16:30","guid":{"rendered":"https:\/\/super-news.info\/es\/montero-mantiene-que-se-equiparara-el-diesel-a-la-gasolina-y-rechaza-abaratar-el-despido\/"},"modified":"2019-07-12T15:16:31","modified_gmt":"2019-07-12T12:16:31","slug":"montero-mantiene-que-se-equiparara-el-diesel-a-la-gasolina-y-rechaza-abaratar-el-despido","status":"publish","type":"post","link":"https:\/\/super-news.info\/es\/montero-mantiene-que-se-equiparara-el-diesel-a-la-gasolina-y-rechaza-abaratar-el-despido\/","title":{"rendered":"Montero mantiene que se equiparar\u00e1 el di\u00e9sel a la gasolina y rechaza abaratar el despido"},"content":{"rendered":"<p> [ad_1]<\/p>\n<div id=\"CuerpoNoticiav2\" itemprop=\"articleBody\">\n<p>MADRID, 12 Jul. (EUROPA PRESS) &#8211;  <\/p>\n<p itemprop=\"description\">   La ministra de Hacienda, Mar\u00eda Jes\u00fas Montero, ha afirmado este viernes que el Gobierno mantiene su intenci\u00f3n de subir el precio del di\u00e9sel para equipararlo progresivamente al de la gasolina, en l\u00ednea con las peticiones de la OCDE de subir los impuestos de los combustibles por el impacto medioambiental, si bien ha rechazado la petici\u00f3n del organismo de abaratar los despidos.<\/p>\n<p>   &#8220;Toda Europa se tiene que poner las pilas en fiscalidad medioambiental, el medio ambiente no espera&#8221;, ha se\u00f1alado Monero en declaraciones en La Sexta, recogidas por Europa Press, en las que ha afirmado que el Gobierno mantiene su medida, recogida en el proyecto de Presupuestos de 2019, de ir &#8220;de forma progresiva equiparando el di\u00e9sel a la gasolina, sin que ello tenga impacto en los conductores profesionales&#8221;.<\/p>\n<p>   Montero ha indicado que no tiene &#8220;ning\u00fan sentido&#8221; que no exista la equiparaci\u00f3n impositiva entre los dos combustibles, y ha subrayado que la propuesta de la OCDE est\u00e1 &#8220;en consonancia&#8221; con lo que ven\u00eda transmitiendo ya el Ejecutivo de Pedro S\u00e1nchez.<\/p>\n<p>   Seg\u00fan la ministra, la equiparaci\u00f3n entre gasoil y gasolina es una medida &#8220;disuasoria&#8221; m\u00e1s que &#8220;recaudatoria&#8221;, y las tasas en materia de fiscalidad medioambiental deber\u00edan implantarse de forma &#8220;un\u00e1nime&#8221; en todos los pa\u00edses de la UE, al ser una cuesti\u00f3n relativa a la &#8220;emergencia&#8221; del cambio clim\u00e1tico. &#8220;Todo lo que no hagamos ahora no va a tener capacidad de recuperaci\u00f3n en el futuro&#8221;, ha apostillado.<\/p>\n<h2 class=\"ladillo\">&#8220;NO VAMOS A FACILITAR DESPIDOS E INDEMNIZACIONES A LA BAJA&#8221;<\/h2>\n<p>   Respecto a la propuesta de la OCDE de equiparar contratos temporales y fijos y abaratar as\u00ed el despido, Montero ha enfatizado que para el Gobierno es una &#8220;prioridad&#8221; luchar contra la precariedad laboral y que se cree empleo de calidad, por lo que en el futuro se estudiar\u00e1 una &#8220;f\u00f3rmula&#8221; para disminuir m\u00e1s la precariedad, tras los primeros pasos dados a trav\u00e9s de Inspecci\u00f3n de Trabajo.<\/p>\n<p>   En este sentido, ha abogado por &#8220;ahondar&#8221; en estas medidas contra la precariedad. &#8220;No vamos a compartir los despidos a la baja y las indemnizaciones a la baja que hagan que muchas f\u00f3rmulas neoliberales relativas a la materia provoquen una mayor facilidad de despido&#8221;, ha remarcado.<\/p>\n<p>   En su lugar, ha apostado por el di\u00e1logo social, el nuevo Estatuto de los Trabajadores y por derogar los aspectos m\u00e1s lesivos de la reforma laboral de 2012, puntos que espera poder negociar con Unidas Podemos.<\/p>\n<p>   La ministra en funciones ha mostrado su confianza en poder formar Gobierno &#8220;cuanto antes&#8221; que presente las cuentas p\u00fablicas, que &#8220;podr\u00e1n ser del a\u00f1o 2019 o de 2020, dependiendo del momento&#8221;, a pesar de que ayer la ministra de Econom\u00eda en funciones, Nadia Calvi\u00f1o, dio por hecho que no ver\u00e1n la luz las cuentas p\u00fablicas del ejercicio actual.<\/p>\n<p>   &#8220;Est\u00e1 en juego la gobernabilidad del pa\u00eds, no se puede comportar como el perro del hortelano&#8221;, ha a\u00f1adido Montero sobre las formaciones de derechas en referencia a las negociaciones para conformar Ejecutivo.<\/p>\n<\/div>\n<p>[ad_2]<br \/>\n<br \/><a href=\"https:\/\/www.europapress.es\/economia\/macroeconomia-00338\/noticia-montero-mantiene-equiparara-diesel-gasolina-rechaza-abaratar-despido-20190712130840.html\">Source link <\/a><\/p>\n","protected":false},"excerpt":{"rendered":"<p>[ad_1] MADRID, 12 Jul. (EUROPA PRESS) &#8211; La ministra de Hacienda, Mar\u00eda Jes\u00fas Montero, ha afirmado este viernes que el Gobierno mantiene su intenci\u00f3n de subir el precio del di\u00e9sel para equipararlo progresivamente al de la gasolina, en l\u00ednea con las peticiones de la OCDE de subir los impuestos de los combustibles por el impacto [&hellip;]<\/p>\n","protected":false},"author":2,"featured_media":6178,"comment_status":"open","ping_status":"open","sticky":false,"template":"","format":"standard","meta":{"footnotes":""},"categories":[1],"tags":[],"class_list":["post-6177","post","type-post","status-publish","format-standard","has-post-thumbnail","hentry","category-noticias-financieras"],"yoast_head":"<!-- This site is optimized with the Yoast SEO plugin v27.4 - https:\/\/yoast.com\/product\/yoast-seo-wordpress\/ -->\n<title>Montero mantiene que se equiparar\u00e1 el di\u00e9sel a la gasolina y rechaza abaratar el despido - Super News<\/title>\n<meta name=\"robots\" content=\"index, follow, max-snippet:-1, max-image-preview:large, max-video-preview:-1\" \/>\n<link rel=\"canonical\" href=\"https:\/\/super-news.info\/es\/montero-mantiene-que-se-equiparara-el-diesel-a-la-gasolina-y-rechaza-abaratar-el-despido\/\" \/>\n<meta property=\"og:locale\" content=\"en_US\" \/>\n<meta property=\"og:type\" content=\"article\" \/>\n<meta property=\"og:title\" content=\"Montero mantiene que se equiparar\u00e1 el di\u00e9sel a la gasolina y rechaza abaratar el despido - Super News\" \/>\n<meta property=\"og:description\" content=\"[ad_1] MADRID, 12 Jul. (EUROPA PRESS) &#8211; La ministra de Hacienda, Mar\u00eda Jes\u00fas Montero, ha afirmado este viernes que el Gobierno mantiene su intenci\u00f3n de subir el precio del di\u00e9sel para equipararlo progresivamente al de la gasolina, en l\u00ednea con las peticiones de la OCDE de subir los impuestos de los combustibles por el impacto [&hellip;]\" \/>\n<meta property=\"og:url\" content=\"https:\/\/super-news.info\/es\/montero-mantiene-que-se-equiparara-el-diesel-a-la-gasolina-y-rechaza-abaratar-el-despido\/\" \/>\n<meta property=\"og:site_name\" content=\"Super News\" \/>\n<meta property=\"article:published_time\" content=\"2019-07-12T12:16:30+00:00\" \/>\n<meta property=\"article:modified_time\" content=\"2019-07-12T12:16:31+00:00\" \/>\n<meta property=\"og:image\" content=\"https:\/\/super-news.info\/es\/wp-content\/uploads\/sites\/4\/2019\/07\/Montero-mantiene-que-se-equiparar\u00e1-el-di\u00e9sel-a-la-gasolina.jpg\" \/>\n\t<meta property=\"og:image:width\" content=\"120\" \/>\n\t<meta property=\"og:image:height\" content=\"135\" \/>\n\t<meta property=\"og:image:type\" content=\"image\/jpeg\" \/>\n<meta name=\"author\" content=\"super-news\" \/>\n<meta name=\"twitter:card\" content=\"summary_large_image\" \/>\n<meta name=\"twitter:label1\" content=\"Written by\" \/>\n\t<meta name=\"twitter:data1\" content=\"super-news\" \/>\n\t<meta name=\"twitter:label2\" content=\"Est. reading time\" \/>\n\t<meta name=\"twitter:data2\" content=\"3 minutes\" \/>\n<script type=\"application\/ld+json\" class=\"yoast-schema-graph\">{\"@context\":\"https:\\\/\\\/schema.org\",\"@graph\":[{\"@type\":\"Article\",\"@id\":\"https:\\\/\\\/super-news.info\\\/es\\\/montero-mantiene-que-se-equiparara-el-diesel-a-la-gasolina-y-rechaza-abaratar-el-despido\\\/#article\",\"isPartOf\":{\"@id\":\"https:\\\/\\\/super-news.info\\\/es\\\/montero-mantiene-que-se-equiparara-el-diesel-a-la-gasolina-y-rechaza-abaratar-el-despido\\\/\"},\"author\":{\"name\":\"super-news\",\"@id\":\"https:\\\/\\\/super-news.info\\\/es\\\/#\\\/schema\\\/person\\\/2d4068cb2f39cd10008c2fce578a7356\"},\"headline\":\"Montero mantiene que se equiparar\u00e1 el di\u00e9sel a la gasolina y rechaza abaratar el despido\",\"datePublished\":\"2019-07-12T12:16:30+00:00\",\"dateModified\":\"2019-07-12T12:16:31+00:00\",\"mainEntityOfPage\":{\"@id\":\"https:\\\/\\\/super-news.info\\\/es\\\/montero-mantiene-que-se-equiparara-el-diesel-a-la-gasolina-y-rechaza-abaratar-el-despido\\\/\"},\"wordCount\":540,\"commentCount\":0,\"image\":{\"@id\":\"https:\\\/\\\/super-news.info\\\/es\\\/montero-mantiene-que-se-equiparara-el-diesel-a-la-gasolina-y-rechaza-abaratar-el-despido\\\/#primaryimage\"},\"thumbnailUrl\":\"https:\\\/\\\/super-news.info\\\/es\\\/wp-content\\\/uploads\\\/sites\\\/4\\\/2019\\\/07\\\/Montero-mantiene-que-se-equiparar\u00e1-el-di\u00e9sel-a-la-gasolina.jpg\",\"articleSection\":[\"NOTICIAS FINANCIERAS\"],\"inLanguage\":\"en-US\",\"potentialAction\":[{\"@type\":\"CommentAction\",\"name\":\"Comment\",\"target\":[\"https:\\\/\\\/super-news.info\\\/es\\\/montero-mantiene-que-se-equiparara-el-diesel-a-la-gasolina-y-rechaza-abaratar-el-despido\\\/#respond\"]}]},{\"@type\":\"WebPage\",\"@id\":\"https:\\\/\\\/super-news.info\\\/es\\\/montero-mantiene-que-se-equiparara-el-diesel-a-la-gasolina-y-rechaza-abaratar-el-despido\\\/\",\"url\":\"https:\\\/\\\/super-news.info\\\/es\\\/montero-mantiene-que-se-equiparara-el-diesel-a-la-gasolina-y-rechaza-abaratar-el-despido\\\/\",\"name\":\"Montero mantiene que se equiparar\u00e1 el di\u00e9sel a la gasolina y rechaza abaratar el despido - Super News\",\"isPartOf\":{\"@id\":\"https:\\\/\\\/super-news.info\\\/es\\\/#website\"},\"primaryImageOfPage\":{\"@id\":\"https:\\\/\\\/super-news.info\\\/es\\\/montero-mantiene-que-se-equiparara-el-diesel-a-la-gasolina-y-rechaza-abaratar-el-despido\\\/#primaryimage\"},\"image\":{\"@id\":\"https:\\\/\\\/super-news.info\\\/es\\\/montero-mantiene-que-se-equiparara-el-diesel-a-la-gasolina-y-rechaza-abaratar-el-despido\\\/#primaryimage\"},\"thumbnailUrl\":\"https:\\\/\\\/super-news.info\\\/es\\\/wp-content\\\/uploads\\\/sites\\\/4\\\/2019\\\/07\\\/Montero-mantiene-que-se-equiparar\u00e1-el-di\u00e9sel-a-la-gasolina.jpg\",\"datePublished\":\"2019-07-12T12:16:30+00:00\",\"dateModified\":\"2019-07-12T12:16:31+00:00\",\"author\":{\"@id\":\"https:\\\/\\\/super-news.info\\\/es\\\/#\\\/schema\\\/person\\\/2d4068cb2f39cd10008c2fce578a7356\"},\"breadcrumb\":{\"@id\":\"https:\\\/\\\/super-news.info\\\/es\\\/montero-mantiene-que-se-equiparara-el-diesel-a-la-gasolina-y-rechaza-abaratar-el-despido\\\/#breadcrumb\"},\"inLanguage\":\"en-US\",\"potentialAction\":[{\"@type\":\"ReadAction\",\"target\":[\"https:\\\/\\\/super-news.info\\\/es\\\/montero-mantiene-que-se-equiparara-el-diesel-a-la-gasolina-y-rechaza-abaratar-el-despido\\\/\"]}]},{\"@type\":\"ImageObject\",\"inLanguage\":\"en-US\",\"@id\":\"https:\\\/\\\/super-news.info\\\/es\\\/montero-mantiene-que-se-equiparara-el-diesel-a-la-gasolina-y-rechaza-abaratar-el-despido\\\/#primaryimage\",\"url\":\"https:\\\/\\\/super-news.info\\\/es\\\/wp-content\\\/uploads\\\/sites\\\/4\\\/2019\\\/07\\\/Montero-mantiene-que-se-equiparar\u00e1-el-di\u00e9sel-a-la-gasolina.jpg\",\"contentUrl\":\"https:\\\/\\\/super-news.info\\\/es\\\/wp-content\\\/uploads\\\/sites\\\/4\\\/2019\\\/07\\\/Montero-mantiene-que-se-equiparar\u00e1-el-di\u00e9sel-a-la-gasolina.jpg\",\"width\":120,\"height\":135,\"caption\":\"Montero mantiene que se equiparar\u00e1 el di\u00e9sel a la gasolina y rechaza abaratar el despido\"},{\"@type\":\"BreadcrumbList\",\"@id\":\"https:\\\/\\\/super-news.info\\\/es\\\/montero-mantiene-que-se-equiparara-el-diesel-a-la-gasolina-y-rechaza-abaratar-el-despido\\\/#breadcrumb\",\"itemListElement\":[{\"@type\":\"ListItem\",\"position\":1,\"name\":\"\u0413\u043b\u0430\u0432\u043d\u0430\u044f \u0441\u0442\u0440\u0430\u043d\u0438\u0446\u0430\",\"item\":\"https:\\\/\\\/super-news.info\\\/es\\\/\"},{\"@type\":\"ListItem\",\"position\":2,\"name\":\"Montero mantiene que se equiparar\u00e1 el di\u00e9sel a la gasolina y rechaza abaratar el despido\"}]},{\"@type\":\"WebSite\",\"@id\":\"https:\\\/\\\/super-news.info\\\/es\\\/#website\",\"url\":\"https:\\\/\\\/super-news.info\\\/es\\\/\",\"name\":\"Super News\",\"description\":\"Super News Espa\u00f1a\",\"potentialAction\":[{\"@type\":\"SearchAction\",\"target\":{\"@type\":\"EntryPoint\",\"urlTemplate\":\"https:\\\/\\\/super-news.info\\\/es\\\/?s={search_term_string}\"},\"query-input\":{\"@type\":\"PropertyValueSpecification\",\"valueRequired\":true,\"valueName\":\"search_term_string\"}}],\"inLanguage\":\"en-US\"},{\"@type\":\"Person\",\"@id\":\"https:\\\/\\\/super-news.info\\\/es\\\/#\\\/schema\\\/person\\\/2d4068cb2f39cd10008c2fce578a7356\",\"name\":\"super-news\",\"image\":{\"@type\":\"ImageObject\",\"inLanguage\":\"en-US\",\"@id\":\"https:\\\/\\\/secure.gravatar.com\\\/avatar\\\/64ebac40b93f26a154f8a9b5b6fdccfc46f442b26b3dd6756dbff3bf9dc76fd7?s=96&d=mm&r=g\",\"url\":\"https:\\\/\\\/secure.gravatar.com\\\/avatar\\\/64ebac40b93f26a154f8a9b5b6fdccfc46f442b26b3dd6756dbff3bf9dc76fd7?s=96&d=mm&r=g\",\"contentUrl\":\"https:\\\/\\\/secure.gravatar.com\\\/avatar\\\/64ebac40b93f26a154f8a9b5b6fdccfc46f442b26b3dd6756dbff3bf9dc76fd7?s=96&d=mm&r=g\",\"caption\":\"super-news\"},\"url\":\"https:\\\/\\\/super-news.info\\\/es\\\/author\\\/pt\\\/\"}]}<\/script>\n<!-- \/ Yoast SEO plugin. -->","yoast_head_json":{"title":"Montero mantiene que se equiparar\u00e1 el di\u00e9sel a la gasolina y rechaza abaratar el despido - Super News","robots":{"index":"index","follow":"follow","max-snippet":"max-snippet:-1","max-image-preview":"max-image-preview:large","max-video-preview":"max-video-preview:-1"},"canonical":"https:\/\/super-news.info\/es\/montero-mantiene-que-se-equiparara-el-diesel-a-la-gasolina-y-rechaza-abaratar-el-despido\/","og_locale":"en_US","og_type":"article","og_title":"Montero mantiene que se equiparar\u00e1 el di\u00e9sel a la gasolina y rechaza abaratar el despido - Super News","og_description":"[ad_1] MADRID, 12 Jul. (EUROPA PRESS) &#8211; La ministra de Hacienda, Mar\u00eda Jes\u00fas Montero, ha afirmado este viernes que el Gobierno mantiene su intenci\u00f3n de subir el precio del di\u00e9sel para equipararlo progresivamente al de la gasolina, en l\u00ednea con las peticiones de la OCDE de subir los impuestos de los combustibles por el impacto [&hellip;]","og_url":"https:\/\/super-news.info\/es\/montero-mantiene-que-se-equiparara-el-diesel-a-la-gasolina-y-rechaza-abaratar-el-despido\/","og_site_name":"Super News","article_published_time":"2019-07-12T12:16:30+00:00","article_modified_time":"2019-07-12T12:16:31+00:00","og_image":[{"width":120,"height":135,"url":"https:\/\/super-news.info\/es\/wp-content\/uploads\/sites\/4\/2019\/07\/Montero-mantiene-que-se-equiparar\u00e1-el-di\u00e9sel-a-la-gasolina.jpg","type":"image\/jpeg"}],"author":"super-news","twitter_card":"summary_large_image","twitter_misc":{"Written by":"super-news","Est. reading time":"3 minutes"},"schema":{"@context":"https:\/\/schema.org","@graph":[{"@type":"Article","@id":"https:\/\/super-news.info\/es\/montero-mantiene-que-se-equiparara-el-diesel-a-la-gasolina-y-rechaza-abaratar-el-despido\/#article","isPartOf":{"@id":"https:\/\/super-news.info\/es\/montero-mantiene-que-se-equiparara-el-diesel-a-la-gasolina-y-rechaza-abaratar-el-despido\/"},"author":{"name":"super-news","@id":"https:\/\/super-news.info\/es\/#\/schema\/person\/2d4068cb2f39cd10008c2fce578a7356"},"headline":"Montero mantiene que se equiparar\u00e1 el di\u00e9sel a la gasolina y rechaza abaratar el despido","datePublished":"2019-07-12T12:16:30+00:00","dateModified":"2019-07-12T12:16:31+00:00","mainEntityOfPage":{"@id":"https:\/\/super-news.info\/es\/montero-mantiene-que-se-equiparara-el-diesel-a-la-gasolina-y-rechaza-abaratar-el-despido\/"},"wordCount":540,"commentCount":0,"image":{"@id":"https:\/\/super-news.info\/es\/montero-mantiene-que-se-equiparara-el-diesel-a-la-gasolina-y-rechaza-abaratar-el-despido\/#primaryimage"},"thumbnailUrl":"https:\/\/super-news.info\/es\/wp-content\/uploads\/sites\/4\/2019\/07\/Montero-mantiene-que-se-equiparar\u00e1-el-di\u00e9sel-a-la-gasolina.jpg","articleSection":["NOTICIAS FINANCIERAS"],"inLanguage":"en-US","potentialAction":[{"@type":"CommentAction","name":"Comment","target":["https:\/\/super-news.info\/es\/montero-mantiene-que-se-equiparara-el-diesel-a-la-gasolina-y-rechaza-abaratar-el-despido\/#respond"]}]},{"@type":"WebPage","@id":"https:\/\/super-news.info\/es\/montero-mantiene-que-se-equiparara-el-diesel-a-la-gasolina-y-rechaza-abaratar-el-despido\/","url":"https:\/\/super-news.info\/es\/montero-mantiene-que-se-equiparara-el-diesel-a-la-gasolina-y-rechaza-abaratar-el-despido\/","name":"Montero mantiene que se equiparar\u00e1 el di\u00e9sel a la gasolina y rechaza abaratar el despido - Super News","isPartOf":{"@id":"https:\/\/super-news.info\/es\/#website"},"primaryImageOfPage":{"@id":"https:\/\/super-news.info\/es\/montero-mantiene-que-se-equiparara-el-diesel-a-la-gasolina-y-rechaza-abaratar-el-despido\/#primaryimage"},"image":{"@id":"https:\/\/super-news.info\/es\/montero-mantiene-que-se-equiparara-el-diesel-a-la-gasolina-y-rechaza-abaratar-el-despido\/#primaryimage"},"thumbnailUrl":"https:\/\/super-news.info\/es\/wp-content\/uploads\/sites\/4\/2019\/07\/Montero-mantiene-que-se-equiparar\u00e1-el-di\u00e9sel-a-la-gasolina.jpg","datePublished":"2019-07-12T12:16:30+00:00","dateModified":"2019-07-12T12:16:31+00:00","author":{"@id":"https:\/\/super-news.info\/es\/#\/schema\/person\/2d4068cb2f39cd10008c2fce578a7356"},"breadcrumb":{"@id":"https:\/\/super-news.info\/es\/montero-mantiene-que-se-equiparara-el-diesel-a-la-gasolina-y-rechaza-abaratar-el-despido\/#breadcrumb"},"inLanguage":"en-US","potentialAction":[{"@type":"ReadAction","target":["https:\/\/super-news.info\/es\/montero-mantiene-que-se-equiparara-el-diesel-a-la-gasolina-y-rechaza-abaratar-el-despido\/"]}]},{"@type":"ImageObject","inLanguage":"en-US","@id":"https:\/\/super-news.info\/es\/montero-mantiene-que-se-equiparara-el-diesel-a-la-gasolina-y-rechaza-abaratar-el-despido\/#primaryimage","url":"https:\/\/super-news.info\/es\/wp-content\/uploads\/sites\/4\/2019\/07\/Montero-mantiene-que-se-equiparar\u00e1-el-di\u00e9sel-a-la-gasolina.jpg","contentUrl":"https:\/\/super-news.info\/es\/wp-content\/uploads\/sites\/4\/2019\/07\/Montero-mantiene-que-se-equiparar\u00e1-el-di\u00e9sel-a-la-gasolina.jpg","width":120,"height":135,"caption":"Montero mantiene que se equiparar\u00e1 el di\u00e9sel a la gasolina y rechaza abaratar el despido"},{"@type":"BreadcrumbList","@id":"https:\/\/super-news.info\/es\/montero-mantiene-que-se-equiparara-el-diesel-a-la-gasolina-y-rechaza-abaratar-el-despido\/#breadcrumb","itemListElement":[{"@type":"ListItem","position":1,"name":"\u0413\u043b\u0430\u0432\u043d\u0430\u044f \u0441\u0442\u0440\u0430\u043d\u0438\u0446\u0430","item":"https:\/\/super-news.info\/es\/"},{"@type":"ListItem","position":2,"name":"Montero mantiene que se equiparar\u00e1 el di\u00e9sel a la gasolina y rechaza abaratar el despido"}]},{"@type":"WebSite","@id":"https:\/\/super-news.info\/es\/#website","url":"https:\/\/super-news.info\/es\/","name":"Super News","description":"Super News Espa\u00f1a","potentialAction":[{"@type":"SearchAction","target":{"@type":"EntryPoint","urlTemplate":"https:\/\/super-news.info\/es\/?s={search_term_string}"},"query-input":{"@type":"PropertyValueSpecification","valueRequired":true,"valueName":"search_term_string"}}],"inLanguage":"en-US"},{"@type":"Person","@id":"https:\/\/super-news.info\/es\/#\/schema\/person\/2d4068cb2f39cd10008c2fce578a7356","name":"super-news","image":{"@type":"ImageObject","inLanguage":"en-US","@id":"https:\/\/secure.gravatar.com\/avatar\/64ebac40b93f26a154f8a9b5b6fdccfc46f442b26b3dd6756dbff3bf9dc76fd7?s=96&d=mm&r=g","url":"https:\/\/secure.gravatar.com\/avatar\/64ebac40b93f26a154f8a9b5b6fdccfc46f442b26b3dd6756dbff3bf9dc76fd7?s=96&d=mm&r=g","contentUrl":"https:\/\/secure.gravatar.com\/avatar\/64ebac40b93f26a154f8a9b5b6fdccfc46f442b26b3dd6756dbff3bf9dc76fd7?s=96&d=mm&r=g","caption":"super-news"},"url":"https:\/\/super-news.info\/es\/author\/pt\/"}]}},"_links":{"self":[{"href":"https:\/\/super-news.info\/es\/wp-json\/wp\/v2\/posts\/6177","targetHints":{"allow":["GET"]}}],"collection":[{"href":"https:\/\/super-news.info\/es\/wp-json\/wp\/v2\/posts"}],"about":[{"href":"https:\/\/super-news.info\/es\/wp-json\/wp\/v2\/types\/post"}],"author":[{"embeddable":true,"href":"https:\/\/super-news.info\/es\/wp-json\/wp\/v2\/users\/2"}],"replies":[{"embeddable":true,"href":"https:\/\/super-news.info\/es\/wp-json\/wp\/v2\/comments?post=6177"}],"version-history":[{"count":1,"href":"https:\/\/super-news.info\/es\/wp-json\/wp\/v2\/posts\/6177\/revisions"}],"predecessor-version":[{"id":6179,"href":"https:\/\/super-news.info\/es\/wp-json\/wp\/v2\/posts\/6177\/revisions\/6179"}],"wp:featuredmedia":[{"embeddable":true,"href":"https:\/\/super-news.info\/es\/wp-json\/wp\/v2\/media\/6178"}],"wp:attachment":[{"href":"https:\/\/super-news.info\/es\/wp-json\/wp\/v2\/media?parent=6177"}],"wp:term":[{"taxonomy":"category","embeddable":true,"href":"https:\/\/super-news.info\/es\/wp-json\/wp\/v2\/categories?post=6177"},{"taxonomy":"post_tag","embeddable":true,"href":"https:\/\/super-news.info\/es\/wp-json\/wp\/v2\/tags?post=6177"}],"curies":[{"name":"wp","href":"https:\/\/api.w.org\/{rel}","templated":true}]}}