{"id":6165,"date":"2019-07-12T13:04:51","date_gmt":"2019-07-12T10:04:51","guid":{"rendered":"https:\/\/super-news.info\/es\/espana-principal-exportador-de-bienes-de-la-ue-28-hacia-latinoamerica-en-2017-segun-el-iee\/"},"modified":"2019-07-12T13:04:52","modified_gmt":"2019-07-12T10:04:52","slug":"espana-principal-exportador-de-bienes-de-la-ue-28-hacia-latinoamerica-en-2017-segun-el-iee","status":"publish","type":"post","link":"https:\/\/super-news.info\/es\/espana-principal-exportador-de-bienes-de-la-ue-28-hacia-latinoamerica-en-2017-segun-el-iee\/","title":{"rendered":"Espa\u00f1a, principal exportador de bienes de la UE-28 hacia Latinoam\u00e9rica en 2017, seg\u00fan el IEE"},"content":{"rendered":"<p> [ad_1]<\/p>\n<div id=\"CuerpoNoticiav2\" itemprop=\"articleBody\">\n<p>MADRID, 12 Jul. (EUROPA PRESS) &#8211; <\/p>\n<p itemprop=\"description\">   Espa\u00f1a fue el pa\u00eds m\u00e1s exportador hacia Latinoam\u00e9rica de la Uni\u00f3n Europea en 2017, con el 6% de sus bienes, seg\u00fan ha confirmado el Instituto de Estudios Econ\u00f3micos (IEE), a trav\u00e9s de los datos publicados en &#8220;Spring Forecasts 2019&#8221; de la Comisi\u00f3n Europea.<\/p>\n<p>   El promedio de la Uni\u00f3n Europea de exportaciones a pa\u00edses latinoamericanos en 2017 fue del 2,4% de los bienes, si bien Espa\u00f1a casi triplicaba ese dato. Adem\u00e1s, las conexiones iberoamericanas hicieron que la diferencia con el resto de clasificados resulte muy notoria.<\/p>\n<p>   Italia se situ\u00f3 en el segundo lugar, exportando a Latinoam\u00e9rica un 3,3% de sus bienes, poco m\u00e1s que Portugal, cuyo porcentaje alcanz\u00f3 el 3,1% y le situ\u00f3 en el tercer puesto. Alemania, Finlandia y Francia compartieron exportaciones con un 2,7% de los bienes, y Dinamarca comparti\u00f3 ese 2,4% de bienes exportados con el promedio comunitario.<\/p>\n<p>   Por debajo de esa cifra, Suecia es el \u00fanico pa\u00eds que super\u00f3 el 2% con un 2,2%, mientras que Irlanda y Reino Unido quedaron muy cerca con un 1,9%. Los estados miembros de reciente adhesi\u00f3n como Lituania, Eslovenia y Eslovaquia llegaban a un 0,5%, mientras que Chipre cerraba la clasificaci\u00f3n con un 0,3%.<\/p>\n<\/div>\n<p>[ad_2]<br \/>\n<br \/><a href=\"https:\/\/www.europapress.es\/economia\/macroeconomia-00338\/noticia-espana-principal-exportador-bienes-ue-28-latinoamerica-2017-iee-20190712115023.html\">Source link <\/a><\/p>\n","protected":false},"excerpt":{"rendered":"<p>[ad_1] MADRID, 12 Jul. (EUROPA PRESS) &#8211; Espa\u00f1a fue el pa\u00eds m\u00e1s exportador hacia Latinoam\u00e9rica de la Uni\u00f3n Europea en 2017, con el 6% de sus bienes, seg\u00fan ha confirmado el Instituto de Estudios Econ\u00f3micos (IEE), a trav\u00e9s de los datos publicados en &#8220;Spring Forecasts 2019&#8221; de la Comisi\u00f3n Europea. El promedio de la Uni\u00f3n [&hellip;]<\/p>\n","protected":false},"author":2,"featured_media":6166,"comment_status":"open","ping_status":"open","sticky":false,"template":"","format":"standard","meta":{"footnotes":""},"categories":[1],"tags":[],"class_list":["post-6165","post","type-post","status-publish","format-standard","has-post-thumbnail","hentry","category-noticias-financieras"],"yoast_head":"<!-- This site is optimized with the Yoast SEO plugin v27.4 - https:\/\/yoast.com\/product\/yoast-seo-wordpress\/ -->\n<title>Espa\u00f1a, principal exportador de bienes de la UE-28 hacia Latinoam\u00e9rica en 2017, seg\u00fan el IEE - Super News<\/title>\n<meta name=\"robots\" content=\"index, follow, max-snippet:-1, max-image-preview:large, max-video-preview:-1\" \/>\n<link rel=\"canonical\" href=\"https:\/\/super-news.info\/es\/espana-principal-exportador-de-bienes-de-la-ue-28-hacia-latinoamerica-en-2017-segun-el-iee\/\" \/>\n<meta property=\"og:locale\" content=\"en_US\" \/>\n<meta property=\"og:type\" content=\"article\" \/>\n<meta property=\"og:title\" content=\"Espa\u00f1a, principal exportador de bienes de la UE-28 hacia Latinoam\u00e9rica en 2017, seg\u00fan el IEE - Super News\" \/>\n<meta property=\"og:description\" content=\"[ad_1] MADRID, 12 Jul. (EUROPA PRESS) &#8211; Espa\u00f1a fue el pa\u00eds m\u00e1s exportador hacia Latinoam\u00e9rica de la Uni\u00f3n Europea en 2017, con el 6% de sus bienes, seg\u00fan ha confirmado el Instituto de Estudios Econ\u00f3micos (IEE), a trav\u00e9s de los datos publicados en &#8220;Spring Forecasts 2019&#8221; de la Comisi\u00f3n Europea. El promedio de la Uni\u00f3n [&hellip;]\" \/>\n<meta property=\"og:url\" content=\"https:\/\/super-news.info\/es\/espana-principal-exportador-de-bienes-de-la-ue-28-hacia-latinoamerica-en-2017-segun-el-iee\/\" \/>\n<meta property=\"og:site_name\" content=\"Super News\" \/>\n<meta property=\"article:published_time\" content=\"2019-07-12T10:04:51+00:00\" \/>\n<meta property=\"article:modified_time\" content=\"2019-07-12T10:04:52+00:00\" \/>\n<meta property=\"og:image\" content=\"https:\/\/super-news.info\/es\/wp-content\/uploads\/sites\/4\/2019\/07\/Espa\u00f1a-principal-exportador-de-bienes-de-la-UE-28-hacia-Latinoam\u00e9rica.jpg\" \/>\n\t<meta property=\"og:image:width\" content=\"120\" \/>\n\t<meta property=\"og:image:height\" content=\"71\" \/>\n\t<meta property=\"og:image:type\" content=\"image\/jpeg\" \/>\n<meta name=\"author\" content=\"super-news\" \/>\n<meta name=\"twitter:card\" content=\"summary_large_image\" \/>\n<meta name=\"twitter:label1\" content=\"Written by\" \/>\n\t<meta name=\"twitter:data1\" content=\"super-news\" \/>\n\t<meta name=\"twitter:label2\" content=\"Est. reading time\" \/>\n\t<meta name=\"twitter:data2\" content=\"1 minute\" \/>\n<script type=\"application\/ld+json\" class=\"yoast-schema-graph\">{\"@context\":\"https:\\\/\\\/schema.org\",\"@graph\":[{\"@type\":\"Article\",\"@id\":\"https:\\\/\\\/super-news.info\\\/es\\\/espana-principal-exportador-de-bienes-de-la-ue-28-hacia-latinoamerica-en-2017-segun-el-iee\\\/#article\",\"isPartOf\":{\"@id\":\"https:\\\/\\\/super-news.info\\\/es\\\/espana-principal-exportador-de-bienes-de-la-ue-28-hacia-latinoamerica-en-2017-segun-el-iee\\\/\"},\"author\":{\"name\":\"super-news\",\"@id\":\"https:\\\/\\\/super-news.info\\\/es\\\/#\\\/schema\\\/person\\\/2d4068cb2f39cd10008c2fce578a7356\"},\"headline\":\"Espa\u00f1a, principal exportador de bienes de la UE-28 hacia Latinoam\u00e9rica en 2017, seg\u00fan el IEE\",\"datePublished\":\"2019-07-12T10:04:51+00:00\",\"dateModified\":\"2019-07-12T10:04:52+00:00\",\"mainEntityOfPage\":{\"@id\":\"https:\\\/\\\/super-news.info\\\/es\\\/espana-principal-exportador-de-bienes-de-la-ue-28-hacia-latinoamerica-en-2017-segun-el-iee\\\/\"},\"wordCount\":223,\"commentCount\":0,\"image\":{\"@id\":\"https:\\\/\\\/super-news.info\\\/es\\\/espana-principal-exportador-de-bienes-de-la-ue-28-hacia-latinoamerica-en-2017-segun-el-iee\\\/#primaryimage\"},\"thumbnailUrl\":\"https:\\\/\\\/super-news.info\\\/es\\\/wp-content\\\/uploads\\\/sites\\\/4\\\/2019\\\/07\\\/Espa\u00f1a-principal-exportador-de-bienes-de-la-UE-28-hacia-Latinoam\u00e9rica.jpg\",\"articleSection\":[\"NOTICIAS FINANCIERAS\"],\"inLanguage\":\"en-US\",\"potentialAction\":[{\"@type\":\"CommentAction\",\"name\":\"Comment\",\"target\":[\"https:\\\/\\\/super-news.info\\\/es\\\/espana-principal-exportador-de-bienes-de-la-ue-28-hacia-latinoamerica-en-2017-segun-el-iee\\\/#respond\"]}]},{\"@type\":\"WebPage\",\"@id\":\"https:\\\/\\\/super-news.info\\\/es\\\/espana-principal-exportador-de-bienes-de-la-ue-28-hacia-latinoamerica-en-2017-segun-el-iee\\\/\",\"url\":\"https:\\\/\\\/super-news.info\\\/es\\\/espana-principal-exportador-de-bienes-de-la-ue-28-hacia-latinoamerica-en-2017-segun-el-iee\\\/\",\"name\":\"Espa\u00f1a, principal exportador de bienes de la UE-28 hacia Latinoam\u00e9rica en 2017, seg\u00fan el IEE - Super News\",\"isPartOf\":{\"@id\":\"https:\\\/\\\/super-news.info\\\/es\\\/#website\"},\"primaryImageOfPage\":{\"@id\":\"https:\\\/\\\/super-news.info\\\/es\\\/espana-principal-exportador-de-bienes-de-la-ue-28-hacia-latinoamerica-en-2017-segun-el-iee\\\/#primaryimage\"},\"image\":{\"@id\":\"https:\\\/\\\/super-news.info\\\/es\\\/espana-principal-exportador-de-bienes-de-la-ue-28-hacia-latinoamerica-en-2017-segun-el-iee\\\/#primaryimage\"},\"thumbnailUrl\":\"https:\\\/\\\/super-news.info\\\/es\\\/wp-content\\\/uploads\\\/sites\\\/4\\\/2019\\\/07\\\/Espa\u00f1a-principal-exportador-de-bienes-de-la-UE-28-hacia-Latinoam\u00e9rica.jpg\",\"datePublished\":\"2019-07-12T10:04:51+00:00\",\"dateModified\":\"2019-07-12T10:04:52+00:00\",\"author\":{\"@id\":\"https:\\\/\\\/super-news.info\\\/es\\\/#\\\/schema\\\/person\\\/2d4068cb2f39cd10008c2fce578a7356\"},\"breadcrumb\":{\"@id\":\"https:\\\/\\\/super-news.info\\\/es\\\/espana-principal-exportador-de-bienes-de-la-ue-28-hacia-latinoamerica-en-2017-segun-el-iee\\\/#breadcrumb\"},\"inLanguage\":\"en-US\",\"potentialAction\":[{\"@type\":\"ReadAction\",\"target\":[\"https:\\\/\\\/super-news.info\\\/es\\\/espana-principal-exportador-de-bienes-de-la-ue-28-hacia-latinoamerica-en-2017-segun-el-iee\\\/\"]}]},{\"@type\":\"ImageObject\",\"inLanguage\":\"en-US\",\"@id\":\"https:\\\/\\\/super-news.info\\\/es\\\/espana-principal-exportador-de-bienes-de-la-ue-28-hacia-latinoamerica-en-2017-segun-el-iee\\\/#primaryimage\",\"url\":\"https:\\\/\\\/super-news.info\\\/es\\\/wp-content\\\/uploads\\\/sites\\\/4\\\/2019\\\/07\\\/Espa\u00f1a-principal-exportador-de-bienes-de-la-UE-28-hacia-Latinoam\u00e9rica.jpg\",\"contentUrl\":\"https:\\\/\\\/super-news.info\\\/es\\\/wp-content\\\/uploads\\\/sites\\\/4\\\/2019\\\/07\\\/Espa\u00f1a-principal-exportador-de-bienes-de-la-UE-28-hacia-Latinoam\u00e9rica.jpg\",\"width\":120,\"height\":71,\"caption\":\"Espa\u00f1a, principal exportador de bienes de la UE-28 hacia Latinoam\u00e9rica en 2017, seg\u00fan el IEE\"},{\"@type\":\"BreadcrumbList\",\"@id\":\"https:\\\/\\\/super-news.info\\\/es\\\/espana-principal-exportador-de-bienes-de-la-ue-28-hacia-latinoamerica-en-2017-segun-el-iee\\\/#breadcrumb\",\"itemListElement\":[{\"@type\":\"ListItem\",\"position\":1,\"name\":\"\u0413\u043b\u0430\u0432\u043d\u0430\u044f \u0441\u0442\u0440\u0430\u043d\u0438\u0446\u0430\",\"item\":\"https:\\\/\\\/super-news.info\\\/es\\\/\"},{\"@type\":\"ListItem\",\"position\":2,\"name\":\"Espa\u00f1a, principal exportador de bienes de la UE-28 hacia Latinoam\u00e9rica en 2017, seg\u00fan el IEE\"}]},{\"@type\":\"WebSite\",\"@id\":\"https:\\\/\\\/super-news.info\\\/es\\\/#website\",\"url\":\"https:\\\/\\\/super-news.info\\\/es\\\/\",\"name\":\"Super News\",\"description\":\"Super News Espa\u00f1a\",\"potentialAction\":[{\"@type\":\"SearchAction\",\"target\":{\"@type\":\"EntryPoint\",\"urlTemplate\":\"https:\\\/\\\/super-news.info\\\/es\\\/?s={search_term_string}\"},\"query-input\":{\"@type\":\"PropertyValueSpecification\",\"valueRequired\":true,\"valueName\":\"search_term_string\"}}],\"inLanguage\":\"en-US\"},{\"@type\":\"Person\",\"@id\":\"https:\\\/\\\/super-news.info\\\/es\\\/#\\\/schema\\\/person\\\/2d4068cb2f39cd10008c2fce578a7356\",\"name\":\"super-news\",\"image\":{\"@type\":\"ImageObject\",\"inLanguage\":\"en-US\",\"@id\":\"https:\\\/\\\/secure.gravatar.com\\\/avatar\\\/64ebac40b93f26a154f8a9b5b6fdccfc46f442b26b3dd6756dbff3bf9dc76fd7?s=96&d=mm&r=g\",\"url\":\"https:\\\/\\\/secure.gravatar.com\\\/avatar\\\/64ebac40b93f26a154f8a9b5b6fdccfc46f442b26b3dd6756dbff3bf9dc76fd7?s=96&d=mm&r=g\",\"contentUrl\":\"https:\\\/\\\/secure.gravatar.com\\\/avatar\\\/64ebac40b93f26a154f8a9b5b6fdccfc46f442b26b3dd6756dbff3bf9dc76fd7?s=96&d=mm&r=g\",\"caption\":\"super-news\"},\"url\":\"https:\\\/\\\/super-news.info\\\/es\\\/author\\\/pt\\\/\"}]}<\/script>\n<!-- \/ Yoast SEO plugin. -->","yoast_head_json":{"title":"Espa\u00f1a, principal exportador de bienes de la UE-28 hacia Latinoam\u00e9rica en 2017, seg\u00fan el IEE - Super News","robots":{"index":"index","follow":"follow","max-snippet":"max-snippet:-1","max-image-preview":"max-image-preview:large","max-video-preview":"max-video-preview:-1"},"canonical":"https:\/\/super-news.info\/es\/espana-principal-exportador-de-bienes-de-la-ue-28-hacia-latinoamerica-en-2017-segun-el-iee\/","og_locale":"en_US","og_type":"article","og_title":"Espa\u00f1a, principal exportador de bienes de la UE-28 hacia Latinoam\u00e9rica en 2017, seg\u00fan el IEE - Super News","og_description":"[ad_1] MADRID, 12 Jul. (EUROPA PRESS) &#8211; Espa\u00f1a fue el pa\u00eds m\u00e1s exportador hacia Latinoam\u00e9rica de la Uni\u00f3n Europea en 2017, con el 6% de sus bienes, seg\u00fan ha confirmado el Instituto de Estudios Econ\u00f3micos (IEE), a trav\u00e9s de los datos publicados en &#8220;Spring Forecasts 2019&#8221; de la Comisi\u00f3n Europea. El promedio de la Uni\u00f3n [&hellip;]","og_url":"https:\/\/super-news.info\/es\/espana-principal-exportador-de-bienes-de-la-ue-28-hacia-latinoamerica-en-2017-segun-el-iee\/","og_site_name":"Super News","article_published_time":"2019-07-12T10:04:51+00:00","article_modified_time":"2019-07-12T10:04:52+00:00","og_image":[{"width":120,"height":71,"url":"https:\/\/super-news.info\/es\/wp-content\/uploads\/sites\/4\/2019\/07\/Espa\u00f1a-principal-exportador-de-bienes-de-la-UE-28-hacia-Latinoam\u00e9rica.jpg","type":"image\/jpeg"}],"author":"super-news","twitter_card":"summary_large_image","twitter_misc":{"Written by":"super-news","Est. reading time":"1 minute"},"schema":{"@context":"https:\/\/schema.org","@graph":[{"@type":"Article","@id":"https:\/\/super-news.info\/es\/espana-principal-exportador-de-bienes-de-la-ue-28-hacia-latinoamerica-en-2017-segun-el-iee\/#article","isPartOf":{"@id":"https:\/\/super-news.info\/es\/espana-principal-exportador-de-bienes-de-la-ue-28-hacia-latinoamerica-en-2017-segun-el-iee\/"},"author":{"name":"super-news","@id":"https:\/\/super-news.info\/es\/#\/schema\/person\/2d4068cb2f39cd10008c2fce578a7356"},"headline":"Espa\u00f1a, principal exportador de bienes de la UE-28 hacia Latinoam\u00e9rica en 2017, seg\u00fan el IEE","datePublished":"2019-07-12T10:04:51+00:00","dateModified":"2019-07-12T10:04:52+00:00","mainEntityOfPage":{"@id":"https:\/\/super-news.info\/es\/espana-principal-exportador-de-bienes-de-la-ue-28-hacia-latinoamerica-en-2017-segun-el-iee\/"},"wordCount":223,"commentCount":0,"image":{"@id":"https:\/\/super-news.info\/es\/espana-principal-exportador-de-bienes-de-la-ue-28-hacia-latinoamerica-en-2017-segun-el-iee\/#primaryimage"},"thumbnailUrl":"https:\/\/super-news.info\/es\/wp-content\/uploads\/sites\/4\/2019\/07\/Espa\u00f1a-principal-exportador-de-bienes-de-la-UE-28-hacia-Latinoam\u00e9rica.jpg","articleSection":["NOTICIAS FINANCIERAS"],"inLanguage":"en-US","potentialAction":[{"@type":"CommentAction","name":"Comment","target":["https:\/\/super-news.info\/es\/espana-principal-exportador-de-bienes-de-la-ue-28-hacia-latinoamerica-en-2017-segun-el-iee\/#respond"]}]},{"@type":"WebPage","@id":"https:\/\/super-news.info\/es\/espana-principal-exportador-de-bienes-de-la-ue-28-hacia-latinoamerica-en-2017-segun-el-iee\/","url":"https:\/\/super-news.info\/es\/espana-principal-exportador-de-bienes-de-la-ue-28-hacia-latinoamerica-en-2017-segun-el-iee\/","name":"Espa\u00f1a, principal exportador de bienes de la UE-28 hacia Latinoam\u00e9rica en 2017, seg\u00fan el IEE - Super News","isPartOf":{"@id":"https:\/\/super-news.info\/es\/#website"},"primaryImageOfPage":{"@id":"https:\/\/super-news.info\/es\/espana-principal-exportador-de-bienes-de-la-ue-28-hacia-latinoamerica-en-2017-segun-el-iee\/#primaryimage"},"image":{"@id":"https:\/\/super-news.info\/es\/espana-principal-exportador-de-bienes-de-la-ue-28-hacia-latinoamerica-en-2017-segun-el-iee\/#primaryimage"},"thumbnailUrl":"https:\/\/super-news.info\/es\/wp-content\/uploads\/sites\/4\/2019\/07\/Espa\u00f1a-principal-exportador-de-bienes-de-la-UE-28-hacia-Latinoam\u00e9rica.jpg","datePublished":"2019-07-12T10:04:51+00:00","dateModified":"2019-07-12T10:04:52+00:00","author":{"@id":"https:\/\/super-news.info\/es\/#\/schema\/person\/2d4068cb2f39cd10008c2fce578a7356"},"breadcrumb":{"@id":"https:\/\/super-news.info\/es\/espana-principal-exportador-de-bienes-de-la-ue-28-hacia-latinoamerica-en-2017-segun-el-iee\/#breadcrumb"},"inLanguage":"en-US","potentialAction":[{"@type":"ReadAction","target":["https:\/\/super-news.info\/es\/espana-principal-exportador-de-bienes-de-la-ue-28-hacia-latinoamerica-en-2017-segun-el-iee\/"]}]},{"@type":"ImageObject","inLanguage":"en-US","@id":"https:\/\/super-news.info\/es\/espana-principal-exportador-de-bienes-de-la-ue-28-hacia-latinoamerica-en-2017-segun-el-iee\/#primaryimage","url":"https:\/\/super-news.info\/es\/wp-content\/uploads\/sites\/4\/2019\/07\/Espa\u00f1a-principal-exportador-de-bienes-de-la-UE-28-hacia-Latinoam\u00e9rica.jpg","contentUrl":"https:\/\/super-news.info\/es\/wp-content\/uploads\/sites\/4\/2019\/07\/Espa\u00f1a-principal-exportador-de-bienes-de-la-UE-28-hacia-Latinoam\u00e9rica.jpg","width":120,"height":71,"caption":"Espa\u00f1a, principal exportador de bienes de la UE-28 hacia Latinoam\u00e9rica en 2017, seg\u00fan el IEE"},{"@type":"BreadcrumbList","@id":"https:\/\/super-news.info\/es\/espana-principal-exportador-de-bienes-de-la-ue-28-hacia-latinoamerica-en-2017-segun-el-iee\/#breadcrumb","itemListElement":[{"@type":"ListItem","position":1,"name":"\u0413\u043b\u0430\u0432\u043d\u0430\u044f \u0441\u0442\u0440\u0430\u043d\u0438\u0446\u0430","item":"https:\/\/super-news.info\/es\/"},{"@type":"ListItem","position":2,"name":"Espa\u00f1a, principal exportador de bienes de la UE-28 hacia Latinoam\u00e9rica en 2017, seg\u00fan el IEE"}]},{"@type":"WebSite","@id":"https:\/\/super-news.info\/es\/#website","url":"https:\/\/super-news.info\/es\/","name":"Super News","description":"Super News Espa\u00f1a","potentialAction":[{"@type":"SearchAction","target":{"@type":"EntryPoint","urlTemplate":"https:\/\/super-news.info\/es\/?s={search_term_string}"},"query-input":{"@type":"PropertyValueSpecification","valueRequired":true,"valueName":"search_term_string"}}],"inLanguage":"en-US"},{"@type":"Person","@id":"https:\/\/super-news.info\/es\/#\/schema\/person\/2d4068cb2f39cd10008c2fce578a7356","name":"super-news","image":{"@type":"ImageObject","inLanguage":"en-US","@id":"https:\/\/secure.gravatar.com\/avatar\/64ebac40b93f26a154f8a9b5b6fdccfc46f442b26b3dd6756dbff3bf9dc76fd7?s=96&d=mm&r=g","url":"https:\/\/secure.gravatar.com\/avatar\/64ebac40b93f26a154f8a9b5b6fdccfc46f442b26b3dd6756dbff3bf9dc76fd7?s=96&d=mm&r=g","contentUrl":"https:\/\/secure.gravatar.com\/avatar\/64ebac40b93f26a154f8a9b5b6fdccfc46f442b26b3dd6756dbff3bf9dc76fd7?s=96&d=mm&r=g","caption":"super-news"},"url":"https:\/\/super-news.info\/es\/author\/pt\/"}]}},"_links":{"self":[{"href":"https:\/\/super-news.info\/es\/wp-json\/wp\/v2\/posts\/6165","targetHints":{"allow":["GET"]}}],"collection":[{"href":"https:\/\/super-news.info\/es\/wp-json\/wp\/v2\/posts"}],"about":[{"href":"https:\/\/super-news.info\/es\/wp-json\/wp\/v2\/types\/post"}],"author":[{"embeddable":true,"href":"https:\/\/super-news.info\/es\/wp-json\/wp\/v2\/users\/2"}],"replies":[{"embeddable":true,"href":"https:\/\/super-news.info\/es\/wp-json\/wp\/v2\/comments?post=6165"}],"version-history":[{"count":1,"href":"https:\/\/super-news.info\/es\/wp-json\/wp\/v2\/posts\/6165\/revisions"}],"predecessor-version":[{"id":6167,"href":"https:\/\/super-news.info\/es\/wp-json\/wp\/v2\/posts\/6165\/revisions\/6167"}],"wp:featuredmedia":[{"embeddable":true,"href":"https:\/\/super-news.info\/es\/wp-json\/wp\/v2\/media\/6166"}],"wp:attachment":[{"href":"https:\/\/super-news.info\/es\/wp-json\/wp\/v2\/media?parent=6165"}],"wp:term":[{"taxonomy":"category","embeddable":true,"href":"https:\/\/super-news.info\/es\/wp-json\/wp\/v2\/categories?post=6165"},{"taxonomy":"post_tag","embeddable":true,"href":"https:\/\/super-news.info\/es\/wp-json\/wp\/v2\/tags?post=6165"}],"curies":[{"name":"wp","href":"https:\/\/api.w.org\/{rel}","templated":true}]}}