{"id":6159,"date":"2019-07-12T11:36:46","date_gmt":"2019-07-12T08:36:46","guid":{"rendered":"https:\/\/super-news.info\/es\/facebook-e-instagram-quieren-mejorar-la-percepcion-de-marca\/"},"modified":"2019-07-12T11:36:46","modified_gmt":"2019-07-12T08:36:46","slug":"facebook-e-instagram-quieren-mejorar-la-percepcion-de-marca","status":"publish","type":"post","link":"https:\/\/super-news.info\/es\/facebook-e-instagram-quieren-mejorar-la-percepcion-de-marca\/","title":{"rendered":"Facebook e Instagram quieren mejorar la percepci\u00f3n de marca"},"content":{"rendered":"<p> [ad_1]<br \/>\n<\/p>\n<div id=\"textoNoticia\">\n<p class=\"excerpt-single\">Un estudio realizado por Facebook en colaboraci\u00f3n con Annalect analiza la publicidad de nueve marcas de diferentes sectores.<\/p>\n<\/p>\n<p>Es evidente que Facebook quiere posicionarse como un <strong>canal publicitario relevante<\/strong> para el embudo de ventas completo. El a\u00f1o pasado, un estudio realizado con Gfk tuvo como objetivo probar el efecto en las ventas; ahora se trata del efecto en la percepci\u00f3n de marca en Facebook y tambi\u00e9n en Instagram.<\/p>\n<p>En colaboraci\u00f3n con Annalect, una divisi\u00f3n de Omnicom Media Group, Facebook <strong>ha analizado la publicidad de nueve marcas<\/strong> de diferentes sectores, incluyendo Canon, Edeka, McDonald&#8217;s, Pepsi, Persil y Unitymedia.<\/p>\n<p>Annalect ha calculado los modelos de marketing mix (MMM) que miden el <strong>impacto de los diferentes medios<\/strong> y otros factores en las m\u00e9tricas de marca &#8220;Conjunto relevante&#8221; y &#8220;Recomendaci\u00f3n&#8221;. Ambas m\u00e9tricas son continuamente recopiladas a trav\u00e9s del YouGov BrandIndex, basado en entrevistas. Gracias a los modelos mixtos se puede identificar qu\u00e9 canales consiguen qu\u00e9 efectos y c\u00f3mo se pueden distribuir mejor los presupuestos en el futuro.<\/p>\n<p>El estudio ha incluido datos <strong>desde 2016 hasta el tercer trimestre de 2018<\/strong>. Los presupuestos de publicidad para televisi\u00f3n, medios impresos, radio, exteriores, online, mailing, mobile y cine se han asignado en funci\u00f3n de los gastos brutos de Nielsen Media Research, mientras que el gasto neto se ha calculado para Facebook e Instagram.<\/p>\n<p>Los resultados m\u00e1s destacables son que, entre los medios medidos, Facebook, Instagram y TV son los <strong>\u00fanicos canales que han tenido un impacto significativo<\/strong> en ambas m\u00e9tricas en todas las marcas analizadas. Y que las inversiones adicionales en Facebook e Instagram ofrecen un incremento m\u00e1s alto comparado con las inversiones adicionales en TV, que pueden ocasionar un efecto de saturaci\u00f3n.<\/p>\n<p>La <strong>eficacia<\/strong> general de una campa\u00f1a tambi\u00e9n aumenta, seg\u00fan los autores del estudio, cuando se intensifica la participaci\u00f3n de Facebook e Instagram en la combinaci\u00f3n de medios.<\/p>\n<p class=\"link-telegram\">\n\t\t\t\t\t\t\t\t\t\t\tNo te pierdas nada de MarketingDirecto.com y \u00fanete a nuestro Telegram t.me\/MarketingDirecto\n\t\t\t\t\t\t\t\t\t\t<\/p>\n<\/p><\/div>\n<p><script>(function(d, s, id) {\n  var js, fjs = d.getElementsByTagName(s)[0];\n  if (d.getElementById(id)) return;\n  js = d.createElement(s); js.id = id;\n  js.src = \"http:\/\/connect.facebook.net\/es_LA\/sdk.js#xfbml=1&appId=408746052611679&version=v2.3\";\n  fjs.parentNode.insertBefore(js, fjs);\n}(document, 'script', 'facebook-jssdk'));<\/script><br \/>\n<br \/>[ad_2]<br \/>\n<br \/><a href=\"https:\/\/www.marketingdirecto.com\/marketing-general\/publicidad\/facebook-e-instagram-quieren-mejorar-la-percepcion-de-marca\">Source link <\/a><\/p>\n","protected":false},"excerpt":{"rendered":"<p>[ad_1] Un estudio realizado por Facebook en colaboraci\u00f3n con Annalect analiza la publicidad de nueve marcas de diferentes sectores. Es evidente que Facebook quiere posicionarse como un canal publicitario relevante para el embudo de ventas completo. El a\u00f1o pasado, un estudio realizado con Gfk tuvo como objetivo probar el efecto en las ventas; ahora se [&hellip;]<\/p>\n","protected":false},"author":2,"featured_media":6160,"comment_status":"open","ping_status":"open","sticky":false,"template":"","format":"standard","meta":{"footnotes":""},"categories":[2],"tags":[],"class_list":["post-6159","post","type-post","status-publish","format-standard","has-post-thumbnail","hentry","category-noticias-de-marketing-digital"],"yoast_head":"<!-- This site is optimized with the Yoast SEO plugin v27.4 - https:\/\/yoast.com\/product\/yoast-seo-wordpress\/ -->\n<title>Facebook e Instagram quieren mejorar la percepci\u00f3n de marca - Super News<\/title>\n<meta name=\"robots\" content=\"index, follow, max-snippet:-1, max-image-preview:large, max-video-preview:-1\" \/>\n<link rel=\"canonical\" href=\"https:\/\/super-news.info\/es\/facebook-e-instagram-quieren-mejorar-la-percepcion-de-marca\/\" \/>\n<meta property=\"og:locale\" content=\"en_US\" \/>\n<meta property=\"og:type\" content=\"article\" \/>\n<meta property=\"og:title\" content=\"Facebook e Instagram quieren mejorar la percepci\u00f3n de marca - Super News\" \/>\n<meta property=\"og:description\" content=\"[ad_1] Un estudio realizado por Facebook en colaboraci\u00f3n con Annalect analiza la publicidad de nueve marcas de diferentes sectores. Es evidente que Facebook quiere posicionarse como un canal publicitario relevante para el embudo de ventas completo. El a\u00f1o pasado, un estudio realizado con Gfk tuvo como objetivo probar el efecto en las ventas; ahora se [&hellip;]\" \/>\n<meta property=\"og:url\" content=\"https:\/\/super-news.info\/es\/facebook-e-instagram-quieren-mejorar-la-percepcion-de-marca\/\" \/>\n<meta property=\"og:site_name\" content=\"Super News\" \/>\n<meta property=\"article:published_time\" content=\"2019-07-12T08:36:46+00:00\" \/>\n<meta property=\"og:image\" content=\"https:\/\/super-news.info\/es\/wp-content\/uploads\/sites\/4\/2019\/07\/Facebook-e-Instagram-quieren-mejorar-la-percepci\u00f3n-de-marca.jpg\" \/>\n\t<meta property=\"og:image:width\" content=\"626\" \/>\n\t<meta property=\"og:image:height\" content=\"364\" \/>\n\t<meta property=\"og:image:type\" content=\"image\/jpeg\" \/>\n<meta name=\"author\" content=\"super-news\" \/>\n<meta name=\"twitter:card\" content=\"summary_large_image\" \/>\n<meta name=\"twitter:label1\" content=\"Written by\" \/>\n\t<meta name=\"twitter:data1\" content=\"super-news\" \/>\n\t<meta name=\"twitter:label2\" content=\"Est. reading time\" \/>\n\t<meta name=\"twitter:data2\" content=\"2 minutes\" \/>\n<script type=\"application\/ld+json\" class=\"yoast-schema-graph\">{\"@context\":\"https:\\\/\\\/schema.org\",\"@graph\":[{\"@type\":\"Article\",\"@id\":\"https:\\\/\\\/super-news.info\\\/es\\\/facebook-e-instagram-quieren-mejorar-la-percepcion-de-marca\\\/#article\",\"isPartOf\":{\"@id\":\"https:\\\/\\\/super-news.info\\\/es\\\/facebook-e-instagram-quieren-mejorar-la-percepcion-de-marca\\\/\"},\"author\":{\"name\":\"super-news\",\"@id\":\"https:\\\/\\\/super-news.info\\\/es\\\/#\\\/schema\\\/person\\\/2d4068cb2f39cd10008c2fce578a7356\"},\"headline\":\"Facebook e Instagram quieren mejorar la percepci\u00f3n de marca\",\"datePublished\":\"2019-07-12T08:36:46+00:00\",\"mainEntityOfPage\":{\"@id\":\"https:\\\/\\\/super-news.info\\\/es\\\/facebook-e-instagram-quieren-mejorar-la-percepcion-de-marca\\\/\"},\"wordCount\":353,\"commentCount\":0,\"image\":{\"@id\":\"https:\\\/\\\/super-news.info\\\/es\\\/facebook-e-instagram-quieren-mejorar-la-percepcion-de-marca\\\/#primaryimage\"},\"thumbnailUrl\":\"https:\\\/\\\/super-news.info\\\/es\\\/wp-content\\\/uploads\\\/sites\\\/4\\\/2019\\\/07\\\/Facebook-e-Instagram-quieren-mejorar-la-percepci\u00f3n-de-marca.jpg\",\"articleSection\":[\"NOTICIAS DE MARKETING DIGITAL\"],\"inLanguage\":\"en-US\",\"potentialAction\":[{\"@type\":\"CommentAction\",\"name\":\"Comment\",\"target\":[\"https:\\\/\\\/super-news.info\\\/es\\\/facebook-e-instagram-quieren-mejorar-la-percepcion-de-marca\\\/#respond\"]}]},{\"@type\":\"WebPage\",\"@id\":\"https:\\\/\\\/super-news.info\\\/es\\\/facebook-e-instagram-quieren-mejorar-la-percepcion-de-marca\\\/\",\"url\":\"https:\\\/\\\/super-news.info\\\/es\\\/facebook-e-instagram-quieren-mejorar-la-percepcion-de-marca\\\/\",\"name\":\"Facebook e Instagram quieren mejorar la percepci\u00f3n de marca - Super News\",\"isPartOf\":{\"@id\":\"https:\\\/\\\/super-news.info\\\/es\\\/#website\"},\"primaryImageOfPage\":{\"@id\":\"https:\\\/\\\/super-news.info\\\/es\\\/facebook-e-instagram-quieren-mejorar-la-percepcion-de-marca\\\/#primaryimage\"},\"image\":{\"@id\":\"https:\\\/\\\/super-news.info\\\/es\\\/facebook-e-instagram-quieren-mejorar-la-percepcion-de-marca\\\/#primaryimage\"},\"thumbnailUrl\":\"https:\\\/\\\/super-news.info\\\/es\\\/wp-content\\\/uploads\\\/sites\\\/4\\\/2019\\\/07\\\/Facebook-e-Instagram-quieren-mejorar-la-percepci\u00f3n-de-marca.jpg\",\"datePublished\":\"2019-07-12T08:36:46+00:00\",\"author\":{\"@id\":\"https:\\\/\\\/super-news.info\\\/es\\\/#\\\/schema\\\/person\\\/2d4068cb2f39cd10008c2fce578a7356\"},\"breadcrumb\":{\"@id\":\"https:\\\/\\\/super-news.info\\\/es\\\/facebook-e-instagram-quieren-mejorar-la-percepcion-de-marca\\\/#breadcrumb\"},\"inLanguage\":\"en-US\",\"potentialAction\":[{\"@type\":\"ReadAction\",\"target\":[\"https:\\\/\\\/super-news.info\\\/es\\\/facebook-e-instagram-quieren-mejorar-la-percepcion-de-marca\\\/\"]}]},{\"@type\":\"ImageObject\",\"inLanguage\":\"en-US\",\"@id\":\"https:\\\/\\\/super-news.info\\\/es\\\/facebook-e-instagram-quieren-mejorar-la-percepcion-de-marca\\\/#primaryimage\",\"url\":\"https:\\\/\\\/super-news.info\\\/es\\\/wp-content\\\/uploads\\\/sites\\\/4\\\/2019\\\/07\\\/Facebook-e-Instagram-quieren-mejorar-la-percepci\u00f3n-de-marca.jpg\",\"contentUrl\":\"https:\\\/\\\/super-news.info\\\/es\\\/wp-content\\\/uploads\\\/sites\\\/4\\\/2019\\\/07\\\/Facebook-e-Instagram-quieren-mejorar-la-percepci\u00f3n-de-marca.jpg\",\"width\":626,\"height\":364,\"caption\":\"facebook-instagram\"},{\"@type\":\"BreadcrumbList\",\"@id\":\"https:\\\/\\\/super-news.info\\\/es\\\/facebook-e-instagram-quieren-mejorar-la-percepcion-de-marca\\\/#breadcrumb\",\"itemListElement\":[{\"@type\":\"ListItem\",\"position\":1,\"name\":\"\u0413\u043b\u0430\u0432\u043d\u0430\u044f \u0441\u0442\u0440\u0430\u043d\u0438\u0446\u0430\",\"item\":\"https:\\\/\\\/super-news.info\\\/es\\\/\"},{\"@type\":\"ListItem\",\"position\":2,\"name\":\"Facebook e Instagram quieren mejorar la percepci\u00f3n de marca\"}]},{\"@type\":\"WebSite\",\"@id\":\"https:\\\/\\\/super-news.info\\\/es\\\/#website\",\"url\":\"https:\\\/\\\/super-news.info\\\/es\\\/\",\"name\":\"Super News\",\"description\":\"Super News Espa\u00f1a\",\"potentialAction\":[{\"@type\":\"SearchAction\",\"target\":{\"@type\":\"EntryPoint\",\"urlTemplate\":\"https:\\\/\\\/super-news.info\\\/es\\\/?s={search_term_string}\"},\"query-input\":{\"@type\":\"PropertyValueSpecification\",\"valueRequired\":true,\"valueName\":\"search_term_string\"}}],\"inLanguage\":\"en-US\"},{\"@type\":\"Person\",\"@id\":\"https:\\\/\\\/super-news.info\\\/es\\\/#\\\/schema\\\/person\\\/2d4068cb2f39cd10008c2fce578a7356\",\"name\":\"super-news\",\"image\":{\"@type\":\"ImageObject\",\"inLanguage\":\"en-US\",\"@id\":\"https:\\\/\\\/secure.gravatar.com\\\/avatar\\\/64ebac40b93f26a154f8a9b5b6fdccfc46f442b26b3dd6756dbff3bf9dc76fd7?s=96&d=mm&r=g\",\"url\":\"https:\\\/\\\/secure.gravatar.com\\\/avatar\\\/64ebac40b93f26a154f8a9b5b6fdccfc46f442b26b3dd6756dbff3bf9dc76fd7?s=96&d=mm&r=g\",\"contentUrl\":\"https:\\\/\\\/secure.gravatar.com\\\/avatar\\\/64ebac40b93f26a154f8a9b5b6fdccfc46f442b26b3dd6756dbff3bf9dc76fd7?s=96&d=mm&r=g\",\"caption\":\"super-news\"},\"url\":\"https:\\\/\\\/super-news.info\\\/es\\\/author\\\/pt\\\/\"}]}<\/script>\n<!-- \/ Yoast SEO plugin. -->","yoast_head_json":{"title":"Facebook e Instagram quieren mejorar la percepci\u00f3n de marca - Super News","robots":{"index":"index","follow":"follow","max-snippet":"max-snippet:-1","max-image-preview":"max-image-preview:large","max-video-preview":"max-video-preview:-1"},"canonical":"https:\/\/super-news.info\/es\/facebook-e-instagram-quieren-mejorar-la-percepcion-de-marca\/","og_locale":"en_US","og_type":"article","og_title":"Facebook e Instagram quieren mejorar la percepci\u00f3n de marca - Super News","og_description":"[ad_1] Un estudio realizado por Facebook en colaboraci\u00f3n con Annalect analiza la publicidad de nueve marcas de diferentes sectores. Es evidente que Facebook quiere posicionarse como un canal publicitario relevante para el embudo de ventas completo. El a\u00f1o pasado, un estudio realizado con Gfk tuvo como objetivo probar el efecto en las ventas; ahora se [&hellip;]","og_url":"https:\/\/super-news.info\/es\/facebook-e-instagram-quieren-mejorar-la-percepcion-de-marca\/","og_site_name":"Super News","article_published_time":"2019-07-12T08:36:46+00:00","og_image":[{"width":626,"height":364,"url":"https:\/\/super-news.info\/es\/wp-content\/uploads\/sites\/4\/2019\/07\/Facebook-e-Instagram-quieren-mejorar-la-percepci\u00f3n-de-marca.jpg","type":"image\/jpeg"}],"author":"super-news","twitter_card":"summary_large_image","twitter_misc":{"Written by":"super-news","Est. reading time":"2 minutes"},"schema":{"@context":"https:\/\/schema.org","@graph":[{"@type":"Article","@id":"https:\/\/super-news.info\/es\/facebook-e-instagram-quieren-mejorar-la-percepcion-de-marca\/#article","isPartOf":{"@id":"https:\/\/super-news.info\/es\/facebook-e-instagram-quieren-mejorar-la-percepcion-de-marca\/"},"author":{"name":"super-news","@id":"https:\/\/super-news.info\/es\/#\/schema\/person\/2d4068cb2f39cd10008c2fce578a7356"},"headline":"Facebook e Instagram quieren mejorar la percepci\u00f3n de marca","datePublished":"2019-07-12T08:36:46+00:00","mainEntityOfPage":{"@id":"https:\/\/super-news.info\/es\/facebook-e-instagram-quieren-mejorar-la-percepcion-de-marca\/"},"wordCount":353,"commentCount":0,"image":{"@id":"https:\/\/super-news.info\/es\/facebook-e-instagram-quieren-mejorar-la-percepcion-de-marca\/#primaryimage"},"thumbnailUrl":"https:\/\/super-news.info\/es\/wp-content\/uploads\/sites\/4\/2019\/07\/Facebook-e-Instagram-quieren-mejorar-la-percepci\u00f3n-de-marca.jpg","articleSection":["NOTICIAS DE MARKETING DIGITAL"],"inLanguage":"en-US","potentialAction":[{"@type":"CommentAction","name":"Comment","target":["https:\/\/super-news.info\/es\/facebook-e-instagram-quieren-mejorar-la-percepcion-de-marca\/#respond"]}]},{"@type":"WebPage","@id":"https:\/\/super-news.info\/es\/facebook-e-instagram-quieren-mejorar-la-percepcion-de-marca\/","url":"https:\/\/super-news.info\/es\/facebook-e-instagram-quieren-mejorar-la-percepcion-de-marca\/","name":"Facebook e Instagram quieren mejorar la percepci\u00f3n de marca - Super News","isPartOf":{"@id":"https:\/\/super-news.info\/es\/#website"},"primaryImageOfPage":{"@id":"https:\/\/super-news.info\/es\/facebook-e-instagram-quieren-mejorar-la-percepcion-de-marca\/#primaryimage"},"image":{"@id":"https:\/\/super-news.info\/es\/facebook-e-instagram-quieren-mejorar-la-percepcion-de-marca\/#primaryimage"},"thumbnailUrl":"https:\/\/super-news.info\/es\/wp-content\/uploads\/sites\/4\/2019\/07\/Facebook-e-Instagram-quieren-mejorar-la-percepci\u00f3n-de-marca.jpg","datePublished":"2019-07-12T08:36:46+00:00","author":{"@id":"https:\/\/super-news.info\/es\/#\/schema\/person\/2d4068cb2f39cd10008c2fce578a7356"},"breadcrumb":{"@id":"https:\/\/super-news.info\/es\/facebook-e-instagram-quieren-mejorar-la-percepcion-de-marca\/#breadcrumb"},"inLanguage":"en-US","potentialAction":[{"@type":"ReadAction","target":["https:\/\/super-news.info\/es\/facebook-e-instagram-quieren-mejorar-la-percepcion-de-marca\/"]}]},{"@type":"ImageObject","inLanguage":"en-US","@id":"https:\/\/super-news.info\/es\/facebook-e-instagram-quieren-mejorar-la-percepcion-de-marca\/#primaryimage","url":"https:\/\/super-news.info\/es\/wp-content\/uploads\/sites\/4\/2019\/07\/Facebook-e-Instagram-quieren-mejorar-la-percepci\u00f3n-de-marca.jpg","contentUrl":"https:\/\/super-news.info\/es\/wp-content\/uploads\/sites\/4\/2019\/07\/Facebook-e-Instagram-quieren-mejorar-la-percepci\u00f3n-de-marca.jpg","width":626,"height":364,"caption":"facebook-instagram"},{"@type":"BreadcrumbList","@id":"https:\/\/super-news.info\/es\/facebook-e-instagram-quieren-mejorar-la-percepcion-de-marca\/#breadcrumb","itemListElement":[{"@type":"ListItem","position":1,"name":"\u0413\u043b\u0430\u0432\u043d\u0430\u044f \u0441\u0442\u0440\u0430\u043d\u0438\u0446\u0430","item":"https:\/\/super-news.info\/es\/"},{"@type":"ListItem","position":2,"name":"Facebook e Instagram quieren mejorar la percepci\u00f3n de marca"}]},{"@type":"WebSite","@id":"https:\/\/super-news.info\/es\/#website","url":"https:\/\/super-news.info\/es\/","name":"Super News","description":"Super News Espa\u00f1a","potentialAction":[{"@type":"SearchAction","target":{"@type":"EntryPoint","urlTemplate":"https:\/\/super-news.info\/es\/?s={search_term_string}"},"query-input":{"@type":"PropertyValueSpecification","valueRequired":true,"valueName":"search_term_string"}}],"inLanguage":"en-US"},{"@type":"Person","@id":"https:\/\/super-news.info\/es\/#\/schema\/person\/2d4068cb2f39cd10008c2fce578a7356","name":"super-news","image":{"@type":"ImageObject","inLanguage":"en-US","@id":"https:\/\/secure.gravatar.com\/avatar\/64ebac40b93f26a154f8a9b5b6fdccfc46f442b26b3dd6756dbff3bf9dc76fd7?s=96&d=mm&r=g","url":"https:\/\/secure.gravatar.com\/avatar\/64ebac40b93f26a154f8a9b5b6fdccfc46f442b26b3dd6756dbff3bf9dc76fd7?s=96&d=mm&r=g","contentUrl":"https:\/\/secure.gravatar.com\/avatar\/64ebac40b93f26a154f8a9b5b6fdccfc46f442b26b3dd6756dbff3bf9dc76fd7?s=96&d=mm&r=g","caption":"super-news"},"url":"https:\/\/super-news.info\/es\/author\/pt\/"}]}},"_links":{"self":[{"href":"https:\/\/super-news.info\/es\/wp-json\/wp\/v2\/posts\/6159","targetHints":{"allow":["GET"]}}],"collection":[{"href":"https:\/\/super-news.info\/es\/wp-json\/wp\/v2\/posts"}],"about":[{"href":"https:\/\/super-news.info\/es\/wp-json\/wp\/v2\/types\/post"}],"author":[{"embeddable":true,"href":"https:\/\/super-news.info\/es\/wp-json\/wp\/v2\/users\/2"}],"replies":[{"embeddable":true,"href":"https:\/\/super-news.info\/es\/wp-json\/wp\/v2\/comments?post=6159"}],"version-history":[{"count":1,"href":"https:\/\/super-news.info\/es\/wp-json\/wp\/v2\/posts\/6159\/revisions"}],"predecessor-version":[{"id":6161,"href":"https:\/\/super-news.info\/es\/wp-json\/wp\/v2\/posts\/6159\/revisions\/6161"}],"wp:featuredmedia":[{"embeddable":true,"href":"https:\/\/super-news.info\/es\/wp-json\/wp\/v2\/media\/6160"}],"wp:attachment":[{"href":"https:\/\/super-news.info\/es\/wp-json\/wp\/v2\/media?parent=6159"}],"wp:term":[{"taxonomy":"category","embeddable":true,"href":"https:\/\/super-news.info\/es\/wp-json\/wp\/v2\/categories?post=6159"},{"taxonomy":"post_tag","embeddable":true,"href":"https:\/\/super-news.info\/es\/wp-json\/wp\/v2\/tags?post=6159"}],"curies":[{"name":"wp","href":"https:\/\/api.w.org\/{rel}","templated":true}]}}