{"id":6150,"date":"2019-07-12T08:36:29","date_gmt":"2019-07-12T05:36:29","guid":{"rendered":"https:\/\/super-news.info\/es\/el-eurostars-suites-mirasierra-5-acoge-la-fiesta-de-verano-de-grupo-hotusa\/"},"modified":"2019-07-12T08:36:29","modified_gmt":"2019-07-12T05:36:29","slug":"el-eurostars-suites-mirasierra-5-acoge-la-fiesta-de-verano-de-grupo-hotusa","status":"publish","type":"post","link":"https:\/\/super-news.info\/es\/el-eurostars-suites-mirasierra-5-acoge-la-fiesta-de-verano-de-grupo-hotusa\/","title":{"rendered":"El Eurostars Suites Mirasierra 5* acoge la Fiesta de Verano de Grupo Hotusa"},"content":{"rendered":"<p> [ad_1]<br \/>\n<\/p>\n<div id=\"textoNoticia\">\n<p class=\"excerpt-single\">El evento de Eurostars cont\u00f3 con la presencia de Ana Pastor, Ma Isabel Oliver, Andrea Levy y el presidente de Grupo Hotusa, Amancio L\u00f3pez Seijas.<\/p>\n<p>El Eurostars Suites Mirasierra 5* acogi\u00f3 ayer la tradicional Fiesta de Verano de Grupo Hotusa que sirvi\u00f3 como pretexto para la apertura de su terraza &#8220;<strong>The Garden&#8221;, un espacio que este a\u00f1o presenta grandes novedades<\/strong>. La velada cont\u00f3 con la presencia de la vicepresidenta tercera del Congreso de los Diputados, Ana Pastor; la Secretaria de Estado de Turismo, M\u00aa Isabel Oliver; la Delegada del \u00c1rea de Gobierno de Cultura, Turismo y Deporte del Ayuntamiento de Madrid, Andrea Levy y el presidente de Grupo Hotusa, Amancio L\u00f3pez Seijas. El encuentro congreg\u00f3 a cerca de 400 invitados, en su mayor\u00eda procedentes del sector tur\u00edstico, as\u00ed como del \u00e1mbito social, pol\u00edtico-institucional, econ\u00f3mico-financiero y cultural de Madrid.<\/p>\n<p>Un breve turno de parlamentos dio inicio al evento. El primero en tomar la palabra fue el presidente de Grupo Hotusa, Amancio L\u00f3pez Seijas quien, tras agradecer la asistencia a todos los representantes institucionales e invitados all\u00ed presentes, apel\u00f3 a la importancia del turismo como actividad econ\u00f3mica fundamental para nuestro pa\u00eds y, en concreto, para su capital. Para L\u00f3pez \u201cMadrid es una ciudad con grandes oportunidades\u201d porque \u201cEn un mundo actual donde las ciudades tienen una importancia como nunca la hab\u00edan tenido; la ciudad de Madrid puede generar numerosas oportunidades sobre todo con el mercado asi\u00e1tico\u201d al que consider\u00f3 como uno de los que posee mayor poder adquisitivo. Para el presidente de la compa\u00f1\u00eda hotelera este turismo contribuye a la generaci\u00f3n de mayor riqueza y, a su vez, suscita el crecimiento y desarrollo de otros sectores vitales para el crecimiento de Espa\u00f1a. Adem\u00e1s, el presidente de Grupo Hotusa, afirm\u00f3 que \u201cMadrid tiene la ocasi\u00f3n de liderar una comunidad hispanoparlante de una cultura muy pr\u00f3xima y una habla com\u00fan que le da muchas ventajas sobre otros destinos\u201d. Para finalizar su turno de palabra, L\u00f3pez se refiri\u00f3 a un \u201cEstilo de vida que es com\u00fan a todo el pa\u00eds y que gusta tanto a inversores contribuir\u00e1 al desarrollo de cualquier ciudad o pueblo que tenga un valor patrimonial, hist\u00f3rico o cultural\u201d y concluy\u00f3 a\u00f1adiendo que \u201cEstamos en un mundo de grandes oportunidades y la situaci\u00f3n de Madrid es francamente privilegiada\u201d. Una vez finalizado sus parlamentos, L\u00f3pez present\u00f3 y cedi\u00f3 la palabra a la Secretaria de Estado de Turismo, M\u00aa Isabel Olivier.<\/p>\n<p><img loading=\"lazy\" decoding=\"async\" class=\"aligncenter size-full wp-image-497736\" src=\"https:\/\/super-news.info\/es\/wp-content\/uploads\/sites\/4\/2019\/07\/1562909789_500_El-Eurostars-Suites-Mirasierra-5-acoge-la-Fiesta-de-Verano.jpg\" alt=\"\" width=\"626\" height=\"418\"\/><\/p>\n<p>Olivier inici\u00f3 su parlamento agradeciendo la oportunidad que le brind\u00f3 Grupo Hotusa para estar all\u00ed presente. Empez\u00f3 su discurso afirmando que \u201cMadrid tiene una importancia en cuanto al turismo de la misma forma que lo es Espa\u00f1a, que se ha convertido en una potencia mundial\u201d y a\u00f1adi\u00f3 que \u201cDesde el Estado queremos seguir defendiendo el sector desde los principios de la competitividad y objetivos de desarrollo sostenible\u201d.<\/p>\n<p>La Secretaria de Estado de Turismo hizo hincapi\u00e9 en la importancia de seguir trabajando d\u00eda a d\u00eda con los agentes que intervienen en esta industria. Un \u00faltimo vaticinio puso el broche final a su discurso, en el que record\u00f3 que \u201clos buenos resultados tur\u00edsticos obtenidos durante los \u00faltimos cinco meses son un indicador para trabajar m\u00e1s para hacer que el resto del a\u00f1o tambi\u00e9n sea bueno y afrontar las posible vicisitudes que de forma conjunta entre gobierno, empresarios y trabajadores\u201d.<\/p>\n<p>Una vez las autoridades abandonaron el escenario se dio inicio a un c\u00f3ctel-cena que consisti\u00f3 en una variada oferta culinaria a trav\u00e9s de diferentes propuestas distribuidas en distintos <em>corners <\/em>tem\u00e1ticos y que tambi\u00e9n cont\u00f3 con una variada selecci\u00f3n de aperitivos fr\u00edos y calientes. La velada estuvo amenizada por una actuaci\u00f3n de jazz en directo, que dio paso a una sesi\u00f3n de DJ para finalizar la celebraci\u00f3n.<\/p>\n<p><strong>Eurostars Suites Mirasierra, uno de los hoteles de referencia en el distrito financiero de Madrid<\/strong><strong>\u00a0<\/strong><\/p>\n<p>Ubicado al norte de la capital, en el distrito financiero de\u00a0 Madrid, el hotel Eurostars Suites Mirasierra\u00a0 5* se ha convertido a d\u00eda de hoy en uno de los establecimientos de la ciudad con mejores instalaciones para la organizaci\u00f3n de reuniones de empresa, eventos y celebraciones. Este establecimiento,\u00a0 concebido para recrear en sus instalaciones una atm\u00f3sfera excelente y totalmente cuidada, es ideal para generar experiencias \u00fanicas para los hu\u00e9spedes. Cuenta con 182 habitaciones con incre\u00edbles vistas a la sierra madrile\u00f1a y m\u00e1s de 1.800 metros cuadrados divididos en 17 salones independientes con capacidad para acoger eventos de hasta 850 personas.<\/p>\n<p>Adem\u00e1s, el Eurostars Suites Mirasierra, cuenta con la terraza The Garden, un cuidado espacio que propone una experiencia alejada del bullicio de la ciudad. Este espacio ofrece\u00a0 al\u00a0 visitante\u00a0 una\u00a0 trabajada carta de c\u00f3cteles que se convierte en el complemento perfecto de la cuidada y renovada oferta gastron\u00f3mica que se presenta este a\u00f1o. De esta forma, The Garden, ha abierto sus puertas con interesantes novedades como una deliciosa carta que incluye una excelente selecci\u00f3n de carnes y pescados a la brasa. Una propuesta llena de sabor con el toque \u00fanico de la cocci\u00f3n a la parrilla. El establecimiento tambi\u00e9n dispone de una piscina de temporada y un parking gratuito para todos los hu\u00e9spedes.<\/p>\n<p>Nota de prensa<\/p>\n<p class=\"link-telegram\">\n\t\t\t\t\t\t\t\t\t\t\tNo te pierdas nada de MarketingDirecto.com y \u00fanete a nuestro Telegram t.me\/MarketingDirecto\n\t\t\t\t\t\t\t\t\t\t<\/p>\n<\/p><\/div>\n<p><script>(function(d, s, id) {\n  var js, fjs = d.getElementsByTagName(s)[0];\n  if (d.getElementById(id)) return;\n  js = d.createElement(s); js.id = id;\n  js.src = \"http:\/\/connect.facebook.net\/es_LA\/sdk.js#xfbml=1&appId=408746052611679&version=v2.3\";\n  fjs.parentNode.insertBefore(js, fjs);\n}(document, 'script', 'facebook-jssdk'));<\/script><br \/>\n<br \/>[ad_2]<br \/>\n<br \/><a href=\"https:\/\/www.marketingdirecto.com\/anunciantes-general\/anunciantes\/el-eurostars-suites-mirasierra-5-acoge-la-fiesta-de-verano-de-grupo-hotusa\">Source link <\/a><\/p>\n","protected":false},"excerpt":{"rendered":"<p>[ad_1] El evento de Eurostars cont\u00f3 con la presencia de Ana Pastor, Ma Isabel Oliver, Andrea Levy y el presidente de Grupo Hotusa, Amancio L\u00f3pez Seijas. El Eurostars Suites Mirasierra 5* acogi\u00f3 ayer la tradicional Fiesta de Verano de Grupo Hotusa que sirvi\u00f3 como pretexto para la apertura de su terraza &#8220;The Garden&#8221;, un espacio [&hellip;]<\/p>\n","protected":false},"author":2,"featured_media":6151,"comment_status":"open","ping_status":"open","sticky":false,"template":"","format":"standard","meta":{"footnotes":""},"categories":[2],"tags":[],"class_list":["post-6150","post","type-post","status-publish","format-standard","has-post-thumbnail","hentry","category-noticias-de-marketing-digital"],"yoast_head":"<!-- This site is optimized with the Yoast SEO plugin v27.4 - https:\/\/yoast.com\/product\/yoast-seo-wordpress\/ -->\n<title>El Eurostars Suites Mirasierra 5* acoge la Fiesta de Verano de Grupo Hotusa - Super News<\/title>\n<meta name=\"robots\" content=\"index, follow, max-snippet:-1, max-image-preview:large, max-video-preview:-1\" \/>\n<link rel=\"canonical\" href=\"https:\/\/super-news.info\/es\/el-eurostars-suites-mirasierra-5-acoge-la-fiesta-de-verano-de-grupo-hotusa\/\" \/>\n<meta property=\"og:locale\" content=\"en_US\" \/>\n<meta property=\"og:type\" content=\"article\" \/>\n<meta property=\"og:title\" content=\"El Eurostars Suites Mirasierra 5* acoge la Fiesta de Verano de Grupo Hotusa - Super News\" \/>\n<meta property=\"og:description\" content=\"[ad_1] El evento de Eurostars cont\u00f3 con la presencia de Ana Pastor, Ma Isabel Oliver, Andrea Levy y el presidente de Grupo Hotusa, Amancio L\u00f3pez Seijas. El Eurostars Suites Mirasierra 5* acogi\u00f3 ayer la tradicional Fiesta de Verano de Grupo Hotusa que sirvi\u00f3 como pretexto para la apertura de su terraza &#8220;The Garden&#8221;, un espacio [&hellip;]\" \/>\n<meta property=\"og:url\" content=\"https:\/\/super-news.info\/es\/el-eurostars-suites-mirasierra-5-acoge-la-fiesta-de-verano-de-grupo-hotusa\/\" \/>\n<meta property=\"og:site_name\" content=\"Super News\" \/>\n<meta property=\"article:published_time\" content=\"2019-07-12T05:36:29+00:00\" \/>\n<meta property=\"og:image\" content=\"https:\/\/super-news.info\/es\/wp-content\/uploads\/sites\/4\/2019\/07\/El-Eurostars-Suites-Mirasierra-5-acoge-la-Fiesta-de-Verano.jpg\" \/>\n\t<meta property=\"og:image:width\" content=\"626\" \/>\n\t<meta property=\"og:image:height\" content=\"364\" \/>\n\t<meta property=\"og:image:type\" content=\"image\/jpeg\" \/>\n<meta name=\"author\" content=\"super-news\" \/>\n<meta name=\"twitter:card\" content=\"summary_large_image\" \/>\n<meta name=\"twitter:label1\" content=\"Written by\" \/>\n\t<meta name=\"twitter:data1\" content=\"super-news\" \/>\n\t<meta name=\"twitter:label2\" content=\"Est. reading time\" \/>\n\t<meta name=\"twitter:data2\" content=\"5 minutes\" \/>\n<script type=\"application\/ld+json\" class=\"yoast-schema-graph\">{\"@context\":\"https:\\\/\\\/schema.org\",\"@graph\":[{\"@type\":\"Article\",\"@id\":\"https:\\\/\\\/super-news.info\\\/es\\\/el-eurostars-suites-mirasierra-5-acoge-la-fiesta-de-verano-de-grupo-hotusa\\\/#article\",\"isPartOf\":{\"@id\":\"https:\\\/\\\/super-news.info\\\/es\\\/el-eurostars-suites-mirasierra-5-acoge-la-fiesta-de-verano-de-grupo-hotusa\\\/\"},\"author\":{\"name\":\"super-news\",\"@id\":\"https:\\\/\\\/super-news.info\\\/es\\\/#\\\/schema\\\/person\\\/2d4068cb2f39cd10008c2fce578a7356\"},\"headline\":\"El Eurostars Suites Mirasierra 5* acoge la Fiesta de Verano de Grupo Hotusa\",\"datePublished\":\"2019-07-12T05:36:29+00:00\",\"mainEntityOfPage\":{\"@id\":\"https:\\\/\\\/super-news.info\\\/es\\\/el-eurostars-suites-mirasierra-5-acoge-la-fiesta-de-verano-de-grupo-hotusa\\\/\"},\"wordCount\":924,\"commentCount\":0,\"image\":{\"@id\":\"https:\\\/\\\/super-news.info\\\/es\\\/el-eurostars-suites-mirasierra-5-acoge-la-fiesta-de-verano-de-grupo-hotusa\\\/#primaryimage\"},\"thumbnailUrl\":\"https:\\\/\\\/super-news.info\\\/es\\\/wp-content\\\/uploads\\\/sites\\\/4\\\/2019\\\/07\\\/El-Eurostars-Suites-Mirasierra-5-acoge-la-Fiesta-de-Verano.jpg\",\"articleSection\":[\"NOTICIAS DE MARKETING DIGITAL\"],\"inLanguage\":\"en-US\",\"potentialAction\":[{\"@type\":\"CommentAction\",\"name\":\"Comment\",\"target\":[\"https:\\\/\\\/super-news.info\\\/es\\\/el-eurostars-suites-mirasierra-5-acoge-la-fiesta-de-verano-de-grupo-hotusa\\\/#respond\"]}]},{\"@type\":\"WebPage\",\"@id\":\"https:\\\/\\\/super-news.info\\\/es\\\/el-eurostars-suites-mirasierra-5-acoge-la-fiesta-de-verano-de-grupo-hotusa\\\/\",\"url\":\"https:\\\/\\\/super-news.info\\\/es\\\/el-eurostars-suites-mirasierra-5-acoge-la-fiesta-de-verano-de-grupo-hotusa\\\/\",\"name\":\"El Eurostars Suites Mirasierra 5* acoge la Fiesta de Verano de Grupo Hotusa - Super News\",\"isPartOf\":{\"@id\":\"https:\\\/\\\/super-news.info\\\/es\\\/#website\"},\"primaryImageOfPage\":{\"@id\":\"https:\\\/\\\/super-news.info\\\/es\\\/el-eurostars-suites-mirasierra-5-acoge-la-fiesta-de-verano-de-grupo-hotusa\\\/#primaryimage\"},\"image\":{\"@id\":\"https:\\\/\\\/super-news.info\\\/es\\\/el-eurostars-suites-mirasierra-5-acoge-la-fiesta-de-verano-de-grupo-hotusa\\\/#primaryimage\"},\"thumbnailUrl\":\"https:\\\/\\\/super-news.info\\\/es\\\/wp-content\\\/uploads\\\/sites\\\/4\\\/2019\\\/07\\\/El-Eurostars-Suites-Mirasierra-5-acoge-la-Fiesta-de-Verano.jpg\",\"datePublished\":\"2019-07-12T05:36:29+00:00\",\"author\":{\"@id\":\"https:\\\/\\\/super-news.info\\\/es\\\/#\\\/schema\\\/person\\\/2d4068cb2f39cd10008c2fce578a7356\"},\"breadcrumb\":{\"@id\":\"https:\\\/\\\/super-news.info\\\/es\\\/el-eurostars-suites-mirasierra-5-acoge-la-fiesta-de-verano-de-grupo-hotusa\\\/#breadcrumb\"},\"inLanguage\":\"en-US\",\"potentialAction\":[{\"@type\":\"ReadAction\",\"target\":[\"https:\\\/\\\/super-news.info\\\/es\\\/el-eurostars-suites-mirasierra-5-acoge-la-fiesta-de-verano-de-grupo-hotusa\\\/\"]}]},{\"@type\":\"ImageObject\",\"inLanguage\":\"en-US\",\"@id\":\"https:\\\/\\\/super-news.info\\\/es\\\/el-eurostars-suites-mirasierra-5-acoge-la-fiesta-de-verano-de-grupo-hotusa\\\/#primaryimage\",\"url\":\"https:\\\/\\\/super-news.info\\\/es\\\/wp-content\\\/uploads\\\/sites\\\/4\\\/2019\\\/07\\\/El-Eurostars-Suites-Mirasierra-5-acoge-la-Fiesta-de-Verano.jpg\",\"contentUrl\":\"https:\\\/\\\/super-news.info\\\/es\\\/wp-content\\\/uploads\\\/sites\\\/4\\\/2019\\\/07\\\/El-Eurostars-Suites-Mirasierra-5-acoge-la-Fiesta-de-Verano.jpg\",\"width\":626,\"height\":364,\"caption\":\"El Eurostars Suites Mirasierra 5* acoge la Fiesta de Verano de Grupo Hotusa\"},{\"@type\":\"BreadcrumbList\",\"@id\":\"https:\\\/\\\/super-news.info\\\/es\\\/el-eurostars-suites-mirasierra-5-acoge-la-fiesta-de-verano-de-grupo-hotusa\\\/#breadcrumb\",\"itemListElement\":[{\"@type\":\"ListItem\",\"position\":1,\"name\":\"\u0413\u043b\u0430\u0432\u043d\u0430\u044f \u0441\u0442\u0440\u0430\u043d\u0438\u0446\u0430\",\"item\":\"https:\\\/\\\/super-news.info\\\/es\\\/\"},{\"@type\":\"ListItem\",\"position\":2,\"name\":\"El Eurostars Suites Mirasierra 5* acoge la Fiesta de Verano de Grupo Hotusa\"}]},{\"@type\":\"WebSite\",\"@id\":\"https:\\\/\\\/super-news.info\\\/es\\\/#website\",\"url\":\"https:\\\/\\\/super-news.info\\\/es\\\/\",\"name\":\"Super News\",\"description\":\"Super News Espa\u00f1a\",\"potentialAction\":[{\"@type\":\"SearchAction\",\"target\":{\"@type\":\"EntryPoint\",\"urlTemplate\":\"https:\\\/\\\/super-news.info\\\/es\\\/?s={search_term_string}\"},\"query-input\":{\"@type\":\"PropertyValueSpecification\",\"valueRequired\":true,\"valueName\":\"search_term_string\"}}],\"inLanguage\":\"en-US\"},{\"@type\":\"Person\",\"@id\":\"https:\\\/\\\/super-news.info\\\/es\\\/#\\\/schema\\\/person\\\/2d4068cb2f39cd10008c2fce578a7356\",\"name\":\"super-news\",\"image\":{\"@type\":\"ImageObject\",\"inLanguage\":\"en-US\",\"@id\":\"https:\\\/\\\/secure.gravatar.com\\\/avatar\\\/64ebac40b93f26a154f8a9b5b6fdccfc46f442b26b3dd6756dbff3bf9dc76fd7?s=96&d=mm&r=g\",\"url\":\"https:\\\/\\\/secure.gravatar.com\\\/avatar\\\/64ebac40b93f26a154f8a9b5b6fdccfc46f442b26b3dd6756dbff3bf9dc76fd7?s=96&d=mm&r=g\",\"contentUrl\":\"https:\\\/\\\/secure.gravatar.com\\\/avatar\\\/64ebac40b93f26a154f8a9b5b6fdccfc46f442b26b3dd6756dbff3bf9dc76fd7?s=96&d=mm&r=g\",\"caption\":\"super-news\"},\"url\":\"https:\\\/\\\/super-news.info\\\/es\\\/author\\\/pt\\\/\"}]}<\/script>\n<!-- \/ Yoast SEO plugin. -->","yoast_head_json":{"title":"El Eurostars Suites Mirasierra 5* acoge la Fiesta de Verano de Grupo Hotusa - Super News","robots":{"index":"index","follow":"follow","max-snippet":"max-snippet:-1","max-image-preview":"max-image-preview:large","max-video-preview":"max-video-preview:-1"},"canonical":"https:\/\/super-news.info\/es\/el-eurostars-suites-mirasierra-5-acoge-la-fiesta-de-verano-de-grupo-hotusa\/","og_locale":"en_US","og_type":"article","og_title":"El Eurostars Suites Mirasierra 5* acoge la Fiesta de Verano de Grupo Hotusa - Super News","og_description":"[ad_1] El evento de Eurostars cont\u00f3 con la presencia de Ana Pastor, Ma Isabel Oliver, Andrea Levy y el presidente de Grupo Hotusa, Amancio L\u00f3pez Seijas. El Eurostars Suites Mirasierra 5* acogi\u00f3 ayer la tradicional Fiesta de Verano de Grupo Hotusa que sirvi\u00f3 como pretexto para la apertura de su terraza &#8220;The Garden&#8221;, un espacio [&hellip;]","og_url":"https:\/\/super-news.info\/es\/el-eurostars-suites-mirasierra-5-acoge-la-fiesta-de-verano-de-grupo-hotusa\/","og_site_name":"Super News","article_published_time":"2019-07-12T05:36:29+00:00","og_image":[{"width":626,"height":364,"url":"https:\/\/super-news.info\/es\/wp-content\/uploads\/sites\/4\/2019\/07\/El-Eurostars-Suites-Mirasierra-5-acoge-la-Fiesta-de-Verano.jpg","type":"image\/jpeg"}],"author":"super-news","twitter_card":"summary_large_image","twitter_misc":{"Written by":"super-news","Est. reading time":"5 minutes"},"schema":{"@context":"https:\/\/schema.org","@graph":[{"@type":"Article","@id":"https:\/\/super-news.info\/es\/el-eurostars-suites-mirasierra-5-acoge-la-fiesta-de-verano-de-grupo-hotusa\/#article","isPartOf":{"@id":"https:\/\/super-news.info\/es\/el-eurostars-suites-mirasierra-5-acoge-la-fiesta-de-verano-de-grupo-hotusa\/"},"author":{"name":"super-news","@id":"https:\/\/super-news.info\/es\/#\/schema\/person\/2d4068cb2f39cd10008c2fce578a7356"},"headline":"El Eurostars Suites Mirasierra 5* acoge la Fiesta de Verano de Grupo Hotusa","datePublished":"2019-07-12T05:36:29+00:00","mainEntityOfPage":{"@id":"https:\/\/super-news.info\/es\/el-eurostars-suites-mirasierra-5-acoge-la-fiesta-de-verano-de-grupo-hotusa\/"},"wordCount":924,"commentCount":0,"image":{"@id":"https:\/\/super-news.info\/es\/el-eurostars-suites-mirasierra-5-acoge-la-fiesta-de-verano-de-grupo-hotusa\/#primaryimage"},"thumbnailUrl":"https:\/\/super-news.info\/es\/wp-content\/uploads\/sites\/4\/2019\/07\/El-Eurostars-Suites-Mirasierra-5-acoge-la-Fiesta-de-Verano.jpg","articleSection":["NOTICIAS DE MARKETING DIGITAL"],"inLanguage":"en-US","potentialAction":[{"@type":"CommentAction","name":"Comment","target":["https:\/\/super-news.info\/es\/el-eurostars-suites-mirasierra-5-acoge-la-fiesta-de-verano-de-grupo-hotusa\/#respond"]}]},{"@type":"WebPage","@id":"https:\/\/super-news.info\/es\/el-eurostars-suites-mirasierra-5-acoge-la-fiesta-de-verano-de-grupo-hotusa\/","url":"https:\/\/super-news.info\/es\/el-eurostars-suites-mirasierra-5-acoge-la-fiesta-de-verano-de-grupo-hotusa\/","name":"El Eurostars Suites Mirasierra 5* acoge la Fiesta de Verano de Grupo Hotusa - Super News","isPartOf":{"@id":"https:\/\/super-news.info\/es\/#website"},"primaryImageOfPage":{"@id":"https:\/\/super-news.info\/es\/el-eurostars-suites-mirasierra-5-acoge-la-fiesta-de-verano-de-grupo-hotusa\/#primaryimage"},"image":{"@id":"https:\/\/super-news.info\/es\/el-eurostars-suites-mirasierra-5-acoge-la-fiesta-de-verano-de-grupo-hotusa\/#primaryimage"},"thumbnailUrl":"https:\/\/super-news.info\/es\/wp-content\/uploads\/sites\/4\/2019\/07\/El-Eurostars-Suites-Mirasierra-5-acoge-la-Fiesta-de-Verano.jpg","datePublished":"2019-07-12T05:36:29+00:00","author":{"@id":"https:\/\/super-news.info\/es\/#\/schema\/person\/2d4068cb2f39cd10008c2fce578a7356"},"breadcrumb":{"@id":"https:\/\/super-news.info\/es\/el-eurostars-suites-mirasierra-5-acoge-la-fiesta-de-verano-de-grupo-hotusa\/#breadcrumb"},"inLanguage":"en-US","potentialAction":[{"@type":"ReadAction","target":["https:\/\/super-news.info\/es\/el-eurostars-suites-mirasierra-5-acoge-la-fiesta-de-verano-de-grupo-hotusa\/"]}]},{"@type":"ImageObject","inLanguage":"en-US","@id":"https:\/\/super-news.info\/es\/el-eurostars-suites-mirasierra-5-acoge-la-fiesta-de-verano-de-grupo-hotusa\/#primaryimage","url":"https:\/\/super-news.info\/es\/wp-content\/uploads\/sites\/4\/2019\/07\/El-Eurostars-Suites-Mirasierra-5-acoge-la-Fiesta-de-Verano.jpg","contentUrl":"https:\/\/super-news.info\/es\/wp-content\/uploads\/sites\/4\/2019\/07\/El-Eurostars-Suites-Mirasierra-5-acoge-la-Fiesta-de-Verano.jpg","width":626,"height":364,"caption":"El Eurostars Suites Mirasierra 5* acoge la Fiesta de Verano de Grupo Hotusa"},{"@type":"BreadcrumbList","@id":"https:\/\/super-news.info\/es\/el-eurostars-suites-mirasierra-5-acoge-la-fiesta-de-verano-de-grupo-hotusa\/#breadcrumb","itemListElement":[{"@type":"ListItem","position":1,"name":"\u0413\u043b\u0430\u0432\u043d\u0430\u044f \u0441\u0442\u0440\u0430\u043d\u0438\u0446\u0430","item":"https:\/\/super-news.info\/es\/"},{"@type":"ListItem","position":2,"name":"El Eurostars Suites Mirasierra 5* acoge la Fiesta de Verano de Grupo Hotusa"}]},{"@type":"WebSite","@id":"https:\/\/super-news.info\/es\/#website","url":"https:\/\/super-news.info\/es\/","name":"Super News","description":"Super News Espa\u00f1a","potentialAction":[{"@type":"SearchAction","target":{"@type":"EntryPoint","urlTemplate":"https:\/\/super-news.info\/es\/?s={search_term_string}"},"query-input":{"@type":"PropertyValueSpecification","valueRequired":true,"valueName":"search_term_string"}}],"inLanguage":"en-US"},{"@type":"Person","@id":"https:\/\/super-news.info\/es\/#\/schema\/person\/2d4068cb2f39cd10008c2fce578a7356","name":"super-news","image":{"@type":"ImageObject","inLanguage":"en-US","@id":"https:\/\/secure.gravatar.com\/avatar\/64ebac40b93f26a154f8a9b5b6fdccfc46f442b26b3dd6756dbff3bf9dc76fd7?s=96&d=mm&r=g","url":"https:\/\/secure.gravatar.com\/avatar\/64ebac40b93f26a154f8a9b5b6fdccfc46f442b26b3dd6756dbff3bf9dc76fd7?s=96&d=mm&r=g","contentUrl":"https:\/\/secure.gravatar.com\/avatar\/64ebac40b93f26a154f8a9b5b6fdccfc46f442b26b3dd6756dbff3bf9dc76fd7?s=96&d=mm&r=g","caption":"super-news"},"url":"https:\/\/super-news.info\/es\/author\/pt\/"}]}},"_links":{"self":[{"href":"https:\/\/super-news.info\/es\/wp-json\/wp\/v2\/posts\/6150","targetHints":{"allow":["GET"]}}],"collection":[{"href":"https:\/\/super-news.info\/es\/wp-json\/wp\/v2\/posts"}],"about":[{"href":"https:\/\/super-news.info\/es\/wp-json\/wp\/v2\/types\/post"}],"author":[{"embeddable":true,"href":"https:\/\/super-news.info\/es\/wp-json\/wp\/v2\/users\/2"}],"replies":[{"embeddable":true,"href":"https:\/\/super-news.info\/es\/wp-json\/wp\/v2\/comments?post=6150"}],"version-history":[{"count":1,"href":"https:\/\/super-news.info\/es\/wp-json\/wp\/v2\/posts\/6150\/revisions"}],"predecessor-version":[{"id":6152,"href":"https:\/\/super-news.info\/es\/wp-json\/wp\/v2\/posts\/6150\/revisions\/6152"}],"wp:featuredmedia":[{"embeddable":true,"href":"https:\/\/super-news.info\/es\/wp-json\/wp\/v2\/media\/6151"}],"wp:attachment":[{"href":"https:\/\/super-news.info\/es\/wp-json\/wp\/v2\/media?parent=6150"}],"wp:term":[{"taxonomy":"category","embeddable":true,"href":"https:\/\/super-news.info\/es\/wp-json\/wp\/v2\/categories?post=6150"},{"taxonomy":"post_tag","embeddable":true,"href":"https:\/\/super-news.info\/es\/wp-json\/wp\/v2\/tags?post=6150"}],"curies":[{"name":"wp","href":"https:\/\/api.w.org\/{rel}","templated":true}]}}