{"id":6135,"date":"2019-07-12T01:58:58","date_gmt":"2019-07-11T22:58:58","guid":{"rendered":"https:\/\/super-news.info\/es\/el-gobierno-revisara-al-alza-la-prevision-de-crecimiento-del-pib-para-este-ano\/"},"modified":"2019-07-12T01:58:59","modified_gmt":"2019-07-11T22:58:59","slug":"el-gobierno-revisara-al-alza-la-prevision-de-crecimiento-del-pib-para-este-ano","status":"publish","type":"post","link":"https:\/\/super-news.info\/es\/el-gobierno-revisara-al-alza-la-prevision-de-crecimiento-del-pib-para-este-ano\/","title":{"rendered":"El Gobierno revisar\u00e1 al alza la previsi\u00f3n de crecimiento del PIB para este a\u00f1o"},"content":{"rendered":"<p> [ad_1]<\/p>\n<div id=\"CuerpoNoticiav2\" itemprop=\"articleBody\">\n<p>MADRID, 11 Jul. (EUROPA PRESS) &#8211;<\/p>\n<p itemprop=\"description\">La ministra de Econom\u00eda y Empresa en funciones, Nadia Calvi\u00f1o, ha anunciado este jueves que el Gobierno revisar\u00e1 al alza la previsi\u00f3n de crecimiento del PIB para este a\u00f1o, situada actualmente en el 2,2%, en el pr\u00f3ximo cuadro macroecon\u00f3mico.<\/p>\n<p>Calvi\u00f1o, en declaraciones a Onda Cero recogidas por Europa Press, no ha precisado en cu\u00e1ntas d\u00e9cimas se elevar\u00e1 la previsi\u00f3n, aunque s\u00ed ha dicho que se har\u00e1 &#8220;en l\u00ednea&#8221; con las revisiones realizadas por otros organismos.<\/p>\n<p>&#8220;Prefiero ser muy prudente, veremos en los pr\u00f3ximos cu\u00e1nto se revisa, pero la tendencia y la previsi\u00f3n ser\u00e1 revisar al alza el crecimiento de este a\u00f1o&#8221;, ha apuntado la ministra, que ha recordado que ayer la Comisi\u00f3n Europea revis\u00f3 dos d\u00e9cimas al alza, hasta el 2,3%, su previsi\u00f3n de crecimiento para Espa\u00f1a en 2019, y que el Banco de Espa\u00f1a la elev\u00f3 hace unas semanas hasta el 2,4%.<\/p>\n<p>Calvi\u00f1o ha destacado que la situaci\u00f3n econ\u00f3mica de Espa\u00f1a sigue siendo &#8220;muy positiva&#8221;, con un crecimiento &#8220;s\u00f3lido&#8221; gracias a una demanda interna &#8220;muy din\u00e1mica&#8221; y al comportamiento del sector exterior, mejor al de otras etapas de la historia espa\u00f1ola.<\/p>\n<p>La ministra ha se\u00f1alado que hay que aprovechar el crecimiento econ\u00f3mico para reducir el d\u00e9ficit, por lo que es &#8220;deseable&#8221; tener unos nuevos Presupuestos Generales del Estado (PGE) en 2020. &#8220;Yo hubiera querido tener ya unos Presupuestos nuestros nuevos en 2019, aunque finalmente no fue posible&#8221;, ha apuntado Calvi\u00f1o, que ha a\u00f1adido que Espa\u00f1a debe avanzar &#8220;lo m\u00e1s r\u00e1pidamente posible&#8221; en el ajuste del d\u00e9ficit.<\/p>\n<p>Seg\u00fan Calvi\u00f1o, la previsi\u00f3n es que este a\u00f1o el d\u00e9ficit p\u00fablico se reduzca al 2% del PIB, sin presupuestos nuevos pero con una gesti\u00f3n &#8220;muy fina de los mismos&#8221;, los ingresos adicionales de impuestos y el ahorro en los tipos de inter\u00e9s (550 millones en lo que va de a\u00f1o).<\/p>\n<p>En todo caso, ha remarcado que si se puede ir &#8220;un poco m\u00e1s r\u00e1pido, mejor&#8221;, para reducir a su vez la deuda, por lo que ve &#8220;deseable&#8221; contar con unos nuevos PGE que respondan a ese objetivo, al Programa de Estabilidad y contar con un nuevo modelo fiscal &#8220;m\u00e1s progresivo&#8221;, ya que ha confirmado que el pr\u00f3ximo a\u00f1o se abordar\u00e1n las nuevas figuras fiscales.<\/p>\n<p><strong>&#8220;NO HAY QUE TEJER Y DESTEJER REFORMAS PARCIALES&#8221;<\/strong><\/p>\n<p>Sobre los planes del Gobierno socialista acerca de la reforma laboral de 2012, la ministra ha pedido &#8220;mirar hacia el futuro&#8221; y no dedicar &#8220;toda la energ\u00eda pol\u00edtica a tejer y destejer&#8221; reformas parciales porque eso &#8220;no resuelve los problemas del mercado laboral&#8221;.<\/p>\n<p>&#8220;Revertir la reforma laboral no va a mejorar las condiciones laborales de los chicos que est\u00e1n trabajando para Deliveroo o Glovo, no va a resolver los retos que nos plantea la digitalizaci\u00f3n y robotizaci\u00f3n del empleo&#8221;, ha dicho la ministra, que ha subrayado que lo que se necesita es un Estatuto de los Trabajadores para el siglo XXI.<\/p>\n<p>En cuanto al salario m\u00ednimo interprofesional (SMI), Calvi\u00f1o ha asegurado que su Ministerio &#8220;llam\u00f3 a la calma y la prudencia&#8221; cuando se anunci\u00f3 su subida a 900 euros mensuales porque hab\u00eda &#8220;evidencias mixtas&#8221; sobre cu\u00e1l podr\u00eda ser el impacto de este repunte.<\/p>\n<p>&#8220;Yo me alegro mucho de que de momento, en 2019, la marcha del mercado laboral sea tan positiva (&#8230;) pero no nos tiene que llevar a la conclusi\u00f3n de que cualquier subida del SMI no tendr\u00eda consecuencias, hay que ser prudentes y ver la evoluci\u00f3n&#8221;, ha advertido Calvi\u00f1o, que ha subrayado que en el programa electoral del PSOE lo que est\u00e1 previsto es subir el SMI hasta el 60% del salario medio, tal y como recomienda la Carta Social Europea.<\/p>\n<p>Preguntada sobre las palabras del secretario de Estado de la Seguridad Social en funciones, Octavio Granado, quien reconoci\u00f3 que los socialistas lo hicieron &#8220;fatal&#8221; en 2008 al dejar que se destruyesen tres millones de empleos, Calvi\u00f1o ha recordado que desde principios de los a\u00f1os 80 los sucesivos gobiernos han implementado reformas para mejorar las condiciones laborales, si bien el resultado ha sido una tasa de temporalidad del 26%, &#8220;muy superior&#8221; a la media europea del 16%, aunque se ha reducido &#8220;sustancialmente&#8221; en los \u00faltimos a\u00f1os.<\/p>\n<p>Sobre la posibilidad de impulsar los contratos temporales en periodos de elevada destrucci\u00f3n de empleo, Calvi\u00f1o ha abogado en cambio por atajar la dualidad del mercado laboral, lo que ser\u00e1 el &#8220;principal reto&#8221; cuando se elabore el Estatuto de los Trabajadores.<\/p>\n<p>&#8220;Mejorar la calidad de empleo y tener un peso sustancial de la contrataci\u00f3n indefinida, con un mercado laboral que proporcione seguridad y estabilidad en un contexto econ\u00f3mico diferente&#8221; ser\u00e1 el objetivo del nuevo Estatuto, ha indicado Calvi\u00f1o, quien ha defendido que la ministra de Trabajo, Magdalena Valerio, ha invertido &#8220;Mucha energ\u00eda&#8221; en sacar adelante la negociaci\u00f3n colectiva y poner las bases del nuevo Estatuto de los Trabajadores.<\/p>\n<p><strong>CONF\u00cdA EN QUE HAYA GOBIERNO EN JULIO<\/strong><\/p>\n<p>En el plano pol\u00edtico, Calvi\u00f1o espera que haya Gobierno &#8220;en julio&#8221; y se ha mostrado &#8220;optimista&#8221; respecto a que &#8220;al final la cordura se impondr\u00e1&#8221;. &#8220;Deseo y espero que haya Gobierno yo estabilidad en los pr\u00f3ximos cuatro a\u00f1os&#8221;, ha indicado.<\/p>\n<p>De igual forma, ha dicho que le sorprender\u00eda que alguien pudiese decir que est\u00e1 siendo un obst\u00e1culo en las negociaciones entre el PSOE y Podemos para formar Gobierno, ya que considera que su papel a la hora de dirigir la pol\u00edtica econ\u00f3mica ha sido &#8220;muy claro&#8221; al basarse en responsabilidad fiscal, pol\u00edticas sociales y reformas estructurales.<\/p>\n<p>Con ello, ha sido &#8220;perfectamente posible gobernar y llevar adelante el programa, que sigue siendo el programa para los pr\u00f3ximos cuatro a\u00f1os&#8221;. &#8220;Me gustar\u00eda que se iniciase una negociaci\u00f3n sobre el fondo y la pol\u00edtica, Espa\u00f1a necesita Gobierno y no discusi\u00f3n de sillones y de poder&#8221;, ha a\u00f1adido.<\/p>\n<p>De otro lado, sobre la que ser\u00e1 la nueva presidenta de la Comisi\u00f3n Europea, la conservadora alemana Ursula Von der Leyen, cree que el hecho de que no sea socialista no afectar\u00e1 &#8220;mucho&#8221; a Espa\u00f1a ya que tiene una &#8220;enorme sensibilidad&#8221; respecto a temas de igualdad de g\u00e9nero, protecci\u00f3n de minor\u00edas e inmigraci\u00f3n, y sus primeras declaraciones hacen pensar que ser\u00e1 una &#8220;excelente l\u00edder&#8221; de la Comisi\u00f3n Europea, a lo que se suma que el equipo elegido es &#8220;de primer nivel&#8221;.<\/p>\n<p>Por \u00faltimo, sobre la sustituci\u00f3n de Christine Lagarde al frente del FMI se ha limitado a repetir que &#8220;la prioridad es que sea europeo&#8221;.<\/p>\n<\/div>\n<p>[ad_2]<br \/>\n<br \/><a href=\"https:\/\/www.europapress.es\/economia\/macroeconomia-00338\/noticia-calvino-anuncia-gobierno-revisara-alza-prevision-crecimiento-pib-ano-20190711085938.html\">Source link <\/a><\/p>\n","protected":false},"excerpt":{"rendered":"<p>[ad_1] MADRID, 11 Jul. (EUROPA PRESS) &#8211; La ministra de Econom\u00eda y Empresa en funciones, Nadia Calvi\u00f1o, ha anunciado este jueves que el Gobierno revisar\u00e1 al alza la previsi\u00f3n de crecimiento del PIB para este a\u00f1o, situada actualmente en el 2,2%, en el pr\u00f3ximo cuadro macroecon\u00f3mico. Calvi\u00f1o, en declaraciones a Onda Cero recogidas por Europa [&hellip;]<\/p>\n","protected":false},"author":2,"featured_media":6136,"comment_status":"open","ping_status":"open","sticky":false,"template":"","format":"standard","meta":{"footnotes":""},"categories":[1],"tags":[],"class_list":["post-6135","post","type-post","status-publish","format-standard","has-post-thumbnail","hentry","category-noticias-financieras"],"yoast_head":"<!-- This site is optimized with the Yoast SEO plugin v27.4 - https:\/\/yoast.com\/product\/yoast-seo-wordpress\/ -->\n<title>El Gobierno revisar\u00e1 al alza la previsi\u00f3n de crecimiento del PIB para este a\u00f1o - Super News<\/title>\n<meta name=\"robots\" content=\"index, follow, max-snippet:-1, max-image-preview:large, max-video-preview:-1\" \/>\n<link rel=\"canonical\" href=\"https:\/\/super-news.info\/es\/el-gobierno-revisara-al-alza-la-prevision-de-crecimiento-del-pib-para-este-ano\/\" \/>\n<meta property=\"og:locale\" content=\"en_US\" \/>\n<meta property=\"og:type\" content=\"article\" \/>\n<meta property=\"og:title\" content=\"El Gobierno revisar\u00e1 al alza la previsi\u00f3n de crecimiento del PIB para este a\u00f1o - Super News\" \/>\n<meta property=\"og:description\" content=\"[ad_1] MADRID, 11 Jul. (EUROPA PRESS) &#8211; La ministra de Econom\u00eda y Empresa en funciones, Nadia Calvi\u00f1o, ha anunciado este jueves que el Gobierno revisar\u00e1 al alza la previsi\u00f3n de crecimiento del PIB para este a\u00f1o, situada actualmente en el 2,2%, en el pr\u00f3ximo cuadro macroecon\u00f3mico. Calvi\u00f1o, en declaraciones a Onda Cero recogidas por Europa [&hellip;]\" \/>\n<meta property=\"og:url\" content=\"https:\/\/super-news.info\/es\/el-gobierno-revisara-al-alza-la-prevision-de-crecimiento-del-pib-para-este-ano\/\" \/>\n<meta property=\"og:site_name\" content=\"Super News\" \/>\n<meta property=\"article:published_time\" content=\"2019-07-11T22:58:58+00:00\" \/>\n<meta property=\"article:modified_time\" content=\"2019-07-11T22:58:59+00:00\" \/>\n<meta property=\"og:image\" content=\"https:\/\/super-news.info\/es\/wp-content\/uploads\/sites\/4\/2019\/07\/El-Gobierno-revisar\u00e1-al-alza-la-previsi\u00f3n-de-crecimiento-del.jpg\" \/>\n\t<meta property=\"og:image:width\" content=\"120\" \/>\n\t<meta property=\"og:image:height\" content=\"80\" \/>\n\t<meta property=\"og:image:type\" content=\"image\/jpeg\" \/>\n<meta name=\"author\" content=\"super-news\" \/>\n<meta name=\"twitter:card\" content=\"summary_large_image\" \/>\n<meta name=\"twitter:label1\" content=\"Written by\" \/>\n\t<meta name=\"twitter:data1\" content=\"super-news\" \/>\n\t<meta name=\"twitter:label2\" content=\"Est. reading time\" \/>\n\t<meta name=\"twitter:data2\" content=\"6 minutes\" \/>\n<script type=\"application\/ld+json\" class=\"yoast-schema-graph\">{\"@context\":\"https:\\\/\\\/schema.org\",\"@graph\":[{\"@type\":\"Article\",\"@id\":\"https:\\\/\\\/super-news.info\\\/es\\\/el-gobierno-revisara-al-alza-la-prevision-de-crecimiento-del-pib-para-este-ano\\\/#article\",\"isPartOf\":{\"@id\":\"https:\\\/\\\/super-news.info\\\/es\\\/el-gobierno-revisara-al-alza-la-prevision-de-crecimiento-del-pib-para-este-ano\\\/\"},\"author\":{\"name\":\"super-news\",\"@id\":\"https:\\\/\\\/super-news.info\\\/es\\\/#\\\/schema\\\/person\\\/2d4068cb2f39cd10008c2fce578a7356\"},\"headline\":\"El Gobierno revisar\u00e1 al alza la previsi\u00f3n de crecimiento del PIB para este a\u00f1o\",\"datePublished\":\"2019-07-11T22:58:58+00:00\",\"dateModified\":\"2019-07-11T22:58:59+00:00\",\"mainEntityOfPage\":{\"@id\":\"https:\\\/\\\/super-news.info\\\/es\\\/el-gobierno-revisara-al-alza-la-prevision-de-crecimiento-del-pib-para-este-ano\\\/\"},\"wordCount\":1151,\"commentCount\":0,\"image\":{\"@id\":\"https:\\\/\\\/super-news.info\\\/es\\\/el-gobierno-revisara-al-alza-la-prevision-de-crecimiento-del-pib-para-este-ano\\\/#primaryimage\"},\"thumbnailUrl\":\"https:\\\/\\\/super-news.info\\\/es\\\/wp-content\\\/uploads\\\/sites\\\/4\\\/2019\\\/07\\\/El-Gobierno-revisar\u00e1-al-alza-la-previsi\u00f3n-de-crecimiento-del.jpg\",\"articleSection\":[\"NOTICIAS FINANCIERAS\"],\"inLanguage\":\"en-US\",\"potentialAction\":[{\"@type\":\"CommentAction\",\"name\":\"Comment\",\"target\":[\"https:\\\/\\\/super-news.info\\\/es\\\/el-gobierno-revisara-al-alza-la-prevision-de-crecimiento-del-pib-para-este-ano\\\/#respond\"]}]},{\"@type\":\"WebPage\",\"@id\":\"https:\\\/\\\/super-news.info\\\/es\\\/el-gobierno-revisara-al-alza-la-prevision-de-crecimiento-del-pib-para-este-ano\\\/\",\"url\":\"https:\\\/\\\/super-news.info\\\/es\\\/el-gobierno-revisara-al-alza-la-prevision-de-crecimiento-del-pib-para-este-ano\\\/\",\"name\":\"El Gobierno revisar\u00e1 al alza la previsi\u00f3n de crecimiento del PIB para este a\u00f1o - Super News\",\"isPartOf\":{\"@id\":\"https:\\\/\\\/super-news.info\\\/es\\\/#website\"},\"primaryImageOfPage\":{\"@id\":\"https:\\\/\\\/super-news.info\\\/es\\\/el-gobierno-revisara-al-alza-la-prevision-de-crecimiento-del-pib-para-este-ano\\\/#primaryimage\"},\"image\":{\"@id\":\"https:\\\/\\\/super-news.info\\\/es\\\/el-gobierno-revisara-al-alza-la-prevision-de-crecimiento-del-pib-para-este-ano\\\/#primaryimage\"},\"thumbnailUrl\":\"https:\\\/\\\/super-news.info\\\/es\\\/wp-content\\\/uploads\\\/sites\\\/4\\\/2019\\\/07\\\/El-Gobierno-revisar\u00e1-al-alza-la-previsi\u00f3n-de-crecimiento-del.jpg\",\"datePublished\":\"2019-07-11T22:58:58+00:00\",\"dateModified\":\"2019-07-11T22:58:59+00:00\",\"author\":{\"@id\":\"https:\\\/\\\/super-news.info\\\/es\\\/#\\\/schema\\\/person\\\/2d4068cb2f39cd10008c2fce578a7356\"},\"breadcrumb\":{\"@id\":\"https:\\\/\\\/super-news.info\\\/es\\\/el-gobierno-revisara-al-alza-la-prevision-de-crecimiento-del-pib-para-este-ano\\\/#breadcrumb\"},\"inLanguage\":\"en-US\",\"potentialAction\":[{\"@type\":\"ReadAction\",\"target\":[\"https:\\\/\\\/super-news.info\\\/es\\\/el-gobierno-revisara-al-alza-la-prevision-de-crecimiento-del-pib-para-este-ano\\\/\"]}]},{\"@type\":\"ImageObject\",\"inLanguage\":\"en-US\",\"@id\":\"https:\\\/\\\/super-news.info\\\/es\\\/el-gobierno-revisara-al-alza-la-prevision-de-crecimiento-del-pib-para-este-ano\\\/#primaryimage\",\"url\":\"https:\\\/\\\/super-news.info\\\/es\\\/wp-content\\\/uploads\\\/sites\\\/4\\\/2019\\\/07\\\/El-Gobierno-revisar\u00e1-al-alza-la-previsi\u00f3n-de-crecimiento-del.jpg\",\"contentUrl\":\"https:\\\/\\\/super-news.info\\\/es\\\/wp-content\\\/uploads\\\/sites\\\/4\\\/2019\\\/07\\\/El-Gobierno-revisar\u00e1-al-alza-la-previsi\u00f3n-de-crecimiento-del.jpg\",\"width\":120,\"height\":80,\"caption\":\"El Gobierno revisar\u00e1 al alza la previsi\u00f3n de crecimiento del PIB para este a\u00f1o\"},{\"@type\":\"BreadcrumbList\",\"@id\":\"https:\\\/\\\/super-news.info\\\/es\\\/el-gobierno-revisara-al-alza-la-prevision-de-crecimiento-del-pib-para-este-ano\\\/#breadcrumb\",\"itemListElement\":[{\"@type\":\"ListItem\",\"position\":1,\"name\":\"\u0413\u043b\u0430\u0432\u043d\u0430\u044f \u0441\u0442\u0440\u0430\u043d\u0438\u0446\u0430\",\"item\":\"https:\\\/\\\/super-news.info\\\/es\\\/\"},{\"@type\":\"ListItem\",\"position\":2,\"name\":\"El Gobierno revisar\u00e1 al alza la previsi\u00f3n de crecimiento del PIB para este a\u00f1o\"}]},{\"@type\":\"WebSite\",\"@id\":\"https:\\\/\\\/super-news.info\\\/es\\\/#website\",\"url\":\"https:\\\/\\\/super-news.info\\\/es\\\/\",\"name\":\"Super News\",\"description\":\"Super News Espa\u00f1a\",\"potentialAction\":[{\"@type\":\"SearchAction\",\"target\":{\"@type\":\"EntryPoint\",\"urlTemplate\":\"https:\\\/\\\/super-news.info\\\/es\\\/?s={search_term_string}\"},\"query-input\":{\"@type\":\"PropertyValueSpecification\",\"valueRequired\":true,\"valueName\":\"search_term_string\"}}],\"inLanguage\":\"en-US\"},{\"@type\":\"Person\",\"@id\":\"https:\\\/\\\/super-news.info\\\/es\\\/#\\\/schema\\\/person\\\/2d4068cb2f39cd10008c2fce578a7356\",\"name\":\"super-news\",\"image\":{\"@type\":\"ImageObject\",\"inLanguage\":\"en-US\",\"@id\":\"https:\\\/\\\/secure.gravatar.com\\\/avatar\\\/64ebac40b93f26a154f8a9b5b6fdccfc46f442b26b3dd6756dbff3bf9dc76fd7?s=96&d=mm&r=g\",\"url\":\"https:\\\/\\\/secure.gravatar.com\\\/avatar\\\/64ebac40b93f26a154f8a9b5b6fdccfc46f442b26b3dd6756dbff3bf9dc76fd7?s=96&d=mm&r=g\",\"contentUrl\":\"https:\\\/\\\/secure.gravatar.com\\\/avatar\\\/64ebac40b93f26a154f8a9b5b6fdccfc46f442b26b3dd6756dbff3bf9dc76fd7?s=96&d=mm&r=g\",\"caption\":\"super-news\"},\"url\":\"https:\\\/\\\/super-news.info\\\/es\\\/author\\\/pt\\\/\"}]}<\/script>\n<!-- \/ Yoast SEO plugin. -->","yoast_head_json":{"title":"El Gobierno revisar\u00e1 al alza la previsi\u00f3n de crecimiento del PIB para este a\u00f1o - Super News","robots":{"index":"index","follow":"follow","max-snippet":"max-snippet:-1","max-image-preview":"max-image-preview:large","max-video-preview":"max-video-preview:-1"},"canonical":"https:\/\/super-news.info\/es\/el-gobierno-revisara-al-alza-la-prevision-de-crecimiento-del-pib-para-este-ano\/","og_locale":"en_US","og_type":"article","og_title":"El Gobierno revisar\u00e1 al alza la previsi\u00f3n de crecimiento del PIB para este a\u00f1o - Super News","og_description":"[ad_1] MADRID, 11 Jul. (EUROPA PRESS) &#8211; La ministra de Econom\u00eda y Empresa en funciones, Nadia Calvi\u00f1o, ha anunciado este jueves que el Gobierno revisar\u00e1 al alza la previsi\u00f3n de crecimiento del PIB para este a\u00f1o, situada actualmente en el 2,2%, en el pr\u00f3ximo cuadro macroecon\u00f3mico. Calvi\u00f1o, en declaraciones a Onda Cero recogidas por Europa [&hellip;]","og_url":"https:\/\/super-news.info\/es\/el-gobierno-revisara-al-alza-la-prevision-de-crecimiento-del-pib-para-este-ano\/","og_site_name":"Super News","article_published_time":"2019-07-11T22:58:58+00:00","article_modified_time":"2019-07-11T22:58:59+00:00","og_image":[{"width":120,"height":80,"url":"https:\/\/super-news.info\/es\/wp-content\/uploads\/sites\/4\/2019\/07\/El-Gobierno-revisar\u00e1-al-alza-la-previsi\u00f3n-de-crecimiento-del.jpg","type":"image\/jpeg"}],"author":"super-news","twitter_card":"summary_large_image","twitter_misc":{"Written by":"super-news","Est. reading time":"6 minutes"},"schema":{"@context":"https:\/\/schema.org","@graph":[{"@type":"Article","@id":"https:\/\/super-news.info\/es\/el-gobierno-revisara-al-alza-la-prevision-de-crecimiento-del-pib-para-este-ano\/#article","isPartOf":{"@id":"https:\/\/super-news.info\/es\/el-gobierno-revisara-al-alza-la-prevision-de-crecimiento-del-pib-para-este-ano\/"},"author":{"name":"super-news","@id":"https:\/\/super-news.info\/es\/#\/schema\/person\/2d4068cb2f39cd10008c2fce578a7356"},"headline":"El Gobierno revisar\u00e1 al alza la previsi\u00f3n de crecimiento del PIB para este a\u00f1o","datePublished":"2019-07-11T22:58:58+00:00","dateModified":"2019-07-11T22:58:59+00:00","mainEntityOfPage":{"@id":"https:\/\/super-news.info\/es\/el-gobierno-revisara-al-alza-la-prevision-de-crecimiento-del-pib-para-este-ano\/"},"wordCount":1151,"commentCount":0,"image":{"@id":"https:\/\/super-news.info\/es\/el-gobierno-revisara-al-alza-la-prevision-de-crecimiento-del-pib-para-este-ano\/#primaryimage"},"thumbnailUrl":"https:\/\/super-news.info\/es\/wp-content\/uploads\/sites\/4\/2019\/07\/El-Gobierno-revisar\u00e1-al-alza-la-previsi\u00f3n-de-crecimiento-del.jpg","articleSection":["NOTICIAS FINANCIERAS"],"inLanguage":"en-US","potentialAction":[{"@type":"CommentAction","name":"Comment","target":["https:\/\/super-news.info\/es\/el-gobierno-revisara-al-alza-la-prevision-de-crecimiento-del-pib-para-este-ano\/#respond"]}]},{"@type":"WebPage","@id":"https:\/\/super-news.info\/es\/el-gobierno-revisara-al-alza-la-prevision-de-crecimiento-del-pib-para-este-ano\/","url":"https:\/\/super-news.info\/es\/el-gobierno-revisara-al-alza-la-prevision-de-crecimiento-del-pib-para-este-ano\/","name":"El Gobierno revisar\u00e1 al alza la previsi\u00f3n de crecimiento del PIB para este a\u00f1o - Super News","isPartOf":{"@id":"https:\/\/super-news.info\/es\/#website"},"primaryImageOfPage":{"@id":"https:\/\/super-news.info\/es\/el-gobierno-revisara-al-alza-la-prevision-de-crecimiento-del-pib-para-este-ano\/#primaryimage"},"image":{"@id":"https:\/\/super-news.info\/es\/el-gobierno-revisara-al-alza-la-prevision-de-crecimiento-del-pib-para-este-ano\/#primaryimage"},"thumbnailUrl":"https:\/\/super-news.info\/es\/wp-content\/uploads\/sites\/4\/2019\/07\/El-Gobierno-revisar\u00e1-al-alza-la-previsi\u00f3n-de-crecimiento-del.jpg","datePublished":"2019-07-11T22:58:58+00:00","dateModified":"2019-07-11T22:58:59+00:00","author":{"@id":"https:\/\/super-news.info\/es\/#\/schema\/person\/2d4068cb2f39cd10008c2fce578a7356"},"breadcrumb":{"@id":"https:\/\/super-news.info\/es\/el-gobierno-revisara-al-alza-la-prevision-de-crecimiento-del-pib-para-este-ano\/#breadcrumb"},"inLanguage":"en-US","potentialAction":[{"@type":"ReadAction","target":["https:\/\/super-news.info\/es\/el-gobierno-revisara-al-alza-la-prevision-de-crecimiento-del-pib-para-este-ano\/"]}]},{"@type":"ImageObject","inLanguage":"en-US","@id":"https:\/\/super-news.info\/es\/el-gobierno-revisara-al-alza-la-prevision-de-crecimiento-del-pib-para-este-ano\/#primaryimage","url":"https:\/\/super-news.info\/es\/wp-content\/uploads\/sites\/4\/2019\/07\/El-Gobierno-revisar\u00e1-al-alza-la-previsi\u00f3n-de-crecimiento-del.jpg","contentUrl":"https:\/\/super-news.info\/es\/wp-content\/uploads\/sites\/4\/2019\/07\/El-Gobierno-revisar\u00e1-al-alza-la-previsi\u00f3n-de-crecimiento-del.jpg","width":120,"height":80,"caption":"El Gobierno revisar\u00e1 al alza la previsi\u00f3n de crecimiento del PIB para este a\u00f1o"},{"@type":"BreadcrumbList","@id":"https:\/\/super-news.info\/es\/el-gobierno-revisara-al-alza-la-prevision-de-crecimiento-del-pib-para-este-ano\/#breadcrumb","itemListElement":[{"@type":"ListItem","position":1,"name":"\u0413\u043b\u0430\u0432\u043d\u0430\u044f \u0441\u0442\u0440\u0430\u043d\u0438\u0446\u0430","item":"https:\/\/super-news.info\/es\/"},{"@type":"ListItem","position":2,"name":"El Gobierno revisar\u00e1 al alza la previsi\u00f3n de crecimiento del PIB para este a\u00f1o"}]},{"@type":"WebSite","@id":"https:\/\/super-news.info\/es\/#website","url":"https:\/\/super-news.info\/es\/","name":"Super News","description":"Super News Espa\u00f1a","potentialAction":[{"@type":"SearchAction","target":{"@type":"EntryPoint","urlTemplate":"https:\/\/super-news.info\/es\/?s={search_term_string}"},"query-input":{"@type":"PropertyValueSpecification","valueRequired":true,"valueName":"search_term_string"}}],"inLanguage":"en-US"},{"@type":"Person","@id":"https:\/\/super-news.info\/es\/#\/schema\/person\/2d4068cb2f39cd10008c2fce578a7356","name":"super-news","image":{"@type":"ImageObject","inLanguage":"en-US","@id":"https:\/\/secure.gravatar.com\/avatar\/64ebac40b93f26a154f8a9b5b6fdccfc46f442b26b3dd6756dbff3bf9dc76fd7?s=96&d=mm&r=g","url":"https:\/\/secure.gravatar.com\/avatar\/64ebac40b93f26a154f8a9b5b6fdccfc46f442b26b3dd6756dbff3bf9dc76fd7?s=96&d=mm&r=g","contentUrl":"https:\/\/secure.gravatar.com\/avatar\/64ebac40b93f26a154f8a9b5b6fdccfc46f442b26b3dd6756dbff3bf9dc76fd7?s=96&d=mm&r=g","caption":"super-news"},"url":"https:\/\/super-news.info\/es\/author\/pt\/"}]}},"_links":{"self":[{"href":"https:\/\/super-news.info\/es\/wp-json\/wp\/v2\/posts\/6135","targetHints":{"allow":["GET"]}}],"collection":[{"href":"https:\/\/super-news.info\/es\/wp-json\/wp\/v2\/posts"}],"about":[{"href":"https:\/\/super-news.info\/es\/wp-json\/wp\/v2\/types\/post"}],"author":[{"embeddable":true,"href":"https:\/\/super-news.info\/es\/wp-json\/wp\/v2\/users\/2"}],"replies":[{"embeddable":true,"href":"https:\/\/super-news.info\/es\/wp-json\/wp\/v2\/comments?post=6135"}],"version-history":[{"count":1,"href":"https:\/\/super-news.info\/es\/wp-json\/wp\/v2\/posts\/6135\/revisions"}],"predecessor-version":[{"id":6137,"href":"https:\/\/super-news.info\/es\/wp-json\/wp\/v2\/posts\/6135\/revisions\/6137"}],"wp:featuredmedia":[{"embeddable":true,"href":"https:\/\/super-news.info\/es\/wp-json\/wp\/v2\/media\/6136"}],"wp:attachment":[{"href":"https:\/\/super-news.info\/es\/wp-json\/wp\/v2\/media?parent=6135"}],"wp:term":[{"taxonomy":"category","embeddable":true,"href":"https:\/\/super-news.info\/es\/wp-json\/wp\/v2\/categories?post=6135"},{"taxonomy":"post_tag","embeddable":true,"href":"https:\/\/super-news.info\/es\/wp-json\/wp\/v2\/tags?post=6135"}],"curies":[{"name":"wp","href":"https:\/\/api.w.org\/{rel}","templated":true}]}}