{"id":6114,"date":"2019-07-11T21:28:40","date_gmt":"2019-07-11T18:28:40","guid":{"rendered":"https:\/\/super-news.info\/es\/maroto-admite-que-la-situacion-de-gobierno-en-funciones-lastra-los-planes-para-estimular-la-economia\/"},"modified":"2019-07-11T21:28:41","modified_gmt":"2019-07-11T18:28:41","slug":"maroto-admite-que-la-situacion-de-gobierno-en-funciones-lastra-los-planes-para-estimular-la-economia","status":"publish","type":"post","link":"https:\/\/super-news.info\/es\/maroto-admite-que-la-situacion-de-gobierno-en-funciones-lastra-los-planes-para-estimular-la-economia\/","title":{"rendered":"Maroto admite que la situaci\u00f3n de Gobierno en funciones lastra los planes para estimular la econom\u00eda"},"content":{"rendered":"<p> [ad_1]<\/p>\n<div id=\"CuerpoNoticiav2\" itemprop=\"articleBody\">\n<h3 class=\"subsubhead\">Reconoce que &#8220;es muy poca&#8221; la cantidad de 45 millones de euros contemplada en el plan Moves<\/h3>\n<p>   MADRID, 11 Jul. (EUROPA PRESS) &#8211; <\/p>\n<p itemprop=\"description\">   La ministra de Industria, Comercio y Turismo en funciones, Reyes Maroto, ha admitido que Espa\u00f1a no cuenta con los planes de est\u00edmulo a la industria necesarios, debido a la situaci\u00f3n en funciones del Gobierno y a la pr\u00f3rroga de los Presupuestos Generales del Estado (PGE) para este a\u00f1o.<\/p>\n<p>   En unas jornadas organizadas por el diario &#8216;El Pa\u00eds&#8217; sobre el coche el\u00e9ctrico, la ministra ha insistido en la importancia para Espa\u00f1a de contar con un Gobierno &#8220;estable&#8221; para la elaboraci\u00f3n de unos Presupuestos que incluyan medidas adaptadas a la industria.<\/p>\n<p>   &#8220;Los PGE gestionados actualmente no responden a lo que necesita la industria, no solo la de la automoci\u00f3n, sino en su conjunto, que apenas representa un 16% del Producto Interior Bruto (PIB), que no es suficiente para soportar un crecimiento sostenido&#8221;, ha explicado.<\/p>\n<p>   Por ello, ha dicho que el pa\u00eds necesita un nuevo Gobierno &#8220;que pueda arrancar cuanto antes&#8221; y que establezca los planes necesarios a largo plazo, como el Plan Nacional Integrado de Energ\u00eda y Clima (PNIEC), que detalla las medidas necesarias para la descarbonizaci\u00f3n de la econom\u00eda.<\/p>\n<h2 class=\"ladillo\">PLAN MOVES<\/h2>\n<p>   En concreto, ha admitido que &#8220;es muy poca&#8221; la cantidad de 45 millones de euros contemplada en el plan de ayuda a la adquisici\u00f3n de veh\u00edculos alternativos, el plan Moves, al que, adem\u00e1s, debido al acatamiento de una sentencia, se le ha tenido que aplicar una diferenciaci\u00f3n por territorios basada en el PIB per c\u00e1pita y no en el volumen de ventas de cada Comunidad.<\/p>\n<p>   No obstante, Maroto ha defendido que en los \u00faltimos doces meses &#8220;se ha avanzado mucho&#8221;, ya que considera que hace un a\u00f1o el coche el\u00e9ctrico &#8220;no estaba en el debate&#8221; y que, sin embargo, ahora se ha puesto en la agenda y se ha definido un horizonte de descarbonizaci\u00f3n y transici\u00f3n hacia la movilidad sostenible.<\/p>\n<p>   &#8220;El Gobierno tiene un compromiso claro de transitar hacia un periodo largo, de cara a 2040 y 2050, para crear las condiciones necesarias y estimular la compra del coche el\u00e9ctrico, la inversi\u00f3n en plantas y la formaci\u00f3n de capital humano para que las tecnolog\u00edas de hidr\u00f3geno y de electrificaci\u00f3n se puedan aplicar en las 17 f\u00e1bricas de fabricaci\u00f3n de veh\u00edculos en Espa\u00f1a y en todo el entramado del sector&#8221;, ha indicado.<\/p>\n<h2 class=\"ladillo\">F\u00c1BRICA DE BATER\u00cdAS<\/h2>\n<p>   Entre los principales retos a los que se enfrenta el sector para el desarrollo del coche el\u00e9ctrico, Maroto ha destacado los tecnol\u00f3gicos, la autonom\u00eda de las bater\u00edas, el coste de los veh\u00edculos y el tiempo necesario de carga.<\/p>\n<p>   En este sentido, la ministra ha recordado el marco de colaboraci\u00f3n que firm\u00f3 hace unas semanas en su viaje oficial a China con hasta 100 compa\u00f1\u00edas locales para que se pueda crear un ecosistema de fabricantes de bater\u00edas que apuesten por el mercado espa\u00f1ol.<\/p>\n<p>   No obstante, Maroto ha reconocido que la introducci\u00f3n en el pa\u00eds de una f\u00e1brica de bater\u00edas, que dar\u00eda una mayor autonom\u00eda a la industria espa\u00f1ola, requiere de &#8220;una inversi\u00f3n cara y un importante desarrollo con el que Espa\u00f1a a\u00fan no cuenta&#8221;.<\/p>\n<\/div>\n<p>[ad_2]<br \/>\n<br \/><a href=\"https:\/\/www.europapress.es\/economia\/macroeconomia-00338\/noticia-maroto-admite-situacion-gobierno-funciones-lastra-planes-estimular-economia-20190711135506.html\">Source link <\/a><\/p>\n","protected":false},"excerpt":{"rendered":"<p>[ad_1] Reconoce que &#8220;es muy poca&#8221; la cantidad de 45 millones de euros contemplada en el plan Moves MADRID, 11 Jul. (EUROPA PRESS) &#8211; La ministra de Industria, Comercio y Turismo en funciones, Reyes Maroto, ha admitido que Espa\u00f1a no cuenta con los planes de est\u00edmulo a la industria necesarios, debido a la situaci\u00f3n en [&hellip;]<\/p>\n","protected":false},"author":2,"featured_media":6115,"comment_status":"open","ping_status":"open","sticky":false,"template":"","format":"standard","meta":{"footnotes":""},"categories":[1],"tags":[],"class_list":["post-6114","post","type-post","status-publish","format-standard","has-post-thumbnail","hentry","category-noticias-financieras"],"yoast_head":"<!-- This site is optimized with the Yoast SEO plugin v27.4 - https:\/\/yoast.com\/product\/yoast-seo-wordpress\/ -->\n<title>Maroto admite que la situaci\u00f3n de Gobierno en funciones lastra los planes para estimular la econom\u00eda - Super News<\/title>\n<meta name=\"robots\" content=\"index, follow, max-snippet:-1, max-image-preview:large, max-video-preview:-1\" \/>\n<link rel=\"canonical\" href=\"https:\/\/super-news.info\/es\/maroto-admite-que-la-situacion-de-gobierno-en-funciones-lastra-los-planes-para-estimular-la-economia\/\" \/>\n<meta property=\"og:locale\" content=\"en_US\" \/>\n<meta property=\"og:type\" content=\"article\" \/>\n<meta property=\"og:title\" content=\"Maroto admite que la situaci\u00f3n de Gobierno en funciones lastra los planes para estimular la econom\u00eda - Super News\" \/>\n<meta property=\"og:description\" content=\"[ad_1] Reconoce que &#8220;es muy poca&#8221; la cantidad de 45 millones de euros contemplada en el plan Moves MADRID, 11 Jul. (EUROPA PRESS) &#8211; La ministra de Industria, Comercio y Turismo en funciones, Reyes Maroto, ha admitido que Espa\u00f1a no cuenta con los planes de est\u00edmulo a la industria necesarios, debido a la situaci\u00f3n en [&hellip;]\" \/>\n<meta property=\"og:url\" content=\"https:\/\/super-news.info\/es\/maroto-admite-que-la-situacion-de-gobierno-en-funciones-lastra-los-planes-para-estimular-la-economia\/\" \/>\n<meta property=\"og:site_name\" content=\"Super News\" \/>\n<meta property=\"article:published_time\" content=\"2019-07-11T18:28:40+00:00\" \/>\n<meta property=\"article:modified_time\" content=\"2019-07-11T18:28:41+00:00\" \/>\n<meta property=\"og:image\" content=\"https:\/\/super-news.info\/es\/wp-content\/uploads\/sites\/4\/2019\/07\/Maroto-admite-que-la-situaci\u00f3n-de-Gobierno-en-funciones-lastra.jpg\" \/>\n\t<meta property=\"og:image:width\" content=\"120\" \/>\n\t<meta property=\"og:image:height\" content=\"80\" \/>\n\t<meta property=\"og:image:type\" content=\"image\/jpeg\" \/>\n<meta name=\"author\" content=\"super-news\" \/>\n<meta name=\"twitter:card\" content=\"summary_large_image\" \/>\n<meta name=\"twitter:label1\" content=\"Written by\" \/>\n\t<meta name=\"twitter:data1\" content=\"super-news\" \/>\n\t<meta name=\"twitter:label2\" content=\"Est. reading time\" \/>\n\t<meta name=\"twitter:data2\" content=\"3 minutes\" \/>\n<script type=\"application\/ld+json\" class=\"yoast-schema-graph\">{\"@context\":\"https:\\\/\\\/schema.org\",\"@graph\":[{\"@type\":\"Article\",\"@id\":\"https:\\\/\\\/super-news.info\\\/es\\\/maroto-admite-que-la-situacion-de-gobierno-en-funciones-lastra-los-planes-para-estimular-la-economia\\\/#article\",\"isPartOf\":{\"@id\":\"https:\\\/\\\/super-news.info\\\/es\\\/maroto-admite-que-la-situacion-de-gobierno-en-funciones-lastra-los-planes-para-estimular-la-economia\\\/\"},\"author\":{\"name\":\"super-news\",\"@id\":\"https:\\\/\\\/super-news.info\\\/es\\\/#\\\/schema\\\/person\\\/2d4068cb2f39cd10008c2fce578a7356\"},\"headline\":\"Maroto admite que la situaci\u00f3n de Gobierno en funciones lastra los planes para estimular la econom\u00eda\",\"datePublished\":\"2019-07-11T18:28:40+00:00\",\"dateModified\":\"2019-07-11T18:28:41+00:00\",\"mainEntityOfPage\":{\"@id\":\"https:\\\/\\\/super-news.info\\\/es\\\/maroto-admite-que-la-situacion-de-gobierno-en-funciones-lastra-los-planes-para-estimular-la-economia\\\/\"},\"wordCount\":588,\"commentCount\":0,\"image\":{\"@id\":\"https:\\\/\\\/super-news.info\\\/es\\\/maroto-admite-que-la-situacion-de-gobierno-en-funciones-lastra-los-planes-para-estimular-la-economia\\\/#primaryimage\"},\"thumbnailUrl\":\"https:\\\/\\\/super-news.info\\\/es\\\/wp-content\\\/uploads\\\/sites\\\/4\\\/2019\\\/07\\\/Maroto-admite-que-la-situaci\u00f3n-de-Gobierno-en-funciones-lastra.jpg\",\"articleSection\":[\"NOTICIAS FINANCIERAS\"],\"inLanguage\":\"en-US\",\"potentialAction\":[{\"@type\":\"CommentAction\",\"name\":\"Comment\",\"target\":[\"https:\\\/\\\/super-news.info\\\/es\\\/maroto-admite-que-la-situacion-de-gobierno-en-funciones-lastra-los-planes-para-estimular-la-economia\\\/#respond\"]}]},{\"@type\":\"WebPage\",\"@id\":\"https:\\\/\\\/super-news.info\\\/es\\\/maroto-admite-que-la-situacion-de-gobierno-en-funciones-lastra-los-planes-para-estimular-la-economia\\\/\",\"url\":\"https:\\\/\\\/super-news.info\\\/es\\\/maroto-admite-que-la-situacion-de-gobierno-en-funciones-lastra-los-planes-para-estimular-la-economia\\\/\",\"name\":\"Maroto admite que la situaci\u00f3n de Gobierno en funciones lastra los planes para estimular la econom\u00eda - Super News\",\"isPartOf\":{\"@id\":\"https:\\\/\\\/super-news.info\\\/es\\\/#website\"},\"primaryImageOfPage\":{\"@id\":\"https:\\\/\\\/super-news.info\\\/es\\\/maroto-admite-que-la-situacion-de-gobierno-en-funciones-lastra-los-planes-para-estimular-la-economia\\\/#primaryimage\"},\"image\":{\"@id\":\"https:\\\/\\\/super-news.info\\\/es\\\/maroto-admite-que-la-situacion-de-gobierno-en-funciones-lastra-los-planes-para-estimular-la-economia\\\/#primaryimage\"},\"thumbnailUrl\":\"https:\\\/\\\/super-news.info\\\/es\\\/wp-content\\\/uploads\\\/sites\\\/4\\\/2019\\\/07\\\/Maroto-admite-que-la-situaci\u00f3n-de-Gobierno-en-funciones-lastra.jpg\",\"datePublished\":\"2019-07-11T18:28:40+00:00\",\"dateModified\":\"2019-07-11T18:28:41+00:00\",\"author\":{\"@id\":\"https:\\\/\\\/super-news.info\\\/es\\\/#\\\/schema\\\/person\\\/2d4068cb2f39cd10008c2fce578a7356\"},\"breadcrumb\":{\"@id\":\"https:\\\/\\\/super-news.info\\\/es\\\/maroto-admite-que-la-situacion-de-gobierno-en-funciones-lastra-los-planes-para-estimular-la-economia\\\/#breadcrumb\"},\"inLanguage\":\"en-US\",\"potentialAction\":[{\"@type\":\"ReadAction\",\"target\":[\"https:\\\/\\\/super-news.info\\\/es\\\/maroto-admite-que-la-situacion-de-gobierno-en-funciones-lastra-los-planes-para-estimular-la-economia\\\/\"]}]},{\"@type\":\"ImageObject\",\"inLanguage\":\"en-US\",\"@id\":\"https:\\\/\\\/super-news.info\\\/es\\\/maroto-admite-que-la-situacion-de-gobierno-en-funciones-lastra-los-planes-para-estimular-la-economia\\\/#primaryimage\",\"url\":\"https:\\\/\\\/super-news.info\\\/es\\\/wp-content\\\/uploads\\\/sites\\\/4\\\/2019\\\/07\\\/Maroto-admite-que-la-situaci\u00f3n-de-Gobierno-en-funciones-lastra.jpg\",\"contentUrl\":\"https:\\\/\\\/super-news.info\\\/es\\\/wp-content\\\/uploads\\\/sites\\\/4\\\/2019\\\/07\\\/Maroto-admite-que-la-situaci\u00f3n-de-Gobierno-en-funciones-lastra.jpg\",\"width\":120,\"height\":80,\"caption\":\"Maroto admite que la situaci\u00f3n de Gobierno en funciones lastra los planes para estimular la econom\u00eda\"},{\"@type\":\"BreadcrumbList\",\"@id\":\"https:\\\/\\\/super-news.info\\\/es\\\/maroto-admite-que-la-situacion-de-gobierno-en-funciones-lastra-los-planes-para-estimular-la-economia\\\/#breadcrumb\",\"itemListElement\":[{\"@type\":\"ListItem\",\"position\":1,\"name\":\"\u0413\u043b\u0430\u0432\u043d\u0430\u044f \u0441\u0442\u0440\u0430\u043d\u0438\u0446\u0430\",\"item\":\"https:\\\/\\\/super-news.info\\\/es\\\/\"},{\"@type\":\"ListItem\",\"position\":2,\"name\":\"Maroto admite que la situaci\u00f3n de Gobierno en funciones lastra los planes para estimular la econom\u00eda\"}]},{\"@type\":\"WebSite\",\"@id\":\"https:\\\/\\\/super-news.info\\\/es\\\/#website\",\"url\":\"https:\\\/\\\/super-news.info\\\/es\\\/\",\"name\":\"Super News\",\"description\":\"Super News Espa\u00f1a\",\"potentialAction\":[{\"@type\":\"SearchAction\",\"target\":{\"@type\":\"EntryPoint\",\"urlTemplate\":\"https:\\\/\\\/super-news.info\\\/es\\\/?s={search_term_string}\"},\"query-input\":{\"@type\":\"PropertyValueSpecification\",\"valueRequired\":true,\"valueName\":\"search_term_string\"}}],\"inLanguage\":\"en-US\"},{\"@type\":\"Person\",\"@id\":\"https:\\\/\\\/super-news.info\\\/es\\\/#\\\/schema\\\/person\\\/2d4068cb2f39cd10008c2fce578a7356\",\"name\":\"super-news\",\"image\":{\"@type\":\"ImageObject\",\"inLanguage\":\"en-US\",\"@id\":\"https:\\\/\\\/secure.gravatar.com\\\/avatar\\\/64ebac40b93f26a154f8a9b5b6fdccfc46f442b26b3dd6756dbff3bf9dc76fd7?s=96&d=mm&r=g\",\"url\":\"https:\\\/\\\/secure.gravatar.com\\\/avatar\\\/64ebac40b93f26a154f8a9b5b6fdccfc46f442b26b3dd6756dbff3bf9dc76fd7?s=96&d=mm&r=g\",\"contentUrl\":\"https:\\\/\\\/secure.gravatar.com\\\/avatar\\\/64ebac40b93f26a154f8a9b5b6fdccfc46f442b26b3dd6756dbff3bf9dc76fd7?s=96&d=mm&r=g\",\"caption\":\"super-news\"},\"url\":\"https:\\\/\\\/super-news.info\\\/es\\\/author\\\/pt\\\/\"}]}<\/script>\n<!-- \/ Yoast SEO plugin. -->","yoast_head_json":{"title":"Maroto admite que la situaci\u00f3n de Gobierno en funciones lastra los planes para estimular la econom\u00eda - Super News","robots":{"index":"index","follow":"follow","max-snippet":"max-snippet:-1","max-image-preview":"max-image-preview:large","max-video-preview":"max-video-preview:-1"},"canonical":"https:\/\/super-news.info\/es\/maroto-admite-que-la-situacion-de-gobierno-en-funciones-lastra-los-planes-para-estimular-la-economia\/","og_locale":"en_US","og_type":"article","og_title":"Maroto admite que la situaci\u00f3n de Gobierno en funciones lastra los planes para estimular la econom\u00eda - Super News","og_description":"[ad_1] Reconoce que &#8220;es muy poca&#8221; la cantidad de 45 millones de euros contemplada en el plan Moves MADRID, 11 Jul. (EUROPA PRESS) &#8211; La ministra de Industria, Comercio y Turismo en funciones, Reyes Maroto, ha admitido que Espa\u00f1a no cuenta con los planes de est\u00edmulo a la industria necesarios, debido a la situaci\u00f3n en [&hellip;]","og_url":"https:\/\/super-news.info\/es\/maroto-admite-que-la-situacion-de-gobierno-en-funciones-lastra-los-planes-para-estimular-la-economia\/","og_site_name":"Super News","article_published_time":"2019-07-11T18:28:40+00:00","article_modified_time":"2019-07-11T18:28:41+00:00","og_image":[{"width":120,"height":80,"url":"https:\/\/super-news.info\/es\/wp-content\/uploads\/sites\/4\/2019\/07\/Maroto-admite-que-la-situaci\u00f3n-de-Gobierno-en-funciones-lastra.jpg","type":"image\/jpeg"}],"author":"super-news","twitter_card":"summary_large_image","twitter_misc":{"Written by":"super-news","Est. reading time":"3 minutes"},"schema":{"@context":"https:\/\/schema.org","@graph":[{"@type":"Article","@id":"https:\/\/super-news.info\/es\/maroto-admite-que-la-situacion-de-gobierno-en-funciones-lastra-los-planes-para-estimular-la-economia\/#article","isPartOf":{"@id":"https:\/\/super-news.info\/es\/maroto-admite-que-la-situacion-de-gobierno-en-funciones-lastra-los-planes-para-estimular-la-economia\/"},"author":{"name":"super-news","@id":"https:\/\/super-news.info\/es\/#\/schema\/person\/2d4068cb2f39cd10008c2fce578a7356"},"headline":"Maroto admite que la situaci\u00f3n de Gobierno en funciones lastra los planes para estimular la econom\u00eda","datePublished":"2019-07-11T18:28:40+00:00","dateModified":"2019-07-11T18:28:41+00:00","mainEntityOfPage":{"@id":"https:\/\/super-news.info\/es\/maroto-admite-que-la-situacion-de-gobierno-en-funciones-lastra-los-planes-para-estimular-la-economia\/"},"wordCount":588,"commentCount":0,"image":{"@id":"https:\/\/super-news.info\/es\/maroto-admite-que-la-situacion-de-gobierno-en-funciones-lastra-los-planes-para-estimular-la-economia\/#primaryimage"},"thumbnailUrl":"https:\/\/super-news.info\/es\/wp-content\/uploads\/sites\/4\/2019\/07\/Maroto-admite-que-la-situaci\u00f3n-de-Gobierno-en-funciones-lastra.jpg","articleSection":["NOTICIAS FINANCIERAS"],"inLanguage":"en-US","potentialAction":[{"@type":"CommentAction","name":"Comment","target":["https:\/\/super-news.info\/es\/maroto-admite-que-la-situacion-de-gobierno-en-funciones-lastra-los-planes-para-estimular-la-economia\/#respond"]}]},{"@type":"WebPage","@id":"https:\/\/super-news.info\/es\/maroto-admite-que-la-situacion-de-gobierno-en-funciones-lastra-los-planes-para-estimular-la-economia\/","url":"https:\/\/super-news.info\/es\/maroto-admite-que-la-situacion-de-gobierno-en-funciones-lastra-los-planes-para-estimular-la-economia\/","name":"Maroto admite que la situaci\u00f3n de Gobierno en funciones lastra los planes para estimular la econom\u00eda - Super News","isPartOf":{"@id":"https:\/\/super-news.info\/es\/#website"},"primaryImageOfPage":{"@id":"https:\/\/super-news.info\/es\/maroto-admite-que-la-situacion-de-gobierno-en-funciones-lastra-los-planes-para-estimular-la-economia\/#primaryimage"},"image":{"@id":"https:\/\/super-news.info\/es\/maroto-admite-que-la-situacion-de-gobierno-en-funciones-lastra-los-planes-para-estimular-la-economia\/#primaryimage"},"thumbnailUrl":"https:\/\/super-news.info\/es\/wp-content\/uploads\/sites\/4\/2019\/07\/Maroto-admite-que-la-situaci\u00f3n-de-Gobierno-en-funciones-lastra.jpg","datePublished":"2019-07-11T18:28:40+00:00","dateModified":"2019-07-11T18:28:41+00:00","author":{"@id":"https:\/\/super-news.info\/es\/#\/schema\/person\/2d4068cb2f39cd10008c2fce578a7356"},"breadcrumb":{"@id":"https:\/\/super-news.info\/es\/maroto-admite-que-la-situacion-de-gobierno-en-funciones-lastra-los-planes-para-estimular-la-economia\/#breadcrumb"},"inLanguage":"en-US","potentialAction":[{"@type":"ReadAction","target":["https:\/\/super-news.info\/es\/maroto-admite-que-la-situacion-de-gobierno-en-funciones-lastra-los-planes-para-estimular-la-economia\/"]}]},{"@type":"ImageObject","inLanguage":"en-US","@id":"https:\/\/super-news.info\/es\/maroto-admite-que-la-situacion-de-gobierno-en-funciones-lastra-los-planes-para-estimular-la-economia\/#primaryimage","url":"https:\/\/super-news.info\/es\/wp-content\/uploads\/sites\/4\/2019\/07\/Maroto-admite-que-la-situaci\u00f3n-de-Gobierno-en-funciones-lastra.jpg","contentUrl":"https:\/\/super-news.info\/es\/wp-content\/uploads\/sites\/4\/2019\/07\/Maroto-admite-que-la-situaci\u00f3n-de-Gobierno-en-funciones-lastra.jpg","width":120,"height":80,"caption":"Maroto admite que la situaci\u00f3n de Gobierno en funciones lastra los planes para estimular la econom\u00eda"},{"@type":"BreadcrumbList","@id":"https:\/\/super-news.info\/es\/maroto-admite-que-la-situacion-de-gobierno-en-funciones-lastra-los-planes-para-estimular-la-economia\/#breadcrumb","itemListElement":[{"@type":"ListItem","position":1,"name":"\u0413\u043b\u0430\u0432\u043d\u0430\u044f \u0441\u0442\u0440\u0430\u043d\u0438\u0446\u0430","item":"https:\/\/super-news.info\/es\/"},{"@type":"ListItem","position":2,"name":"Maroto admite que la situaci\u00f3n de Gobierno en funciones lastra los planes para estimular la econom\u00eda"}]},{"@type":"WebSite","@id":"https:\/\/super-news.info\/es\/#website","url":"https:\/\/super-news.info\/es\/","name":"Super News","description":"Super News Espa\u00f1a","potentialAction":[{"@type":"SearchAction","target":{"@type":"EntryPoint","urlTemplate":"https:\/\/super-news.info\/es\/?s={search_term_string}"},"query-input":{"@type":"PropertyValueSpecification","valueRequired":true,"valueName":"search_term_string"}}],"inLanguage":"en-US"},{"@type":"Person","@id":"https:\/\/super-news.info\/es\/#\/schema\/person\/2d4068cb2f39cd10008c2fce578a7356","name":"super-news","image":{"@type":"ImageObject","inLanguage":"en-US","@id":"https:\/\/secure.gravatar.com\/avatar\/64ebac40b93f26a154f8a9b5b6fdccfc46f442b26b3dd6756dbff3bf9dc76fd7?s=96&d=mm&r=g","url":"https:\/\/secure.gravatar.com\/avatar\/64ebac40b93f26a154f8a9b5b6fdccfc46f442b26b3dd6756dbff3bf9dc76fd7?s=96&d=mm&r=g","contentUrl":"https:\/\/secure.gravatar.com\/avatar\/64ebac40b93f26a154f8a9b5b6fdccfc46f442b26b3dd6756dbff3bf9dc76fd7?s=96&d=mm&r=g","caption":"super-news"},"url":"https:\/\/super-news.info\/es\/author\/pt\/"}]}},"_links":{"self":[{"href":"https:\/\/super-news.info\/es\/wp-json\/wp\/v2\/posts\/6114","targetHints":{"allow":["GET"]}}],"collection":[{"href":"https:\/\/super-news.info\/es\/wp-json\/wp\/v2\/posts"}],"about":[{"href":"https:\/\/super-news.info\/es\/wp-json\/wp\/v2\/types\/post"}],"author":[{"embeddable":true,"href":"https:\/\/super-news.info\/es\/wp-json\/wp\/v2\/users\/2"}],"replies":[{"embeddable":true,"href":"https:\/\/super-news.info\/es\/wp-json\/wp\/v2\/comments?post=6114"}],"version-history":[{"count":1,"href":"https:\/\/super-news.info\/es\/wp-json\/wp\/v2\/posts\/6114\/revisions"}],"predecessor-version":[{"id":6116,"href":"https:\/\/super-news.info\/es\/wp-json\/wp\/v2\/posts\/6114\/revisions\/6116"}],"wp:featuredmedia":[{"embeddable":true,"href":"https:\/\/super-news.info\/es\/wp-json\/wp\/v2\/media\/6115"}],"wp:attachment":[{"href":"https:\/\/super-news.info\/es\/wp-json\/wp\/v2\/media?parent=6114"}],"wp:term":[{"taxonomy":"category","embeddable":true,"href":"https:\/\/super-news.info\/es\/wp-json\/wp\/v2\/categories?post=6114"},{"taxonomy":"post_tag","embeddable":true,"href":"https:\/\/super-news.info\/es\/wp-json\/wp\/v2\/tags?post=6114"}],"curies":[{"name":"wp","href":"https:\/\/api.w.org\/{rel}","templated":true}]}}