{"id":6107,"date":"2019-07-11T19:15:04","date_gmt":"2019-07-11T16:15:04","guid":{"rendered":"https:\/\/super-news.info\/es\/el-gobierno-dara-incentivos-fiscales-a-las-empresas-espanolas-que-participen-en-la-expo-dubai-2020\/"},"modified":"2019-07-11T19:15:05","modified_gmt":"2019-07-11T16:15:05","slug":"el-gobierno-dara-incentivos-fiscales-a-las-empresas-espanolas-que-participen-en-la-expo-dubai-2020","status":"publish","type":"post","link":"https:\/\/super-news.info\/es\/el-gobierno-dara-incentivos-fiscales-a-las-empresas-espanolas-que-participen-en-la-expo-dubai-2020\/","title":{"rendered":"El Gobierno dar\u00e1 incentivos fiscales a las empresas espa\u00f1olas que participen en la Expo Dub\u00e1i 2020"},"content":{"rendered":"<p> [ad_1]<br \/>\n<\/p>\n<div id=\"CuerpoNoticia\" itemprop=\"articleBody\">\n<p>MADRID, 11 Jul. (EUROPA PRESS) &#8211; <\/p>\n<p itemprop=\"description\">   El Gobierno a trav\u00e9s de ICEX Espa\u00f1a Exportaci\u00f3n e Inversiones y Acci\u00f3n Cultural Espa\u00f1ola (AC\/E) ha mantenido un encuentro con las empresas espa\u00f1olas en el que se les ha informado de las oportunidades de negocio que plantea estar presente en el Pabell\u00f3n de Espa\u00f1a en Expo Dub\u00e1i 2020 y donde les ha trasladado que se dar\u00e1n incentivos fiscales a las que participen, seg\u00fan ha informado en un comunicado.<\/p>\n<p>    El Gobierno ha trasladado a las empresas que Expo Dub\u00e1i es un &#8220;acontecimiento de excepcional inter\u00e9s p\u00fablico&#8221; por haber sido concebido como &#8220;un proyecto de Estado para favorecer a Espa\u00f1a y al entramado empresarial a corto y medio plazo&#8221;.<\/p>\n<p>   En el acto con las empresas han participado el ministro de Cultura y Deporte, Jos\u00e9 Guirao; el director financiero de AC\/E, Eduardo Fern\u00e1ndez Palomares; la consejera delegada de ICEX, Mar\u00eda Pe\u00f1a, y el embajador de Espa\u00f1a en Emiratos \u00c1rabes Unidos, Antonio \u00c1lvarez Barthe.<\/p>\n<p>   El ministro ha explicado que el Gobierno considera &#8220;imprescindible y estrat\u00e9gico&#8221; que empresas e instituciones vayan de la mano en esta propuesta.<\/p>\n<p>   &#8220;Consideramos que la suma de la iniciativa y el soporte p\u00fablico con el emprendimiento empresarial es el mejor camino para consolidar la internacionalizaci\u00f3n de nuestra econom\u00eda&#8221;, ha remarcado.<\/p>\n<p>   Asimismo, ha puesto de relieve que hay que &#8220;realzar los estrechos v\u00ednculos que unen a Espa\u00f1a con el mundo \u00e1rabe, dando visibilidad a las actuaciones que se est\u00e1n llevando a cabo en Espa\u00f1a en campos tan diversos como el uso y gesti\u00f3n del agua, las energ\u00edas renovables, las grandes infraestructuras o la tecnolog\u00eda y arquitectura&#8221;.<\/p>\n<p>   Guirao ha recordado que las exposiciones universales siguen desempe\u00f1ando &#8220;un papel fundamental en la proyecci\u00f3n de la imagen de un pa\u00eds y abren todo un abanico de oportunidades comerciales en el mercado mundial&#8221;.<\/p>\n<p>   Por su parte, la consejera delegada de ICEX ha destacado que Expo Dub\u00e1i 2020 es &#8220;un excelente escaparate para dar visibilidad a las empresas espa\u00f1olas y fortalecer la imagen de los sectores productivos espa\u00f1oles, vinculados a la calidad, dise\u00f1o y tecnolog\u00eda&#8221;.<\/p>\n<p>   Seg\u00fan el ICEX, la Expo, convocada bajo el tema &#8216;Conectar mentes, construir el futuro&#8217;, tiene el objetivo de contribuir a hacer compatible el progreso tecnol\u00f3gico y el desarrollo sostenible.<\/p>\n<\/div>\n<p>[ad_2]<br \/>\n<br \/><a href=\"https:\/\/www.europapress.es\/economia\/noticia-gobierno-dara-incentivos-fiscales-empresas-espanolas-participen-expo-dubai-2020-20190711162731.html\">Source link <\/a><\/p>\n","protected":false},"excerpt":{"rendered":"<p>[ad_1] MADRID, 11 Jul. (EUROPA PRESS) &#8211; El Gobierno a trav\u00e9s de ICEX Espa\u00f1a Exportaci\u00f3n e Inversiones y Acci\u00f3n Cultural Espa\u00f1ola (AC\/E) ha mantenido un encuentro con las empresas espa\u00f1olas en el que se les ha informado de las oportunidades de negocio que plantea estar presente en el Pabell\u00f3n de Espa\u00f1a en Expo Dub\u00e1i 2020 [&hellip;]<\/p>\n","protected":false},"author":2,"featured_media":180,"comment_status":"open","ping_status":"open","sticky":false,"template":"","format":"standard","meta":{"footnotes":""},"categories":[1],"tags":[],"class_list":["post-6107","post","type-post","status-publish","format-standard","has-post-thumbnail","hentry","category-noticias-financieras"],"yoast_head":"<!-- This site is optimized with the Yoast SEO plugin v27.4 - https:\/\/yoast.com\/product\/yoast-seo-wordpress\/ -->\n<title>El Gobierno dar\u00e1 incentivos fiscales a las empresas espa\u00f1olas que participen en la Expo Dub\u00e1i 2020 - Super News<\/title>\n<meta name=\"robots\" content=\"index, follow, max-snippet:-1, max-image-preview:large, max-video-preview:-1\" \/>\n<link rel=\"canonical\" href=\"https:\/\/super-news.info\/es\/el-gobierno-dara-incentivos-fiscales-a-las-empresas-espanolas-que-participen-en-la-expo-dubai-2020\/\" \/>\n<meta property=\"og:locale\" content=\"en_US\" \/>\n<meta property=\"og:type\" content=\"article\" \/>\n<meta property=\"og:title\" content=\"El Gobierno dar\u00e1 incentivos fiscales a las empresas espa\u00f1olas que participen en la Expo Dub\u00e1i 2020 - Super News\" \/>\n<meta property=\"og:description\" content=\"[ad_1] MADRID, 11 Jul. (EUROPA PRESS) &#8211; El Gobierno a trav\u00e9s de ICEX Espa\u00f1a Exportaci\u00f3n e Inversiones y Acci\u00f3n Cultural Espa\u00f1ola (AC\/E) ha mantenido un encuentro con las empresas espa\u00f1olas en el que se les ha informado de las oportunidades de negocio que plantea estar presente en el Pabell\u00f3n de Espa\u00f1a en Expo Dub\u00e1i 2020 [&hellip;]\" \/>\n<meta property=\"og:url\" content=\"https:\/\/super-news.info\/es\/el-gobierno-dara-incentivos-fiscales-a-las-empresas-espanolas-que-participen-en-la-expo-dubai-2020\/\" \/>\n<meta property=\"og:site_name\" content=\"Super News\" \/>\n<meta property=\"article:published_time\" content=\"2019-07-11T16:15:04+00:00\" \/>\n<meta property=\"article:modified_time\" content=\"2019-07-11T16:15:05+00:00\" \/>\n<meta property=\"og:image\" content=\"https:\/\/super-news.info\/es\/wp-content\/uploads\/sites\/4\/2019\/04\/La-tasa-de-empleo-de-la-OCDE-registr\u00f3-un-r\u00e9cord.jpg\" \/>\n\t<meta property=\"og:image:width\" content=\"1024\" \/>\n\t<meta property=\"og:image:height\" content=\"512\" \/>\n\t<meta property=\"og:image:type\" content=\"image\/jpeg\" \/>\n<meta name=\"author\" content=\"super-news\" \/>\n<meta name=\"twitter:card\" content=\"summary_large_image\" \/>\n<meta name=\"twitter:label1\" content=\"Written by\" \/>\n\t<meta name=\"twitter:data1\" content=\"super-news\" \/>\n\t<meta name=\"twitter:label2\" content=\"Est. reading time\" \/>\n\t<meta name=\"twitter:data2\" content=\"2 minutes\" \/>\n<script type=\"application\/ld+json\" class=\"yoast-schema-graph\">{\"@context\":\"https:\\\/\\\/schema.org\",\"@graph\":[{\"@type\":\"Article\",\"@id\":\"https:\\\/\\\/super-news.info\\\/es\\\/el-gobierno-dara-incentivos-fiscales-a-las-empresas-espanolas-que-participen-en-la-expo-dubai-2020\\\/#article\",\"isPartOf\":{\"@id\":\"https:\\\/\\\/super-news.info\\\/es\\\/el-gobierno-dara-incentivos-fiscales-a-las-empresas-espanolas-que-participen-en-la-expo-dubai-2020\\\/\"},\"author\":{\"name\":\"super-news\",\"@id\":\"https:\\\/\\\/super-news.info\\\/es\\\/#\\\/schema\\\/person\\\/2d4068cb2f39cd10008c2fce578a7356\"},\"headline\":\"El Gobierno dar\u00e1 incentivos fiscales a las empresas espa\u00f1olas que participen en la Expo Dub\u00e1i 2020\",\"datePublished\":\"2019-07-11T16:15:04+00:00\",\"dateModified\":\"2019-07-11T16:15:05+00:00\",\"mainEntityOfPage\":{\"@id\":\"https:\\\/\\\/super-news.info\\\/es\\\/el-gobierno-dara-incentivos-fiscales-a-las-empresas-espanolas-que-participen-en-la-expo-dubai-2020\\\/\"},\"wordCount\":424,\"commentCount\":0,\"image\":{\"@id\":\"https:\\\/\\\/super-news.info\\\/es\\\/el-gobierno-dara-incentivos-fiscales-a-las-empresas-espanolas-que-participen-en-la-expo-dubai-2020\\\/#primaryimage\"},\"thumbnailUrl\":\"https:\\\/\\\/super-news.info\\\/es\\\/wp-content\\\/uploads\\\/sites\\\/4\\\/2019\\\/04\\\/La-tasa-de-empleo-de-la-OCDE-registr\u00f3-un-r\u00e9cord.jpg\",\"articleSection\":[\"NOTICIAS FINANCIERAS\"],\"inLanguage\":\"en-US\",\"potentialAction\":[{\"@type\":\"CommentAction\",\"name\":\"Comment\",\"target\":[\"https:\\\/\\\/super-news.info\\\/es\\\/el-gobierno-dara-incentivos-fiscales-a-las-empresas-espanolas-que-participen-en-la-expo-dubai-2020\\\/#respond\"]}]},{\"@type\":\"WebPage\",\"@id\":\"https:\\\/\\\/super-news.info\\\/es\\\/el-gobierno-dara-incentivos-fiscales-a-las-empresas-espanolas-que-participen-en-la-expo-dubai-2020\\\/\",\"url\":\"https:\\\/\\\/super-news.info\\\/es\\\/el-gobierno-dara-incentivos-fiscales-a-las-empresas-espanolas-que-participen-en-la-expo-dubai-2020\\\/\",\"name\":\"El Gobierno dar\u00e1 incentivos fiscales a las empresas espa\u00f1olas que participen en la Expo Dub\u00e1i 2020 - Super News\",\"isPartOf\":{\"@id\":\"https:\\\/\\\/super-news.info\\\/es\\\/#website\"},\"primaryImageOfPage\":{\"@id\":\"https:\\\/\\\/super-news.info\\\/es\\\/el-gobierno-dara-incentivos-fiscales-a-las-empresas-espanolas-que-participen-en-la-expo-dubai-2020\\\/#primaryimage\"},\"image\":{\"@id\":\"https:\\\/\\\/super-news.info\\\/es\\\/el-gobierno-dara-incentivos-fiscales-a-las-empresas-espanolas-que-participen-en-la-expo-dubai-2020\\\/#primaryimage\"},\"thumbnailUrl\":\"https:\\\/\\\/super-news.info\\\/es\\\/wp-content\\\/uploads\\\/sites\\\/4\\\/2019\\\/04\\\/La-tasa-de-empleo-de-la-OCDE-registr\u00f3-un-r\u00e9cord.jpg\",\"datePublished\":\"2019-07-11T16:15:04+00:00\",\"dateModified\":\"2019-07-11T16:15:05+00:00\",\"author\":{\"@id\":\"https:\\\/\\\/super-news.info\\\/es\\\/#\\\/schema\\\/person\\\/2d4068cb2f39cd10008c2fce578a7356\"},\"breadcrumb\":{\"@id\":\"https:\\\/\\\/super-news.info\\\/es\\\/el-gobierno-dara-incentivos-fiscales-a-las-empresas-espanolas-que-participen-en-la-expo-dubai-2020\\\/#breadcrumb\"},\"inLanguage\":\"en-US\",\"potentialAction\":[{\"@type\":\"ReadAction\",\"target\":[\"https:\\\/\\\/super-news.info\\\/es\\\/el-gobierno-dara-incentivos-fiscales-a-las-empresas-espanolas-que-participen-en-la-expo-dubai-2020\\\/\"]}]},{\"@type\":\"ImageObject\",\"inLanguage\":\"en-US\",\"@id\":\"https:\\\/\\\/super-news.info\\\/es\\\/el-gobierno-dara-incentivos-fiscales-a-las-empresas-espanolas-que-participen-en-la-expo-dubai-2020\\\/#primaryimage\",\"url\":\"https:\\\/\\\/super-news.info\\\/es\\\/wp-content\\\/uploads\\\/sites\\\/4\\\/2019\\\/04\\\/La-tasa-de-empleo-de-la-OCDE-registr\u00f3-un-r\u00e9cord.jpg\",\"contentUrl\":\"https:\\\/\\\/super-news.info\\\/es\\\/wp-content\\\/uploads\\\/sites\\\/4\\\/2019\\\/04\\\/La-tasa-de-empleo-de-la-OCDE-registr\u00f3-un-r\u00e9cord.jpg\",\"width\":1024,\"height\":512,\"caption\":\"La tasa de empleo de la OCDE registr\u00f3 un r\u00e9cord del 68,6% al cierre de 2018\"},{\"@type\":\"BreadcrumbList\",\"@id\":\"https:\\\/\\\/super-news.info\\\/es\\\/el-gobierno-dara-incentivos-fiscales-a-las-empresas-espanolas-que-participen-en-la-expo-dubai-2020\\\/#breadcrumb\",\"itemListElement\":[{\"@type\":\"ListItem\",\"position\":1,\"name\":\"\u0413\u043b\u0430\u0432\u043d\u0430\u044f \u0441\u0442\u0440\u0430\u043d\u0438\u0446\u0430\",\"item\":\"https:\\\/\\\/super-news.info\\\/es\\\/\"},{\"@type\":\"ListItem\",\"position\":2,\"name\":\"El Gobierno dar\u00e1 incentivos fiscales a las empresas espa\u00f1olas que participen en la Expo Dub\u00e1i 2020\"}]},{\"@type\":\"WebSite\",\"@id\":\"https:\\\/\\\/super-news.info\\\/es\\\/#website\",\"url\":\"https:\\\/\\\/super-news.info\\\/es\\\/\",\"name\":\"Super News\",\"description\":\"Super News Espa\u00f1a\",\"potentialAction\":[{\"@type\":\"SearchAction\",\"target\":{\"@type\":\"EntryPoint\",\"urlTemplate\":\"https:\\\/\\\/super-news.info\\\/es\\\/?s={search_term_string}\"},\"query-input\":{\"@type\":\"PropertyValueSpecification\",\"valueRequired\":true,\"valueName\":\"search_term_string\"}}],\"inLanguage\":\"en-US\"},{\"@type\":\"Person\",\"@id\":\"https:\\\/\\\/super-news.info\\\/es\\\/#\\\/schema\\\/person\\\/2d4068cb2f39cd10008c2fce578a7356\",\"name\":\"super-news\",\"image\":{\"@type\":\"ImageObject\",\"inLanguage\":\"en-US\",\"@id\":\"https:\\\/\\\/secure.gravatar.com\\\/avatar\\\/64ebac40b93f26a154f8a9b5b6fdccfc46f442b26b3dd6756dbff3bf9dc76fd7?s=96&d=mm&r=g\",\"url\":\"https:\\\/\\\/secure.gravatar.com\\\/avatar\\\/64ebac40b93f26a154f8a9b5b6fdccfc46f442b26b3dd6756dbff3bf9dc76fd7?s=96&d=mm&r=g\",\"contentUrl\":\"https:\\\/\\\/secure.gravatar.com\\\/avatar\\\/64ebac40b93f26a154f8a9b5b6fdccfc46f442b26b3dd6756dbff3bf9dc76fd7?s=96&d=mm&r=g\",\"caption\":\"super-news\"},\"url\":\"https:\\\/\\\/super-news.info\\\/es\\\/author\\\/pt\\\/\"}]}<\/script>\n<!-- \/ Yoast SEO plugin. -->","yoast_head_json":{"title":"El Gobierno dar\u00e1 incentivos fiscales a las empresas espa\u00f1olas que participen en la Expo Dub\u00e1i 2020 - Super News","robots":{"index":"index","follow":"follow","max-snippet":"max-snippet:-1","max-image-preview":"max-image-preview:large","max-video-preview":"max-video-preview:-1"},"canonical":"https:\/\/super-news.info\/es\/el-gobierno-dara-incentivos-fiscales-a-las-empresas-espanolas-que-participen-en-la-expo-dubai-2020\/","og_locale":"en_US","og_type":"article","og_title":"El Gobierno dar\u00e1 incentivos fiscales a las empresas espa\u00f1olas que participen en la Expo Dub\u00e1i 2020 - Super News","og_description":"[ad_1] MADRID, 11 Jul. (EUROPA PRESS) &#8211; El Gobierno a trav\u00e9s de ICEX Espa\u00f1a Exportaci\u00f3n e Inversiones y Acci\u00f3n Cultural Espa\u00f1ola (AC\/E) ha mantenido un encuentro con las empresas espa\u00f1olas en el que se les ha informado de las oportunidades de negocio que plantea estar presente en el Pabell\u00f3n de Espa\u00f1a en Expo Dub\u00e1i 2020 [&hellip;]","og_url":"https:\/\/super-news.info\/es\/el-gobierno-dara-incentivos-fiscales-a-las-empresas-espanolas-que-participen-en-la-expo-dubai-2020\/","og_site_name":"Super News","article_published_time":"2019-07-11T16:15:04+00:00","article_modified_time":"2019-07-11T16:15:05+00:00","og_image":[{"width":1024,"height":512,"url":"https:\/\/super-news.info\/es\/wp-content\/uploads\/sites\/4\/2019\/04\/La-tasa-de-empleo-de-la-OCDE-registr\u00f3-un-r\u00e9cord.jpg","type":"image\/jpeg"}],"author":"super-news","twitter_card":"summary_large_image","twitter_misc":{"Written by":"super-news","Est. reading time":"2 minutes"},"schema":{"@context":"https:\/\/schema.org","@graph":[{"@type":"Article","@id":"https:\/\/super-news.info\/es\/el-gobierno-dara-incentivos-fiscales-a-las-empresas-espanolas-que-participen-en-la-expo-dubai-2020\/#article","isPartOf":{"@id":"https:\/\/super-news.info\/es\/el-gobierno-dara-incentivos-fiscales-a-las-empresas-espanolas-que-participen-en-la-expo-dubai-2020\/"},"author":{"name":"super-news","@id":"https:\/\/super-news.info\/es\/#\/schema\/person\/2d4068cb2f39cd10008c2fce578a7356"},"headline":"El Gobierno dar\u00e1 incentivos fiscales a las empresas espa\u00f1olas que participen en la Expo Dub\u00e1i 2020","datePublished":"2019-07-11T16:15:04+00:00","dateModified":"2019-07-11T16:15:05+00:00","mainEntityOfPage":{"@id":"https:\/\/super-news.info\/es\/el-gobierno-dara-incentivos-fiscales-a-las-empresas-espanolas-que-participen-en-la-expo-dubai-2020\/"},"wordCount":424,"commentCount":0,"image":{"@id":"https:\/\/super-news.info\/es\/el-gobierno-dara-incentivos-fiscales-a-las-empresas-espanolas-que-participen-en-la-expo-dubai-2020\/#primaryimage"},"thumbnailUrl":"https:\/\/super-news.info\/es\/wp-content\/uploads\/sites\/4\/2019\/04\/La-tasa-de-empleo-de-la-OCDE-registr\u00f3-un-r\u00e9cord.jpg","articleSection":["NOTICIAS FINANCIERAS"],"inLanguage":"en-US","potentialAction":[{"@type":"CommentAction","name":"Comment","target":["https:\/\/super-news.info\/es\/el-gobierno-dara-incentivos-fiscales-a-las-empresas-espanolas-que-participen-en-la-expo-dubai-2020\/#respond"]}]},{"@type":"WebPage","@id":"https:\/\/super-news.info\/es\/el-gobierno-dara-incentivos-fiscales-a-las-empresas-espanolas-que-participen-en-la-expo-dubai-2020\/","url":"https:\/\/super-news.info\/es\/el-gobierno-dara-incentivos-fiscales-a-las-empresas-espanolas-que-participen-en-la-expo-dubai-2020\/","name":"El Gobierno dar\u00e1 incentivos fiscales a las empresas espa\u00f1olas que participen en la Expo Dub\u00e1i 2020 - Super News","isPartOf":{"@id":"https:\/\/super-news.info\/es\/#website"},"primaryImageOfPage":{"@id":"https:\/\/super-news.info\/es\/el-gobierno-dara-incentivos-fiscales-a-las-empresas-espanolas-que-participen-en-la-expo-dubai-2020\/#primaryimage"},"image":{"@id":"https:\/\/super-news.info\/es\/el-gobierno-dara-incentivos-fiscales-a-las-empresas-espanolas-que-participen-en-la-expo-dubai-2020\/#primaryimage"},"thumbnailUrl":"https:\/\/super-news.info\/es\/wp-content\/uploads\/sites\/4\/2019\/04\/La-tasa-de-empleo-de-la-OCDE-registr\u00f3-un-r\u00e9cord.jpg","datePublished":"2019-07-11T16:15:04+00:00","dateModified":"2019-07-11T16:15:05+00:00","author":{"@id":"https:\/\/super-news.info\/es\/#\/schema\/person\/2d4068cb2f39cd10008c2fce578a7356"},"breadcrumb":{"@id":"https:\/\/super-news.info\/es\/el-gobierno-dara-incentivos-fiscales-a-las-empresas-espanolas-que-participen-en-la-expo-dubai-2020\/#breadcrumb"},"inLanguage":"en-US","potentialAction":[{"@type":"ReadAction","target":["https:\/\/super-news.info\/es\/el-gobierno-dara-incentivos-fiscales-a-las-empresas-espanolas-que-participen-en-la-expo-dubai-2020\/"]}]},{"@type":"ImageObject","inLanguage":"en-US","@id":"https:\/\/super-news.info\/es\/el-gobierno-dara-incentivos-fiscales-a-las-empresas-espanolas-que-participen-en-la-expo-dubai-2020\/#primaryimage","url":"https:\/\/super-news.info\/es\/wp-content\/uploads\/sites\/4\/2019\/04\/La-tasa-de-empleo-de-la-OCDE-registr\u00f3-un-r\u00e9cord.jpg","contentUrl":"https:\/\/super-news.info\/es\/wp-content\/uploads\/sites\/4\/2019\/04\/La-tasa-de-empleo-de-la-OCDE-registr\u00f3-un-r\u00e9cord.jpg","width":1024,"height":512,"caption":"La tasa de empleo de la OCDE registr\u00f3 un r\u00e9cord del 68,6% al cierre de 2018"},{"@type":"BreadcrumbList","@id":"https:\/\/super-news.info\/es\/el-gobierno-dara-incentivos-fiscales-a-las-empresas-espanolas-que-participen-en-la-expo-dubai-2020\/#breadcrumb","itemListElement":[{"@type":"ListItem","position":1,"name":"\u0413\u043b\u0430\u0432\u043d\u0430\u044f \u0441\u0442\u0440\u0430\u043d\u0438\u0446\u0430","item":"https:\/\/super-news.info\/es\/"},{"@type":"ListItem","position":2,"name":"El Gobierno dar\u00e1 incentivos fiscales a las empresas espa\u00f1olas que participen en la Expo Dub\u00e1i 2020"}]},{"@type":"WebSite","@id":"https:\/\/super-news.info\/es\/#website","url":"https:\/\/super-news.info\/es\/","name":"Super News","description":"Super News Espa\u00f1a","potentialAction":[{"@type":"SearchAction","target":{"@type":"EntryPoint","urlTemplate":"https:\/\/super-news.info\/es\/?s={search_term_string}"},"query-input":{"@type":"PropertyValueSpecification","valueRequired":true,"valueName":"search_term_string"}}],"inLanguage":"en-US"},{"@type":"Person","@id":"https:\/\/super-news.info\/es\/#\/schema\/person\/2d4068cb2f39cd10008c2fce578a7356","name":"super-news","image":{"@type":"ImageObject","inLanguage":"en-US","@id":"https:\/\/secure.gravatar.com\/avatar\/64ebac40b93f26a154f8a9b5b6fdccfc46f442b26b3dd6756dbff3bf9dc76fd7?s=96&d=mm&r=g","url":"https:\/\/secure.gravatar.com\/avatar\/64ebac40b93f26a154f8a9b5b6fdccfc46f442b26b3dd6756dbff3bf9dc76fd7?s=96&d=mm&r=g","contentUrl":"https:\/\/secure.gravatar.com\/avatar\/64ebac40b93f26a154f8a9b5b6fdccfc46f442b26b3dd6756dbff3bf9dc76fd7?s=96&d=mm&r=g","caption":"super-news"},"url":"https:\/\/super-news.info\/es\/author\/pt\/"}]}},"_links":{"self":[{"href":"https:\/\/super-news.info\/es\/wp-json\/wp\/v2\/posts\/6107","targetHints":{"allow":["GET"]}}],"collection":[{"href":"https:\/\/super-news.info\/es\/wp-json\/wp\/v2\/posts"}],"about":[{"href":"https:\/\/super-news.info\/es\/wp-json\/wp\/v2\/types\/post"}],"author":[{"embeddable":true,"href":"https:\/\/super-news.info\/es\/wp-json\/wp\/v2\/users\/2"}],"replies":[{"embeddable":true,"href":"https:\/\/super-news.info\/es\/wp-json\/wp\/v2\/comments?post=6107"}],"version-history":[{"count":1,"href":"https:\/\/super-news.info\/es\/wp-json\/wp\/v2\/posts\/6107\/revisions"}],"predecessor-version":[{"id":6108,"href":"https:\/\/super-news.info\/es\/wp-json\/wp\/v2\/posts\/6107\/revisions\/6108"}],"wp:featuredmedia":[{"embeddable":true,"href":"https:\/\/super-news.info\/es\/wp-json\/wp\/v2\/media\/180"}],"wp:attachment":[{"href":"https:\/\/super-news.info\/es\/wp-json\/wp\/v2\/media?parent=6107"}],"wp:term":[{"taxonomy":"category","embeddable":true,"href":"https:\/\/super-news.info\/es\/wp-json\/wp\/v2\/categories?post=6107"},{"taxonomy":"post_tag","embeddable":true,"href":"https:\/\/super-news.info\/es\/wp-json\/wp\/v2\/tags?post=6107"}],"curies":[{"name":"wp","href":"https:\/\/api.w.org\/{rel}","templated":true}]}}