{"id":6096,"date":"2019-07-11T17:00:06","date_gmt":"2019-07-11T14:00:06","guid":{"rendered":"https:\/\/super-news.info\/es\/los-trabajadores-de-iberia-barcelona-convocan-huelga-el-fin-de-semana-del-27-y-28-de-julio\/"},"modified":"2019-07-11T17:00:07","modified_gmt":"2019-07-11T14:00:07","slug":"los-trabajadores-de-iberia-barcelona-convocan-huelga-el-fin-de-semana-del-27-y-28-de-julio","status":"publish","type":"post","link":"https:\/\/super-news.info\/es\/los-trabajadores-de-iberia-barcelona-convocan-huelga-el-fin-de-semana-del-27-y-28-de-julio\/","title":{"rendered":"Los trabajadores de Iberia Barcelona convocan huelga el fin de semana del 27 y 28 de julio"},"content":{"rendered":"<p> [ad_1]<\/p>\n<div id=\"CuerpoNoticiav2\" itemprop=\"articleBody\">\n<p>BARCELONA, 11 Jul. (EUROPA PRESS) &#8211;<\/p>\n<p itemprop=\"description\">El comit\u00e9 de empresa de Iberia Barcelona ha convocado huelga para el s\u00e1bado 27 y el domingo 28 de julio por la &#8220;falta de di\u00e1logo&#8221; con la direcci\u00f3n ante la situaci\u00f3n de sobrecarga de trabajo de la plantilla.<\/p>\n<p>Los trabajadores de IAG, sociedad de la fusi\u00f3n de Iberia y British Airways, reclaman un plan que contemple la contrataci\u00f3n necesaria que responda al exceso de trabajo que sufre el personal de Barcelona, ha informado UGT en un comunicado este jueves.<\/p>\n<p>El sindicato ha afirmado que la empresa se comprometi\u00f3 a solucionar esta problem\u00e1tica en el contexto de una desconvocatoria de huelga, pero que un a\u00f1o m\u00e1s tarde &#8220;los problemas contin\u00faan siendo los mismos&#8221;.<\/p>\n<p>Los problemas que se han trasladado a la direcci\u00f3n de la empresa son la falta de contrataci\u00f3n estable, la necesidad de incrementar la plantilla eventual y el uso indiscriminado de la horas extra de obligado cumplimiento ya que la empresa no ha cubierto la totalidad de bajas m\u00e9dicas de trabajadores en situaci\u00f3n de incapacidad temporal.<\/p>\n<p>El sindicato ha se\u00f1alado que hasta el momento los trabajadores han recibido negativas &#8220;sistem\u00e1ticamente&#8221; por parte de la direcci\u00f3n, y que esta situaci\u00f3n empeora en verano por el aumento de operaciones.<\/p>\n<\/div>\n<p>[ad_2]<br \/>\n<br \/><a href=\"https:\/\/www.europapress.es\/catalunya\/noticia-trabajadores-iberia-barcelona-convoca-huelga-fin-semana-27-28-julio-20190711150823.html\">Source link <\/a><\/p>\n","protected":false},"excerpt":{"rendered":"<p>[ad_1] BARCELONA, 11 Jul. (EUROPA PRESS) &#8211; El comit\u00e9 de empresa de Iberia Barcelona ha convocado huelga para el s\u00e1bado 27 y el domingo 28 de julio por la &#8220;falta de di\u00e1logo&#8221; con la direcci\u00f3n ante la situaci\u00f3n de sobrecarga de trabajo de la plantilla. Los trabajadores de IAG, sociedad de la fusi\u00f3n de Iberia [&hellip;]<\/p>\n","protected":false},"author":2,"featured_media":6097,"comment_status":"open","ping_status":"open","sticky":false,"template":"","format":"standard","meta":{"footnotes":""},"categories":[1],"tags":[],"class_list":["post-6096","post","type-post","status-publish","format-standard","has-post-thumbnail","hentry","category-noticias-financieras"],"yoast_head":"<!-- This site is optimized with the Yoast SEO plugin v27.4 - https:\/\/yoast.com\/product\/yoast-seo-wordpress\/ -->\n<title>Los trabajadores de Iberia Barcelona convocan huelga el fin de semana del 27 y 28 de julio - Super News<\/title>\n<meta name=\"robots\" content=\"index, follow, max-snippet:-1, max-image-preview:large, max-video-preview:-1\" \/>\n<link rel=\"canonical\" href=\"https:\/\/super-news.info\/es\/los-trabajadores-de-iberia-barcelona-convocan-huelga-el-fin-de-semana-del-27-y-28-de-julio\/\" \/>\n<meta property=\"og:locale\" content=\"en_US\" \/>\n<meta property=\"og:type\" content=\"article\" \/>\n<meta property=\"og:title\" content=\"Los trabajadores de Iberia Barcelona convocan huelga el fin de semana del 27 y 28 de julio - Super News\" \/>\n<meta property=\"og:description\" content=\"[ad_1] BARCELONA, 11 Jul. (EUROPA PRESS) &#8211; El comit\u00e9 de empresa de Iberia Barcelona ha convocado huelga para el s\u00e1bado 27 y el domingo 28 de julio por la &#8220;falta de di\u00e1logo&#8221; con la direcci\u00f3n ante la situaci\u00f3n de sobrecarga de trabajo de la plantilla. Los trabajadores de IAG, sociedad de la fusi\u00f3n de Iberia [&hellip;]\" \/>\n<meta property=\"og:url\" content=\"https:\/\/super-news.info\/es\/los-trabajadores-de-iberia-barcelona-convocan-huelga-el-fin-de-semana-del-27-y-28-de-julio\/\" \/>\n<meta property=\"og:site_name\" content=\"Super News\" \/>\n<meta property=\"article:published_time\" content=\"2019-07-11T14:00:06+00:00\" \/>\n<meta property=\"article:modified_time\" content=\"2019-07-11T14:00:07+00:00\" \/>\n<meta property=\"og:image\" content=\"https:\/\/super-news.info\/es\/wp-content\/uploads\/sites\/4\/2019\/07\/Los-trabajadores-de-Iberia-Barcelona-convocan-huelga-el-fin-de.jpg\" \/>\n\t<meta property=\"og:image:width\" content=\"120\" \/>\n\t<meta property=\"og:image:height\" content=\"67\" \/>\n\t<meta property=\"og:image:type\" content=\"image\/jpeg\" \/>\n<meta name=\"author\" content=\"super-news\" \/>\n<meta name=\"twitter:card\" content=\"summary_large_image\" \/>\n<meta name=\"twitter:label1\" content=\"Written by\" \/>\n\t<meta name=\"twitter:data1\" content=\"super-news\" \/>\n\t<meta name=\"twitter:label2\" content=\"Est. reading time\" \/>\n\t<meta name=\"twitter:data2\" content=\"1 minute\" \/>\n<script type=\"application\/ld+json\" class=\"yoast-schema-graph\">{\"@context\":\"https:\\\/\\\/schema.org\",\"@graph\":[{\"@type\":\"Article\",\"@id\":\"https:\\\/\\\/super-news.info\\\/es\\\/los-trabajadores-de-iberia-barcelona-convocan-huelga-el-fin-de-semana-del-27-y-28-de-julio\\\/#article\",\"isPartOf\":{\"@id\":\"https:\\\/\\\/super-news.info\\\/es\\\/los-trabajadores-de-iberia-barcelona-convocan-huelga-el-fin-de-semana-del-27-y-28-de-julio\\\/\"},\"author\":{\"name\":\"super-news\",\"@id\":\"https:\\\/\\\/super-news.info\\\/es\\\/#\\\/schema\\\/person\\\/2d4068cb2f39cd10008c2fce578a7356\"},\"headline\":\"Los trabajadores de Iberia Barcelona convocan huelga el fin de semana del 27 y 28 de julio\",\"datePublished\":\"2019-07-11T14:00:06+00:00\",\"dateModified\":\"2019-07-11T14:00:07+00:00\",\"mainEntityOfPage\":{\"@id\":\"https:\\\/\\\/super-news.info\\\/es\\\/los-trabajadores-de-iberia-barcelona-convocan-huelga-el-fin-de-semana-del-27-y-28-de-julio\\\/\"},\"wordCount\":238,\"commentCount\":0,\"image\":{\"@id\":\"https:\\\/\\\/super-news.info\\\/es\\\/los-trabajadores-de-iberia-barcelona-convocan-huelga-el-fin-de-semana-del-27-y-28-de-julio\\\/#primaryimage\"},\"thumbnailUrl\":\"https:\\\/\\\/super-news.info\\\/es\\\/wp-content\\\/uploads\\\/sites\\\/4\\\/2019\\\/07\\\/Los-trabajadores-de-Iberia-Barcelona-convocan-huelga-el-fin-de.jpg\",\"articleSection\":[\"NOTICIAS FINANCIERAS\"],\"inLanguage\":\"en-US\",\"potentialAction\":[{\"@type\":\"CommentAction\",\"name\":\"Comment\",\"target\":[\"https:\\\/\\\/super-news.info\\\/es\\\/los-trabajadores-de-iberia-barcelona-convocan-huelga-el-fin-de-semana-del-27-y-28-de-julio\\\/#respond\"]}]},{\"@type\":\"WebPage\",\"@id\":\"https:\\\/\\\/super-news.info\\\/es\\\/los-trabajadores-de-iberia-barcelona-convocan-huelga-el-fin-de-semana-del-27-y-28-de-julio\\\/\",\"url\":\"https:\\\/\\\/super-news.info\\\/es\\\/los-trabajadores-de-iberia-barcelona-convocan-huelga-el-fin-de-semana-del-27-y-28-de-julio\\\/\",\"name\":\"Los trabajadores de Iberia Barcelona convocan huelga el fin de semana del 27 y 28 de julio - Super News\",\"isPartOf\":{\"@id\":\"https:\\\/\\\/super-news.info\\\/es\\\/#website\"},\"primaryImageOfPage\":{\"@id\":\"https:\\\/\\\/super-news.info\\\/es\\\/los-trabajadores-de-iberia-barcelona-convocan-huelga-el-fin-de-semana-del-27-y-28-de-julio\\\/#primaryimage\"},\"image\":{\"@id\":\"https:\\\/\\\/super-news.info\\\/es\\\/los-trabajadores-de-iberia-barcelona-convocan-huelga-el-fin-de-semana-del-27-y-28-de-julio\\\/#primaryimage\"},\"thumbnailUrl\":\"https:\\\/\\\/super-news.info\\\/es\\\/wp-content\\\/uploads\\\/sites\\\/4\\\/2019\\\/07\\\/Los-trabajadores-de-Iberia-Barcelona-convocan-huelga-el-fin-de.jpg\",\"datePublished\":\"2019-07-11T14:00:06+00:00\",\"dateModified\":\"2019-07-11T14:00:07+00:00\",\"author\":{\"@id\":\"https:\\\/\\\/super-news.info\\\/es\\\/#\\\/schema\\\/person\\\/2d4068cb2f39cd10008c2fce578a7356\"},\"breadcrumb\":{\"@id\":\"https:\\\/\\\/super-news.info\\\/es\\\/los-trabajadores-de-iberia-barcelona-convocan-huelga-el-fin-de-semana-del-27-y-28-de-julio\\\/#breadcrumb\"},\"inLanguage\":\"en-US\",\"potentialAction\":[{\"@type\":\"ReadAction\",\"target\":[\"https:\\\/\\\/super-news.info\\\/es\\\/los-trabajadores-de-iberia-barcelona-convocan-huelga-el-fin-de-semana-del-27-y-28-de-julio\\\/\"]}]},{\"@type\":\"ImageObject\",\"inLanguage\":\"en-US\",\"@id\":\"https:\\\/\\\/super-news.info\\\/es\\\/los-trabajadores-de-iberia-barcelona-convocan-huelga-el-fin-de-semana-del-27-y-28-de-julio\\\/#primaryimage\",\"url\":\"https:\\\/\\\/super-news.info\\\/es\\\/wp-content\\\/uploads\\\/sites\\\/4\\\/2019\\\/07\\\/Los-trabajadores-de-Iberia-Barcelona-convocan-huelga-el-fin-de.jpg\",\"contentUrl\":\"https:\\\/\\\/super-news.info\\\/es\\\/wp-content\\\/uploads\\\/sites\\\/4\\\/2019\\\/07\\\/Los-trabajadores-de-Iberia-Barcelona-convocan-huelga-el-fin-de.jpg\",\"width\":120,\"height\":67,\"caption\":\"Los trabajadores de Iberia Barcelona convocan huelga el fin de semana del 27 y 28 de julio\"},{\"@type\":\"BreadcrumbList\",\"@id\":\"https:\\\/\\\/super-news.info\\\/es\\\/los-trabajadores-de-iberia-barcelona-convocan-huelga-el-fin-de-semana-del-27-y-28-de-julio\\\/#breadcrumb\",\"itemListElement\":[{\"@type\":\"ListItem\",\"position\":1,\"name\":\"\u0413\u043b\u0430\u0432\u043d\u0430\u044f \u0441\u0442\u0440\u0430\u043d\u0438\u0446\u0430\",\"item\":\"https:\\\/\\\/super-news.info\\\/es\\\/\"},{\"@type\":\"ListItem\",\"position\":2,\"name\":\"Los trabajadores de Iberia Barcelona convocan huelga el fin de semana del 27 y 28 de julio\"}]},{\"@type\":\"WebSite\",\"@id\":\"https:\\\/\\\/super-news.info\\\/es\\\/#website\",\"url\":\"https:\\\/\\\/super-news.info\\\/es\\\/\",\"name\":\"Super News\",\"description\":\"Super News Espa\u00f1a\",\"potentialAction\":[{\"@type\":\"SearchAction\",\"target\":{\"@type\":\"EntryPoint\",\"urlTemplate\":\"https:\\\/\\\/super-news.info\\\/es\\\/?s={search_term_string}\"},\"query-input\":{\"@type\":\"PropertyValueSpecification\",\"valueRequired\":true,\"valueName\":\"search_term_string\"}}],\"inLanguage\":\"en-US\"},{\"@type\":\"Person\",\"@id\":\"https:\\\/\\\/super-news.info\\\/es\\\/#\\\/schema\\\/person\\\/2d4068cb2f39cd10008c2fce578a7356\",\"name\":\"super-news\",\"image\":{\"@type\":\"ImageObject\",\"inLanguage\":\"en-US\",\"@id\":\"https:\\\/\\\/secure.gravatar.com\\\/avatar\\\/64ebac40b93f26a154f8a9b5b6fdccfc46f442b26b3dd6756dbff3bf9dc76fd7?s=96&d=mm&r=g\",\"url\":\"https:\\\/\\\/secure.gravatar.com\\\/avatar\\\/64ebac40b93f26a154f8a9b5b6fdccfc46f442b26b3dd6756dbff3bf9dc76fd7?s=96&d=mm&r=g\",\"contentUrl\":\"https:\\\/\\\/secure.gravatar.com\\\/avatar\\\/64ebac40b93f26a154f8a9b5b6fdccfc46f442b26b3dd6756dbff3bf9dc76fd7?s=96&d=mm&r=g\",\"caption\":\"super-news\"},\"url\":\"https:\\\/\\\/super-news.info\\\/es\\\/author\\\/pt\\\/\"}]}<\/script>\n<!-- \/ Yoast SEO plugin. -->","yoast_head_json":{"title":"Los trabajadores de Iberia Barcelona convocan huelga el fin de semana del 27 y 28 de julio - Super News","robots":{"index":"index","follow":"follow","max-snippet":"max-snippet:-1","max-image-preview":"max-image-preview:large","max-video-preview":"max-video-preview:-1"},"canonical":"https:\/\/super-news.info\/es\/los-trabajadores-de-iberia-barcelona-convocan-huelga-el-fin-de-semana-del-27-y-28-de-julio\/","og_locale":"en_US","og_type":"article","og_title":"Los trabajadores de Iberia Barcelona convocan huelga el fin de semana del 27 y 28 de julio - Super News","og_description":"[ad_1] BARCELONA, 11 Jul. (EUROPA PRESS) &#8211; El comit\u00e9 de empresa de Iberia Barcelona ha convocado huelga para el s\u00e1bado 27 y el domingo 28 de julio por la &#8220;falta de di\u00e1logo&#8221; con la direcci\u00f3n ante la situaci\u00f3n de sobrecarga de trabajo de la plantilla. Los trabajadores de IAG, sociedad de la fusi\u00f3n de Iberia [&hellip;]","og_url":"https:\/\/super-news.info\/es\/los-trabajadores-de-iberia-barcelona-convocan-huelga-el-fin-de-semana-del-27-y-28-de-julio\/","og_site_name":"Super News","article_published_time":"2019-07-11T14:00:06+00:00","article_modified_time":"2019-07-11T14:00:07+00:00","og_image":[{"width":120,"height":67,"url":"https:\/\/super-news.info\/es\/wp-content\/uploads\/sites\/4\/2019\/07\/Los-trabajadores-de-Iberia-Barcelona-convocan-huelga-el-fin-de.jpg","type":"image\/jpeg"}],"author":"super-news","twitter_card":"summary_large_image","twitter_misc":{"Written by":"super-news","Est. reading time":"1 minute"},"schema":{"@context":"https:\/\/schema.org","@graph":[{"@type":"Article","@id":"https:\/\/super-news.info\/es\/los-trabajadores-de-iberia-barcelona-convocan-huelga-el-fin-de-semana-del-27-y-28-de-julio\/#article","isPartOf":{"@id":"https:\/\/super-news.info\/es\/los-trabajadores-de-iberia-barcelona-convocan-huelga-el-fin-de-semana-del-27-y-28-de-julio\/"},"author":{"name":"super-news","@id":"https:\/\/super-news.info\/es\/#\/schema\/person\/2d4068cb2f39cd10008c2fce578a7356"},"headline":"Los trabajadores de Iberia Barcelona convocan huelga el fin de semana del 27 y 28 de julio","datePublished":"2019-07-11T14:00:06+00:00","dateModified":"2019-07-11T14:00:07+00:00","mainEntityOfPage":{"@id":"https:\/\/super-news.info\/es\/los-trabajadores-de-iberia-barcelona-convocan-huelga-el-fin-de-semana-del-27-y-28-de-julio\/"},"wordCount":238,"commentCount":0,"image":{"@id":"https:\/\/super-news.info\/es\/los-trabajadores-de-iberia-barcelona-convocan-huelga-el-fin-de-semana-del-27-y-28-de-julio\/#primaryimage"},"thumbnailUrl":"https:\/\/super-news.info\/es\/wp-content\/uploads\/sites\/4\/2019\/07\/Los-trabajadores-de-Iberia-Barcelona-convocan-huelga-el-fin-de.jpg","articleSection":["NOTICIAS FINANCIERAS"],"inLanguage":"en-US","potentialAction":[{"@type":"CommentAction","name":"Comment","target":["https:\/\/super-news.info\/es\/los-trabajadores-de-iberia-barcelona-convocan-huelga-el-fin-de-semana-del-27-y-28-de-julio\/#respond"]}]},{"@type":"WebPage","@id":"https:\/\/super-news.info\/es\/los-trabajadores-de-iberia-barcelona-convocan-huelga-el-fin-de-semana-del-27-y-28-de-julio\/","url":"https:\/\/super-news.info\/es\/los-trabajadores-de-iberia-barcelona-convocan-huelga-el-fin-de-semana-del-27-y-28-de-julio\/","name":"Los trabajadores de Iberia Barcelona convocan huelga el fin de semana del 27 y 28 de julio - Super News","isPartOf":{"@id":"https:\/\/super-news.info\/es\/#website"},"primaryImageOfPage":{"@id":"https:\/\/super-news.info\/es\/los-trabajadores-de-iberia-barcelona-convocan-huelga-el-fin-de-semana-del-27-y-28-de-julio\/#primaryimage"},"image":{"@id":"https:\/\/super-news.info\/es\/los-trabajadores-de-iberia-barcelona-convocan-huelga-el-fin-de-semana-del-27-y-28-de-julio\/#primaryimage"},"thumbnailUrl":"https:\/\/super-news.info\/es\/wp-content\/uploads\/sites\/4\/2019\/07\/Los-trabajadores-de-Iberia-Barcelona-convocan-huelga-el-fin-de.jpg","datePublished":"2019-07-11T14:00:06+00:00","dateModified":"2019-07-11T14:00:07+00:00","author":{"@id":"https:\/\/super-news.info\/es\/#\/schema\/person\/2d4068cb2f39cd10008c2fce578a7356"},"breadcrumb":{"@id":"https:\/\/super-news.info\/es\/los-trabajadores-de-iberia-barcelona-convocan-huelga-el-fin-de-semana-del-27-y-28-de-julio\/#breadcrumb"},"inLanguage":"en-US","potentialAction":[{"@type":"ReadAction","target":["https:\/\/super-news.info\/es\/los-trabajadores-de-iberia-barcelona-convocan-huelga-el-fin-de-semana-del-27-y-28-de-julio\/"]}]},{"@type":"ImageObject","inLanguage":"en-US","@id":"https:\/\/super-news.info\/es\/los-trabajadores-de-iberia-barcelona-convocan-huelga-el-fin-de-semana-del-27-y-28-de-julio\/#primaryimage","url":"https:\/\/super-news.info\/es\/wp-content\/uploads\/sites\/4\/2019\/07\/Los-trabajadores-de-Iberia-Barcelona-convocan-huelga-el-fin-de.jpg","contentUrl":"https:\/\/super-news.info\/es\/wp-content\/uploads\/sites\/4\/2019\/07\/Los-trabajadores-de-Iberia-Barcelona-convocan-huelga-el-fin-de.jpg","width":120,"height":67,"caption":"Los trabajadores de Iberia Barcelona convocan huelga el fin de semana del 27 y 28 de julio"},{"@type":"BreadcrumbList","@id":"https:\/\/super-news.info\/es\/los-trabajadores-de-iberia-barcelona-convocan-huelga-el-fin-de-semana-del-27-y-28-de-julio\/#breadcrumb","itemListElement":[{"@type":"ListItem","position":1,"name":"\u0413\u043b\u0430\u0432\u043d\u0430\u044f \u0441\u0442\u0440\u0430\u043d\u0438\u0446\u0430","item":"https:\/\/super-news.info\/es\/"},{"@type":"ListItem","position":2,"name":"Los trabajadores de Iberia Barcelona convocan huelga el fin de semana del 27 y 28 de julio"}]},{"@type":"WebSite","@id":"https:\/\/super-news.info\/es\/#website","url":"https:\/\/super-news.info\/es\/","name":"Super News","description":"Super News Espa\u00f1a","potentialAction":[{"@type":"SearchAction","target":{"@type":"EntryPoint","urlTemplate":"https:\/\/super-news.info\/es\/?s={search_term_string}"},"query-input":{"@type":"PropertyValueSpecification","valueRequired":true,"valueName":"search_term_string"}}],"inLanguage":"en-US"},{"@type":"Person","@id":"https:\/\/super-news.info\/es\/#\/schema\/person\/2d4068cb2f39cd10008c2fce578a7356","name":"super-news","image":{"@type":"ImageObject","inLanguage":"en-US","@id":"https:\/\/secure.gravatar.com\/avatar\/64ebac40b93f26a154f8a9b5b6fdccfc46f442b26b3dd6756dbff3bf9dc76fd7?s=96&d=mm&r=g","url":"https:\/\/secure.gravatar.com\/avatar\/64ebac40b93f26a154f8a9b5b6fdccfc46f442b26b3dd6756dbff3bf9dc76fd7?s=96&d=mm&r=g","contentUrl":"https:\/\/secure.gravatar.com\/avatar\/64ebac40b93f26a154f8a9b5b6fdccfc46f442b26b3dd6756dbff3bf9dc76fd7?s=96&d=mm&r=g","caption":"super-news"},"url":"https:\/\/super-news.info\/es\/author\/pt\/"}]}},"_links":{"self":[{"href":"https:\/\/super-news.info\/es\/wp-json\/wp\/v2\/posts\/6096","targetHints":{"allow":["GET"]}}],"collection":[{"href":"https:\/\/super-news.info\/es\/wp-json\/wp\/v2\/posts"}],"about":[{"href":"https:\/\/super-news.info\/es\/wp-json\/wp\/v2\/types\/post"}],"author":[{"embeddable":true,"href":"https:\/\/super-news.info\/es\/wp-json\/wp\/v2\/users\/2"}],"replies":[{"embeddable":true,"href":"https:\/\/super-news.info\/es\/wp-json\/wp\/v2\/comments?post=6096"}],"version-history":[{"count":1,"href":"https:\/\/super-news.info\/es\/wp-json\/wp\/v2\/posts\/6096\/revisions"}],"predecessor-version":[{"id":6098,"href":"https:\/\/super-news.info\/es\/wp-json\/wp\/v2\/posts\/6096\/revisions\/6098"}],"wp:featuredmedia":[{"embeddable":true,"href":"https:\/\/super-news.info\/es\/wp-json\/wp\/v2\/media\/6097"}],"wp:attachment":[{"href":"https:\/\/super-news.info\/es\/wp-json\/wp\/v2\/media?parent=6096"}],"wp:term":[{"taxonomy":"category","embeddable":true,"href":"https:\/\/super-news.info\/es\/wp-json\/wp\/v2\/categories?post=6096"},{"taxonomy":"post_tag","embeddable":true,"href":"https:\/\/super-news.info\/es\/wp-json\/wp\/v2\/tags?post=6096"}],"curies":[{"name":"wp","href":"https:\/\/api.w.org\/{rel}","templated":true}]}}