{"id":6087,"date":"2019-07-11T14:44:41","date_gmt":"2019-07-11T11:44:41","guid":{"rendered":"https:\/\/super-news.info\/es\/abogado-general-del-tue-cree-que-la-ley-espanola-sobre-jubilacion-anticipada-es-contraria-al-derecho-europeo\/"},"modified":"2019-07-11T14:44:42","modified_gmt":"2019-07-11T11:44:42","slug":"abogado-general-del-tue-cree-que-la-ley-espanola-sobre-jubilacion-anticipada-es-contraria-al-derecho-europeo","status":"publish","type":"post","link":"https:\/\/super-news.info\/es\/abogado-general-del-tue-cree-que-la-ley-espanola-sobre-jubilacion-anticipada-es-contraria-al-derecho-europeo\/","title":{"rendered":"Abogado General del TUE cree que la ley espa\u00f1ola sobre jubilaci\u00f3n anticipada es contraria al derecho europeo"},"content":{"rendered":"<p> [ad_1]<\/p>\n<div id=\"CuerpoNoticiav2\" itemprop=\"articleBody\">\n<p>MADRID, 11 Jul. (EUROPA PRESS) &#8211; <\/p>\n<p itemprop=\"description\">   El Abogado General del Tribunal de Justicia de la Uni\u00f3n Europea (TUE) considera que la ley espa\u00f1ola en lo que respecta a jubilaci\u00f3n anticipada es contraria al derecho europeo por no permitir que se asimilen pensiones de otros Estados miembros para calcular el importe m\u00ednimo necesario que da derecho al cobro de la prestaci\u00f3n.<\/p>\n<p>   As\u00ed lo hace constar en sus conclusiones sobre el caso de dos trabajadores espa\u00f1oles que trabajaron un tiempo en Alemania y a los que la Seguridad Social espa\u00f1ola les deneg\u00f3 una pensi\u00f3n de jubilaci\u00f3n anticipada por no haber alcanzado el importe m\u00ednimo exigido legalmente.<\/p>\n<p>   En su informe, que no es vinculante pero que suele seguir el TUE a la hora de dictar sus sentencias, el Abogado General se\u00f1ala que la normativa espa\u00f1ola es contraria al derecho europeo por no computar una pensi\u00f3n del mismo tipo de otro Estado miembro para calcular el importe m\u00ednimo necesario para percibir una pensi\u00f3n por jubilaci\u00f3n anticipada. Asimismo, opina que la ley espa\u00f1ola no deber\u00eda discriminar a los trabajadores que ejercen su derecho a la libre circulaci\u00f3n por otros pa\u00edses de la UE.<\/p>\n<p>   A petici\u00f3n del Tribunal Superior de Justicia de Galicia, el TUE deber\u00e1 aclarar si el Tratado de Funcionamiento de la Uni\u00f3n Europea se opone a la normativa espa\u00f1ola, teniendo en cuenta que se considera que la pensi\u00f3n a percibir es la pensi\u00f3n efectiva a cargo \u00fanicamente del Estado miembro competente (en este caso Espa\u00f1a), sin computar la pensi\u00f3n efectiva que el interesado pudiera percibir por otra prestaci\u00f3n de la misma naturaleza a cargo de otro u otros Estados miembros.<\/p>\n<p>   En sus conclusiones, el Abogado General del TUE propone al Tribunal de Justicia de la UE que en su futura sentencia sobre el caso declare que la normativa espa\u00f1ola es contraria al derecho europeo por no computar una pensi\u00f3n del mismo tipo de otro Estado miembro para calcular el importe m\u00ednimo necesario para percibir una pensi\u00f3n por jubilaci\u00f3n anticipada.<\/p>\n<p>   Seg\u00fan la legislaci\u00f3n espa\u00f1ola, el importe de la pensi\u00f3n por jubilaci\u00f3n anticipada debe ser superior al importe m\u00ednimo de la pensi\u00f3n que corresponder\u00eda al interesado en funci\u00f3n de su situaci\u00f3n familiar en el momento de cumplir 65 a\u00f1os.<\/p>\n<p>   El Abogado General recuerda que, en principio, un Estado miembro tiene libertad para instaurar el derecho a una pensi\u00f3n m\u00ednima de jubilaci\u00f3n y establecer requisitos para que una persona se beneficie de una pensi\u00f3n de jubilaci\u00f3n anticipada, pero siempre que no constituyan un obst\u00e1culo a la libre circulaci\u00f3n de los trabajadores.<\/p>\n<p>   As\u00ed, el Abogado General considera que, en principio, un Estado miembro goza de potestad para limitar la concesi\u00f3n de una pensi\u00f3n de jubilaci\u00f3n anticipada a las personas que alcancen una determinada edad, acrediten un determinado n\u00famero de a\u00f1os de cotizaci\u00f3n y tengan derecho a una pensi\u00f3n por un importe superior al de la pensi\u00f3n m\u00ednima de jubilaci\u00f3n en dicho Estado miembro.<\/p>\n<h2 class=\"ladillo\">ASIMILACI\u00d3N DE PENSIONES<\/h2>\n<p>   El problema, explica, reside en la manera en que este tercer requisito se aplica a los trabajadores que han ejercido su derecho a la libre circulaci\u00f3n.<\/p>\n<p>   El Abogado General considera que este requisito necesario para obtener una pensi\u00f3n de jubilaci\u00f3n anticipada debe respetar el principio de asimilaci\u00f3n de las prestaciones, de los ingresos y de los hechos contemplado en el Reglamento de Coordinaci\u00f3n de los sistemas de la Seguridad Social con el fin de no penalizar a los trabajadores que ejercen su derecho a la libre circulaci\u00f3n.<\/p>\n<p>   &#8220;En consecuencia, considero que para satisfacer ese requisito las pensiones de jubilaci\u00f3n en Espa\u00f1a deben a\u00f1adirse a las prestaciones comparables o equivalentes percibidas de otro u otros Estados miembros&#8221;, apunta en sus conclusiones.<\/p>\n<p>   En este sentio, se\u00f1ala que la pensi\u00f3n de jubilaci\u00f3n anticipada prevista por la legislaci\u00f3n espa\u00f1ola y las pensiones de jubilaci\u00f3n que perciben los dos trabajadores a los que se refiere esta cuesti\u00f3n son prestaciones comparables o equivalentes a efectos del citado Reglamento.<\/p>\n<p>   En su opini\u00f3n, las disposiciones de la normativa espa\u00f1ola est\u00e1n concebidas espec\u00edficamente para garantizar que los solicitantes de pensiones de jubilaci\u00f3n tengan derecho al importe de la pensi\u00f3n m\u00ednima aplicable y, por tanto, no lo tengan a percibir determinadas prestaciones complementarias o suplementos, de modo que no se conviertan en una carga adicional para el sistema de Seguridad Social espa\u00f1ol.<\/p>\n<h2 class=\"ladillo\">\u00bfDISCRIMINACI\u00d3N POR EJERCER LA LIBRE CIRCULACI\u00d3N?<\/h2>\n<p>   El Abogado General subraya que en los casos examinados no se cuestiona en modo alguno este objetivo en s\u00ed mismo, sino m\u00e1s bien el hecho de que la legislaci\u00f3n nacional se aplique &#8220;de forma discriminatoria&#8221;, en detrimento de los trabajadores que han ejercido su derecho fundamental a la libre circulaci\u00f3n.<\/p>\n<p>   Adem\u00e1s, pone de relieve que el propio Tribunal Superior de Justicia de Galicia indic\u00f3 que, tras la suma de sus pensiones de jubilaci\u00f3n de Espa\u00f1a y de Alemania, ninguno de los trabajadores en cuesti\u00f3n tiene derecho a un suplemento, por lo que no representar\u00e1n una carga para la Seguridad Social espa\u00f1ola.<\/p>\n<p>   &#8220;Aunque el objetivo de disuadir o desalentar de solicitar la jubilaci\u00f3n anticipada puede ser loable con el fin de aumentar la productividad nacional y de reducir la carga sobre el sistema de Seguridad Social, dicho objetivo no puede alcanzarse discriminando a quienes hayan ejercido su derecho fundamental a la libre circulaci\u00f3n&#8221;, subraya.<\/p>\n<p>   En este punto, el Abogado General afirma tener la impresi\u00f3n de que las autoridades espa\u00f1olas ejercieron su potestad legislativa &#8220;de forma manifiestamente discriminatoria&#8221; respecto a estos trabajadores que ejercieron su derecho a la libre circulaci\u00f3n.<\/p>\n<\/div>\n<p>[ad_2]<br \/>\n<br \/><a href=\"https:\/\/www.europapress.es\/economia\/laboral-00346\/noticia-abogado-general-tue-cree-ley-espanola-jubilacion-anticipada-contraria-derecho-europeo-20190711123724.html\">Source link <\/a><\/p>\n","protected":false},"excerpt":{"rendered":"<p>[ad_1] MADRID, 11 Jul. (EUROPA PRESS) &#8211; El Abogado General del Tribunal de Justicia de la Uni\u00f3n Europea (TUE) considera que la ley espa\u00f1ola en lo que respecta a jubilaci\u00f3n anticipada es contraria al derecho europeo por no permitir que se asimilen pensiones de otros Estados miembros para calcular el importe m\u00ednimo necesario que da [&hellip;]<\/p>\n","protected":false},"author":2,"featured_media":6088,"comment_status":"open","ping_status":"open","sticky":false,"template":"","format":"standard","meta":{"footnotes":""},"categories":[1],"tags":[],"class_list":["post-6087","post","type-post","status-publish","format-standard","has-post-thumbnail","hentry","category-noticias-financieras"],"yoast_head":"<!-- This site is optimized with the Yoast SEO plugin v27.4 - https:\/\/yoast.com\/product\/yoast-seo-wordpress\/ -->\n<title>Abogado General del TUE cree que la ley espa\u00f1ola sobre jubilaci\u00f3n anticipada es contraria al derecho europeo - Super News<\/title>\n<meta name=\"robots\" content=\"index, follow, max-snippet:-1, max-image-preview:large, max-video-preview:-1\" \/>\n<link rel=\"canonical\" href=\"https:\/\/super-news.info\/es\/abogado-general-del-tue-cree-que-la-ley-espanola-sobre-jubilacion-anticipada-es-contraria-al-derecho-europeo\/\" \/>\n<meta property=\"og:locale\" content=\"en_US\" \/>\n<meta property=\"og:type\" content=\"article\" \/>\n<meta property=\"og:title\" content=\"Abogado General del TUE cree que la ley espa\u00f1ola sobre jubilaci\u00f3n anticipada es contraria al derecho europeo - Super News\" \/>\n<meta property=\"og:description\" content=\"[ad_1] MADRID, 11 Jul. (EUROPA PRESS) &#8211; El Abogado General del Tribunal de Justicia de la Uni\u00f3n Europea (TUE) considera que la ley espa\u00f1ola en lo que respecta a jubilaci\u00f3n anticipada es contraria al derecho europeo por no permitir que se asimilen pensiones de otros Estados miembros para calcular el importe m\u00ednimo necesario que da [&hellip;]\" \/>\n<meta property=\"og:url\" content=\"https:\/\/super-news.info\/es\/abogado-general-del-tue-cree-que-la-ley-espanola-sobre-jubilacion-anticipada-es-contraria-al-derecho-europeo\/\" \/>\n<meta property=\"og:site_name\" content=\"Super News\" \/>\n<meta property=\"article:published_time\" content=\"2019-07-11T11:44:41+00:00\" \/>\n<meta property=\"article:modified_time\" content=\"2019-07-11T11:44:42+00:00\" \/>\n<meta property=\"og:image\" content=\"https:\/\/super-news.info\/es\/wp-content\/uploads\/sites\/4\/2019\/07\/Abogado-General-del-TUE-cree-que-la-ley-espa\u00f1ola-sobre.jpg\" \/>\n\t<meta property=\"og:image:width\" content=\"120\" \/>\n\t<meta property=\"og:image:height\" content=\"78\" \/>\n\t<meta property=\"og:image:type\" content=\"image\/jpeg\" \/>\n<meta name=\"author\" content=\"super-news\" \/>\n<meta name=\"twitter:card\" content=\"summary_large_image\" \/>\n<meta name=\"twitter:label1\" content=\"Written by\" \/>\n\t<meta name=\"twitter:data1\" content=\"super-news\" \/>\n\t<meta name=\"twitter:label2\" content=\"Est. reading time\" \/>\n\t<meta name=\"twitter:data2\" content=\"5 minutes\" \/>\n<script type=\"application\/ld+json\" class=\"yoast-schema-graph\">{\"@context\":\"https:\\\/\\\/schema.org\",\"@graph\":[{\"@type\":\"Article\",\"@id\":\"https:\\\/\\\/super-news.info\\\/es\\\/abogado-general-del-tue-cree-que-la-ley-espanola-sobre-jubilacion-anticipada-es-contraria-al-derecho-europeo\\\/#article\",\"isPartOf\":{\"@id\":\"https:\\\/\\\/super-news.info\\\/es\\\/abogado-general-del-tue-cree-que-la-ley-espanola-sobre-jubilacion-anticipada-es-contraria-al-derecho-europeo\\\/\"},\"author\":{\"name\":\"super-news\",\"@id\":\"https:\\\/\\\/super-news.info\\\/es\\\/#\\\/schema\\\/person\\\/2d4068cb2f39cd10008c2fce578a7356\"},\"headline\":\"Abogado General del TUE cree que la ley espa\u00f1ola sobre jubilaci\u00f3n anticipada es contraria al derecho europeo\",\"datePublished\":\"2019-07-11T11:44:41+00:00\",\"dateModified\":\"2019-07-11T11:44:42+00:00\",\"mainEntityOfPage\":{\"@id\":\"https:\\\/\\\/super-news.info\\\/es\\\/abogado-general-del-tue-cree-que-la-ley-espanola-sobre-jubilacion-anticipada-es-contraria-al-derecho-europeo\\\/\"},\"wordCount\":1018,\"commentCount\":0,\"image\":{\"@id\":\"https:\\\/\\\/super-news.info\\\/es\\\/abogado-general-del-tue-cree-que-la-ley-espanola-sobre-jubilacion-anticipada-es-contraria-al-derecho-europeo\\\/#primaryimage\"},\"thumbnailUrl\":\"https:\\\/\\\/super-news.info\\\/es\\\/wp-content\\\/uploads\\\/sites\\\/4\\\/2019\\\/07\\\/Abogado-General-del-TUE-cree-que-la-ley-espa\u00f1ola-sobre.jpg\",\"articleSection\":[\"NOTICIAS FINANCIERAS\"],\"inLanguage\":\"en-US\",\"potentialAction\":[{\"@type\":\"CommentAction\",\"name\":\"Comment\",\"target\":[\"https:\\\/\\\/super-news.info\\\/es\\\/abogado-general-del-tue-cree-que-la-ley-espanola-sobre-jubilacion-anticipada-es-contraria-al-derecho-europeo\\\/#respond\"]}]},{\"@type\":\"WebPage\",\"@id\":\"https:\\\/\\\/super-news.info\\\/es\\\/abogado-general-del-tue-cree-que-la-ley-espanola-sobre-jubilacion-anticipada-es-contraria-al-derecho-europeo\\\/\",\"url\":\"https:\\\/\\\/super-news.info\\\/es\\\/abogado-general-del-tue-cree-que-la-ley-espanola-sobre-jubilacion-anticipada-es-contraria-al-derecho-europeo\\\/\",\"name\":\"Abogado General del TUE cree que la ley espa\u00f1ola sobre jubilaci\u00f3n anticipada es contraria al derecho europeo - Super News\",\"isPartOf\":{\"@id\":\"https:\\\/\\\/super-news.info\\\/es\\\/#website\"},\"primaryImageOfPage\":{\"@id\":\"https:\\\/\\\/super-news.info\\\/es\\\/abogado-general-del-tue-cree-que-la-ley-espanola-sobre-jubilacion-anticipada-es-contraria-al-derecho-europeo\\\/#primaryimage\"},\"image\":{\"@id\":\"https:\\\/\\\/super-news.info\\\/es\\\/abogado-general-del-tue-cree-que-la-ley-espanola-sobre-jubilacion-anticipada-es-contraria-al-derecho-europeo\\\/#primaryimage\"},\"thumbnailUrl\":\"https:\\\/\\\/super-news.info\\\/es\\\/wp-content\\\/uploads\\\/sites\\\/4\\\/2019\\\/07\\\/Abogado-General-del-TUE-cree-que-la-ley-espa\u00f1ola-sobre.jpg\",\"datePublished\":\"2019-07-11T11:44:41+00:00\",\"dateModified\":\"2019-07-11T11:44:42+00:00\",\"author\":{\"@id\":\"https:\\\/\\\/super-news.info\\\/es\\\/#\\\/schema\\\/person\\\/2d4068cb2f39cd10008c2fce578a7356\"},\"breadcrumb\":{\"@id\":\"https:\\\/\\\/super-news.info\\\/es\\\/abogado-general-del-tue-cree-que-la-ley-espanola-sobre-jubilacion-anticipada-es-contraria-al-derecho-europeo\\\/#breadcrumb\"},\"inLanguage\":\"en-US\",\"potentialAction\":[{\"@type\":\"ReadAction\",\"target\":[\"https:\\\/\\\/super-news.info\\\/es\\\/abogado-general-del-tue-cree-que-la-ley-espanola-sobre-jubilacion-anticipada-es-contraria-al-derecho-europeo\\\/\"]}]},{\"@type\":\"ImageObject\",\"inLanguage\":\"en-US\",\"@id\":\"https:\\\/\\\/super-news.info\\\/es\\\/abogado-general-del-tue-cree-que-la-ley-espanola-sobre-jubilacion-anticipada-es-contraria-al-derecho-europeo\\\/#primaryimage\",\"url\":\"https:\\\/\\\/super-news.info\\\/es\\\/wp-content\\\/uploads\\\/sites\\\/4\\\/2019\\\/07\\\/Abogado-General-del-TUE-cree-que-la-ley-espa\u00f1ola-sobre.jpg\",\"contentUrl\":\"https:\\\/\\\/super-news.info\\\/es\\\/wp-content\\\/uploads\\\/sites\\\/4\\\/2019\\\/07\\\/Abogado-General-del-TUE-cree-que-la-ley-espa\u00f1ola-sobre.jpg\",\"width\":120,\"height\":78,\"caption\":\"Abogado General del TUE cree que la ley espa\u00f1ola sobre jubilaci\u00f3n anticipada es contraria al derecho europeo\"},{\"@type\":\"BreadcrumbList\",\"@id\":\"https:\\\/\\\/super-news.info\\\/es\\\/abogado-general-del-tue-cree-que-la-ley-espanola-sobre-jubilacion-anticipada-es-contraria-al-derecho-europeo\\\/#breadcrumb\",\"itemListElement\":[{\"@type\":\"ListItem\",\"position\":1,\"name\":\"\u0413\u043b\u0430\u0432\u043d\u0430\u044f \u0441\u0442\u0440\u0430\u043d\u0438\u0446\u0430\",\"item\":\"https:\\\/\\\/super-news.info\\\/es\\\/\"},{\"@type\":\"ListItem\",\"position\":2,\"name\":\"Abogado General del TUE cree que la ley espa\u00f1ola sobre jubilaci\u00f3n anticipada es contraria al derecho europeo\"}]},{\"@type\":\"WebSite\",\"@id\":\"https:\\\/\\\/super-news.info\\\/es\\\/#website\",\"url\":\"https:\\\/\\\/super-news.info\\\/es\\\/\",\"name\":\"Super News\",\"description\":\"Super News Espa\u00f1a\",\"potentialAction\":[{\"@type\":\"SearchAction\",\"target\":{\"@type\":\"EntryPoint\",\"urlTemplate\":\"https:\\\/\\\/super-news.info\\\/es\\\/?s={search_term_string}\"},\"query-input\":{\"@type\":\"PropertyValueSpecification\",\"valueRequired\":true,\"valueName\":\"search_term_string\"}}],\"inLanguage\":\"en-US\"},{\"@type\":\"Person\",\"@id\":\"https:\\\/\\\/super-news.info\\\/es\\\/#\\\/schema\\\/person\\\/2d4068cb2f39cd10008c2fce578a7356\",\"name\":\"super-news\",\"image\":{\"@type\":\"ImageObject\",\"inLanguage\":\"en-US\",\"@id\":\"https:\\\/\\\/secure.gravatar.com\\\/avatar\\\/64ebac40b93f26a154f8a9b5b6fdccfc46f442b26b3dd6756dbff3bf9dc76fd7?s=96&d=mm&r=g\",\"url\":\"https:\\\/\\\/secure.gravatar.com\\\/avatar\\\/64ebac40b93f26a154f8a9b5b6fdccfc46f442b26b3dd6756dbff3bf9dc76fd7?s=96&d=mm&r=g\",\"contentUrl\":\"https:\\\/\\\/secure.gravatar.com\\\/avatar\\\/64ebac40b93f26a154f8a9b5b6fdccfc46f442b26b3dd6756dbff3bf9dc76fd7?s=96&d=mm&r=g\",\"caption\":\"super-news\"},\"url\":\"https:\\\/\\\/super-news.info\\\/es\\\/author\\\/pt\\\/\"}]}<\/script>\n<!-- \/ Yoast SEO plugin. -->","yoast_head_json":{"title":"Abogado General del TUE cree que la ley espa\u00f1ola sobre jubilaci\u00f3n anticipada es contraria al derecho europeo - Super News","robots":{"index":"index","follow":"follow","max-snippet":"max-snippet:-1","max-image-preview":"max-image-preview:large","max-video-preview":"max-video-preview:-1"},"canonical":"https:\/\/super-news.info\/es\/abogado-general-del-tue-cree-que-la-ley-espanola-sobre-jubilacion-anticipada-es-contraria-al-derecho-europeo\/","og_locale":"en_US","og_type":"article","og_title":"Abogado General del TUE cree que la ley espa\u00f1ola sobre jubilaci\u00f3n anticipada es contraria al derecho europeo - Super News","og_description":"[ad_1] MADRID, 11 Jul. (EUROPA PRESS) &#8211; El Abogado General del Tribunal de Justicia de la Uni\u00f3n Europea (TUE) considera que la ley espa\u00f1ola en lo que respecta a jubilaci\u00f3n anticipada es contraria al derecho europeo por no permitir que se asimilen pensiones de otros Estados miembros para calcular el importe m\u00ednimo necesario que da [&hellip;]","og_url":"https:\/\/super-news.info\/es\/abogado-general-del-tue-cree-que-la-ley-espanola-sobre-jubilacion-anticipada-es-contraria-al-derecho-europeo\/","og_site_name":"Super News","article_published_time":"2019-07-11T11:44:41+00:00","article_modified_time":"2019-07-11T11:44:42+00:00","og_image":[{"width":120,"height":78,"url":"https:\/\/super-news.info\/es\/wp-content\/uploads\/sites\/4\/2019\/07\/Abogado-General-del-TUE-cree-que-la-ley-espa\u00f1ola-sobre.jpg","type":"image\/jpeg"}],"author":"super-news","twitter_card":"summary_large_image","twitter_misc":{"Written by":"super-news","Est. reading time":"5 minutes"},"schema":{"@context":"https:\/\/schema.org","@graph":[{"@type":"Article","@id":"https:\/\/super-news.info\/es\/abogado-general-del-tue-cree-que-la-ley-espanola-sobre-jubilacion-anticipada-es-contraria-al-derecho-europeo\/#article","isPartOf":{"@id":"https:\/\/super-news.info\/es\/abogado-general-del-tue-cree-que-la-ley-espanola-sobre-jubilacion-anticipada-es-contraria-al-derecho-europeo\/"},"author":{"name":"super-news","@id":"https:\/\/super-news.info\/es\/#\/schema\/person\/2d4068cb2f39cd10008c2fce578a7356"},"headline":"Abogado General del TUE cree que la ley espa\u00f1ola sobre jubilaci\u00f3n anticipada es contraria al derecho europeo","datePublished":"2019-07-11T11:44:41+00:00","dateModified":"2019-07-11T11:44:42+00:00","mainEntityOfPage":{"@id":"https:\/\/super-news.info\/es\/abogado-general-del-tue-cree-que-la-ley-espanola-sobre-jubilacion-anticipada-es-contraria-al-derecho-europeo\/"},"wordCount":1018,"commentCount":0,"image":{"@id":"https:\/\/super-news.info\/es\/abogado-general-del-tue-cree-que-la-ley-espanola-sobre-jubilacion-anticipada-es-contraria-al-derecho-europeo\/#primaryimage"},"thumbnailUrl":"https:\/\/super-news.info\/es\/wp-content\/uploads\/sites\/4\/2019\/07\/Abogado-General-del-TUE-cree-que-la-ley-espa\u00f1ola-sobre.jpg","articleSection":["NOTICIAS FINANCIERAS"],"inLanguage":"en-US","potentialAction":[{"@type":"CommentAction","name":"Comment","target":["https:\/\/super-news.info\/es\/abogado-general-del-tue-cree-que-la-ley-espanola-sobre-jubilacion-anticipada-es-contraria-al-derecho-europeo\/#respond"]}]},{"@type":"WebPage","@id":"https:\/\/super-news.info\/es\/abogado-general-del-tue-cree-que-la-ley-espanola-sobre-jubilacion-anticipada-es-contraria-al-derecho-europeo\/","url":"https:\/\/super-news.info\/es\/abogado-general-del-tue-cree-que-la-ley-espanola-sobre-jubilacion-anticipada-es-contraria-al-derecho-europeo\/","name":"Abogado General del TUE cree que la ley espa\u00f1ola sobre jubilaci\u00f3n anticipada es contraria al derecho europeo - Super News","isPartOf":{"@id":"https:\/\/super-news.info\/es\/#website"},"primaryImageOfPage":{"@id":"https:\/\/super-news.info\/es\/abogado-general-del-tue-cree-que-la-ley-espanola-sobre-jubilacion-anticipada-es-contraria-al-derecho-europeo\/#primaryimage"},"image":{"@id":"https:\/\/super-news.info\/es\/abogado-general-del-tue-cree-que-la-ley-espanola-sobre-jubilacion-anticipada-es-contraria-al-derecho-europeo\/#primaryimage"},"thumbnailUrl":"https:\/\/super-news.info\/es\/wp-content\/uploads\/sites\/4\/2019\/07\/Abogado-General-del-TUE-cree-que-la-ley-espa\u00f1ola-sobre.jpg","datePublished":"2019-07-11T11:44:41+00:00","dateModified":"2019-07-11T11:44:42+00:00","author":{"@id":"https:\/\/super-news.info\/es\/#\/schema\/person\/2d4068cb2f39cd10008c2fce578a7356"},"breadcrumb":{"@id":"https:\/\/super-news.info\/es\/abogado-general-del-tue-cree-que-la-ley-espanola-sobre-jubilacion-anticipada-es-contraria-al-derecho-europeo\/#breadcrumb"},"inLanguage":"en-US","potentialAction":[{"@type":"ReadAction","target":["https:\/\/super-news.info\/es\/abogado-general-del-tue-cree-que-la-ley-espanola-sobre-jubilacion-anticipada-es-contraria-al-derecho-europeo\/"]}]},{"@type":"ImageObject","inLanguage":"en-US","@id":"https:\/\/super-news.info\/es\/abogado-general-del-tue-cree-que-la-ley-espanola-sobre-jubilacion-anticipada-es-contraria-al-derecho-europeo\/#primaryimage","url":"https:\/\/super-news.info\/es\/wp-content\/uploads\/sites\/4\/2019\/07\/Abogado-General-del-TUE-cree-que-la-ley-espa\u00f1ola-sobre.jpg","contentUrl":"https:\/\/super-news.info\/es\/wp-content\/uploads\/sites\/4\/2019\/07\/Abogado-General-del-TUE-cree-que-la-ley-espa\u00f1ola-sobre.jpg","width":120,"height":78,"caption":"Abogado General del TUE cree que la ley espa\u00f1ola sobre jubilaci\u00f3n anticipada es contraria al derecho europeo"},{"@type":"BreadcrumbList","@id":"https:\/\/super-news.info\/es\/abogado-general-del-tue-cree-que-la-ley-espanola-sobre-jubilacion-anticipada-es-contraria-al-derecho-europeo\/#breadcrumb","itemListElement":[{"@type":"ListItem","position":1,"name":"\u0413\u043b\u0430\u0432\u043d\u0430\u044f \u0441\u0442\u0440\u0430\u043d\u0438\u0446\u0430","item":"https:\/\/super-news.info\/es\/"},{"@type":"ListItem","position":2,"name":"Abogado General del TUE cree que la ley espa\u00f1ola sobre jubilaci\u00f3n anticipada es contraria al derecho europeo"}]},{"@type":"WebSite","@id":"https:\/\/super-news.info\/es\/#website","url":"https:\/\/super-news.info\/es\/","name":"Super News","description":"Super News Espa\u00f1a","potentialAction":[{"@type":"SearchAction","target":{"@type":"EntryPoint","urlTemplate":"https:\/\/super-news.info\/es\/?s={search_term_string}"},"query-input":{"@type":"PropertyValueSpecification","valueRequired":true,"valueName":"search_term_string"}}],"inLanguage":"en-US"},{"@type":"Person","@id":"https:\/\/super-news.info\/es\/#\/schema\/person\/2d4068cb2f39cd10008c2fce578a7356","name":"super-news","image":{"@type":"ImageObject","inLanguage":"en-US","@id":"https:\/\/secure.gravatar.com\/avatar\/64ebac40b93f26a154f8a9b5b6fdccfc46f442b26b3dd6756dbff3bf9dc76fd7?s=96&d=mm&r=g","url":"https:\/\/secure.gravatar.com\/avatar\/64ebac40b93f26a154f8a9b5b6fdccfc46f442b26b3dd6756dbff3bf9dc76fd7?s=96&d=mm&r=g","contentUrl":"https:\/\/secure.gravatar.com\/avatar\/64ebac40b93f26a154f8a9b5b6fdccfc46f442b26b3dd6756dbff3bf9dc76fd7?s=96&d=mm&r=g","caption":"super-news"},"url":"https:\/\/super-news.info\/es\/author\/pt\/"}]}},"_links":{"self":[{"href":"https:\/\/super-news.info\/es\/wp-json\/wp\/v2\/posts\/6087","targetHints":{"allow":["GET"]}}],"collection":[{"href":"https:\/\/super-news.info\/es\/wp-json\/wp\/v2\/posts"}],"about":[{"href":"https:\/\/super-news.info\/es\/wp-json\/wp\/v2\/types\/post"}],"author":[{"embeddable":true,"href":"https:\/\/super-news.info\/es\/wp-json\/wp\/v2\/users\/2"}],"replies":[{"embeddable":true,"href":"https:\/\/super-news.info\/es\/wp-json\/wp\/v2\/comments?post=6087"}],"version-history":[{"count":1,"href":"https:\/\/super-news.info\/es\/wp-json\/wp\/v2\/posts\/6087\/revisions"}],"predecessor-version":[{"id":6089,"href":"https:\/\/super-news.info\/es\/wp-json\/wp\/v2\/posts\/6087\/revisions\/6089"}],"wp:featuredmedia":[{"embeddable":true,"href":"https:\/\/super-news.info\/es\/wp-json\/wp\/v2\/media\/6088"}],"wp:attachment":[{"href":"https:\/\/super-news.info\/es\/wp-json\/wp\/v2\/media?parent=6087"}],"wp:term":[{"taxonomy":"category","embeddable":true,"href":"https:\/\/super-news.info\/es\/wp-json\/wp\/v2\/categories?post=6087"},{"taxonomy":"post_tag","embeddable":true,"href":"https:\/\/super-news.info\/es\/wp-json\/wp\/v2\/tags?post=6087"}],"curies":[{"name":"wp","href":"https:\/\/api.w.org\/{rel}","templated":true}]}}